{"id":940,"date":"2015-09-02T13:32:31","date_gmt":"2015-09-02T16:32:31","guid":{"rendered":"https:\/\/blog.prodoctor.net\/?p=940"},"modified":"2021-06-02T15:10:46","modified_gmt":"2021-06-02T18:10:46","slug":"cartao-sus-ganha-versao-digital","status":"publish","type":"post","link":"https:\/\/prodoctor.net\/blog\/cartao-sus-ganha-versao-digital\/","title":{"rendered":"Cart\u00e3o SUS ganha vers\u00e3o digital"},"content":{"rendered":"<p>Lan\u00e7ado recentemente pelo <strong>Minist\u00e9rio da Sa\u00fade<\/strong>, a <strong>vers\u00e3o digital do Cart\u00e3o do SUS<\/strong> (Sistema \u00danico de Sa\u00fade) possibilitar\u00e1 que usu\u00e1rios de todo o Brasil tenham <strong>maior comodidade no atendimento<\/strong> de suas necessidades m\u00e9dicas ao <strong>acessar seu Cart\u00e3o Nacional de Sa\u00fade pelo smartphone ou tablet<\/strong>. Identidade do cidad\u00e3o no Sistema, o novo cart\u00e3o ser\u00e1 utilizado atrav\u00e9s de um <strong>aplicativo para celular<\/strong> ainda em sua vers\u00e3o beta, <strong>dispon\u00edvel apenas para o sistema <a href=\"https:\/\/play.google.com\/store\/apps\/details?id=br.gov.datasus.cnsdigital\" target=\"_blank\" rel=\"noopener\">Android<\/a><\/strong>. A <strong>partir de novembro<\/strong> pr\u00f3ximo, o novo Cart\u00e3o <strong>ganhar\u00e1 a vers\u00e3o iOS<\/strong>, da Apple, sendo disponibilizado na Apple Store. Futuramente, a inten\u00e7\u00e3o \u00e9 de que sejam <strong>ampliados os servi\u00e7os da ferramenta<\/strong>, de maneira que o software indique, por exemplo, <strong>o servi\u00e7o de sa\u00fade mais pr\u00f3ximo<\/strong> e tamb\u00e9m permita <strong>compartilhar informa\u00e7\u00f5es entre pacientes e m\u00e9dicos<\/strong>.<\/p>\n<p>Para utilizar o modelo digital, o usu\u00e1rio deve <strong>baixar o aplicativo<\/strong>, <strong>cadastrando-se com o n\u00famero do cart\u00e3o SUS e do CPF, al\u00e9m da data de nascimento, endere\u00e7o e e-mail<\/strong>. De posse do novo Cart\u00e3o do SUS, os pacientes ter\u00e3o <strong>acesso a informa\u00e7\u00f5es de resultados de exames simples,<\/strong> poder\u00e3o <strong>cadastrar alergias<\/strong>, <strong>atualizar dados<\/strong> como o uso de medicamentos cont\u00ednuos, peso e altura, calcular a massa corp\u00f3rea e acompanhar de maneira mais f\u00e1cil e atrav\u00e9s de gr\u00e1ficos os resultados das \u00faltimas medi\u00e7\u00f5es de press\u00e3o e da taxa de glicose no sangue. Al\u00e9m disso, o programa permite que fa\u00e7am o <strong>cadastramento de seus contatos pessoais e de telefones de emerg\u00eancia<\/strong> e ainda o tipo sangu\u00edneo e checar se a pessoa \u00e9 doadora de \u00f3rg\u00e3os.<\/p>\n<p>Segundo o <strong>Minist\u00e9rio da Sa\u00fade<\/strong>, o <strong>Cart\u00e3o SUS<\/strong> tem como objetivo <strong>possibilitar a identifica\u00e7\u00e3o \u00fanica de seus usu\u00e1rios<\/strong> em uma esp\u00e9cie de <strong>prontu\u00e1rio eletr\u00f4nico<\/strong>, possibilitando reunir em um s\u00f3 lugar <strong>todas as passagens do paciente pela rede p\u00fablica<\/strong>, que deve prestar atendimento \u00e0 popula\u00e7\u00e3o, independentemente da apresenta\u00e7\u00e3o do cart\u00e3o. Caso o paciente n\u00e3o tenha um n\u00famero de Cart\u00e3o SUS, o registro pode ser feito no momento do atendimento.<\/p>\n<h3>Detalhes do Cart\u00e3o SUS<\/h3>\n<p>* Seja na vers\u00e3o f\u00edsica ou digital, o <strong>Cart\u00e3o SUS facilita o acesso aos servi\u00e7os de sa\u00fade<\/strong> no Brasil, com a r\u00e1pida localiza\u00e7\u00e3o dos dados pessoais e hist\u00f3rico cl\u00ednico do paciente no momento em que busca atendimento. Pode ser acessado em segundos, <strong>bastando baixar o aplicativo no smartphone ou tablet.<\/strong> Ao realizar um r\u00e1pido cadastro, o sistema localizar\u00e1 o cart\u00e3o.<\/p>\n<p>* <strong>Envie seus resultados de exames para sua equipe de sa\u00fade<\/strong>. Na aba \u201cMeus exames\u201d do programa, o paciente dever\u00e1 informar os resultados de exames de <strong>Press\u00e3o Arterial e Glicose<\/strong>. Via celular ou tablet, sua equipe de sa\u00fade poder\u00e1 acompanhar os resultados.<\/p>\n<p>* As informa\u00e7\u00f5es conectadas permitem <strong>melhorar o atendimento no SUS<\/strong>. No software, o paciente poder\u00e1 cadastrar suas alergias, medicamentos que faz uso e seus contatos para qualquer emerg\u00eancia. Tais informa\u00e7\u00f5es s\u00e3o importantes e ser\u00e3o sincronizadas com o <strong>e-SUS<\/strong> e outros <strong>prontu\u00e1rios eletr\u00f4nicos<\/strong>, podendo ser bastante \u00fatil para sua equipe de sa\u00fade no momento do atendimento agendado ou de urg\u00eancia.<\/p>\n<p>* O Minist\u00e9rio da Sa\u00fade recomenda: <em>\u201cGire o smartphone e seu Cart\u00e3o SUS est\u00e1 na m\u00e3o. Quando for a um servi\u00e7o de sa\u00fade, gire seu telefone e l\u00e1 estar\u00e1 a imagem do seu cart\u00e3o SUS igualzinha ao cart\u00e3o f\u00edsico. Lembre-se de levar um documento com foto\u201d<\/em>.<\/p>\n","protected":false},"excerpt":{"rendered":"<p>Lan\u00e7ado recentemente pelo Minist\u00e9rio da Sa\u00fade, a vers\u00e3o digital do Cart\u00e3o do SUS (Sistema \u00danico de Sa\u00fade) possibilitar\u00e1 que&#8230;<\/p>\n","protected":false},"author":1,"featured_media":942,"comment_status":"closed","ping_status":"open","sticky":false,"template":"","format":"standard","meta":{"_kad_blocks_custom_css":"","_kad_blocks_head_custom_js":"","_kad_blocks_body_custom_js":"","_kad_blocks_footer_custom_js":"","_kadence_starter_templates_imported_post":false,"_kad_post_transparent":"","_kad_post_title":"","_kad_post_layout":"","_kad_post_sidebar_id":"","_kad_post_content_style":"","_kad_post_vertical_padding":"","_kad_post_feature":"","_kad_post_feature_position":"","_kad_post_header":false,"_kad_post_footer":false,"footnotes":""},"categories":[408,414],"tags":[],"class_list":["post-940","post","type-post","status-publish","format-standard","has-post-thumbnail","hentry","category-aplicativos-para-medicos-e-pacientes","category-tecnologia-medicina"],"yoast_head":"<!-- This site is optimized with the Yoast SEO plugin v27.0 - https:\/\/yoast.com\/product\/yoast-seo-wordpress\/ -->\n<title>Cart\u00e3o SUS ganha vers\u00e3o digital - ProDoctor Software<\/title>\n<meta name=\"description\" content=\"Lan\u00e7ado recentemente, a vers\u00e3o digital do Cart\u00e3o do SUS possibilitar\u00e1 que usu\u00e1rios tenham maior comodidade no atendimento de suas necessidades m\u00e9dicas.\" \/>\n<meta name=\"robots\" content=\"index, follow, max-snippet:-1, max-image-preview:large, max-video-preview:-1\" \/>\n<link rel=\"canonical\" href=\"https:\/\/prodoctor.net\/blog\/cartao-sus-ganha-versao-digital\/\" \/>\n<meta property=\"og:locale\" content=\"pt_BR\" \/>\n<meta property=\"og:type\" content=\"article\" \/>\n<meta property=\"og:title\" content=\"Cart\u00e3o SUS ganha vers\u00e3o digital - ProDoctor Software\" \/>\n<meta property=\"og:description\" content=\"Lan\u00e7ado recentemente, a vers\u00e3o digital do Cart\u00e3o do SUS possibilitar\u00e1 que usu\u00e1rios tenham maior comodidade no atendimento de suas necessidades m\u00e9dicas.\" \/>\n<meta property=\"og:url\" content=\"https:\/\/prodoctor.net\/blog\/cartao-sus-ganha-versao-digital\/\" \/>\n<meta property=\"og:site_name\" content=\"Blog ProDoctor\" \/>\n<meta property=\"article:publisher\" content=\"https:\/\/www.facebook.com\/prodoctorsoftware\" \/>\n<meta property=\"article:published_time\" content=\"2015-09-02T16:32:31+00:00\" \/>\n<meta property=\"article:modified_time\" content=\"2021-06-02T18:10:46+00:00\" \/>\n<meta property=\"og:image\" content=\"https:\/\/prodoctor.net\/blog\/wp-content\/uploads\/2015\/09\/aplicativo-cartao-sus.jpg\" \/>\n\t<meta property=\"og:image:width\" content=\"750\" \/>\n\t<meta property=\"og:image:height\" content=\"400\" \/>\n\t<meta property=\"og:image:type\" content=\"image\/jpeg\" \/>\n<meta name=\"author\" content=\"ProDoctor Software\" \/>\n<meta name=\"twitter:card\" content=\"summary_large_image\" \/>\n<meta name=\"twitter:creator\" content=\"@prodoctorsoft\" \/>\n<meta name=\"twitter:site\" content=\"@prodoctorsoft\" \/>\n<meta name=\"twitter:label1\" content=\"Escrito por\" \/>\n\t<meta name=\"twitter:data1\" content=\"ProDoctor Software\" \/>\n\t<meta name=\"twitter:label2\" content=\"Est. tempo de leitura\" \/>\n\t<meta name=\"twitter:data2\" content=\"3 minutos\" \/>\n<script type=\"application\/ld+json\" class=\"yoast-schema-graph\">{\"@context\":\"https:\/\/schema.org\",\"@graph\":[{\"@type\":\"Article\",\"@id\":\"https:\/\/prodoctor.net\/blog\/cartao-sus-ganha-versao-digital\/#article\",\"isPartOf\":{\"@id\":\"https:\/\/prodoctor.net\/blog\/cartao-sus-ganha-versao-digital\/\"},\"author\":{\"name\":\"ProDoctor Software\",\"@id\":\"https:\/\/prodoctor.net\/blog\/#\/schema\/person\/8878914b17cd360e7ec0ddee1ed8c544\"},\"headline\":\"Cart\u00e3o SUS ganha vers\u00e3o digital\",\"datePublished\":\"2015-09-02T16:32:31+00:00\",\"dateModified\":\"2021-06-02T18:10:46+00:00\",\"mainEntityOfPage\":{\"@id\":\"https:\/\/prodoctor.net\/blog\/cartao-sus-ganha-versao-digital\/\"},\"wordCount\":620,\"publisher\":{\"@id\":\"https:\/\/prodoctor.net\/blog\/#organization\"},\"image\":{\"@id\":\"https:\/\/prodoctor.net\/blog\/cartao-sus-ganha-versao-digital\/#primaryimage\"},\"thumbnailUrl\":\"https:\/\/prodoctor.net\/blog\/wp-content\/uploads\/2015\/09\/aplicativo-cartao-sus.jpg\",\"articleSection\":[\"Aplicativos para m\u00e9dicos e pacientes\",\"Tecnologia na Medicina\"],\"inLanguage\":\"pt-BR\"},{\"@type\":\"WebPage\",\"@id\":\"https:\/\/prodoctor.net\/blog\/cartao-sus-ganha-versao-digital\/\",\"url\":\"https:\/\/prodoctor.net\/blog\/cartao-sus-ganha-versao-digital\/\",\"name\":\"Cart\u00e3o SUS ganha vers\u00e3o digital - ProDoctor Software\",\"isPartOf\":{\"@id\":\"https:\/\/prodoctor.net\/blog\/#website\"},\"primaryImageOfPage\":{\"@id\":\"https:\/\/prodoctor.net\/blog\/cartao-sus-ganha-versao-digital\/#primaryimage\"},\"image\":{\"@id\":\"https:\/\/prodoctor.net\/blog\/cartao-sus-ganha-versao-digital\/#primaryimage\"},\"thumbnailUrl\":\"https:\/\/prodoctor.net\/blog\/wp-content\/uploads\/2015\/09\/aplicativo-cartao-sus.jpg\",\"datePublished\":\"2015-09-02T16:32:31+00:00\",\"dateModified\":\"2021-06-02T18:10:46+00:00\",\"description\":\"Lan\u00e7ado recentemente, a vers\u00e3o digital do Cart\u00e3o do SUS possibilitar\u00e1 que usu\u00e1rios tenham maior comodidade no atendimento de suas necessidades m\u00e9dicas.\",\"breadcrumb\":{\"@id\":\"https:\/\/prodoctor.net\/blog\/cartao-sus-ganha-versao-digital\/#breadcrumb\"},\"inLanguage\":\"pt-BR\",\"potentialAction\":[{\"@type\":\"ReadAction\",\"target\":[\"https:\/\/prodoctor.net\/blog\/cartao-sus-ganha-versao-digital\/\"]}]},{\"@type\":\"ImageObject\",\"inLanguage\":\"pt-BR\",\"@id\":\"https:\/\/prodoctor.net\/blog\/cartao-sus-ganha-versao-digital\/#primaryimage\",\"url\":\"https:\/\/prodoctor.net\/blog\/wp-content\/uploads\/2015\/09\/aplicativo-cartao-sus.jpg\",\"contentUrl\":\"https:\/\/prodoctor.net\/blog\/wp-content\/uploads\/2015\/09\/aplicativo-cartao-sus.jpg\",\"width\":750,\"height\":400},{\"@type\":\"BreadcrumbList\",\"@id\":\"https:\/\/prodoctor.net\/blog\/cartao-sus-ganha-versao-digital\/#breadcrumb\",\"itemListElement\":[{\"@type\":\"ListItem\",\"position\":1,\"name\":\"In\u00edcio\",\"item\":\"https:\/\/prodoctor.net\/blog\/\"},{\"@type\":\"ListItem\",\"position\":2,\"name\":\"Cart\u00e3o SUS ganha vers\u00e3o digital\"}]},{\"@type\":\"WebSite\",\"@id\":\"https:\/\/prodoctor.net\/blog\/#website\",\"url\":\"https:\/\/prodoctor.net\/blog\/\",\"name\":\"Blog ProDoctor\",\"description\":\"Tudo sobre o mundo da Sa\u00fade\",\"publisher\":{\"@id\":\"https:\/\/prodoctor.net\/blog\/#organization\"},\"potentialAction\":[{\"@type\":\"SearchAction\",\"target\":{\"@type\":\"EntryPoint\",\"urlTemplate\":\"https:\/\/prodoctor.net\/blog\/?s={search_term_string}\"},\"query-input\":{\"@type\":\"PropertyValueSpecification\",\"valueRequired\":true,\"valueName\":\"search_term_string\"}}],\"inLanguage\":\"pt-BR\"},{\"@type\":\"Organization\",\"@id\":\"https:\/\/prodoctor.net\/blog\/#organization\",\"name\":\"ProDoctor Software S\/A\",\"url\":\"https:\/\/prodoctor.net\/blog\/\",\"logo\":{\"@type\":\"ImageObject\",\"inLanguage\":\"pt-BR\",\"@id\":\"https:\/\/prodoctor.net\/blog\/#\/schema\/logo\/image\/\",\"url\":\"https:\/\/prodoctor.net\/blog\/wp-content\/uploads\/2017\/01\/Logo_PDo_Lateral.png\",\"contentUrl\":\"https:\/\/prodoctor.net\/blog\/wp-content\/uploads\/2017\/01\/Logo_PDo_Lateral.png\",\"width\":2014,\"height\":485,\"caption\":\"ProDoctor Software S\/A\"},\"image\":{\"@id\":\"https:\/\/prodoctor.net\/blog\/#\/schema\/logo\/image\/\"},\"sameAs\":[\"https:\/\/www.facebook.com\/prodoctorsoftware\",\"https:\/\/x.com\/prodoctorsoft\",\"https:\/\/www.instagram.com\/prodoctorsoftware\/\",\"https:\/\/www.linkedin.com\/company\/prodoctor-software-ltda\",\"https:\/\/www.youtube.com\/channel\/UCIWuDLsVtIpX-PEqQn1pNlw\"]},{\"@type\":\"Person\",\"@id\":\"https:\/\/prodoctor.net\/blog\/#\/schema\/person\/8878914b17cd360e7ec0ddee1ed8c544\",\"name\":\"ProDoctor Software\",\"image\":{\"@type\":\"ImageObject\",\"inLanguage\":\"pt-BR\",\"@id\":\"https:\/\/prodoctor.net\/blog\/#\/schema\/person\/image\/\",\"url\":\"https:\/\/secure.gravatar.com\/avatar\/a67bdb10f2e6695f7ae356a84deeaf10b545567f0ac054e9bfe8ec56e86317ec?s=96&d=mm&r=g\",\"contentUrl\":\"https:\/\/secure.gravatar.com\/avatar\/a67bdb10f2e6695f7ae356a84deeaf10b545567f0ac054e9bfe8ec56e86317ec?s=96&d=mm&r=g\",\"caption\":\"ProDoctor Software\"},\"sameAs\":[\"http:\/\/prodoctor.net\",\"https:\/\/x.com\/prodoctorsoft\"]}]}<\/script>\n<!-- \/ Yoast SEO plugin. -->","yoast_head_json":{"title":"Cart\u00e3o SUS ganha vers\u00e3o digital - ProDoctor Software","description":"Lan\u00e7ado recentemente, a vers\u00e3o digital do Cart\u00e3o do SUS possibilitar\u00e1 que usu\u00e1rios tenham maior comodidade no atendimento de suas necessidades m\u00e9dicas.","robots":{"index":"index","follow":"follow","max-snippet":"max-snippet:-1","max-image-preview":"max-image-preview:large","max-video-preview":"max-video-preview:-1"},"canonical":"https:\/\/prodoctor.net\/blog\/cartao-sus-ganha-versao-digital\/","og_locale":"pt_BR","og_type":"article","og_title":"Cart\u00e3o SUS ganha vers\u00e3o digital - ProDoctor Software","og_description":"Lan\u00e7ado recentemente, a vers\u00e3o digital do Cart\u00e3o do SUS possibilitar\u00e1 que usu\u00e1rios tenham maior comodidade no atendimento de suas necessidades m\u00e9dicas.","og_url":"https:\/\/prodoctor.net\/blog\/cartao-sus-ganha-versao-digital\/","og_site_name":"Blog ProDoctor","article_publisher":"https:\/\/www.facebook.com\/prodoctorsoftware","article_published_time":"2015-09-02T16:32:31+00:00","article_modified_time":"2021-06-02T18:10:46+00:00","og_image":[{"width":750,"height":400,"url":"https:\/\/prodoctor.net\/blog\/wp-content\/uploads\/2015\/09\/aplicativo-cartao-sus.jpg","type":"image\/jpeg"}],"author":"ProDoctor Software","twitter_card":"summary_large_image","twitter_creator":"@prodoctorsoft","twitter_site":"@prodoctorsoft","twitter_misc":{"Escrito por":"ProDoctor Software","Est. tempo de leitura":"3 minutos"},"schema":{"@context":"https:\/\/schema.org","@graph":[{"@type":"Article","@id":"https:\/\/prodoctor.net\/blog\/cartao-sus-ganha-versao-digital\/#article","isPartOf":{"@id":"https:\/\/prodoctor.net\/blog\/cartao-sus-ganha-versao-digital\/"},"author":{"name":"ProDoctor Software","@id":"https:\/\/prodoctor.net\/blog\/#\/schema\/person\/8878914b17cd360e7ec0ddee1ed8c544"},"headline":"Cart\u00e3o SUS ganha vers\u00e3o digital","datePublished":"2015-09-02T16:32:31+00:00","dateModified":"2021-06-02T18:10:46+00:00","mainEntityOfPage":{"@id":"https:\/\/prodoctor.net\/blog\/cartao-sus-ganha-versao-digital\/"},"wordCount":620,"publisher":{"@id":"https:\/\/prodoctor.net\/blog\/#organization"},"image":{"@id":"https:\/\/prodoctor.net\/blog\/cartao-sus-ganha-versao-digital\/#primaryimage"},"thumbnailUrl":"https:\/\/prodoctor.net\/blog\/wp-content\/uploads\/2015\/09\/aplicativo-cartao-sus.jpg","articleSection":["Aplicativos para m\u00e9dicos e pacientes","Tecnologia na Medicina"],"inLanguage":"pt-BR"},{"@type":"WebPage","@id":"https:\/\/prodoctor.net\/blog\/cartao-sus-ganha-versao-digital\/","url":"https:\/\/prodoctor.net\/blog\/cartao-sus-ganha-versao-digital\/","name":"Cart\u00e3o SUS ganha vers\u00e3o digital - ProDoctor Software","isPartOf":{"@id":"https:\/\/prodoctor.net\/blog\/#website"},"primaryImageOfPage":{"@id":"https:\/\/prodoctor.net\/blog\/cartao-sus-ganha-versao-digital\/#primaryimage"},"image":{"@id":"https:\/\/prodoctor.net\/blog\/cartao-sus-ganha-versao-digital\/#primaryimage"},"thumbnailUrl":"https:\/\/prodoctor.net\/blog\/wp-content\/uploads\/2015\/09\/aplicativo-cartao-sus.jpg","datePublished":"2015-09-02T16:32:31+00:00","dateModified":"2021-06-02T18:10:46+00:00","description":"Lan\u00e7ado recentemente, a vers\u00e3o digital do Cart\u00e3o do SUS possibilitar\u00e1 que usu\u00e1rios tenham maior comodidade no atendimento de suas necessidades m\u00e9dicas.","breadcrumb":{"@id":"https:\/\/prodoctor.net\/blog\/cartao-sus-ganha-versao-digital\/#breadcrumb"},"inLanguage":"pt-BR","potentialAction":[{"@type":"ReadAction","target":["https:\/\/prodoctor.net\/blog\/cartao-sus-ganha-versao-digital\/"]}]},{"@type":"ImageObject","inLanguage":"pt-BR","@id":"https:\/\/prodoctor.net\/blog\/cartao-sus-ganha-versao-digital\/#primaryimage","url":"https:\/\/prodoctor.net\/blog\/wp-content\/uploads\/2015\/09\/aplicativo-cartao-sus.jpg","contentUrl":"https:\/\/prodoctor.net\/blog\/wp-content\/uploads\/2015\/09\/aplicativo-cartao-sus.jpg","width":750,"height":400},{"@type":"BreadcrumbList","@id":"https:\/\/prodoctor.net\/blog\/cartao-sus-ganha-versao-digital\/#breadcrumb","itemListElement":[{"@type":"ListItem","position":1,"name":"In\u00edcio","item":"https:\/\/prodoctor.net\/blog\/"},{"@type":"ListItem","position":2,"name":"Cart\u00e3o SUS ganha vers\u00e3o digital"}]},{"@type":"WebSite","@id":"https:\/\/prodoctor.net\/blog\/#website","url":"https:\/\/prodoctor.net\/blog\/","name":"Blog ProDoctor","description":"Tudo sobre o mundo da Sa\u00fade","publisher":{"@id":"https:\/\/prodoctor.net\/blog\/#organization"},"potentialAction":[{"@type":"SearchAction","target":{"@type":"EntryPoint","urlTemplate":"https:\/\/prodoctor.net\/blog\/?s={search_term_string}"},"query-input":{"@type":"PropertyValueSpecification","valueRequired":true,"valueName":"search_term_string"}}],"inLanguage":"pt-BR"},{"@type":"Organization","@id":"https:\/\/prodoctor.net\/blog\/#organization","name":"ProDoctor Software S\/A","url":"https:\/\/prodoctor.net\/blog\/","logo":{"@type":"ImageObject","inLanguage":"pt-BR","@id":"https:\/\/prodoctor.net\/blog\/#\/schema\/logo\/image\/","url":"https:\/\/prodoctor.net\/blog\/wp-content\/uploads\/2017\/01\/Logo_PDo_Lateral.png","contentUrl":"https:\/\/prodoctor.net\/blog\/wp-content\/uploads\/2017\/01\/Logo_PDo_Lateral.png","width":2014,"height":485,"caption":"ProDoctor Software S\/A"},"image":{"@id":"https:\/\/prodoctor.net\/blog\/#\/schema\/logo\/image\/"},"sameAs":["https:\/\/www.facebook.com\/prodoctorsoftware","https:\/\/x.com\/prodoctorsoft","https:\/\/www.instagram.com\/prodoctorsoftware\/","https:\/\/www.linkedin.com\/company\/prodoctor-software-ltda","https:\/\/www.youtube.com\/channel\/UCIWuDLsVtIpX-PEqQn1pNlw"]},{"@type":"Person","@id":"https:\/\/prodoctor.net\/blog\/#\/schema\/person\/8878914b17cd360e7ec0ddee1ed8c544","name":"ProDoctor Software","image":{"@type":"ImageObject","inLanguage":"pt-BR","@id":"https:\/\/prodoctor.net\/blog\/#\/schema\/person\/image\/","url":"https:\/\/secure.gravatar.com\/avatar\/a67bdb10f2e6695f7ae356a84deeaf10b545567f0ac054e9bfe8ec56e86317ec?s=96&d=mm&r=g","contentUrl":"https:\/\/secure.gravatar.com\/avatar\/a67bdb10f2e6695f7ae356a84deeaf10b545567f0ac054e9bfe8ec56e86317ec?s=96&d=mm&r=g","caption":"ProDoctor Software"},"sameAs":["http:\/\/prodoctor.net","https:\/\/x.com\/prodoctorsoft"]}]}},"taxonomy_info":{"category":[{"value":408,"label":"Aplicativos para m\u00e9dicos e pacientes"},{"value":414,"label":"Tecnologia na Medicina"}]},"featured_image_src_large":["https:\/\/prodoctor.net\/blog\/wp-content\/uploads\/2015\/09\/aplicativo-cartao-sus.jpg",750,400,false],"author_info":{"display_name":"ProDoctor Software","author_link":"https:\/\/prodoctor.net\/blog\/author\/redesocialprodoctor-net\/"},"comment_info":0,"category_info":[{"term_id":408,"name":"Aplicativos para m\u00e9dicos e pacientes","slug":"aplicativos-para-medicos-e-pacientes","term_group":0,"term_taxonomy_id":408,"taxonomy":"category","description":"","parent":0,"count":87,"filter":"raw","cat_ID":408,"category_count":87,"category_description":"","cat_name":"Aplicativos para m\u00e9dicos e pacientes","category_nicename":"aplicativos-para-medicos-e-pacientes","category_parent":0},{"term_id":414,"name":"Tecnologia na Medicina","slug":"tecnologia-medicina","term_group":0,"term_taxonomy_id":414,"taxonomy":"category","description":"","parent":0,"count":157,"filter":"raw","cat_ID":414,"category_count":157,"category_description":"","cat_name":"Tecnologia na Medicina","category_nicename":"tecnologia-medicina","category_parent":0}],"tag_info":false,"_links":{"self":[{"href":"https:\/\/prodoctor.net\/blog\/wp-json\/wp\/v2\/posts\/940","targetHints":{"allow":["GET"]}}],"collection":[{"href":"https:\/\/prodoctor.net\/blog\/wp-json\/wp\/v2\/posts"}],"about":[{"href":"https:\/\/prodoctor.net\/blog\/wp-json\/wp\/v2\/types\/post"}],"author":[{"embeddable":true,"href":"https:\/\/prodoctor.net\/blog\/wp-json\/wp\/v2\/users\/1"}],"replies":[{"embeddable":true,"href":"https:\/\/prodoctor.net\/blog\/wp-json\/wp\/v2\/comments?post=940"}],"version-history":[{"count":5,"href":"https:\/\/prodoctor.net\/blog\/wp-json\/wp\/v2\/posts\/940\/revisions"}],"predecessor-version":[{"id":19338,"href":"https:\/\/prodoctor.net\/blog\/wp-json\/wp\/v2\/posts\/940\/revisions\/19338"}],"wp:featuredmedia":[{"embeddable":true,"href":"https:\/\/prodoctor.net\/blog\/wp-json\/wp\/v2\/media\/942"}],"wp:attachment":[{"href":"https:\/\/prodoctor.net\/blog\/wp-json\/wp\/v2\/media?parent=940"}],"wp:term":[{"taxonomy":"category","embeddable":true,"href":"https:\/\/prodoctor.net\/blog\/wp-json\/wp\/v2\/categories?post=940"},{"taxonomy":"post_tag","embeddable":true,"href":"https:\/\/prodoctor.net\/blog\/wp-json\/wp\/v2\/tags?post=940"}],"curies":[{"name":"wp","href":"https:\/\/api.w.org\/{rel}","templated":true}]}}