{"id":7518,"date":"2018-05-21T16:13:26","date_gmt":"2018-05-21T19:13:26","guid":{"rendered":"https:\/\/prodoctor.net\/blog\/?p=7518"},"modified":"2024-03-20T09:37:47","modified_gmt":"2024-03-20T12:37:47","slug":"prodoctor-na-feira-hospitalar-2018","status":"publish","type":"post","link":"https:\/\/prodoctor.net\/blog\/prodoctor-na-feira-hospitalar-2018\/","title":{"rendered":"ProDoctor na Feira Hospitalar 2018"},"content":{"rendered":"<p>A <a href=\"https:\/\/prodoctor.net\/\" target=\"_blank\" rel=\"noopener noreferrer\">ProDoctor Software<\/a> est\u00e1 presente na <a href=\"https:\/\/hospitalar.com\/pt\" target=\"_blank\" rel=\"noopener noreferrer\">Hospitalar 2018<\/a>, que come\u00e7a nesta <strong>ter\u00e7a-feira (22)<\/strong>\u00a0e ir\u00e1 at\u00e9 a <strong>sexta-feira (25)<\/strong>, no Expo Center Norte, em S\u00e3o Paulo. Em sua <strong>25\u00aa edi\u00e7\u00e3o<\/strong>, o evento acontece na Rua Jos\u00e9 Bernardo Pinto, 333 \u2013 Vila Guilherme, pr\u00f3xima ao Terminal Rodovi\u00e1rio do Tiet\u00ea, na capital. Esta \u00e9 a<strong> 12\u00aa participa\u00e7\u00e3o da empresa<\/strong>, sendo a nona<strong>\u00a0consecutiva<\/strong>, com sua equipe pronta para atender os visitantes e demonstrar os produtos na <strong>Rua 17-64 \u2013\u00a0Setor Vermelho<\/strong>.<\/p>\n<p>Todos poder\u00e3o conferir as <strong>novidades e melhorias<\/strong> implementadas em nossos softwares de gest\u00e3o de consult\u00f3rios m\u00e9dicos, cl\u00ednicas e policl\u00ednicas <strong>entre 11h e 20h<\/strong>.<\/p>\n<h3>A Hospitalar<\/h3>\n<p><img decoding=\"async\" class=\"alignnone size-full wp-image-7531\" src=\"https:\/\/prodoctor.net\/blog\/wp-content\/uploads\/2018\/05\/hispitalar.jpg\" alt=\"\" width=\"770\" height=\"250\" srcset=\"https:\/\/prodoctor.net\/blog\/wp-content\/uploads\/2018\/05\/hispitalar.jpg 770w, https:\/\/prodoctor.net\/blog\/wp-content\/uploads\/2018\/05\/hispitalar-300x97.jpg 300w, https:\/\/prodoctor.net\/blog\/wp-content\/uploads\/2018\/05\/hispitalar-768x249.jpg 768w\" sizes=\"(max-width: 770px) 100vw, 770px\" \/><\/p>\n<p>A <a href=\"https:\/\/hospitalar.com\/pt\" target=\"_blank\" rel=\"noopener noreferrer\">Hospitalar<\/a> &#8211; Feira Internacional de Produtos, Equipamentos, Servi\u00e7os e Tecnologia para Hospitais, Laborat\u00f3rios, Farm\u00e1cias, Cl\u00ednicas e Consult\u00f3rios &#8211; \u00e9 o <strong>evento mais influente das Am\u00e9ricas<\/strong>. Trata-se de uma oportunidade exponencial para que a <strong>ind\u00fastria mundial<\/strong>, empresas de facilities, desenvolvedores em <strong>Tecnologia da Informa\u00e7\u00e3o<\/strong> e empreendedores apresentem os seus lan\u00e7amentos e projetos. Em seus <strong>25 anos<\/strong>, a Hospitalar tornou-se um importante ponto de <strong>encontro de neg\u00f3cios<\/strong>, relacionamento e atualiza\u00e7\u00e3o, proporcionando visibilidade de networking para<strong> 1.200 marcas expositoras<\/strong>.<\/p>\n<p>S\u00e3o aguardadas mais de <strong>90 mil visitas<\/strong> profissionais de <strong>70 pa\u00edses<\/strong>, incluindo pesquisadores, pensadores do <strong>setor da sa\u00fade<\/strong> e milhares de dirigentes hospitalares, m\u00e9dicos, enfermeiros e profissionais que influenciam e\/ou decidem as compras de<strong> hospitais, cl\u00ednicas, consult\u00f3rios e laborat\u00f3rios<\/strong>.<\/p>\n<h4>Aplicativo do evento<\/h4>\n<p>Todas as informa\u00e7\u00f5es <strong>sobre o evento<\/strong> estar\u00e3o dispon\u00edveis na palma da m\u00e3o de quem for \u00e0 Hospitalar, bastando baixar o <strong>aplicativo oficial<\/strong>, que traz a <strong>programa\u00e7\u00e3o completa<\/strong> do evento, mapa do local, listas de expositores, confer\u00eancias e lista de palestrantes.<\/p>\n<p>Dispon\u00edvel para iPhone\u00a0e <a href=\"https:\/\/play.google.com\/store\/apps\/details?id=net.moblee.hospitalar\" target=\"_blank\" rel=\"noopener noreferrer\">Android<\/a><\/p>\n<h3>Nossos produtos\u00a0na Hospitalar<\/h3>\n<p><img decoding=\"async\" class=\"alignnone size-full wp-image-7528\" src=\"https:\/\/prodoctor.net\/blog\/wp-content\/uploads\/2018\/05\/prodoctor_hospitalar_2018.jpg\" alt=\"\" width=\"770\" height=\"250\" srcset=\"https:\/\/prodoctor.net\/blog\/wp-content\/uploads\/2018\/05\/prodoctor_hospitalar_2018.jpg 770w, https:\/\/prodoctor.net\/blog\/wp-content\/uploads\/2018\/05\/prodoctor_hospitalar_2018-300x97.jpg 300w, https:\/\/prodoctor.net\/blog\/wp-content\/uploads\/2018\/05\/prodoctor_hospitalar_2018-768x249.jpg 768w\" sizes=\"(max-width: 770px) 100vw, 770px\" \/><\/p>\n<h4><strong>ProDoctor\u00a0Cloud Consult\u00f3rios<\/strong><\/h4>\n<p>Empresa com larga experi\u00eancia na \u00e1rea de sa\u00fade, a <a href=\"https:\/\/prodoctor.net\/\" target=\"_blank\" rel=\"noopener noreferrer\">ProDoctor Software<\/a> acompanha as \u00faltimas<strong> inova\u00e7\u00f5es da tecnologia<\/strong> e, neste contexto, lan\u00e7a agora o <a href=\"https:\/\/prodoctor.net\/cloud\" target=\"_blank\" rel=\"noopener noreferrer\">ProDoctor Cloud<\/a>. O aplicativo, destinado <strong>exclusivamente para consult\u00f3rios<\/strong>, apresenta uma interface amig\u00e1vel e \u00e9 f\u00e1cil de usar, descartando qualquer complica\u00e7\u00e3o. <strong>Atende todas as necessidades<\/strong> de um consult\u00f3rio m\u00e9dico e foi concebido pensando na melhor forma de proporcionar ao profissional <strong>diversas facilidades<\/strong>.<\/p>\n<p>O <a href=\"https:\/\/prodoctor.net\/cloud\" target=\"_blank\" rel=\"noopener noreferrer\">ProDoctor Cloud<\/a> resulta diretamente desses <strong>25 anos de atua\u00e7\u00e3o<\/strong>, com um trabalho \u00e1rduo e de busca para acompanhar todas as <strong>inova\u00e7\u00f5es tecnol\u00f3gicas<\/strong>. O software, <strong>multi-plataforma<\/strong>, foi desenvolvido em detalhes de forma nativa para <a href=\"https:\/\/prodoctor.net\/cloud\" target=\"_blank\" rel=\"noopener noreferrer\">macOS, Windows e iOS<\/a>, concentrando todos os dados na nuvem, de forma absolutamente segura. Com isto, o m\u00e9dico pode trabalhar em desktops, iPhones e iPads de forma <strong>totalmente sincronizada<\/strong>.<\/p>\n<p>Dentre as funcionalidades do <a href=\"https:\/\/prodoctor.net\/cloud\" target=\"_blank\" rel=\"noopener noreferrer\">ProDoctor Cloud <\/a> est\u00e3o:<\/p>\n<p><strong>Agenda\u00a0completa:<\/strong>\u00a0agendamento de consultas, remarca\u00e7\u00e3o, encaixe, retorno\u00a0e bloqueio de hor\u00e1rios.\u00a0<strong>Prontu\u00e1rio Digital:<\/strong>\u00a0anamneses, evolu\u00e7\u00f5es, imagens, prescri\u00e7\u00e3o de receitas, pedidos de exames e laudos, e digitaliza\u00e7\u00e3o de documentos.\u00a0<strong>Faturamento simples:<\/strong>\u00a0gera\u00e7\u00e3o de Guias TISS de Consultas, Guias TISS SP\/SADT (somente procedimentos) e seus arquivos xml.<\/p>\n<p><strong>Handoff:<\/strong>\u00a0comece em um dispositivo e continue em outro, exatamente do ponto onde estava.\u00a0<strong>AirPlay:<\/strong>\u00a0compartilhe a tela do seu dispositivo com a\u00a0televis\u00e3o, atrav\u00e9s da Apple TV.\u00a0<strong>Comandos de voz: <\/strong>utilize sua voz para inserir anamneses e evolu\u00e7\u00f5es e buscar por pacientes.\u00a0<strong>Base completa de Medicamentos:<\/strong>\u00a0integra\u00e7\u00e3o instant\u00e2nea e sem complica\u00e7\u00f5es com\u00a0uma base inteira de medicamentos diretamente do aplicativo refer\u00eancia no assunto, o\u00a0<a title=\"Saiba mais sobre o Aplicativo refer\u00eancia em consulta de Medicamentos\" href=\"https:\/\/prodoctor.net\/medicamentos\" target=\"_blank\" rel=\"noopener noreferrer\">ProDoctor Medicamentos<\/a>.<\/p>\n<p>O <a href=\"https:\/\/prodoctor.net\/cloud\/consultorios\" target=\"_blank\" rel=\"noopener noreferrer\">ProDoctor Cloud<\/a>\u00a0disponibiliza uma <strong>licen\u00e7a de demonstra\u00e7\u00e3o<\/strong> tempor\u00e1ria, possibilitando ao usu\u00e1rio conhecer na pr\u00e1tica todas as funcionalidades e os benef\u00edcios que proporciona durante um per\u00edodo de 4 (quatro) dias. Para solicitar uma demostra\u00e7\u00e3o <a href=\"https:\/\/prodoctor.net\/cloud\/\" target=\"_blank\" rel=\"noopener noreferrer\">clique aqui<\/a>.<\/p>\n<h4><strong>ProDoctor Corp<\/strong><\/h4>\n<p>Desenvolvido especialmente para a\u00a0gest\u00e3o de <strong>cl\u00ednicas m\u00e9dicas e policl\u00ednicas<\/strong>, o software \u00e9 implantado com rapidez, \u00e9 f\u00e1cil de usar e <strong>totalmente parametriz\u00e1vel<\/strong>, com perfeita adapta\u00e7\u00e3o \u00e0s necessidades dos usu\u00e1rios.<\/p>\n<p><strong>Principais funcionalidades:<\/strong>\u00a0Agenda Completa,\u00a0Agenda de Salas e Equipamentos,\u00a0Agenda de Filas,\u00a0Prontu\u00e1rio Digital,\u00a0Anamneses e Evolu\u00e7\u00f5es,\u00a0Prescri\u00e7\u00f5es e Atestados,\u00a0Faturamento,\u00a0TISS,\u00a0Guias e XML,\u00a0Controle de Glosas,\u00a0Repasses, Controle de Caixa, Estoque Multilocal,\u00a0Controle de Leitos,\u00a0Relat\u00f3rios,\u00a0Envio de SMS,\u00a0Comunicador Interno e outras ferramentas.<\/p>\n<p>Saiba mais <a href=\"https:\/\/prodoctor.net\/corp\" target=\"_blank\" rel=\"noopener noreferrer\">clicando aqui<\/a>.<\/p>\n<h4><strong>ProDoctor Plus<\/strong><\/h4>\n<p>Software destinado\u00a0para informatizar <strong>consult\u00f3rios e pequenas cl\u00ednicas<\/strong>. F\u00e1cil de instalar e de usar. Agenda de consultas e Prontu\u00e1rio Digital do paciente integrados. Hist\u00f3rico completo do tratamento do paciente. Lan\u00e7amento de contas e faturamento no padr\u00e3o TISS em sua vers\u00e3o mais atual. Controle do estoque e da movimenta\u00e7\u00e3o financeira.<\/p>\n<p><strong>Principais funcionalidades<\/strong>:\u00a0Agenda Completa,\u00a0Comunicador Interno e Envio de SMS,\u00a0Prontu\u00e1rio Digital,\u00a0Anamneses e Evolu\u00e7\u00f5es,\u00a0Prescri\u00e7\u00f5es e Atestados,\u00a0TISS,\u00a0Faturamento e Relat\u00f3rios.<\/p>\n<p>Saiba mais\u00a0<a href=\"https:\/\/prodoctor.net\/plus\" target=\"_blank\" rel=\"noopener noreferrer\">clicando aqui<\/a>.<\/p>\n<h4><strong>ProDoctor Medicamentos<\/strong><\/h4>\n<p><strong>Aplicativo\u00a0<\/strong>como ningu\u00e9m ainda viu. Consulte medicamentos, leia bulas, descubra os gen\u00e9ricos e similares dispon\u00edveis. Tudo na ponta dos seus dedos, onde voc\u00ea estiver. Confi\u00e1vel e <strong>gratuito<\/strong>, foi lan\u00e7ado na Hospitalar 2016, em S\u00e3o Paulo, consolidando rapidamente sua plena <strong>aceita\u00e7\u00e3o no mercado<\/strong> com o registro de 37.700 instala\u00e7\u00f5es ativas na <strong>plataforma iOS<\/strong> e outras 122.531 na<strong> plataforma Android<\/strong>. In\u00fameras melhorias foram desenvolvidas por uma equipe especializada de profissionais da \u00e1rea de Sa\u00fade para manter sua base de dados permanentemente atualizada.<\/p>\n<p>Saiba mais\u00a0<a href=\"https:\/\/prodoctor.net\/medicamentos\" target=\"_blank\" rel=\"noopener noreferrer\">clicando aqui<\/a>.<\/p>\n<h4><strong>ProDoctor CID<\/strong><\/h4>\n<p>Aplicativo gratuito de <strong>consulta do CID-10<\/strong>, toda a <strong>classifica\u00e7\u00e3o de doen\u00e7as<\/strong> no seu bolso\u00a0e sem ocupar espa\u00e7o nenhum. Com um <strong>design moderno<\/strong> e f\u00e1cil de manusear, pesquise, fa\u00e7a anota\u00e7\u00f5es e marque como favorito os mais utilizados. Tudo utilizando as pontas dos seus dedos.<\/p>\n<p>Saiba mais <a href=\"https:\/\/prodoctor.net\/cid\" target=\"_blank\" rel=\"noopener noreferrer\">clicando aqui<\/a>.<\/p>\n<h3>Experi\u00eancia no mercado<\/h3>\n<p><a href=\"https:\/\/prodoctor.net\/blog\/wp-content\/uploads\/2017\/08\/Suporte-tecnico-de-sistema-de-gestao-de-clinicas-medicas.png\"><img decoding=\"async\" class=\"alignnone wp-image-20029 size-full\" src=\"https:\/\/prodoctor.net\/blog\/wp-content\/uploads\/2017\/08\/Suporte-tecnico-de-sistema-de-gestao-de-clinicas-medicas.png\" alt=\"Suporte t\u00e9cnico de sistema de gest\u00e3o de cl\u00ednicas m\u00e9dicas\" width=\"770\" height=\"250\" srcset=\"https:\/\/prodoctor.net\/blog\/wp-content\/uploads\/2017\/08\/Suporte-tecnico-de-sistema-de-gestao-de-clinicas-medicas.png 770w, https:\/\/prodoctor.net\/blog\/wp-content\/uploads\/2017\/08\/Suporte-tecnico-de-sistema-de-gestao-de-clinicas-medicas-300x97.png 300w, https:\/\/prodoctor.net\/blog\/wp-content\/uploads\/2017\/08\/Suporte-tecnico-de-sistema-de-gestao-de-clinicas-medicas-768x249.png 768w\" sizes=\"(max-width: 770px) 100vw, 770px\" \/><\/a><\/p>\n<p>Desenvolvemos softwares de gest\u00e3o desde 1993, acompanhando todos os <strong>passos e tend\u00eancias<\/strong> da evolu\u00e7\u00e3o tecnol\u00f3gica.\u00a0Nossos produtos foram concebidos utilizando os <strong>mais modernos recursos<\/strong> existentes no mercado, com suas funcionalidades aperfei\u00e7oadas a cada nova vers\u00e3o e sempre procurando se <strong>adequar \u00e0s necessidades<\/strong> dos usu\u00e1rios.<\/p>\n<p>Al\u00e9m disso, nossos servi\u00e7os\u00a0abrangem desde o direito de utiliza\u00e7\u00e3o dos softwares\u00a0at\u00e9 sua implanta\u00e7\u00e3o, treinamento, configura\u00e7\u00e3o e suporte. A\u00a0qualidade e a<strong> excel\u00eancia no atendimento<\/strong> s\u00e3o mantidas atrav\u00e9s de um <strong>canal permanente<\/strong> para que os clientes possam fazer sugest\u00f5es e cr\u00edticas.<\/p>\n","protected":false},"excerpt":{"rendered":"<p>A ProDoctor Software est\u00e1 presente na Hospitalar 2018, que come\u00e7a nesta ter\u00e7a-feira (22)\u00a0e ir\u00e1 at\u00e9 a sexta-feira (25), no&#8230;<\/p>\n","protected":false},"author":1,"featured_media":7537,"comment_status":"closed","ping_status":"open","sticky":false,"template":"","format":"standard","meta":{"_kad_blocks_custom_css":"","_kad_blocks_head_custom_js":"","_kad_blocks_body_custom_js":"","_kad_blocks_footer_custom_js":"","_kadence_starter_templates_imported_post":false,"_kad_post_transparent":"","_kad_post_title":"","_kad_post_layout":"","_kad_post_sidebar_id":"","_kad_post_content_style":"","_kad_post_vertical_padding":"","_kad_post_feature":"","_kad_post_feature_position":"","_kad_post_header":false,"_kad_post_footer":false,"footnotes":""},"categories":[417],"tags":[],"class_list":["post-7518","post","type-post","status-publish","format-standard","has-post-thumbnail","hentry","category-eventos"],"yoast_head":"<!-- This site is optimized with the Yoast SEO plugin v27.0 - https:\/\/yoast.com\/product\/yoast-seo-wordpress\/ -->\n<title>ProDoctor na Feira Hospitalar 2018<\/title>\n<meta name=\"description\" content=\"Venha conferir nossos softwares de gest\u00e3o de consult\u00f3rios m\u00e9dicos, cl\u00ednicas e policl\u00ednicas na Rua 17-64 \u2013 Estande Vermelho, entre 11h e 20h.\" \/>\n<meta name=\"robots\" content=\"index, follow, max-snippet:-1, max-image-preview:large, max-video-preview:-1\" \/>\n<link rel=\"canonical\" href=\"https:\/\/prodoctor.net\/blog\/prodoctor-na-feira-hospitalar-2018\/\" \/>\n<meta property=\"og:locale\" content=\"pt_BR\" \/>\n<meta property=\"og:type\" content=\"article\" \/>\n<meta property=\"og:title\" content=\"ProDoctor na Feira Hospitalar 2018\" \/>\n<meta property=\"og:description\" content=\"Venha conferir nossos softwares de gest\u00e3o de consult\u00f3rios m\u00e9dicos, cl\u00ednicas e policl\u00ednicas na Rua 17-64 \u2013 Estande Vermelho, entre 11h e 20h.\" \/>\n<meta property=\"og:url\" content=\"https:\/\/prodoctor.net\/blog\/prodoctor-na-feira-hospitalar-2018\/\" \/>\n<meta property=\"og:site_name\" content=\"Blog ProDoctor\" \/>\n<meta property=\"article:publisher\" content=\"https:\/\/www.facebook.com\/prodoctorsoftware\" \/>\n<meta property=\"article:published_time\" content=\"2018-05-21T19:13:26+00:00\" \/>\n<meta property=\"article:modified_time\" content=\"2024-03-20T12:37:47+00:00\" \/>\n<meta property=\"og:image\" content=\"https:\/\/prodoctor.net\/blog\/wp-content\/uploads\/2018\/05\/prodoctor-software-feira-hospitalar-2018.jpg\" \/>\n\t<meta property=\"og:image:width\" content=\"770\" \/>\n\t<meta property=\"og:image:height\" content=\"400\" \/>\n\t<meta property=\"og:image:type\" content=\"image\/jpeg\" \/>\n<meta name=\"author\" content=\"ProDoctor Software\" \/>\n<meta name=\"twitter:card\" content=\"summary_large_image\" \/>\n<meta name=\"twitter:creator\" content=\"@prodoctorsoft\" \/>\n<meta name=\"twitter:site\" content=\"@prodoctorsoft\" \/>\n<meta name=\"twitter:label1\" content=\"Escrito por\" \/>\n\t<meta name=\"twitter:data1\" content=\"ProDoctor Software\" \/>\n\t<meta name=\"twitter:label2\" content=\"Est. tempo de leitura\" \/>\n\t<meta name=\"twitter:data2\" content=\"6 minutos\" \/>\n<script type=\"application\/ld+json\" class=\"yoast-schema-graph\">{\"@context\":\"https:\/\/schema.org\",\"@graph\":[{\"@type\":\"Article\",\"@id\":\"https:\/\/prodoctor.net\/blog\/prodoctor-na-feira-hospitalar-2018\/#article\",\"isPartOf\":{\"@id\":\"https:\/\/prodoctor.net\/blog\/prodoctor-na-feira-hospitalar-2018\/\"},\"author\":{\"name\":\"ProDoctor Software\",\"@id\":\"https:\/\/prodoctor.net\/blog\/#\/schema\/person\/8878914b17cd360e7ec0ddee1ed8c544\"},\"headline\":\"ProDoctor na Feira Hospitalar 2018\",\"datePublished\":\"2018-05-21T19:13:26+00:00\",\"dateModified\":\"2024-03-20T12:37:47+00:00\",\"mainEntityOfPage\":{\"@id\":\"https:\/\/prodoctor.net\/blog\/prodoctor-na-feira-hospitalar-2018\/\"},\"wordCount\":1059,\"publisher\":{\"@id\":\"https:\/\/prodoctor.net\/blog\/#organization\"},\"image\":{\"@id\":\"https:\/\/prodoctor.net\/blog\/prodoctor-na-feira-hospitalar-2018\/#primaryimage\"},\"thumbnailUrl\":\"https:\/\/prodoctor.net\/blog\/wp-content\/uploads\/2018\/05\/prodoctor-software-feira-hospitalar-2018.jpg\",\"articleSection\":[\"Eventos\"],\"inLanguage\":\"pt-BR\"},{\"@type\":\"WebPage\",\"@id\":\"https:\/\/prodoctor.net\/blog\/prodoctor-na-feira-hospitalar-2018\/\",\"url\":\"https:\/\/prodoctor.net\/blog\/prodoctor-na-feira-hospitalar-2018\/\",\"name\":\"ProDoctor na Feira Hospitalar 2018\",\"isPartOf\":{\"@id\":\"https:\/\/prodoctor.net\/blog\/#website\"},\"primaryImageOfPage\":{\"@id\":\"https:\/\/prodoctor.net\/blog\/prodoctor-na-feira-hospitalar-2018\/#primaryimage\"},\"image\":{\"@id\":\"https:\/\/prodoctor.net\/blog\/prodoctor-na-feira-hospitalar-2018\/#primaryimage\"},\"thumbnailUrl\":\"https:\/\/prodoctor.net\/blog\/wp-content\/uploads\/2018\/05\/prodoctor-software-feira-hospitalar-2018.jpg\",\"datePublished\":\"2018-05-21T19:13:26+00:00\",\"dateModified\":\"2024-03-20T12:37:47+00:00\",\"description\":\"Venha conferir nossos softwares de gest\u00e3o de consult\u00f3rios m\u00e9dicos, cl\u00ednicas e policl\u00ednicas na Rua 17-64 \u2013 Estande Vermelho, entre 11h e 20h.\",\"breadcrumb\":{\"@id\":\"https:\/\/prodoctor.net\/blog\/prodoctor-na-feira-hospitalar-2018\/#breadcrumb\"},\"inLanguage\":\"pt-BR\",\"potentialAction\":[{\"@type\":\"ReadAction\",\"target\":[\"https:\/\/prodoctor.net\/blog\/prodoctor-na-feira-hospitalar-2018\/\"]}]},{\"@type\":\"ImageObject\",\"inLanguage\":\"pt-BR\",\"@id\":\"https:\/\/prodoctor.net\/blog\/prodoctor-na-feira-hospitalar-2018\/#primaryimage\",\"url\":\"https:\/\/prodoctor.net\/blog\/wp-content\/uploads\/2018\/05\/prodoctor-software-feira-hospitalar-2018.jpg\",\"contentUrl\":\"https:\/\/prodoctor.net\/blog\/wp-content\/uploads\/2018\/05\/prodoctor-software-feira-hospitalar-2018.jpg\",\"width\":770,\"height\":400,\"caption\":\"ProDoctor na Feira Hospitalar 2018\"},{\"@type\":\"BreadcrumbList\",\"@id\":\"https:\/\/prodoctor.net\/blog\/prodoctor-na-feira-hospitalar-2018\/#breadcrumb\",\"itemListElement\":[{\"@type\":\"ListItem\",\"position\":1,\"name\":\"In\u00edcio\",\"item\":\"https:\/\/prodoctor.net\/blog\/\"},{\"@type\":\"ListItem\",\"position\":2,\"name\":\"ProDoctor na Feira Hospitalar 2018\"}]},{\"@type\":\"WebSite\",\"@id\":\"https:\/\/prodoctor.net\/blog\/#website\",\"url\":\"https:\/\/prodoctor.net\/blog\/\",\"name\":\"Blog ProDoctor\",\"description\":\"Tudo sobre o mundo da Sa\u00fade\",\"publisher\":{\"@id\":\"https:\/\/prodoctor.net\/blog\/#organization\"},\"potentialAction\":[{\"@type\":\"SearchAction\",\"target\":{\"@type\":\"EntryPoint\",\"urlTemplate\":\"https:\/\/prodoctor.net\/blog\/?s={search_term_string}\"},\"query-input\":{\"@type\":\"PropertyValueSpecification\",\"valueRequired\":true,\"valueName\":\"search_term_string\"}}],\"inLanguage\":\"pt-BR\"},{\"@type\":\"Organization\",\"@id\":\"https:\/\/prodoctor.net\/blog\/#organization\",\"name\":\"ProDoctor Software S\/A\",\"url\":\"https:\/\/prodoctor.net\/blog\/\",\"logo\":{\"@type\":\"ImageObject\",\"inLanguage\":\"pt-BR\",\"@id\":\"https:\/\/prodoctor.net\/blog\/#\/schema\/logo\/image\/\",\"url\":\"https:\/\/prodoctor.net\/blog\/wp-content\/uploads\/2017\/01\/Logo_PDo_Lateral.png\",\"contentUrl\":\"https:\/\/prodoctor.net\/blog\/wp-content\/uploads\/2017\/01\/Logo_PDo_Lateral.png\",\"width\":2014,\"height\":485,\"caption\":\"ProDoctor Software S\/A\"},\"image\":{\"@id\":\"https:\/\/prodoctor.net\/blog\/#\/schema\/logo\/image\/\"},\"sameAs\":[\"https:\/\/www.facebook.com\/prodoctorsoftware\",\"https:\/\/x.com\/prodoctorsoft\",\"https:\/\/www.instagram.com\/prodoctorsoftware\/\",\"https:\/\/www.linkedin.com\/company\/prodoctor-software-ltda\",\"https:\/\/www.youtube.com\/channel\/UCIWuDLsVtIpX-PEqQn1pNlw\"]},{\"@type\":\"Person\",\"@id\":\"https:\/\/prodoctor.net\/blog\/#\/schema\/person\/8878914b17cd360e7ec0ddee1ed8c544\",\"name\":\"ProDoctor Software\",\"image\":{\"@type\":\"ImageObject\",\"inLanguage\":\"pt-BR\",\"@id\":\"https:\/\/prodoctor.net\/blog\/#\/schema\/person\/image\/\",\"url\":\"https:\/\/secure.gravatar.com\/avatar\/a67bdb10f2e6695f7ae356a84deeaf10b545567f0ac054e9bfe8ec56e86317ec?s=96&d=mm&r=g\",\"contentUrl\":\"https:\/\/secure.gravatar.com\/avatar\/a67bdb10f2e6695f7ae356a84deeaf10b545567f0ac054e9bfe8ec56e86317ec?s=96&d=mm&r=g\",\"caption\":\"ProDoctor Software\"},\"sameAs\":[\"http:\/\/prodoctor.net\",\"https:\/\/x.com\/prodoctorsoft\"]}]}<\/script>\n<!-- \/ Yoast SEO plugin. -->","yoast_head_json":{"title":"ProDoctor na Feira Hospitalar 2018","description":"Venha conferir nossos softwares de gest\u00e3o de consult\u00f3rios m\u00e9dicos, cl\u00ednicas e policl\u00ednicas na Rua 17-64 \u2013 Estande Vermelho, entre 11h e 20h.","robots":{"index":"index","follow":"follow","max-snippet":"max-snippet:-1","max-image-preview":"max-image-preview:large","max-video-preview":"max-video-preview:-1"},"canonical":"https:\/\/prodoctor.net\/blog\/prodoctor-na-feira-hospitalar-2018\/","og_locale":"pt_BR","og_type":"article","og_title":"ProDoctor na Feira Hospitalar 2018","og_description":"Venha conferir nossos softwares de gest\u00e3o de consult\u00f3rios m\u00e9dicos, cl\u00ednicas e policl\u00ednicas na Rua 17-64 \u2013 Estande Vermelho, entre 11h e 20h.","og_url":"https:\/\/prodoctor.net\/blog\/prodoctor-na-feira-hospitalar-2018\/","og_site_name":"Blog ProDoctor","article_publisher":"https:\/\/www.facebook.com\/prodoctorsoftware","article_published_time":"2018-05-21T19:13:26+00:00","article_modified_time":"2024-03-20T12:37:47+00:00","og_image":[{"width":770,"height":400,"url":"https:\/\/prodoctor.net\/blog\/wp-content\/uploads\/2018\/05\/prodoctor-software-feira-hospitalar-2018.jpg","type":"image\/jpeg"}],"author":"ProDoctor Software","twitter_card":"summary_large_image","twitter_creator":"@prodoctorsoft","twitter_site":"@prodoctorsoft","twitter_misc":{"Escrito por":"ProDoctor Software","Est. tempo de leitura":"6 minutos"},"schema":{"@context":"https:\/\/schema.org","@graph":[{"@type":"Article","@id":"https:\/\/prodoctor.net\/blog\/prodoctor-na-feira-hospitalar-2018\/#article","isPartOf":{"@id":"https:\/\/prodoctor.net\/blog\/prodoctor-na-feira-hospitalar-2018\/"},"author":{"name":"ProDoctor Software","@id":"https:\/\/prodoctor.net\/blog\/#\/schema\/person\/8878914b17cd360e7ec0ddee1ed8c544"},"headline":"ProDoctor na Feira Hospitalar 2018","datePublished":"2018-05-21T19:13:26+00:00","dateModified":"2024-03-20T12:37:47+00:00","mainEntityOfPage":{"@id":"https:\/\/prodoctor.net\/blog\/prodoctor-na-feira-hospitalar-2018\/"},"wordCount":1059,"publisher":{"@id":"https:\/\/prodoctor.net\/blog\/#organization"},"image":{"@id":"https:\/\/prodoctor.net\/blog\/prodoctor-na-feira-hospitalar-2018\/#primaryimage"},"thumbnailUrl":"https:\/\/prodoctor.net\/blog\/wp-content\/uploads\/2018\/05\/prodoctor-software-feira-hospitalar-2018.jpg","articleSection":["Eventos"],"inLanguage":"pt-BR"},{"@type":"WebPage","@id":"https:\/\/prodoctor.net\/blog\/prodoctor-na-feira-hospitalar-2018\/","url":"https:\/\/prodoctor.net\/blog\/prodoctor-na-feira-hospitalar-2018\/","name":"ProDoctor na Feira Hospitalar 2018","isPartOf":{"@id":"https:\/\/prodoctor.net\/blog\/#website"},"primaryImageOfPage":{"@id":"https:\/\/prodoctor.net\/blog\/prodoctor-na-feira-hospitalar-2018\/#primaryimage"},"image":{"@id":"https:\/\/prodoctor.net\/blog\/prodoctor-na-feira-hospitalar-2018\/#primaryimage"},"thumbnailUrl":"https:\/\/prodoctor.net\/blog\/wp-content\/uploads\/2018\/05\/prodoctor-software-feira-hospitalar-2018.jpg","datePublished":"2018-05-21T19:13:26+00:00","dateModified":"2024-03-20T12:37:47+00:00","description":"Venha conferir nossos softwares de gest\u00e3o de consult\u00f3rios m\u00e9dicos, cl\u00ednicas e policl\u00ednicas na Rua 17-64 \u2013 Estande Vermelho, entre 11h e 20h.","breadcrumb":{"@id":"https:\/\/prodoctor.net\/blog\/prodoctor-na-feira-hospitalar-2018\/#breadcrumb"},"inLanguage":"pt-BR","potentialAction":[{"@type":"ReadAction","target":["https:\/\/prodoctor.net\/blog\/prodoctor-na-feira-hospitalar-2018\/"]}]},{"@type":"ImageObject","inLanguage":"pt-BR","@id":"https:\/\/prodoctor.net\/blog\/prodoctor-na-feira-hospitalar-2018\/#primaryimage","url":"https:\/\/prodoctor.net\/blog\/wp-content\/uploads\/2018\/05\/prodoctor-software-feira-hospitalar-2018.jpg","contentUrl":"https:\/\/prodoctor.net\/blog\/wp-content\/uploads\/2018\/05\/prodoctor-software-feira-hospitalar-2018.jpg","width":770,"height":400,"caption":"ProDoctor na Feira Hospitalar 2018"},{"@type":"BreadcrumbList","@id":"https:\/\/prodoctor.net\/blog\/prodoctor-na-feira-hospitalar-2018\/#breadcrumb","itemListElement":[{"@type":"ListItem","position":1,"name":"In\u00edcio","item":"https:\/\/prodoctor.net\/blog\/"},{"@type":"ListItem","position":2,"name":"ProDoctor na Feira Hospitalar 2018"}]},{"@type":"WebSite","@id":"https:\/\/prodoctor.net\/blog\/#website","url":"https:\/\/prodoctor.net\/blog\/","name":"Blog ProDoctor","description":"Tudo sobre o mundo da Sa\u00fade","publisher":{"@id":"https:\/\/prodoctor.net\/blog\/#organization"},"potentialAction":[{"@type":"SearchAction","target":{"@type":"EntryPoint","urlTemplate":"https:\/\/prodoctor.net\/blog\/?s={search_term_string}"},"query-input":{"@type":"PropertyValueSpecification","valueRequired":true,"valueName":"search_term_string"}}],"inLanguage":"pt-BR"},{"@type":"Organization","@id":"https:\/\/prodoctor.net\/blog\/#organization","name":"ProDoctor Software S\/A","url":"https:\/\/prodoctor.net\/blog\/","logo":{"@type":"ImageObject","inLanguage":"pt-BR","@id":"https:\/\/prodoctor.net\/blog\/#\/schema\/logo\/image\/","url":"https:\/\/prodoctor.net\/blog\/wp-content\/uploads\/2017\/01\/Logo_PDo_Lateral.png","contentUrl":"https:\/\/prodoctor.net\/blog\/wp-content\/uploads\/2017\/01\/Logo_PDo_Lateral.png","width":2014,"height":485,"caption":"ProDoctor Software S\/A"},"image":{"@id":"https:\/\/prodoctor.net\/blog\/#\/schema\/logo\/image\/"},"sameAs":["https:\/\/www.facebook.com\/prodoctorsoftware","https:\/\/x.com\/prodoctorsoft","https:\/\/www.instagram.com\/prodoctorsoftware\/","https:\/\/www.linkedin.com\/company\/prodoctor-software-ltda","https:\/\/www.youtube.com\/channel\/UCIWuDLsVtIpX-PEqQn1pNlw"]},{"@type":"Person","@id":"https:\/\/prodoctor.net\/blog\/#\/schema\/person\/8878914b17cd360e7ec0ddee1ed8c544","name":"ProDoctor Software","image":{"@type":"ImageObject","inLanguage":"pt-BR","@id":"https:\/\/prodoctor.net\/blog\/#\/schema\/person\/image\/","url":"https:\/\/secure.gravatar.com\/avatar\/a67bdb10f2e6695f7ae356a84deeaf10b545567f0ac054e9bfe8ec56e86317ec?s=96&d=mm&r=g","contentUrl":"https:\/\/secure.gravatar.com\/avatar\/a67bdb10f2e6695f7ae356a84deeaf10b545567f0ac054e9bfe8ec56e86317ec?s=96&d=mm&r=g","caption":"ProDoctor Software"},"sameAs":["http:\/\/prodoctor.net","https:\/\/x.com\/prodoctorsoft"]}]}},"taxonomy_info":{"category":[{"value":417,"label":"Eventos"}]},"featured_image_src_large":["https:\/\/prodoctor.net\/blog\/wp-content\/uploads\/2018\/05\/prodoctor-software-feira-hospitalar-2018.jpg",770,400,false],"author_info":{"display_name":"ProDoctor Software","author_link":"https:\/\/prodoctor.net\/blog\/author\/redesocialprodoctor-net\/"},"comment_info":0,"category_info":[{"term_id":417,"name":"Eventos","slug":"eventos","term_group":0,"term_taxonomy_id":417,"taxonomy":"category","description":"","parent":0,"count":37,"filter":"raw","cat_ID":417,"category_count":37,"category_description":"","cat_name":"Eventos","category_nicename":"eventos","category_parent":0}],"tag_info":false,"_links":{"self":[{"href":"https:\/\/prodoctor.net\/blog\/wp-json\/wp\/v2\/posts\/7518","targetHints":{"allow":["GET"]}}],"collection":[{"href":"https:\/\/prodoctor.net\/blog\/wp-json\/wp\/v2\/posts"}],"about":[{"href":"https:\/\/prodoctor.net\/blog\/wp-json\/wp\/v2\/types\/post"}],"author":[{"embeddable":true,"href":"https:\/\/prodoctor.net\/blog\/wp-json\/wp\/v2\/users\/1"}],"replies":[{"embeddable":true,"href":"https:\/\/prodoctor.net\/blog\/wp-json\/wp\/v2\/comments?post=7518"}],"version-history":[{"count":27,"href":"https:\/\/prodoctor.net\/blog\/wp-json\/wp\/v2\/posts\/7518\/revisions"}],"predecessor-version":[{"id":28729,"href":"https:\/\/prodoctor.net\/blog\/wp-json\/wp\/v2\/posts\/7518\/revisions\/28729"}],"wp:featuredmedia":[{"embeddable":true,"href":"https:\/\/prodoctor.net\/blog\/wp-json\/wp\/v2\/media\/7537"}],"wp:attachment":[{"href":"https:\/\/prodoctor.net\/blog\/wp-json\/wp\/v2\/media?parent=7518"}],"wp:term":[{"taxonomy":"category","embeddable":true,"href":"https:\/\/prodoctor.net\/blog\/wp-json\/wp\/v2\/categories?post=7518"},{"taxonomy":"post_tag","embeddable":true,"href":"https:\/\/prodoctor.net\/blog\/wp-json\/wp\/v2\/tags?post=7518"}],"curies":[{"name":"wp","href":"https:\/\/api.w.org\/{rel}","templated":true}]}}