{"id":6239,"date":"2017-08-11T11:03:04","date_gmt":"2017-08-11T14:03:04","guid":{"rendered":"https:\/\/prodoctor.net\/blog\/?p=6239"},"modified":"2024-02-28T17:17:30","modified_gmt":"2024-02-28T20:17:30","slug":"jaleco-veja-como-usar-e-lavar-corretamente","status":"publish","type":"post","link":"https:\/\/prodoctor.net\/blog\/jaleco-veja-como-usar-e-lavar-corretamente\/","title":{"rendered":"Jaleco: veja como usar e lavar corretamente"},"content":{"rendered":"<p>Ao lado do <strong>estetosc\u00f3pio<\/strong>, o <strong>jaleco<\/strong> \u00e9 um \u00edcone que est\u00e1 definitivamente <strong>associado ao profissional da Medicina<\/strong>, estabelecendo diretamente sua <strong>identidade<\/strong> e diferencial em rela\u00e7\u00e3o \u00e0s demais profiss\u00f5es. Por isso, \u00e9 importante saber como <strong>usar e lavar corretamente seu jaleco<\/strong>.<\/p>\n<p>Tudo isso refor\u00e7a a <strong>import\u00e2ncia<\/strong> de que \u00e9 preciso um <strong>cuidado muito especial<\/strong> com ele. Mais que personificar um <strong>s\u00edmbolo de respeito<\/strong> e de <i>status quo<\/i>, \u00e9 um <strong>uniforme<\/strong> utilizado em um setor de extrema sensibilidade que exige, sobretudo, <strong>limpeza e adequa\u00e7\u00e3o no uso<\/strong>.<\/p>\n<p>Mais importante ainda: sua utiliza\u00e7\u00e3o correta contribui para <strong>reduzir os \u00edndices de infec\u00e7\u00f5es hospitalares<\/strong>. Veja agora como <strong>usar e lavar corretamente seu jaleco<\/strong>.<\/p>\n<p style=\"border-left: 5px solid #006c97; padding-left: 20px;\"><strong>\u00a0 Leia tamb\u00e9m: <\/strong><a href=\"https:\/\/mkt.prodoctor.net\/guia-oficial-do-fim-de-semana-do-medico\" target=\"_blank\" rel=\"noopener noreferrer\">Guia oficial do fim de semana do m\u00e9dico<\/a><\/p>\n<h2>Como usar corretamente seu Jaleco<\/h2>\n<p><a href=\"https:\/\/prodoctor.net\/blog\/wp-content\/uploads\/2017\/08\/Como-usar-corretamente-seu-Jaleco.jpg\"><img decoding=\"async\" class=\"alignnone wp-image-19950 size-full\" title=\"Como usar corretamente seu Jaleco\" src=\"https:\/\/prodoctor.net\/blog\/wp-content\/uploads\/2017\/08\/Como-usar-corretamente-seu-Jaleco.jpg\" alt=\"Como usar corretamente seu Jaleco\" width=\"770\" height=\"250\" srcset=\"https:\/\/prodoctor.net\/blog\/wp-content\/uploads\/2017\/08\/Como-usar-corretamente-seu-Jaleco.jpg 770w, https:\/\/prodoctor.net\/blog\/wp-content\/uploads\/2017\/08\/Como-usar-corretamente-seu-Jaleco-300x97.jpg 300w, https:\/\/prodoctor.net\/blog\/wp-content\/uploads\/2017\/08\/Como-usar-corretamente-seu-Jaleco-768x249.jpg 768w\" sizes=\"(max-width: 770px) 100vw, 770px\" \/><\/a><\/p>\n<h3>1 \u2013 Tamanho e caimento<\/h3>\n<p>Preocupar-se com os detalhes n\u00e3o \u00e9 sinal de frescura ou vaidade. Pode at\u00e9 parecer \u00f3bvio, mas seu instrumento de trabalho tamb\u00e9m \u00e9 uma <strong>prote\u00e7\u00e3o<\/strong> e \u00e9 preciso que esteja <strong>abotoado completamente<\/strong>, protegendo sua roupa e o corpo de <strong>eventuais respingos de reagentes<\/strong>. Nada de displic\u00eancia!<\/p>\n<p>Ele deve ser <strong>confort\u00e1vel<\/strong>, conforme a sua altura e complei\u00e7\u00e3o f\u00edsica, <strong>sem exceder ou faltar no tamanho<\/strong>.<\/p>\n<p>Deve ter a <strong>manga comprida<\/strong> e, mesmo que esteja sentindo calor, a recomenda\u00e7\u00e3o \u00e9 de que voc\u00ea <strong>n\u00e3o deve subir sua manga<\/strong>, pois a prote\u00e7\u00e3o do bra\u00e7o \u00e9 mais importante que o conforto.<\/p>\n<p>O <strong>punho deve ser justo<\/strong>, pois proteger\u00e1 sua pele da possibilidade de entrar em contato com subst\u00e2ncias contaminantes. Al\u00e9m da higieniza\u00e7\u00e3o indispens\u00e1vel, o jaleco tem a finalidade de <strong>proteg\u00ea-lo de ambientes insalubres<\/strong>.<\/p>\n<h3>2 \u2013 Uso restrito ao ambiente de trabalho<\/h3>\n<p>Filmes, novelas e s\u00e9ries m\u00e9dicas sempre mostram o m\u00e9dico trajando um jaleco <strong>fora do seu local de trabalho<\/strong>, muitas vezes,<strong> fazendo um lanche<\/strong> ou fumando do lado de fora do hospital, enquanto conversa com outros colegas em uma barraca pr\u00f3xima. Isto <strong>est\u00e1 errado<\/strong> e j\u00e1 foi motivo de muita discuss\u00e3o!<\/p>\n<p>Exibicionismo? Falta de cuidado? Desrespeito com os pacientes? <strong>Evite constrangimentos<\/strong>, como o de pessoas olhando para voc\u00ea em um restaurante, pol\u00eamicas desnecess\u00e1rias que poder\u00e3o desgast\u00e1-lo, deixando-o nervoso e estragando seu dia. <strong>Jamais deixe o seu posto trabalho com o jaleco<\/strong>.<\/p>\n<h3>3 \u2013 Como tir\u00e1-lo e transport\u00e1-lo?<\/h3>\n<p>Dobrando-o pelo avesso. E lembre-se sempre de tir\u00e1-lo no local apropriado, onde dever\u00e1 ser guardado. Com o cuidado de <strong>nunca mistur\u00e1-lo com os jalecos que est\u00e3o limpos<\/strong> e que ainda n\u00e3o foram utilizados.<\/p>\n<p>Tenha um r<strong>ecipiente pr\u00f3prio para transport\u00e1-lo<\/strong> quando for lev\u00e1-lo para lavar em casa, resguardando-se de qualquer <strong>possibilidade de contamina\u00e7\u00e3o<\/strong>. Depois de limpos, <strong>nunca os transportar em cabides sem prote\u00e7\u00e3o<\/strong>, pois assim eles recebem toda <strong>poeira do caminho<\/strong> at\u00e9 chegar no ambiente de trabalho.<\/p>\n<p style=\"border-left: 5px solid #006c97; padding-left: 20px;\"><strong>\u00a0 Leia tamb\u00e9m: <\/strong><a href=\"https:\/\/prodoctor.net\/blog\/como-escolher-seu-jaleco\/\" target=\"_blank\" rel=\"noopener noreferrer\">Como escolher seu jaleco<\/a><\/p>\n<h2>Como lavar corretamente seu Jaleco<\/h2>\n<p><a href=\"https:\/\/prodoctor.net\/blog\/wp-content\/uploads\/2017\/08\/Jaleco-veja-como-usar-e-lavar-corretamente-1.jpg\"><img decoding=\"async\" class=\"alignnone wp-image-19951 size-full\" title=\"Como lavar corretamente seu Jaleco\" src=\"https:\/\/prodoctor.net\/blog\/wp-content\/uploads\/2017\/08\/Jaleco-veja-como-usar-e-lavar-corretamente-1.jpg\" alt=\"Como lavar corretamente seu Jaleco\" width=\"770\" height=\"250\" srcset=\"https:\/\/prodoctor.net\/blog\/wp-content\/uploads\/2017\/08\/Jaleco-veja-como-usar-e-lavar-corretamente-1.jpg 770w, https:\/\/prodoctor.net\/blog\/wp-content\/uploads\/2017\/08\/Jaleco-veja-como-usar-e-lavar-corretamente-1-300x97.jpg 300w, https:\/\/prodoctor.net\/blog\/wp-content\/uploads\/2017\/08\/Jaleco-veja-como-usar-e-lavar-corretamente-1-768x249.jpg 768w\" sizes=\"(max-width: 770px) 100vw, 770px\" \/><\/a><\/p>\n<p>O importante \u00e9 que o seu jaleco esteja <strong>sempre bem lavado<\/strong> e em condi\u00e7\u00f5es de uso. Procure estabelecer uma <strong>rotina<\/strong> para que as pe\u00e7as possam ser <strong>lavadas e substitu\u00eddas durante a semana<\/strong>.<\/p>\n<h3>1 \u2013 Lavar separadamente<\/h3>\n<p>O jaleco \u00e9 uma pe\u00e7a \u00fanica e dever\u00e1 <strong>ser lavado em separado<\/strong>, nunca o coloque junto com outras roupas e objetos pessoais.<\/p>\n<h3>2 \u2013 Materiais de limpeza<\/h3>\n<p>A recomenda\u00e7\u00e3o \u00e9 que deve ser colocado em uma <strong>solu\u00e7\u00e3o de \u00e1gua sanit\u00e1ria e \u00e1gua<\/strong>, pelo menos <strong>uma hora antes de lavar<\/strong>. Com o tempo, o jaleco vai ganhar um tom amarelado, mas esta \u00e9 a forma correta de <strong>eliminar os contaminantes biol\u00f3gicos<\/strong>.<\/p>\n<p>Em seguida, voc\u00ea pode usar normalmente um <strong>sab\u00e3o<\/strong> e, caso prefira, um alvejante branqueador, que utilize, por exemplo, o<strong> per\u00f3xido de hidrog\u00eanio<\/strong> como princ\u00edpio ativo, <strong>em vez de cloro<\/strong>.<\/p>\n<p>Para <strong>finalizar<\/strong> a opera\u00e7\u00e3o, tamb\u00e9m pode coloc\u00e1-lo em uma <strong>solu\u00e7\u00e3o de \u00e1gua e \u00e1lcool<\/strong>, sendo depois devidamente <strong>passado e guardado em um local reservado<\/strong>.<\/p>\n<h3>3 \u2013 Cuidado especial<\/h3>\n<p>Para os casos dos profissionais que trabalham em <strong>setores cr\u00edticos<\/strong>, como Centros Cir\u00fargicos, Centros Obst\u00e9tricos, Unidades de Terapia Intensiva (UTI) ou onde <strong>existem riscos de dissemina\u00e7\u00e3o de bact\u00e9rias<\/strong> \u00e9 preciso ter uma <strong>aten\u00e7\u00e3o maior<\/strong>. Nestes ambientes, \u00e9 necess\u00e1rio <strong>prevenir e diminuir as amea\u00e7as<\/strong> representadas pelas <strong>infec\u00e7\u00f5es cruzadas<\/strong>, evitando que as bact\u00e9rias do ambiente externo contaminem o ambiente interno e vice-versa.<\/p>\n<h2>Jaleco \u00e9 Equipamento de Prote\u00e7\u00e3o Individual<\/h2>\n<p><a href=\"https:\/\/prodoctor.net\/blog\/wp-content\/uploads\/2017\/08\/7-dicas-para-melhorar-a-relacao-com-os-pacientes-10.jpg\"><img decoding=\"async\" class=\"alignnone wp-image-19953 size-full\" src=\"https:\/\/prodoctor.net\/blog\/wp-content\/uploads\/2017\/08\/7-dicas-para-melhorar-a-relacao-com-os-pacientes-10.jpg\" alt=\"Jaleco \u00e9 Equipamento de Prote\u00e7\u00e3o Individual\" width=\"770\" height=\"250\" srcset=\"https:\/\/prodoctor.net\/blog\/wp-content\/uploads\/2017\/08\/7-dicas-para-melhorar-a-relacao-com-os-pacientes-10.jpg 770w, https:\/\/prodoctor.net\/blog\/wp-content\/uploads\/2017\/08\/7-dicas-para-melhorar-a-relacao-com-os-pacientes-10-300x97.jpg 300w, https:\/\/prodoctor.net\/blog\/wp-content\/uploads\/2017\/08\/7-dicas-para-melhorar-a-relacao-com-os-pacientes-10-768x249.jpg 768w\" sizes=\"(max-width: 770px) 100vw, 770px\" \/><\/a><\/p>\n<p>A Organiza\u00e7\u00e3o Mundial de Sa\u00fade (OMS) <strong>classifica o jaleco<\/strong> ou avental como <strong>Equipamento de Prote\u00e7\u00e3o Individual<\/strong> (EPI) e recomenda seu uso para <strong>proteger o profissional<\/strong> contra incidentes e para r<strong>eduzir a chance de transmiss\u00e3o de bact\u00e9rias<\/strong>.<\/p>\n<p>\u00c9 preciso estar atento para voc\u00ea <strong>n\u00e3o se colocar em risco<\/strong> e nem as pessoas com as quais manter contato. Voc\u00ea precisa ter um cuidado muito especial com seu <strong>material de trabalho<\/strong> e o jaleco n\u00e3o foge \u00e0 regra, por isso relacionamos a seguir alguns t\u00f3picos para ajud\u00e1-lo a estar sempre <strong>impec\u00e1vel<\/strong> no atendimento aos pacientes.<\/p>\n<h3>1 \u2013 Identifica\u00e7\u00e3o<\/h3>\n<p>As pessoas s\u00e3o muito observadoras e o m\u00e9dico \u00e9 o <strong>centro das aten\u00e7\u00f5es<\/strong> quando recebe o paciente em sua cl\u00ednica ou consult\u00f3rio. Para come\u00e7ar, o seu <strong>nome<\/strong> deve estar <strong>bordado no bolso esquerdo do jaleco<\/strong> e, preferencialmente, <strong>abaixo do s\u00edmbolo da Medicina<\/strong>. Isto transmite ordem, organiza\u00e7\u00e3o e seriedade, al\u00e9m de <strong>facilitar sua identifica\u00e7\u00e3o<\/strong> quando algu\u00e9m o procurar.<\/p>\n<h3>2 \u2013 Quantas pe\u00e7as devo ter?<\/h3>\n<p>Jamais se esque\u00e7a de colocar o seu uniforme. O jaleco \u00e9 parte <strong>indispens\u00e1vel<\/strong> no trabalho, indissoci\u00e1vel de sua profiss\u00e3o. Tenha sempre <strong>v\u00e1rias pe\u00e7as de reposi\u00e7\u00e3o<\/strong> em seus <strong>locais de trabalho<\/strong>, caso trabalhe em outras institui\u00e7\u00f5es de sa\u00fade al\u00e9m do seu consult\u00f3rio particular.<\/p>\n","protected":false},"excerpt":{"rendered":"<p>Ao lado do estetosc\u00f3pio, o jaleco \u00e9 um \u00edcone que est\u00e1 definitivamente associado ao profissional da Medicina, estabelecendo diretamente&#8230;<\/p>\n","protected":false},"author":2,"featured_media":19949,"comment_status":"closed","ping_status":"open","sticky":false,"template":"","format":"standard","meta":{"_kad_blocks_custom_css":"","_kad_blocks_head_custom_js":"","_kad_blocks_body_custom_js":"","_kad_blocks_footer_custom_js":"","_kadence_starter_templates_imported_post":false,"_kad_post_transparent":"","_kad_post_title":"","_kad_post_layout":"","_kad_post_sidebar_id":"","_kad_post_content_style":"","_kad_post_vertical_padding":"","_kad_post_feature":"","_kad_post_feature_position":"","_kad_post_header":false,"_kad_post_footer":false,"footnotes":""},"categories":[413],"tags":[],"class_list":["post-6239","post","type-post","status-publish","format-standard","has-post-thumbnail","hentry","category-medicina-e-saude"],"yoast_head":"<!-- This site is optimized with the Yoast SEO plugin v27.0 - https:\/\/yoast.com\/product\/yoast-seo-wordpress\/ -->\n<title>Jaleco: veja como usar e lavar corretamente - Blog ProDoctor Software<\/title>\n<meta name=\"description\" content=\"O jaleco \u00e9 Equipamento de Prote\u00e7\u00e3o Individual essencial para m\u00e9dicos. Voc\u00ea sabia que existe um jeito de us\u00e1-lo e lav\u00e1-lo corretamente? Veja como!\" \/>\n<meta name=\"robots\" content=\"index, follow, max-snippet:-1, max-image-preview:large, max-video-preview:-1\" \/>\n<link rel=\"canonical\" href=\"https:\/\/prodoctor.net\/blog\/jaleco-veja-como-usar-e-lavar-corretamente\/\" \/>\n<meta property=\"og:locale\" content=\"pt_BR\" \/>\n<meta property=\"og:type\" content=\"article\" \/>\n<meta property=\"og:title\" content=\"Jaleco: veja como usar e lavar corretamente - Blog ProDoctor Software\" \/>\n<meta property=\"og:description\" content=\"O jaleco \u00e9 Equipamento de Prote\u00e7\u00e3o Individual essencial para m\u00e9dicos. Voc\u00ea sabia que existe um jeito de us\u00e1-lo e lav\u00e1-lo corretamente? Veja como!\" \/>\n<meta property=\"og:url\" content=\"https:\/\/prodoctor.net\/blog\/jaleco-veja-como-usar-e-lavar-corretamente\/\" \/>\n<meta property=\"og:site_name\" content=\"Blog ProDoctor\" \/>\n<meta property=\"article:publisher\" content=\"https:\/\/www.facebook.com\/prodoctorsoftware\" \/>\n<meta property=\"article:published_time\" content=\"2017-08-11T14:03:04+00:00\" \/>\n<meta property=\"article:modified_time\" content=\"2024-02-28T20:17:30+00:00\" \/>\n<meta property=\"og:image\" content=\"https:\/\/prodoctor.net\/blog\/wp-content\/uploads\/2017\/08\/Jaleco-veja-como-usar-e-lavar-corretamente.jpg\" \/>\n\t<meta property=\"og:image:width\" content=\"770\" \/>\n\t<meta property=\"og:image:height\" content=\"400\" \/>\n\t<meta property=\"og:image:type\" content=\"image\/jpeg\" \/>\n<meta name=\"author\" content=\"Fernanda Oliveira\" \/>\n<meta name=\"twitter:card\" content=\"summary_large_image\" \/>\n<meta name=\"twitter:creator\" content=\"@prodoctorsoft\" \/>\n<meta name=\"twitter:site\" content=\"@prodoctorsoft\" \/>\n<meta name=\"twitter:label1\" content=\"Escrito por\" \/>\n\t<meta name=\"twitter:data1\" content=\"Fernanda Oliveira\" \/>\n\t<meta name=\"twitter:label2\" content=\"Est. tempo de leitura\" \/>\n\t<meta name=\"twitter:data2\" content=\"6 minutos\" \/>\n<script type=\"application\/ld+json\" class=\"yoast-schema-graph\">{\"@context\":\"https:\/\/schema.org\",\"@graph\":[{\"@type\":\"Article\",\"@id\":\"https:\/\/prodoctor.net\/blog\/jaleco-veja-como-usar-e-lavar-corretamente\/#article\",\"isPartOf\":{\"@id\":\"https:\/\/prodoctor.net\/blog\/jaleco-veja-como-usar-e-lavar-corretamente\/\"},\"author\":{\"name\":\"Fernanda Oliveira\",\"@id\":\"https:\/\/prodoctor.net\/blog\/#\/schema\/person\/9d2c92975a3fd1e3b2950efdbebab143\"},\"headline\":\"Jaleco: veja como usar e lavar corretamente\",\"datePublished\":\"2017-08-11T14:03:04+00:00\",\"dateModified\":\"2024-02-28T20:17:30+00:00\",\"mainEntityOfPage\":{\"@id\":\"https:\/\/prodoctor.net\/blog\/jaleco-veja-como-usar-e-lavar-corretamente\/\"},\"wordCount\":954,\"publisher\":{\"@id\":\"https:\/\/prodoctor.net\/blog\/#organization\"},\"image\":{\"@id\":\"https:\/\/prodoctor.net\/blog\/jaleco-veja-como-usar-e-lavar-corretamente\/#primaryimage\"},\"thumbnailUrl\":\"https:\/\/prodoctor.net\/blog\/wp-content\/uploads\/2017\/08\/Jaleco-veja-como-usar-e-lavar-corretamente.jpg\",\"articleSection\":[\"Medicina e Sa\u00fade\"],\"inLanguage\":\"pt-BR\"},{\"@type\":\"WebPage\",\"@id\":\"https:\/\/prodoctor.net\/blog\/jaleco-veja-como-usar-e-lavar-corretamente\/\",\"url\":\"https:\/\/prodoctor.net\/blog\/jaleco-veja-como-usar-e-lavar-corretamente\/\",\"name\":\"Jaleco: veja como usar e lavar corretamente - Blog ProDoctor Software\",\"isPartOf\":{\"@id\":\"https:\/\/prodoctor.net\/blog\/#website\"},\"primaryImageOfPage\":{\"@id\":\"https:\/\/prodoctor.net\/blog\/jaleco-veja-como-usar-e-lavar-corretamente\/#primaryimage\"},\"image\":{\"@id\":\"https:\/\/prodoctor.net\/blog\/jaleco-veja-como-usar-e-lavar-corretamente\/#primaryimage\"},\"thumbnailUrl\":\"https:\/\/prodoctor.net\/blog\/wp-content\/uploads\/2017\/08\/Jaleco-veja-como-usar-e-lavar-corretamente.jpg\",\"datePublished\":\"2017-08-11T14:03:04+00:00\",\"dateModified\":\"2024-02-28T20:17:30+00:00\",\"description\":\"O jaleco \u00e9 Equipamento de Prote\u00e7\u00e3o Individual essencial para m\u00e9dicos. Voc\u00ea sabia que existe um jeito de us\u00e1-lo e lav\u00e1-lo corretamente? Veja como!\",\"breadcrumb\":{\"@id\":\"https:\/\/prodoctor.net\/blog\/jaleco-veja-como-usar-e-lavar-corretamente\/#breadcrumb\"},\"inLanguage\":\"pt-BR\",\"potentialAction\":[{\"@type\":\"ReadAction\",\"target\":[\"https:\/\/prodoctor.net\/blog\/jaleco-veja-como-usar-e-lavar-corretamente\/\"]}]},{\"@type\":\"ImageObject\",\"inLanguage\":\"pt-BR\",\"@id\":\"https:\/\/prodoctor.net\/blog\/jaleco-veja-como-usar-e-lavar-corretamente\/#primaryimage\",\"url\":\"https:\/\/prodoctor.net\/blog\/wp-content\/uploads\/2017\/08\/Jaleco-veja-como-usar-e-lavar-corretamente.jpg\",\"contentUrl\":\"https:\/\/prodoctor.net\/blog\/wp-content\/uploads\/2017\/08\/Jaleco-veja-como-usar-e-lavar-corretamente.jpg\",\"width\":770,\"height\":400,\"caption\":\"Jaleco: veja como usar e lavar corretamente\"},{\"@type\":\"BreadcrumbList\",\"@id\":\"https:\/\/prodoctor.net\/blog\/jaleco-veja-como-usar-e-lavar-corretamente\/#breadcrumb\",\"itemListElement\":[{\"@type\":\"ListItem\",\"position\":1,\"name\":\"In\u00edcio\",\"item\":\"https:\/\/prodoctor.net\/blog\/\"},{\"@type\":\"ListItem\",\"position\":2,\"name\":\"Jaleco: veja como usar e lavar corretamente\"}]},{\"@type\":\"WebSite\",\"@id\":\"https:\/\/prodoctor.net\/blog\/#website\",\"url\":\"https:\/\/prodoctor.net\/blog\/\",\"name\":\"Blog ProDoctor\",\"description\":\"Tudo sobre o mundo da Sa\u00fade\",\"publisher\":{\"@id\":\"https:\/\/prodoctor.net\/blog\/#organization\"},\"potentialAction\":[{\"@type\":\"SearchAction\",\"target\":{\"@type\":\"EntryPoint\",\"urlTemplate\":\"https:\/\/prodoctor.net\/blog\/?s={search_term_string}\"},\"query-input\":{\"@type\":\"PropertyValueSpecification\",\"valueRequired\":true,\"valueName\":\"search_term_string\"}}],\"inLanguage\":\"pt-BR\"},{\"@type\":\"Organization\",\"@id\":\"https:\/\/prodoctor.net\/blog\/#organization\",\"name\":\"ProDoctor Software S\/A\",\"url\":\"https:\/\/prodoctor.net\/blog\/\",\"logo\":{\"@type\":\"ImageObject\",\"inLanguage\":\"pt-BR\",\"@id\":\"https:\/\/prodoctor.net\/blog\/#\/schema\/logo\/image\/\",\"url\":\"https:\/\/prodoctor.net\/blog\/wp-content\/uploads\/2017\/01\/Logo_PDo_Lateral.png\",\"contentUrl\":\"https:\/\/prodoctor.net\/blog\/wp-content\/uploads\/2017\/01\/Logo_PDo_Lateral.png\",\"width\":2014,\"height\":485,\"caption\":\"ProDoctor Software S\/A\"},\"image\":{\"@id\":\"https:\/\/prodoctor.net\/blog\/#\/schema\/logo\/image\/\"},\"sameAs\":[\"https:\/\/www.facebook.com\/prodoctorsoftware\",\"https:\/\/x.com\/prodoctorsoft\",\"https:\/\/www.instagram.com\/prodoctorsoftware\/\",\"https:\/\/www.linkedin.com\/company\/prodoctor-software-ltda\",\"https:\/\/www.youtube.com\/channel\/UCIWuDLsVtIpX-PEqQn1pNlw\"]},{\"@type\":\"Person\",\"@id\":\"https:\/\/prodoctor.net\/blog\/#\/schema\/person\/9d2c92975a3fd1e3b2950efdbebab143\",\"name\":\"Fernanda Oliveira\",\"image\":{\"@type\":\"ImageObject\",\"inLanguage\":\"pt-BR\",\"@id\":\"https:\/\/prodoctor.net\/blog\/#\/schema\/person\/image\/\",\"url\":\"https:\/\/secure.gravatar.com\/avatar\/a7769cfb970d58508e05bff88507342bcff68e96c29159e8abd3f266d4c4f8be?s=96&d=mm&r=g\",\"contentUrl\":\"https:\/\/secure.gravatar.com\/avatar\/a7769cfb970d58508e05bff88507342bcff68e96c29159e8abd3f266d4c4f8be?s=96&d=mm&r=g\",\"caption\":\"Fernanda Oliveira\"}}]}<\/script>\n<!-- \/ Yoast SEO plugin. -->","yoast_head_json":{"title":"Jaleco: veja como usar e lavar corretamente - Blog ProDoctor Software","description":"O jaleco \u00e9 Equipamento de Prote\u00e7\u00e3o Individual essencial para m\u00e9dicos. Voc\u00ea sabia que existe um jeito de us\u00e1-lo e lav\u00e1-lo corretamente? Veja como!","robots":{"index":"index","follow":"follow","max-snippet":"max-snippet:-1","max-image-preview":"max-image-preview:large","max-video-preview":"max-video-preview:-1"},"canonical":"https:\/\/prodoctor.net\/blog\/jaleco-veja-como-usar-e-lavar-corretamente\/","og_locale":"pt_BR","og_type":"article","og_title":"Jaleco: veja como usar e lavar corretamente - Blog ProDoctor Software","og_description":"O jaleco \u00e9 Equipamento de Prote\u00e7\u00e3o Individual essencial para m\u00e9dicos. Voc\u00ea sabia que existe um jeito de us\u00e1-lo e lav\u00e1-lo corretamente? Veja como!","og_url":"https:\/\/prodoctor.net\/blog\/jaleco-veja-como-usar-e-lavar-corretamente\/","og_site_name":"Blog ProDoctor","article_publisher":"https:\/\/www.facebook.com\/prodoctorsoftware","article_published_time":"2017-08-11T14:03:04+00:00","article_modified_time":"2024-02-28T20:17:30+00:00","og_image":[{"width":770,"height":400,"url":"https:\/\/prodoctor.net\/blog\/wp-content\/uploads\/2017\/08\/Jaleco-veja-como-usar-e-lavar-corretamente.jpg","type":"image\/jpeg"}],"author":"Fernanda Oliveira","twitter_card":"summary_large_image","twitter_creator":"@prodoctorsoft","twitter_site":"@prodoctorsoft","twitter_misc":{"Escrito por":"Fernanda Oliveira","Est. tempo de leitura":"6 minutos"},"schema":{"@context":"https:\/\/schema.org","@graph":[{"@type":"Article","@id":"https:\/\/prodoctor.net\/blog\/jaleco-veja-como-usar-e-lavar-corretamente\/#article","isPartOf":{"@id":"https:\/\/prodoctor.net\/blog\/jaleco-veja-como-usar-e-lavar-corretamente\/"},"author":{"name":"Fernanda Oliveira","@id":"https:\/\/prodoctor.net\/blog\/#\/schema\/person\/9d2c92975a3fd1e3b2950efdbebab143"},"headline":"Jaleco: veja como usar e lavar corretamente","datePublished":"2017-08-11T14:03:04+00:00","dateModified":"2024-02-28T20:17:30+00:00","mainEntityOfPage":{"@id":"https:\/\/prodoctor.net\/blog\/jaleco-veja-como-usar-e-lavar-corretamente\/"},"wordCount":954,"publisher":{"@id":"https:\/\/prodoctor.net\/blog\/#organization"},"image":{"@id":"https:\/\/prodoctor.net\/blog\/jaleco-veja-como-usar-e-lavar-corretamente\/#primaryimage"},"thumbnailUrl":"https:\/\/prodoctor.net\/blog\/wp-content\/uploads\/2017\/08\/Jaleco-veja-como-usar-e-lavar-corretamente.jpg","articleSection":["Medicina e Sa\u00fade"],"inLanguage":"pt-BR"},{"@type":"WebPage","@id":"https:\/\/prodoctor.net\/blog\/jaleco-veja-como-usar-e-lavar-corretamente\/","url":"https:\/\/prodoctor.net\/blog\/jaleco-veja-como-usar-e-lavar-corretamente\/","name":"Jaleco: veja como usar e lavar corretamente - Blog ProDoctor Software","isPartOf":{"@id":"https:\/\/prodoctor.net\/blog\/#website"},"primaryImageOfPage":{"@id":"https:\/\/prodoctor.net\/blog\/jaleco-veja-como-usar-e-lavar-corretamente\/#primaryimage"},"image":{"@id":"https:\/\/prodoctor.net\/blog\/jaleco-veja-como-usar-e-lavar-corretamente\/#primaryimage"},"thumbnailUrl":"https:\/\/prodoctor.net\/blog\/wp-content\/uploads\/2017\/08\/Jaleco-veja-como-usar-e-lavar-corretamente.jpg","datePublished":"2017-08-11T14:03:04+00:00","dateModified":"2024-02-28T20:17:30+00:00","description":"O jaleco \u00e9 Equipamento de Prote\u00e7\u00e3o Individual essencial para m\u00e9dicos. Voc\u00ea sabia que existe um jeito de us\u00e1-lo e lav\u00e1-lo corretamente? Veja como!","breadcrumb":{"@id":"https:\/\/prodoctor.net\/blog\/jaleco-veja-como-usar-e-lavar-corretamente\/#breadcrumb"},"inLanguage":"pt-BR","potentialAction":[{"@type":"ReadAction","target":["https:\/\/prodoctor.net\/blog\/jaleco-veja-como-usar-e-lavar-corretamente\/"]}]},{"@type":"ImageObject","inLanguage":"pt-BR","@id":"https:\/\/prodoctor.net\/blog\/jaleco-veja-como-usar-e-lavar-corretamente\/#primaryimage","url":"https:\/\/prodoctor.net\/blog\/wp-content\/uploads\/2017\/08\/Jaleco-veja-como-usar-e-lavar-corretamente.jpg","contentUrl":"https:\/\/prodoctor.net\/blog\/wp-content\/uploads\/2017\/08\/Jaleco-veja-como-usar-e-lavar-corretamente.jpg","width":770,"height":400,"caption":"Jaleco: veja como usar e lavar corretamente"},{"@type":"BreadcrumbList","@id":"https:\/\/prodoctor.net\/blog\/jaleco-veja-como-usar-e-lavar-corretamente\/#breadcrumb","itemListElement":[{"@type":"ListItem","position":1,"name":"In\u00edcio","item":"https:\/\/prodoctor.net\/blog\/"},{"@type":"ListItem","position":2,"name":"Jaleco: veja como usar e lavar corretamente"}]},{"@type":"WebSite","@id":"https:\/\/prodoctor.net\/blog\/#website","url":"https:\/\/prodoctor.net\/blog\/","name":"Blog ProDoctor","description":"Tudo sobre o mundo da Sa\u00fade","publisher":{"@id":"https:\/\/prodoctor.net\/blog\/#organization"},"potentialAction":[{"@type":"SearchAction","target":{"@type":"EntryPoint","urlTemplate":"https:\/\/prodoctor.net\/blog\/?s={search_term_string}"},"query-input":{"@type":"PropertyValueSpecification","valueRequired":true,"valueName":"search_term_string"}}],"inLanguage":"pt-BR"},{"@type":"Organization","@id":"https:\/\/prodoctor.net\/blog\/#organization","name":"ProDoctor Software S\/A","url":"https:\/\/prodoctor.net\/blog\/","logo":{"@type":"ImageObject","inLanguage":"pt-BR","@id":"https:\/\/prodoctor.net\/blog\/#\/schema\/logo\/image\/","url":"https:\/\/prodoctor.net\/blog\/wp-content\/uploads\/2017\/01\/Logo_PDo_Lateral.png","contentUrl":"https:\/\/prodoctor.net\/blog\/wp-content\/uploads\/2017\/01\/Logo_PDo_Lateral.png","width":2014,"height":485,"caption":"ProDoctor Software S\/A"},"image":{"@id":"https:\/\/prodoctor.net\/blog\/#\/schema\/logo\/image\/"},"sameAs":["https:\/\/www.facebook.com\/prodoctorsoftware","https:\/\/x.com\/prodoctorsoft","https:\/\/www.instagram.com\/prodoctorsoftware\/","https:\/\/www.linkedin.com\/company\/prodoctor-software-ltda","https:\/\/www.youtube.com\/channel\/UCIWuDLsVtIpX-PEqQn1pNlw"]},{"@type":"Person","@id":"https:\/\/prodoctor.net\/blog\/#\/schema\/person\/9d2c92975a3fd1e3b2950efdbebab143","name":"Fernanda Oliveira","image":{"@type":"ImageObject","inLanguage":"pt-BR","@id":"https:\/\/prodoctor.net\/blog\/#\/schema\/person\/image\/","url":"https:\/\/secure.gravatar.com\/avatar\/a7769cfb970d58508e05bff88507342bcff68e96c29159e8abd3f266d4c4f8be?s=96&d=mm&r=g","contentUrl":"https:\/\/secure.gravatar.com\/avatar\/a7769cfb970d58508e05bff88507342bcff68e96c29159e8abd3f266d4c4f8be?s=96&d=mm&r=g","caption":"Fernanda Oliveira"}}]}},"taxonomy_info":{"category":[{"value":413,"label":"Medicina e Sa\u00fade"}]},"featured_image_src_large":["https:\/\/prodoctor.net\/blog\/wp-content\/uploads\/2017\/08\/Jaleco-veja-como-usar-e-lavar-corretamente.jpg",770,400,false],"author_info":{"display_name":"Fernanda Oliveira","author_link":"https:\/\/prodoctor.net\/blog\/author\/fernanda-carolina\/"},"comment_info":7,"category_info":[{"term_id":413,"name":"Medicina e Sa\u00fade","slug":"medicina-e-saude","term_group":0,"term_taxonomy_id":413,"taxonomy":"category","description":"","parent":0,"count":148,"filter":"raw","cat_ID":413,"category_count":148,"category_description":"","cat_name":"Medicina e Sa\u00fade","category_nicename":"medicina-e-saude","category_parent":0}],"tag_info":false,"_links":{"self":[{"href":"https:\/\/prodoctor.net\/blog\/wp-json\/wp\/v2\/posts\/6239","targetHints":{"allow":["GET"]}}],"collection":[{"href":"https:\/\/prodoctor.net\/blog\/wp-json\/wp\/v2\/posts"}],"about":[{"href":"https:\/\/prodoctor.net\/blog\/wp-json\/wp\/v2\/types\/post"}],"author":[{"embeddable":true,"href":"https:\/\/prodoctor.net\/blog\/wp-json\/wp\/v2\/users\/2"}],"replies":[{"embeddable":true,"href":"https:\/\/prodoctor.net\/blog\/wp-json\/wp\/v2\/comments?post=6239"}],"version-history":[{"count":14,"href":"https:\/\/prodoctor.net\/blog\/wp-json\/wp\/v2\/posts\/6239\/revisions"}],"predecessor-version":[{"id":28381,"href":"https:\/\/prodoctor.net\/blog\/wp-json\/wp\/v2\/posts\/6239\/revisions\/28381"}],"wp:featuredmedia":[{"embeddable":true,"href":"https:\/\/prodoctor.net\/blog\/wp-json\/wp\/v2\/media\/19949"}],"wp:attachment":[{"href":"https:\/\/prodoctor.net\/blog\/wp-json\/wp\/v2\/media?parent=6239"}],"wp:term":[{"taxonomy":"category","embeddable":true,"href":"https:\/\/prodoctor.net\/blog\/wp-json\/wp\/v2\/categories?post=6239"},{"taxonomy":"post_tag","embeddable":true,"href":"https:\/\/prodoctor.net\/blog\/wp-json\/wp\/v2\/tags?post=6239"}],"curies":[{"name":"wp","href":"https:\/\/api.w.org\/{rel}","templated":true}]}}