{"id":5687,"date":"2017-05-15T15:03:12","date_gmt":"2017-05-15T18:03:12","guid":{"rendered":"https:\/\/prodoctor.net\/blog\/?p=5687"},"modified":"2024-02-29T11:36:14","modified_gmt":"2024-02-29T14:36:14","slug":"dia-nacional-do-controle-das-infeccoes-hospitalares","status":"publish","type":"post","link":"https:\/\/prodoctor.net\/blog\/dia-nacional-do-controle-das-infeccoes-hospitalares\/","title":{"rendered":"Dia Nacional do Controle das Infec\u00e7\u00f5es Hospitalares"},"content":{"rendered":"<p>O <strong>Dia Nacional do Controle das Infec\u00e7\u00f5es Hospitalares<\/strong> \u00e9 comemorado hoje, <strong>15 de maio<\/strong>. Nesta data, todas as unidades de sa\u00fade, atrav\u00e9s de seus respons\u00e1veis e especialmente os hospitais, mobilizam suas aten\u00e7\u00f5es para debater e real\u00e7ar a import\u00e2ncia de trabalhar permanentemente com um <strong>conjunto de medidas<\/strong> objetivando<strong> reduzir ao m\u00e1ximo<\/strong> poss\u00edvel a incid\u00eancia e a gravidade das <strong>infec\u00e7\u00f5es hospitalares<\/strong>.<\/p>\n<p>Os <strong>hospitais<\/strong> s\u00e3o considerados os locais mais comuns como <strong>fonte de transmiss\u00e3o de bact\u00e9rias multirresistentes<\/strong>. Em cada um existe um setor espec\u00edfico respons\u00e1vel pela implanta\u00e7\u00e3o de <strong>protocolos de biosseguran\u00e7a<\/strong>, determinando <strong>normas e procedimentos<\/strong> capazes de <strong>resguardar a sa\u00fade dos pacientes<\/strong>, de seus acompanhantes e visitantes, al\u00e9m dos m\u00e9dicos, enfermeiros e demais profissionais que trabalham na institui\u00e7\u00e3o.<\/p>\n<h3>Os perigos das infec\u00e7\u00f5es hospitalares<\/h3>\n<p><img decoding=\"async\" class=\"aligncenter wp-image-19152 size-full\" title=\"Os perigos das infec\u00e7\u00f5es hospitalares\" src=\"https:\/\/prodoctor.net\/blog\/wp-content\/uploads\/2021\/05\/humanizacao-atendimento-coronavirus-1.jpg\" alt=\"Os perigos das infec\u00e7\u00f5es hospitalares\" width=\"700\" height=\"250\" srcset=\"https:\/\/prodoctor.net\/blog\/wp-content\/uploads\/2021\/05\/humanizacao-atendimento-coronavirus-1.jpg 700w, https:\/\/prodoctor.net\/blog\/wp-content\/uploads\/2021\/05\/humanizacao-atendimento-coronavirus-1-300x107.jpg 300w\" sizes=\"(max-width: 700px) 100vw, 700px\" \/><\/p>\n<p>A <strong>infec\u00e7\u00e3o hospitalar<\/strong> \u00e9 um flagelo mundial, mas h\u00e1 bastante tempo que o panorama mudou para melhor, com uma <strong>conscientiza\u00e7\u00e3o<\/strong> muito maior acerca dos <strong>riscos que representa<\/strong> para as pessoas. Uma das medidas de preven\u00e7\u00e3o mais simples e importantes \u00e9 a correta <strong>higieniza\u00e7\u00e3o das m\u00e3os<\/strong>. Eficaz na preven\u00e7\u00e3o de infec\u00e7\u00f5es, este \u00e9 um <strong>princ\u00edpio b\u00e1sico de higiene<\/strong>, o qual deve ser praticado por todos.<\/p>\n<p>Hoje, a infec\u00e7\u00e3o hospitalar <strong>n\u00e3o \u00e9 mais<\/strong> o terr\u00edvel fantasma que tirava o sono de administradores, m\u00e9dicos, enfermeiros, pacientes ou qualquer pessoa que entrasse em uma unidade hospitalar para visitar seu parente. No Brasil, os sinais de alerta se intensificaram ap\u00f3s a agonia e morte do ex-presidente Tancredo Neves, em S\u00e3o Paulo, em 21 de abril de 1985, vitimado por uma infec\u00e7\u00e3o generalizada.<\/p>\n<h3>Preven\u00e7\u00e3o e controle das infec\u00e7\u00f5es hospitalares<\/h3>\n<p><img decoding=\"async\" class=\"aligncenter wp-image-19315 size-full\" title=\"Preven\u00e7\u00e3o e controle das infec\u00e7\u00f5es hospitalares\" src=\"https:\/\/prodoctor.net\/blog\/wp-content\/uploads\/2015\/09\/informata-biomedico-1.jpg\" alt=\"Os perigos das infec\u00e7\u00f5es hospitalares\" width=\"770\" height=\"250\" srcset=\"https:\/\/prodoctor.net\/blog\/wp-content\/uploads\/2015\/09\/informata-biomedico-1.jpg 770w, https:\/\/prodoctor.net\/blog\/wp-content\/uploads\/2015\/09\/informata-biomedico-1-300x97.jpg 300w, https:\/\/prodoctor.net\/blog\/wp-content\/uploads\/2015\/09\/informata-biomedico-1-768x249.jpg 768w\" sizes=\"(max-width: 770px) 100vw, 770px\" \/><\/p>\n<p>Desde ent\u00e3o, alguns termos como a infec\u00e7\u00e3o generalizada, a diverticulite e a septicemia passaram do exclusivo jarg\u00e3o m\u00e9dico para o dia a dia nos Meios de Comunica\u00e7\u00e3o de Massa (jornal, r\u00e1dio, televis\u00e3o e depois a internet). O termo se popularizou e os estabelecimentos de sa\u00fade se mobilizaram atrav\u00e9s da <strong>ado\u00e7\u00e3o de um conjunto de normas<\/strong> e com ampla conscientiza\u00e7\u00e3o interna, a fim de <strong>minimizar todas as amea\u00e7as de infec\u00e7\u00e3o<\/strong>.<\/p>\n<p><strong>Nenhum pa\u00eds<\/strong> ainda alcan\u00e7ou o <strong>controle absoluto da infec\u00e7\u00e3o hospitalar<\/strong>, mas existem muitos pa\u00edses que conseguiram <strong>reduzir bem<\/strong> o perigo, apresentando n\u00fameros mais baixos de contamina\u00e7\u00e3o. A <strong>preven\u00e7\u00e3o<\/strong> \u00e9 considerada como <strong>fator n\u00famero 1<\/strong> para o sucesso e depende muito mais de cada unidade de sa\u00fade e dos cuidados pessoais de seus trabalhadores do que das pessoas que precisam de uma consulta, interna\u00e7\u00e3o ou cirurgia.<\/p>\n<h4>Lavar as m\u00e3os<\/h4>\n<p>As <strong>medidas<\/strong> para <strong>evitar e conter as infec\u00e7\u00f5es<\/strong> envolvem medidas de qualifica\u00e7\u00e3o da assist\u00eancia hospitalar, de vigil\u00e2ncia sanit\u00e1ria e outras, que devem ser efetuadas no \u00e2mbito de cada munic\u00edpio e estado do pa\u00eds.<\/p>\n<h4>Ambiente sempre limpo<\/h4>\n<p>Confira tamb\u00e9m \u201c<a href=\"https:\/\/prodoctor.net\/blog\/como-ter-um-consultorio-ou-clinica-sustentavel\/\" target=\"_blank\" rel=\"noopener noreferrer\">Como ter um consult\u00f3rio ou cl\u00ednica sustent\u00e1vel<\/a>\u201d, em que abordamos, dentre outro t\u00f3picos, o <strong>descarte do lixo comum e tamb\u00e9m do lixo hospitalar<\/strong>, que deve seguir os procedimentos determinados pelo Plano de Gerenciamento de Res\u00edduos de Servi\u00e7os de Sa\u00fade.<\/p>\n","protected":false},"excerpt":{"rendered":"<p>O Dia Nacional do Controle das Infec\u00e7\u00f5es Hospitalares \u00e9 comemorado hoje, 15 de maio. Nesta data, todas as unidades&#8230;<\/p>\n","protected":false},"author":2,"featured_media":19330,"comment_status":"closed","ping_status":"open","sticky":false,"template":"","format":"standard","meta":{"_kad_blocks_custom_css":"","_kad_blocks_head_custom_js":"","_kad_blocks_body_custom_js":"","_kad_blocks_footer_custom_js":"","_kadence_starter_templates_imported_post":false,"_kad_post_transparent":"","_kad_post_title":"","_kad_post_layout":"","_kad_post_sidebar_id":"","_kad_post_content_style":"","_kad_post_vertical_padding":"","_kad_post_feature":"","_kad_post_feature_position":"","_kad_post_header":false,"_kad_post_footer":false,"footnotes":""},"categories":[412,414],"tags":[],"class_list":["post-5687","post","type-post","status-publish","format-standard","has-post-thumbnail","hentry","category-gestao-de-clinicas-e-consultorios","category-tecnologia-medicina"],"yoast_head":"<!-- This site is optimized with the Yoast SEO plugin v27.0 - https:\/\/yoast.com\/product\/yoast-seo-wordpress\/ -->\n<title>Dia Nacional do Controle das Infec\u00e7\u00f5es Hospitalares - Blog ProDoctor<\/title>\n<meta name=\"description\" content=\"\u00c9 comemorado hoje o Dia Nacional do Controle das Infec\u00e7\u00f5es Hospitalares. Saiba a import\u00e2ncia e como fazer a preven\u00e7\u00e3o e controle das infec\u00e7\u00f5es hospitalares.\" \/>\n<meta name=\"robots\" content=\"index, follow, max-snippet:-1, max-image-preview:large, max-video-preview:-1\" \/>\n<link rel=\"canonical\" href=\"https:\/\/prodoctor.net\/blog\/dia-nacional-do-controle-das-infeccoes-hospitalares\/\" \/>\n<meta property=\"og:locale\" content=\"pt_BR\" \/>\n<meta property=\"og:type\" content=\"article\" \/>\n<meta property=\"og:title\" content=\"Dia Nacional do Controle das Infec\u00e7\u00f5es Hospitalares - Blog ProDoctor\" \/>\n<meta property=\"og:description\" content=\"\u00c9 comemorado hoje o Dia Nacional do Controle das Infec\u00e7\u00f5es Hospitalares. Saiba a import\u00e2ncia e como fazer a preven\u00e7\u00e3o e controle das infec\u00e7\u00f5es hospitalares.\" \/>\n<meta property=\"og:url\" content=\"https:\/\/prodoctor.net\/blog\/dia-nacional-do-controle-das-infeccoes-hospitalares\/\" \/>\n<meta property=\"og:site_name\" content=\"Blog ProDoctor\" \/>\n<meta property=\"article:publisher\" content=\"https:\/\/www.facebook.com\/prodoctorsoftware\" \/>\n<meta property=\"article:published_time\" content=\"2017-05-15T18:03:12+00:00\" \/>\n<meta property=\"article:modified_time\" content=\"2024-02-29T14:36:14+00:00\" \/>\n<meta property=\"og:image\" content=\"https:\/\/prodoctor.net\/blog\/wp-content\/uploads\/2015\/10\/Anestesia-1.jpg\" \/>\n\t<meta property=\"og:image:width\" content=\"770\" \/>\n\t<meta property=\"og:image:height\" content=\"400\" \/>\n\t<meta property=\"og:image:type\" content=\"image\/jpeg\" \/>\n<meta name=\"author\" content=\"Fernanda Oliveira\" \/>\n<meta name=\"twitter:card\" content=\"summary_large_image\" \/>\n<meta name=\"twitter:creator\" content=\"@prodoctorsoft\" \/>\n<meta name=\"twitter:site\" content=\"@prodoctorsoft\" \/>\n<meta name=\"twitter:label1\" content=\"Escrito por\" \/>\n\t<meta name=\"twitter:data1\" content=\"Fernanda Oliveira\" \/>\n\t<meta name=\"twitter:label2\" content=\"Est. tempo de leitura\" \/>\n\t<meta name=\"twitter:data2\" content=\"4 minutos\" \/>\n<script type=\"application\/ld+json\" class=\"yoast-schema-graph\">{\"@context\":\"https:\/\/schema.org\",\"@graph\":[{\"@type\":\"Article\",\"@id\":\"https:\/\/prodoctor.net\/blog\/dia-nacional-do-controle-das-infeccoes-hospitalares\/#article\",\"isPartOf\":{\"@id\":\"https:\/\/prodoctor.net\/blog\/dia-nacional-do-controle-das-infeccoes-hospitalares\/\"},\"author\":{\"name\":\"Fernanda Oliveira\",\"@id\":\"https:\/\/prodoctor.net\/blog\/#\/schema\/person\/9d2c92975a3fd1e3b2950efdbebab143\"},\"headline\":\"Dia Nacional do Controle das Infec\u00e7\u00f5es Hospitalares\",\"datePublished\":\"2017-05-15T18:03:12+00:00\",\"dateModified\":\"2024-02-29T14:36:14+00:00\",\"mainEntityOfPage\":{\"@id\":\"https:\/\/prodoctor.net\/blog\/dia-nacional-do-controle-das-infeccoes-hospitalares\/\"},\"wordCount\":546,\"publisher\":{\"@id\":\"https:\/\/prodoctor.net\/blog\/#organization\"},\"image\":{\"@id\":\"https:\/\/prodoctor.net\/blog\/dia-nacional-do-controle-das-infeccoes-hospitalares\/#primaryimage\"},\"thumbnailUrl\":\"https:\/\/prodoctor.net\/blog\/wp-content\/uploads\/2015\/10\/Anestesia-1.jpg\",\"articleSection\":[\"Gest\u00e3o de Cl\u00ednicas e Consult\u00f3rios\",\"Tecnologia na Medicina\"],\"inLanguage\":\"pt-BR\"},{\"@type\":\"WebPage\",\"@id\":\"https:\/\/prodoctor.net\/blog\/dia-nacional-do-controle-das-infeccoes-hospitalares\/\",\"url\":\"https:\/\/prodoctor.net\/blog\/dia-nacional-do-controle-das-infeccoes-hospitalares\/\",\"name\":\"Dia Nacional do Controle das Infec\u00e7\u00f5es Hospitalares - Blog ProDoctor\",\"isPartOf\":{\"@id\":\"https:\/\/prodoctor.net\/blog\/#website\"},\"primaryImageOfPage\":{\"@id\":\"https:\/\/prodoctor.net\/blog\/dia-nacional-do-controle-das-infeccoes-hospitalares\/#primaryimage\"},\"image\":{\"@id\":\"https:\/\/prodoctor.net\/blog\/dia-nacional-do-controle-das-infeccoes-hospitalares\/#primaryimage\"},\"thumbnailUrl\":\"https:\/\/prodoctor.net\/blog\/wp-content\/uploads\/2015\/10\/Anestesia-1.jpg\",\"datePublished\":\"2017-05-15T18:03:12+00:00\",\"dateModified\":\"2024-02-29T14:36:14+00:00\",\"description\":\"\u00c9 comemorado hoje o Dia Nacional do Controle das Infec\u00e7\u00f5es Hospitalares. Saiba a import\u00e2ncia e como fazer a preven\u00e7\u00e3o e controle das infec\u00e7\u00f5es hospitalares.\",\"breadcrumb\":{\"@id\":\"https:\/\/prodoctor.net\/blog\/dia-nacional-do-controle-das-infeccoes-hospitalares\/#breadcrumb\"},\"inLanguage\":\"pt-BR\",\"potentialAction\":[{\"@type\":\"ReadAction\",\"target\":[\"https:\/\/prodoctor.net\/blog\/dia-nacional-do-controle-das-infeccoes-hospitalares\/\"]}]},{\"@type\":\"ImageObject\",\"inLanguage\":\"pt-BR\",\"@id\":\"https:\/\/prodoctor.net\/blog\/dia-nacional-do-controle-das-infeccoes-hospitalares\/#primaryimage\",\"url\":\"https:\/\/prodoctor.net\/blog\/wp-content\/uploads\/2015\/10\/Anestesia-1.jpg\",\"contentUrl\":\"https:\/\/prodoctor.net\/blog\/wp-content\/uploads\/2015\/10\/Anestesia-1.jpg\",\"width\":770,\"height\":400,\"caption\":\"Dia Nacional do Controle das Infec\u00e7\u00f5es Hospitalares\"},{\"@type\":\"BreadcrumbList\",\"@id\":\"https:\/\/prodoctor.net\/blog\/dia-nacional-do-controle-das-infeccoes-hospitalares\/#breadcrumb\",\"itemListElement\":[{\"@type\":\"ListItem\",\"position\":1,\"name\":\"In\u00edcio\",\"item\":\"https:\/\/prodoctor.net\/blog\/\"},{\"@type\":\"ListItem\",\"position\":2,\"name\":\"Dia Nacional do Controle das Infec\u00e7\u00f5es Hospitalares\"}]},{\"@type\":\"WebSite\",\"@id\":\"https:\/\/prodoctor.net\/blog\/#website\",\"url\":\"https:\/\/prodoctor.net\/blog\/\",\"name\":\"Blog ProDoctor\",\"description\":\"Tudo sobre o mundo da Sa\u00fade\",\"publisher\":{\"@id\":\"https:\/\/prodoctor.net\/blog\/#organization\"},\"potentialAction\":[{\"@type\":\"SearchAction\",\"target\":{\"@type\":\"EntryPoint\",\"urlTemplate\":\"https:\/\/prodoctor.net\/blog\/?s={search_term_string}\"},\"query-input\":{\"@type\":\"PropertyValueSpecification\",\"valueRequired\":true,\"valueName\":\"search_term_string\"}}],\"inLanguage\":\"pt-BR\"},{\"@type\":\"Organization\",\"@id\":\"https:\/\/prodoctor.net\/blog\/#organization\",\"name\":\"ProDoctor Software S\/A\",\"url\":\"https:\/\/prodoctor.net\/blog\/\",\"logo\":{\"@type\":\"ImageObject\",\"inLanguage\":\"pt-BR\",\"@id\":\"https:\/\/prodoctor.net\/blog\/#\/schema\/logo\/image\/\",\"url\":\"https:\/\/prodoctor.net\/blog\/wp-content\/uploads\/2017\/01\/Logo_PDo_Lateral.png\",\"contentUrl\":\"https:\/\/prodoctor.net\/blog\/wp-content\/uploads\/2017\/01\/Logo_PDo_Lateral.png\",\"width\":2014,\"height\":485,\"caption\":\"ProDoctor Software S\/A\"},\"image\":{\"@id\":\"https:\/\/prodoctor.net\/blog\/#\/schema\/logo\/image\/\"},\"sameAs\":[\"https:\/\/www.facebook.com\/prodoctorsoftware\",\"https:\/\/x.com\/prodoctorsoft\",\"https:\/\/www.instagram.com\/prodoctorsoftware\/\",\"https:\/\/www.linkedin.com\/company\/prodoctor-software-ltda\",\"https:\/\/www.youtube.com\/channel\/UCIWuDLsVtIpX-PEqQn1pNlw\"]},{\"@type\":\"Person\",\"@id\":\"https:\/\/prodoctor.net\/blog\/#\/schema\/person\/9d2c92975a3fd1e3b2950efdbebab143\",\"name\":\"Fernanda Oliveira\",\"image\":{\"@type\":\"ImageObject\",\"inLanguage\":\"pt-BR\",\"@id\":\"https:\/\/prodoctor.net\/blog\/#\/schema\/person\/image\/\",\"url\":\"https:\/\/secure.gravatar.com\/avatar\/a7769cfb970d58508e05bff88507342bcff68e96c29159e8abd3f266d4c4f8be?s=96&d=mm&r=g\",\"contentUrl\":\"https:\/\/secure.gravatar.com\/avatar\/a7769cfb970d58508e05bff88507342bcff68e96c29159e8abd3f266d4c4f8be?s=96&d=mm&r=g\",\"caption\":\"Fernanda Oliveira\"}}]}<\/script>\n<!-- \/ Yoast SEO plugin. -->","yoast_head_json":{"title":"Dia Nacional do Controle das Infec\u00e7\u00f5es Hospitalares - Blog ProDoctor","description":"\u00c9 comemorado hoje o Dia Nacional do Controle das Infec\u00e7\u00f5es Hospitalares. Saiba a import\u00e2ncia e como fazer a preven\u00e7\u00e3o e controle das infec\u00e7\u00f5es hospitalares.","robots":{"index":"index","follow":"follow","max-snippet":"max-snippet:-1","max-image-preview":"max-image-preview:large","max-video-preview":"max-video-preview:-1"},"canonical":"https:\/\/prodoctor.net\/blog\/dia-nacional-do-controle-das-infeccoes-hospitalares\/","og_locale":"pt_BR","og_type":"article","og_title":"Dia Nacional do Controle das Infec\u00e7\u00f5es Hospitalares - Blog ProDoctor","og_description":"\u00c9 comemorado hoje o Dia Nacional do Controle das Infec\u00e7\u00f5es Hospitalares. Saiba a import\u00e2ncia e como fazer a preven\u00e7\u00e3o e controle das infec\u00e7\u00f5es hospitalares.","og_url":"https:\/\/prodoctor.net\/blog\/dia-nacional-do-controle-das-infeccoes-hospitalares\/","og_site_name":"Blog ProDoctor","article_publisher":"https:\/\/www.facebook.com\/prodoctorsoftware","article_published_time":"2017-05-15T18:03:12+00:00","article_modified_time":"2024-02-29T14:36:14+00:00","og_image":[{"width":770,"height":400,"url":"https:\/\/prodoctor.net\/blog\/wp-content\/uploads\/2015\/10\/Anestesia-1.jpg","type":"image\/jpeg"}],"author":"Fernanda Oliveira","twitter_card":"summary_large_image","twitter_creator":"@prodoctorsoft","twitter_site":"@prodoctorsoft","twitter_misc":{"Escrito por":"Fernanda Oliveira","Est. tempo de leitura":"4 minutos"},"schema":{"@context":"https:\/\/schema.org","@graph":[{"@type":"Article","@id":"https:\/\/prodoctor.net\/blog\/dia-nacional-do-controle-das-infeccoes-hospitalares\/#article","isPartOf":{"@id":"https:\/\/prodoctor.net\/blog\/dia-nacional-do-controle-das-infeccoes-hospitalares\/"},"author":{"name":"Fernanda Oliveira","@id":"https:\/\/prodoctor.net\/blog\/#\/schema\/person\/9d2c92975a3fd1e3b2950efdbebab143"},"headline":"Dia Nacional do Controle das Infec\u00e7\u00f5es Hospitalares","datePublished":"2017-05-15T18:03:12+00:00","dateModified":"2024-02-29T14:36:14+00:00","mainEntityOfPage":{"@id":"https:\/\/prodoctor.net\/blog\/dia-nacional-do-controle-das-infeccoes-hospitalares\/"},"wordCount":546,"publisher":{"@id":"https:\/\/prodoctor.net\/blog\/#organization"},"image":{"@id":"https:\/\/prodoctor.net\/blog\/dia-nacional-do-controle-das-infeccoes-hospitalares\/#primaryimage"},"thumbnailUrl":"https:\/\/prodoctor.net\/blog\/wp-content\/uploads\/2015\/10\/Anestesia-1.jpg","articleSection":["Gest\u00e3o de Cl\u00ednicas e Consult\u00f3rios","Tecnologia na Medicina"],"inLanguage":"pt-BR"},{"@type":"WebPage","@id":"https:\/\/prodoctor.net\/blog\/dia-nacional-do-controle-das-infeccoes-hospitalares\/","url":"https:\/\/prodoctor.net\/blog\/dia-nacional-do-controle-das-infeccoes-hospitalares\/","name":"Dia Nacional do Controle das Infec\u00e7\u00f5es Hospitalares - Blog ProDoctor","isPartOf":{"@id":"https:\/\/prodoctor.net\/blog\/#website"},"primaryImageOfPage":{"@id":"https:\/\/prodoctor.net\/blog\/dia-nacional-do-controle-das-infeccoes-hospitalares\/#primaryimage"},"image":{"@id":"https:\/\/prodoctor.net\/blog\/dia-nacional-do-controle-das-infeccoes-hospitalares\/#primaryimage"},"thumbnailUrl":"https:\/\/prodoctor.net\/blog\/wp-content\/uploads\/2015\/10\/Anestesia-1.jpg","datePublished":"2017-05-15T18:03:12+00:00","dateModified":"2024-02-29T14:36:14+00:00","description":"\u00c9 comemorado hoje o Dia Nacional do Controle das Infec\u00e7\u00f5es Hospitalares. Saiba a import\u00e2ncia e como fazer a preven\u00e7\u00e3o e controle das infec\u00e7\u00f5es hospitalares.","breadcrumb":{"@id":"https:\/\/prodoctor.net\/blog\/dia-nacional-do-controle-das-infeccoes-hospitalares\/#breadcrumb"},"inLanguage":"pt-BR","potentialAction":[{"@type":"ReadAction","target":["https:\/\/prodoctor.net\/blog\/dia-nacional-do-controle-das-infeccoes-hospitalares\/"]}]},{"@type":"ImageObject","inLanguage":"pt-BR","@id":"https:\/\/prodoctor.net\/blog\/dia-nacional-do-controle-das-infeccoes-hospitalares\/#primaryimage","url":"https:\/\/prodoctor.net\/blog\/wp-content\/uploads\/2015\/10\/Anestesia-1.jpg","contentUrl":"https:\/\/prodoctor.net\/blog\/wp-content\/uploads\/2015\/10\/Anestesia-1.jpg","width":770,"height":400,"caption":"Dia Nacional do Controle das Infec\u00e7\u00f5es Hospitalares"},{"@type":"BreadcrumbList","@id":"https:\/\/prodoctor.net\/blog\/dia-nacional-do-controle-das-infeccoes-hospitalares\/#breadcrumb","itemListElement":[{"@type":"ListItem","position":1,"name":"In\u00edcio","item":"https:\/\/prodoctor.net\/blog\/"},{"@type":"ListItem","position":2,"name":"Dia Nacional do Controle das Infec\u00e7\u00f5es Hospitalares"}]},{"@type":"WebSite","@id":"https:\/\/prodoctor.net\/blog\/#website","url":"https:\/\/prodoctor.net\/blog\/","name":"Blog ProDoctor","description":"Tudo sobre o mundo da Sa\u00fade","publisher":{"@id":"https:\/\/prodoctor.net\/blog\/#organization"},"potentialAction":[{"@type":"SearchAction","target":{"@type":"EntryPoint","urlTemplate":"https:\/\/prodoctor.net\/blog\/?s={search_term_string}"},"query-input":{"@type":"PropertyValueSpecification","valueRequired":true,"valueName":"search_term_string"}}],"inLanguage":"pt-BR"},{"@type":"Organization","@id":"https:\/\/prodoctor.net\/blog\/#organization","name":"ProDoctor Software S\/A","url":"https:\/\/prodoctor.net\/blog\/","logo":{"@type":"ImageObject","inLanguage":"pt-BR","@id":"https:\/\/prodoctor.net\/blog\/#\/schema\/logo\/image\/","url":"https:\/\/prodoctor.net\/blog\/wp-content\/uploads\/2017\/01\/Logo_PDo_Lateral.png","contentUrl":"https:\/\/prodoctor.net\/blog\/wp-content\/uploads\/2017\/01\/Logo_PDo_Lateral.png","width":2014,"height":485,"caption":"ProDoctor Software S\/A"},"image":{"@id":"https:\/\/prodoctor.net\/blog\/#\/schema\/logo\/image\/"},"sameAs":["https:\/\/www.facebook.com\/prodoctorsoftware","https:\/\/x.com\/prodoctorsoft","https:\/\/www.instagram.com\/prodoctorsoftware\/","https:\/\/www.linkedin.com\/company\/prodoctor-software-ltda","https:\/\/www.youtube.com\/channel\/UCIWuDLsVtIpX-PEqQn1pNlw"]},{"@type":"Person","@id":"https:\/\/prodoctor.net\/blog\/#\/schema\/person\/9d2c92975a3fd1e3b2950efdbebab143","name":"Fernanda Oliveira","image":{"@type":"ImageObject","inLanguage":"pt-BR","@id":"https:\/\/prodoctor.net\/blog\/#\/schema\/person\/image\/","url":"https:\/\/secure.gravatar.com\/avatar\/a7769cfb970d58508e05bff88507342bcff68e96c29159e8abd3f266d4c4f8be?s=96&d=mm&r=g","contentUrl":"https:\/\/secure.gravatar.com\/avatar\/a7769cfb970d58508e05bff88507342bcff68e96c29159e8abd3f266d4c4f8be?s=96&d=mm&r=g","caption":"Fernanda Oliveira"}}]}},"taxonomy_info":{"category":[{"value":412,"label":"Gest\u00e3o de Cl\u00ednicas e Consult\u00f3rios"},{"value":414,"label":"Tecnologia na Medicina"}]},"featured_image_src_large":["https:\/\/prodoctor.net\/blog\/wp-content\/uploads\/2015\/10\/Anestesia-1.jpg",770,400,false],"author_info":{"display_name":"Fernanda Oliveira","author_link":"https:\/\/prodoctor.net\/blog\/author\/fernanda-carolina\/"},"comment_info":0,"category_info":[{"term_id":412,"name":"Gest\u00e3o de Cl\u00ednicas e Consult\u00f3rios","slug":"gestao-de-clinicas-e-consultorios","term_group":0,"term_taxonomy_id":412,"taxonomy":"category","description":"","parent":0,"count":293,"filter":"raw","cat_ID":412,"category_count":293,"category_description":"","cat_name":"Gest\u00e3o de Cl\u00ednicas e Consult\u00f3rios","category_nicename":"gestao-de-clinicas-e-consultorios","category_parent":0},{"term_id":414,"name":"Tecnologia na Medicina","slug":"tecnologia-medicina","term_group":0,"term_taxonomy_id":414,"taxonomy":"category","description":"","parent":0,"count":157,"filter":"raw","cat_ID":414,"category_count":157,"category_description":"","cat_name":"Tecnologia na Medicina","category_nicename":"tecnologia-medicina","category_parent":0}],"tag_info":false,"_links":{"self":[{"href":"https:\/\/prodoctor.net\/blog\/wp-json\/wp\/v2\/posts\/5687","targetHints":{"allow":["GET"]}}],"collection":[{"href":"https:\/\/prodoctor.net\/blog\/wp-json\/wp\/v2\/posts"}],"about":[{"href":"https:\/\/prodoctor.net\/blog\/wp-json\/wp\/v2\/types\/post"}],"author":[{"embeddable":true,"href":"https:\/\/prodoctor.net\/blog\/wp-json\/wp\/v2\/users\/2"}],"replies":[{"embeddable":true,"href":"https:\/\/prodoctor.net\/blog\/wp-json\/wp\/v2\/comments?post=5687"}],"version-history":[{"count":9,"href":"https:\/\/prodoctor.net\/blog\/wp-json\/wp\/v2\/posts\/5687\/revisions"}],"predecessor-version":[{"id":28447,"href":"https:\/\/prodoctor.net\/blog\/wp-json\/wp\/v2\/posts\/5687\/revisions\/28447"}],"wp:featuredmedia":[{"embeddable":true,"href":"https:\/\/prodoctor.net\/blog\/wp-json\/wp\/v2\/media\/19330"}],"wp:attachment":[{"href":"https:\/\/prodoctor.net\/blog\/wp-json\/wp\/v2\/media?parent=5687"}],"wp:term":[{"taxonomy":"category","embeddable":true,"href":"https:\/\/prodoctor.net\/blog\/wp-json\/wp\/v2\/categories?post=5687"},{"taxonomy":"post_tag","embeddable":true,"href":"https:\/\/prodoctor.net\/blog\/wp-json\/wp\/v2\/tags?post=5687"}],"curies":[{"name":"wp","href":"https:\/\/api.w.org\/{rel}","templated":true}]}}