{"id":3637,"date":"2018-09-10T14:00:08","date_gmt":"2018-09-10T17:00:08","guid":{"rendered":"https:\/\/prodoctor.net\/blog\/?p=3637"},"modified":"2019-02-26T14:26:33","modified_gmt":"2019-02-26T17:26:33","slug":"dia-mundial-de-prevencao-do-suicidio","status":"publish","type":"post","link":"https:\/\/prodoctor.net\/blog\/dia-mundial-de-prevencao-do-suicidio\/","title":{"rendered":"Dia Mundial de Preven\u00e7\u00e3o do Suic\u00eddio"},"content":{"rendered":"<p>Um sil\u00eancio respeitoso acompanha o desconforto e o receio de se falar a respeito, mas hoje, 10 de setembro, <strong>Dia Mundial de Preven\u00e7\u00e3o do Suic\u00eddio<\/strong>, os sinais de alerta soam mais fortes como um grito de que \u00e9 poss\u00edvel prevenir a fatalidade.<\/p>\n<p>A triste decis\u00e3o de uma pessoa atentar contra a pr\u00f3pria vida <strong>\u00e9 mais comum do que se imagina em todo o mundo<\/strong> e as estat\u00edsticas revelam\u00a0que o suic\u00eddio acomete mais de <strong>800 mil pessoas<\/strong>, segundo a Organiza\u00e7\u00e3o Mundial da Sa\u00fade (OMS). \u00c9 a<strong> segunda causa de morte no planeta<\/strong> entre jovens de 15 a 29 anos \u2014 a primeira \u00e9 a viol\u00eancia.<\/p>\n<h3>Suic\u00eddio no Brasil<\/h3>\n<p>De acordo com o Minist\u00e9rio da Sa\u00fade, o suic\u00eddio aumentou<strong> gradativamente no Brasil<\/strong> entre 2000 e 2016: foi de 6.780 para 11.736, uma <strong>alta de 73% nesse<\/strong> per\u00edodo e as maiores taxas de crescimento foram registradas <strong>entre jovens e idosos<\/strong>. Em 2015,\u00a0ele foi a <strong>quarta causa de morte<\/strong> nessa mesma faixa et\u00e1ria, ficando atr\u00e1s de viol\u00eancia e acidente de tr\u00e2nsito.<\/p>\n<p>O\u00a0maior \u00edndice de suic\u00eddio est\u00e1 entre os <strong>homens (79%)<\/strong>, mas a maior incid\u00eancia de tentativa de suic\u00eddio est\u00e1 entre as mulheres.<\/p>\n<p>Embora o <strong>transtorno psiqui\u00e1trico <\/strong>seja condi\u00e7\u00e3o necess\u00e1ria, n\u00e3o \u00e9 suficiente para o<strong> comportamento suicida<\/strong>. Dados recolhidos em todo o mundo apontam que <strong>90% <\/strong>dos casos de suic\u00eddio<strong> poderiam ser evitados<\/strong>. Al\u00e9m disso, um <strong>melhor acolhimento<\/strong> nos servi\u00e7os de sa\u00fade poderia ajudar muito mais.<\/p>\n<p><iframe src=\"https:\/\/www.youtube.com\/embed\/4hAJO2t0DBs\" width=\"770\" height=\"400\" frameborder=\"0\" allowfullscreen=\"allowfullscreen\"><\/iframe><\/p>\n<h3>Preven\u00e7\u00e3o do Suic\u00eddio<\/h3>\n<h4>1 &#8211; Diretrizes<\/h4>\n<p>Em 2006, o Minist\u00e9rio da Sa\u00fade criou as <strong>Diretrizes Nacionais para a Preven\u00e7\u00e3o do Suic\u00eddio<\/strong>, atrav\u00e9s da Portaria n\u00ba 1.876, abordando a implanta\u00e7\u00e3o <em>\u201cem todas as unidades federadas, respeitadas as compet\u00eancias das tr\u00eas esferas de gest\u00e3o\u201d<\/em>.\u00a0 Alguns pontos prescritos no artigo 2\u00ba:<\/p>\n<ul>\n<li>I &#8211; desenvolver estrat\u00e9gias de <strong>promo\u00e7\u00e3o de qualidade de vida<\/strong>, de educa\u00e7\u00e3o, de prote\u00e7\u00e3o e de recupera\u00e7\u00e3o da sa\u00fade e de preven\u00e7\u00e3o de danos;<\/li>\n<li>II &#8211; desenvolver estrat\u00e9gias de informa\u00e7\u00e3o, de comunica\u00e7\u00e3o e de sensibiliza\u00e7\u00e3o da sociedade de que o<strong> suic\u00eddio \u00e9 um problema de sa\u00fade p\u00fablica que pode ser prevenido<\/strong>;<\/li>\n<li>III &#8211; <strong>organizar linha de cuidados integrais<\/strong> (promo\u00e7\u00e3o, preven\u00e7\u00e3o, tratamento e recupera\u00e7\u00e3o) em todos os n\u00edveis de aten\u00e7\u00e3o, garantindo o acesso \u00e0s diferentes modalidades terap\u00eauticas.<\/li>\n<\/ul>\n<h4>2 &#8211; Campanhas<\/h4>\n<p>Atrav\u00e9s das redes sociais, o <strong>CFM<\/strong> e a <strong>ABP<\/strong> lan\u00e7aram a <strong>Campanha Nacional de Preven\u00e7\u00e3o ao Suic\u00eddio<\/strong>, com as entidades solicitando aos m\u00e9dicos e \u00e0 sociedade para <strong>postarem fotos com destaque \u00e0 cor amarela<\/strong>, marcando com a <strong>hastag<\/strong> <em><strong>#AcreditoNaVida<\/strong><\/em>. O objetivo do CFM e da ABP \u00e9 sensibilizar todos para a <strong>import\u00e2ncia e gravidade do tema<\/strong>, simbolizando o <strong>compromisso com a vida<\/strong>, uma vez que a cor amarela significa vida, luz, alegria, um contraponto simb\u00f3lico ideal do problema.<\/p>\n<p>ABP e CFM consideram que <strong>inexiste uma pol\u00edtica de aten\u00e7\u00e3o<\/strong>, com infraestrutura e recursos humanos suficientes, para ajudar quem sobre com stress, depress\u00e3o e esquizofrenia, transtornos que podem levar ao<strong> desejo suicida<\/strong>.<\/p>\n<h4>3 &#8211; Cartilha<\/h4>\n<p>Em 2014, o Conselho Federal de Medicina e a Associa\u00e7\u00e3o Brasileira de Psiquiatria firmaram parceria para c<strong>ombater os altos \u00edndices de suic\u00eddio no Brasil e lan\u00e7aram o manual<\/strong> \u201c<em>Suic\u00eddio: Informando para Prevenir\u201d<\/em>, com um <strong>estudo acerca do comportamento suicida do brasileiro<\/strong> ao longo da vida, considerando-se um habitante a cada 100. Das 17 pessoas que pensam a respeito, cinco planejam, tr\u00eas tentam efetivamente e uma chega ao autoexterm\u00ednio.<\/p>\n<p>O objetivo \u00e9 <strong>orientar os m\u00e9dicos e profissionais da \u00e1rea de sa\u00fade<\/strong> em casos de tentativa de suic\u00eddio ou para <strong>identificarem poss\u00edveis casos<\/strong> em seus pacientes. O manual fala sobre como<strong> abordar um paciente<\/strong>, explica de que forma as doen\u00e7as mentais podem estar relacionadas ao suic\u00eddio, os fatores psicossociais e cont\u00e9m dados atualizados sobre o tema.<\/p>\n<h4>\u00a0<\/h4>\n<h4>4 &#8211; Facebook<\/h4>\n<p>Nas redes sociais, o <strong>Facebook<\/strong>, em parceria com o <strong>Centro de Valoriza\u00e7\u00e3o da Vida<\/strong>, lan\u00e7ou em junho passado uma ferramenta, com dicas simples, que <strong>atuam como preven\u00e7\u00e3o<\/strong> e podem salvar uma vida. Caso um usu\u00e1rio perceba que outro est\u00e1, por meio de postagens, <strong>manifestando idea\u00e7\u00e3o suicida<\/strong>, poder\u00e1 <strong>acionar o Facebook<\/strong> e <strong>receber no\u00e7\u00f5es de que tipo de apoio poder\u00e1 dar<\/strong> a quem est\u00e1 em sofrimento. Al\u00e9m disso, a v\u00edtima tamb\u00e9m pode contar com uma <strong>ajuda on-line<\/strong>, sem necessidade de se identificar.<\/p>\n<h4>5 &#8211; Jogos<\/h4>\n<p>Na Fiocruz, um <strong>jogo web<\/strong> tamb\u00e9m <strong>soma-se \u00e0 luta pela preven\u00e7\u00e3o<\/strong>. Trata-se do <strong>Depression Rescue<\/strong> (nome provis\u00f3rio), criado pelo N\u00facleo de Jogos Digitais do Multimeios do Icict\/Fiocruz, que enfoca a quest\u00e3o da depress\u00e3o, um dos principais gatilhos da idea\u00e7\u00e3o suicida.<\/p>\n<p>Seu objetivo \u00e9 <strong>identificar as pessoas com transtorno de espectro depressivo<\/strong> e tentar aproxim\u00e1-las de uma rede de amigos para que r<strong>ecebam suporte e possam ser encaminhadas a um profissional de sa\u00fade<\/strong>. Cada \u201cpartida\u201d dura apenas dois minutos e <strong>ganha quem consegue ajudar o maior n\u00famero de pessoas<\/strong>. Ainda em <strong>fase de testes finais<\/strong>, j\u00e1 pode ser acessado e est\u00e1 dispon\u00edvel para as plataformas PC e MAC, mas ainda sem previs\u00e3o de ser lan\u00e7ado em tablet ou celular.<\/p>\n","protected":false},"excerpt":{"rendered":"<p>Um sil\u00eancio respeitoso acompanha o desconforto e o receio de se falar a respeito, mas hoje, 10 de setembro,&#8230;<\/p>\n","protected":false},"author":1,"featured_media":7906,"comment_status":"closed","ping_status":"open","sticky":false,"template":"","format":"standard","meta":{"_kad_blocks_custom_css":"","_kad_blocks_head_custom_js":"","_kad_blocks_body_custom_js":"","_kad_blocks_footer_custom_js":"","_kadence_starter_templates_imported_post":false,"_kad_post_transparent":"","_kad_post_title":"","_kad_post_layout":"","_kad_post_sidebar_id":"","_kad_post_content_style":"","_kad_post_vertical_padding":"","_kad_post_feature":"","_kad_post_feature_position":"","_kad_post_header":false,"_kad_post_footer":false,"footnotes":""},"categories":[410],"tags":[],"class_list":["post-3637","post","type-post","status-publish","format-standard","has-post-thumbnail","hentry","category-datas-comemorativas-da-saude"],"yoast_head":"<!-- This site is optimized with the Yoast SEO plugin v27.0 - https:\/\/yoast.com\/product\/yoast-seo-wordpress\/ -->\n<title>Dia Mundial de Preven\u00e7\u00e3o do Suic\u00eddio - Blog ProDoctor<\/title>\n<meta name=\"description\" content=\"O dia 10 de setembro \u00e9 uma data lembrada como o Dia Mundial de Preven\u00e7\u00e3o do Suic\u00eddio. Data para a chamar a aten\u00e7\u00e3o para essa triste realidade.\" \/>\n<meta name=\"robots\" content=\"index, follow, max-snippet:-1, max-image-preview:large, max-video-preview:-1\" \/>\n<link rel=\"canonical\" href=\"https:\/\/prodoctor.net\/blog\/dia-mundial-de-prevencao-do-suicidio\/\" \/>\n<meta property=\"og:locale\" content=\"pt_BR\" \/>\n<meta property=\"og:type\" content=\"article\" \/>\n<meta property=\"og:title\" content=\"Dia Mundial de Preven\u00e7\u00e3o do Suic\u00eddio - Blog ProDoctor\" \/>\n<meta property=\"og:description\" content=\"O dia 10 de setembro \u00e9 uma data lembrada como o Dia Mundial de Preven\u00e7\u00e3o do Suic\u00eddio. Data para a chamar a aten\u00e7\u00e3o para essa triste realidade.\" \/>\n<meta property=\"og:url\" content=\"https:\/\/prodoctor.net\/blog\/dia-mundial-de-prevencao-do-suicidio\/\" \/>\n<meta property=\"og:site_name\" content=\"Blog ProDoctor\" \/>\n<meta property=\"article:publisher\" content=\"https:\/\/www.facebook.com\/prodoctorsoftware\" \/>\n<meta property=\"article:published_time\" content=\"2018-09-10T17:00:08+00:00\" \/>\n<meta property=\"article:modified_time\" content=\"2019-02-26T17:26:33+00:00\" \/>\n<meta property=\"og:image\" content=\"https:\/\/prodoctor.net\/blog\/wp-content\/uploads\/2016\/09\/Dia-Mundial-de-Prevencao-do-Suicidio.png\" \/>\n\t<meta property=\"og:image:width\" content=\"770\" \/>\n\t<meta property=\"og:image:height\" content=\"400\" \/>\n\t<meta property=\"og:image:type\" content=\"image\/png\" \/>\n<meta name=\"author\" content=\"ProDoctor Software\" \/>\n<meta name=\"twitter:card\" content=\"summary_large_image\" \/>\n<meta name=\"twitter:creator\" content=\"@prodoctorsoft\" \/>\n<meta name=\"twitter:site\" content=\"@prodoctorsoft\" \/>\n<meta name=\"twitter:label1\" content=\"Escrito por\" \/>\n\t<meta name=\"twitter:data1\" content=\"ProDoctor Software\" \/>\n\t<meta name=\"twitter:label2\" content=\"Est. tempo de leitura\" \/>\n\t<meta name=\"twitter:data2\" content=\"4 minutos\" \/>\n<script type=\"application\/ld+json\" class=\"yoast-schema-graph\">{\"@context\":\"https:\/\/schema.org\",\"@graph\":[{\"@type\":\"Article\",\"@id\":\"https:\/\/prodoctor.net\/blog\/dia-mundial-de-prevencao-do-suicidio\/#article\",\"isPartOf\":{\"@id\":\"https:\/\/prodoctor.net\/blog\/dia-mundial-de-prevencao-do-suicidio\/\"},\"author\":{\"name\":\"ProDoctor Software\",\"@id\":\"https:\/\/prodoctor.net\/blog\/#\/schema\/person\/8878914b17cd360e7ec0ddee1ed8c544\"},\"headline\":\"Dia Mundial de Preven\u00e7\u00e3o do Suic\u00eddio\",\"datePublished\":\"2018-09-10T17:00:08+00:00\",\"dateModified\":\"2019-02-26T17:26:33+00:00\",\"mainEntityOfPage\":{\"@id\":\"https:\/\/prodoctor.net\/blog\/dia-mundial-de-prevencao-do-suicidio\/\"},\"wordCount\":883,\"publisher\":{\"@id\":\"https:\/\/prodoctor.net\/blog\/#organization\"},\"image\":{\"@id\":\"https:\/\/prodoctor.net\/blog\/dia-mundial-de-prevencao-do-suicidio\/#primaryimage\"},\"thumbnailUrl\":\"https:\/\/prodoctor.net\/blog\/wp-content\/uploads\/2016\/09\/Dia-Mundial-de-Prevencao-do-Suicidio.png\",\"articleSection\":[\"Datas Comemorativas da Sa\u00fade\"],\"inLanguage\":\"pt-BR\"},{\"@type\":\"WebPage\",\"@id\":\"https:\/\/prodoctor.net\/blog\/dia-mundial-de-prevencao-do-suicidio\/\",\"url\":\"https:\/\/prodoctor.net\/blog\/dia-mundial-de-prevencao-do-suicidio\/\",\"name\":\"Dia Mundial de Preven\u00e7\u00e3o do Suic\u00eddio - Blog ProDoctor\",\"isPartOf\":{\"@id\":\"https:\/\/prodoctor.net\/blog\/#website\"},\"primaryImageOfPage\":{\"@id\":\"https:\/\/prodoctor.net\/blog\/dia-mundial-de-prevencao-do-suicidio\/#primaryimage\"},\"image\":{\"@id\":\"https:\/\/prodoctor.net\/blog\/dia-mundial-de-prevencao-do-suicidio\/#primaryimage\"},\"thumbnailUrl\":\"https:\/\/prodoctor.net\/blog\/wp-content\/uploads\/2016\/09\/Dia-Mundial-de-Prevencao-do-Suicidio.png\",\"datePublished\":\"2018-09-10T17:00:08+00:00\",\"dateModified\":\"2019-02-26T17:26:33+00:00\",\"description\":\"O dia 10 de setembro \u00e9 uma data lembrada como o Dia Mundial de Preven\u00e7\u00e3o do Suic\u00eddio. Data para a chamar a aten\u00e7\u00e3o para essa triste realidade.\",\"breadcrumb\":{\"@id\":\"https:\/\/prodoctor.net\/blog\/dia-mundial-de-prevencao-do-suicidio\/#breadcrumb\"},\"inLanguage\":\"pt-BR\",\"potentialAction\":[{\"@type\":\"ReadAction\",\"target\":[\"https:\/\/prodoctor.net\/blog\/dia-mundial-de-prevencao-do-suicidio\/\"]}]},{\"@type\":\"ImageObject\",\"inLanguage\":\"pt-BR\",\"@id\":\"https:\/\/prodoctor.net\/blog\/dia-mundial-de-prevencao-do-suicidio\/#primaryimage\",\"url\":\"https:\/\/prodoctor.net\/blog\/wp-content\/uploads\/2016\/09\/Dia-Mundial-de-Prevencao-do-Suicidio.png\",\"contentUrl\":\"https:\/\/prodoctor.net\/blog\/wp-content\/uploads\/2016\/09\/Dia-Mundial-de-Prevencao-do-Suicidio.png\",\"width\":770,\"height\":400,\"caption\":\"Dia Mundial de Preven\u00e7\u00e3o do Suic\u00eddio\"},{\"@type\":\"BreadcrumbList\",\"@id\":\"https:\/\/prodoctor.net\/blog\/dia-mundial-de-prevencao-do-suicidio\/#breadcrumb\",\"itemListElement\":[{\"@type\":\"ListItem\",\"position\":1,\"name\":\"In\u00edcio\",\"item\":\"https:\/\/prodoctor.net\/blog\/\"},{\"@type\":\"ListItem\",\"position\":2,\"name\":\"Dia Mundial de Preven\u00e7\u00e3o do Suic\u00eddio\"}]},{\"@type\":\"WebSite\",\"@id\":\"https:\/\/prodoctor.net\/blog\/#website\",\"url\":\"https:\/\/prodoctor.net\/blog\/\",\"name\":\"Blog ProDoctor\",\"description\":\"Tudo sobre o mundo da Sa\u00fade\",\"publisher\":{\"@id\":\"https:\/\/prodoctor.net\/blog\/#organization\"},\"potentialAction\":[{\"@type\":\"SearchAction\",\"target\":{\"@type\":\"EntryPoint\",\"urlTemplate\":\"https:\/\/prodoctor.net\/blog\/?s={search_term_string}\"},\"query-input\":{\"@type\":\"PropertyValueSpecification\",\"valueRequired\":true,\"valueName\":\"search_term_string\"}}],\"inLanguage\":\"pt-BR\"},{\"@type\":\"Organization\",\"@id\":\"https:\/\/prodoctor.net\/blog\/#organization\",\"name\":\"ProDoctor Software S\/A\",\"url\":\"https:\/\/prodoctor.net\/blog\/\",\"logo\":{\"@type\":\"ImageObject\",\"inLanguage\":\"pt-BR\",\"@id\":\"https:\/\/prodoctor.net\/blog\/#\/schema\/logo\/image\/\",\"url\":\"https:\/\/prodoctor.net\/blog\/wp-content\/uploads\/2017\/01\/Logo_PDo_Lateral.png\",\"contentUrl\":\"https:\/\/prodoctor.net\/blog\/wp-content\/uploads\/2017\/01\/Logo_PDo_Lateral.png\",\"width\":2014,\"height\":485,\"caption\":\"ProDoctor Software S\/A\"},\"image\":{\"@id\":\"https:\/\/prodoctor.net\/blog\/#\/schema\/logo\/image\/\"},\"sameAs\":[\"https:\/\/www.facebook.com\/prodoctorsoftware\",\"https:\/\/x.com\/prodoctorsoft\",\"https:\/\/www.instagram.com\/prodoctorsoftware\/\",\"https:\/\/www.linkedin.com\/company\/prodoctor-software-ltda\",\"https:\/\/www.youtube.com\/channel\/UCIWuDLsVtIpX-PEqQn1pNlw\"]},{\"@type\":\"Person\",\"@id\":\"https:\/\/prodoctor.net\/blog\/#\/schema\/person\/8878914b17cd360e7ec0ddee1ed8c544\",\"name\":\"ProDoctor Software\",\"image\":{\"@type\":\"ImageObject\",\"inLanguage\":\"pt-BR\",\"@id\":\"https:\/\/prodoctor.net\/blog\/#\/schema\/person\/image\/\",\"url\":\"https:\/\/secure.gravatar.com\/avatar\/a67bdb10f2e6695f7ae356a84deeaf10b545567f0ac054e9bfe8ec56e86317ec?s=96&d=mm&r=g\",\"contentUrl\":\"https:\/\/secure.gravatar.com\/avatar\/a67bdb10f2e6695f7ae356a84deeaf10b545567f0ac054e9bfe8ec56e86317ec?s=96&d=mm&r=g\",\"caption\":\"ProDoctor Software\"},\"sameAs\":[\"http:\/\/prodoctor.net\",\"https:\/\/x.com\/prodoctorsoft\"]}]}<\/script>\n<!-- \/ Yoast SEO plugin. -->","yoast_head_json":{"title":"Dia Mundial de Preven\u00e7\u00e3o do Suic\u00eddio - Blog ProDoctor","description":"O dia 10 de setembro \u00e9 uma data lembrada como o Dia Mundial de Preven\u00e7\u00e3o do Suic\u00eddio. Data para a chamar a aten\u00e7\u00e3o para essa triste realidade.","robots":{"index":"index","follow":"follow","max-snippet":"max-snippet:-1","max-image-preview":"max-image-preview:large","max-video-preview":"max-video-preview:-1"},"canonical":"https:\/\/prodoctor.net\/blog\/dia-mundial-de-prevencao-do-suicidio\/","og_locale":"pt_BR","og_type":"article","og_title":"Dia Mundial de Preven\u00e7\u00e3o do Suic\u00eddio - Blog ProDoctor","og_description":"O dia 10 de setembro \u00e9 uma data lembrada como o Dia Mundial de Preven\u00e7\u00e3o do Suic\u00eddio. Data para a chamar a aten\u00e7\u00e3o para essa triste realidade.","og_url":"https:\/\/prodoctor.net\/blog\/dia-mundial-de-prevencao-do-suicidio\/","og_site_name":"Blog ProDoctor","article_publisher":"https:\/\/www.facebook.com\/prodoctorsoftware","article_published_time":"2018-09-10T17:00:08+00:00","article_modified_time":"2019-02-26T17:26:33+00:00","og_image":[{"width":770,"height":400,"url":"https:\/\/prodoctor.net\/blog\/wp-content\/uploads\/2016\/09\/Dia-Mundial-de-Prevencao-do-Suicidio.png","type":"image\/png"}],"author":"ProDoctor Software","twitter_card":"summary_large_image","twitter_creator":"@prodoctorsoft","twitter_site":"@prodoctorsoft","twitter_misc":{"Escrito por":"ProDoctor Software","Est. tempo de leitura":"4 minutos"},"schema":{"@context":"https:\/\/schema.org","@graph":[{"@type":"Article","@id":"https:\/\/prodoctor.net\/blog\/dia-mundial-de-prevencao-do-suicidio\/#article","isPartOf":{"@id":"https:\/\/prodoctor.net\/blog\/dia-mundial-de-prevencao-do-suicidio\/"},"author":{"name":"ProDoctor Software","@id":"https:\/\/prodoctor.net\/blog\/#\/schema\/person\/8878914b17cd360e7ec0ddee1ed8c544"},"headline":"Dia Mundial de Preven\u00e7\u00e3o do Suic\u00eddio","datePublished":"2018-09-10T17:00:08+00:00","dateModified":"2019-02-26T17:26:33+00:00","mainEntityOfPage":{"@id":"https:\/\/prodoctor.net\/blog\/dia-mundial-de-prevencao-do-suicidio\/"},"wordCount":883,"publisher":{"@id":"https:\/\/prodoctor.net\/blog\/#organization"},"image":{"@id":"https:\/\/prodoctor.net\/blog\/dia-mundial-de-prevencao-do-suicidio\/#primaryimage"},"thumbnailUrl":"https:\/\/prodoctor.net\/blog\/wp-content\/uploads\/2016\/09\/Dia-Mundial-de-Prevencao-do-Suicidio.png","articleSection":["Datas Comemorativas da Sa\u00fade"],"inLanguage":"pt-BR"},{"@type":"WebPage","@id":"https:\/\/prodoctor.net\/blog\/dia-mundial-de-prevencao-do-suicidio\/","url":"https:\/\/prodoctor.net\/blog\/dia-mundial-de-prevencao-do-suicidio\/","name":"Dia Mundial de Preven\u00e7\u00e3o do Suic\u00eddio - Blog ProDoctor","isPartOf":{"@id":"https:\/\/prodoctor.net\/blog\/#website"},"primaryImageOfPage":{"@id":"https:\/\/prodoctor.net\/blog\/dia-mundial-de-prevencao-do-suicidio\/#primaryimage"},"image":{"@id":"https:\/\/prodoctor.net\/blog\/dia-mundial-de-prevencao-do-suicidio\/#primaryimage"},"thumbnailUrl":"https:\/\/prodoctor.net\/blog\/wp-content\/uploads\/2016\/09\/Dia-Mundial-de-Prevencao-do-Suicidio.png","datePublished":"2018-09-10T17:00:08+00:00","dateModified":"2019-02-26T17:26:33+00:00","description":"O dia 10 de setembro \u00e9 uma data lembrada como o Dia Mundial de Preven\u00e7\u00e3o do Suic\u00eddio. Data para a chamar a aten\u00e7\u00e3o para essa triste realidade.","breadcrumb":{"@id":"https:\/\/prodoctor.net\/blog\/dia-mundial-de-prevencao-do-suicidio\/#breadcrumb"},"inLanguage":"pt-BR","potentialAction":[{"@type":"ReadAction","target":["https:\/\/prodoctor.net\/blog\/dia-mundial-de-prevencao-do-suicidio\/"]}]},{"@type":"ImageObject","inLanguage":"pt-BR","@id":"https:\/\/prodoctor.net\/blog\/dia-mundial-de-prevencao-do-suicidio\/#primaryimage","url":"https:\/\/prodoctor.net\/blog\/wp-content\/uploads\/2016\/09\/Dia-Mundial-de-Prevencao-do-Suicidio.png","contentUrl":"https:\/\/prodoctor.net\/blog\/wp-content\/uploads\/2016\/09\/Dia-Mundial-de-Prevencao-do-Suicidio.png","width":770,"height":400,"caption":"Dia Mundial de Preven\u00e7\u00e3o do Suic\u00eddio"},{"@type":"BreadcrumbList","@id":"https:\/\/prodoctor.net\/blog\/dia-mundial-de-prevencao-do-suicidio\/#breadcrumb","itemListElement":[{"@type":"ListItem","position":1,"name":"In\u00edcio","item":"https:\/\/prodoctor.net\/blog\/"},{"@type":"ListItem","position":2,"name":"Dia Mundial de Preven\u00e7\u00e3o do Suic\u00eddio"}]},{"@type":"WebSite","@id":"https:\/\/prodoctor.net\/blog\/#website","url":"https:\/\/prodoctor.net\/blog\/","name":"Blog ProDoctor","description":"Tudo sobre o mundo da Sa\u00fade","publisher":{"@id":"https:\/\/prodoctor.net\/blog\/#organization"},"potentialAction":[{"@type":"SearchAction","target":{"@type":"EntryPoint","urlTemplate":"https:\/\/prodoctor.net\/blog\/?s={search_term_string}"},"query-input":{"@type":"PropertyValueSpecification","valueRequired":true,"valueName":"search_term_string"}}],"inLanguage":"pt-BR"},{"@type":"Organization","@id":"https:\/\/prodoctor.net\/blog\/#organization","name":"ProDoctor Software S\/A","url":"https:\/\/prodoctor.net\/blog\/","logo":{"@type":"ImageObject","inLanguage":"pt-BR","@id":"https:\/\/prodoctor.net\/blog\/#\/schema\/logo\/image\/","url":"https:\/\/prodoctor.net\/blog\/wp-content\/uploads\/2017\/01\/Logo_PDo_Lateral.png","contentUrl":"https:\/\/prodoctor.net\/blog\/wp-content\/uploads\/2017\/01\/Logo_PDo_Lateral.png","width":2014,"height":485,"caption":"ProDoctor Software S\/A"},"image":{"@id":"https:\/\/prodoctor.net\/blog\/#\/schema\/logo\/image\/"},"sameAs":["https:\/\/www.facebook.com\/prodoctorsoftware","https:\/\/x.com\/prodoctorsoft","https:\/\/www.instagram.com\/prodoctorsoftware\/","https:\/\/www.linkedin.com\/company\/prodoctor-software-ltda","https:\/\/www.youtube.com\/channel\/UCIWuDLsVtIpX-PEqQn1pNlw"]},{"@type":"Person","@id":"https:\/\/prodoctor.net\/blog\/#\/schema\/person\/8878914b17cd360e7ec0ddee1ed8c544","name":"ProDoctor Software","image":{"@type":"ImageObject","inLanguage":"pt-BR","@id":"https:\/\/prodoctor.net\/blog\/#\/schema\/person\/image\/","url":"https:\/\/secure.gravatar.com\/avatar\/a67bdb10f2e6695f7ae356a84deeaf10b545567f0ac054e9bfe8ec56e86317ec?s=96&d=mm&r=g","contentUrl":"https:\/\/secure.gravatar.com\/avatar\/a67bdb10f2e6695f7ae356a84deeaf10b545567f0ac054e9bfe8ec56e86317ec?s=96&d=mm&r=g","caption":"ProDoctor Software"},"sameAs":["http:\/\/prodoctor.net","https:\/\/x.com\/prodoctorsoft"]}]}},"taxonomy_info":{"category":[{"value":410,"label":"Datas Comemorativas da Sa\u00fade"}]},"featured_image_src_large":["https:\/\/prodoctor.net\/blog\/wp-content\/uploads\/2016\/09\/Dia-Mundial-de-Prevencao-do-Suicidio.png",770,400,false],"author_info":{"display_name":"ProDoctor Software","author_link":"https:\/\/prodoctor.net\/blog\/author\/redesocialprodoctor-net\/"},"comment_info":0,"category_info":[{"term_id":410,"name":"Datas Comemorativas da Sa\u00fade","slug":"datas-comemorativas-da-saude","term_group":0,"term_taxonomy_id":410,"taxonomy":"category","description":"","parent":0,"count":86,"filter":"raw","cat_ID":410,"category_count":86,"category_description":"","cat_name":"Datas Comemorativas da Sa\u00fade","category_nicename":"datas-comemorativas-da-saude","category_parent":0}],"tag_info":false,"_links":{"self":[{"href":"https:\/\/prodoctor.net\/blog\/wp-json\/wp\/v2\/posts\/3637","targetHints":{"allow":["GET"]}}],"collection":[{"href":"https:\/\/prodoctor.net\/blog\/wp-json\/wp\/v2\/posts"}],"about":[{"href":"https:\/\/prodoctor.net\/blog\/wp-json\/wp\/v2\/types\/post"}],"author":[{"embeddable":true,"href":"https:\/\/prodoctor.net\/blog\/wp-json\/wp\/v2\/users\/1"}],"replies":[{"embeddable":true,"href":"https:\/\/prodoctor.net\/blog\/wp-json\/wp\/v2\/comments?post=3637"}],"version-history":[{"count":24,"href":"https:\/\/prodoctor.net\/blog\/wp-json\/wp\/v2\/posts\/3637\/revisions"}],"predecessor-version":[{"id":10298,"href":"https:\/\/prodoctor.net\/blog\/wp-json\/wp\/v2\/posts\/3637\/revisions\/10298"}],"wp:featuredmedia":[{"embeddable":true,"href":"https:\/\/prodoctor.net\/blog\/wp-json\/wp\/v2\/media\/7906"}],"wp:attachment":[{"href":"https:\/\/prodoctor.net\/blog\/wp-json\/wp\/v2\/media?parent=3637"}],"wp:term":[{"taxonomy":"category","embeddable":true,"href":"https:\/\/prodoctor.net\/blog\/wp-json\/wp\/v2\/categories?post=3637"},{"taxonomy":"post_tag","embeddable":true,"href":"https:\/\/prodoctor.net\/blog\/wp-json\/wp\/v2\/tags?post=3637"}],"curies":[{"name":"wp","href":"https:\/\/api.w.org\/{rel}","templated":true}]}}