{"id":33398,"date":"2026-04-29T08:00:00","date_gmt":"2026-04-29T11:00:00","guid":{"rendered":"https:\/\/prodoctor.net\/blog\/?p=33398"},"modified":"2026-04-28T18:18:13","modified_gmt":"2026-04-28T21:18:13","slug":"agenda-salas-filas-nuvem","status":"publish","type":"post","link":"https:\/\/prodoctor.net\/blog\/agenda-salas-filas-nuvem\/","title":{"rendered":"ProDoctor Cloud +Corp ganha Agenda de Salas e Filas aprimorada, com vis\u00e3o mais completa da rotina da cl\u00ednica e dos m\u00e9dicos"},"content":{"rendered":"\n<p>O mundo Cloud n\u00e3o para de evoluir no ProDoctor! Agora, o <a href=\"https:\/\/prodoctor.net\/cloud-corp\" target=\"_blank\" rel=\"noreferrer noopener\"><strong>ProDoctor Cloud +Corp<\/strong><\/a> conta com uma funcionalidade que redefine a organiza\u00e7\u00e3o log\u00edstica da sua cl\u00ednica: a <strong>Agenda de Salas e Filas<\/strong>, que chega ainda mais avan\u00e7ada e aprimorada \u00e0 nuvem.<\/p>\n\n\n\n<p>A Agenda de Salas e Filas \u00e9 uma das funcionalidades mais aguardadas pelos usu\u00e1rios ProDoctor. A <strong>Agenda de Filas<\/strong> otimiza a rotina de cl\u00ednicas, policl\u00ednicas e\/ou hospitais especializados que tenham pronto-socorro e precisem organizar as filas dos pacientes que chegam para atendimento.&nbsp;<\/p>\n\n\n\n<p>J\u00e1 a <strong>Agenda de Salas e Equipamentos<\/strong> amplia a fun\u00e7\u00e3o da agenda para ser mais que agenda de consultas, mas tamb\u00e9m reservar hor\u00e1rios de salas da cl\u00ednica m\u00e9dica e at\u00e9 equipamentos para poss\u00edveis procedimentos.<\/p>\n\n\n\n<p>Mas a funcionalidade vai al\u00e9m com o seu lan\u00e7amento na nuvem. A partir de agora, al\u00e9m da marca\u00e7\u00e3o na Agenda de Salas e Equipamentos, tamb\u00e9m ser\u00e1 poss\u00edvel ter a visualiza\u00e7\u00e3o completa da agenda do profissional, ou seja, a intercess\u00e3o da agenda de consultas com agenda de salas e equipamentos de forma pr\u00e1tica e visual.<\/p>\n\n\n\n<p>Muito mais do que uma simples visualiza\u00e7\u00e3o da grade de hor\u00e1rios, a <strong>Agenda de Salas e Filas na Nuvem <\/strong>une a intelig\u00eancia que sua estrutura f\u00edsica exige com a agilidade que a nuvem oferece.<\/p>\n\n\n\n<p>Sua secret\u00e1ria poder\u00e1 trabalhar com mais confian\u00e7a e voc\u00ea, m\u00e9dico, ter\u00e1 uma leitura mais fiel da pr\u00f3pria agenda. Al\u00e9m disso, sua cl\u00ednica reduz situa\u00e7\u00f5es que comprometem a experi\u00eancia do paciente, como encaixes mal planejados, uso concorrente de sala ou conflito no compartilhamento de equipamentos.<\/p>\n\n\n\n<p>Saiba mais sobre a Agenda de Salas e Filas no ProDoctor Cloud +Corp!<\/p>\n\n\n\n<h2 class=\"wp-block-heading\">Consultas e procedimentos: tudo na mesma p\u00e1gina<\/h2>\n\n\n\n<p>Um dos maiores ganhos dessa evolu\u00e7\u00e3o \u00e9 a usabilidade: a <strong>intersec\u00e7\u00e3o entre a visualiza\u00e7\u00e3o da agenda de consultas do m\u00e9dico e a agenda de salas e equipamentos<\/strong>.&nbsp;<\/p>\n\n\n\n<p>Com isso, a agenda vai al\u00e9m de mostrar apenas hor\u00e1rios e passa a evidenciar o contexto real de cada atendimento. Na pr\u00e1tica, isso reduz o risco de sobreposi\u00e7\u00f5es e interpreta\u00e7\u00f5es equivocadas da disponibilidade da cl\u00ednica.&nbsp;<\/p>\n\n\n\n<p>Imagine que voc\u00ea tenha um hor\u00e1rio dispon\u00edvel na sua agenda de consultas \u00e0s 10h. Sem a conex\u00e3o entre as agendas, voc\u00ea poderia agendar um paciente e s\u00f3 descobrir na hora do atendimento que a sala com o equipamento necess\u00e1rio j\u00e1 estava ocupado por outro colega.<\/p>\n\n\n\n<p>Com o ProDoctor Cloud +Corp, isso n\u00e3o acontece:<\/p>\n\n\n\n<ul class=\"wp-block-list\">\n<li>A agenda do m\u00e9dico e a de salas ou equipamentos &#8220;conversam&#8221; em tempo real.<\/li>\n\n\n\n<li>A visualiza\u00e7\u00e3o \u00e9 unificada: voc\u00ea enxerga a disponibilidade do profissional e do espa\u00e7o simultaneamente.<\/li>\n\n\n\n<li>Nenhum hor\u00e1rio fica sobreposto: o sistema impede conflitos, garantindo que o fluxo de atendimento seja cont\u00ednuo.<\/li>\n<\/ul>\n\n\n\n<figure class=\"wp-block-video\"><video height=\"1080\" style=\"aspect-ratio: 1646 \/ 1080;\" width=\"1646\" controls src=\"https:\/\/prodoctor.net\/blog\/wp-content\/uploads\/2026\/04\/WhatsApp-Video-2026-04-24-at-10.21.43.mp4\"><\/video><\/figure>\n\n\n\n<p><\/p>\n\n\n\n<p>Em vez de trabalhar com informa\u00e7\u00f5es fragmentadas, a equipe passa a enxergar, na mesma l\u00f3gica de uso, os hor\u00e1rios do profissional e a ocupa\u00e7\u00e3o das salas e dos equipamentos envolvidos no atendimento.<\/p>\n\n\n\n<h2 class=\"wp-block-heading\">Seus hor\u00e1rios completos, na sua tela<\/h2>\n\n\n\n<p>Em cl\u00ednicas que realizam exames, procedimentos e t\u00eam o uso compartilhado da estrutura, controlar apenas a agenda do profissional n\u00e3o basta. \u00c9 preciso coordenar recursos f\u00edsicos, disponibilidade de equipe e fluxo de pacientes. Tudo ao mesmo tempo.&nbsp;<\/p>\n\n\n\n<p>A Agenda de Salas e Filas do ProDoctor Cloud +Corp foi pensada justamente para apoiar essa log\u00edstica, de forma automatizada e inteligente.<\/p>\n\n\n\n<p>A<strong> Agenda de Salas e Equipamentos<\/strong> ajuda a organizar o uso de ambientes e recursos compartilhados, evitando conflitos entre profissionais, pacientes, salas e equipamentos.&nbsp;<\/p>\n\n\n\n<p>J\u00e1 a <strong>Agenda de Filas<\/strong> apoia atendimentos por ordem de chegada e tamb\u00e9m opera\u00e7\u00f5es que exigem prioriza\u00e7\u00e3o, como ocorre em contextos de urg\u00eancia e triagem.<\/p>\n\n\n\n<p>Esse tipo de organiza\u00e7\u00e3o torna a recep\u00e7\u00e3o mais eficiente, reduz gargalos e contribui para um atendimento mais fluido desde a chegada do paciente at\u00e9 a execu\u00e7\u00e3o do procedimento.<\/p>\n\n\n\n<h3 class=\"wp-block-heading\">Mais agilidade na recep\u00e7\u00e3o e no atendimento com a Agenda de Filas<\/h3>\n\n\n\n<p>Uma cl\u00ednica organizada \u00e9 sin\u00f4nimo de pacientes satisfeitos. A funcionalidade de <strong>Agenda de Filas<\/strong> permite que sua recep\u00e7\u00e3o gerencie o fluxo de chegada com precis\u00e3o:<\/p>\n\n\n\n<ol class=\"wp-block-list\">\n<li><strong>Ordem de chegada e prioridade:<\/strong> permite organizar o atendimento conforme os pacientes chegam ou por necessidade cl\u00ednica.<\/li>\n\n\n\n<li><strong>Protocolo de Manchester<\/strong>: ideal para prontos atendimentos ou cl\u00ednicas de maior fluxo. O sistema organiza automaticamente a fila por cores (gravidade), garantindo que casos urgentes passem \u00e0 frente com total seguran\u00e7a e transpar\u00eancia.<\/li>\n\n\n\n<li><strong>Mobilidade e rapidez:<\/strong> por ser 100% em nuvem, as atualiza\u00e7\u00f5es na fila de espera aparecem instantaneamente no consult\u00f3rio do m\u00e9dico.<\/li>\n<\/ol>\n\n\n\n<h3 class=\"wp-block-heading\">Gest\u00e3o de recursos otmizada com a Agenda de Salas e Equipamentos<\/h3>\n\n\n\n<p>Sabemos que equipamentos de alta tecnologia (como aparelhos de resson\u00e2ncia ou ultrassom) s\u00e3o ativos valiosos.&nbsp;<\/p>\n\n\n\n<p>A <strong>Agenda de Salas e Equipamentos<\/strong> funciona como uma \u201ccentral de reservas\u201d inteligente, com:<\/p>\n\n\n\n<ul class=\"wp-block-list\">\n<li><strong>Gest\u00e3o de itens compartilhados:<\/strong> evita que dois profissionais reservem o mesmo equipamento para o mesmo hor\u00e1rio.<\/li>\n\n\n\n<li><strong>Personaliza\u00e7\u00e3o total: <\/strong>permite criar grades espec\u00edficas para cada sala ou aparelho, facilitando inclusive o trabalho do setor financeiro e de faturamento.<\/li>\n\n\n\n<li><strong>Multiatendimento:<\/strong> para especialidades como a Reumatologia, por exemplo, o sistema permite agendar m\u00faltiplos pacientes para o mesmo local (como salas de infus\u00e3o), otimizando a produtividade da sua equipe.<\/li>\n<\/ul>\n\n\n\n<h2 class=\"wp-block-heading\">Mais efici\u00eancia para a recep\u00e7\u00e3o e clareza para a gest\u00e3o<\/h2>\n\n\n\n<figure class=\"wp-block-image size-large\"><img decoding=\"async\" width=\"1024\" height=\"549\" src=\"https:\/\/prodoctor.net\/blog\/wp-content\/uploads\/2026\/04\/Captura-de-Tela-2026-04-17-as-10.57.26-1024x549.png\" alt=\"Agenda de salas equipamentos ou filas integrasa \u00e0 agenda de consultas no prodoctor cloud +corp prodoctor\" class=\"wp-image-33404\" srcset=\"https:\/\/prodoctor.net\/blog\/wp-content\/uploads\/2026\/04\/Captura-de-Tela-2026-04-17-as-10.57.26-1024x549.png 1024w, https:\/\/prodoctor.net\/blog\/wp-content\/uploads\/2026\/04\/Captura-de-Tela-2026-04-17-as-10.57.26-300x161.png 300w, https:\/\/prodoctor.net\/blog\/wp-content\/uploads\/2026\/04\/Captura-de-Tela-2026-04-17-as-10.57.26-768x412.png 768w, https:\/\/prodoctor.net\/blog\/wp-content\/uploads\/2026\/04\/Captura-de-Tela-2026-04-17-as-10.57.26-1536x824.png 1536w, https:\/\/prodoctor.net\/blog\/wp-content\/uploads\/2026\/04\/Captura-de-Tela-2026-04-17-as-10.57.26-2048x1099.png 2048w\" sizes=\"(max-width: 1024px) 100vw, 1024px\" \/><\/figure>\n\n\n\n<p>Al\u00e9m do impacto direto na rotina da cl\u00ednica, a Agenda de Salas e Filas na nuvem fortalece a organiza\u00e7\u00e3o da cl\u00ednica como um todo. Isso porque a gest\u00e3o do agendamento influencia produtividade, pontualidade, aproveitamento da estrutura f\u00edsica e capacidade de atendimento ao longo do dia.<\/p>\n\n\n\n<p>Quando a equipe sabe exatamente onde cada atendimento acontece, quais recursos est\u00e3o envolvidos e como os fluxos se conectam, a opera\u00e7\u00e3o se torna mais est\u00e1vel. E, em um ambiente de sa\u00fade, estabilidade n\u00e3o \u00e9 detalhe, n\u00e3o \u00e9 mesmo? \u00c9 parte da qualidade do servi\u00e7o prestado.<\/p>\n\n\n\n<p>Por isso, a Agenda de Salas e Filas no ProDoctor Cloud +Corp n\u00e3o representa apenas a disponibilidade de mais um recurso em nuvem. Ela representa uma evolu\u00e7\u00e3o concreta na forma de coordenar agendas, salas, equipamentos e filas com mais coer\u00eancia, controle e praticidade.<\/p>\n\n\n\n<h3 class=\"wp-block-heading\">Uma funcionalidade muito aguardada pelos usu\u00e1rios<\/h3>\n\n\n\n<p>Para quem j\u00e1 utiliza o <strong>ProDoctor Cloud +Corp<\/strong>, essa \u00e9 uma entrega especialmente relevante. A Agenda de Salas e Filas passa a integrar a experi\u00eancia da solu\u00e7\u00e3o em nuvem com uma proposta mais completa de visualiza\u00e7\u00e3o e usabilidade, sem exigir uma opera\u00e7\u00e3o fragmentada entre agendas.<\/p>\n\n\n\n<p>No momento, <strong>a Agenda de Salas e Filas em nuvem est\u00e1 dispon\u00edvel no ProDoctor Cloud +Corp<\/strong>. Esta evolu\u00e7\u00e3o refor\u00e7a um ponto importante: o mundo Cloud do ProDoctor segue inovando em ritmo acelerado como um todo.&nbsp;<\/p>\n\n\n\n<p>Todas as nossas solu\u00e7\u00f5es em nuvem est\u00e3o recebendo, periodicamente, recursos cada vez mais avan\u00e7ados para cl\u00ednicas que precisam unir mobilidade, controle e profundidade operacional no mesmo sistema. Fique de olho!<\/p>\n\n\n\n<h2 class=\"wp-block-heading\">Por que escolher o ProDoctor Cloud +Corp?<\/h2>\n\n\n\n<p>O mercado de sa\u00fade exige rapidez e efici\u00eancia. Se voc\u00ea utiliza outro software m\u00e9dico, ou \u00e9 usu\u00e1rio de outras vers\u00f5es do ProDoctor, e sente que sua cl\u00ednica cresceu, o ProDoctor Cloud +Corp \u00e9 o pr\u00f3ximo passo que voc\u00ea precisa dar.&nbsp;<\/p>\n\n\n\n<p>Al\u00e9m da nova funcionalidade e melhorias constantes, voc\u00ea conta com diversas funcionalidades avan\u00e7adas e repletas de intelig\u00eancia, como o <a href=\"https:\/\/prodoctor.net\/funcionalidades\/prontuario\" target=\"_blank\" rel=\"noreferrer noopener\">Prontu\u00e1rio Eletr\u00f4nico<\/a> mais querido pelos m\u00e9dicos, al\u00e9m do <a href=\"https:\/\/prodoctor.net\/blog\/whatsapp-verificado\/\" target=\"_blank\" rel=\"noreferrer noopener\">servi\u00e7o de confirma\u00e7\u00e3o de consultas e procedimentos via WhatsApp<\/a> com Intelig\u00eancia Artificial e a maior taxa de resposta do mercado, contratato \u00e0 parte.<\/p>\n\n\n\n<p>Tenha seus hor\u00e1rios completos, na sua tela. Sem conflitos, sem estresse. Tudo isso no software de gest\u00e3o m\u00e9dica pioneiro e com o melhor custo-benef\u00edcio do mercado: o <a href=\"https:\/\/prodoctor.net\/\" target=\"_blank\" rel=\"noreferrer noopener\">ProDoctor<\/a>.<\/p>\n\n\n\n<p>Aproveite mais essa evolu\u00e7\u00e3o da ProDoctor e transforme a log\u00edstica de atendimento da sua cl\u00ednica em um<strong> diferencial competitivo<\/strong>.<\/p>\n\n\n\n<div class=\"wp-block-buttons is-content-justification-center is-layout-flex wp-container-core-buttons-is-layout-16018d1d wp-block-buttons-is-layout-flex\">\n<div class=\"wp-block-button\"><a class=\"wp-block-button__link wp-element-button\" href=\"https:\/\/api.whatsapp.com\/send?phone=5532984245039&amp;text=Ol%C3%A1%2C%20time%20ProDoctor.%20Cheguei%20pelo%20blog%20e%20gostaria%20de%20mais%20informa%C3%A7%C3%B5es.\" target=\"_blank\" rel=\"noreferrer noopener\"><strong>Fale com um consultor via WhatsApp<\/strong><\/a><\/div>\n<\/div>\n\n\n\n<div class=\"wp-block-buttons is-content-justification-center is-layout-flex wp-container-core-buttons-is-layout-16018d1d wp-block-buttons-is-layout-flex\">\n<div class=\"wp-block-button\"><a class=\"wp-block-button__link wp-element-button\" href=\"https:\/\/prodoctor.net\/suporte_online\" target=\"_blank\" rel=\"noreferrer noopener\"><strong>Contate o Suporte<\/strong><\/a><\/div>\n<\/div>\n","protected":false},"excerpt":{"rendered":"<p>O mundo Cloud n\u00e3o para de evoluir no ProDoctor! Agora, o ProDoctor Cloud +Corp conta com uma funcionalidade que&#8230;<\/p>\n","protected":false},"author":11,"featured_media":33407,"comment_status":"closed","ping_status":"closed","sticky":false,"template":"","format":"standard","meta":{"_kad_blocks_custom_css":"","_kad_blocks_head_custom_js":"","_kad_blocks_body_custom_js":"","_kad_blocks_footer_custom_js":"","_kadence_starter_templates_imported_post":false,"_kad_post_transparent":"","_kad_post_title":"","_kad_post_layout":"","_kad_post_sidebar_id":"","_kad_post_content_style":"","_kad_post_vertical_padding":"","_kad_post_feature":"","_kad_post_feature_position":"","_kad_post_header":false,"_kad_post_footer":false,"footnotes":""},"categories":[412,1190,1127,938],"tags":[],"class_list":["post-33398","post","type-post","status-publish","format-standard","has-post-thumbnail","hentry","category-gestao-de-clinicas-e-consultorios","category-novidades","category-novidades-cloud","category-o-que-ha-de-novo"],"yoast_head":"<!-- This site is optimized with the Yoast SEO plugin v27.0 - https:\/\/yoast.com\/product\/yoast-seo-wordpress\/ -->\n<title>Agenda de Salas e Filas na nuvem | ProDoctor<\/title>\n<meta name=\"description\" content=\"A Agenda de Salas, Filas e Equipamentos chega \u00e0 nuvem no ProDoctor ainda mais avan\u00e7ada e aprimorada para facilitar a visualiza\u00e7\u00e3o e otimizar a gest\u00e3o da sua cl\u00ednica.\" \/>\n<meta name=\"robots\" content=\"index, follow, max-snippet:-1, max-image-preview:large, max-video-preview:-1\" \/>\n<link rel=\"canonical\" href=\"https:\/\/prodoctor.net\/blog\/agenda-salas-filas-nuvem\/\" \/>\n<meta property=\"og:locale\" content=\"pt_BR\" \/>\n<meta property=\"og:type\" content=\"article\" \/>\n<meta property=\"og:title\" content=\"Agenda de Salas e Filas na nuvem | ProDoctor\" \/>\n<meta property=\"og:description\" content=\"A Agenda de Salas, Filas e Equipamentos chega \u00e0 nuvem no ProDoctor ainda mais avan\u00e7ada e aprimorada para facilitar a visualiza\u00e7\u00e3o e otimizar a gest\u00e3o da sua cl\u00ednica.\" \/>\n<meta property=\"og:url\" content=\"https:\/\/prodoctor.net\/blog\/agenda-salas-filas-nuvem\/\" \/>\n<meta property=\"og:site_name\" content=\"Blog ProDoctor\" \/>\n<meta property=\"article:publisher\" content=\"https:\/\/www.facebook.com\/prodoctorsoftware\" \/>\n<meta property=\"article:published_time\" content=\"2026-04-29T11:00:00+00:00\" \/>\n<meta property=\"og:image\" content=\"https:\/\/prodoctor.net\/blog\/wp-content\/uploads\/2026\/04\/Final-ajustada.png\" \/>\n\t<meta property=\"og:image:width\" content=\"1422\" \/>\n\t<meta property=\"og:image:height\" content=\"824\" \/>\n\t<meta property=\"og:image:type\" content=\"image\/png\" \/>\n<meta name=\"author\" content=\"L\u00edvia Cajueiro\" \/>\n<meta name=\"twitter:card\" content=\"summary_large_image\" \/>\n<meta name=\"twitter:creator\" content=\"@prodoctorsoft\" \/>\n<meta name=\"twitter:site\" content=\"@prodoctorsoft\" \/>\n<meta name=\"twitter:label1\" content=\"Escrito por\" \/>\n\t<meta name=\"twitter:data1\" content=\"L\u00edvia Cajueiro\" \/>\n\t<meta name=\"twitter:label2\" content=\"Est. tempo de leitura\" \/>\n\t<meta name=\"twitter:data2\" content=\"8 minutos\" \/>\n<script type=\"application\/ld+json\" class=\"yoast-schema-graph\">{\"@context\":\"https:\/\/schema.org\",\"@graph\":[{\"@type\":\"Article\",\"@id\":\"https:\/\/prodoctor.net\/blog\/agenda-salas-filas-nuvem\/#article\",\"isPartOf\":{\"@id\":\"https:\/\/prodoctor.net\/blog\/agenda-salas-filas-nuvem\/\"},\"author\":{\"name\":\"L\u00edvia Cajueiro\",\"@id\":\"https:\/\/prodoctor.net\/blog\/#\/schema\/person\/b4e6451b0035658e23a6171c74ba126a\"},\"headline\":\"ProDoctor Cloud +Corp ganha Agenda de Salas e Filas aprimorada, com vis\u00e3o mais completa da rotina da cl\u00ednica e dos m\u00e9dicos\",\"datePublished\":\"2026-04-29T11:00:00+00:00\",\"mainEntityOfPage\":{\"@id\":\"https:\/\/prodoctor.net\/blog\/agenda-salas-filas-nuvem\/\"},\"wordCount\":1393,\"publisher\":{\"@id\":\"https:\/\/prodoctor.net\/blog\/#organization\"},\"image\":{\"@id\":\"https:\/\/prodoctor.net\/blog\/agenda-salas-filas-nuvem\/#primaryimage\"},\"thumbnailUrl\":\"https:\/\/prodoctor.net\/blog\/wp-content\/uploads\/2026\/04\/Final-ajustada.png\",\"articleSection\":[\"Gest\u00e3o de Cl\u00ednicas e Consult\u00f3rios\",\"Novidades\",\"Novidades Cloud\",\"O que h\u00e1 de novo?\"],\"inLanguage\":\"pt-BR\"},{\"@type\":\"WebPage\",\"@id\":\"https:\/\/prodoctor.net\/blog\/agenda-salas-filas-nuvem\/\",\"url\":\"https:\/\/prodoctor.net\/blog\/agenda-salas-filas-nuvem\/\",\"name\":\"Agenda de Salas e Filas na nuvem | ProDoctor\",\"isPartOf\":{\"@id\":\"https:\/\/prodoctor.net\/blog\/#website\"},\"primaryImageOfPage\":{\"@id\":\"https:\/\/prodoctor.net\/blog\/agenda-salas-filas-nuvem\/#primaryimage\"},\"image\":{\"@id\":\"https:\/\/prodoctor.net\/blog\/agenda-salas-filas-nuvem\/#primaryimage\"},\"thumbnailUrl\":\"https:\/\/prodoctor.net\/blog\/wp-content\/uploads\/2026\/04\/Final-ajustada.png\",\"datePublished\":\"2026-04-29T11:00:00+00:00\",\"description\":\"A Agenda de Salas, Filas e Equipamentos chega \u00e0 nuvem no ProDoctor ainda mais avan\u00e7ada e aprimorada para facilitar a visualiza\u00e7\u00e3o e otimizar a gest\u00e3o da sua cl\u00ednica.\",\"breadcrumb\":{\"@id\":\"https:\/\/prodoctor.net\/blog\/agenda-salas-filas-nuvem\/#breadcrumb\"},\"inLanguage\":\"pt-BR\",\"potentialAction\":[{\"@type\":\"ReadAction\",\"target\":[\"https:\/\/prodoctor.net\/blog\/agenda-salas-filas-nuvem\/\"]}]},{\"@type\":\"ImageObject\",\"inLanguage\":\"pt-BR\",\"@id\":\"https:\/\/prodoctor.net\/blog\/agenda-salas-filas-nuvem\/#primaryimage\",\"url\":\"https:\/\/prodoctor.net\/blog\/wp-content\/uploads\/2026\/04\/Final-ajustada.png\",\"contentUrl\":\"https:\/\/prodoctor.net\/blog\/wp-content\/uploads\/2026\/04\/Final-ajustada.png\",\"width\":1422,\"height\":824,\"caption\":\"Duas telas de computador exibindo o software ProDoctor Cloud +CORP, promovendo novidades para agendamento e gest\u00e3o de filas, consultas e procedimentos m\u00e9dicos.\"},{\"@type\":\"BreadcrumbList\",\"@id\":\"https:\/\/prodoctor.net\/blog\/agenda-salas-filas-nuvem\/#breadcrumb\",\"itemListElement\":[{\"@type\":\"ListItem\",\"position\":1,\"name\":\"In\u00edcio\",\"item\":\"https:\/\/prodoctor.net\/blog\/\"},{\"@type\":\"ListItem\",\"position\":2,\"name\":\"ProDoctor Cloud +Corp ganha Agenda de Salas e Filas aprimorada, com vis\u00e3o mais completa da rotina da cl\u00ednica e dos m\u00e9dicos\"}]},{\"@type\":\"WebSite\",\"@id\":\"https:\/\/prodoctor.net\/blog\/#website\",\"url\":\"https:\/\/prodoctor.net\/blog\/\",\"name\":\"Blog ProDoctor\",\"description\":\"Tudo sobre o mundo da Sa\u00fade\",\"publisher\":{\"@id\":\"https:\/\/prodoctor.net\/blog\/#organization\"},\"potentialAction\":[{\"@type\":\"SearchAction\",\"target\":{\"@type\":\"EntryPoint\",\"urlTemplate\":\"https:\/\/prodoctor.net\/blog\/?s={search_term_string}\"},\"query-input\":{\"@type\":\"PropertyValueSpecification\",\"valueRequired\":true,\"valueName\":\"search_term_string\"}}],\"inLanguage\":\"pt-BR\"},{\"@type\":\"Organization\",\"@id\":\"https:\/\/prodoctor.net\/blog\/#organization\",\"name\":\"ProDoctor Software S\/A\",\"url\":\"https:\/\/prodoctor.net\/blog\/\",\"logo\":{\"@type\":\"ImageObject\",\"inLanguage\":\"pt-BR\",\"@id\":\"https:\/\/prodoctor.net\/blog\/#\/schema\/logo\/image\/\",\"url\":\"https:\/\/prodoctor.net\/blog\/wp-content\/uploads\/2017\/01\/Logo_PDo_Lateral.png\",\"contentUrl\":\"https:\/\/prodoctor.net\/blog\/wp-content\/uploads\/2017\/01\/Logo_PDo_Lateral.png\",\"width\":2014,\"height\":485,\"caption\":\"ProDoctor Software S\/A\"},\"image\":{\"@id\":\"https:\/\/prodoctor.net\/blog\/#\/schema\/logo\/image\/\"},\"sameAs\":[\"https:\/\/www.facebook.com\/prodoctorsoftware\",\"https:\/\/x.com\/prodoctorsoft\",\"https:\/\/www.instagram.com\/prodoctorsoftware\/\",\"https:\/\/www.linkedin.com\/company\/prodoctor-software-ltda\",\"https:\/\/www.youtube.com\/channel\/UCIWuDLsVtIpX-PEqQn1pNlw\"]},{\"@type\":\"Person\",\"@id\":\"https:\/\/prodoctor.net\/blog\/#\/schema\/person\/b4e6451b0035658e23a6171c74ba126a\",\"name\":\"L\u00edvia Cajueiro\",\"image\":{\"@type\":\"ImageObject\",\"inLanguage\":\"pt-BR\",\"@id\":\"https:\/\/prodoctor.net\/blog\/#\/schema\/person\/image\/\",\"url\":\"https:\/\/secure.gravatar.com\/avatar\/51c56d7bbf6010466bca91264e721a83e8345256f1a0057f5507ec910afe89e0?s=96&d=mm&r=g\",\"contentUrl\":\"https:\/\/secure.gravatar.com\/avatar\/51c56d7bbf6010466bca91264e721a83e8345256f1a0057f5507ec910afe89e0?s=96&d=mm&r=g\",\"caption\":\"L\u00edvia Cajueiro\"}}]}<\/script>\n<!-- \/ Yoast SEO plugin. -->","yoast_head_json":{"title":"Agenda de Salas e Filas na nuvem | ProDoctor","description":"A Agenda de Salas, Filas e Equipamentos chega \u00e0 nuvem no ProDoctor ainda mais avan\u00e7ada e aprimorada para facilitar a visualiza\u00e7\u00e3o e otimizar a gest\u00e3o da sua cl\u00ednica.","robots":{"index":"index","follow":"follow","max-snippet":"max-snippet:-1","max-image-preview":"max-image-preview:large","max-video-preview":"max-video-preview:-1"},"canonical":"https:\/\/prodoctor.net\/blog\/agenda-salas-filas-nuvem\/","og_locale":"pt_BR","og_type":"article","og_title":"Agenda de Salas e Filas na nuvem | ProDoctor","og_description":"A Agenda de Salas, Filas e Equipamentos chega \u00e0 nuvem no ProDoctor ainda mais avan\u00e7ada e aprimorada para facilitar a visualiza\u00e7\u00e3o e otimizar a gest\u00e3o da sua cl\u00ednica.","og_url":"https:\/\/prodoctor.net\/blog\/agenda-salas-filas-nuvem\/","og_site_name":"Blog ProDoctor","article_publisher":"https:\/\/www.facebook.com\/prodoctorsoftware","article_published_time":"2026-04-29T11:00:00+00:00","og_image":[{"width":1422,"height":824,"url":"https:\/\/prodoctor.net\/blog\/wp-content\/uploads\/2026\/04\/Final-ajustada.png","type":"image\/png"}],"author":"L\u00edvia Cajueiro","twitter_card":"summary_large_image","twitter_creator":"@prodoctorsoft","twitter_site":"@prodoctorsoft","twitter_misc":{"Escrito por":"L\u00edvia Cajueiro","Est. tempo de leitura":"8 minutos"},"schema":{"@context":"https:\/\/schema.org","@graph":[{"@type":"Article","@id":"https:\/\/prodoctor.net\/blog\/agenda-salas-filas-nuvem\/#article","isPartOf":{"@id":"https:\/\/prodoctor.net\/blog\/agenda-salas-filas-nuvem\/"},"author":{"name":"L\u00edvia Cajueiro","@id":"https:\/\/prodoctor.net\/blog\/#\/schema\/person\/b4e6451b0035658e23a6171c74ba126a"},"headline":"ProDoctor Cloud +Corp ganha Agenda de Salas e Filas aprimorada, com vis\u00e3o mais completa da rotina da cl\u00ednica e dos m\u00e9dicos","datePublished":"2026-04-29T11:00:00+00:00","mainEntityOfPage":{"@id":"https:\/\/prodoctor.net\/blog\/agenda-salas-filas-nuvem\/"},"wordCount":1393,"publisher":{"@id":"https:\/\/prodoctor.net\/blog\/#organization"},"image":{"@id":"https:\/\/prodoctor.net\/blog\/agenda-salas-filas-nuvem\/#primaryimage"},"thumbnailUrl":"https:\/\/prodoctor.net\/blog\/wp-content\/uploads\/2026\/04\/Final-ajustada.png","articleSection":["Gest\u00e3o de Cl\u00ednicas e Consult\u00f3rios","Novidades","Novidades Cloud","O que h\u00e1 de novo?"],"inLanguage":"pt-BR"},{"@type":"WebPage","@id":"https:\/\/prodoctor.net\/blog\/agenda-salas-filas-nuvem\/","url":"https:\/\/prodoctor.net\/blog\/agenda-salas-filas-nuvem\/","name":"Agenda de Salas e Filas na nuvem | ProDoctor","isPartOf":{"@id":"https:\/\/prodoctor.net\/blog\/#website"},"primaryImageOfPage":{"@id":"https:\/\/prodoctor.net\/blog\/agenda-salas-filas-nuvem\/#primaryimage"},"image":{"@id":"https:\/\/prodoctor.net\/blog\/agenda-salas-filas-nuvem\/#primaryimage"},"thumbnailUrl":"https:\/\/prodoctor.net\/blog\/wp-content\/uploads\/2026\/04\/Final-ajustada.png","datePublished":"2026-04-29T11:00:00+00:00","description":"A Agenda de Salas, Filas e Equipamentos chega \u00e0 nuvem no ProDoctor ainda mais avan\u00e7ada e aprimorada para facilitar a visualiza\u00e7\u00e3o e otimizar a gest\u00e3o da sua cl\u00ednica.","breadcrumb":{"@id":"https:\/\/prodoctor.net\/blog\/agenda-salas-filas-nuvem\/#breadcrumb"},"inLanguage":"pt-BR","potentialAction":[{"@type":"ReadAction","target":["https:\/\/prodoctor.net\/blog\/agenda-salas-filas-nuvem\/"]}]},{"@type":"ImageObject","inLanguage":"pt-BR","@id":"https:\/\/prodoctor.net\/blog\/agenda-salas-filas-nuvem\/#primaryimage","url":"https:\/\/prodoctor.net\/blog\/wp-content\/uploads\/2026\/04\/Final-ajustada.png","contentUrl":"https:\/\/prodoctor.net\/blog\/wp-content\/uploads\/2026\/04\/Final-ajustada.png","width":1422,"height":824,"caption":"Duas telas de computador exibindo o software ProDoctor Cloud +CORP, promovendo novidades para agendamento e gest\u00e3o de filas, consultas e procedimentos m\u00e9dicos."},{"@type":"BreadcrumbList","@id":"https:\/\/prodoctor.net\/blog\/agenda-salas-filas-nuvem\/#breadcrumb","itemListElement":[{"@type":"ListItem","position":1,"name":"In\u00edcio","item":"https:\/\/prodoctor.net\/blog\/"},{"@type":"ListItem","position":2,"name":"ProDoctor Cloud +Corp ganha Agenda de Salas e Filas aprimorada, com vis\u00e3o mais completa da rotina da cl\u00ednica e dos m\u00e9dicos"}]},{"@type":"WebSite","@id":"https:\/\/prodoctor.net\/blog\/#website","url":"https:\/\/prodoctor.net\/blog\/","name":"Blog ProDoctor","description":"Tudo sobre o mundo da Sa\u00fade","publisher":{"@id":"https:\/\/prodoctor.net\/blog\/#organization"},"potentialAction":[{"@type":"SearchAction","target":{"@type":"EntryPoint","urlTemplate":"https:\/\/prodoctor.net\/blog\/?s={search_term_string}"},"query-input":{"@type":"PropertyValueSpecification","valueRequired":true,"valueName":"search_term_string"}}],"inLanguage":"pt-BR"},{"@type":"Organization","@id":"https:\/\/prodoctor.net\/blog\/#organization","name":"ProDoctor Software S\/A","url":"https:\/\/prodoctor.net\/blog\/","logo":{"@type":"ImageObject","inLanguage":"pt-BR","@id":"https:\/\/prodoctor.net\/blog\/#\/schema\/logo\/image\/","url":"https:\/\/prodoctor.net\/blog\/wp-content\/uploads\/2017\/01\/Logo_PDo_Lateral.png","contentUrl":"https:\/\/prodoctor.net\/blog\/wp-content\/uploads\/2017\/01\/Logo_PDo_Lateral.png","width":2014,"height":485,"caption":"ProDoctor Software S\/A"},"image":{"@id":"https:\/\/prodoctor.net\/blog\/#\/schema\/logo\/image\/"},"sameAs":["https:\/\/www.facebook.com\/prodoctorsoftware","https:\/\/x.com\/prodoctorsoft","https:\/\/www.instagram.com\/prodoctorsoftware\/","https:\/\/www.linkedin.com\/company\/prodoctor-software-ltda","https:\/\/www.youtube.com\/channel\/UCIWuDLsVtIpX-PEqQn1pNlw"]},{"@type":"Person","@id":"https:\/\/prodoctor.net\/blog\/#\/schema\/person\/b4e6451b0035658e23a6171c74ba126a","name":"L\u00edvia Cajueiro","image":{"@type":"ImageObject","inLanguage":"pt-BR","@id":"https:\/\/prodoctor.net\/blog\/#\/schema\/person\/image\/","url":"https:\/\/secure.gravatar.com\/avatar\/51c56d7bbf6010466bca91264e721a83e8345256f1a0057f5507ec910afe89e0?s=96&d=mm&r=g","contentUrl":"https:\/\/secure.gravatar.com\/avatar\/51c56d7bbf6010466bca91264e721a83e8345256f1a0057f5507ec910afe89e0?s=96&d=mm&r=g","caption":"L\u00edvia Cajueiro"}}]}},"taxonomy_info":{"category":[{"value":412,"label":"Gest\u00e3o de Cl\u00ednicas e Consult\u00f3rios"},{"value":1190,"label":"Novidades"},{"value":1127,"label":"Novidades Cloud"},{"value":938,"label":"O que h\u00e1 de novo?"}]},"featured_image_src_large":["https:\/\/prodoctor.net\/blog\/wp-content\/uploads\/2026\/04\/Final-ajustada-1024x593.png",1024,593,true],"author_info":{"display_name":"L\u00edvia Cajueiro","author_link":"https:\/\/prodoctor.net\/blog\/author\/livia-cajueiro\/"},"comment_info":0,"category_info":[{"term_id":412,"name":"Gest\u00e3o de Cl\u00ednicas e Consult\u00f3rios","slug":"gestao-de-clinicas-e-consultorios","term_group":0,"term_taxonomy_id":412,"taxonomy":"category","description":"","parent":0,"count":293,"filter":"raw","cat_ID":412,"category_count":293,"category_description":"","cat_name":"Gest\u00e3o de Cl\u00ednicas e Consult\u00f3rios","category_nicename":"gestao-de-clinicas-e-consultorios","category_parent":0},{"term_id":1190,"name":"Novidades","slug":"novidades","term_group":0,"term_taxonomy_id":1190,"taxonomy":"category","description":"","parent":0,"count":2,"filter":"raw","cat_ID":1190,"category_count":2,"category_description":"","cat_name":"Novidades","category_nicename":"novidades","category_parent":0},{"term_id":1127,"name":"Novidades Cloud","slug":"novidades-cloud","term_group":0,"term_taxonomy_id":1127,"taxonomy":"category","description":"","parent":0,"count":7,"filter":"raw","cat_ID":1127,"category_count":7,"category_description":"","cat_name":"Novidades Cloud","category_nicename":"novidades-cloud","category_parent":0},{"term_id":938,"name":"O que h\u00e1 de novo?","slug":"o-que-ha-de-novo","term_group":0,"term_taxonomy_id":938,"taxonomy":"category","description":"","parent":0,"count":33,"filter":"raw","cat_ID":938,"category_count":33,"category_description":"","cat_name":"O que h\u00e1 de novo?","category_nicename":"o-que-ha-de-novo","category_parent":0}],"tag_info":false,"_links":{"self":[{"href":"https:\/\/prodoctor.net\/blog\/wp-json\/wp\/v2\/posts\/33398","targetHints":{"allow":["GET"]}}],"collection":[{"href":"https:\/\/prodoctor.net\/blog\/wp-json\/wp\/v2\/posts"}],"about":[{"href":"https:\/\/prodoctor.net\/blog\/wp-json\/wp\/v2\/types\/post"}],"author":[{"embeddable":true,"href":"https:\/\/prodoctor.net\/blog\/wp-json\/wp\/v2\/users\/11"}],"replies":[{"embeddable":true,"href":"https:\/\/prodoctor.net\/blog\/wp-json\/wp\/v2\/comments?post=33398"}],"version-history":[{"count":2,"href":"https:\/\/prodoctor.net\/blog\/wp-json\/wp\/v2\/posts\/33398\/revisions"}],"predecessor-version":[{"id":33406,"href":"https:\/\/prodoctor.net\/blog\/wp-json\/wp\/v2\/posts\/33398\/revisions\/33406"}],"wp:featuredmedia":[{"embeddable":true,"href":"https:\/\/prodoctor.net\/blog\/wp-json\/wp\/v2\/media\/33407"}],"wp:attachment":[{"href":"https:\/\/prodoctor.net\/blog\/wp-json\/wp\/v2\/media?parent=33398"}],"wp:term":[{"taxonomy":"category","embeddable":true,"href":"https:\/\/prodoctor.net\/blog\/wp-json\/wp\/v2\/categories?post=33398"},{"taxonomy":"post_tag","embeddable":true,"href":"https:\/\/prodoctor.net\/blog\/wp-json\/wp\/v2\/tags?post=33398"}],"curies":[{"name":"wp","href":"https:\/\/api.w.org\/{rel}","templated":true}]}}