{"id":33057,"date":"2025-11-14T11:57:20","date_gmt":"2025-11-14T14:57:20","guid":{"rendered":"https:\/\/prodoctor.net\/blog\/?p=33057"},"modified":"2025-12-02T11:27:45","modified_gmt":"2025-12-02T14:27:45","slug":"agenda-colorida-prodoctor","status":"publish","type":"post","link":"https:\/\/prodoctor.net\/blog\/agenda-colorida-prodoctor\/","title":{"rendered":"Visual colorido na Agenda: mais clareza para o seu dia a dia"},"content":{"rendered":"\n<p>Uma boa gest\u00e3o de agenda come\u00e7a com uma vis\u00e3o clara dos compromissos. Em cl\u00ednicas e consult\u00f3rios com alta demanda, a forma como os agendamentos s\u00e3o visualizados pode impactar diretamente a produtividade e a organiza\u00e7\u00e3o da equipe.<\/p>\n\n\n\n<p>Por isso, nas solu\u00e7\u00f5es <strong>ProDoctor Cloud<\/strong>, \u00e9 poss\u00edvel personalizar a visualiza\u00e7\u00e3o da <strong>Agenda de Consultas<\/strong>, alternando entre o modo <strong>minimalista<\/strong> e o <strong>visual colorido<\/strong>, de acordo com o que funciona melhor para a sua rotina.<\/p>\n\n\n\n<h2 class=\"wp-block-heading\">Como funciona o recurso de Agenda colorida<\/h2>\n\n\n\n<p>Com a <strong>agenda colorida ativada<\/strong>, os tipos de agendamentos ganham destaque visual por meio de cores, o que facilita a leitura da grade e o acompanhamento da linha de hor\u00e1rios. Essa visualiza\u00e7\u00e3o ajuda a identificar rapidamente os tipos de atendimentos, profissionais ou situa\u00e7\u00f5es espec\u00edficas, de forma pr\u00e1tica e intuitiva.<\/p>\n\n\n\n<p>Se preferir uma exibi\u00e7\u00e3o mais limpa e discreta, voc\u00ea tamb\u00e9m pode optar pelo modo <strong>minimalista<\/strong>. A escolha \u00e9 sua.<\/p>\n\n\n\n<p>Para alternar entre os modos, basta acessar o cadastro do usu\u00e1rio no menu:&nbsp;<\/p>\n\n\n\n<ul class=\"wp-block-list\">\n<li>Configura\u00e7\u00f5es \u2192 Usu\u00e1rios;<\/li>\n\n\n\n<li>Selecione o usu\u00e1rio e v\u00e1 at\u00e9 a aba de Prefer\u00eancias;<\/li>\n\n\n\n<li>Na op\u00e7\u00e3o de \u201cDiversos\u201d, marque o <em>check box<\/em> &#8220;Desativar modo minimalista na agenda de consultas&#8221;.\u00a0<\/li>\n<\/ul>\n\n\n\n<p>A agenda colorida ficar\u00e1 ativada enquanto esta op\u00e7\u00e3o estiver marcada.<\/p>\n\n\n\n<figure class=\"wp-block-embed is-type-video is-provider-youtube wp-block-embed-youtube wp-embed-aspect-4-3 wp-has-aspect-ratio\"><div class=\"wp-block-embed__wrapper\">\n<iframe  id=\"_ytid_84652\"  width=\"1366\" height=\"768\"  data-origwidth=\"1366\" data-origheight=\"768\"  data-relstop=\"1\" src=\"https:\/\/www.youtube.com\/embed\/gRcT4P0tyes?enablejsapi=1&#038;autoplay=0&#038;cc_load_policy=0&#038;cc_lang_pref=&#038;iv_load_policy=1&#038;loop=0&#038;rel=0&#038;fs=1&#038;playsinline=0&#038;autohide=2&#038;theme=dark&#038;color=red&#038;controls=1&#038;disablekb=0&#038;\" class=\"__youtube_prefs__  epyt-is-override  no-lazyload\" title=\"YouTube player\"  allow=\"fullscreen; accelerometer; autoplay; clipboard-write; encrypted-media; gyroscope; picture-in-picture; web-share\" referrerpolicy=\"strict-origin-when-cross-origin\" allowfullscreen data-no-lazy=\"1\" data-skipgform_ajax_framebjll=\"\"><\/iframe>\n<\/div><\/figure>\n\n\n\n<h3 class=\"wp-block-heading\">Mais autonomia para organizar sua rotina<\/h3>\n\n\n\n<p>O recurso de agenda colorida \u00e9 mais uma das funcionalidades pensadas para oferecer <strong>controle, clareza e personaliza\u00e7\u00e3o<\/strong> na gest\u00e3o da sua cl\u00ednica. Com ele, voc\u00ea e sua equipe ganham mais agilidade na visualiza\u00e7\u00e3o dos hor\u00e1rios e podem tomar decis\u00f5es com mais rapidez e precis\u00e3o.<\/p>\n","protected":false},"excerpt":{"rendered":"<p>Uma boa gest\u00e3o de agenda come\u00e7a com uma vis\u00e3o clara dos compromissos. Em cl\u00ednicas e consult\u00f3rios com alta demanda,&#8230;<\/p>\n","protected":false},"author":11,"featured_media":33059,"comment_status":"closed","ping_status":"closed","sticky":false,"template":"","format":"standard","meta":{"_kad_blocks_custom_css":"","_kad_blocks_head_custom_js":"","_kad_blocks_body_custom_js":"","_kad_blocks_footer_custom_js":"","_kadence_starter_templates_imported_post":false,"_kad_post_transparent":"","_kad_post_title":"","_kad_post_layout":"","_kad_post_sidebar_id":"","_kad_post_content_style":"","_kad_post_vertical_padding":"","_kad_post_feature":"","_kad_post_feature_position":"","_kad_post_header":false,"_kad_post_footer":false,"footnotes":""},"categories":[1233],"tags":[],"class_list":["post-33057","post","type-post","status-publish","format-standard","has-post-thumbnail","hentry","category-dicas-e-truques-prodoctor"],"yoast_head":"<!-- This site is optimized with the Yoast SEO plugin v27.0 - https:\/\/yoast.com\/product\/yoast-seo-wordpress\/ -->\n<title>Agenda colorida ProDoctor: mais clareza no dia a dia | ProDoctor<\/title>\n<meta name=\"description\" content=\"Veja como a agenda colorida favorece o agendamento, facilitando a leitura da grade e o acompanhamento da linha de hor\u00e1rios.\" \/>\n<meta name=\"robots\" content=\"index, follow, max-snippet:-1, max-image-preview:large, max-video-preview:-1\" \/>\n<link rel=\"canonical\" href=\"https:\/\/prodoctor.net\/blog\/agenda-colorida-prodoctor\/\" \/>\n<meta property=\"og:locale\" content=\"pt_BR\" \/>\n<meta property=\"og:type\" content=\"article\" \/>\n<meta property=\"og:title\" content=\"Agenda colorida ProDoctor: mais clareza no dia a dia | ProDoctor\" \/>\n<meta property=\"og:description\" content=\"Veja como a agenda colorida favorece o agendamento, facilitando a leitura da grade e o acompanhamento da linha de hor\u00e1rios.\" \/>\n<meta property=\"og:url\" content=\"https:\/\/prodoctor.net\/blog\/agenda-colorida-prodoctor\/\" \/>\n<meta property=\"og:site_name\" content=\"Blog ProDoctor\" \/>\n<meta property=\"article:publisher\" content=\"https:\/\/www.facebook.com\/prodoctorsoftware\" \/>\n<meta property=\"article:published_time\" content=\"2025-11-14T14:57:20+00:00\" \/>\n<meta property=\"article:modified_time\" content=\"2025-12-02T14:27:45+00:00\" \/>\n<meta property=\"og:image\" content=\"https:\/\/prodoctor.net\/blog\/wp-content\/uploads\/2025\/11\/agenda-colorida.webp\" \/>\n\t<meta property=\"og:image:width\" content=\"1422\" \/>\n\t<meta property=\"og:image:height\" content=\"894\" \/>\n\t<meta property=\"og:image:type\" content=\"image\/webp\" \/>\n<meta name=\"author\" content=\"L\u00edvia Cajueiro\" \/>\n<meta name=\"twitter:card\" content=\"summary_large_image\" \/>\n<meta name=\"twitter:creator\" content=\"@prodoctorsoft\" \/>\n<meta name=\"twitter:site\" content=\"@prodoctorsoft\" \/>\n<meta name=\"twitter:label1\" content=\"Escrito por\" \/>\n\t<meta name=\"twitter:data1\" content=\"L\u00edvia Cajueiro\" \/>\n\t<meta name=\"twitter:label2\" content=\"Est. tempo de leitura\" \/>\n\t<meta name=\"twitter:data2\" content=\"2 minutos\" \/>\n<script type=\"application\/ld+json\" class=\"yoast-schema-graph\">{\"@context\":\"https:\/\/schema.org\",\"@graph\":[{\"@type\":\"Article\",\"@id\":\"https:\/\/prodoctor.net\/blog\/agenda-colorida-prodoctor\/#article\",\"isPartOf\":{\"@id\":\"https:\/\/prodoctor.net\/blog\/agenda-colorida-prodoctor\/\"},\"author\":{\"name\":\"L\u00edvia Cajueiro\",\"@id\":\"https:\/\/prodoctor.net\/blog\/#\/schema\/person\/b4e6451b0035658e23a6171c74ba126a\"},\"headline\":\"Visual colorido na Agenda: mais clareza para o seu dia a dia\",\"datePublished\":\"2025-11-14T14:57:20+00:00\",\"dateModified\":\"2025-12-02T14:27:45+00:00\",\"mainEntityOfPage\":{\"@id\":\"https:\/\/prodoctor.net\/blog\/agenda-colorida-prodoctor\/\"},\"wordCount\":296,\"publisher\":{\"@id\":\"https:\/\/prodoctor.net\/blog\/#organization\"},\"image\":{\"@id\":\"https:\/\/prodoctor.net\/blog\/agenda-colorida-prodoctor\/#primaryimage\"},\"thumbnailUrl\":\"https:\/\/prodoctor.net\/blog\/wp-content\/uploads\/2025\/11\/agenda-colorida.webp\",\"articleSection\":[\"Dicas e truques ProDoctor\"],\"inLanguage\":\"pt-BR\"},{\"@type\":\"WebPage\",\"@id\":\"https:\/\/prodoctor.net\/blog\/agenda-colorida-prodoctor\/\",\"url\":\"https:\/\/prodoctor.net\/blog\/agenda-colorida-prodoctor\/\",\"name\":\"Agenda colorida ProDoctor: mais clareza no dia a dia | ProDoctor\",\"isPartOf\":{\"@id\":\"https:\/\/prodoctor.net\/blog\/#website\"},\"primaryImageOfPage\":{\"@id\":\"https:\/\/prodoctor.net\/blog\/agenda-colorida-prodoctor\/#primaryimage\"},\"image\":{\"@id\":\"https:\/\/prodoctor.net\/blog\/agenda-colorida-prodoctor\/#primaryimage\"},\"thumbnailUrl\":\"https:\/\/prodoctor.net\/blog\/wp-content\/uploads\/2025\/11\/agenda-colorida.webp\",\"datePublished\":\"2025-11-14T14:57:20+00:00\",\"dateModified\":\"2025-12-02T14:27:45+00:00\",\"description\":\"Veja como a agenda colorida favorece o agendamento, facilitando a leitura da grade e o acompanhamento da linha de hor\u00e1rios.\",\"breadcrumb\":{\"@id\":\"https:\/\/prodoctor.net\/blog\/agenda-colorida-prodoctor\/#breadcrumb\"},\"inLanguage\":\"pt-BR\",\"potentialAction\":[{\"@type\":\"ReadAction\",\"target\":[\"https:\/\/prodoctor.net\/blog\/agenda-colorida-prodoctor\/\"]}]},{\"@type\":\"ImageObject\",\"inLanguage\":\"pt-BR\",\"@id\":\"https:\/\/prodoctor.net\/blog\/agenda-colorida-prodoctor\/#primaryimage\",\"url\":\"https:\/\/prodoctor.net\/blog\/wp-content\/uploads\/2025\/11\/agenda-colorida.webp\",\"contentUrl\":\"https:\/\/prodoctor.net\/blog\/wp-content\/uploads\/2025\/11\/agenda-colorida.webp\",\"width\":1422,\"height\":894},{\"@type\":\"BreadcrumbList\",\"@id\":\"https:\/\/prodoctor.net\/blog\/agenda-colorida-prodoctor\/#breadcrumb\",\"itemListElement\":[{\"@type\":\"ListItem\",\"position\":1,\"name\":\"In\u00edcio\",\"item\":\"https:\/\/prodoctor.net\/blog\/\"},{\"@type\":\"ListItem\",\"position\":2,\"name\":\"Visual colorido na Agenda: mais clareza para o seu dia a dia\"}]},{\"@type\":\"WebSite\",\"@id\":\"https:\/\/prodoctor.net\/blog\/#website\",\"url\":\"https:\/\/prodoctor.net\/blog\/\",\"name\":\"Blog ProDoctor\",\"description\":\"Tudo sobre o mundo da Sa\u00fade\",\"publisher\":{\"@id\":\"https:\/\/prodoctor.net\/blog\/#organization\"},\"potentialAction\":[{\"@type\":\"SearchAction\",\"target\":{\"@type\":\"EntryPoint\",\"urlTemplate\":\"https:\/\/prodoctor.net\/blog\/?s={search_term_string}\"},\"query-input\":{\"@type\":\"PropertyValueSpecification\",\"valueRequired\":true,\"valueName\":\"search_term_string\"}}],\"inLanguage\":\"pt-BR\"},{\"@type\":\"Organization\",\"@id\":\"https:\/\/prodoctor.net\/blog\/#organization\",\"name\":\"ProDoctor Software S\/A\",\"url\":\"https:\/\/prodoctor.net\/blog\/\",\"logo\":{\"@type\":\"ImageObject\",\"inLanguage\":\"pt-BR\",\"@id\":\"https:\/\/prodoctor.net\/blog\/#\/schema\/logo\/image\/\",\"url\":\"https:\/\/prodoctor.net\/blog\/wp-content\/uploads\/2017\/01\/Logo_PDo_Lateral.png\",\"contentUrl\":\"https:\/\/prodoctor.net\/blog\/wp-content\/uploads\/2017\/01\/Logo_PDo_Lateral.png\",\"width\":2014,\"height\":485,\"caption\":\"ProDoctor Software S\/A\"},\"image\":{\"@id\":\"https:\/\/prodoctor.net\/blog\/#\/schema\/logo\/image\/\"},\"sameAs\":[\"https:\/\/www.facebook.com\/prodoctorsoftware\",\"https:\/\/x.com\/prodoctorsoft\",\"https:\/\/www.instagram.com\/prodoctorsoftware\/\",\"https:\/\/www.linkedin.com\/company\/prodoctor-software-ltda\",\"https:\/\/www.youtube.com\/channel\/UCIWuDLsVtIpX-PEqQn1pNlw\"]},{\"@type\":\"Person\",\"@id\":\"https:\/\/prodoctor.net\/blog\/#\/schema\/person\/b4e6451b0035658e23a6171c74ba126a\",\"name\":\"L\u00edvia Cajueiro\",\"image\":{\"@type\":\"ImageObject\",\"inLanguage\":\"pt-BR\",\"@id\":\"https:\/\/prodoctor.net\/blog\/#\/schema\/person\/image\/\",\"url\":\"https:\/\/secure.gravatar.com\/avatar\/51c56d7bbf6010466bca91264e721a83e8345256f1a0057f5507ec910afe89e0?s=96&d=mm&r=g\",\"contentUrl\":\"https:\/\/secure.gravatar.com\/avatar\/51c56d7bbf6010466bca91264e721a83e8345256f1a0057f5507ec910afe89e0?s=96&d=mm&r=g\",\"caption\":\"L\u00edvia Cajueiro\"}}]}<\/script>\n<!-- \/ Yoast SEO plugin. -->","yoast_head_json":{"title":"Agenda colorida ProDoctor: mais clareza no dia a dia | ProDoctor","description":"Veja como a agenda colorida favorece o agendamento, facilitando a leitura da grade e o acompanhamento da linha de hor\u00e1rios.","robots":{"index":"index","follow":"follow","max-snippet":"max-snippet:-1","max-image-preview":"max-image-preview:large","max-video-preview":"max-video-preview:-1"},"canonical":"https:\/\/prodoctor.net\/blog\/agenda-colorida-prodoctor\/","og_locale":"pt_BR","og_type":"article","og_title":"Agenda colorida ProDoctor: mais clareza no dia a dia | ProDoctor","og_description":"Veja como a agenda colorida favorece o agendamento, facilitando a leitura da grade e o acompanhamento da linha de hor\u00e1rios.","og_url":"https:\/\/prodoctor.net\/blog\/agenda-colorida-prodoctor\/","og_site_name":"Blog ProDoctor","article_publisher":"https:\/\/www.facebook.com\/prodoctorsoftware","article_published_time":"2025-11-14T14:57:20+00:00","article_modified_time":"2025-12-02T14:27:45+00:00","og_image":[{"width":1422,"height":894,"url":"https:\/\/prodoctor.net\/blog\/wp-content\/uploads\/2025\/11\/agenda-colorida.webp","type":"image\/webp"}],"author":"L\u00edvia Cajueiro","twitter_card":"summary_large_image","twitter_creator":"@prodoctorsoft","twitter_site":"@prodoctorsoft","twitter_misc":{"Escrito por":"L\u00edvia Cajueiro","Est. tempo de leitura":"2 minutos"},"schema":{"@context":"https:\/\/schema.org","@graph":[{"@type":"Article","@id":"https:\/\/prodoctor.net\/blog\/agenda-colorida-prodoctor\/#article","isPartOf":{"@id":"https:\/\/prodoctor.net\/blog\/agenda-colorida-prodoctor\/"},"author":{"name":"L\u00edvia Cajueiro","@id":"https:\/\/prodoctor.net\/blog\/#\/schema\/person\/b4e6451b0035658e23a6171c74ba126a"},"headline":"Visual colorido na Agenda: mais clareza para o seu dia a dia","datePublished":"2025-11-14T14:57:20+00:00","dateModified":"2025-12-02T14:27:45+00:00","mainEntityOfPage":{"@id":"https:\/\/prodoctor.net\/blog\/agenda-colorida-prodoctor\/"},"wordCount":296,"publisher":{"@id":"https:\/\/prodoctor.net\/blog\/#organization"},"image":{"@id":"https:\/\/prodoctor.net\/blog\/agenda-colorida-prodoctor\/#primaryimage"},"thumbnailUrl":"https:\/\/prodoctor.net\/blog\/wp-content\/uploads\/2025\/11\/agenda-colorida.webp","articleSection":["Dicas e truques ProDoctor"],"inLanguage":"pt-BR"},{"@type":"WebPage","@id":"https:\/\/prodoctor.net\/blog\/agenda-colorida-prodoctor\/","url":"https:\/\/prodoctor.net\/blog\/agenda-colorida-prodoctor\/","name":"Agenda colorida ProDoctor: mais clareza no dia a dia | ProDoctor","isPartOf":{"@id":"https:\/\/prodoctor.net\/blog\/#website"},"primaryImageOfPage":{"@id":"https:\/\/prodoctor.net\/blog\/agenda-colorida-prodoctor\/#primaryimage"},"image":{"@id":"https:\/\/prodoctor.net\/blog\/agenda-colorida-prodoctor\/#primaryimage"},"thumbnailUrl":"https:\/\/prodoctor.net\/blog\/wp-content\/uploads\/2025\/11\/agenda-colorida.webp","datePublished":"2025-11-14T14:57:20+00:00","dateModified":"2025-12-02T14:27:45+00:00","description":"Veja como a agenda colorida favorece o agendamento, facilitando a leitura da grade e o acompanhamento da linha de hor\u00e1rios.","breadcrumb":{"@id":"https:\/\/prodoctor.net\/blog\/agenda-colorida-prodoctor\/#breadcrumb"},"inLanguage":"pt-BR","potentialAction":[{"@type":"ReadAction","target":["https:\/\/prodoctor.net\/blog\/agenda-colorida-prodoctor\/"]}]},{"@type":"ImageObject","inLanguage":"pt-BR","@id":"https:\/\/prodoctor.net\/blog\/agenda-colorida-prodoctor\/#primaryimage","url":"https:\/\/prodoctor.net\/blog\/wp-content\/uploads\/2025\/11\/agenda-colorida.webp","contentUrl":"https:\/\/prodoctor.net\/blog\/wp-content\/uploads\/2025\/11\/agenda-colorida.webp","width":1422,"height":894},{"@type":"BreadcrumbList","@id":"https:\/\/prodoctor.net\/blog\/agenda-colorida-prodoctor\/#breadcrumb","itemListElement":[{"@type":"ListItem","position":1,"name":"In\u00edcio","item":"https:\/\/prodoctor.net\/blog\/"},{"@type":"ListItem","position":2,"name":"Visual colorido na Agenda: mais clareza para o seu dia a dia"}]},{"@type":"WebSite","@id":"https:\/\/prodoctor.net\/blog\/#website","url":"https:\/\/prodoctor.net\/blog\/","name":"Blog ProDoctor","description":"Tudo sobre o mundo da Sa\u00fade","publisher":{"@id":"https:\/\/prodoctor.net\/blog\/#organization"},"potentialAction":[{"@type":"SearchAction","target":{"@type":"EntryPoint","urlTemplate":"https:\/\/prodoctor.net\/blog\/?s={search_term_string}"},"query-input":{"@type":"PropertyValueSpecification","valueRequired":true,"valueName":"search_term_string"}}],"inLanguage":"pt-BR"},{"@type":"Organization","@id":"https:\/\/prodoctor.net\/blog\/#organization","name":"ProDoctor Software S\/A","url":"https:\/\/prodoctor.net\/blog\/","logo":{"@type":"ImageObject","inLanguage":"pt-BR","@id":"https:\/\/prodoctor.net\/blog\/#\/schema\/logo\/image\/","url":"https:\/\/prodoctor.net\/blog\/wp-content\/uploads\/2017\/01\/Logo_PDo_Lateral.png","contentUrl":"https:\/\/prodoctor.net\/blog\/wp-content\/uploads\/2017\/01\/Logo_PDo_Lateral.png","width":2014,"height":485,"caption":"ProDoctor Software S\/A"},"image":{"@id":"https:\/\/prodoctor.net\/blog\/#\/schema\/logo\/image\/"},"sameAs":["https:\/\/www.facebook.com\/prodoctorsoftware","https:\/\/x.com\/prodoctorsoft","https:\/\/www.instagram.com\/prodoctorsoftware\/","https:\/\/www.linkedin.com\/company\/prodoctor-software-ltda","https:\/\/www.youtube.com\/channel\/UCIWuDLsVtIpX-PEqQn1pNlw"]},{"@type":"Person","@id":"https:\/\/prodoctor.net\/blog\/#\/schema\/person\/b4e6451b0035658e23a6171c74ba126a","name":"L\u00edvia Cajueiro","image":{"@type":"ImageObject","inLanguage":"pt-BR","@id":"https:\/\/prodoctor.net\/blog\/#\/schema\/person\/image\/","url":"https:\/\/secure.gravatar.com\/avatar\/51c56d7bbf6010466bca91264e721a83e8345256f1a0057f5507ec910afe89e0?s=96&d=mm&r=g","contentUrl":"https:\/\/secure.gravatar.com\/avatar\/51c56d7bbf6010466bca91264e721a83e8345256f1a0057f5507ec910afe89e0?s=96&d=mm&r=g","caption":"L\u00edvia Cajueiro"}}]}},"taxonomy_info":{"category":[{"value":1233,"label":"Dicas e truques ProDoctor"}]},"featured_image_src_large":["https:\/\/prodoctor.net\/blog\/wp-content\/uploads\/2025\/11\/agenda-colorida-1024x644.webp",1024,644,true],"author_info":{"display_name":"L\u00edvia Cajueiro","author_link":"https:\/\/prodoctor.net\/blog\/author\/livia-cajueiro\/"},"comment_info":0,"category_info":[{"term_id":1233,"name":"Dicas e truques ProDoctor","slug":"dicas-e-truques-prodoctor","term_group":0,"term_taxonomy_id":1233,"taxonomy":"category","description":"","parent":0,"count":4,"filter":"raw","cat_ID":1233,"category_count":4,"category_description":"","cat_name":"Dicas e truques ProDoctor","category_nicename":"dicas-e-truques-prodoctor","category_parent":0}],"tag_info":false,"_links":{"self":[{"href":"https:\/\/prodoctor.net\/blog\/wp-json\/wp\/v2\/posts\/33057","targetHints":{"allow":["GET"]}}],"collection":[{"href":"https:\/\/prodoctor.net\/blog\/wp-json\/wp\/v2\/posts"}],"about":[{"href":"https:\/\/prodoctor.net\/blog\/wp-json\/wp\/v2\/types\/post"}],"author":[{"embeddable":true,"href":"https:\/\/prodoctor.net\/blog\/wp-json\/wp\/v2\/users\/11"}],"replies":[{"embeddable":true,"href":"https:\/\/prodoctor.net\/blog\/wp-json\/wp\/v2\/comments?post=33057"}],"version-history":[{"count":1,"href":"https:\/\/prodoctor.net\/blog\/wp-json\/wp\/v2\/posts\/33057\/revisions"}],"predecessor-version":[{"id":33058,"href":"https:\/\/prodoctor.net\/blog\/wp-json\/wp\/v2\/posts\/33057\/revisions\/33058"}],"wp:featuredmedia":[{"embeddable":true,"href":"https:\/\/prodoctor.net\/blog\/wp-json\/wp\/v2\/media\/33059"}],"wp:attachment":[{"href":"https:\/\/prodoctor.net\/blog\/wp-json\/wp\/v2\/media?parent=33057"}],"wp:term":[{"taxonomy":"category","embeddable":true,"href":"https:\/\/prodoctor.net\/blog\/wp-json\/wp\/v2\/categories?post=33057"},{"taxonomy":"post_tag","embeddable":true,"href":"https:\/\/prodoctor.net\/blog\/wp-json\/wp\/v2\/tags?post=33057"}],"curies":[{"name":"wp","href":"https:\/\/api.w.org\/{rel}","templated":true}]}}