{"id":32863,"date":"2025-10-13T16:59:49","date_gmt":"2025-10-13T19:59:49","guid":{"rendered":"https:\/\/prodoctor.net\/blog\/?p=32863"},"modified":"2025-10-13T16:59:51","modified_gmt":"2025-10-13T19:59:51","slug":"anamnese-psicologica-entenda-sua-funcao-como-aplicar-e-melhorar-o-atendimento-clinico","status":"publish","type":"post","link":"https:\/\/prodoctor.net\/blog\/anamnese-psicologica-entenda-sua-funcao-como-aplicar-e-melhorar-o-atendimento-clinico\/","title":{"rendered":"Anamnese psicol\u00f3gica: entenda sua fun\u00e7\u00e3o, como aplicar e melhorar o atendimento cl\u00ednico"},"content":{"rendered":"\n<p>A <strong>anamnese psicol\u00f3gica<\/strong> \u00e9 uma ferramenta indispens\u00e1vel para a pr\u00e1tica cl\u00ednica contempor\u00e2nea, que exige uma vis\u00e3o do paciente que v\u00e1 al\u00e9m dos sintomas f\u00edsicos. Muito al\u00e9m do aspecto biol\u00f3gico, \u00e9 importante compreender os aspectos emocionais, sociais e comportamentais para ter diagn\u00f3sticos precisos e tratamentos mais eficazes.<\/p>\n\n\n\n<p>Para o m\u00e9dico rec\u00e9m-formado, dominar essa abordagem humanizada \u00e9 um diferencial competitivo essencial. Para os gestores de cl\u00ednicas, essa integra\u00e7\u00e3o entre a humaniza\u00e7\u00e3o do atendimento e as tecnologias adequadas, como o prontu\u00e1rio eletr\u00f4nico, \u00e9 a chave para aumentar a satisfa\u00e7\u00e3o do paciente e otimizar a efici\u00eancia operacional.<\/p>\n\n\n\n<p id=\"a\"><\/p>\n\n\n\n<ul class=\"wp-block-list\">\n<li><a href=\"#a\">O que \u00e9\u00a0<\/a><\/li>\n\n\n\n<li><a href=\"#b\">Import\u00e2ncia na pr\u00e1tica m\u00e9dica geral<\/a><\/li>\n\n\n\n<li><a href=\"#c\">Como identificar sinais de sofrimento ps\u00edquico durante a anamnese<\/a><\/li>\n\n\n\n<li><a href=\"#d\">Quando e como encaminhar para avalia\u00e7\u00e3o psicol\u00f3gica especializada<\/a><\/li>\n\n\n\n<li><a href=\"#e\">Como um prontu\u00e1rio eletr\u00f4nico pode ajudar a registrar e acompanhar aspectos psicol\u00f3gicos relevantes?<\/a><\/li>\n\n\n\n<li><a href=\"#f\">Conhe\u00e7a o ProDoctor Cloud<\/a><\/li>\n<\/ul>\n\n\n\n<h2 class=\"wp-block-heading\">O que \u00e9 anamnese psicol\u00f3gica?<\/h2>\n\n\n\n<p>A anamnese psicol\u00f3gica \u00e9 a coleta sistem\u00e1tica de informa\u00e7\u00f5es que vai al\u00e9m dos sintomas f\u00edsicos, investigando o universo emocional, comportamental, social e hist\u00f3rico do paciente.&nbsp;<\/p>\n\n\n\n<p>Ela se diferencia da <a href=\"https:\/\/prodoctor.net\/blog\/o-que-e-anamnese\/\" target=\"_blank\" rel=\"noreferrer noopener\">anamnese m\u00e9dica<\/a> tradicional por incluir aspectos como padr\u00f5es de relacionamento, viv\u00eancias traum\u00e1ticas, din\u00e2mica familiar e estrat\u00e9gias de enfrentamento.<\/p>\n\n\n\n<p>\u00c9 fundamental que todo m\u00e9dico, e n\u00e3o apenas o psiquiatra, incorpore essa abordagem na rotina cl\u00ednica. Fatores emocionais e sociais influenciam diretamente a manifesta\u00e7\u00e3o de sintomas f\u00edsicos, a ades\u00e3o ao tratamento e o progn\u00f3stico de diversas condi\u00e7\u00f5es m\u00e9dicas, como, por exemplo, a dor cr\u00f4nica.<\/p>\n\n\n\n<p id=\"b\"><\/p>\n\n\n\n<p>Ao praticar a escuta genu\u00edna e integral, o m\u00e9dico que faz a anamnese psicol\u00f3gica estabelece um v\u00ednculo terap\u00eautico s\u00f3lido e a confian\u00e7a desde o primeiro contato, base essencial para uma <a href=\"https:\/\/prodoctor.net\/blog\/como-melhorar-a-relacao-medico-paciente\/\" target=\"_blank\" rel=\"noreferrer noopener\">rela\u00e7\u00e3o m\u00e9dico-paciente<\/a> produtiva e duradoura.<\/p>\n\n\n\n<h2 class=\"wp-block-heading\">Qual sua import\u00e2ncia na pr\u00e1tica m\u00e9dica geral?<\/h2>\n\n\n\n<p>Incorporar a dimens\u00e3o psicol\u00f3gica na avalia\u00e7\u00e3o cl\u00ednica transforma radicalmente a qualidade do atendimento.&nbsp;<\/p>\n\n\n\n<p><a href=\"https:\/\/www.scielo.br\/j\/rbp\/a\/5KFYWB6hqpfyFTnZR3kNDGd\/?lang=pt\" target=\"_blank\" rel=\"noreferrer noopener\">Estudos demonstram<\/a> que uma parcela significativa das queixas apresentadas em consult\u00f3rios m\u00e9dicos possui componentes emocionais relevantes, seja como causa prim\u00e1ria, fator agravante ou consequ\u00eancia da condi\u00e7\u00e3o f\u00edsica. Ignorar esses aspectos pode levar a diagn\u00f3sticos incompletos, tratamentos ineficazes e frustra\u00e7\u00e3o tanto para o m\u00e9dico quanto para o paciente.<\/p>\n\n\n\n<p>Do ponto de vista da gest\u00e3o cl\u00ednica, m\u00e9dicos que desenvolvem compet\u00eancias em anamnese psicol\u00f3gica tendem a reduzir consultas de retorno desnecess\u00e1rias, diminuir solicita\u00e7\u00f5es excessivas de exames complementares e melhorar os \u00edndices de satisfa\u00e7\u00e3o dos pacientes.&nbsp;<\/p>\n\n\n\n<p>Isso se traduz em maior efici\u00eancia operacional e reputa\u00e7\u00e3o profissional mais s\u00f3lida. Esses s\u00e3o aspectos-chave para quem atua como gestor ou propriet\u00e1rio de servi\u00e7os de sa\u00fade.<\/p>\n\n\n\n<p>Al\u00e9m disso, a abordagem psicol\u00f3gica adequada funciona como uma importante ferramenta de preven\u00e7\u00e3o contra a <a href=\"https:\/\/prodoctor.net\/blog\/impericia-medica\/\" target=\"_blank\" rel=\"noreferrer noopener\">imper\u00edcia m\u00e9dica<\/a>.<\/p>\n\n\n\n<p>Ao documentar adequadamente os aspectos emocionais e contextuais que influenciam o quadro cl\u00ednico, o profissional demonstra zelo, compet\u00eancia t\u00e9cnica e comprometimento com o cuidado integral, protegendo-se juridicamente e fortalecendo a rela\u00e7\u00e3o de confian\u00e7a com o paciente.<\/p>\n\n\n\n<h3 class=\"wp-block-heading\">Elementos essenciais da anamnese psicol\u00f3gica que todo m\u00e9dico deve considerar<\/h3>\n\n\n\n<p>Uma anamnese psicol\u00f3gica completa deve abordar diversos dom\u00ednios da vida do paciente. Assim, para uma coleta de dados completa e eficaz, foque nos seguintes dom\u00ednios:<\/p>\n\n\n\n<ul class=\"wp-block-list\">\n<li><strong>Hist\u00f3rico emocional:<\/strong> investigue epis\u00f3dios pr\u00e9vios de sofrimento ps\u00edquico, tratamentos j\u00e1 realizados, uso de medica\u00e7\u00f5es psicotr\u00f3picas e experi\u00eancias marcantes que possam ter impactado a sa\u00fade mental do paciente.<\/li>\n\n\n\n<li><strong>Contexto social e familiar: <\/strong>avalie a rede de apoio dispon\u00edvel, a qualidade dos relacionamentos interpessoais, o ambiente de trabalho e as condi\u00e7\u00f5es de moradia. Isso revela fatores de estresse e recursos adaptativos.<\/li>\n\n\n\n<li><strong>Padr\u00f5es comportamentais:<\/strong> analise h\u00e1bitos de sono, alimenta\u00e7\u00e3o, atividade f\u00edsica e uso de subst\u00e2ncias (\u00e1lcool, tabaco, drogas il\u00edcitas), al\u00e9m de comportamentos repetitivos ou compulsivos que sinalizem sofrimento ps\u00edquico subjacente.<\/li>\n\n\n\n<li><strong>Percep\u00e7\u00e3o subjetiva da doen\u00e7a:<\/strong> busque entender como o paciente compreende e atribui significado aos seus sintomas. Essa \u00e9 uma informa\u00e7\u00e3o primordial para orientar a abordagem terap\u00eautica e identificar cren\u00e7as que possam prejudicar a ades\u00e3o ao tratamento.<\/li>\n\n\n\n<li><strong>Capacidade de enfrentamento (<\/strong><strong><em>coping<\/em><\/strong><strong>):<\/strong> avalie os recursos psicol\u00f3gicos e a resili\u00eancia do paciente. Boas estrat\u00e9gias de <em>coping<\/em> est\u00e3o associadas a melhores resultados terap\u00eauticos, mesmo em casos de condi\u00e7\u00f5es m\u00e9dicas complexas.<\/li>\n<\/ul>\n\n\n\n<h3 class=\"wp-block-heading\">T\u00e9cnicas de comunica\u00e7\u00e3o para abordar aspectos psicol\u00f3gicos durante a consulta<\/h3>\n\n\n<div class=\"wp-block-image\">\n<figure class=\"aligncenter size-full\"><img decoding=\"async\" width=\"770\" height=\"260\" src=\"https:\/\/prodoctor.net\/blog\/wp-content\/uploads\/2025\/10\/anamnese-psicologica-tecnicas.webp\" alt=\"As m\u00e3os de um profissional segurando uma prancheta e uma caneta, anotando informa\u00e7\u00f5es. Ao fundo, uma pessoa sentada com as m\u00e3os juntas \u00e9 vista em desfoque. A imagem simboliza as t\u00e9cnicas de registro e comunica\u00e7\u00e3o cruciais durante a anamnese psicol\u00f3gica para a coleta de dados da consulta.\" class=\"wp-image-32867\" srcset=\"https:\/\/prodoctor.net\/blog\/wp-content\/uploads\/2025\/10\/anamnese-psicologica-tecnicas.webp 770w, https:\/\/prodoctor.net\/blog\/wp-content\/uploads\/2025\/10\/anamnese-psicologica-tecnicas-300x101.webp 300w, https:\/\/prodoctor.net\/blog\/wp-content\/uploads\/2025\/10\/anamnese-psicologica-tecnicas-768x259.webp 768w\" sizes=\"(max-width: 770px) 100vw, 770px\" \/><\/figure>\n<\/div>\n\n\n<p>A qualidade da comunica\u00e7\u00e3o determina em grande medida o sucesso da anamnese psicol\u00f3gica. Confira, a seguir, algumas t\u00e9cnicas fundamentais.<\/p>\n\n\n\n<h4 class=\"wp-block-heading\">Perguntas abertas<\/h4>\n\n\n\n<p>A primeira t\u00e9cnica fundamental \u00e9 o uso de perguntas abertas, que permitem ao paciente expressar-se livremente sem se sentir limitado por question\u00e1rios fechados.&nbsp;<\/p>\n\n\n\n<p>Em vez de perguntar &#8220;Voc\u00ea est\u00e1 ansioso?&#8221;, experimente &#8220;Como voc\u00ea tem se sentido emocionalmente nas \u00faltimas semanas?&#8221;.<\/p>\n\n\n\n<p>Essa abordagem convida o paciente a compartilhar sua experi\u00eancia de forma mais rica e aut\u00eantica.<\/p>\n\n\n\n<h4 class=\"wp-block-heading\">Escuta ativa<\/h4>\n\n\n\n<p>A escuta ativa representa outra habilidade essencial. Isso significa demonstrar aten\u00e7\u00e3o genu\u00edna atrav\u00e9s de linguagem corporal apropriada, contato visual adequado e interven\u00e7\u00f5es verbais que confirmam a compreens\u00e3o do que est\u00e1 sendo compartilhado.&nbsp;<\/p>\n\n\n\n<p>Pequenos resumos como &#8220;Ent\u00e3o, se entendi corretamente, voc\u00ea tem sentido&#8230;&#8221; mostram ao paciente que est\u00e1 sendo verdadeiramente ouvido.<\/p>\n\n\n\n<h4 class=\"wp-block-heading\">Adapta\u00e7\u00e3o da linguagem<\/h4>\n\n\n\n<p>A adapta\u00e7\u00e3o da linguagem \u00e9 fundamental para estabelecer uma comunica\u00e7\u00e3o efetiva. Evite jarg\u00f5es t\u00e9cnicos e ajuste seu vocabul\u00e1rio ao n\u00edvel sociocultural do paciente.&nbsp;<\/p>\n\n\n\n<p>Termos como &#8220;transtorno de ansiedade generalizada&#8221; podem ser substitu\u00eddos por &#8220;preocupa\u00e7\u00e3o excessiva que interfere no seu dia a dia&#8221;, tornando a conversa mais acess\u00edvel e menos intimidadora.<\/p>\n\n\n\n<h4 class=\"wp-block-heading\">Normaliza\u00e7\u00e3o<\/h4>\n\n\n\n<p>A normaliza\u00e7\u00e3o \u00e9 uma t\u00e9cnica \u00fatil para reduzir resist\u00eancias e estigmas. Ao investigar aspectos psicol\u00f3gicos, frases como &#8220;Muitas pessoas nas suas circunst\u00e2ncias relatam sentir&#8230;&#8221; ajudam o paciente a perceber que suas experi\u00eancias s\u00e3o compreens\u00edveis e leg\u00edtimas, reduzindo vergonha ou constrangimento.<\/p>\n\n\n\n<h4 class=\"wp-block-heading\">Estrutura\u00e7\u00e3o em blocos tem\u00e1ticos<\/h4>\n\n\n\n<p>Finalmente, a estrutura\u00e7\u00e3o em blocos tem\u00e1ticos facilita a organiza\u00e7\u00e3o das informa\u00e7\u00f5es e garante que nenhum aspecto importante seja negligenciado.&nbsp;<\/p>\n\n\n\n<p id=\"c\"><\/p>\n\n\n\n<p>Voc\u00ea pode dividir a entrevista em segmentos como queixa principal, hist\u00f3rico da doen\u00e7a atual, antecedentes pessoais e familiares, h\u00e1bitos de vida, contexto social e, finalmente, aspectos emocionais e psicol\u00f3gicos.<\/p>\n\n\n\n<h2 class=\"wp-block-heading\">Como identificar sinais de sofrimento ps\u00edquico durante a anamnese?<\/h2>\n\n\n\n<p>Reconhecer manifesta\u00e7\u00f5es de sofrimento ps\u00edquico exige aten\u00e7\u00e3o a sinais diretos e indiretos, que v\u00e3o al\u00e9m do relato verbal. Fique atento aos seguintes indicadores, prestando especial aten\u00e7\u00e3o aos padr\u00f5es de:<\/p>\n\n\n\n<h3 class=\"wp-block-heading\">Padr\u00f5es f\u00edsicos e som\u00e1ticos<\/h3>\n\n\n\n<ul class=\"wp-block-list\">\n<li><strong>Sono: <\/strong>altera\u00e7\u00f5es no padr\u00e3o de sono (ins\u00f4nia, hipersonia ou sono n\u00e3o reparador), que frequentemente sinalizam ansiedade, depress\u00e3o ou estresse cr\u00f4nico.<\/li>\n\n\n\n<li><strong>Apetite\/peso:<\/strong> mudan\u00e7as significativas no apetite e peso sem causa org\u00e2nica aparente.<\/li>\n\n\n\n<li><strong>Sintomas som\u00e1ticos recorrentes: <\/strong>dores cr\u00f4nicas inespec\u00edficas, fadiga persistente, tonturas, palpita\u00e7\u00f5es ou problemas digestivos sem substrato org\u00e2nico.<\/li>\n<\/ul>\n\n\n\n<h3 class=\"wp-block-heading\">Discurso e conte\u00fado verbal<\/h3>\n\n\n\n<ul class=\"wp-block-list\">\n<li><strong>Ritmo: <\/strong>observe a velocidade (lenta em casos de depress\u00e3o; acelerada em casos de ansiedade) e a coer\u00eancia do pensamento.<\/li>\n\n\n\n<li><strong>Desesperan\u00e7a e culpa: <\/strong>express\u00f5es de desamparo, desesperan\u00e7a ou culpa excessiva (&#8220;n\u00e3o vejo sa\u00edda&#8221;, &#8220;sou um peso&#8221;), que s\u00e3o fortes indicadores de depress\u00e3o e devem ser levadas a s\u00e9rio.<\/li>\n\n\n\n<li><strong>Idea\u00e7\u00e3o suicida:<\/strong> sempre investigue pensamentos suicidas quando houver suspeita de sofrimento ps\u00edquico intenso. Perguntar sobre o tema demonstra cuidado e n\u00e3o aumenta o risco.<\/li>\n<\/ul>\n\n\n\n<h3 class=\"wp-block-heading\">Comportamento e intera\u00e7\u00e3o<\/h3>\n\n\n\n<p id=\"d\"><\/p>\n\n\n\n<ul class=\"wp-block-list\">\n<li><strong>Perda de interesse:<\/strong> desinteresse por atividades previamente prazerosas (anedonia).<\/li>\n\n\n\n<li><strong>Isolamento social: <\/strong>dificuldades no trabalho, nos relacionamentos ou isolamento social.<\/li>\n\n\n\n<li><strong>Irritabilidade: <\/strong>irritabilidade aumentada ou rea\u00e7\u00f5es exageradas a eventos cotidianos.<\/li>\n<\/ul>\n\n\n\n<h2 class=\"wp-block-heading\">Quando e como encaminhar para avalia\u00e7\u00e3o psicol\u00f3gica especializada?<\/h2>\n\n\n<div class=\"wp-block-image\">\n<figure class=\"aligncenter size-full\"><img decoding=\"async\" width=\"770\" height=\"260\" src=\"https:\/\/prodoctor.net\/blog\/wp-content\/uploads\/2025\/10\/anamnese-psicologica-quando-encaminhar.webp\" alt=\"M\u00e3os de um profissional de sa\u00fade, vestindo jaleco branco, preenchendo um formul\u00e1rio em uma prancheta. Em segundo plano, desfocada, est\u00e1 uma paciente sentada com as m\u00e3os cruzadas. A imagem representa o registro de informa\u00e7\u00f5es durante a anamnese psicol\u00f3gica e o momento da decis\u00e3o sobre um poss\u00edvel encaminhamento para avalia\u00e7\u00e3o especializada.\" class=\"wp-image-32869\" srcset=\"https:\/\/prodoctor.net\/blog\/wp-content\/uploads\/2025\/10\/anamnese-psicologica-quando-encaminhar.webp 770w, https:\/\/prodoctor.net\/blog\/wp-content\/uploads\/2025\/10\/anamnese-psicologica-quando-encaminhar-300x101.webp 300w, https:\/\/prodoctor.net\/blog\/wp-content\/uploads\/2025\/10\/anamnese-psicologica-quando-encaminhar-768x259.webp 768w\" sizes=\"(max-width: 770px) 100vw, 770px\" \/><\/figure>\n<\/div>\n\n\n<p>O encaminhamento para profissionais de sa\u00fade mental (psic\u00f3logo ou psiquiatra) \u00e9 um ato de responsabilidade e cuidado integral. Ele deve ocorrer sempre que o m\u00e9dico identificar situa\u00e7\u00f5es que ultrapassem sua compet\u00eancia ou disponibilidade de manejo cl\u00ednico.<\/p>\n\n\n\n<p>O encaminhamento \u00e9 necess\u00e1rio quando h\u00e1:<\/p>\n\n\n\n<ul class=\"wp-block-list\">\n<li><strong>Transtornos mentais graves:<\/strong> ocorrem quadros claros de depress\u00e3o maior, transtorno bipolar, esquizofrenia ou transtornos de ansiedade incapacitantes.<\/li>\n\n\n\n<li><strong>Risco imediato: <\/strong>h\u00e1 risco de autoles\u00e3o ou idea\u00e7\u00e3o suicida. Nesses casos, o encaminhamento deve ser imediato, com estabelecimento de rede de seguran\u00e7a e, se necess\u00e1rio, interven\u00e7\u00e3o de urg\u00eancia. Nunca subestime esses sinais.<\/li>\n\n\n\n<li><strong>Traumas complexos:<\/strong> o paciente relata traumas significativos (abuso, viol\u00eancia, perdas) que requerem psicoterapia especializada em abordagens traum\u00e1ticas.<\/li>\n\n\n\n<li><strong>Comorbidades psiqui\u00e1tricas:<\/strong> pacientes com doen\u00e7as cr\u00f4nicas (c\u00e2ncer, diabetes, doen\u00e7as cardiovasculares) que tamb\u00e9m apresentam sofrimento ps\u00edquico relevante. O manejo integrado melhora o progn\u00f3stico.<\/li>\n<\/ul>\n\n\n\n<h3 class=\"wp-block-heading\">Como realizar o encaminhamento de forma \u00e9tica<\/h3>\n\n\n\n<p>\u00c9 fundamental preparar o paciente adequadamente. Explique de forma clara e destigmatizante por que voc\u00ea acredita que o acompanhamento especializado ser\u00e1 ben\u00e9fico, enfatizando a import\u00e2ncia do cuidado integral.<\/p>\n\n\n\n<p id=\"e\"><\/p>\n\n\n\n<ul class=\"wp-block-list\">\n<li><strong>Evite:<\/strong> frases que diminuam o paciente ou soem como &#8220;seu problema \u00e9 psicol\u00f3gico&#8221; ou &#8220;n\u00e3o h\u00e1 nada de errado com voc\u00ea&#8221;.<\/li>\n\n\n\n<li><strong>Enfatize:<\/strong> destaque como o suporte especializado complementa o tratamento global e pode aumentar a efic\u00e1cia da recupera\u00e7\u00e3o.<\/li>\n\n\n\n<li><strong>Facilite o processo:<\/strong> sempre que poss\u00edvel, forne\u00e7a contatos espec\u00edficos de profissionais ou servi\u00e7os confi\u00e1veis, facilitando o acesso.<\/li>\n\n\n\n<li><strong>Documente e comunique:<\/strong> registre o encaminhamento no <a href=\"https:\/\/prodoctor.net\/blog\/sistema-de-prontuario-eletronico\/\" target=\"_blank\" rel=\"noreferrer noopener\">prontu\u00e1rio<\/a> e, com a permiss\u00e3o do paciente, mantenha comunica\u00e7\u00e3o com o profissional de sa\u00fade mental para garantir a integra\u00e7\u00e3o do tratamento.<\/li>\n<\/ul>\n\n\n\n<h2 class=\"wp-block-heading\"><strong>Como um prontu\u00e1rio eletr\u00f4nico pode ajudar a registrar e acompanhar aspectos psicol\u00f3gicos relevantes?<\/strong><\/h2>\n\n\n\n<p>O uso de <strong>prontu\u00e1rio eletr\u00f4nico<\/strong> traz benef\u00edcios incontest\u00e1veis \u00e0 rotina cl\u00ednica, especialmente quando falamos da <strong>anamnese psicol\u00f3gica<\/strong>. Ele permite:<\/p>\n\n\n\n<ul class=\"wp-block-list\">\n<li>Registrar os dados emocionais coletados durante as consultas.<\/li>\n\n\n\n<li>Acompanhar mudan\u00e7as no estado mental do paciente ao longo do tempo.<\/li>\n\n\n\n<li>Facilitar o compartilhamento de informa\u00e7\u00f5es entre diferentes profissionais.<\/li>\n\n\n\n<li>Garantir que todos os registros estejam organizados, seguros e acess\u00edveis.<\/li>\n<\/ul>\n\n\n\n<p>Na pr\u00e1tica, isso significa mais qualidade no atendimento e mais confian\u00e7a na continuidade dos cuidados prestados.<\/p>\n\n\n\n<p id=\"f\"><\/p>\n\n\n\n<figure class=\"wp-block-embed aligncenter is-type-video is-provider-youtube wp-block-embed-youtube wp-embed-aspect-16-9 wp-has-aspect-ratio\"><div class=\"wp-block-embed__wrapper\">\n<iframe  id=\"_ytid_90947\"  width=\"1366\" height=\"768\"  data-origwidth=\"1366\" data-origheight=\"768\"  data-relstop=\"1\" src=\"https:\/\/www.youtube.com\/embed\/BE_UZGZf6nM?enablejsapi=1&#038;autoplay=0&#038;cc_load_policy=0&#038;cc_lang_pref=&#038;iv_load_policy=1&#038;loop=0&#038;rel=0&#038;fs=1&#038;playsinline=0&#038;autohide=2&#038;theme=dark&#038;color=red&#038;controls=1&#038;disablekb=0&#038;\" class=\"__youtube_prefs__  epyt-is-override  no-lazyload\" title=\"YouTube player\"  allow=\"fullscreen; accelerometer; autoplay; clipboard-write; encrypted-media; gyroscope; picture-in-picture; web-share\" referrerpolicy=\"strict-origin-when-cross-origin\" allowfullscreen data-no-lazy=\"1\" data-skipgform_ajax_framebjll=\"\"><\/iframe>\n<\/div><\/figure>\n\n\n\n<h2 class=\"wp-block-heading\">Conhe\u00e7a o ProDoctor em nuvem<\/h2>\n\n\n\n<p>Em um setor como o da sa\u00fade, onde confiabilidade, agilidade e seguran\u00e7a s\u00e3o fundamentais, ter um sistema em nuvem est\u00e1vel e eficiente n\u00e3o \u00e9 mais um diferencial, \u00e9 uma necessidade.<\/p>\n\n\n\n<p>O ProDoctor em nuvem foi pensado para m\u00e9dicos e gestores de cl\u00ednicas que n\u00e3o aceitam falhas em seus processos. Com infraestrutura robusta, <a href=\"https:\/\/prodoctor.net\/blog\/o-que-e-o-sla-do-seu-software-medico-e-como-ele-impacta-nos-resultados-da-sua-clinica\/\" target=\"_blank\" rel=\"noreferrer noopener\">SLA de 99% de disponibilidade<\/a> e <a href=\"https:\/\/prodoctor.net\/blog\/saiba-porque-a-aplicacao-web-nao-e-a-melhor-opcao-e-qual-a-melhor-alternativa\/\" target=\"_blank\" rel=\"noreferrer noopener\">tecnologia 100% nativa<\/a>, oferecemos n\u00e3o apenas funcionalidades, mas uma experi\u00eancia completa de gest\u00e3o, adaptada ao seu momento profissional.<\/p>\n\n\n\n<p>Tudo isso com acesso remoto seguro, backups autom\u00e1ticos e alto desempenho, mesmo em estruturas com m\u00faltiplos usu\u00e1rios, e total conformidade com a LGPD e demais normas.<\/p>\n\n\n\n<p>Voc\u00ea escolhe entre tr\u00eas vers\u00f5es distintas e cada uma acompanha seu crescimento, com recursos que evoluem junto com as demandas do seu consult\u00f3rio ou cl\u00ednica.<\/p>\n\n\n\n<div class=\"wp-block-buttons is-content-justification-center is-layout-flex wp-container-core-buttons-is-layout-16018d1d wp-block-buttons-is-layout-flex\">\n<div class=\"wp-block-button\"><a class=\"wp-block-button__link wp-element-button\" href=\"https:\/\/prodoctor.net\/precos\" target=\"_blank\" rel=\"noreferrer noopener\">Compare as solu\u00e7\u00f5es<\/a><\/div>\n<\/div>\n\n\n\n<h3 class=\"wp-block-heading\"><a href=\"https:\/\/prodoctor.net\/cloud\" target=\"_blank\" rel=\"noreferrer noopener\">ProDoctor Cloud<\/a><\/h3>\n\n\n\n<p>Indicado para consult\u00f3rios e cl\u00ednicas menores que valorizam agilidade e estabilidade com controle total, \u00e9 a solu\u00e7\u00e3o ideal para quem busca um sistema em nuvem leve, intuitivo e confi\u00e1vel.<\/p>\n\n\n\n<p>Oferece:<\/p>\n\n\n\n<ul class=\"wp-block-list\">\n<li>Prontu\u00e1rio eletr\u00f4nico completo, assinado digitalmente no padr\u00e3o ICP-Brasil e validade legal;<\/li>\n\n\n\n<li>Agenda personaliz\u00e1vel por profissional, com navega\u00e7\u00e3o simples e eficiente;<\/li>\n\n\n\n<li>Prescri\u00e7\u00e3o eletr\u00f4nica integrada, com a base de medicamentos mais completa do Brasil;<\/li>\n\n\n\n<li>Faturamento simplificado;<\/li>\n\n\n\n<li>Exporta\u00e7\u00e3o de dados para marketing m\u00e9dico;<\/li>\n\n\n\n<li>Digitaliza\u00e7\u00e3o de documentos direto do celular.<\/li>\n<\/ul>\n\n\n\n<h3 class=\"wp-block-heading\"><a href=\"https:\/\/prodoctor.net\/cloud-clinica\" target=\"_blank\" rel=\"noreferrer noopener\">ProDoctor Cloud +Cl\u00ednica<\/a><\/h3>\n\n\n\n<p>Perfeito para cl\u00ednicas que buscam controle total da opera\u00e7\u00e3o e decis\u00f5es baseadas em dados, com suporte a equipes maiores e fluxos mais complexos.&nbsp;<\/p>\n\n\n\n<p>Com o ProDoctor Cloud +Cl\u00ednica, sua equipe ganha uma plataforma mais robusta para crescer com efici\u00eancia, mantendo o cuidado e a organiza\u00e7\u00e3o em todos os setores:<\/p>\n\n\n\n<p>Oferece todos os recursos do ProDoctor Cloud, mais:<\/p>\n\n\n\n<ul class=\"wp-block-list\">\n<li>Agendamento online com intelig\u00eancia artificial humanizada, que protege seu faturamento e evita perdas para concorrentes;<\/li>\n\n\n\n<li>Faturamento integrado, com tabelas TUSS, AMB e CBHPM sempre atualizadas;<\/li>\n\n\n\n<li>Financeiro completo e unificado, com relat\u00f3rios, dashboards e controle de caixa;<\/li>\n\n\n\n<li>Dashboards gerenciais, para decis\u00f5es mais estrat\u00e9gicas com dados em tempo real;<\/li>\n\n\n\n<li>Exporta\u00e7\u00e3o para ferramentas de marketing m\u00e9dico, conectando seu atendimento ao relacionamento;<\/li>\n\n\n\n<li>Digitaliza\u00e7\u00e3o e envio de documentos cl\u00ednicos direto ao prontu\u00e1rio.<\/li>\n<\/ul>\n\n\n\n<h3 class=\"wp-block-heading\"><a href=\"https:\/\/prodoctor.net\/cloud-corp\" target=\"_blank\" rel=\"noreferrer noopener\">ProDoctor Cloud +Corp<\/a><\/h3>\n\n\n\n<p>A escolha certa para cl\u00ednicas que buscam escalabilidade, automa\u00e7\u00e3o e alto desempenho em todos os setores, com controle completo sobre opera\u00e7\u00e3o e receita.<\/p>\n\n\n\n<p>O ProDoctor Cloud +Corp \u00e9 o que h\u00e1 de mais completo e estrat\u00e9gico em gest\u00e3o m\u00e9dica em nuvem. Desenvolvido para cl\u00ednicas corporativas, multilocais e de alta complexidade, ele centraliza todas as informa\u00e7\u00f5es em um \u00fanico ambiente seguro, confi\u00e1vel e eficiente.<\/p>\n\n\n\n<p>Oferece todos os recursos do ProDoctor Cloud +Cl\u00ednica, e ainda:<\/p>\n\n\n\n<ul class=\"wp-block-list\">\n<li>Painel de chamadas, que direciona pacientes em tempo real para as salas;<\/li>\n\n\n\n<li>Lista de espera inteligente, para ocupar automaticamente vagas dispon\u00edveis;<\/li>\n\n\n\n<li>Gest\u00e3o avan\u00e7ada de estoque multilocal, com rastreabilidade por lote, validade e etiquetas de unitariza\u00e7\u00e3o;<\/li>\n\n\n\n<li>M\u00f3dulo de or\u00e7amentos integrado ao prontu\u00e1rio e financeiro, com total rastreabilidade das convers\u00f5es;<\/li>\n\n\n\n<li>C\u00e1lculo autom\u00e1tico de repasses e gest\u00e3o precisa de glosas, maximizando o faturamento;<\/li>\n\n\n\n<li>Integra\u00e7\u00e3o total entre prontu\u00e1rio, financeiro, faturamento e marketing, sem necessidade de sistemas externos.<\/li>\n<\/ul>\n\n\n\n<h2 class=\"wp-block-heading\">Conclus\u00e3o<\/h2>\n\n\n\n<p>A anamnese psicol\u00f3gica \u00e9 uma ferramenta poderosa, especialmente para m\u00e9dicos que est\u00e3o iniciando sua carreira e desejam oferecer um atendimento mais completo e humanizado.&nbsp;<\/p>\n\n\n\n<p>Ao integrar esse olhar ampliado com boas pr\u00e1ticas de escuta, comunica\u00e7\u00e3o emp\u00e1tica e tecnologia de apoio, como o prontu\u00e1rio eletr\u00f4nico, sua cl\u00ednica passa a entregar mais do que consultas, ela passa a entregar cuidado, v\u00ednculo e confian\u00e7a.<\/p>\n\n\n\n<p>E como sempre dizemos aqui no ProDoctor: tecnologia s\u00f3 faz sentido quando serve para melhorar a vida dos m\u00e9dicos, dos gestores e, principalmente, dos pacientes. Por isso, oferecemos as melhores ferramentas, como o prontu\u00e1rio eletr\u00f4nico, para potencializar essa abordagem, trazendo organiza\u00e7\u00e3o, efici\u00eancia e seguran\u00e7a para os dados sens\u00edveis dos pacientes.<\/p>\n\n\n\n<div class=\"wp-block-buttons is-content-justification-center is-layout-flex wp-container-core-buttons-is-layout-16018d1d wp-block-buttons-is-layout-flex\">\n<div class=\"wp-block-button\"><a class=\"wp-block-button__link wp-element-button\" href=\"https:\/\/api.whatsapp.com\/send?phone=5532984245039&amp;text=Ol%C3%A1%2C%20time%20ProDoctor.%20Cheguei%20pelo%20blog%20e%20gostaria%20de%20mais%20informa%C3%A7%C3%B5es.\" target=\"_blank\" rel=\"noreferrer noopener\">Solicite uma demonstra\u00e7\u00e3o<\/a><\/div>\n<\/div>\n\n\n\n<p><\/p>\n","protected":false},"excerpt":{"rendered":"<p>A anamnese psicol\u00f3gica \u00e9 uma ferramenta indispens\u00e1vel para a pr\u00e1tica cl\u00ednica contempor\u00e2nea, que exige uma vis\u00e3o do paciente que&#8230;<\/p>\n","protected":false},"author":11,"featured_media":32868,"comment_status":"closed","ping_status":"closed","sticky":false,"template":"","format":"standard","meta":{"_kad_blocks_custom_css":"","_kad_blocks_head_custom_js":"","_kad_blocks_body_custom_js":"","_kad_blocks_footer_custom_js":"","_kadence_starter_templates_imported_post":false,"_kad_post_transparent":"","_kad_post_title":"","_kad_post_layout":"","_kad_post_sidebar_id":"","_kad_post_content_style":"","_kad_post_vertical_padding":"","_kad_post_feature":"","_kad_post_feature_position":"","_kad_post_header":false,"_kad_post_footer":false,"footnotes":""},"categories":[412,413],"tags":[702,517],"class_list":["post-32863","post","type-post","status-publish","format-standard","has-post-thumbnail","hentry","category-gestao-de-clinicas-e-consultorios","category-medicina-e-saude","tag-como-fazer-uma-anamnese","tag-como-se-credenciar-em-convenios-de-psicologia"],"yoast_head":"<!-- This site is optimized with the Yoast SEO plugin v27.0 - https:\/\/yoast.com\/product\/yoast-seo-wordpress\/ -->\n<title>Anamnese psicol\u00f3gica: o que \u00e9, como fazer e import\u00e2ncia | ProDoctor<\/title>\n<meta name=\"description\" content=\"Descubra o que \u00e9 anamnese psicol\u00f3gica, sua import\u00e2ncia na avalia\u00e7\u00e3o do paciente e como aplic\u00e1-la com efici\u00eancia cl\u00ednica.\" \/>\n<meta name=\"robots\" content=\"index, follow, max-snippet:-1, max-image-preview:large, max-video-preview:-1\" \/>\n<link rel=\"canonical\" href=\"https:\/\/prodoctor.net\/blog\/anamnese-psicologica\/\" \/>\n<meta property=\"og:locale\" content=\"pt_BR\" \/>\n<meta property=\"og:type\" content=\"article\" \/>\n<meta property=\"og:title\" content=\"Anamnese psicol\u00f3gica: o que \u00e9, como fazer e import\u00e2ncia | ProDoctor\" \/>\n<meta property=\"og:description\" content=\"Descubra o que \u00e9 anamnese psicol\u00f3gica, sua import\u00e2ncia na avalia\u00e7\u00e3o do paciente e como aplic\u00e1-la com efici\u00eancia cl\u00ednica.\" \/>\n<meta property=\"og:url\" content=\"https:\/\/prodoctor.net\/blog\/anamnese-psicologica\/\" \/>\n<meta property=\"og:site_name\" content=\"Blog ProDoctor\" \/>\n<meta property=\"article:publisher\" content=\"https:\/\/www.facebook.com\/prodoctorsoftware\" \/>\n<meta property=\"article:published_time\" content=\"2025-10-13T19:59:49+00:00\" \/>\n<meta property=\"article:modified_time\" content=\"2025-10-13T19:59:51+00:00\" \/>\n<meta property=\"og:image\" content=\"https:\/\/prodoctor.net\/blog\/wp-content\/uploads\/2025\/10\/anamnese-psicologica.webp\" \/>\n\t<meta property=\"og:image:width\" content=\"1422\" \/>\n\t<meta property=\"og:image:height\" content=\"894\" \/>\n\t<meta property=\"og:image:type\" content=\"image\/webp\" \/>\n<meta name=\"author\" content=\"L\u00edvia Cajueiro\" \/>\n<meta name=\"twitter:card\" content=\"summary_large_image\" \/>\n<meta name=\"twitter:creator\" content=\"@prodoctorsoft\" \/>\n<meta name=\"twitter:site\" content=\"@prodoctorsoft\" \/>\n<meta name=\"twitter:label1\" content=\"Escrito por\" \/>\n\t<meta name=\"twitter:data1\" content=\"L\u00edvia Cajueiro\" \/>\n\t<meta name=\"twitter:label2\" content=\"Est. tempo de leitura\" \/>\n\t<meta name=\"twitter:data2\" content=\"12 minutos\" \/>\n<script type=\"application\/ld+json\" class=\"yoast-schema-graph\">{\"@context\":\"https:\/\/schema.org\",\"@graph\":[{\"@type\":\"Article\",\"@id\":\"https:\/\/prodoctor.net\/blog\/anamnese-psicologica\/#article\",\"isPartOf\":{\"@id\":\"https:\/\/prodoctor.net\/blog\/anamnese-psicologica-entenda-sua-funcao-como-aplicar-e-melhorar-o-atendimento-clinico\/\"},\"author\":{\"name\":\"L\u00edvia Cajueiro\",\"@id\":\"https:\/\/prodoctor.net\/blog\/#\/schema\/person\/b4e6451b0035658e23a6171c74ba126a\"},\"headline\":\"Anamnese psicol\u00f3gica: entenda sua fun\u00e7\u00e3o, como aplicar e melhorar o atendimento cl\u00ednico\",\"datePublished\":\"2025-10-13T19:59:49+00:00\",\"dateModified\":\"2025-10-13T19:59:51+00:00\",\"mainEntityOfPage\":{\"@id\":\"https:\/\/prodoctor.net\/blog\/anamnese-psicologica-entenda-sua-funcao-como-aplicar-e-melhorar-o-atendimento-clinico\/\"},\"wordCount\":2445,\"publisher\":{\"@id\":\"https:\/\/prodoctor.net\/blog\/#organization\"},\"image\":{\"@id\":\"https:\/\/prodoctor.net\/blog\/anamnese-psicologica\/#primaryimage\"},\"thumbnailUrl\":\"https:\/\/prodoctor.net\/blog\/wp-content\/uploads\/2025\/10\/anamnese-psicologica.webp\",\"keywords\":[\"como fazer uma anamnese\",\"como se credenciar em conv\u00eanios de psicologia\"],\"articleSection\":[\"Gest\u00e3o de Cl\u00ednicas e Consult\u00f3rios\",\"Medicina e Sa\u00fade\"],\"inLanguage\":\"pt-BR\"},{\"@type\":\"WebPage\",\"@id\":\"https:\/\/prodoctor.net\/blog\/anamnese-psicologica-entenda-sua-funcao-como-aplicar-e-melhorar-o-atendimento-clinico\/\",\"url\":\"https:\/\/prodoctor.net\/blog\/anamnese-psicologica\/\",\"name\":\"Anamnese psicol\u00f3gica: o que \u00e9, como fazer e import\u00e2ncia | ProDoctor\",\"isPartOf\":{\"@id\":\"https:\/\/prodoctor.net\/blog\/#website\"},\"primaryImageOfPage\":{\"@id\":\"https:\/\/prodoctor.net\/blog\/anamnese-psicologica\/#primaryimage\"},\"image\":{\"@id\":\"https:\/\/prodoctor.net\/blog\/anamnese-psicologica\/#primaryimage\"},\"thumbnailUrl\":\"https:\/\/prodoctor.net\/blog\/wp-content\/uploads\/2025\/10\/anamnese-psicologica.webp\",\"datePublished\":\"2025-10-13T19:59:49+00:00\",\"dateModified\":\"2025-10-13T19:59:51+00:00\",\"description\":\"Descubra o que \u00e9 anamnese psicol\u00f3gica, sua import\u00e2ncia na avalia\u00e7\u00e3o do paciente e como aplic\u00e1-la com efici\u00eancia cl\u00ednica.\",\"breadcrumb\":{\"@id\":\"https:\/\/prodoctor.net\/blog\/anamnese-psicologica\/#breadcrumb\"},\"inLanguage\":\"pt-BR\",\"potentialAction\":[{\"@type\":\"ReadAction\",\"target\":[\"https:\/\/prodoctor.net\/blog\/anamnese-psicologica\/\"]}]},{\"@type\":\"ImageObject\",\"inLanguage\":\"pt-BR\",\"@id\":\"https:\/\/prodoctor.net\/blog\/anamnese-psicologica\/#primaryimage\",\"url\":\"https:\/\/prodoctor.net\/blog\/wp-content\/uploads\/2025\/10\/anamnese-psicologica.webp\",\"contentUrl\":\"https:\/\/prodoctor.net\/blog\/wp-content\/uploads\/2025\/10\/anamnese-psicologica.webp\",\"width\":1422,\"height\":894,\"caption\":\"Um psic\u00f3logo de camisa social e \u00f3culos est\u00e1 sentado em um consult\u00f3rio, olhando para um tablet enquanto interage com uma paciente (vista de costas). A cena ilustra o profissional realizando a coleta de dados e informa\u00e7\u00f5es essenciais, caracterizando a anamnese psicol\u00f3gica para a melhoria do atendimento cl\u00ednico.\"},{\"@type\":\"BreadcrumbList\",\"@id\":\"https:\/\/prodoctor.net\/blog\/anamnese-psicologica\/#breadcrumb\",\"itemListElement\":[{\"@type\":\"ListItem\",\"position\":1,\"name\":\"In\u00edcio\",\"item\":\"https:\/\/prodoctor.net\/blog\/\"},{\"@type\":\"ListItem\",\"position\":2,\"name\":\"Anamnese psicol\u00f3gica: entenda sua fun\u00e7\u00e3o, como aplicar e melhorar o atendimento cl\u00ednico\"}]},{\"@type\":\"WebSite\",\"@id\":\"https:\/\/prodoctor.net\/blog\/#website\",\"url\":\"https:\/\/prodoctor.net\/blog\/\",\"name\":\"Blog ProDoctor\",\"description\":\"Tudo sobre o mundo da Sa\u00fade\",\"publisher\":{\"@id\":\"https:\/\/prodoctor.net\/blog\/#organization\"},\"potentialAction\":[{\"@type\":\"SearchAction\",\"target\":{\"@type\":\"EntryPoint\",\"urlTemplate\":\"https:\/\/prodoctor.net\/blog\/?s={search_term_string}\"},\"query-input\":{\"@type\":\"PropertyValueSpecification\",\"valueRequired\":true,\"valueName\":\"search_term_string\"}}],\"inLanguage\":\"pt-BR\"},{\"@type\":\"Organization\",\"@id\":\"https:\/\/prodoctor.net\/blog\/#organization\",\"name\":\"ProDoctor Software S\/A\",\"url\":\"https:\/\/prodoctor.net\/blog\/\",\"logo\":{\"@type\":\"ImageObject\",\"inLanguage\":\"pt-BR\",\"@id\":\"https:\/\/prodoctor.net\/blog\/#\/schema\/logo\/image\/\",\"url\":\"https:\/\/prodoctor.net\/blog\/wp-content\/uploads\/2017\/01\/Logo_PDo_Lateral.png\",\"contentUrl\":\"https:\/\/prodoctor.net\/blog\/wp-content\/uploads\/2017\/01\/Logo_PDo_Lateral.png\",\"width\":2014,\"height\":485,\"caption\":\"ProDoctor Software S\/A\"},\"image\":{\"@id\":\"https:\/\/prodoctor.net\/blog\/#\/schema\/logo\/image\/\"},\"sameAs\":[\"https:\/\/www.facebook.com\/prodoctorsoftware\",\"https:\/\/x.com\/prodoctorsoft\",\"https:\/\/www.instagram.com\/prodoctorsoftware\/\",\"https:\/\/www.linkedin.com\/company\/prodoctor-software-ltda\",\"https:\/\/www.youtube.com\/channel\/UCIWuDLsVtIpX-PEqQn1pNlw\"]},{\"@type\":\"Person\",\"@id\":\"https:\/\/prodoctor.net\/blog\/#\/schema\/person\/b4e6451b0035658e23a6171c74ba126a\",\"name\":\"L\u00edvia Cajueiro\",\"image\":{\"@type\":\"ImageObject\",\"inLanguage\":\"pt-BR\",\"@id\":\"https:\/\/prodoctor.net\/blog\/#\/schema\/person\/image\/\",\"url\":\"https:\/\/secure.gravatar.com\/avatar\/51c56d7bbf6010466bca91264e721a83e8345256f1a0057f5507ec910afe89e0?s=96&d=mm&r=g\",\"contentUrl\":\"https:\/\/secure.gravatar.com\/avatar\/51c56d7bbf6010466bca91264e721a83e8345256f1a0057f5507ec910afe89e0?s=96&d=mm&r=g\",\"caption\":\"L\u00edvia Cajueiro\"}}]}<\/script>\n<!-- \/ Yoast SEO plugin. -->","yoast_head_json":{"title":"Anamnese psicol\u00f3gica: o que \u00e9, como fazer e import\u00e2ncia | ProDoctor","description":"Descubra o que \u00e9 anamnese psicol\u00f3gica, sua import\u00e2ncia na avalia\u00e7\u00e3o do paciente e como aplic\u00e1-la com efici\u00eancia cl\u00ednica.","robots":{"index":"index","follow":"follow","max-snippet":"max-snippet:-1","max-image-preview":"max-image-preview:large","max-video-preview":"max-video-preview:-1"},"canonical":"https:\/\/prodoctor.net\/blog\/anamnese-psicologica\/","og_locale":"pt_BR","og_type":"article","og_title":"Anamnese psicol\u00f3gica: o que \u00e9, como fazer e import\u00e2ncia | ProDoctor","og_description":"Descubra o que \u00e9 anamnese psicol\u00f3gica, sua import\u00e2ncia na avalia\u00e7\u00e3o do paciente e como aplic\u00e1-la com efici\u00eancia cl\u00ednica.","og_url":"https:\/\/prodoctor.net\/blog\/anamnese-psicologica\/","og_site_name":"Blog ProDoctor","article_publisher":"https:\/\/www.facebook.com\/prodoctorsoftware","article_published_time":"2025-10-13T19:59:49+00:00","article_modified_time":"2025-10-13T19:59:51+00:00","og_image":[{"width":1422,"height":894,"url":"https:\/\/prodoctor.net\/blog\/wp-content\/uploads\/2025\/10\/anamnese-psicologica.webp","type":"image\/webp"}],"author":"L\u00edvia Cajueiro","twitter_card":"summary_large_image","twitter_creator":"@prodoctorsoft","twitter_site":"@prodoctorsoft","twitter_misc":{"Escrito por":"L\u00edvia Cajueiro","Est. tempo de leitura":"12 minutos"},"schema":{"@context":"https:\/\/schema.org","@graph":[{"@type":"Article","@id":"https:\/\/prodoctor.net\/blog\/anamnese-psicologica\/#article","isPartOf":{"@id":"https:\/\/prodoctor.net\/blog\/anamnese-psicologica-entenda-sua-funcao-como-aplicar-e-melhorar-o-atendimento-clinico\/"},"author":{"name":"L\u00edvia Cajueiro","@id":"https:\/\/prodoctor.net\/blog\/#\/schema\/person\/b4e6451b0035658e23a6171c74ba126a"},"headline":"Anamnese psicol\u00f3gica: entenda sua fun\u00e7\u00e3o, como aplicar e melhorar o atendimento cl\u00ednico","datePublished":"2025-10-13T19:59:49+00:00","dateModified":"2025-10-13T19:59:51+00:00","mainEntityOfPage":{"@id":"https:\/\/prodoctor.net\/blog\/anamnese-psicologica-entenda-sua-funcao-como-aplicar-e-melhorar-o-atendimento-clinico\/"},"wordCount":2445,"publisher":{"@id":"https:\/\/prodoctor.net\/blog\/#organization"},"image":{"@id":"https:\/\/prodoctor.net\/blog\/anamnese-psicologica\/#primaryimage"},"thumbnailUrl":"https:\/\/prodoctor.net\/blog\/wp-content\/uploads\/2025\/10\/anamnese-psicologica.webp","keywords":["como fazer uma anamnese","como se credenciar em conv\u00eanios de psicologia"],"articleSection":["Gest\u00e3o de Cl\u00ednicas e Consult\u00f3rios","Medicina e Sa\u00fade"],"inLanguage":"pt-BR"},{"@type":"WebPage","@id":"https:\/\/prodoctor.net\/blog\/anamnese-psicologica-entenda-sua-funcao-como-aplicar-e-melhorar-o-atendimento-clinico\/","url":"https:\/\/prodoctor.net\/blog\/anamnese-psicologica\/","name":"Anamnese psicol\u00f3gica: o que \u00e9, como fazer e import\u00e2ncia | ProDoctor","isPartOf":{"@id":"https:\/\/prodoctor.net\/blog\/#website"},"primaryImageOfPage":{"@id":"https:\/\/prodoctor.net\/blog\/anamnese-psicologica\/#primaryimage"},"image":{"@id":"https:\/\/prodoctor.net\/blog\/anamnese-psicologica\/#primaryimage"},"thumbnailUrl":"https:\/\/prodoctor.net\/blog\/wp-content\/uploads\/2025\/10\/anamnese-psicologica.webp","datePublished":"2025-10-13T19:59:49+00:00","dateModified":"2025-10-13T19:59:51+00:00","description":"Descubra o que \u00e9 anamnese psicol\u00f3gica, sua import\u00e2ncia na avalia\u00e7\u00e3o do paciente e como aplic\u00e1-la com efici\u00eancia cl\u00ednica.","breadcrumb":{"@id":"https:\/\/prodoctor.net\/blog\/anamnese-psicologica\/#breadcrumb"},"inLanguage":"pt-BR","potentialAction":[{"@type":"ReadAction","target":["https:\/\/prodoctor.net\/blog\/anamnese-psicologica\/"]}]},{"@type":"ImageObject","inLanguage":"pt-BR","@id":"https:\/\/prodoctor.net\/blog\/anamnese-psicologica\/#primaryimage","url":"https:\/\/prodoctor.net\/blog\/wp-content\/uploads\/2025\/10\/anamnese-psicologica.webp","contentUrl":"https:\/\/prodoctor.net\/blog\/wp-content\/uploads\/2025\/10\/anamnese-psicologica.webp","width":1422,"height":894,"caption":"Um psic\u00f3logo de camisa social e \u00f3culos est\u00e1 sentado em um consult\u00f3rio, olhando para um tablet enquanto interage com uma paciente (vista de costas). A cena ilustra o profissional realizando a coleta de dados e informa\u00e7\u00f5es essenciais, caracterizando a anamnese psicol\u00f3gica para a melhoria do atendimento cl\u00ednico."},{"@type":"BreadcrumbList","@id":"https:\/\/prodoctor.net\/blog\/anamnese-psicologica\/#breadcrumb","itemListElement":[{"@type":"ListItem","position":1,"name":"In\u00edcio","item":"https:\/\/prodoctor.net\/blog\/"},{"@type":"ListItem","position":2,"name":"Anamnese psicol\u00f3gica: entenda sua fun\u00e7\u00e3o, como aplicar e melhorar o atendimento cl\u00ednico"}]},{"@type":"WebSite","@id":"https:\/\/prodoctor.net\/blog\/#website","url":"https:\/\/prodoctor.net\/blog\/","name":"Blog ProDoctor","description":"Tudo sobre o mundo da Sa\u00fade","publisher":{"@id":"https:\/\/prodoctor.net\/blog\/#organization"},"potentialAction":[{"@type":"SearchAction","target":{"@type":"EntryPoint","urlTemplate":"https:\/\/prodoctor.net\/blog\/?s={search_term_string}"},"query-input":{"@type":"PropertyValueSpecification","valueRequired":true,"valueName":"search_term_string"}}],"inLanguage":"pt-BR"},{"@type":"Organization","@id":"https:\/\/prodoctor.net\/blog\/#organization","name":"ProDoctor Software S\/A","url":"https:\/\/prodoctor.net\/blog\/","logo":{"@type":"ImageObject","inLanguage":"pt-BR","@id":"https:\/\/prodoctor.net\/blog\/#\/schema\/logo\/image\/","url":"https:\/\/prodoctor.net\/blog\/wp-content\/uploads\/2017\/01\/Logo_PDo_Lateral.png","contentUrl":"https:\/\/prodoctor.net\/blog\/wp-content\/uploads\/2017\/01\/Logo_PDo_Lateral.png","width":2014,"height":485,"caption":"ProDoctor Software S\/A"},"image":{"@id":"https:\/\/prodoctor.net\/blog\/#\/schema\/logo\/image\/"},"sameAs":["https:\/\/www.facebook.com\/prodoctorsoftware","https:\/\/x.com\/prodoctorsoft","https:\/\/www.instagram.com\/prodoctorsoftware\/","https:\/\/www.linkedin.com\/company\/prodoctor-software-ltda","https:\/\/www.youtube.com\/channel\/UCIWuDLsVtIpX-PEqQn1pNlw"]},{"@type":"Person","@id":"https:\/\/prodoctor.net\/blog\/#\/schema\/person\/b4e6451b0035658e23a6171c74ba126a","name":"L\u00edvia Cajueiro","image":{"@type":"ImageObject","inLanguage":"pt-BR","@id":"https:\/\/prodoctor.net\/blog\/#\/schema\/person\/image\/","url":"https:\/\/secure.gravatar.com\/avatar\/51c56d7bbf6010466bca91264e721a83e8345256f1a0057f5507ec910afe89e0?s=96&d=mm&r=g","contentUrl":"https:\/\/secure.gravatar.com\/avatar\/51c56d7bbf6010466bca91264e721a83e8345256f1a0057f5507ec910afe89e0?s=96&d=mm&r=g","caption":"L\u00edvia Cajueiro"}}]}},"taxonomy_info":{"category":[{"value":412,"label":"Gest\u00e3o de Cl\u00ednicas e Consult\u00f3rios"},{"value":413,"label":"Medicina e Sa\u00fade"}],"post_tag":[{"value":702,"label":"como fazer uma anamnese"},{"value":517,"label":"como se credenciar em conv\u00eanios de psicologia"}]},"featured_image_src_large":["https:\/\/prodoctor.net\/blog\/wp-content\/uploads\/2025\/10\/anamnese-psicologica-1024x644.webp",1024,644,true],"author_info":{"display_name":"L\u00edvia Cajueiro","author_link":"https:\/\/prodoctor.net\/blog\/author\/livia-cajueiro\/"},"comment_info":0,"category_info":[{"term_id":412,"name":"Gest\u00e3o de Cl\u00ednicas e Consult\u00f3rios","slug":"gestao-de-clinicas-e-consultorios","term_group":0,"term_taxonomy_id":412,"taxonomy":"category","description":"","parent":0,"count":293,"filter":"raw","cat_ID":412,"category_count":293,"category_description":"","cat_name":"Gest\u00e3o de Cl\u00ednicas e Consult\u00f3rios","category_nicename":"gestao-de-clinicas-e-consultorios","category_parent":0},{"term_id":413,"name":"Medicina e Sa\u00fade","slug":"medicina-e-saude","term_group":0,"term_taxonomy_id":413,"taxonomy":"category","description":"","parent":0,"count":148,"filter":"raw","cat_ID":413,"category_count":148,"category_description":"","cat_name":"Medicina e Sa\u00fade","category_nicename":"medicina-e-saude","category_parent":0}],"tag_info":[{"term_id":702,"name":"como fazer uma anamnese","slug":"como-fazer-uma-anamnese","term_group":0,"term_taxonomy_id":702,"taxonomy":"post_tag","description":"","parent":0,"count":3,"filter":"raw"},{"term_id":517,"name":"como se credenciar em conv\u00eanios de psicologia","slug":"como-se-credenciar-em-convenios-de-psicologia","term_group":0,"term_taxonomy_id":517,"taxonomy":"post_tag","description":"","parent":0,"count":2,"filter":"raw"}],"_links":{"self":[{"href":"https:\/\/prodoctor.net\/blog\/wp-json\/wp\/v2\/posts\/32863","targetHints":{"allow":["GET"]}}],"collection":[{"href":"https:\/\/prodoctor.net\/blog\/wp-json\/wp\/v2\/posts"}],"about":[{"href":"https:\/\/prodoctor.net\/blog\/wp-json\/wp\/v2\/types\/post"}],"author":[{"embeddable":true,"href":"https:\/\/prodoctor.net\/blog\/wp-json\/wp\/v2\/users\/11"}],"replies":[{"embeddable":true,"href":"https:\/\/prodoctor.net\/blog\/wp-json\/wp\/v2\/comments?post=32863"}],"version-history":[{"count":4,"href":"https:\/\/prodoctor.net\/blog\/wp-json\/wp\/v2\/posts\/32863\/revisions"}],"predecessor-version":[{"id":32870,"href":"https:\/\/prodoctor.net\/blog\/wp-json\/wp\/v2\/posts\/32863\/revisions\/32870"}],"wp:featuredmedia":[{"embeddable":true,"href":"https:\/\/prodoctor.net\/blog\/wp-json\/wp\/v2\/media\/32868"}],"wp:attachment":[{"href":"https:\/\/prodoctor.net\/blog\/wp-json\/wp\/v2\/media?parent=32863"}],"wp:term":[{"taxonomy":"category","embeddable":true,"href":"https:\/\/prodoctor.net\/blog\/wp-json\/wp\/v2\/categories?post=32863"},{"taxonomy":"post_tag","embeddable":true,"href":"https:\/\/prodoctor.net\/blog\/wp-json\/wp\/v2\/tags?post=32863"}],"curies":[{"name":"wp","href":"https:\/\/api.w.org\/{rel}","templated":true}]}}