{"id":32442,"date":"2025-09-30T18:01:52","date_gmt":"2025-09-30T21:01:52","guid":{"rendered":"https:\/\/prodoctor.net\/blog\/?p=32442"},"modified":"2025-11-04T17:17:59","modified_gmt":"2025-11-04T20:17:59","slug":"reforma-tributaria-para-medicos","status":"publish","type":"post","link":"https:\/\/prodoctor.net\/blog\/reforma-tributaria-para-medicos\/","title":{"rendered":"Reforma tribut\u00e1ria para m\u00e9dicos: o que muda para cl\u00ednicas, consult\u00f3rios e aut\u00f4nomos"},"content":{"rendered":"\n<p>A <strong>reforma tribut\u00e1ria para m\u00e9dicos<\/strong> \u00e9 um tema que gera muitas d\u00favidas no universo da sa\u00fade privada: como vai impactar m\u00e9dicos aut\u00f4nomos, consult\u00f3rios e cl\u00ednicas? Quais regimes tribut\u00e1rios podem se tornar vantajosos (ou n\u00e3o) com as novas regras?&nbsp;<\/p>\n\n\n\n<p>Neste artigo, explicamos de forma clara e pr\u00e1tica os principais pontos da reforma tribut\u00e1ria, incluindo mudan\u00e7as nas al\u00edquotas, regimes tribut\u00e1rios, dedu\u00e7\u00f5es e como tudo isso pode influenciar diretamente a carga tribut\u00e1ria e o planejamento financeiro do seu consult\u00f3rio.<\/p>\n\n\n\n<p>A ideia \u00e9 que voc\u00ea, m\u00e9dico, s\u00f3cio, gestor ou profissional liberal, possa antecipar cen\u00e1rios, evitar surpresas e aproveitar oportunidades para posicionar seu consult\u00f3rio ou cl\u00ednica com seguran\u00e7a tribut\u00e1ria. Boa leitura!<\/p>\n\n\n\n<p id=\"a\"><\/p>\n\n\n\n<ul class=\"wp-block-list\">\n<li><a href=\"#a\">Contexto<\/a><\/li>\n\n\n\n<li><a href=\"#b\">O que muda?<\/a><\/li>\n\n\n\n<li><a href=\"#c\">Quem vai ser prejudicado?<\/a><\/li>\n\n\n\n<li><a href=\"#d\">Como a reforma afeta m\u00e9dicos aut\u00f4nomos<\/a><\/li>\n\n\n\n<li><a href=\"#e\">Impactos nas cl\u00ednicas e consult\u00f3rios m\u00e9dicos&nbsp;<\/a><\/li>\n\n\n\n<li><a href=\"#f\">Qual o melhor regime tribut\u00e1rio para m\u00e9dicos?<\/a><\/li>\n\n\n\n<li><a href=\"#g\">Riscos e oportunidades para o setor da sa\u00fade<\/a><\/li>\n\n\n\n<li><a href=\"#h\">Planejamento financeiro em face da reforma tribut\u00e1ria<\/a><\/li>\n<\/ul>\n\n\n\n<h2 class=\"wp-block-heading\">Contextualiza\u00e7\u00e3o da reforma tribut\u00e1ria no Brasil<\/h2>\n\n\n\n<p>Ap\u00f3s d\u00e9cadas de discuss\u00f5es sobre a necessidade de simplificar o complexo sistema fiscal nacional, a reforma tribut\u00e1ria em debate no Brasil foi consolidada pela <a href=\"https:\/\/www.planalto.gov.br\/ccivil_03\/constituicao\/emendas\/emc\/emc132.htm\" target=\"_blank\" rel=\"noreferrer noopener\">Emenda Constitucional n.\u00ba\u202f132\/2023<\/a>.&nbsp;<\/p>\n\n\n\n<p>O projeto aprovado pelo Congresso Nacional substitui cinco tributos (ICMS, ISS, PIS, Cofins e o IPI &#8211; esse \u00faltimo que passa a ser substitu\u00eddo pelo Imposto Seletivo, com exce\u00e7\u00f5es \u00e0 Zona Franca de Manaus) por dois novos impostos:&nbsp;<\/p>\n\n\n\n<ul class=\"wp-block-list\">\n<li>CBS (Contribui\u00e7\u00e3o sobre Bens e Servi\u00e7os): de compet\u00eancia federal, unificando PIS e Cofins.<br><\/li>\n\n\n\n<li>IBS (Imposto sobre Bens e Servi\u00e7os): de compet\u00eancia estadual\/municipal, substitui ICMS e ISS.<\/li>\n<\/ul>\n\n\n\n<p>Juntos, esses dois formar\u00e3o o Imposto sobre Valor Agregado (IVA). Esses novos tributos ser\u00e3o cobrados com regime n\u00e3o cumulativo (ou seja, voc\u00ea poder\u00e1 creditar impostos pagos nas etapas anteriores da cadeia), algo que modifica substancialmente a l\u00f3gica atual de <a href=\"https:\/\/prodoctor.net\/blog\/tributacao-para-medicos-e-importante-saber\/\" target=\"_blank\" rel=\"noreferrer noopener\">tributa\u00e7\u00e3o<\/a> de servi\u00e7os.<\/p>\n\n\n\n<p>Esta mudan\u00e7a estrutural promete maior transpar\u00eancia, redu\u00e7\u00e3o da burocracia e elimina\u00e7\u00e3o da guerra fiscal entre estados e munic\u00edpios.<\/p>\n\n\n\n<p>Para o setor da sa\u00fade, a proposta prev\u00ea tratamentos especiais, como redu\u00e7\u00e3o de base de c\u00e1lculo de 60% para servi\u00e7os de sa\u00fade, o que gera uma al\u00edquota efetiva muito inferior a padr\u00e3o, algo que ser\u00e1 detalhado adiante. Mas, como veremos, nem tudo s\u00e3o benef\u00edcios, h\u00e1 riscos e desafios, especialmente para m\u00e9dicos aut\u00f4nomos e pequenas cl\u00ednicas.<\/p>\n\n\n\n<p id=\"b\"><\/p>\n\n\n\n<p><strong>Importante: <\/strong>a reforma entra em vigor de forma gradual, com conviv\u00eancia entre o sistema atual e o novo entre 2026 e 2033.<\/p>\n\n\n\n<h2 class=\"wp-block-heading\">O que muda na reforma tribut\u00e1ria para m\u00e9dicos?<\/h2>\n\n\n\n<p>A <a href=\"https:\/\/prodoctor.net\/blog\/reforma-tributaria-o-que-muda-na-saude\/\" target=\"_blank\" rel=\"noreferrer noopener\">reforma tribut\u00e1ria<\/a> para m\u00e9dicos introduz altera\u00e7\u00f5es substanciais que impactam diretamente a rotina fiscal de profissionais e estabelecimentos de sa\u00fade. As principais mudan\u00e7as concentram-se na estrutura dos impostos, nas al\u00edquotas aplic\u00e1veis e nos regimes de tributa\u00e7\u00e3o dispon\u00edveis.&nbsp;<\/p>\n\n\n\n<ul class=\"wp-block-list\">\n<li><strong>Redu\u00e7\u00e3o de 60% na base para sa\u00fade:<\/strong> servi\u00e7os m\u00e9dicos entram com fator de redu\u00e7\u00e3o que leva a uma <strong>al\u00edquota efetiva estimada 10,92%<\/strong> (variar\u00e1 conforme a al\u00edquota-padr\u00e3o final e cr\u00e9ditos).<br><\/li>\n\n\n\n<li><strong>Transi\u00e7\u00e3o 2026\u20132033:<\/strong> fase de conviv\u00eancia entre sistemas, com implanta\u00e7\u00e3o progressiva de <strong>CBS + IBS<\/strong> e extin\u00e7\u00e3o gradativa de <strong>PIS\/Cofins\/ICMS\/ISS<\/strong>.<br><\/li>\n\n\n\n<li><strong>Simples \u201cpor fora\u201d:<\/strong> cl\u00ednicas poder\u00e3o <strong>recolher CBS\/IBS fora do DAS<\/strong> para aproveitarem <strong>cr\u00e9ditos<\/strong> quando houver muitos custos dedut\u00edveis.<br><\/li>\n\n\n\n<li><strong>Cr\u00e9dito amplo e n\u00e3o cumulatividade:<\/strong> imposto pago em <strong>insumos\/servi\u00e7os\/energia\/aluguel\/softwares<\/strong> pode gerar cr\u00e9dito e <strong>reduzir a carga l\u00edquida<\/strong>.<br><\/li>\n\n\n\n<li><strong>IS substitui o IPI:<\/strong> o <strong>Imposto Seletivo (IS)<\/strong> substitui o IPI (mantido em hip\u00f3teses espec\u00edficas, como Zona Franca de Manaus), focando bens\/servi\u00e7os com <strong>externalidades negativas<\/strong>.<\/li>\n<\/ul>\n\n\n\n<p>Agora, vamos decompor as principais mudan\u00e7as que incidem diretamente sobre m\u00e9dicos, consult\u00f3rios e cl\u00ednicas.<\/p>\n\n\n<style>.kb-row-layout-id31642_882e70-a8 > .kt-row-column-wrap{align-content:start;}:where(.kb-row-layout-id31642_882e70-a8 > .kt-row-column-wrap) > .wp-block-kadence-column{justify-content:start;}.kb-row-layout-id31642_882e70-a8 > .kt-row-column-wrap{column-gap:var(--global-kb-gap-md, 2rem);row-gap:var(--global-kb-gap-md, 2rem);padding-top:var(--global-kb-spacing-sm, 1.5rem);padding-bottom:var(--global-kb-spacing-sm, 1.5rem);grid-template-columns:minmax(0, 1fr);}.kb-row-layout-id31642_882e70-a8 > .kt-row-layout-overlay{opacity:0.30;}@media all and (max-width: 1024px){.kb-row-layout-id31642_882e70-a8 > .kt-row-column-wrap{grid-template-columns:minmax(0, 1fr);}}@media all and (max-width: 767px){.kb-row-layout-id31642_882e70-a8 > .kt-row-column-wrap{grid-template-columns:minmax(0, 1fr);}}<\/style><div class=\"kb-row-layout-wrap kb-row-layout-id31642_882e70-a8 alignnone wp-block-kadence-rowlayout\"><div class=\"kt-row-column-wrap kt-has-1-columns kt-row-layout-equal kt-tab-layout-inherit kt-mobile-layout-row kt-row-valign-top\">\n<style>.kadence-column31642_2e8156-aa > .kt-inside-inner-col{display:flex;}.kadence-column31642_2e8156-aa > .kt-inside-inner-col{padding-top:var(--global-kb-spacing-xs, 1rem);padding-right:var(--global-kb-spacing-xs, 1rem);padding-bottom:var(--global-kb-spacing-sm, 1.5rem);padding-left:var(--global-kb-spacing-xs, 1rem);}.kadence-column31642_2e8156-aa > .kt-inside-inner-col,.kadence-column31642_2e8156-aa > .kt-inside-inner-col:before{border-top-left-radius:14px;border-top-right-radius:14px;border-bottom-right-radius:14px;border-bottom-left-radius:14px;}.kadence-column31642_2e8156-aa > .kt-inside-inner-col{row-gap:var(--global-kb-gap-none, 0rem );column-gap:var(--global-kb-gap-md, 2rem);}.kadence-column31642_2e8156-aa > .kt-inside-inner-col{flex-direction:row;flex-wrap:wrap;align-items:center;justify-content:center;}.kadence-column31642_2e8156-aa > .kt-inside-inner-col > *, .kadence-column31642_2e8156-aa > .kt-inside-inner-col > figure.wp-block-image, .kadence-column31642_2e8156-aa > .kt-inside-inner-col > figure.wp-block-kadence-image{margin-top:0px;margin-bottom:0px;}.kadence-column31642_2e8156-aa > .kt-inside-inner-col > .kb-image-is-ratio-size{flex-grow:1;}.kt-row-column-wrap > .kadence-column31642_2e8156-aa{align-self:center;}.kt-inner-column-height-full:not(.kt-has-1-columns) > .wp-block-kadence-column.kadence-column31642_2e8156-aa{align-self:auto;}.kt-inner-column-height-full:not(.kt-has-1-columns) > .wp-block-kadence-column.kadence-column31642_2e8156-aa > .kt-inside-inner-col{align-items:center;}.kadence-column31642_2e8156-aa > .kt-inside-inner-col{background-color:var(--global-palette2, #2B6CB0);}.kadence-column31642_2e8156-aa > .kt-inside-inner-col:before{opacity:0.3;}.kadence-column31642_2e8156-aa{position:relative;}@media all and (max-width: 1024px){.kt-row-column-wrap > .kadence-column31642_2e8156-aa{align-self:center;}}@media all and (max-width: 1024px){.kt-inner-column-height-full:not(.kt-has-1-columns) > .wp-block-kadence-column.kadence-column31642_2e8156-aa{align-self:auto;}}@media all and (max-width: 1024px){.kt-inner-column-height-full:not(.kt-has-1-columns) > .wp-block-kadence-column.kadence-column31642_2e8156-aa > .kt-inside-inner-col{align-items:center;}}@media all and (max-width: 1024px){.kadence-column31642_2e8156-aa > .kt-inside-inner-col{flex-direction:row;flex-wrap:wrap;align-items:center;justify-content:center;}}@media all and (min-width: 768px) and (max-width: 1024px){.kadence-column31642_2e8156-aa > .kt-inside-inner-col > *, .kadence-column31642_2e8156-aa > .kt-inside-inner-col > figure.wp-block-image, .kadence-column31642_2e8156-aa > .kt-inside-inner-col > figure.wp-block-kadence-image{margin-top:0px;margin-bottom:0px;}.kadence-column31642_2e8156-aa > .kt-inside-inner-col > .kb-image-is-ratio-size{flex-grow:1;}}@media all and (max-width: 767px){.kt-row-column-wrap > .kadence-column31642_2e8156-aa{align-self:center;}.kt-inner-column-height-full:not(.kt-has-1-columns) > .wp-block-kadence-column.kadence-column31642_2e8156-aa{align-self:auto;}.kt-inner-column-height-full:not(.kt-has-1-columns) > .wp-block-kadence-column.kadence-column31642_2e8156-aa > .kt-inside-inner-col{align-items:center;}.kadence-column31642_2e8156-aa > .kt-inside-inner-col{flex-direction:row;flex-wrap:wrap;justify-content:flex-start;justify-content:center;}.kadence-column31642_2e8156-aa > .kt-inside-inner-col > *, .kadence-column31642_2e8156-aa > .kt-inside-inner-col > figure.wp-block-image, .kadence-column31642_2e8156-aa > .kt-inside-inner-col > figure.wp-block-kadence-image{margin-top:0px;margin-bottom:0px;}.kadence-column31642_2e8156-aa > .kt-inside-inner-col > .kb-image-is-ratio-size{flex-grow:1;}}<\/style>\n<div class=\"wp-block-kadence-column kadence-column31642_2e8156-aa kb-section-has-link kb-section-dir-horizontal banner-ebook\"><div class=\"kt-inside-inner-col\"><style>.wp-block-kadence-image.kb-image31642_236db8-46:not(.kb-specificity-added):not(.kb-extra-specificity-added){margin-top:-40px;}.kb-image31642_236db8-46.kb-image-is-ratio-size, .kb-image31642_236db8-46 .kb-image-is-ratio-size{max-width:213px;width:100%;}.wp-block-kadence-column > .kt-inside-inner-col > .kb-image31642_236db8-46.kb-image-is-ratio-size, .wp-block-kadence-column > .kt-inside-inner-col > .kb-image31642_236db8-46 .kb-image-is-ratio-size{align-self:unset;}.kb-image31642_236db8-46{max-width:213px;}.image-is-svg.kb-image31642_236db8-46{-webkit-flex:0 1 100%;flex:0 1 100%;}.image-is-svg.kb-image31642_236db8-46 img{width:100%;}.kb-image31642_236db8-46 .kb-image-has-overlay:after{opacity:0.3;}<\/style>\n<figure class=\"wp-block-kadence-image kb-image31642_236db8-46 size-full image-is-svg\"><a href=\"https:\/\/prodoctor.net\/blog\/wp-content\/uploads\/2021\/04\/Manual-de-Contabilidade-para-Medicos.svg\" class=\"kb-advanced-image-link\"><img decoding=\"async\" src=\"https:\/\/prodoctor.net\/blog\/wp-content\/uploads\/2021\/04\/Manual-de-Contabilidade-para-Medicos.svg\" alt=\"\" class=\"kb-img wp-image-31637\"\/><\/a><\/figure>\n\n\n<style>.kadence-column31642_19ea77-51{max-width:428px;margin-left:auto;margin-right:auto;}.wp-block-kadence-column.kb-section-dir-horizontal:not(.kb-section-md-dir-vertical)>.kt-inside-inner-col>.kadence-column31642_19ea77-51{-webkit-flex:0 1 428px;flex:0 1 428px;max-width:unset;margin-left:unset;margin-right:unset;}.kadence-column31642_19ea77-51 > .kt-inside-inner-col,.kadence-column31642_19ea77-51 > .kt-inside-inner-col:before{border-top-left-radius:0px;border-top-right-radius:0px;border-bottom-right-radius:0px;border-bottom-left-radius:0px;}.kadence-column31642_19ea77-51 > .kt-inside-inner-col{column-gap:var(--global-kb-gap-sm, 1rem);}.kadence-column31642_19ea77-51 > .kt-inside-inner-col{flex-direction:column;}.kadence-column31642_19ea77-51 > .kt-inside-inner-col > .aligncenter{width:100%;}.kadence-column31642_19ea77-51 > .kt-inside-inner-col:before{opacity:0.3;}.kadence-column31642_19ea77-51{position:relative;}@media all and (min-width: 1025px){.wp-block-kadence-column.kb-section-dir-horizontal>.kt-inside-inner-col>.kadence-column31642_19ea77-51{-webkit-flex:0 1 428px;flex:0 1 428px;max-width:unset;margin-left:unset;margin-right:unset;}}@media all and (max-width: 1024px){.kadence-column31642_19ea77-51 > .kt-inside-inner-col{flex-direction:column;justify-content:center;}}@media all and (max-width: 767px){.wp-block-kadence-column.kb-section-sm-dir-vertical:not(.kb-section-sm-dir-horizontal):not(.kb-section-sm-dir-specificity)>.kt-inside-inner-col>.kadence-column31642_19ea77-51{max-width:428px;-webkit-flex:1;flex:1;margin-left:auto;margin-right:auto;}.kadence-column31642_19ea77-51 > .kt-inside-inner-col{flex-direction:column;justify-content:center;}}<\/style>\n<div class=\"wp-block-kadence-column kadence-column31642_19ea77-51 kb-section-dir-vertical\"><div class=\"kt-inside-inner-col\"><style>.wp-block-kadence-advancedheading.kt-adv-heading31642_b5f423-d0, .wp-block-kadence-advancedheading.kt-adv-heading31642_b5f423-d0[data-kb-block=\"kb-adv-heading31642_b5f423-d0\"]{display:block;font-size:1.5rem;line-height:2rem;font-weight:500;font-style:normal;text-transform:none;}.wp-block-kadence-advancedheading.kt-adv-heading31642_b5f423-d0 mark.kt-highlight, .wp-block-kadence-advancedheading.kt-adv-heading31642_b5f423-d0[data-kb-block=\"kb-adv-heading31642_b5f423-d0\"] mark.kt-highlight{font-style:normal;color:#f76a0c;-webkit-box-decoration-break:clone;box-decoration-break:clone;padding-top:0px;padding-right:0px;padding-bottom:0px;padding-left:0px;}.wp-block-kadence-advancedheading.kt-adv-heading31642_b5f423-d0 img.kb-inline-image, .wp-block-kadence-advancedheading.kt-adv-heading31642_b5f423-d0[data-kb-block=\"kb-adv-heading31642_b5f423-d0\"] img.kb-inline-image{width:150px;vertical-align:baseline;}<\/style>\n<span class=\"kt-adv-heading31642_b5f423-d0 wp-block-kadence-advancedheading has-theme-palette-9-color has-text-color\" data-kb-block=\"kb-adv-heading31642_b5f423-d0\"><strong>Manual de Contabilidade<br>para M\u00e9dicos<\/strong><\/span>\n\n\n\n<p class=\"has-theme-palette-9-color has-text-color has-link-color wp-elements-ff48bd6e08e868dd7eaa837847790286\">Neste material te explicaremos de forma simples e<br>objetiva pontos importantes sobre contabilidade!<\/p>\n\n\n<style>.wp-block-kadence-advancedbtn.kb-btns31642_3b57e6-ca{gap:var(--global-kb-gap-xs, 0.5rem );justify-content:flex-start;align-items:center;}.kt-btns31642_3b57e6-ca .kt-button{font-weight:normal;font-style:normal;}.kt-btns31642_3b57e6-ca .kt-btn-wrap-0{margin-right:5px;}.wp-block-kadence-advancedbtn.kt-btns31642_3b57e6-ca .kt-btn-wrap-0 .kt-button{color:#555555;border-color:#555555;}.wp-block-kadence-advancedbtn.kt-btns31642_3b57e6-ca .kt-btn-wrap-0 .kt-button:hover, .wp-block-kadence-advancedbtn.kt-btns31642_3b57e6-ca .kt-btn-wrap-0 .kt-button:focus{color:#ffffff;border-color:#444444;}.wp-block-kadence-advancedbtn.kt-btns31642_3b57e6-ca .kt-btn-wrap-0 .kt-button::before{display:none;}.wp-block-kadence-advancedbtn.kt-btns31642_3b57e6-ca .kt-btn-wrap-0 .kt-button:hover, .wp-block-kadence-advancedbtn.kt-btns31642_3b57e6-ca .kt-btn-wrap-0 .kt-button:focus{background:#444444;}<\/style>\n<div class=\"wp-block-kadence-advancedbtn kb-buttons-wrap kb-btns31642_3b57e6-ca\"><style>ul.menu .wp-block-kadence-advancedbtn .kb-btn31642_ffab4e-7e.kb-button{width:initial;}.wp-block-kadence-advancedbtn .kb-btn31642_ffab4e-7e.kb-button{background:#ff5722;font-size:var(--global-kb-font-size-sm, 0.9rem);border-top-left-radius:20px;border-top-right-radius:20px;border-bottom-right-radius:20px;border-bottom-left-radius:20px;padding-top:var(--global-kb-spacing-xxs, 0.5rem);padding-right:var(--global-kb-spacing-md, 2rem);padding-bottom:var(--global-kb-spacing-xxs, 0.5rem);padding-left:var(--global-kb-spacing-md, 2rem);}.wp-block-kadence-advancedbtn .kb-btn31642_ffab4e-7e.kb-button:hover, .wp-block-kadence-advancedbtn .kb-btn31642_ffab4e-7e.kb-button:focus{color:#ff5722;background:var(--global-palette9, #ffffff);}<\/style><span class=\"kb-button kt-button button kb-btn31642_ffab4e-7e kt-btn-size-standard kt-btn-width-type-auto kb-btn-global-fill  kt-btn-has-text-true kt-btn-has-svg-false  btn-banner wp-block-kadence-singlebtn\"><span class=\"kt-btn-inner-text\">Baixe agora<\/span><\/span><\/div>\n<\/div><\/div>\n<\/div><a href=\"https:\/\/cloud.e.prodoctor.net\/manual-de-contabilidade-para-medicos\" class=\"kb-section-link-overlay\" target=\"_blank\" rel=\"noopener noreferrer\"><\/a><\/div>\n\n<\/div><\/div>\n\n\n<h3 class=\"wp-block-heading\">Redu\u00e7\u00e3o nas al\u00edquotas<\/h3>\n\n\n\n<p>Um ponto central da reforma para o setor da sa\u00fade \u00e9 a redu\u00e7\u00e3o de base de c\u00e1lculo de 60% sobre o valor tribut\u00e1vel dos novos tributos (CBS + IBS). Ou seja: embora a al\u00edquota padr\u00e3o (sem redu\u00e7\u00e3o) estimada possa ficar entre 26,5% e 27,5%, aplicando-se a redu\u00e7\u00e3o a servi\u00e7o m\u00e9dico, a al\u00edquota efetiva cairia a cerca de 10,92%.<\/p>\n\n\n\n<p>Por exemplo: se a al\u00edquota combinada (CBS + IBS) for 27%, com a redu\u00e7\u00e3o de 60%, o servi\u00e7o m\u00e9dico seria tributado como se estivesse em 40% daquela base resultando numa al\u00edquota efetiva de 10,92% (ou aproximadamente isso) para o servi\u00e7o.<\/p>\n\n\n\n<p>Esse \u201cfator de redu\u00e7\u00e3o\u201d \u00e9 uma forma de garantir que atividades essenciais continuem com carga tribut\u00e1ria mais branda.<\/p>\n\n\n\n<p>No entanto, essa redu\u00e7\u00e3o vale apenas para o servi\u00e7o prestado (receita), n\u00e3o necessariamente para todos os insumos ou despesas (a depender da regulamenta\u00e7\u00e3o). Ou seja, nem tudo ser\u00e1 automaticamente \u201cdesonerado\u201d.<\/p>\n\n\n\n<h3 class=\"wp-block-heading\">Tributa\u00e7\u00e3o de equipamentos e insumos m\u00e9dicos<\/h3>\n\n\n\n<p>Outro ponto importante: a tributa\u00e7\u00e3o sobre produtos, equipamentos m\u00e9dicos, dispositivos, medicamentos e insumos hospitalares tamb\u00e9m ser\u00e1 afetada.<\/p>\n\n\n\n<p>A proposta prev\u00ea:<\/p>\n\n\n\n<ul class=\"wp-block-list\">\n<li>Isen\u00e7\u00e3o ou al\u00edquota zero para determinados produtos m\u00e9dicos constantes de lista definida (como acontece com medicamentos espec\u00edficos).<br><\/li>\n\n\n\n<li>Redu\u00e7\u00e3o de 60% para muitos insumos m\u00e9dicos, dispositivos e materiais hospitalares.<br><\/li>\n\n\n\n<li>Maior possibilidade de cr\u00e9dito tribut\u00e1rio: nos casos em que voc\u00ea adquira insumos, servi\u00e7os auxiliares ou pe\u00e7as, o imposto pago poder\u00e1 (em teoria) ser usado como cr\u00e9dito para abater a tributa\u00e7\u00e3o do servi\u00e7o final. Isso amplia muito o escopo de dedutibilidade fiscal, diferente do regime atual, onde muitos custos n\u00e3o geram cr\u00e9ditos.<br><\/li>\n<\/ul>\n\n\n\n<p>Na pr\u00e1tica, isso significa que voc\u00ea poder\u00e1 \u201crecuperar\u201d parte dos tributos pagos em compras de materiais, softwares, alugu\u00e9is, energia, limpeza, etc., o que reduz a carga l\u00edquida efetiva do tributo sobre o servi\u00e7o prestado.<\/p>\n\n\n\n<h3 class=\"wp-block-heading\">Altera\u00e7\u00f5es nos regimes tribut\u00e1rios<\/h3>\n\n\n\n<p>Atualmente, a maioria dos m\u00e9dicos, cl\u00ednicas e consult\u00f3rios optam entre alguns regimes tribut\u00e1rios como:<\/p>\n\n\n\n<ul class=\"wp-block-list\">\n<li>Simples Nacional;<br><\/li>\n\n\n\n<li>Lucro Presumido;<br><\/li>\n\n\n\n<li>Lucro Real, ou regimes especiais (em casos espec\u00edficos).<\/li>\n<\/ul>\n\n\n\n<p>Com a reforma, haver\u00e1 mudan\u00e7as importantes:<\/p>\n\n\n\n<ol class=\"wp-block-list\">\n<li><strong>Simples Nacional h\u00edbrido \/ opcional<\/strong><\/li>\n<\/ol>\n\n\n\n<p>O Simples continuar\u00e1 existindo, mas passar\u00e1 a ter uma op\u00e7\u00e3o h\u00edbrida: os novos tributos (CBS + IBS) poder\u00e3o ser recolhidos fora da guia \u00fanica (DAS), o que permite que empresas aproveitem cr\u00e9ditos quando tiverem muitas despesas dedut\u00edveis.<\/p>\n\n\n\n<p>Isso significa que cl\u00ednicas que t\u00eam altos custos operacionais poder\u00e3o escolher separar o CBS\/IBS do Simples tradicional, para aproveitar os cr\u00e9ditos tribut\u00e1rios.<\/p>\n\n\n\n<ol start=\"2\" class=\"wp-block-list\">\n<li><strong>Fim progressivo do ISS<\/strong><\/li>\n<\/ol>\n\n\n\n<p>Com a consolida\u00e7\u00e3o do IBS, o ISS municipal deixar\u00e1 de existir como tributo aut\u00f4nomo. Isso afeta muitos consult\u00f3rios e cl\u00ednicas que hoje recolhem ISS localmente.<\/p>\n\n\n\n<p>Para sociedades uniprofissionais, h\u00e1 alerta de que antigas regalias (como ISS fixo por profissional) poder\u00e3o desaparecer, sendo substitu\u00eddas por tributos sobre faturamento.<br><\/p>\n\n\n\n<ol start=\"3\" class=\"wp-block-list\">\n<li><strong>Ado\u00e7\u00e3o obrigat\u00f3ria do IBS \/ CBS<\/strong><\/li>\n<\/ol>\n\n\n\n<p>Os novos tributos ser\u00e3o obrigat\u00f3rios no modelo dual para substituir gradualmente os tributos sobre consumo.<br><\/p>\n\n\n\n<p id=\"c\"><\/p>\n\n\n\n<p>A partir de 2026, inicia-se a \u201cfase de teste\u201d com porcentuais reduzidos para CBS e IBS, at\u00e9 que a transi\u00e7\u00e3o completa ocorra por volta de 2033.<\/p>\n\n\n\n<h2 class=\"wp-block-heading\">Quem vai ser prejudicado com a reforma tribut\u00e1ria para m\u00e9dicos?<\/h2>\n\n\n<div class=\"wp-block-image\">\n<figure class=\"aligncenter size-full\"><img decoding=\"async\" width=\"770\" height=\"260\" src=\"https:\/\/prodoctor.net\/blog\/wp-content\/uploads\/2025\/09\/reforma-tributaria-para-medicos-quem-se-prejudica.webp\" alt=\"Imagem de uma mesa de trabalho com papel, caneta, laptop e x\u00edcara, ideal para estudos ou reuni\u00f5es de neg\u00f3cios. Ambiente profissional e organizado.\" class=\"wp-image-32448\" srcset=\"https:\/\/prodoctor.net\/blog\/wp-content\/uploads\/2025\/09\/reforma-tributaria-para-medicos-quem-se-prejudica.webp 770w, https:\/\/prodoctor.net\/blog\/wp-content\/uploads\/2025\/09\/reforma-tributaria-para-medicos-quem-se-prejudica-300x101.webp 300w, https:\/\/prodoctor.net\/blog\/wp-content\/uploads\/2025\/09\/reforma-tributaria-para-medicos-quem-se-prejudica-768x259.webp 768w\" sizes=\"(max-width: 770px) 100vw, 770px\" \/><\/figure>\n<\/div>\n\n\n<p>Embora a redu\u00e7\u00e3o de 60% na base de c\u00e1lculo para servi\u00e7os de sa\u00fade seja uma grande vit\u00f3ria para o setor, nem todos sair\u00e3o ganhando. A uniformiza\u00e7\u00e3o das regras pode eliminar vantagens fiscais importantes para alguns modelos de atua\u00e7\u00e3o:<\/p>\n\n\n\n<h3 class=\"wp-block-heading\">Sociedades Uniprofissionais (SUPs)<\/h3>\n\n\n\n<p>As cl\u00ednicas m\u00e9dicas organizadas como SUPs usufruem hoje de um regime especial de recolhimento de ISS fixo por profissional, uma regra que geralmente resulta em uma carga tribut\u00e1ria muito baixa.&nbsp;<\/p>\n\n\n\n<p>Com a extin\u00e7\u00e3o progressiva do ISS e sua substitui\u00e7\u00e3o pelo IBS\/CBS, a tend\u00eancia \u00e9 que esse benef\u00edcio desapare\u00e7a. As SUPs que hoje pagam um ISS fixo baixo ver\u00e3o sua carga tribut\u00e1ria saltar para a al\u00edquota de aproximadamente 10,92% sobre o faturamento.<\/p>\n\n\n\n<h3 class=\"wp-block-heading\">Cl\u00ednicas no Simples Nacional com baixas al\u00edquotas<\/h3>\n\n\n\n<p>Se a sua cl\u00ednica est\u00e1 hoje nas faixas iniciais do Simples Nacional, pagando al\u00edquotas efetivas muito baixas (ex: 4% a 6%), a nova al\u00edquota efetiva do IVA Dual (cerca de 10,92%) pode representar um aumento significativo na carga tribut\u00e1ria sobre o consumo.&nbsp;<\/p>\n\n\n\n<p>Nesses casos, a cl\u00ednica ter\u00e1 pouco cr\u00e9dito tribut\u00e1rio a compensar, j\u00e1 que geralmente t\u00eam poucas despesas dedut\u00edveis.<\/p>\n\n\n\n<h3 class=\"wp-block-heading\">Profissionais aut\u00f4nomos (Pessoa F\u00edsica)<\/h3>\n\n\n\n<p>O novo sistema tribut\u00e1rio \u00e9 estruturado para beneficiar Pessoas Jur\u00eddicas que geram e aproveitam cr\u00e9ditos. M\u00e9dicos que atuam como Pessoa F\u00edsica e dependem do Livro-Caixa para deduzir despesas podem ver a tributa\u00e7\u00e3o da PF se tornar ainda menos vantajosa no longo prazo, tornando a migra\u00e7\u00e3o para o CNPJ quase obrigat\u00f3ria.<\/p>\n\n\n\n<h3 class=\"wp-block-heading\">Cl\u00ednicas que se beneficiam de regimes especiais locais<\/h3>\n\n\n\n<p id=\"d\"><\/p>\n\n\n\n<p>O foco da reforma \u00e9 acabar com a guerra fiscal. Portanto, quem hoje tem uma carga tribut\u00e1ria favor\u00e1vel por usufruir de isen\u00e7\u00f5es locais espec\u00edficas ou regimes ligeiramente simplificados que n\u00e3o est\u00e3o previstos na nova legisla\u00e7\u00e3o federal\/estadual, pode se ver prejudicado com a uniformiza\u00e7\u00e3o.<\/p>\n\n\n\n<h2 class=\"wp-block-heading\">Como a reforma afeta m\u00e9dicos aut\u00f4nomos<\/h2>\n\n\n\n<p>M\u00e9dicos aut\u00f4nomos, que prestam servi\u00e7o exclusivamente como Pessoa F\u00edsica, sentir\u00e3o os efeitos da reforma tribut\u00e1ria de forma indireta, mas significativa, especialmente no planejamento financeiro de longo prazo.<\/p>\n\n\n\n<p><strong>Para ilustrar:<\/strong><\/p>\n\n\n\n<p><strong>Aut\u00f4nomo PF \u00d7 PJ (vis\u00e3o did\u00e1tica)<\/strong><\/p>\n\n\n\n<ul class=\"wp-block-list\">\n<li><strong>Premissas (m\u00eas):<\/strong> faturamento R$ 40.000; despesas necess\u00e1rias R$ 8.000.<br><\/li>\n\n\n\n<li><strong>PF (hoje e ap\u00f3s reforma):<\/strong> IRPF segue <strong>inalterado<\/strong>; sem direito a cr\u00e9dito de consumo. Supondo al\u00edquota efetiva combinada de <strong>\u2248 18%\u201322%<\/strong> sobre a <strong>base ap\u00f3s livro-caixa<\/strong>, ter\u00edamos um desembolso <strong>\u2248 R$ 5.7 mil\u2013R$ 7.0 mil<\/strong>.<br><\/li>\n\n\n\n<li><strong>PJ Simples (Anexo III por Fator R)<\/strong>: al\u00edquota efetiva <strong>\u2248 6%\u20138%<\/strong> (did\u00e1tico) sobre receita \u2192 <strong>R$ 2.4 mil\u2013R$ 3.2 mil<\/strong>\/m\u00eas.<br><\/li>\n\n\n\n<li><strong>Com reforma (PJ fora do Simples, CBS+IBS):<\/strong> al\u00edquota efetiva <strong>~10,9%<\/strong> <strong>sobre o valor agregado<\/strong> (receita \u2212 custos <strong>credit\u00e1veis<\/strong>). Se os R$ 8.000 forem <strong>credit\u00e1veis<\/strong>, carga de consumo ~ <strong>10,9% \u00d7 (40k \u2212 8k) = 10,9% \u00d7 32k \u2248 R$ 3.488<\/strong>.<\/li>\n<\/ul>\n\n\n\n<h3 class=\"wp-block-heading\">Tributa\u00e7\u00e3o da Renda (IRPF) n\u00e3o \u00e9 alterada<\/h3>\n\n\n\n<p>A reforma em discuss\u00e3o n\u00e3o muda a sistem\u00e1tica de tributa\u00e7\u00e3o do Imposto de Renda (IRPF) da Pessoa F\u00edsica. Seus rendimentos continuar\u00e3o sendo tributados conforme a tabela progressiva e a possibilidade de dedu\u00e7\u00e3o atrav\u00e9s do Livro Caixa continua v\u00e1lida.<\/p>\n\n\n\n<h3 class=\"wp-block-heading\">Oportunidade de Planejamento na PJ<\/h3>\n\n\n\n<p>No entanto, o novo sistema de consumo (CBS + IBS) \u00e9 estruturado para beneficiar Pessoas Jur\u00eddicas (consult\u00f3rios e cl\u00ednicas) atrav\u00e9s da possibilidade de cr\u00e9dito tribut\u00e1rio. Isso significa que a diferen\u00e7a de carga tribut\u00e1ria entre atuar como PF (sem cr\u00e9ditos) e como PJ (com cr\u00e9ditos na compra de insumos) pode se tornar ainda maior.<\/p>\n\n\n\n<h3 class=\"wp-block-heading\">Press\u00e3o para Formaliza\u00e7\u00e3o<\/h3>\n\n\n\n<p>O m\u00e9dico aut\u00f4nomo que mantiver seu trabalho exclusivamente como Pessoa F\u00edsica pode perder oportunidades de otimizar sua carga fiscal. A crescente vantagem da Pessoa Jur\u00eddica (com acesso \u00e0 al\u00edquota reduzida de 10,92% sobre o servi\u00e7o e a possibilidade de cr\u00e9ditos) pode tornar a migra\u00e7\u00e3o para o CNPJ quase obrigat\u00f3ria para quem busca efici\u00eancia tribut\u00e1ria.<\/p>\n\n\n\n<p id=\"e\"><\/p>\n\n\n\n<p>A reforma tribut\u00e1ria para m\u00e9dicos aut\u00f4nomos, portanto, n\u00e3o representa uma mudan\u00e7a imediata no IRPF, mas \u00e9 um forte incentivo para a reavalia\u00e7\u00e3o do modelo de atua\u00e7\u00e3o.<\/p>\n\n\n\n<h2 class=\"wp-block-heading\">Impactos nas cl\u00ednicas e consult\u00f3rios m\u00e9dicos<\/h2>\n\n\n\n<p>A substitui\u00e7\u00e3o dos cinco tributos atuais pelo IVA exigir\u00e1 adapta\u00e7\u00e3o nos sistemas de controle fiscal e revis\u00e3o completa dos processos de apura\u00e7\u00e3o e recolhimento de impostos. Para cl\u00ednicas e consult\u00f3rios estruturados juridicamente (Pessoa Jur\u00eddica), os impactos s\u00e3o mais intensos, confira, a seguir.<\/p>\n\n\n\n<figure class=\"wp-block-image size-large\"><img decoding=\"async\" width=\"1024\" height=\"644\" src=\"https:\/\/prodoctor.net\/blog\/wp-content\/uploads\/2025\/09\/Reforma-Tributaria-para-Medicos-Impactos-nas-clinicas-e-consultorios-medicos-1024x644.jpg\" alt=\"Tabela comparativa de cen\u00e1rios de cr\u00e9dito, custos e varia\u00e7\u00f5es de receita, destacando os percentuais de base de custos, antes e depois do valor agregado, para auxiliar na an\u00e1lise financeira e planejamento de custos de cr\u00e9dito.\" class=\"wp-image-32447\" srcset=\"https:\/\/prodoctor.net\/blog\/wp-content\/uploads\/2025\/09\/Reforma-Tributaria-para-Medicos-Impactos-nas-clinicas-e-consultorios-medicos-1024x644.jpg 1024w, https:\/\/prodoctor.net\/blog\/wp-content\/uploads\/2025\/09\/Reforma-Tributaria-para-Medicos-Impactos-nas-clinicas-e-consultorios-medicos-300x189.jpg 300w, https:\/\/prodoctor.net\/blog\/wp-content\/uploads\/2025\/09\/Reforma-Tributaria-para-Medicos-Impactos-nas-clinicas-e-consultorios-medicos-768x483.jpg 768w, https:\/\/prodoctor.net\/blog\/wp-content\/uploads\/2025\/09\/Reforma-Tributaria-para-Medicos-Impactos-nas-clinicas-e-consultorios-medicos.jpg 1422w\" sizes=\"(max-width: 1024px) 100vw, 1024px\" \/><figcaption class=\"wp-element-caption\">Valores referentes a setembro\/2025.<\/figcaption><\/figure>\n\n\n\n<h3 class=\"wp-block-heading\">1. Carga tribut\u00e1ria efetiva pode cair ou subir<\/h3>\n\n\n\n<p>Se a cl\u00ednica tiver muitos custos operacionais (alugu\u00e9is, insumos, sal\u00e1rios, terceirizados), ela poder\u00e1 gerar cr\u00e9ditos tribut\u00e1rios significativos, reduzindo a carga l\u00edquida. Em casos bem estruturados, isso pode representar economia frente ao regime atual.<\/p>\n\n\n\n<p>Por outro lado, consult\u00f3rios com baixa despesa ter\u00e3o menores cr\u00e9ditos e a nova al\u00edquota pode representar aumento de tributos.<\/p>\n\n\n\n<h3 class=\"wp-block-heading\">2. Fim do ISS municipal e unifica\u00e7\u00e3o do tributo sobre servi\u00e7o<\/h3>\n\n\n\n<p>O ISS deixa de existir como tributo isolado; passa a ser parte do IBS. Isso muda a l\u00f3gica de arrecada\u00e7\u00e3o municipal e a al\u00edquota aplicada nos munic\u00edpios, o que pode afetar a competitividade entre localidades.<\/p>\n\n\n\n<h3 class=\"wp-block-heading\">3. Concorr\u00eancia tribut\u00e1ria entre regi\u00f5es<\/h3>\n\n\n\n<p>Munic\u00edpios e estados ter\u00e3o que ajustar suas al\u00edquotas e espectros fiscais. Cl\u00ednicas poder\u00e3o optar por se instalar em locais com al\u00edquota operacional mais vantajosa, dentro dos marcos permitidos pela lei.<\/p>\n\n\n\n<h3 class=\"wp-block-heading\">4. Maior exig\u00eancia cont\u00e1bil e <em>compliance<\/em><\/h3>\n\n\n\n<p>Para aproveitar os cr\u00e9ditos e manter conformidade, cl\u00ednicas precisar\u00e3o melhorar seus controles cont\u00e1beis, gerir notas fiscais de entrada e sa\u00edda com rigor, e ajustar seus sistemas de faturamento.<\/p>\n\n\n\n<h3 class=\"wp-block-heading\">5. Necessidade de reorganiza\u00e7\u00e3o societ\u00e1ria<\/h3>\n\n\n\n<p>Cl\u00ednicas que hoje s\u00e3o sociedades simples, sociedades uniprofissionais ou associa\u00e7\u00f5es podem precisar migrar para empresas empresariais ou ajustar suas estruturas para otimizar tributos.<\/p>\n\n\n\n<h3 class=\"wp-block-heading\">6. Simula\u00e7\u00f5es e revis\u00f5es peri\u00f3dicas<\/h3>\n\n\n\n<p>Com o novo modelo, ser\u00e1 essencial realizar simula\u00e7\u00f5es tribut\u00e1rias constantes (faturamento, crescimento, mix de servi\u00e7os) para verificar se o regime vigente ainda \u00e9 o mais vantajoso.<br><\/p>\n\n\n\n<p id=\"f\"><\/p>\n\n\n\n<p>Na pr\u00e1tica, para cl\u00ednicas m\u00e9dicas, a reforma tribut\u00e1ria para m\u00e9dicos pode significar uma revis\u00e3o completa do modelo tribut\u00e1rio e operacional, com ganhos para quem souber se adaptar.<\/p>\n\n\n\n<h2 class=\"wp-block-heading\">Qual o melhor regime tribut\u00e1rio para m\u00e9dicos?<\/h2>\n\n\n\n<p>Precisamos avisar que n\u00e3o h\u00e1 f\u00f3rmula universal. A decis\u00e3o depender\u00e1 do seu perfil de despesas, faturamento, estrutura e horizonte de crescimento. Mas \u00e9 poss\u00edvel antecipar alguns cen\u00e1rios.<\/p>\n\n\n\n<ul class=\"wp-block-list\">\n<li><strong>Simples Nacional H\u00edbrido:<\/strong> bom para cl\u00ednicas menores com custos moderados: permite que o CBS + IBS seja recolhido \u201cfora da guia \u00fanica\u201d, o que viabiliza aproveitamento de cr\u00e9ditos tribut\u00e1rios.<br><\/li>\n\n\n\n<li><strong>Lucro Presumido:<\/strong> em muitos casos, pode se tornar mais interessante do que o Simples se voc\u00ea tiver despesas dedut\u00edveis consider\u00e1veis e quiser manter previsibilidade fiscal.<br><\/li>\n\n\n\n<li><strong>Lucro Real: <\/strong>adequado para cl\u00ednicas com margem apertada, mas muitos custos dedut\u00edveis, porque permite deduzir integralmente despesas operacionais, por\u00e9m requer controle cont\u00e1bil mais rigoroso.<br><\/li>\n<\/ul>\n\n\n\n<p><strong>Para ilustrar:<\/strong><\/p>\n\n\n\n<p><strong>PJ no Simples (sem Fator R, cen\u00e1rio t\u00edpico de 13%\u201316%)<\/strong><\/p>\n\n\n\n<ul class=\"wp-block-list\">\n<li><strong>Antes:<\/strong> carga efetiva (did\u00e1tica) <strong>\u2248 15%<\/strong> sobre receita \u2192 <strong>R$ 6.000<\/strong> a cada R$ 40.000.<br><\/li>\n\n\n\n<li><strong>Depois (CBC+IBS \u201cpor fora\u201d, n\u00e3o cumulativo):<\/strong> consumo <strong>~10,9%<\/strong> sobre o <strong>valor agregado<\/strong>. Se custos credit\u00e1veis = <strong>20%<\/strong> da receita \u2192 <strong>10,9% \u00d7 32k \u2248 R$ 3.488<\/strong>.<br><\/li>\n<\/ul>\n\n\n\n<p><strong>PJ no Lucro Presumido (vis\u00e3o simplificada de consumo)<\/strong><\/p>\n\n\n\n<ul class=\"wp-block-list\">\n<li><strong>Antes (consumo):<\/strong> <strong>PIS\/Cofins 3,65% + ISS 3%<\/strong> (exemplo) = <strong>6,65%<\/strong> sobre receita R$ 40.000 \u2192 <strong>R$ 2.660<\/strong> (n\u00e3o inclui IRPJ\/CSLL).<br><\/li>\n\n\n\n<li><strong>Depois (consumo CBS+IBS):<\/strong> <strong>10,9%<\/strong> sobre <strong>valor agregado<\/strong>. Se custos credit\u00e1veis = <strong>30%<\/strong>, ent\u00e3o <strong>10,9% \u00d7 28k \u2248 R$ 3.052<\/strong>.<\/li>\n<\/ul>\n\n\n\n<p>\u00c9 importante saber que, antes da reforma, o regime \u201cideal\u201d era aquele que minimizava tributos e obriga\u00e7\u00f5es acess\u00f3rias; ap\u00f3s a reforma, o regime ideal ser\u00e1 aquele que maximiza cr\u00e9ditos tribut\u00e1rios e aproveita despesas.<\/p>\n\n\n\n<p>Vale fazer simula\u00e7\u00f5es: compare sua carga atual (Simples ou Presumido) com a al\u00edquota efetiva de cerca de 10,92% aplicada ao faturamento l\u00edquido (menos cr\u00e9ditos).<\/p>\n\n\n\n<p>Para cl\u00ednicas m\u00e9dicas, estima-se que a carga com a reforma para servi\u00e7os de sa\u00fade fique por volta de 10,92%, para uma al\u00edquota combinada estimada em 27% antes da redu\u00e7\u00e3o.<a href=\"https:\/\/contabilizamais.com.br\/aliquotas-e-fator-de-reducao-para-a-area-da-saude-na-reforma-tributaria\/?utm_source=chatgpt.com\">&nbsp;<\/a><\/p>\n\n\n\n<p id=\"g\"><\/p>\n\n\n\n<p>Assim, se sua carga atual for, por exemplo, 6%, pode haver aumento; mas se estiver pagando 15% ou mais, poder\u00e1 haver redu\u00e7\u00e3o.<\/p>\n\n\n\n<h2 class=\"wp-block-heading\">Riscos e oportunidades para o setor da sa\u00fade<\/h2>\n\n\n<div class=\"wp-block-image\">\n<figure class=\"aligncenter size-full\"><img decoding=\"async\" width=\"770\" height=\"260\" src=\"https:\/\/prodoctor.net\/blog\/wp-content\/uploads\/2025\/09\/reforma-tributaria-para-medicos-Riscos-e-oportunidades-para-o-setor-da-saude.webp\" alt=\"An\u00e1lise de dados financeiros com gr\u00e1ficos, computadores e um smartphone mostrando tend\u00eancias de mercado, essencial para estrat\u00e9gias de investimento.\" class=\"wp-image-32449\" srcset=\"https:\/\/prodoctor.net\/blog\/wp-content\/uploads\/2025\/09\/reforma-tributaria-para-medicos-Riscos-e-oportunidades-para-o-setor-da-saude.webp 770w, https:\/\/prodoctor.net\/blog\/wp-content\/uploads\/2025\/09\/reforma-tributaria-para-medicos-Riscos-e-oportunidades-para-o-setor-da-saude-300x101.webp 300w, https:\/\/prodoctor.net\/blog\/wp-content\/uploads\/2025\/09\/reforma-tributaria-para-medicos-Riscos-e-oportunidades-para-o-setor-da-saude-768x259.webp 768w\" sizes=\"(max-width: 770px) 100vw, 770px\" \/><\/figure>\n<\/div>\n\n\n<p>A reforma tribut\u00e1ria para m\u00e9dicos, por um lado, oferece chances in\u00e9ditas de <a href=\"https:\/\/prodoctor.net\/blog\/como-fazer-o-planejamento-tributario-do-consultorio\/\">planejamento fiscal<\/a>, por outro lado, esconde armadilhas para quem n\u00e3o estiver atento.<\/p>\n\n\n\n<h3 class=\"wp-block-heading\">Oportunidades (ganhos estrat\u00e9gicos)<\/h3>\n\n\n\n<ul class=\"wp-block-list\">\n<li><strong>Maior cr\u00e9dito fiscal:<\/strong> a possibilidade de abatimento de tributos pagos em despesas como insumos, servi\u00e7os auxiliares, aluguel, energia e softwares de gest\u00e3o se torna muito mais ampla, reduzindo a carga l\u00edquida efetiva.<\/li>\n<\/ul>\n\n\n\n<ul class=\"wp-block-list\">\n<li><strong>Al\u00edquota reduzida:<\/strong> o fator de redu\u00e7\u00e3o de 60% na base de c\u00e1lculo favorece diretamente o setor de servi\u00e7os de sa\u00fade, garantindo uma al\u00edquota efetiva de 10,92% (estimada), o que pode ser uma grande economia para cl\u00ednicas de m\u00e9dio e grande porte.<\/li>\n<\/ul>\n\n\n\n<ul class=\"wp-block-list\">\n<li><strong>Simplifica\u00e7\u00e3o e competitividade:<\/strong> com menos tributos sobre consumo (CBS + IBS) e a elimina\u00e7\u00e3o do &#8220;imposto sobre imposto&#8221; (n\u00e3o cumulatividade), cl\u00ednicas bem estruturadas poder\u00e3o se tornar mais competitivas e expandir seus neg\u00f3cios com maior seguran\u00e7a fiscal.<\/li>\n<\/ul>\n\n\n\n<h3 class=\"wp-block-heading\">Riscos (armadilhas fiscais)<\/h3>\n\n\n\n<ul class=\"wp-block-list\">\n<li><strong>Aumento de carga para quem paga pouco hoje:<\/strong> o principal risco recai sobre cl\u00ednicas no Simples ou Sociedades Uniprofissionais que hoje pagam al\u00edquotas muito baixas (\u22646%). A uniformiza\u00e7\u00e3o para 10,92% pode significar um salto no imposto de consumo.<\/li>\n<\/ul>\n\n\n\n<ul class=\"wp-block-list\">\n<li><strong>Custo de ajuste operacional:<\/strong> aproveitar os cr\u00e9ditos exige contabilidade mais sofisticada, sistemas de faturamento e gest\u00e3o de notas fiscais mais rigorosos, gerando um custo inicial de compliance.<\/li>\n<\/ul>\n\n\n\n<ul class=\"wp-block-list\">\n<li><strong>Desvantagem sem cr\u00e9dito: <\/strong>cl\u00ednicas com baixa despesa dedut\u00edvel ou que n\u00e3o gerenciam bem seus insumos n\u00e3o conseguir\u00e3o aproveitar o benef\u00edcio do cr\u00e9dito, pagando a nova al\u00edquota cheia (reduzida) sem compensa\u00e7\u00e3o.<\/li>\n<\/ul>\n\n\n\n<p id=\"h\"><\/p>\n\n\n\n<ul class=\"wp-block-list\">\n<li><strong>Incerteza regulamentar e transi\u00e7\u00e3o prolongada: <\/strong>muitos detalhes ainda dependem de leis complementares. Al\u00e9m disso, o longo per\u00edodo de transi\u00e7\u00e3o (2026 &#8211; 2033) exige que os gestores operem sob dois regimes tribut\u00e1rios simultaneamente, aumentando a complexidade e o risco de erros fiscais.<\/li>\n<\/ul>\n\n\n\n<h2 class=\"wp-block-heading\">Planejamento financeiro em face da reforma tribut\u00e1ria<\/h2>\n\n\n\n<p>Diante desse cen\u00e1rio de incertezas e potencial impacto, o planejamento antecipado \u00e9 a chave para transformar riscos em oportunidades.&nbsp;<\/p>\n\n\n\n<p>Abaixo, sugerimos um plano de a\u00e7\u00e3o priorit\u00e1rio para m\u00e9dicos, cl\u00ednicas e consult\u00f3rios:<\/p>\n\n\n\n<ol class=\"wp-block-list\">\n<li><strong>Mapeie detalhadamente suas despesas operacionais:<\/strong> liste aluguel, energia, materiais, limpeza, softwares, equipamentos, e servi\u00e7os terceirizados. Esse mapeamento \u00e9 essencial para identificar os cr\u00e9ditos tribut\u00e1rios poss\u00edveis no novo regime.<\/li>\n\n\n\n<li><strong>Simule cen\u00e1rios tribut\u00e1rios:<\/strong> compare os regimes atuais (Simples, Presumido, Real) com a nova al\u00edquota de 10,92% (faturamento l\u00edquido menos cr\u00e9ditos). Calcule sua carga efetiva projetada para os pr\u00f3ximos anos.<\/li>\n\n\n\n<li><strong>Avalie reestrutura\u00e7\u00e3o societ\u00e1ria:<\/strong> se sua cl\u00ednica \u00e9 hoje uma sociedade uniprofissional ou possui uma estrutura simples, avalie migrar para um tipo societ\u00e1rio mais flex\u00edvel que permita maior otimiza\u00e7\u00e3o fiscal e aproveitamento de incentivos.<\/li>\n\n\n\n<li><strong>Invista em controles fiscais robustos:<\/strong> sistemas de gest\u00e3o fiscal e emiss\u00e3o correta de notas fiscais de entrada\/sa\u00edda s\u00e3o fundamentais. A escritura\u00e7\u00e3o precisa \u00e9 o \u00fanico caminho para justificar e garantir o direito aos cr\u00e9ditos tribut\u00e1rios.<\/li>\n\n\n\n<li><strong>Negocie contratos e pre\u00e7os com fornecedores:<\/strong> com o novo sistema de cr\u00e9dito, comprar de fornecedores confi\u00e1veis que emitam nota fiscal adequada se torna ainda mais estrat\u00e9gico para o seu planejamento.<\/li>\n\n\n\n<li><strong>Planeje a transi\u00e7\u00e3o gradual (2026\u20132033): <\/strong>use o longo per\u00edodo de coexist\u00eancia dos sistemas para ajustar seu neg\u00f3cio, sistemas e processos, migrando com o menor risco poss\u00edvel.<\/li>\n\n\n\n<li><strong>Busque assessoria especializada: <\/strong>contadores e consultores com foco no setor da sa\u00fade ser\u00e3o pe\u00e7as-chave para interpretar as nuances da reforma, simular cen\u00e1rios complexos e garantir a seguran\u00e7a jur\u00eddica do seu consult\u00f3rio ou cl\u00ednica.<\/li>\n<\/ol>\n\n\n\n<p>Ao adotar esse planejamento tribut\u00e1rio antecipado, voc\u00ea transforma uma grande reforma, que poderia gerar incertezas, em uma oportunidade de ajustar seu modelo de neg\u00f3cios com m\u00e1xima efici\u00eancia fiscal.<\/p>\n\n\n\n<h2 class=\"wp-block-heading\">Conclus\u00e3o<\/h2>\n\n\n\n<p>A reforma tribut\u00e1ria para m\u00e9dicos representa uma transforma\u00e7\u00e3o fundamental no modo como profissionais, consult\u00f3rios e cl\u00ednicas ser\u00e3o tributados no Brasil. Com a unifica\u00e7\u00e3o de impostos, o novo regime de cr\u00e9ditos tribut\u00e1rios e a al\u00edquota reduzida para servi\u00e7os de sa\u00fade, o setor enfrenta grandes oportunidades de efici\u00eancia fiscal, mas tamb\u00e9m o risco de aumento de carga para quem n\u00e3o se planejar.<\/p>\n\n\n\n<p>Para aproveitar integralmente os benef\u00edcios da reforma e evitar as armadilhas fiscais, o planejamento antecipado \u00e9 a palavra de ordem. \u00c9 fundamental investir em conhecimento sobre as novas regras, atualizar seus sistemas de gest\u00e3o e buscar assessoria especializada para navegar com seguran\u00e7a pela complexa transi\u00e7\u00e3o que se inicia.<\/p>\n\n\n\n<p>A ProDoctor est\u00e1 ao lado de m\u00e9dicos gestores e donos de cl\u00ednicas que desejam transformar desafios em oportunidades com a tecnologia necess\u00e1ria para que seu consult\u00f3rio ou cl\u00ednica continue crescendo com seguran\u00e7a e previsibilidade no novo cen\u00e1rio tribut\u00e1rio.<\/p>\n\n\n\n<h2 class=\"wp-block-heading\"><strong>FAQ<\/strong><\/h2>\n\n\n\n<h3 class=\"wp-block-heading\"><strong>&#8211; A reforma tribut\u00e1ria para m\u00e9dicos aumenta ou reduz a carga no consult\u00f3rio?<\/strong><\/h3>\n\n\n\n<p>Depende do <strong>perfil de custos<\/strong> e do <strong>regime<\/strong>. Consult\u00f3rios <strong>enxutos<\/strong>, com poucos insumos (pouco cr\u00e9dito), podem ver <strong>aumento<\/strong> ao redor da al\u00edquota efetiva estimada de ~10,9%. Cl\u00ednicas com <strong>custos credit\u00e1veis relevantes<\/strong> tendem a <strong>reduzir<\/strong> a carga sobre consumo, especialmente fora do Simples, aproveitando n\u00e3o cumulatividade.<\/p>\n\n\n\n<h3 class=\"wp-block-heading\"><strong>&#8211; M\u00e9dicos aut\u00f4nomos devem migrar para PJ com a reforma?<\/strong><\/h3>\n\n\n\n<p>A reforma <strong>n\u00e3o altera<\/strong> o IRPF, mas <strong>amplia vantagens<\/strong> para <strong>PJ<\/strong> ao permitir cr\u00e9ditos no consumo (CBS\/IBS). Para quem fatura regularmente e tem custos dedut\u00edveis (aluguel, equipe, softwares, insumos), <strong>formalizar um CNPJ<\/strong> pode tornar-se <strong>mais eficiente<\/strong> \u2014 avalie com simula\u00e7\u00e3o.<\/p>\n\n\n\n<h3 class=\"wp-block-heading\"><strong>&#8211; O Simples continua valendo para cl\u00ednicas?<\/strong><\/h3>\n\n\n\n<p>Sim. O Simples permanece, e h\u00e1 a op\u00e7\u00e3o <strong>\u201cpor fora\u201d<\/strong> para recolher <strong>CBS\/IBS<\/strong> no regime n\u00e3o cumulativo, <strong>maximizando cr\u00e9ditos<\/strong> quando a cl\u00ednica tem <strong>muitos custos<\/strong>. Em estruturas muito enxutas, o <strong>Simples integral<\/strong> pode continuar competitivo.<\/p>\n\n\n\n<h3 class=\"wp-block-heading\"><strong>&#8211; Quais itens da sa\u00fade ter\u00e3o tratamento diferenciado?<\/strong><\/h3>\n\n\n\n<p>Al\u00e9m da <strong>redu\u00e7\u00e3o de base (60%)<\/strong> para servi\u00e7os de sa\u00fade, parte de <strong>dispositivos\/medicamentos<\/strong> pode ter <strong>al\u00edquota reduzida<\/strong> ou mesmo <strong>al\u00edquota zero<\/strong>, a depender de listas\/regulamenta\u00e7\u00e3o. Isso impacta o tamanho do <strong>cr\u00e9dito<\/strong> na compra.<\/p>\n\n\n<style>.wp-block-kadence-spacer.kt-block-spacer-32442_ea7b60-2d .kt-block-spacer{height:60px;}.wp-block-kadence-spacer.kt-block-spacer-32442_ea7b60-2d .kt-divider{border-top-width:1px;height:1px;border-top-color:#eee;width:80%;border-top-style:solid;}<\/style>\n<div class=\"wp-block-kadence-spacer aligncenter kt-block-spacer-32442_ea7b60-2d\"><div class=\"kt-block-spacer kt-block-spacer-halign-center\"><hr class=\"kt-divider\"\/><\/div><\/div>\n\n\n\n<p><strong><em>Nota informativa:<\/em><\/strong><\/p>\n\n\n\n<p><em>Este conte\u00fado tem finalidade exclusivamente informativa, com base na Emenda Constitucional n.\u00ba 132\/2023, que trata da reforma tribut\u00e1ria. No entanto, diversos pontos ainda aguardam regulamenta\u00e7\u00e3o por Leis Complementares, como a defini\u00e7\u00e3o das al\u00edquotas finais, listas de servi\u00e7os e insumos abrangidos, al\u00e9m das regras espec\u00edficas para o aproveitamento de cr\u00e9ditos.<\/em><\/p>\n\n\n\n<p><em>Por esse motivo, os percentuais e n\u00fameros apresentados aqui s\u00e3o estimativas did\u00e1ticas e n\u00e3o devem ser considerados como valores definitivos. Refor\u00e7amos a import\u00e2ncia de uma an\u00e1lise individualizada, com o suporte de um contador ou consultor tribut\u00e1rio, antes da tomada de qualquer decis\u00e3o pr\u00e1tica.<\/em><\/p>\n","protected":false},"excerpt":{"rendered":"<p>A reforma tribut\u00e1ria para m\u00e9dicos \u00e9 um tema que gera muitas d\u00favidas no universo da sa\u00fade privada: como vai&#8230;<\/p>\n","protected":false},"author":11,"featured_media":32445,"comment_status":"closed","ping_status":"closed","sticky":false,"template":"","format":"standard","meta":{"_kad_blocks_custom_css":"","_kad_blocks_head_custom_js":"","_kad_blocks_body_custom_js":"","_kad_blocks_footer_custom_js":"","_kadence_starter_templates_imported_post":false,"_kad_post_transparent":"","_kad_post_title":"","_kad_post_layout":"","_kad_post_sidebar_id":"","_kad_post_content_style":"","_kad_post_vertical_padding":"","_kad_post_feature":"","_kad_post_feature_position":"","_kad_post_header":false,"_kad_post_footer":false,"footnotes":""},"categories":[412],"tags":[],"class_list":["post-32442","post","type-post","status-publish","format-standard","has-post-thumbnail","hentry","category-gestao-de-clinicas-e-consultorios"],"yoast_head":"<!-- This site is optimized with the Yoast SEO plugin v27.0 - https:\/\/yoast.com\/product\/yoast-seo-wordpress\/ -->\n<title>Reforma tribut\u00e1ria para m\u00e9dicos: impactos, riscos e oportunidades | ProDoctor<\/title>\n<meta name=\"description\" content=\"Entenda, na pr\u00e1tica, como a reforma tribut\u00e1ria para m\u00e9dicos impacta aut\u00f4nomos, consult\u00f3rios e cl\u00ednicas, com riscos, oportunidades e dicas de planejamento.\" \/>\n<meta name=\"robots\" content=\"index, follow, max-snippet:-1, max-image-preview:large, max-video-preview:-1\" \/>\n<link rel=\"canonical\" href=\"https:\/\/prodoctor.net\/blog\/reforma-tributaria-para-medicos\/\" \/>\n<meta property=\"og:locale\" content=\"pt_BR\" \/>\n<meta property=\"og:type\" content=\"article\" \/>\n<meta property=\"og:title\" content=\"Reforma tribut\u00e1ria para m\u00e9dicos: impactos, riscos e oportunidades | ProDoctor\" \/>\n<meta property=\"og:description\" content=\"Entenda, na pr\u00e1tica, como a reforma tribut\u00e1ria para m\u00e9dicos impacta aut\u00f4nomos, consult\u00f3rios e cl\u00ednicas, com riscos, oportunidades e dicas de planejamento.\" \/>\n<meta property=\"og:url\" content=\"https:\/\/prodoctor.net\/blog\/reforma-tributaria-para-medicos\/\" \/>\n<meta property=\"og:site_name\" content=\"Blog ProDoctor\" \/>\n<meta property=\"article:publisher\" content=\"https:\/\/www.facebook.com\/prodoctorsoftware\" \/>\n<meta property=\"article:published_time\" content=\"2025-09-30T21:01:52+00:00\" \/>\n<meta property=\"article:modified_time\" content=\"2025-11-04T20:17:59+00:00\" \/>\n<meta property=\"og:image\" content=\"https:\/\/prodoctor.net\/blog\/wp-content\/uploads\/2025\/09\/reforma-tributaria-para-medicos.webp\" \/>\n\t<meta property=\"og:image:width\" content=\"1422\" \/>\n\t<meta property=\"og:image:height\" content=\"894\" \/>\n\t<meta property=\"og:image:type\" content=\"image\/webp\" \/>\n<meta name=\"author\" content=\"L\u00edvia Cajueiro\" \/>\n<meta name=\"twitter:card\" content=\"summary_large_image\" \/>\n<meta name=\"twitter:creator\" content=\"@prodoctorsoft\" \/>\n<meta name=\"twitter:site\" content=\"@prodoctorsoft\" \/>\n<meta name=\"twitter:label1\" content=\"Escrito por\" \/>\n\t<meta name=\"twitter:data1\" content=\"L\u00edvia Cajueiro\" \/>\n\t<meta name=\"twitter:label2\" content=\"Est. tempo de leitura\" \/>\n\t<meta name=\"twitter:data2\" content=\"20 minutos\" \/>\n<script type=\"application\/ld+json\" class=\"yoast-schema-graph\">{\"@context\":\"https:\/\/schema.org\",\"@graph\":[{\"@type\":\"Article\",\"@id\":\"https:\/\/prodoctor.net\/blog\/reforma-tributaria-para-medicos\/#article\",\"isPartOf\":{\"@id\":\"https:\/\/prodoctor.net\/blog\/reforma-tributaria-para-medicos\/\"},\"author\":{\"name\":\"L\u00edvia Cajueiro\",\"@id\":\"https:\/\/prodoctor.net\/blog\/#\/schema\/person\/b4e6451b0035658e23a6171c74ba126a\"},\"headline\":\"Reforma tribut\u00e1ria para m\u00e9dicos: o que muda para cl\u00ednicas, consult\u00f3rios e aut\u00f4nomos\",\"datePublished\":\"2025-09-30T21:01:52+00:00\",\"dateModified\":\"2025-11-04T20:17:59+00:00\",\"mainEntityOfPage\":{\"@id\":\"https:\/\/prodoctor.net\/blog\/reforma-tributaria-para-medicos\/\"},\"wordCount\":3793,\"publisher\":{\"@id\":\"https:\/\/prodoctor.net\/blog\/#organization\"},\"image\":{\"@id\":\"https:\/\/prodoctor.net\/blog\/reforma-tributaria-para-medicos\/#primaryimage\"},\"thumbnailUrl\":\"https:\/\/prodoctor.net\/blog\/wp-content\/uploads\/2025\/09\/reforma-tributaria-para-medicos.webp\",\"articleSection\":[\"Gest\u00e3o de Cl\u00ednicas e Consult\u00f3rios\"],\"inLanguage\":\"pt-BR\"},{\"@type\":\"WebPage\",\"@id\":\"https:\/\/prodoctor.net\/blog\/reforma-tributaria-para-medicos\/\",\"url\":\"https:\/\/prodoctor.net\/blog\/reforma-tributaria-para-medicos\/\",\"name\":\"Reforma tribut\u00e1ria para m\u00e9dicos: impactos, riscos e oportunidades | ProDoctor\",\"isPartOf\":{\"@id\":\"https:\/\/prodoctor.net\/blog\/#website\"},\"primaryImageOfPage\":{\"@id\":\"https:\/\/prodoctor.net\/blog\/reforma-tributaria-para-medicos\/#primaryimage\"},\"image\":{\"@id\":\"https:\/\/prodoctor.net\/blog\/reforma-tributaria-para-medicos\/#primaryimage\"},\"thumbnailUrl\":\"https:\/\/prodoctor.net\/blog\/wp-content\/uploads\/2025\/09\/reforma-tributaria-para-medicos.webp\",\"datePublished\":\"2025-09-30T21:01:52+00:00\",\"dateModified\":\"2025-11-04T20:17:59+00:00\",\"description\":\"Entenda, na pr\u00e1tica, como a reforma tribut\u00e1ria para m\u00e9dicos impacta aut\u00f4nomos, consult\u00f3rios e cl\u00ednicas, com riscos, oportunidades e dicas de planejamento.\",\"breadcrumb\":{\"@id\":\"https:\/\/prodoctor.net\/blog\/reforma-tributaria-para-medicos\/#breadcrumb\"},\"inLanguage\":\"pt-BR\",\"potentialAction\":[{\"@type\":\"ReadAction\",\"target\":[\"https:\/\/prodoctor.net\/blog\/reforma-tributaria-para-medicos\/\"]}]},{\"@type\":\"ImageObject\",\"inLanguage\":\"pt-BR\",\"@id\":\"https:\/\/prodoctor.net\/blog\/reforma-tributaria-para-medicos\/#primaryimage\",\"url\":\"https:\/\/prodoctor.net\/blog\/wp-content\/uploads\/2025\/09\/reforma-tributaria-para-medicos.webp\",\"contentUrl\":\"https:\/\/prodoctor.net\/blog\/wp-content\/uploads\/2025\/09\/reforma-tributaria-para-medicos.webp\",\"width\":1422,\"height\":894},{\"@type\":\"BreadcrumbList\",\"@id\":\"https:\/\/prodoctor.net\/blog\/reforma-tributaria-para-medicos\/#breadcrumb\",\"itemListElement\":[{\"@type\":\"ListItem\",\"position\":1,\"name\":\"In\u00edcio\",\"item\":\"https:\/\/prodoctor.net\/blog\/\"},{\"@type\":\"ListItem\",\"position\":2,\"name\":\"Reforma tribut\u00e1ria para m\u00e9dicos: o que muda para cl\u00ednicas, consult\u00f3rios e aut\u00f4nomos\"}]},{\"@type\":\"WebSite\",\"@id\":\"https:\/\/prodoctor.net\/blog\/#website\",\"url\":\"https:\/\/prodoctor.net\/blog\/\",\"name\":\"Blog ProDoctor\",\"description\":\"Tudo sobre o mundo da Sa\u00fade\",\"publisher\":{\"@id\":\"https:\/\/prodoctor.net\/blog\/#organization\"},\"potentialAction\":[{\"@type\":\"SearchAction\",\"target\":{\"@type\":\"EntryPoint\",\"urlTemplate\":\"https:\/\/prodoctor.net\/blog\/?s={search_term_string}\"},\"query-input\":{\"@type\":\"PropertyValueSpecification\",\"valueRequired\":true,\"valueName\":\"search_term_string\"}}],\"inLanguage\":\"pt-BR\"},{\"@type\":\"Organization\",\"@id\":\"https:\/\/prodoctor.net\/blog\/#organization\",\"name\":\"ProDoctor Software S\/A\",\"url\":\"https:\/\/prodoctor.net\/blog\/\",\"logo\":{\"@type\":\"ImageObject\",\"inLanguage\":\"pt-BR\",\"@id\":\"https:\/\/prodoctor.net\/blog\/#\/schema\/logo\/image\/\",\"url\":\"https:\/\/prodoctor.net\/blog\/wp-content\/uploads\/2017\/01\/Logo_PDo_Lateral.png\",\"contentUrl\":\"https:\/\/prodoctor.net\/blog\/wp-content\/uploads\/2017\/01\/Logo_PDo_Lateral.png\",\"width\":2014,\"height\":485,\"caption\":\"ProDoctor Software S\/A\"},\"image\":{\"@id\":\"https:\/\/prodoctor.net\/blog\/#\/schema\/logo\/image\/\"},\"sameAs\":[\"https:\/\/www.facebook.com\/prodoctorsoftware\",\"https:\/\/x.com\/prodoctorsoft\",\"https:\/\/www.instagram.com\/prodoctorsoftware\/\",\"https:\/\/www.linkedin.com\/company\/prodoctor-software-ltda\",\"https:\/\/www.youtube.com\/channel\/UCIWuDLsVtIpX-PEqQn1pNlw\"]},{\"@type\":\"Person\",\"@id\":\"https:\/\/prodoctor.net\/blog\/#\/schema\/person\/b4e6451b0035658e23a6171c74ba126a\",\"name\":\"L\u00edvia Cajueiro\",\"image\":{\"@type\":\"ImageObject\",\"inLanguage\":\"pt-BR\",\"@id\":\"https:\/\/prodoctor.net\/blog\/#\/schema\/person\/image\/\",\"url\":\"https:\/\/secure.gravatar.com\/avatar\/51c56d7bbf6010466bca91264e721a83e8345256f1a0057f5507ec910afe89e0?s=96&d=mm&r=g\",\"contentUrl\":\"https:\/\/secure.gravatar.com\/avatar\/51c56d7bbf6010466bca91264e721a83e8345256f1a0057f5507ec910afe89e0?s=96&d=mm&r=g\",\"caption\":\"L\u00edvia Cajueiro\"}}]}<\/script>\n<!-- \/ Yoast SEO plugin. -->","yoast_head_json":{"title":"Reforma tribut\u00e1ria para m\u00e9dicos: impactos, riscos e oportunidades | ProDoctor","description":"Entenda, na pr\u00e1tica, como a reforma tribut\u00e1ria para m\u00e9dicos impacta aut\u00f4nomos, consult\u00f3rios e cl\u00ednicas, com riscos, oportunidades e dicas de planejamento.","robots":{"index":"index","follow":"follow","max-snippet":"max-snippet:-1","max-image-preview":"max-image-preview:large","max-video-preview":"max-video-preview:-1"},"canonical":"https:\/\/prodoctor.net\/blog\/reforma-tributaria-para-medicos\/","og_locale":"pt_BR","og_type":"article","og_title":"Reforma tribut\u00e1ria para m\u00e9dicos: impactos, riscos e oportunidades | ProDoctor","og_description":"Entenda, na pr\u00e1tica, como a reforma tribut\u00e1ria para m\u00e9dicos impacta aut\u00f4nomos, consult\u00f3rios e cl\u00ednicas, com riscos, oportunidades e dicas de planejamento.","og_url":"https:\/\/prodoctor.net\/blog\/reforma-tributaria-para-medicos\/","og_site_name":"Blog ProDoctor","article_publisher":"https:\/\/www.facebook.com\/prodoctorsoftware","article_published_time":"2025-09-30T21:01:52+00:00","article_modified_time":"2025-11-04T20:17:59+00:00","og_image":[{"width":1422,"height":894,"url":"https:\/\/prodoctor.net\/blog\/wp-content\/uploads\/2025\/09\/reforma-tributaria-para-medicos.webp","type":"image\/webp"}],"author":"L\u00edvia Cajueiro","twitter_card":"summary_large_image","twitter_creator":"@prodoctorsoft","twitter_site":"@prodoctorsoft","twitter_misc":{"Escrito por":"L\u00edvia Cajueiro","Est. tempo de leitura":"20 minutos"},"schema":{"@context":"https:\/\/schema.org","@graph":[{"@type":"Article","@id":"https:\/\/prodoctor.net\/blog\/reforma-tributaria-para-medicos\/#article","isPartOf":{"@id":"https:\/\/prodoctor.net\/blog\/reforma-tributaria-para-medicos\/"},"author":{"name":"L\u00edvia Cajueiro","@id":"https:\/\/prodoctor.net\/blog\/#\/schema\/person\/b4e6451b0035658e23a6171c74ba126a"},"headline":"Reforma tribut\u00e1ria para m\u00e9dicos: o que muda para cl\u00ednicas, consult\u00f3rios e aut\u00f4nomos","datePublished":"2025-09-30T21:01:52+00:00","dateModified":"2025-11-04T20:17:59+00:00","mainEntityOfPage":{"@id":"https:\/\/prodoctor.net\/blog\/reforma-tributaria-para-medicos\/"},"wordCount":3793,"publisher":{"@id":"https:\/\/prodoctor.net\/blog\/#organization"},"image":{"@id":"https:\/\/prodoctor.net\/blog\/reforma-tributaria-para-medicos\/#primaryimage"},"thumbnailUrl":"https:\/\/prodoctor.net\/blog\/wp-content\/uploads\/2025\/09\/reforma-tributaria-para-medicos.webp","articleSection":["Gest\u00e3o de Cl\u00ednicas e Consult\u00f3rios"],"inLanguage":"pt-BR"},{"@type":"WebPage","@id":"https:\/\/prodoctor.net\/blog\/reforma-tributaria-para-medicos\/","url":"https:\/\/prodoctor.net\/blog\/reforma-tributaria-para-medicos\/","name":"Reforma tribut\u00e1ria para m\u00e9dicos: impactos, riscos e oportunidades | ProDoctor","isPartOf":{"@id":"https:\/\/prodoctor.net\/blog\/#website"},"primaryImageOfPage":{"@id":"https:\/\/prodoctor.net\/blog\/reforma-tributaria-para-medicos\/#primaryimage"},"image":{"@id":"https:\/\/prodoctor.net\/blog\/reforma-tributaria-para-medicos\/#primaryimage"},"thumbnailUrl":"https:\/\/prodoctor.net\/blog\/wp-content\/uploads\/2025\/09\/reforma-tributaria-para-medicos.webp","datePublished":"2025-09-30T21:01:52+00:00","dateModified":"2025-11-04T20:17:59+00:00","description":"Entenda, na pr\u00e1tica, como a reforma tribut\u00e1ria para m\u00e9dicos impacta aut\u00f4nomos, consult\u00f3rios e cl\u00ednicas, com riscos, oportunidades e dicas de planejamento.","breadcrumb":{"@id":"https:\/\/prodoctor.net\/blog\/reforma-tributaria-para-medicos\/#breadcrumb"},"inLanguage":"pt-BR","potentialAction":[{"@type":"ReadAction","target":["https:\/\/prodoctor.net\/blog\/reforma-tributaria-para-medicos\/"]}]},{"@type":"ImageObject","inLanguage":"pt-BR","@id":"https:\/\/prodoctor.net\/blog\/reforma-tributaria-para-medicos\/#primaryimage","url":"https:\/\/prodoctor.net\/blog\/wp-content\/uploads\/2025\/09\/reforma-tributaria-para-medicos.webp","contentUrl":"https:\/\/prodoctor.net\/blog\/wp-content\/uploads\/2025\/09\/reforma-tributaria-para-medicos.webp","width":1422,"height":894},{"@type":"BreadcrumbList","@id":"https:\/\/prodoctor.net\/blog\/reforma-tributaria-para-medicos\/#breadcrumb","itemListElement":[{"@type":"ListItem","position":1,"name":"In\u00edcio","item":"https:\/\/prodoctor.net\/blog\/"},{"@type":"ListItem","position":2,"name":"Reforma tribut\u00e1ria para m\u00e9dicos: o que muda para cl\u00ednicas, consult\u00f3rios e aut\u00f4nomos"}]},{"@type":"WebSite","@id":"https:\/\/prodoctor.net\/blog\/#website","url":"https:\/\/prodoctor.net\/blog\/","name":"Blog ProDoctor","description":"Tudo sobre o mundo da Sa\u00fade","publisher":{"@id":"https:\/\/prodoctor.net\/blog\/#organization"},"potentialAction":[{"@type":"SearchAction","target":{"@type":"EntryPoint","urlTemplate":"https:\/\/prodoctor.net\/blog\/?s={search_term_string}"},"query-input":{"@type":"PropertyValueSpecification","valueRequired":true,"valueName":"search_term_string"}}],"inLanguage":"pt-BR"},{"@type":"Organization","@id":"https:\/\/prodoctor.net\/blog\/#organization","name":"ProDoctor Software S\/A","url":"https:\/\/prodoctor.net\/blog\/","logo":{"@type":"ImageObject","inLanguage":"pt-BR","@id":"https:\/\/prodoctor.net\/blog\/#\/schema\/logo\/image\/","url":"https:\/\/prodoctor.net\/blog\/wp-content\/uploads\/2017\/01\/Logo_PDo_Lateral.png","contentUrl":"https:\/\/prodoctor.net\/blog\/wp-content\/uploads\/2017\/01\/Logo_PDo_Lateral.png","width":2014,"height":485,"caption":"ProDoctor Software S\/A"},"image":{"@id":"https:\/\/prodoctor.net\/blog\/#\/schema\/logo\/image\/"},"sameAs":["https:\/\/www.facebook.com\/prodoctorsoftware","https:\/\/x.com\/prodoctorsoft","https:\/\/www.instagram.com\/prodoctorsoftware\/","https:\/\/www.linkedin.com\/company\/prodoctor-software-ltda","https:\/\/www.youtube.com\/channel\/UCIWuDLsVtIpX-PEqQn1pNlw"]},{"@type":"Person","@id":"https:\/\/prodoctor.net\/blog\/#\/schema\/person\/b4e6451b0035658e23a6171c74ba126a","name":"L\u00edvia Cajueiro","image":{"@type":"ImageObject","inLanguage":"pt-BR","@id":"https:\/\/prodoctor.net\/blog\/#\/schema\/person\/image\/","url":"https:\/\/secure.gravatar.com\/avatar\/51c56d7bbf6010466bca91264e721a83e8345256f1a0057f5507ec910afe89e0?s=96&d=mm&r=g","contentUrl":"https:\/\/secure.gravatar.com\/avatar\/51c56d7bbf6010466bca91264e721a83e8345256f1a0057f5507ec910afe89e0?s=96&d=mm&r=g","caption":"L\u00edvia Cajueiro"}}]}},"taxonomy_info":{"category":[{"value":412,"label":"Gest\u00e3o de Cl\u00ednicas e Consult\u00f3rios"}]},"featured_image_src_large":["https:\/\/prodoctor.net\/blog\/wp-content\/uploads\/2025\/09\/reforma-tributaria-para-medicos-1024x644.webp",1024,644,true],"author_info":{"display_name":"L\u00edvia Cajueiro","author_link":"https:\/\/prodoctor.net\/blog\/author\/livia-cajueiro\/"},"comment_info":0,"category_info":[{"term_id":412,"name":"Gest\u00e3o de Cl\u00ednicas e Consult\u00f3rios","slug":"gestao-de-clinicas-e-consultorios","term_group":0,"term_taxonomy_id":412,"taxonomy":"category","description":"","parent":0,"count":293,"filter":"raw","cat_ID":412,"category_count":293,"category_description":"","cat_name":"Gest\u00e3o de Cl\u00ednicas e Consult\u00f3rios","category_nicename":"gestao-de-clinicas-e-consultorios","category_parent":0}],"tag_info":false,"_links":{"self":[{"href":"https:\/\/prodoctor.net\/blog\/wp-json\/wp\/v2\/posts\/32442","targetHints":{"allow":["GET"]}}],"collection":[{"href":"https:\/\/prodoctor.net\/blog\/wp-json\/wp\/v2\/posts"}],"about":[{"href":"https:\/\/prodoctor.net\/blog\/wp-json\/wp\/v2\/types\/post"}],"author":[{"embeddable":true,"href":"https:\/\/prodoctor.net\/blog\/wp-json\/wp\/v2\/users\/11"}],"replies":[{"embeddable":true,"href":"https:\/\/prodoctor.net\/blog\/wp-json\/wp\/v2\/comments?post=32442"}],"version-history":[{"count":7,"href":"https:\/\/prodoctor.net\/blog\/wp-json\/wp\/v2\/posts\/32442\/revisions"}],"predecessor-version":[{"id":32989,"href":"https:\/\/prodoctor.net\/blog\/wp-json\/wp\/v2\/posts\/32442\/revisions\/32989"}],"wp:featuredmedia":[{"embeddable":true,"href":"https:\/\/prodoctor.net\/blog\/wp-json\/wp\/v2\/media\/32445"}],"wp:attachment":[{"href":"https:\/\/prodoctor.net\/blog\/wp-json\/wp\/v2\/media?parent=32442"}],"wp:term":[{"taxonomy":"category","embeddable":true,"href":"https:\/\/prodoctor.net\/blog\/wp-json\/wp\/v2\/categories?post=32442"},{"taxonomy":"post_tag","embeddable":true,"href":"https:\/\/prodoctor.net\/blog\/wp-json\/wp\/v2\/tags?post=32442"}],"curies":[{"name":"wp","href":"https:\/\/api.w.org\/{rel}","templated":true}]}}