{"id":32135,"date":"2025-08-05T15:51:50","date_gmt":"2025-08-05T18:51:50","guid":{"rendered":"https:\/\/prodoctor.net\/blog\/?p=32135"},"modified":"2025-11-05T12:06:13","modified_gmt":"2025-11-05T15:06:13","slug":"responsabilidade-medica","status":"publish","type":"post","link":"https:\/\/prodoctor.net\/blog\/responsabilidade-medica\/","title":{"rendered":"Responsabilidade m\u00e9dica: como atuar com \u00e9tica e evitar riscos legais no consult\u00f3rio"},"content":{"rendered":"\n<p>Na rotina intensa de uma cl\u00ednica ou de consult\u00f3rio, decis\u00f5es precisam ser tomadas com agilidade e precis\u00e3o. No entanto, mesmo os profissionais mais experientes est\u00e3o sujeitos a erros. \u00c9 a\u00ed que o conceito de <strong>responsabilidade m\u00e9dica<\/strong> ganha destaque.<\/p>\n\n\n\n<p>Mais do que uma obriga\u00e7\u00e3o jur\u00eddica, ela \u00e9 um pilar da pr\u00e1tica cl\u00ednica com forte base \u00e9tica. Para gestores na \u00e1rea da sa\u00fade, entender e aplicar seus princ\u00edpios \u00e9 essencial, pois protege contra lit\u00edgios e fortalece a rela\u00e7\u00e3o com os pacientes, impulsionando o sucesso sustent\u00e1vel do neg\u00f3cio.<\/p>\n\n\n\n<p>Neste artigo, voc\u00ea vai entender como a responsabilidade m\u00e9dica se manifesta na pr\u00e1tica cl\u00ednica, como exerc\u00ea-la por meio de boas pr\u00e1ticas e de que forma a tecnologia pode ser uma aliada estrat\u00e9gica nesse processo.<\/p>\n\n\n\n<p id=\"a\"><\/p>\n\n\n\n<ul class=\"wp-block-list\">\n<li><a href=\"#a\">Conceito<\/a><\/li>\n\n\n\n<li><a href=\"#b\">As responsabilidades do m\u00e9dico na pr\u00e1tica cl\u00ednica di\u00e1ria<\/a><\/li>\n\n\n\n<li><a href=\"#c\">Termo de responsabilidade m\u00e9dica: de que se trata e quando deve ser utilizado<\/a><\/li>\n\n\n\n<li><a href=\"#d\">Responsabilidade na sa\u00fade: o que \u00e9 e como ela envolve o trabalho em equipe<\/a><\/li>\n\n\n\n<li><a href=\"#e\">Principais erros que geram a\u00e7\u00f5es<\/a><\/li>\n\n\n\n<li><a href=\"#f\">Documenta\u00e7\u00e3o cl\u00ednica adequada como preven\u00e7\u00e3o de problemas legais&nbsp;<\/a><\/li>\n\n\n\n<li><a href=\"#g\">Tecnologia como auxiliar<\/a><\/li>\n\n\n\n<li><a href=\"#h\">Papel da rela\u00e7\u00e3o m\u00e9dico-paciente na preven\u00e7\u00e3o de conflitos<\/a><\/li>\n\n\n\n<li><a href=\"#i\">Implica\u00e7\u00f5es \u00e9ticas<\/a><\/li>\n\n\n\n<li><a href=\"#j\">Como manter a equipe cl\u00ednica alinhada com estas pr\u00e1ticas<\/a><\/li>\n<\/ul>\n\n\n\n<h2 class=\"wp-block-heading\">O que se entende por responsabilidade m\u00e9dica no Brasil?<\/h2>\n\n\n\n<p>No Brasil, a responsabilidade m\u00e9dica \u00e9 definida como a obriga\u00e7\u00e3o legal, civil, penal e administrativa do profissional de sa\u00fade de responder por seus atos quando estes causam danos aos pacientes. Essa responsabiliza\u00e7\u00e3o \u00e9 baseada em tr\u00eas fundamentos principais: <strong>imprud\u00eancia, <\/strong><a href=\"https:\/\/prodoctor.net\/blog\/impericia-medica\/\" target=\"_blank\" rel=\"noreferrer noopener\"><strong>imper\u00edcia<\/strong><\/a><strong> e neglig\u00eancia<\/strong>.<\/p>\n\n\n\n<p>A responsabilidade, nesse contexto, n\u00e3o exige a garantia de cura, mas sim a aplica\u00e7\u00e3o correta dos meios adequados com <strong>\u00e9tica,<\/strong> <strong>t\u00e9cnica e dilig\u00eancia<\/strong>. Ou seja, o m\u00e9dico deve adotar condutas baseadas nas melhores pr\u00e1ticas e respeitar as normas do <a href=\"https:\/\/portal.cfm.org.br\/images\/PDF\/cem2019.pdf\" target=\"_blank\" rel=\"noreferrer noopener\">C\u00f3digo de \u00c9tica M\u00e9dica<\/a>. Caso contr\u00e1rio, poder\u00e1 ser responsabilizado caso haja:<\/p>\n\n\n\n<p id=\"b\"><\/p>\n\n\n\n<ul class=\"wp-block-list\">\n<li>Conduta inadequada (a\u00e7\u00e3o ou omiss\u00e3o);<\/li>\n\n\n\n<li>Dano causado ao paciente;<\/li>\n\n\n\n<li>Nexo de causalidade entre os dois.<\/li>\n<\/ul>\n\n\n\n<div class=\"wp-block-buttons is-content-justification-center is-layout-flex wp-container-core-buttons-is-layout-16018d1d wp-block-buttons-is-layout-flex\">\n<div class=\"wp-block-button\"><a class=\"wp-block-button__link wp-element-button\" href=\"https:\/\/mkt.prodoctor.net\/lp-inscricao-marketing-publicidade-para-medicos-o-que-e-permitido-e-o-que-e-proibido\" target=\"_blank\" rel=\"noreferrer noopener\">Guia gratuito:&nbsp;<strong>\u201cNovas regras da Publicidade m\u00e9dica.\u201d&nbsp;<\/strong>Baixe agora!<\/a><\/div>\n<\/div>\n\n\n\n<h2 class=\"wp-block-heading\">Quais s\u00e3o as responsabilidades do m\u00e9dico na pr\u00e1tica cl\u00ednica di\u00e1ria?<\/h2>\n\n\n\n<p>Na pr\u00e1tica, as responsabilidades do m\u00e9dico envolvem muito mais do que o atendimento t\u00e9cnico. Elas se manifestam em diversas obriga\u00e7\u00f5es que permeiam cada etapa do atendimento, desde o primeiro contato at\u00e9 o acompanhamento p\u00f3s-tratamento.&nbsp;<\/p>\n\n\n\n<p>Listamos principais responsabilidades, confira.<\/p>\n\n\n\n<h3 class=\"wp-block-heading\">Dilig\u00eancia, Prud\u00eancia e Per\u00edcia t\u00e9cnica<\/h3>\n\n\n\n<p>Agir sempre com o m\u00e1ximo de zelo e conhecimento atualizado, aplicando as melhores pr\u00e1ticas da medicina.<\/p>\n\n\n\n<h3 class=\"wp-block-heading\">Consentimento informado<\/h3>\n\n\n\n<p>Explicar diagn\u00f3sticos, riscos, benef\u00edcios e alternativas de tratamento de forma clara e acess\u00edvel, garantindo que o paciente compreenda e consinta com o procedimento.<\/p>\n\n\n\n<h3 class=\"wp-block-heading\">Sigilo profissional<\/h3>\n\n\n\n<p>Manter a estrita confidencialidade sobre todas as informa\u00e7\u00f5es do paciente, respeitando sua privacidade.<\/p>\n\n\n\n<h3 class=\"wp-block-heading\">Registro e Documenta\u00e7\u00e3o<\/h3>\n\n\n\n<p>Manter prontu\u00e1rios eletr\u00f4nicos completos, organizados e atualizados, registrando detalhadamente a <a href=\"https:\/\/prodoctor.net\/blog\/o-que-e-anamnese\/\" target=\"_blank\" rel=\"noreferrer noopener\">anamnese<\/a>, exame f\u00edsico, condutas, prescri\u00e7\u00f5es e evolu\u00e7\u00e3o do paciente.<\/p>\n\n\n\n<h3 class=\"wp-block-heading\">Acompanhamento cont\u00ednuo<\/h3>\n\n\n\n<p>Reavaliar periodicamente a evolu\u00e7\u00e3o cl\u00ednica, ajustar tratamentos quando necess\u00e1rio e orientar o paciente sobre sinais de alerta.<\/p>\n\n\n\n<h3 class=\"wp-block-heading\">Seguran\u00e7a do paciente<\/h3>\n\n\n\n<p>Zelar pela <a href=\"https:\/\/prodoctor.net\/blog\/seguranca-do-paciente\/\" target=\"_blank\" rel=\"noreferrer noopener\">seguran\u00e7a f\u00edsica e emocional do paciente<\/a> em todos os aspectos do atendimento.<\/p>\n\n\n\n<p id=\"c\"><\/p>\n\n\n\n<p>Essas responsabilidades exigem um equil\u00edbrio constante entre conhecimento t\u00e9cnico aprofundado e sensibilidade humana. Um descuido em qualquer uma dessas etapas pode gerar consequ\u00eancias legais significativas, como lit\u00edgios. Al\u00e9m disso, elas servem para a constru\u00e7\u00e3o de uma rela\u00e7\u00e3o de confian\u00e7a com o paciente.<\/p>\n\n\n\n<h2 class=\"wp-block-heading\">O que \u00e9 o termo de responsabilidade m\u00e9dica e quando deve ser utilizado?<\/h2>\n\n\n\n<p>O termo de responsabilidade m\u00e9dica \u00e9 um documento formal que estabelece as obriga\u00e7\u00f5es e os limites da atua\u00e7\u00e3o profissional em situa\u00e7\u00f5es espec\u00edficas. Ele serve como um mecanismo de prote\u00e7\u00e3o e transpar\u00eancia tanto para o m\u00e9dico quanto para o paciente, sendo fundamental em procedimentos de maior complexidade ou risco.<\/p>\n\n\n\n<p>Sua utiliza\u00e7\u00e3o \u00e9 especialmente importante em:<\/p>\n\n\n\n<ul class=\"wp-block-list\">\n<li>Procedimentos que envolvem riscos significativos ou s\u00e3o de alta complexidade, como cirurgias, exames invasivos, tratamentos experimentais ou com potenciais efeitos adversos.<\/li>\n\n\n\n<li>Decis\u00f5es que o paciente precisa tomar, incluindo a recusa ou aceita\u00e7\u00e3o de determinada conduta ou tratamento.<\/li>\n\n\n\n<li>Situa\u00e7\u00f5es que demandam clareza sobre limita\u00e7\u00f5es, em que o procedimento pode n\u00e3o garantir um resultado espec\u00edfico.<\/li>\n<\/ul>\n\n\n\n<p>Para ter validade legal, o termo de responsabilidade deve ser redigido em linguagem acess\u00edvel ao paciente, permitindo que ele compreenda claramente todos os aspectos envolvidos. \u00c9 indispens\u00e1vel que seja assinado voluntariamente, ap\u00f3s o esclarecimento completo de todas as d\u00favidas.<\/p>\n\n\n\n<p id=\"d\"><\/p>\n\n\n\n<p>Em termos de gest\u00e3o de cl\u00ednicas e consult\u00f3rios, \u00e9 muito importante padronizar a elabora\u00e7\u00e3o e o armazenamento desses termos. Nesse caso, a implementa\u00e7\u00e3o de um <a href=\"https:\/\/prodoctor.net\/blog\/software-medico\/\" target=\"_blank\" rel=\"noreferrer noopener\">software m\u00e9dico<\/a> pode facilitar significativamente a gest\u00e3o desses documentos, assegurando sua disponibilidade e integridade quando necess\u00e1rio, protegendo tanto o profissional quanto a institui\u00e7\u00e3o.<\/p>\n\n\n\n<h2 class=\"wp-block-heading\">O que \u00e9 responsabilidade na sa\u00fade e como ela envolve o trabalho em equipe?<\/h2>\n\n\n<div class=\"wp-block-image\">\n<figure class=\"aligncenter size-full\"><img decoding=\"async\" width=\"770\" height=\"250\" src=\"https:\/\/prodoctor.net\/blog\/wp-content\/uploads\/2025\/08\/responsabilidade-medica-trabalho-em-equipe.webp\" alt=\"Equipe m\u00e9dica diversificada em um ambiente de cl\u00ednica, demonstrando a responsabilidade m\u00e9dica no trabalho em equipe.\" class=\"wp-image-32139\" srcset=\"https:\/\/prodoctor.net\/blog\/wp-content\/uploads\/2025\/08\/responsabilidade-medica-trabalho-em-equipe.webp 770w, https:\/\/prodoctor.net\/blog\/wp-content\/uploads\/2025\/08\/responsabilidade-medica-trabalho-em-equipe-300x97.webp 300w, https:\/\/prodoctor.net\/blog\/wp-content\/uploads\/2025\/08\/responsabilidade-medica-trabalho-em-equipe-768x249.webp 768w\" sizes=\"(max-width: 770px) 100vw, 770px\" \/><\/figure>\n<\/div>\n\n\n<p>A responsabilidade na sa\u00fade n\u00e3o se restringe \u00e0 atua\u00e7\u00e3o individual do m\u00e9dico, ela se estende por toda a equipe multidisciplinar envolvida no cuidado ao paciente.&nbsp;<\/p>\n\n\n\n<p>Assim, a qualidade do atendimento e a seguran\u00e7a jur\u00eddica de uma cl\u00ednica dependem diretamente da colabora\u00e7\u00e3o e do alinhamento entre todos os profissionais, desde o primeiro contato na recep\u00e7\u00e3o at\u00e9 o acompanhamento p\u00f3s-tratamento.<\/p>\n\n\n\n<p>Nesse contexto ampliado, a responsabilidade compartilhada exige que a equipe esteja alinhada a princ\u00edpios como:<\/p>\n\n\n\n<ul class=\"wp-block-list\">\n<li>Comunica\u00e7\u00e3o clara e fluida, em que as informa\u00e7\u00f5es sobre o paciente e seu tratamento s\u00e3o trocadas de forma eficaz e registrada adequadamente entre todos.<\/li>\n\n\n\n<li>Defini\u00e7\u00e3o precisa de compet\u00eancias, isto \u00e9, cada profissional deve ter clareza sobre suas fun\u00e7\u00f5es, limites de atua\u00e7\u00e3o e responsabilidades legais e \u00e9ticas.<\/li>\n\n\n\n<li>Ades\u00e3o a protocolos e padr\u00f5es, de modo que a equipe siga as melhores pr\u00e1ticas e os protocolos internos, garantindo a padroniza\u00e7\u00e3o e a qualidade dos cuidados.<\/li>\n\n\n\n<li>Supervis\u00e3o e coordena\u00e7\u00e3o, em que o m\u00e9dico, como l\u00edder da equipe terap\u00eautica, possa assegurar que as orienta\u00e7\u00f5es sejam transmitidas claramente e que os procedimentos sejam executados conforme os padr\u00f5es estabelecidos, contribuindo para a preven\u00e7\u00e3o de <a href=\"https:\/\/prodoctor.net\/blog\/principais-erros-medicos-e-como-evita-los\/\">erros<\/a>.<\/li>\n<\/ul>\n\n\n\n<p id=\"e\"><\/p>\n\n\n\n<p>Pensando na otimiza\u00e7\u00e3o da qualidade assistencial e tamb\u00e9m no fortalecimento da seguran\u00e7a jur\u00eddica de toda a institui\u00e7\u00e3o, o gestor pode implementar sistemas de comunica\u00e7\u00e3o eficientes e investir em tecnologias que facilitem o compartilhamento seguro de informa\u00e7\u00f5es e a coordena\u00e7\u00e3o do cuidado.<\/p>\n\n\n\n<h2 class=\"wp-block-heading\">Quais s\u00e3o os principais erros que geram a\u00e7\u00f5es por responsabilidade m\u00e9dica?<\/h2>\n\n\n\n<p>A maioria das a\u00e7\u00f5es judiciais contra profissionais e institui\u00e7\u00f5es de sa\u00fade decorre de falhas que, muitas vezes, poderiam ser prevenidas. Entre os principais erros que frequentemente resultam em processos por responsabilidade m\u00e9dica, destacam-se:<\/p>\n\n\n\n<h3 class=\"wp-block-heading\">Erros diagn\u00f3sticos<\/h3>\n\n\n\n<p>Incluindo diagn\u00f3sticos tardios, equivocados, ou a omiss\u00e3o na investiga\u00e7\u00e3o de sintomas relevantes. Frequentemente, esses erros decorrem de uma anamnese inadequada, exame f\u00edsico superficial ou interpreta\u00e7\u00e3o incorreta de exames complementares. As falhas diagn\u00f3sticas decorrem, em grande parte, de falta de conhecimento, segundo o  Institute of Medicine (2015). Cada atraso no diagn\u00f3stico pode custar uma vida.<\/p>\n\n\n\n<h3 class=\"wp-block-heading\">Falhas na comunica\u00e7\u00e3o e no consentimento informado<\/h3>\n\n\n\n<p>A comunica\u00e7\u00e3o inadequada com o paciente, a falta de esclarecimento sobre riscos e benef\u00edcios dos tratamentos propostos, e a aus\u00eancia de orienta\u00e7\u00f5es claras sobre cuidados p\u00f3s-procedimento s\u00e3o causas significativas de lit\u00edgios. A obten\u00e7\u00e3o do consentimento informado de forma completa e transparente \u00e9 crucial.<\/p>\n\n\n\n<h3 class=\"wp-block-heading\">Falhas na documenta\u00e7\u00e3o do Prontu\u00e1rio<\/h3>\n\n\n\n<p>Prontu\u00e1rios incompletos, ileg\u00edveis ou desorganizados dificultam a defesa em casos de lit\u00edgio. A aus\u00eancia de registros detalhados sobre condutas, evolu\u00e7\u00e3o do paciente e informa\u00e7\u00f5es relevantes \u00e9 um risco constante.<\/p>\n\n\n\n<h3 class=\"wp-block-heading\">Erros de medica\u00e7\u00e3o e tratamento<\/h3>\n\n\n\n<p>Isso inclui prescri\u00e7\u00f5es inadequadas, dosagens incorretas, ou falha no reconhecimento de intera\u00e7\u00f5es medicamentosas. Tais erros impactam diretamente a seguran\u00e7a do paciente.<\/p>\n\n\n\n<h3 class=\"wp-block-heading\">Neglig\u00eancia no acompanhamento<\/h3>\n\n\n\n<p>A falta de reavalia\u00e7\u00e3o peri\u00f3dica da evolu\u00e7\u00e3o cl\u00ednica do paciente, ajustes terap\u00eauticos quando necess\u00e1rios, ou orienta\u00e7\u00f5es sobre sinais de alerta.<\/p>\n\n\n\n<h3 class=\"wp-block-heading\">Desorganiza\u00e7\u00e3o administrativa<\/h3>\n\n\n\n<p>Falhas na gest\u00e3o da rotina cl\u00ednica, como erros de agendamento, desorganiza\u00e7\u00e3o de fluxos ou defici\u00eancias na comunica\u00e7\u00e3o interna entre a equipe, tamb\u00e9m podem levar a problemas.<\/p>\n\n\n\n<p id=\"f\"><\/p>\n\n\n\n<p>O Instituto de Estudos de Sa\u00fade Suplementar (2022) mostra: seis pessoas por hora morrem em hospitais brasileiros por falhas evit\u00e1veis. Um ter\u00e7o desses casos est\u00e1 ligado \u00e0 a\u00e7\u00e3o humana direta &#8211; e ao despreparo. Compreender esses pontos cr\u00edticos permite que m\u00e9dicos e gestores implementem medidas eficazes para reduzir significativamente os riscos legais e fortalecer a seguran\u00e7a do paciente.<\/p>\n\n\n\n<p>|Leia tamb\u00e9m: <a href=\"https:\/\/prodoctor.net\/blog\/erro-medico-e-seus-aspectos-psicologicos\/\" target=\"_blank\" rel=\"noreferrer noopener\">\u201cErro m\u00e9dico\u201d e seus aspectos psicol\u00f3gicos&nbsp;<\/a><\/p>\n\n\n\n<h2 class=\"wp-block-heading\">Como prevenir problemas legais por meio da documenta\u00e7\u00e3o cl\u00ednica adequada?<\/h2>\n\n\n<div class=\"wp-block-image\">\n<figure class=\"aligncenter size-full\"><img decoding=\"async\" width=\"770\" height=\"250\" src=\"https:\/\/prodoctor.net\/blog\/wp-content\/uploads\/2025\/08\/responsabilidade-medica-documentacao.webp\" alt=\"M\u00e9dico usando tablet, vestindo jaleco branco e com estetosc\u00f3pio, simbolizando a responsabilidade m\u00e9dica atrav\u00e9s da documenta\u00e7\u00e3o cl\u00ednica adequada.\" class=\"wp-image-32140\" srcset=\"https:\/\/prodoctor.net\/blog\/wp-content\/uploads\/2025\/08\/responsabilidade-medica-documentacao.webp 770w, https:\/\/prodoctor.net\/blog\/wp-content\/uploads\/2025\/08\/responsabilidade-medica-documentacao-300x97.webp 300w, https:\/\/prodoctor.net\/blog\/wp-content\/uploads\/2025\/08\/responsabilidade-medica-documentacao-768x249.webp 768w\" sizes=\"(max-width: 770px) 100vw, 770px\" \/><\/figure>\n<\/div>\n\n\n<p>Primeiramente, a Organiza\u00e7\u00e3o Mundial de Sa\u00fade e a Associa\u00e7\u00e3o M\u00e9dica Brasileira (2021) preconizam que melhorar curr\u00edculos, supervisionar est\u00e1gios e exigir resid\u00eancia m\u00e9dica ou forma\u00e7\u00e3o de excel\u00eancia n\u00e3o \u00e9 luxo, \u00e9 estrat\u00e9gia de seguran\u00e7a do paciente.<\/p>\n\n\n\n<p>Al\u00e9m disso, na pr\u00e1tica m\u00e9dica, a documenta\u00e7\u00e3o cl\u00ednica adequada \u00e9, sem d\u00favida, o principal instrumento de prote\u00e7\u00e3o legal para m\u00e9dicos, cl\u00ednicas e consult\u00f3rios. Ela serve como a evid\u00eancia objetiva da qualidade do atendimento prestado e da conformidade das condutas adotadas.\u00a0<\/p>\n\n\n\n<p>Gestores que estabelecem e seguem padr\u00f5es rigorosos de documenta\u00e7\u00e3o est\u00e3o minimizando riscos de processos legais, mas tamb\u00e9m otimizando a qualidade do atendimento, a continuidade do cuidado e a efici\u00eancia da gest\u00e3o cl\u00ednica.<\/p>\n\n\n\n<p>Para garantir uma documenta\u00e7\u00e3o que ofere\u00e7a seguran\u00e7a jur\u00eddica e suporte um atendimento de excel\u00eancia, considere as boas pr\u00e1ticas que detalhamos a seguir.<\/p>\n\n\n\n<h3 class=\"wp-block-heading\">Utilize um Prontu\u00e1rio Eletr\u00f4nico completo e legalmente v\u00e1lido<\/h3>\n\n\n\n<p>Ferramentas como o ProDoctor, que oferecem <a href=\"https:\/\/prodoctor.net\/blog\/sistema-de-prontuario-eletronico\/\" target=\"_blank\" rel=\"noreferrer noopener\">prontu\u00e1rio eletr\u00f4nico<\/a> assinado digitalmente no padr\u00e3o ICP-Brasil, garantem a autenticidade e a integridade dos registros. Este recurso facilita o detalhamento da anamnese, achados do exame f\u00edsico, hip\u00f3teses diagn\u00f3sticas, exames solicitados, condutas terap\u00eauticas e orienta\u00e7\u00f5es.<\/p>\n\n\n\n<h3 class=\"wp-block-heading\">Mantenha registros claros e objetivos<\/h3>\n\n\n\n<p>Toda entrada deve ser datada, identificada e, quando necess\u00e1rio, assinada pelo profissional. Registre com objetividade o que foi conversado, recomendado e decidido em cada consulta. Anota\u00e7\u00f5es ileg\u00edveis, vagas ou contradit\u00f3rias podem comprometer sua defesa.<\/p>\n\n\n\n<h3 class=\"wp-block-heading\">Garanta a seguran\u00e7a e conformidade dos dados<\/h3>\n\n\n\n<p>\u00c9 essencial que a gest\u00e3o dos prontu\u00e1rios e de todas as informa\u00e7\u00f5es do paciente esteja em conformidade com a <a href=\"https:\/\/prodoctor.net\/blog\/o-que-e-lgpd-e-como-se-adequar\/\" target=\"_blank\" rel=\"noreferrer noopener\">Lei Geral de Prote\u00e7\u00e3o de Dados (LGPD)<\/a>, utilizando sistemas com recursos robustos de seguran\u00e7a e backup para a preserva\u00e7\u00e3o e a confidencialidade dos dados.<\/p>\n\n\n\n<h3 class=\"wp-block-heading\">Padronize os processos<\/h3>\n\n\n\n<p id=\"g\"><\/p>\n\n\n\n<p>Para cl\u00ednicas e equipes maiores, a implementa\u00e7\u00e3o de <em>templates<\/em> padronizados e protocolos de preenchimento ajuda a garantir que todos os profissionais mantenham um alto n\u00edvel de detalhe e clareza na documenta\u00e7\u00e3o.<\/p>\n\n\n\n<p>|Veja tamb\u00e9m: <a href=\"https:\/\/prodoctor.net\/blog\/como-fazer-a-gestao-de-documentos-de-uma-clinica-de-forma-eficiente\/\" target=\"_blank\" rel=\"noreferrer noopener\">Como fazer a gest\u00e3o de documentos de uma cl\u00ednica de forma eficiente<\/a>.<\/p>\n\n\n\n<h2 class=\"wp-block-heading\">De que forma a tecnologia pode apoiar o m\u00e9dico na gest\u00e3o da responsabilidade?<\/h2>\n\n\n\n<p>A tecnologia \u00e9 uma aliada essencial e poderosa na preven\u00e7\u00e3o de riscos jur\u00eddicos e na gest\u00e3o eficaz da responsabilidade m\u00e9dica. Sistemas eficientes de gest\u00e3o cl\u00ednica, como o ProDoctor Software, automatizam e integram os principais processos, oferecendo controle mais eficiente e reduzindo significativamente os erros e omiss\u00f5es que podem gerar problemas legais.<\/p>\n\n\n\n<p>Veja, a seguir, como a tecnologia impacta diretamente na sua seguran\u00e7a e na qualidade do atendimento.<\/p>\n\n\n\n<h3 class=\"wp-block-heading\">Prontu\u00e1rio Eletr\u00f4nico completo e audit\u00e1vel<\/h3>\n\n\n\n<p>Solu\u00e7\u00f5es como o ProDoctor oferecem um prontu\u00e1rio eletr\u00f4nico personaliz\u00e1vel e com validade legal, assinado digitalmente no padr\u00e3o ICP-Brasil, e que permite um hist\u00f3rico detalhado do paciente. Recursos avan\u00e7ados de valida\u00e7\u00e3o e controle de qualidade garantem a completude e consist\u00eancia da documenta\u00e7\u00e3o, com alertas para informa\u00e7\u00f5es obrigat\u00f3rias.<\/p>\n\n\n\n<h3 class=\"wp-block-heading\">Prescri\u00e7\u00e3o Eletr\u00f4nica inteligente<\/h3>\n\n\n\n<p>Essencial na preven\u00e7\u00e3o de erros de medica\u00e7\u00e3o. Sistemas modernos contam com c\u00e1lculos autom\u00e1ticos, base de medicamentos atualizada, verifica\u00e7\u00e3o de intera\u00e7\u00f5es medicamentosas e alertas para alergias conhecidas, contribuindo diretamente para a seguran\u00e7a do paciente e a redu\u00e7\u00e3o de falhas.<\/p>\n\n\n\n<figure class=\"wp-block-embed aligncenter is-type-video is-provider-youtube wp-block-embed-youtube wp-embed-aspect-16-9 wp-has-aspect-ratio\"><div class=\"wp-block-embed__wrapper\">\n<iframe  id=\"_ytid_51062\"  width=\"1366\" height=\"768\"  data-origwidth=\"1366\" data-origheight=\"768\"  data-relstop=\"1\" src=\"https:\/\/www.youtube.com\/embed\/cD0a323iSqo?enablejsapi=1&#038;autoplay=0&#038;cc_load_policy=0&#038;cc_lang_pref=&#038;iv_load_policy=1&#038;loop=0&#038;rel=0&#038;fs=1&#038;playsinline=0&#038;autohide=2&#038;theme=dark&#038;color=red&#038;controls=1&#038;disablekb=0&#038;\" class=\"__youtube_prefs__  epyt-is-override  no-lazyload\" title=\"YouTube player\"  allow=\"fullscreen; accelerometer; autoplay; clipboard-write; encrypted-media; gyroscope; picture-in-picture; web-share\" referrerpolicy=\"strict-origin-when-cross-origin\" allowfullscreen data-no-lazy=\"1\" data-skipgform_ajax_framebjll=\"\"><\/iframe>\n<\/div><\/figure>\n\n\n\n<h3 class=\"wp-block-heading\">Gest\u00e3o de agendamentos e retornos programados<\/h3>\n\n\n\n<p>Recursos para confirma\u00e7\u00e3o de consultas (contratado \u00e0 parte), lembretes e organiza\u00e7\u00e3o da agenda otimizam o tempo de atendimento, reduzem atrasos e melhoram a ades\u00e3o do paciente ao tratamento. Isso tamb\u00e9m contribui para um acompanhamento cont\u00ednuo e a preven\u00e7\u00e3o de neglig\u00eancias.<\/p>\n\n\n\n<h3 class=\"wp-block-heading\">Controle financeiro e Dashboards gerenciais<\/h3>\n\n\n\n<p>Uma vis\u00e3o clara da sa\u00fade financeira da cl\u00ednica, com relat\u00f3rios e dashboards, apoia a tomada de decis\u00e3o segura e estrat\u00e9gica. Isso contribui para a excel\u00eancia operacional e para a conformidade administrativa.<\/p>\n\n\n\n<figure class=\"wp-block-embed aligncenter is-type-video is-provider-youtube wp-block-embed-youtube wp-embed-aspect-16-9 wp-has-aspect-ratio\"><div class=\"wp-block-embed__wrapper\">\n<iframe  id=\"_ytid_72663\"  width=\"1366\" height=\"768\"  data-origwidth=\"1366\" data-origheight=\"768\"  data-relstop=\"1\" src=\"https:\/\/www.youtube.com\/embed\/29OuAu7cA3s?enablejsapi=1&#038;autoplay=0&#038;cc_load_policy=0&#038;cc_lang_pref=&#038;iv_load_policy=1&#038;loop=0&#038;rel=0&#038;fs=1&#038;playsinline=0&#038;autohide=2&#038;theme=dark&#038;color=red&#038;controls=1&#038;disablekb=0&#038;\" class=\"__youtube_prefs__  epyt-is-override  no-lazyload\" title=\"YouTube player\"  allow=\"fullscreen; accelerometer; autoplay; clipboard-write; encrypted-media; gyroscope; picture-in-picture; web-share\" referrerpolicy=\"strict-origin-when-cross-origin\" allowfullscreen data-no-lazy=\"1\" data-skipgform_ajax_framebjll=\"\"><\/iframe>\n<\/div><\/figure>\n\n\n\n<h3 class=\"wp-block-heading\">Seguran\u00e7a da Informa\u00e7\u00e3o e LGPD<\/h3>\n\n\n\n<p>A tecnologia garante que a seguran\u00e7a dos dados esteja em conformidade com a LGPD, protegendo a privacidade do paciente e a institui\u00e7\u00e3o contra vazamentos e acessos indevidos.<\/p>\n\n\n\n<p id=\"h\"><\/p>\n\n\n\n<p>Ao digitalizar, padronizar e otimizar os processos cl\u00ednicos e administrativos, um sistema de gest\u00e3o robusto reduz falhas humanas, fortalece o compliance cl\u00ednico e oferece um suporte indispens\u00e1vel ao m\u00e9dico na sua gest\u00e3o da responsabilidade.<\/p>\n\n\n\n<h2 class=\"wp-block-heading\">Qual \u00e9 o papel da rela\u00e7\u00e3o m\u00e9dico-paciente na preven\u00e7\u00e3o de conflitos?<\/h2>\n\n\n\n<p>A qualidade da rela\u00e7\u00e3o m\u00e9dico-paciente \u00e9 um dos pilares mais fundamentais da responsabilidade m\u00e9dica e um fator determinante na preven\u00e7\u00e3o de conflitos e lit\u00edgios.&nbsp;<\/p>\n\n\n\n<p><a href=\"https:\/\/medicinasa.com.br\/judicializacao-saude\/\" target=\"_blank\" rel=\"noreferrer noopener\">De acordo com a pesquisa elaborada pelo Conselho Federal de Medicina (CFM)<\/a>, junto a outras institui\u00e7\u00f5es, atualmente, o Brasil possui 573.750 processos para um total de 562.206 m\u00e9dicos distribu\u00eddos no Pa\u00eds. Ou seja, a m\u00e9dia de processos por m\u00e9dico \u00e9 de 1,02. Considerando a m\u00e9dia por mil habitantes, o n\u00famero \u00e9 de 2,59.<\/p>\n\n\n\n<p>A maioria das a\u00e7\u00f5es judiciais contra m\u00e9dicos n\u00e3o s\u00e3o apenas a erros t\u00e9cnicos, mas inclui componentes significativos relacionados a falhas na comunica\u00e7\u00e3o e no estabelecimento de v\u00ednculos de confian\u00e7a.<\/p>\n\n\n\n<p>Uma rela\u00e7\u00e3o pautada por confian\u00e7a, empatia e comunica\u00e7\u00e3o clara cria um ambiente onde o paciente se sente ouvido, compreendido e respeitado, diminuindo consideravelmente o espa\u00e7o para desconfian\u00e7as ou desentendimentos.&nbsp;<\/p>\n\n\n\n<p>Para construir essa rela\u00e7\u00e3o protetiva, o m\u00e9dico deve:<\/p>\n\n\n\n<ul class=\"wp-block-list\">\n<li><strong>Escutar ativamente:<\/strong> dedicar tempo adequado para ouvir as queixas, d\u00favidas e preocupa\u00e7\u00f5es do paciente, demonstrando interesse genu\u00edno e empatia desde o primeiro contato.<\/li>\n\n\n\n<li><strong>Comunicar com clareza e transpar\u00eancia:<\/strong> explicar diagn\u00f3sticos, progn\u00f3sticos, op\u00e7\u00f5es terap\u00eauticas e os riscos e benef\u00edcios associados a cada tratamento em linguagem acess\u00edvel, evitando jarg\u00f5es t\u00e9cnicos desnecess\u00e1rios.<\/li>\n\n\n\n<li><strong>Garantir disponibilidade para esclarecimentos:<\/strong> estar acess\u00edvel para tirar d\u00favidas, inclusive ap\u00f3s a consulta ou procedimento, e fornecer orienta\u00e7\u00f5es claras sobre o acompanhamento e sinais de alerta.<\/li>\n\n\n\n<li><strong>Respeitar a autonomia do paciente:<\/strong> envolver o paciente nas decis\u00f5es sobre seu pr\u00f3prio tratamento, garantindo que ele compreenda e consinta voluntariamente com as condutas propostas.<\/li>\n<\/ul>\n\n\n\n<p>Para gestores de cl\u00ednicas e consult\u00f3rios, investir no treinamento da equipe m\u00e9dica em habilidades de comunica\u00e7\u00e3o \u00e9 uma estrat\u00e9gia essencial.<\/p>\n\n\n\n<p id=\"i\"><\/p>\n\n\n\n<p>Workshops sobre t\u00e9cnicas de comunica\u00e7\u00e3o emp\u00e1tica, gest\u00e3o de expectativas e resolu\u00e7\u00e3o de conflitos podem aprimorar significativamente as rela\u00e7\u00f5es terap\u00eauticas e, consequentemente, reduzir os riscos legais para a institui\u00e7\u00e3o e seus profissionais.<\/p>\n\n\n\n<p>|Talvez voc\u00ea se interesse: <a href=\"https:\/\/prodoctor.net\/blog\/assinatura-digital-prontuario-eletronico\/\" target=\"_blank\" rel=\"noreferrer noopener\">Assinatura digital no Prontu\u00e1rio Eletr\u00f4nico protege m\u00e9dicos de processos na Justi\u00e7a<\/a><\/p>\n\n\n\n<h2 class=\"wp-block-heading\">Quais s\u00e3o as implica\u00e7\u00f5es \u00e9ticas da responsabilidade m\u00e9dica?<\/h2>\n\n\n\n<p>As implica\u00e7\u00f5es \u00e9ticas da responsabilidade m\u00e9dica transcendem as obriga\u00e7\u00f5es legais, representando os pilares fundamentais que norteiam uma pr\u00e1tica m\u00e9dica respons\u00e1vel e humanizada.&nbsp;<\/p>\n\n\n\n<p>O <a href=\"https:\/\/prodoctor.net\/blog\/codigo-de-etica-medica\/\" target=\"_blank\" rel=\"noreferrer noopener\">C\u00f3digo de \u00c9tica M\u00e9dica<\/a> estabelece diretrizes claras, e seu cumprimento \u00e9 essencial n\u00e3o apenas para evitar san\u00e7\u00f5es, mas, acima de tudo, para garantir o cuidado adequado e a dignidade dos pacientes.<\/p>\n\n\n\n<p>A responsabilidade \u00e9tica envolve valores essenciais como:<\/p>\n\n\n\n<h3 class=\"wp-block-heading\">Respeito \u00e0 vida e dignidade do paciente<\/h3>\n\n\n\n<p>Toda decis\u00e3o deve priorizar o bem-estar e a integridade da pessoa, agindo sempre com humanidade.<\/p>\n\n\n\n<h3 class=\"wp-block-heading\">Benefic\u00eancia e n\u00e3o-malefic\u00eancia<\/h3>\n\n\n\n<p>agir sempre em benef\u00edcio do paciente, buscando o melhor resultado poss\u00edvel para sua sa\u00fade (benefic\u00eancia), e evitar causar qualquer dano desnecess\u00e1rio (n\u00e3o-malefic\u00eancia). Estes s\u00e3o princ\u00edpios fundamentais que guiam as decis\u00f5es cl\u00ednicas.<\/p>\n\n\n\n<h3 class=\"wp-block-heading\">Autonomia do paciente<\/h3>\n\n\n\n<p>Respeitar as decis\u00f5es informadas do paciente sobre seu pr\u00f3prio tratamento. O processo de consentimento livre e esclarecido materializa este princ\u00edpio, garantindo que o paciente compreenda suas escolhas e decida conscientemente.<\/p>\n\n\n\n<h3 class=\"wp-block-heading\">Confidencialidade (sigilo profissional)<\/h3>\n\n\n\n<p>Manter o sigilo sobre todas as informa\u00e7\u00f5es do paciente, protegendo sua privacidade e dados sens\u00edveis.<\/p>\n\n\n\n<h3 class=\"wp-block-heading\">Justi\u00e7a e equidade<\/h3>\n\n\n\n<p>Garantir um tratamento justo e equitativo para todos os pacientes, independentemente de sua condi\u00e7\u00e3o socioecon\u00f4mica, etnia ou outras caracter\u00edsticas.<\/p>\n\n\n\n<p>O gestor de uma cl\u00ednica ou de um consult\u00f3rio precisa estabelecer pol\u00edticas muito bem consolidadas que garantam o acesso equitativo aos cuidados de sa\u00fade e promover uma cultura organizacional pautada nesses valores \u00e9ticos.<\/p>\n\n\n\n<p id=\"j\"><\/p>\n\n\n\n<p>Cumprir o C\u00f3digo de \u00c9tica M\u00e9dica \u00e9, portanto, essencial para exercer a medicina com excel\u00eancia, evitando problemas jur\u00eddicos e construindo uma reputa\u00e7\u00e3o s\u00f3lida e confi\u00e1vel no setor.<\/p>\n\n\n\n<p>|Saiba mais: <a href=\"https:\/\/prodoctor.net\/blog\/lei-do-ato-medico\/\" target=\"_blank\" rel=\"noreferrer noopener\">Lei do Ato M\u00e9dico: como ela influencia a gest\u00e3o de cl\u00ednicas na era digital<\/a><\/p>\n\n\n\n<h2 class=\"wp-block-heading\">Como manter a equipe cl\u00ednica alinhada com as pr\u00e1ticas de responsabilidade m\u00e9dica?<\/h2>\n\n\n<div class=\"wp-block-image\">\n<figure class=\"aligncenter size-full\"><img decoding=\"async\" width=\"770\" height=\"250\" src=\"https:\/\/prodoctor.net\/blog\/wp-content\/uploads\/2025\/08\/responsabilidade-medica-equipe-clinica-alinhada.webp\" alt=\"Equipe de profissionais de sa\u00fade com sorriso acolhedor, demonstrando alinhamento com as pr\u00e1ticas de responsabilidade m\u00e9dica.\" class=\"wp-image-32141\" srcset=\"https:\/\/prodoctor.net\/blog\/wp-content\/uploads\/2025\/08\/responsabilidade-medica-equipe-clinica-alinhada.webp 770w, https:\/\/prodoctor.net\/blog\/wp-content\/uploads\/2025\/08\/responsabilidade-medica-equipe-clinica-alinhada-300x97.webp 300w, https:\/\/prodoctor.net\/blog\/wp-content\/uploads\/2025\/08\/responsabilidade-medica-equipe-clinica-alinhada-768x249.webp 768w\" sizes=\"(max-width: 770px) 100vw, 770px\" \/><\/figure>\n<\/div>\n\n\n<p>Manter toda a equipe de uma cl\u00ednica alinhada com as pr\u00e1ticas de responsabilidade m\u00e9dica \u00e9 um desafio de gest\u00e3o organizacional. Isso exige estrat\u00e9gias estruturadas que promovam n\u00e3o apenas o conhecimento t\u00e9cnico, mas tamb\u00e9m uma cultura de \u00e9tica, seguran\u00e7a e excel\u00eancia no atendimento.<\/p>\n\n\n\n<p>Para garantir que cada profissional atue em conformidade e contribua para a seguran\u00e7a jur\u00eddica da institui\u00e7\u00e3o, implemente as seguintes a\u00e7\u00f5es.<\/p>\n\n\n\n<h3 class=\"wp-block-heading\">Programas de educa\u00e7\u00e3o continuada e treinamentos<\/h3>\n\n\n\n<p>Estabele\u00e7a rotinas de treinamento sobre \u00e9tica, <a href=\"https:\/\/prodoctor.net\/blog\/legislacao-sobre-prescricao-medica-conheca\/\" target=\"_blank\" rel=\"noreferrer noopener\">legisla\u00e7\u00e3o<\/a> m\u00e9dica, consentimento informado, manuseio de prontu\u00e1rios e as melhores pr\u00e1ticas cl\u00ednicas. A capacita\u00e7\u00e3o deve ir al\u00e9m dos aspectos t\u00e9cnicos, abordando tamb\u00e9m a comunica\u00e7\u00e3o e a resolu\u00e7\u00e3o de conflitos.<\/p>\n\n\n\n<h3 class=\"wp-block-heading\">Estabelecimento de protocolos cl\u00ednicos padronizados<\/h3>\n\n\n\n<p>Crie e revise regularmente protocolos que garantam a consist\u00eancia e a qualidade do atendimento em todas as etapas, desde a anamnese at\u00e9 o acompanhamento p\u00f3s-tratamento. Esses protocolos devem ser baseados em evid\u00eancias cient\u00edficas atualizadas.<\/p>\n\n\n\n<p>|Saiba mais: <a href=\"https:\/\/prodoctor.net\/blog\/fast-track\/\" target=\"_blank\" rel=\"noreferrer noopener\">Fast track: uma estrat\u00e9gia que agiliza o atendimento e melhora a experi\u00eancia do paciente<\/a><\/p>\n\n\n\n<h3 class=\"wp-block-heading\">Comunica\u00e7\u00e3o integrada e fluxos claros<\/h3>\n\n\n\n<p>Utilize ferramentas que favore\u00e7am a comunica\u00e7\u00e3o fluida e segura entre m\u00e9dicos, enfermagem, recep\u00e7\u00e3o e gestores. A clareza sobre as fun\u00e7\u00f5es e limites de atua\u00e7\u00e3o de cada profissional minimiza falhas.<\/p>\n\n\n\n<figure class=\"wp-block-video aligncenter\"><video height=\"1080\" style=\"aspect-ratio: 1080 \/ 1080;\" width=\"1080\" controls src=\"https:\/\/prodoctor.net\/blog\/wp-content\/uploads\/2024\/12\/Comunicador-14-06-02.mp4\"><\/video><figcaption class=\"wp-element-caption\">Comunicador Interno do ProDoctor<\/figcaption><\/figure>\n\n\n\n<h3 class=\"wp-block-heading\">Cultura de seguran\u00e7a do paciente e feedback<\/h3>\n\n\n\n<p>Valorize a cria\u00e7\u00e3o de um ambiente onde o relato de incidentes seja incentivado e visto como oportunidade de aprendizado, n\u00e3o de puni\u00e7\u00e3o. Promova reuni\u00f5es regulares para an\u00e1lise de casos, discuss\u00e3o de desafios e compartilhamento de boas pr\u00e1ticas.<\/p>\n\n\n\n<h3 class=\"wp-block-heading\">Auditoria interna e controle de qualidade<\/h3>\n\n\n\n<p>Implemente sistemas de auditoria para identificar precocemente desvios nas pr\u00e1ticas e possibilitar interven\u00e7\u00f5es corretivas. Focar tanto em aspectos t\u00e9cnicos quanto na comunica\u00e7\u00e3o e documenta\u00e7\u00e3o \u00e9 fundamental.<\/p>\n\n\n\n<h2 class=\"wp-block-heading\">Conclus\u00e3o<\/h2>\n\n\n\n<p>A responsabilidade m\u00e9dica \u00e9 um caminho para uma pr\u00e1tica cl\u00ednica \u00e9tica, segura e transparente. Ela n\u00e3o \u00e9 um fardo, mas o alicerce para uma medicina de excel\u00eancia. Para m\u00e9dicos e gestores de cl\u00ednicas, a chave est\u00e1 em integrar boas pr\u00e1ticas, documenta\u00e7\u00e3o rigorosa e o poder da tecnologia.<\/p>\n\n\n\n<p>Essa abordagem n\u00e3o s\u00f3 previne riscos legais e fortalece a reputa\u00e7\u00e3o da cl\u00ednica, mas, acima de tudo, aprofunda a confian\u00e7a com o paciente. Investir continuamente na qualifica\u00e7\u00e3o da equipe e em ferramentas confi\u00e1veis \u00e9 o caminho para garantir seguran\u00e7a, qualidade e um futuro pr\u00f3spero na sa\u00fade.<\/p>\n\n\n\n<p>Se quiser saber como o ProDoctor pode ajudar sua cl\u00ednica a garantir pr\u00e1ticas \u00e9ticas e uma gest\u00e3o segura, entre em contato com nosso time e <a href=\"https:\/\/api.whatsapp.com\/send?phone=5532984245039&amp;text=Ol%C3%A1%2C%20time%20ProDoctor.%20Cheguei%20pelo%20blog%20e%20gostaria%20de%20mais%20informa%C3%A7%C3%B5es.\" target=\"_blank\" rel=\"noreferrer noopener\"><strong>solicite uma demonstra\u00e7\u00e3o<\/strong><\/a><strong>.<\/strong> A sa\u00fade do seu paciente e a seguran\u00e7a da sua equipe agradecem!<\/p>\n\n\n\n<p><\/p>\n","protected":false},"excerpt":{"rendered":"<p>Na rotina intensa de uma cl\u00ednica ou de consult\u00f3rio, decis\u00f5es precisam ser tomadas com agilidade e precis\u00e3o. No entanto,&#8230;<\/p>\n","protected":false},"author":11,"featured_media":32138,"comment_status":"closed","ping_status":"closed","sticky":false,"template":"","format":"standard","meta":{"_kad_blocks_custom_css":"","_kad_blocks_head_custom_js":"","_kad_blocks_body_custom_js":"","_kad_blocks_footer_custom_js":"","_kadence_starter_templates_imported_post":false,"_kad_post_transparent":"","_kad_post_title":"","_kad_post_layout":"","_kad_post_sidebar_id":"","_kad_post_content_style":"","_kad_post_vertical_padding":"","_kad_post_feature":"","_kad_post_feature_position":"","_kad_post_header":false,"_kad_post_footer":false,"footnotes":""},"categories":[412,413],"tags":[],"class_list":["post-32135","post","type-post","status-publish","format-standard","has-post-thumbnail","hentry","category-gestao-de-clinicas-e-consultorios","category-medicina-e-saude"],"yoast_head":"<!-- This site is optimized with the Yoast SEO plugin v27.0 - https:\/\/yoast.com\/product\/yoast-seo-wordpress\/ -->\n<title>Responsabilidade m\u00e9dica: \u00e9tica e seguran\u00e7a jur\u00eddica | ProDoctor<\/title>\n<meta name=\"description\" content=\"Descubra como a responsabilidade m\u00e9dica impacta sua pr\u00e1tica cl\u00ednica - \u00e9tica, preven\u00e7\u00e3o legal e fortalecimento da rela\u00e7\u00e3o m\u00e9dico-paciente.\" \/>\n<meta name=\"robots\" content=\"index, follow, max-snippet:-1, max-image-preview:large, max-video-preview:-1\" \/>\n<link rel=\"canonical\" href=\"https:\/\/prodoctor.net\/blog\/responsabilidade-medica\/\" \/>\n<meta property=\"og:locale\" content=\"pt_BR\" \/>\n<meta property=\"og:type\" content=\"article\" \/>\n<meta property=\"og:title\" content=\"Responsabilidade m\u00e9dica: \u00e9tica e seguran\u00e7a jur\u00eddica | ProDoctor\" \/>\n<meta property=\"og:description\" content=\"Descubra como a responsabilidade m\u00e9dica impacta sua pr\u00e1tica cl\u00ednica - \u00e9tica, preven\u00e7\u00e3o legal e fortalecimento da rela\u00e7\u00e3o m\u00e9dico-paciente.\" \/>\n<meta property=\"og:url\" content=\"https:\/\/prodoctor.net\/blog\/responsabilidade-medica\/\" \/>\n<meta property=\"og:site_name\" content=\"Blog ProDoctor\" \/>\n<meta property=\"article:publisher\" content=\"https:\/\/www.facebook.com\/prodoctorsoftware\" \/>\n<meta property=\"article:published_time\" content=\"2025-08-05T18:51:50+00:00\" \/>\n<meta property=\"article:modified_time\" content=\"2025-11-05T15:06:13+00:00\" \/>\n<meta property=\"og:image\" content=\"https:\/\/prodoctor.net\/blog\/wp-content\/uploads\/2025\/08\/responsabilidade-medica.webp\" \/>\n\t<meta property=\"og:image:width\" content=\"1422\" \/>\n\t<meta property=\"og:image:height\" content=\"894\" \/>\n\t<meta property=\"og:image:type\" content=\"image\/webp\" \/>\n<meta name=\"author\" content=\"L\u00edvia Cajueiro\" \/>\n<meta name=\"twitter:card\" content=\"summary_large_image\" \/>\n<meta name=\"twitter:creator\" content=\"@prodoctorsoft\" \/>\n<meta name=\"twitter:site\" content=\"@prodoctorsoft\" \/>\n<meta name=\"twitter:label1\" content=\"Escrito por\" \/>\n\t<meta name=\"twitter:data1\" content=\"L\u00edvia Cajueiro\" \/>\n\t<meta name=\"twitter:label2\" content=\"Est. tempo de leitura\" \/>\n\t<meta name=\"twitter:data2\" content=\"18 minutos\" \/>\n<script type=\"application\/ld+json\" class=\"yoast-schema-graph\">{\"@context\":\"https:\/\/schema.org\",\"@graph\":[{\"@type\":\"Article\",\"@id\":\"https:\/\/prodoctor.net\/blog\/responsabilidade-medica\/#article\",\"isPartOf\":{\"@id\":\"https:\/\/prodoctor.net\/blog\/responsabilidade-medica\/\"},\"author\":{\"name\":\"L\u00edvia Cajueiro\",\"@id\":\"https:\/\/prodoctor.net\/blog\/#\/schema\/person\/b4e6451b0035658e23a6171c74ba126a\"},\"headline\":\"Responsabilidade m\u00e9dica: como atuar com \u00e9tica e evitar riscos legais no consult\u00f3rio\",\"datePublished\":\"2025-08-05T18:51:50+00:00\",\"dateModified\":\"2025-11-05T15:06:13+00:00\",\"mainEntityOfPage\":{\"@id\":\"https:\/\/prodoctor.net\/blog\/responsabilidade-medica\/\"},\"wordCount\":3508,\"publisher\":{\"@id\":\"https:\/\/prodoctor.net\/blog\/#organization\"},\"image\":{\"@id\":\"https:\/\/prodoctor.net\/blog\/responsabilidade-medica\/#primaryimage\"},\"thumbnailUrl\":\"https:\/\/prodoctor.net\/blog\/wp-content\/uploads\/2025\/08\/responsabilidade-medica.webp\",\"articleSection\":[\"Gest\u00e3o de Cl\u00ednicas e Consult\u00f3rios\",\"Medicina e Sa\u00fade\"],\"inLanguage\":\"pt-BR\"},{\"@type\":\"WebPage\",\"@id\":\"https:\/\/prodoctor.net\/blog\/responsabilidade-medica\/\",\"url\":\"https:\/\/prodoctor.net\/blog\/responsabilidade-medica\/\",\"name\":\"Responsabilidade m\u00e9dica: \u00e9tica e seguran\u00e7a jur\u00eddica | ProDoctor\",\"isPartOf\":{\"@id\":\"https:\/\/prodoctor.net\/blog\/#website\"},\"primaryImageOfPage\":{\"@id\":\"https:\/\/prodoctor.net\/blog\/responsabilidade-medica\/#primaryimage\"},\"image\":{\"@id\":\"https:\/\/prodoctor.net\/blog\/responsabilidade-medica\/#primaryimage\"},\"thumbnailUrl\":\"https:\/\/prodoctor.net\/blog\/wp-content\/uploads\/2025\/08\/responsabilidade-medica.webp\",\"datePublished\":\"2025-08-05T18:51:50+00:00\",\"dateModified\":\"2025-11-05T15:06:13+00:00\",\"description\":\"Descubra como a responsabilidade m\u00e9dica impacta sua pr\u00e1tica cl\u00ednica - \u00e9tica, preven\u00e7\u00e3o legal e fortalecimento da rela\u00e7\u00e3o m\u00e9dico-paciente.\",\"breadcrumb\":{\"@id\":\"https:\/\/prodoctor.net\/blog\/responsabilidade-medica\/#breadcrumb\"},\"inLanguage\":\"pt-BR\",\"potentialAction\":[{\"@type\":\"ReadAction\",\"target\":[\"https:\/\/prodoctor.net\/blog\/responsabilidade-medica\/\"]}]},{\"@type\":\"ImageObject\",\"inLanguage\":\"pt-BR\",\"@id\":\"https:\/\/prodoctor.net\/blog\/responsabilidade-medica\/#primaryimage\",\"url\":\"https:\/\/prodoctor.net\/blog\/wp-content\/uploads\/2025\/08\/responsabilidade-medica.webp\",\"contentUrl\":\"https:\/\/prodoctor.net\/blog\/wp-content\/uploads\/2025\/08\/responsabilidade-medica.webp\",\"width\":1422,\"height\":894},{\"@type\":\"BreadcrumbList\",\"@id\":\"https:\/\/prodoctor.net\/blog\/responsabilidade-medica\/#breadcrumb\",\"itemListElement\":[{\"@type\":\"ListItem\",\"position\":1,\"name\":\"In\u00edcio\",\"item\":\"https:\/\/prodoctor.net\/blog\/\"},{\"@type\":\"ListItem\",\"position\":2,\"name\":\"Responsabilidade m\u00e9dica: como atuar com \u00e9tica e evitar riscos legais no consult\u00f3rio\"}]},{\"@type\":\"WebSite\",\"@id\":\"https:\/\/prodoctor.net\/blog\/#website\",\"url\":\"https:\/\/prodoctor.net\/blog\/\",\"name\":\"Blog ProDoctor\",\"description\":\"Tudo sobre o mundo da Sa\u00fade\",\"publisher\":{\"@id\":\"https:\/\/prodoctor.net\/blog\/#organization\"},\"potentialAction\":[{\"@type\":\"SearchAction\",\"target\":{\"@type\":\"EntryPoint\",\"urlTemplate\":\"https:\/\/prodoctor.net\/blog\/?s={search_term_string}\"},\"query-input\":{\"@type\":\"PropertyValueSpecification\",\"valueRequired\":true,\"valueName\":\"search_term_string\"}}],\"inLanguage\":\"pt-BR\"},{\"@type\":\"Organization\",\"@id\":\"https:\/\/prodoctor.net\/blog\/#organization\",\"name\":\"ProDoctor Software S\/A\",\"url\":\"https:\/\/prodoctor.net\/blog\/\",\"logo\":{\"@type\":\"ImageObject\",\"inLanguage\":\"pt-BR\",\"@id\":\"https:\/\/prodoctor.net\/blog\/#\/schema\/logo\/image\/\",\"url\":\"https:\/\/prodoctor.net\/blog\/wp-content\/uploads\/2017\/01\/Logo_PDo_Lateral.png\",\"contentUrl\":\"https:\/\/prodoctor.net\/blog\/wp-content\/uploads\/2017\/01\/Logo_PDo_Lateral.png\",\"width\":2014,\"height\":485,\"caption\":\"ProDoctor Software S\/A\"},\"image\":{\"@id\":\"https:\/\/prodoctor.net\/blog\/#\/schema\/logo\/image\/\"},\"sameAs\":[\"https:\/\/www.facebook.com\/prodoctorsoftware\",\"https:\/\/x.com\/prodoctorsoft\",\"https:\/\/www.instagram.com\/prodoctorsoftware\/\",\"https:\/\/www.linkedin.com\/company\/prodoctor-software-ltda\",\"https:\/\/www.youtube.com\/channel\/UCIWuDLsVtIpX-PEqQn1pNlw\"]},{\"@type\":\"Person\",\"@id\":\"https:\/\/prodoctor.net\/blog\/#\/schema\/person\/b4e6451b0035658e23a6171c74ba126a\",\"name\":\"L\u00edvia Cajueiro\",\"image\":{\"@type\":\"ImageObject\",\"inLanguage\":\"pt-BR\",\"@id\":\"https:\/\/prodoctor.net\/blog\/#\/schema\/person\/image\/\",\"url\":\"https:\/\/secure.gravatar.com\/avatar\/51c56d7bbf6010466bca91264e721a83e8345256f1a0057f5507ec910afe89e0?s=96&d=mm&r=g\",\"contentUrl\":\"https:\/\/secure.gravatar.com\/avatar\/51c56d7bbf6010466bca91264e721a83e8345256f1a0057f5507ec910afe89e0?s=96&d=mm&r=g\",\"caption\":\"L\u00edvia Cajueiro\"}}]}<\/script>\n<!-- \/ Yoast SEO plugin. -->","yoast_head_json":{"title":"Responsabilidade m\u00e9dica: \u00e9tica e seguran\u00e7a jur\u00eddica | ProDoctor","description":"Descubra como a responsabilidade m\u00e9dica impacta sua pr\u00e1tica cl\u00ednica - \u00e9tica, preven\u00e7\u00e3o legal e fortalecimento da rela\u00e7\u00e3o m\u00e9dico-paciente.","robots":{"index":"index","follow":"follow","max-snippet":"max-snippet:-1","max-image-preview":"max-image-preview:large","max-video-preview":"max-video-preview:-1"},"canonical":"https:\/\/prodoctor.net\/blog\/responsabilidade-medica\/","og_locale":"pt_BR","og_type":"article","og_title":"Responsabilidade m\u00e9dica: \u00e9tica e seguran\u00e7a jur\u00eddica | ProDoctor","og_description":"Descubra como a responsabilidade m\u00e9dica impacta sua pr\u00e1tica cl\u00ednica - \u00e9tica, preven\u00e7\u00e3o legal e fortalecimento da rela\u00e7\u00e3o m\u00e9dico-paciente.","og_url":"https:\/\/prodoctor.net\/blog\/responsabilidade-medica\/","og_site_name":"Blog ProDoctor","article_publisher":"https:\/\/www.facebook.com\/prodoctorsoftware","article_published_time":"2025-08-05T18:51:50+00:00","article_modified_time":"2025-11-05T15:06:13+00:00","og_image":[{"width":1422,"height":894,"url":"https:\/\/prodoctor.net\/blog\/wp-content\/uploads\/2025\/08\/responsabilidade-medica.webp","type":"image\/webp"}],"author":"L\u00edvia Cajueiro","twitter_card":"summary_large_image","twitter_creator":"@prodoctorsoft","twitter_site":"@prodoctorsoft","twitter_misc":{"Escrito por":"L\u00edvia Cajueiro","Est. tempo de leitura":"18 minutos"},"schema":{"@context":"https:\/\/schema.org","@graph":[{"@type":"Article","@id":"https:\/\/prodoctor.net\/blog\/responsabilidade-medica\/#article","isPartOf":{"@id":"https:\/\/prodoctor.net\/blog\/responsabilidade-medica\/"},"author":{"name":"L\u00edvia Cajueiro","@id":"https:\/\/prodoctor.net\/blog\/#\/schema\/person\/b4e6451b0035658e23a6171c74ba126a"},"headline":"Responsabilidade m\u00e9dica: como atuar com \u00e9tica e evitar riscos legais no consult\u00f3rio","datePublished":"2025-08-05T18:51:50+00:00","dateModified":"2025-11-05T15:06:13+00:00","mainEntityOfPage":{"@id":"https:\/\/prodoctor.net\/blog\/responsabilidade-medica\/"},"wordCount":3508,"publisher":{"@id":"https:\/\/prodoctor.net\/blog\/#organization"},"image":{"@id":"https:\/\/prodoctor.net\/blog\/responsabilidade-medica\/#primaryimage"},"thumbnailUrl":"https:\/\/prodoctor.net\/blog\/wp-content\/uploads\/2025\/08\/responsabilidade-medica.webp","articleSection":["Gest\u00e3o de Cl\u00ednicas e Consult\u00f3rios","Medicina e Sa\u00fade"],"inLanguage":"pt-BR"},{"@type":"WebPage","@id":"https:\/\/prodoctor.net\/blog\/responsabilidade-medica\/","url":"https:\/\/prodoctor.net\/blog\/responsabilidade-medica\/","name":"Responsabilidade m\u00e9dica: \u00e9tica e seguran\u00e7a jur\u00eddica | ProDoctor","isPartOf":{"@id":"https:\/\/prodoctor.net\/blog\/#website"},"primaryImageOfPage":{"@id":"https:\/\/prodoctor.net\/blog\/responsabilidade-medica\/#primaryimage"},"image":{"@id":"https:\/\/prodoctor.net\/blog\/responsabilidade-medica\/#primaryimage"},"thumbnailUrl":"https:\/\/prodoctor.net\/blog\/wp-content\/uploads\/2025\/08\/responsabilidade-medica.webp","datePublished":"2025-08-05T18:51:50+00:00","dateModified":"2025-11-05T15:06:13+00:00","description":"Descubra como a responsabilidade m\u00e9dica impacta sua pr\u00e1tica cl\u00ednica - \u00e9tica, preven\u00e7\u00e3o legal e fortalecimento da rela\u00e7\u00e3o m\u00e9dico-paciente.","breadcrumb":{"@id":"https:\/\/prodoctor.net\/blog\/responsabilidade-medica\/#breadcrumb"},"inLanguage":"pt-BR","potentialAction":[{"@type":"ReadAction","target":["https:\/\/prodoctor.net\/blog\/responsabilidade-medica\/"]}]},{"@type":"ImageObject","inLanguage":"pt-BR","@id":"https:\/\/prodoctor.net\/blog\/responsabilidade-medica\/#primaryimage","url":"https:\/\/prodoctor.net\/blog\/wp-content\/uploads\/2025\/08\/responsabilidade-medica.webp","contentUrl":"https:\/\/prodoctor.net\/blog\/wp-content\/uploads\/2025\/08\/responsabilidade-medica.webp","width":1422,"height":894},{"@type":"BreadcrumbList","@id":"https:\/\/prodoctor.net\/blog\/responsabilidade-medica\/#breadcrumb","itemListElement":[{"@type":"ListItem","position":1,"name":"In\u00edcio","item":"https:\/\/prodoctor.net\/blog\/"},{"@type":"ListItem","position":2,"name":"Responsabilidade m\u00e9dica: como atuar com \u00e9tica e evitar riscos legais no consult\u00f3rio"}]},{"@type":"WebSite","@id":"https:\/\/prodoctor.net\/blog\/#website","url":"https:\/\/prodoctor.net\/blog\/","name":"Blog ProDoctor","description":"Tudo sobre o mundo da Sa\u00fade","publisher":{"@id":"https:\/\/prodoctor.net\/blog\/#organization"},"potentialAction":[{"@type":"SearchAction","target":{"@type":"EntryPoint","urlTemplate":"https:\/\/prodoctor.net\/blog\/?s={search_term_string}"},"query-input":{"@type":"PropertyValueSpecification","valueRequired":true,"valueName":"search_term_string"}}],"inLanguage":"pt-BR"},{"@type":"Organization","@id":"https:\/\/prodoctor.net\/blog\/#organization","name":"ProDoctor Software S\/A","url":"https:\/\/prodoctor.net\/blog\/","logo":{"@type":"ImageObject","inLanguage":"pt-BR","@id":"https:\/\/prodoctor.net\/blog\/#\/schema\/logo\/image\/","url":"https:\/\/prodoctor.net\/blog\/wp-content\/uploads\/2017\/01\/Logo_PDo_Lateral.png","contentUrl":"https:\/\/prodoctor.net\/blog\/wp-content\/uploads\/2017\/01\/Logo_PDo_Lateral.png","width":2014,"height":485,"caption":"ProDoctor Software S\/A"},"image":{"@id":"https:\/\/prodoctor.net\/blog\/#\/schema\/logo\/image\/"},"sameAs":["https:\/\/www.facebook.com\/prodoctorsoftware","https:\/\/x.com\/prodoctorsoft","https:\/\/www.instagram.com\/prodoctorsoftware\/","https:\/\/www.linkedin.com\/company\/prodoctor-software-ltda","https:\/\/www.youtube.com\/channel\/UCIWuDLsVtIpX-PEqQn1pNlw"]},{"@type":"Person","@id":"https:\/\/prodoctor.net\/blog\/#\/schema\/person\/b4e6451b0035658e23a6171c74ba126a","name":"L\u00edvia Cajueiro","image":{"@type":"ImageObject","inLanguage":"pt-BR","@id":"https:\/\/prodoctor.net\/blog\/#\/schema\/person\/image\/","url":"https:\/\/secure.gravatar.com\/avatar\/51c56d7bbf6010466bca91264e721a83e8345256f1a0057f5507ec910afe89e0?s=96&d=mm&r=g","contentUrl":"https:\/\/secure.gravatar.com\/avatar\/51c56d7bbf6010466bca91264e721a83e8345256f1a0057f5507ec910afe89e0?s=96&d=mm&r=g","caption":"L\u00edvia Cajueiro"}}]}},"taxonomy_info":{"category":[{"value":412,"label":"Gest\u00e3o de Cl\u00ednicas e Consult\u00f3rios"},{"value":413,"label":"Medicina e Sa\u00fade"}]},"featured_image_src_large":["https:\/\/prodoctor.net\/blog\/wp-content\/uploads\/2025\/08\/responsabilidade-medica-1024x644.webp",1024,644,true],"author_info":{"display_name":"L\u00edvia Cajueiro","author_link":"https:\/\/prodoctor.net\/blog\/author\/livia-cajueiro\/"},"comment_info":0,"category_info":[{"term_id":412,"name":"Gest\u00e3o de Cl\u00ednicas e Consult\u00f3rios","slug":"gestao-de-clinicas-e-consultorios","term_group":0,"term_taxonomy_id":412,"taxonomy":"category","description":"","parent":0,"count":293,"filter":"raw","cat_ID":412,"category_count":293,"category_description":"","cat_name":"Gest\u00e3o de Cl\u00ednicas e Consult\u00f3rios","category_nicename":"gestao-de-clinicas-e-consultorios","category_parent":0},{"term_id":413,"name":"Medicina e Sa\u00fade","slug":"medicina-e-saude","term_group":0,"term_taxonomy_id":413,"taxonomy":"category","description":"","parent":0,"count":148,"filter":"raw","cat_ID":413,"category_count":148,"category_description":"","cat_name":"Medicina e Sa\u00fade","category_nicename":"medicina-e-saude","category_parent":0}],"tag_info":false,"_links":{"self":[{"href":"https:\/\/prodoctor.net\/blog\/wp-json\/wp\/v2\/posts\/32135","targetHints":{"allow":["GET"]}}],"collection":[{"href":"https:\/\/prodoctor.net\/blog\/wp-json\/wp\/v2\/posts"}],"about":[{"href":"https:\/\/prodoctor.net\/blog\/wp-json\/wp\/v2\/types\/post"}],"author":[{"embeddable":true,"href":"https:\/\/prodoctor.net\/blog\/wp-json\/wp\/v2\/users\/11"}],"replies":[{"embeddable":true,"href":"https:\/\/prodoctor.net\/blog\/wp-json\/wp\/v2\/comments?post=32135"}],"version-history":[{"count":4,"href":"https:\/\/prodoctor.net\/blog\/wp-json\/wp\/v2\/posts\/32135\/revisions"}],"predecessor-version":[{"id":33005,"href":"https:\/\/prodoctor.net\/blog\/wp-json\/wp\/v2\/posts\/32135\/revisions\/33005"}],"wp:featuredmedia":[{"embeddable":true,"href":"https:\/\/prodoctor.net\/blog\/wp-json\/wp\/v2\/media\/32138"}],"wp:attachment":[{"href":"https:\/\/prodoctor.net\/blog\/wp-json\/wp\/v2\/media?parent=32135"}],"wp:term":[{"taxonomy":"category","embeddable":true,"href":"https:\/\/prodoctor.net\/blog\/wp-json\/wp\/v2\/categories?post=32135"},{"taxonomy":"post_tag","embeddable":true,"href":"https:\/\/prodoctor.net\/blog\/wp-json\/wp\/v2\/tags?post=32135"}],"curies":[{"name":"wp","href":"https:\/\/api.w.org\/{rel}","templated":true}]}}