{"id":29016,"date":"2024-05-03T09:00:00","date_gmt":"2024-05-03T12:00:00","guid":{"rendered":"https:\/\/prodoctor.net\/blog\/?p=29016"},"modified":"2025-02-20T13:07:49","modified_gmt":"2025-02-20T16:07:49","slug":"dia-nacional-do-uso-racional-de-medicamentos","status":"publish","type":"post","link":"https:\/\/prodoctor.net\/blog\/dia-nacional-do-uso-racional-de-medicamentos\/","title":{"rendered":"Uso Racional de Medicamentos: tudo o que voc\u00ea precisa saber"},"content":{"rendered":"\n<p>O <strong>Dia Nacional do Uso Racional de <a href=\"https:\/\/prodoctor.net\/medicamentos\" target=\"_blank\" rel=\"noopener\">Medicamentos<\/a> (URM)<\/strong> acontece dia 5 de maio. A data \u00e9 importante para a realiza\u00e7\u00e3o de campanhas alertando a popula\u00e7\u00e3o sobre a necessidade de usar corretamente esses produtos. Dessa maneira, todas as estrat\u00e9gias de mobiliza\u00e7\u00e3o e atua\u00e7\u00e3o devem seguir as orienta\u00e7\u00f5es dos profissionais da \u00e1rea de Sa\u00fade.<\/p>\n<p>Tamb\u00e9m neste dia, as autoridades sanit\u00e1rias fazem alertas \u00e0 popula\u00e7\u00e3o acerca dos riscos da <strong>automedica\u00e7\u00e3o<\/strong> e a mobiliza\u00e7\u00e3o em torno do tema conta com o apoio da <a href=\"https:\/\/www.gov.br\/anvisa\/pt-br\" target=\"_blank\" rel=\"noopener\"><strong>Ag\u00eancia Nacional de Vigil\u00e2ncia Sanit\u00e1ria (Anvisa)<\/strong><\/a>. Al\u00e9m disso, as discuss\u00f5es envolvem a urg\u00eancia de haver maior conscientiza\u00e7\u00e3o sobre o descarte correto das subst\u00e2ncias.<\/p>\n<p>A origem da celebra\u00e7\u00e3o remete a 1998, quando o <strong>Conselho Nacional de Entidades Estudantis de Farm\u00e1cia<\/strong> idealizou e estruturou o <strong>Dia Nacional pelo Uso Correto de Medicamentos<\/strong>. Tamb\u00e9m conhecido como <strong>Dia da Luta dos Estudantes de Farm\u00e1cia pela Sa\u00fade<\/strong>, o evento cresceu em import\u00e2ncia ao longo dos anos, passando a ser conhecido como <strong>Dia Nacional do Uso Racional de Medicamentos<\/strong>.<\/p>\n<p>Consciente da import\u00e2ncia do tema e da oportunidade da data para a realiza\u00e7\u00e3o de campanhas de conscientiza\u00e7\u00e3o, a <a href=\"https:\/\/prodoctor.net\/\" target=\"_blank\" rel=\"noopener\"><strong>ProDoctor Software<\/strong><\/a> preparou este post, a fim de que voc\u00ea tenha informa\u00e7\u00f5es detalhadas.<\/p>\n\n\n\n<h2 class=\"wp-block-heading\"><strong>O que \u00e9 o Uso Racional de Medicamentos (URM)<\/strong><\/h2>\n\n\n\n<p>O <strong>Uso Racional de Medicamentos<\/strong>, conforme a <a href=\"https:\/\/www.who.int\/pt\/about\" target=\"_blank\" rel=\"noopener\"><strong>Organiza\u00e7\u00e3o Mundial da Sa\u00fade (OMS)<\/strong><\/a>, tem como prop\u00f3sito entregar medicamentos apropriados aos pacientes, de acordo com suas condi\u00e7\u00f5es cl\u00ednicas.<\/p>\n<p>Ou seja, com as doses adequadas \u00e0s necessidades individuais, dentro de um per\u00edodo definido e ao menor custo para si e para a comunidade.<\/p>\n<p>Nesse sentido, o <strong>Uso Racional de Medicamentos<\/strong> envolve o trabalho de tr\u00eas atores. Primeiramente, atrav\u00e9s do <strong>prescritor<\/strong>, que \u00e9 o m\u00e9dico.<\/p>\n<p>Outro protagonista \u00e9 o <strong>paciente<\/strong>, que individual ou coletivamente, receber\u00e1 o medicamento.<\/p>\n<p>Por fim, o <strong>dispensador<\/strong>, setor que fornece medicamentos industrializados, privativo de pequena unidade hospitalar ou equivalente. Os tr\u00eas interagem de maneira din\u00e2mica.<\/p>\n<p>\u00c9 importante destacar que todos os profissionais da Sa\u00fade devem estar atentos na institui\u00e7\u00e3o do <strong>URM<\/strong>, a fim de evitar complica\u00e7\u00f5es cl\u00ednicas e medicamentosas ao paciente. Al\u00e9m de, tamb\u00e9m, contornar poss\u00edveis transtornos \u00e0 fam\u00edlia e \u00e0 comunidade.<\/p>\n<p>|Leia tamb\u00e9m: <a href=\"https:\/\/prodoctor.net\/blog\/porque-encontramos-estas-siglas-nos-medicamentos\/\" target=\"_blank\" rel=\"noopener\">Por que encontramos siglas e abreviaturas nos medicamentos?<\/a><\/p>\n\n\n\n<h2 class=\"wp-block-heading\">Papel do Farmac\u00eautico no Dia Nacional do Uso Racional de Medicamentos<\/h2>\n\n\n\n<figure class=\"wp-block-image size-full\"><img decoding=\"async\" width=\"770\" height=\"250\" src=\"https:\/\/prodoctor.net\/blog\/wp-content\/uploads\/2017\/12\/Representante-Farmaceutico-como-deve-ser-o-relacionamento.jpg\" alt=\"Qual a diferen\u00e7a entre assist\u00eancia e aten\u00e7\u00e3o farmac\u00eautica?\" class=\"wp-image-20088\" srcset=\"https:\/\/prodoctor.net\/blog\/wp-content\/uploads\/2017\/12\/Representante-Farmaceutico-como-deve-ser-o-relacionamento.jpg 770w, https:\/\/prodoctor.net\/blog\/wp-content\/uploads\/2017\/12\/Representante-Farmaceutico-como-deve-ser-o-relacionamento-300x97.jpg 300w, https:\/\/prodoctor.net\/blog\/wp-content\/uploads\/2017\/12\/Representante-Farmaceutico-como-deve-ser-o-relacionamento-768x249.jpg 768w\" sizes=\"(max-width: 770px) 100vw, 770px\" \/><\/figure>\n\n\n\n<p>O <a href=\"https:\/\/prodoctor.net\/blog\/como-ser-um-bom-farmaceutico\/\" target=\"_blank\" rel=\"noopener\">farmac\u00eautico<\/a> tem um papel fundamental nas estrat\u00e9gias de campanhas no <strong>Dia Nacional do Uso Racional de Medicamentos<\/strong>. Afinal, ele \u00e9 o profissional com autoridade, compet\u00eancia e autonomia para desenvolver as a\u00e7\u00f5es pensadas para educar e estimular a popula\u00e7\u00e3o acerca do uso correto de medicamentos.<\/p>\n<p>Tamb\u00e9m \u00e9 importante destacar que \u00e9 fundamental existir uma <strong>abordagem multidisciplinar<\/strong> entre os profissionais do setor de Sa\u00fade.<\/p>\n<p>Com toda a certeza, a soma de compet\u00eancias e experi\u00eancias fortalecer\u00e1 todas as estrat\u00e9gias de campanha, com suas respectivas a\u00e7\u00f5es, no sentido de promover o <strong>Uso Racional de Medicamentos<\/strong>.<\/p>\n<p>Sem d\u00favida, o <strong>Farmac\u00eautico<\/strong> \u00e9 o profissional habilitado para analisar as ocorr\u00eancias relacionadas \u00e0 m\u00e1 utiliza\u00e7\u00e3o de medicamentos.<\/p>\n<p>Com sua experi\u00eancia, est\u00e1 devidamente capacitado para repassar a confian\u00e7a necess\u00e1ria para que o paciente assimile as informa\u00e7\u00f5es fundamentais e participe ativamente do tratamento de uma enfermidade e no manejo de seu autocuidado.<\/p>\n<p>|Leia tamb\u00e9m: <a href=\"https:\/\/prodoctor.net\/blog\/prescricao-farmaceutica-o-que-e-permitido\/\" target=\"_blank\" rel=\"noopener\">Prescri\u00e7\u00e3o farmac\u00eautica: o que \u00e9 permitido?<\/a><\/p>\n\n\n\n<h2 class=\"wp-block-heading\">Import\u00e2ncia dos medicamentos para a sa\u00fade da popula\u00e7\u00e3o<\/h2>\n\n\n\n<p>Sem d\u00favida, os <a href=\"https:\/\/prodoctor.net\/blog\/duvidas-sobre-medicamentos\/\" target=\"_blank\" rel=\"noopener\">medicamentos<\/a> t\u00eam como objetivo curar as doen\u00e7as ou aliviar os sintomas das enfermidades que afligem os pacientes. Portanto, n\u00e3o devem causar problemas para quem precisar fazer uso dessas subst\u00e2ncias.<\/p>\n<p>Desse modo, a popula\u00e7\u00e3o deve seguir as recomenda\u00e7\u00f5es dos farmac\u00eauticos e de profissionais da \u00e1rea de Sa\u00fade para evitar poss\u00edveis problemas decorrentes de sua m\u00e1 utiliza\u00e7\u00e3o:<\/p>\n<ul>\n<li>\u00c9 importante ter seguran\u00e7a acerca do uso de um medicamento. Se acaso uma pessoa se sentir mal ou suspeitar de alguma rea\u00e7\u00e3o adversa, precisa procurar um m\u00e9dico, farmac\u00eautico ou algum profissional do setor de Sa\u00fade.<\/li>\n<li>\u00c9 fundamental evitar a <strong>automedica\u00e7\u00e3o<\/strong> (item que abordaremos a seguir), uma vez que ingerir um medicamento por conta pr\u00f3pria, sem a devida <a href=\"https:\/\/prodoctor.net\/blog\/prescricao-medica-com-prodoctor-medicamentos-facil-e-pratico\/\" target=\"_blank\" rel=\"noopener\">prescri\u00e7\u00e3o m\u00e9dica<\/a>, pode ser perigoso e at\u00e9 mesmo colocar em risco a vida de uma pessoa.<\/li>\n<li>O uso de cada medicamento tem que seguir \u00e0 risca a dose prescrita em uma <a href=\"https:\/\/prodoctor.net\/blog\/letra-ilegivel-em-receitas-pode-gerar-denuncia\/\" target=\"_blank\" rel=\"noopener\">receita<\/a>. Ou seja, a dose exata, nos hor\u00e1rios certos e cumprindo o tempo indicado para o tratamento e com a forma correta.<\/li>\n<li>Al\u00e9m disso, \u00e9 importante descartar os medicamentos vencidos e inutilizados em coletores pr\u00f3prios. Dessa maneira, \u00e9 absolutamente desaconselh\u00e1vel o uso de medicamentos com a validade vencida. Da mesma forma, recomenda-se que as subst\u00e2ncias n\u00e3o sejam armazenadas em locais quentes e \u00famidos.<\/li>\n<li>Por fim, lembre-se de que todas as d\u00favidas acerca do uso de medicamentos n\u00e3o podem ficar sem resposta. Assim, compete ao farmac\u00eautico e aos demais agentes do setor de Sa\u00fade esclarecer e conscientizar a popula\u00e7\u00e3o.<\/li>\n<li>Com toda a certeza, o <strong>Dia Nacional do Uso Racional de Medicamentos<\/strong> \u00e9 uma excelente ocasi\u00e3o para levar adiante as campanhas de esclarecimento!<\/li>\n<\/ul>\n<p>|Saiba mais: <a href=\"https:\/\/prodoctor.net\/blog\/medicamentos-sem-prescricao-medica\/\" target=\"_blank\" rel=\"noopener\">Medicamentos sem prescri\u00e7\u00e3o m\u00e9dica.<\/a><\/p>\n\n\n\n<h2 class=\"wp-block-heading\">Automedica\u00e7\u00e3o desafia o Dia Nacional do Uso Racional de Medicamentos<\/h2>\n\n\n\n<p>Antes de mais nada, precisamos relembrar o conceito de <strong>automedica\u00e7\u00e3o<\/strong>, que consiste no uso de medicamentos por conta pr\u00f3pria com o objetivo de tratar sinais e sintomas sem orienta\u00e7\u00e3o m\u00e9dica ou farmac\u00eautica.<\/p>\n<p>Conforme a <a href=\"https:\/\/bvsms.saude.gov.br\/\" target=\"_blank\" rel=\"noopener\"><strong>Biblioteca Virtual do Minist\u00e9rio da Sa\u00fade<\/strong><\/a>, a automedica\u00e7\u00e3o traz riscos \u00e0 sa\u00fade, pois a <a href=\"https:\/\/prodoctor.net\/blog\/interacoes-medicamentosas\/\" target=\"_blank\" rel=\"noopener\">ingest\u00e3o de subst\u00e2ncias de forma inadequada<\/a> pode causar rea\u00e7\u00f5es como depend\u00eancia, intoxica\u00e7\u00e3o e at\u00e9 a morte. Al\u00e9m disso, as discuss\u00f5es em torno do tema refor\u00e7am a import\u00e2ncia de se fazer o descarte correto dos medicamentos.<\/p>\n\n\n\n<h3 class=\"wp-block-heading\">Uso racional de medicamentos: os riscos da automedica\u00e7\u00e3o<\/h3>\n\n\n\n<p>No Brasil, os n\u00fameros da automedica\u00e7\u00e3o s\u00e3o assustadores. Em 2022, o <a href=\"https:\/\/ictq.com.br\/\" target=\"_blank\" rel=\"noopener\"><strong>Instituto de Pesquisa e P\u00f3s-Gradua\u00e7\u00e3o para o Mercado Farmac\u00eautico (ICTQ)<\/strong><\/a> divulgou o resultado de sua <strong>Pesquisa de Automedica\u00e7\u00e3o<\/strong>. Na ocasi\u00e3o, detectou que 89% dos brasileiros se automedicam, revelando um aumento consider\u00e1vel desde 2014, ano em que iniciou a coleta de informa\u00e7\u00f5es.<\/p>\n<p>Conforme o <strong>ICTQ<\/strong>, em 2016, 72% da popula\u00e7\u00e3o declarava se automedicar sem qualquer reserva. O \u00edndice subiu para 79% em 2018 e, em 2020, atingiu 81%. Dois anos depois, com um n\u00edvel de confian\u00e7a de 95%, a pesquisa ouviu 2.099 pessoas, em 151 munic\u00edpios.<\/p>\n<p>A lista da automedica\u00e7\u00e3o \u00e9 liderada pelos analg\u00e9sicos, com 64%. Em seguida aparecem os antigripais, com 47%, e os relaxantes musculares, com 35%. Ansiedade, estresse e ins\u00f4nia tamb\u00e9m levam \u00e0 automedica\u00e7\u00e3o, com 6%.<\/p>\n<p>O <a href=\"https:\/\/g1.globo.com\/jornal-nacional\/noticia\/2022\/05\/10\/aumenta-numero-de-brasileiros-que-se-automedicam-e-buscam-informacoes-sobre-remedios-na-internet-diz-pesquisa.ghtml\" target=\"_blank\" rel=\"noopener\"><strong>&#8220;Jornal Nacional&#8221;<\/strong><\/a> de 10 de maio de 2022, informou que &#8220;o n\u00famero de pessoas com 16 anos ou mais que tomam rem\u00e9dios por conta pr\u00f3pria passou de 76%, em 2014, e chegou a 89%&#8221;. Os dados foram colhidos pela pesquisa do <strong>ICTQ<\/strong> em parceria com o <strong>Datafolha<\/strong>.<\/p>\n<p>Por outro lado, o <a href=\"https:\/\/sinitox.icict.fiocruz.br\/\" target=\"_blank\" rel=\"noopener\"><strong>Sistema Nacional de Informa\u00e7\u00f5es T\u00f3xico-Farmacol\u00f3gicas (Sinitox\/Fiocruz)<\/strong><\/a> revelou que, anualmente, s\u00e3o registrados mais de 30 mil casos de interna\u00e7\u00e3o por intoxica\u00e7\u00e3o medicamentosa, com cerca de 20 mil mortes no Brasil.<\/p>\n\n\n\n<h2 class=\"wp-block-heading\">A Organiza\u00e7\u00e3o Mundial da Sa\u00fade e os medicamentos<\/h2>\n\n\n\n<figure class=\"wp-block-image size-full\"><img decoding=\"async\" width=\"770\" height=\"250\" src=\"https:\/\/prodoctor.net\/blog\/wp-content\/uploads\/2018\/10\/Gestao-De-Estoques-Farmacia-Hospitalar.jpg\" alt=\"Gest\u00e3o De Estoques - Farm\u00e1cia Hospitalar\" class=\"wp-image-8083\" srcset=\"https:\/\/prodoctor.net\/blog\/wp-content\/uploads\/2018\/10\/Gestao-De-Estoques-Farmacia-Hospitalar.jpg 770w, https:\/\/prodoctor.net\/blog\/wp-content\/uploads\/2018\/10\/Gestao-De-Estoques-Farmacia-Hospitalar-300x97.jpg 300w, https:\/\/prodoctor.net\/blog\/wp-content\/uploads\/2018\/10\/Gestao-De-Estoques-Farmacia-Hospitalar-768x249.jpg 768w, https:\/\/prodoctor.net\/blog\/wp-content\/uploads\/2018\/10\/Gestao-De-Estoques-Farmacia-Hospitalar-640x208.jpg 640w\" sizes=\"(max-width: 770px) 100vw, 770px\" \/><\/figure>\n\n\n\n<p>A <strong>Organiza\u00e7\u00e3o Mundial da Sa\u00fade<\/strong> enfatiza que mais de 50% de todas as drogas receitadas no planeta s\u00e3o <strong>dispens\u00e1veis ou vendidas de forma inadequada<\/strong>.<\/p>\n<p>Aproximadamente <strong>1\/3 da popula\u00e7\u00e3o n\u00e3o tem o necess\u00e1rio acesso<\/strong> aos medicamentos essenciais. Al\u00e9m disso, metade dos pacientes no mundo tomam os <strong>medicamentos de forma incorreta<\/strong>.<\/p>\n\n\n\n<h3 class=\"wp-block-heading\">Farmacovigil\u00e2ncia<\/h3>\n\n\n\n<p>Conforme a <strong>Ag\u00eancia Nacional de Vigil\u00e2ncia Sanit\u00e1ria<\/strong>, &#8220;<a href=\"https:\/\/www.gov.br\/anvisa\/pt-br\/assuntos\/fiscalizacao-e-monitoramento\/farmacovigilancia#:~:text=Farmacovigil%C3%A2ncia%20%C3%A9%20uma%20ci%C3%AAncia%20e,associados%20ao%20uso%20de%20medicamentos.\" target=\"_blank\" rel=\"noopener\"><strong>Farmacovigil\u00e2ncia<\/strong><\/a> \u00e9 uma ci\u00eancia e conjunto de atividades relacionadas \u00e0 identifica\u00e7\u00e3o, avalia\u00e7\u00e3o, compreens\u00e3o e preven\u00e7\u00e3o de efeitos adversos ou problemas associados ao uso de medicamentos&#8221;.<\/p>\n<p>Assim, o monitoramento de medicamentos j\u00e1 aprovados pela Anvisa tem como prop\u00f3sito &#8220;garantir que os benef\u00edcios dos produtos sejam maiores do que os riscos por ele causados&#8221;.<\/p>\n<p>Outros pontos importantes para a <strong>Farmacovigi\u00e2ncia<\/strong>:<\/p>\n<ul>\n<li>Rea\u00e7\u00f5es adversas provocadas por desvios de qualidade dos medicamentos.<\/li>\n<li>Medicamento que n\u00e3o apresenta efici\u00eancia terap\u00eautica.<\/li>\n<li>Erros de medica\u00e7\u00e3o.<\/li>\n<li>Uso abusivo de medicamentos.<\/li>\n<li>Intoxica\u00e7\u00f5es.<\/li>\n<li><a href=\"https:\/\/prodoctor.net\/blog\/interacoes-medicamentosas\/\" target=\"_blank\" rel=\"noopener\"><strong>Intera\u00e7\u00f5es medicamentosas<\/strong><\/a>.<\/li>\n<\/ul>\n<p>O <a href=\"https:\/\/www.gov.br\/anvisa\/pt-br\/assuntos\/fiscalizacao-e-monitoramento\/notificacoes\/vigimed\/vigimed-saiba-mais\" target=\"_blank\" rel=\"noopener\"><strong>VigiMed<\/strong><\/a> \u00e9 um sistema disponibilizado pela <strong>Anvisa<\/strong>. Ele permite que a popula\u00e7\u00e3o e profissionais da Sa\u00fade relatem as suspeitas de rea\u00e7\u00f5es adversas aos efeitos desejados com o uso de medicamentos e vacinas.<\/p>\n<p>Al\u00e9m disso, a <a href=\"https:\/\/portal.fiocruz.br\/\" target=\"_blank\" rel=\"noopener\"><strong>Fiocruz<\/strong><\/a> elaborou a cartilha <a href=\"https:\/\/portaldeboaspraticas.iff.fiocruz.br\/wp-content\/uploads\/2022\/01\/cartilha_farmacia_medicamento_iff_fiocruz.pdf\" target=\"_blank\" rel=\"noopener\"><strong>Orienta\u00e7\u00e3o sobre o Uso de Medicamentos<\/strong><\/a>.<\/p>\n\n\n\n<h2 class=\"wp-block-heading\">Conhe\u00e7a o ProDoctor Medicamentos<\/h2>\n\n\n\n<figure class=\"wp-block-image size-full\"><img decoding=\"async\" width=\"770\" height=\"250\" src=\"https:\/\/prodoctor.net\/blog\/wp-content\/uploads\/2019\/02\/prescricao-medica-integrada-ao-prodoctor-medicamentos.jpg\" alt=\"Prescri\u00e7\u00e3o m\u00e9dica integrada ao ProDoctor Medicamentos\" class=\"wp-image-9082\" srcset=\"https:\/\/prodoctor.net\/blog\/wp-content\/uploads\/2019\/02\/prescricao-medica-integrada-ao-prodoctor-medicamentos.jpg 770w, https:\/\/prodoctor.net\/blog\/wp-content\/uploads\/2019\/02\/prescricao-medica-integrada-ao-prodoctor-medicamentos-300x97.jpg 300w, https:\/\/prodoctor.net\/blog\/wp-content\/uploads\/2019\/02\/prescricao-medica-integrada-ao-prodoctor-medicamentos-768x249.jpg 768w, https:\/\/prodoctor.net\/blog\/wp-content\/uploads\/2019\/02\/prescricao-medica-integrada-ao-prodoctor-medicamentos-640x208.jpg 640w\" sizes=\"(max-width: 770px) 100vw, 770px\" \/><\/figure>\n\n\n\n<p>Gratuito e dispon\u00edvel para&nbsp;<a href=\"https:\/\/itunes.apple.com\/br\/app\/prodoctor-medicamentos\/id1057204767\" target=\"_blank\" rel=\"noreferrer noopener\">iOS<\/a>&nbsp;e&nbsp;<a href=\"https:\/\/play.google.com\/store\/apps\/details?id=net.prodoctor.medicamentos\" target=\"_blank\" rel=\"noreferrer noopener\">Android<\/a>, o&nbsp;<a href=\"https:\/\/prodoctor.net\/medicamentos\" target=\"_blank\" rel=\"noreferrer noopener\">aplicativo Medicamentos<\/a>&nbsp;foi concebido especialmente&nbsp;<strong>para farmac\u00eauticos<\/strong>&nbsp;e demais profissionais da sa\u00fade, que poder\u00e3o&nbsp;<strong>consultar as bulas<\/strong>, descobrir os gen\u00e9ricos e similares dispon\u00edveis (<strong>equival\u00eancia farmac\u00eautica)<\/strong>&nbsp;e ter acesso \u00e0s demais informa\u00e7\u00f5es sobre os medicamentos, como: indica\u00e7\u00f5es e caracter\u00edsticas farmacol\u00f3gicas, contra indica\u00e7\u00f5es, advert\u00eancias e precau\u00e7\u00f5es, intera\u00e7\u00f5es medicamentosas, posologia, rea\u00e7\u00f5es adversas e superdose.<\/p>\n\n\n\n<p>Cont\u00e9m&nbsp;<strong>todos os medicamentos refer\u00eancia aprovados pela Anvisa<\/strong>, contabilizados independentemente das suas formas de apresenta\u00e7\u00e3o (contam hoje com aproximadamente 4.100 bulas, que equivalem a 10.300 apresenta\u00e7\u00f5es). Cada um deles \u00e9 cuidadosamente&nbsp;<strong>revisado por uma equipe t\u00e9cnica<\/strong>&nbsp;de profissionais especializados, que trabalham diariamente para manter toda a&nbsp;<strong>base de dados sempre atualizada<\/strong>.<\/p>\n\n\n\n<p>Possui ainda uma&nbsp;<strong>central de notifica\u00e7\u00f5es<\/strong>, que informa desde medicamentos novos adicionados at\u00e9&nbsp;<strong>not\u00edcias relevantes do meio farmac\u00eautico<\/strong>.<\/p>\n\n\n\n<figure class=\"wp-block-image size-full\"><img decoding=\"async\" width=\"770\" height=\"250\" src=\"https:\/\/prodoctor.net\/blog\/wp-content\/uploads\/2016\/01\/prodoctor-medicamentos.jpg\" alt=\"Aplicativos para farmac\u00eauticos\" class=\"wp-image-8967\" srcset=\"https:\/\/prodoctor.net\/blog\/wp-content\/uploads\/2016\/01\/prodoctor-medicamentos.jpg 770w, https:\/\/prodoctor.net\/blog\/wp-content\/uploads\/2016\/01\/prodoctor-medicamentos-300x97.jpg 300w, https:\/\/prodoctor.net\/blog\/wp-content\/uploads\/2016\/01\/prodoctor-medicamentos-768x249.jpg 768w, https:\/\/prodoctor.net\/blog\/wp-content\/uploads\/2016\/01\/prodoctor-medicamentos-640x208.jpg 640w\" sizes=\"(max-width: 770px) 100vw, 770px\" \/><\/figure>\n","protected":false},"excerpt":{"rendered":"<p>No Dia Nacional do Uso Racional de Medicamentos (URM), farmac\u00eauticos e demais profissionais da Sa\u00fade se mobilizam em campanhas alertando a popula\u00e7\u00e3o sobre a necessidade de usar corretamente esses produtos.<\/p>\n","protected":false},"author":4,"featured_media":17372,"comment_status":"closed","ping_status":"closed","sticky":false,"template":"","format":"standard","meta":{"_kad_blocks_custom_css":"","_kad_blocks_head_custom_js":"","_kad_blocks_body_custom_js":"","_kad_blocks_footer_custom_js":"","_kadence_starter_templates_imported_post":false,"_kad_post_transparent":"","_kad_post_title":"","_kad_post_layout":"","_kad_post_sidebar_id":"","_kad_post_content_style":"","_kad_post_vertical_padding":"","_kad_post_feature":"","_kad_post_feature_position":"","_kad_post_header":false,"_kad_post_footer":false,"footnotes":""},"categories":[410,415],"tags":[379],"class_list":["post-29016","post","type-post","status-publish","format-standard","has-post-thumbnail","hentry","category-datas-comemorativas-da-saude","category-medicamentos-e-farmacia","tag-medicamentos"],"yoast_head":"<!-- This site is optimized with the Yoast SEO plugin v27.0 - https:\/\/yoast.com\/product\/yoast-seo-wordpress\/ -->\n<title>Dia Nacional do Uso Racional de Medicamentos | ProDoctor<\/title>\n<meta name=\"description\" content=\"Comemora-se neste domingo o Dia Nacional do Uso Racional de Medicamentos. A data \u00e9 ideal para realizar campanhas de alerta \u00e0 popula\u00e7\u00e3o.\" \/>\n<meta name=\"robots\" content=\"index, follow, max-snippet:-1, max-image-preview:large, max-video-preview:-1\" \/>\n<link rel=\"canonical\" href=\"https:\/\/prodoctor.net\/blog\/dia-nacional-do-uso-racional-de-medicamentos\/\" \/>\n<meta property=\"og:locale\" content=\"pt_BR\" \/>\n<meta property=\"og:type\" content=\"article\" \/>\n<meta property=\"og:title\" content=\"Dia Nacional do Uso Racional de Medicamentos | ProDoctor\" \/>\n<meta property=\"og:description\" content=\"Comemora-se neste domingo o Dia Nacional do Uso Racional de Medicamentos. A data \u00e9 ideal para realizar campanhas de alerta \u00e0 popula\u00e7\u00e3o.\" \/>\n<meta property=\"og:url\" content=\"https:\/\/prodoctor.net\/blog\/dia-nacional-do-uso-racional-de-medicamentos\/\" \/>\n<meta property=\"og:site_name\" content=\"Blog ProDoctor\" \/>\n<meta property=\"article:publisher\" content=\"https:\/\/www.facebook.com\/prodoctorsoftware\" \/>\n<meta property=\"article:published_time\" content=\"2024-05-03T12:00:00+00:00\" \/>\n<meta property=\"article:modified_time\" content=\"2025-02-20T16:07:49+00:00\" \/>\n<meta property=\"og:image\" content=\"https:\/\/prodoctor.net\/blog\/wp-content\/uploads\/2020\/09\/interacoes-medicamentosas-7-min.jpg\" \/>\n\t<meta property=\"og:image:width\" content=\"772\" \/>\n\t<meta property=\"og:image:height\" content=\"399\" \/>\n\t<meta property=\"og:image:type\" content=\"image\/jpeg\" \/>\n<meta name=\"author\" content=\"Geraldo Muanis\" \/>\n<meta name=\"twitter:card\" content=\"summary_large_image\" \/>\n<meta name=\"twitter:creator\" content=\"@prodoctorsoft\" \/>\n<meta name=\"twitter:site\" content=\"@prodoctorsoft\" \/>\n<meta name=\"twitter:label1\" content=\"Escrito por\" \/>\n\t<meta name=\"twitter:data1\" content=\"Geraldo Muanis\" \/>\n\t<meta name=\"twitter:label2\" content=\"Est. tempo de leitura\" \/>\n\t<meta name=\"twitter:data2\" content=\"9 minutos\" \/>\n<script type=\"application\/ld+json\" class=\"yoast-schema-graph\">{\"@context\":\"https:\/\/schema.org\",\"@graph\":[{\"@type\":\"Article\",\"@id\":\"https:\/\/prodoctor.net\/blog\/dia-nacional-do-uso-racional-de-medicamentos\/#article\",\"isPartOf\":{\"@id\":\"https:\/\/prodoctor.net\/blog\/dia-nacional-do-uso-racional-de-medicamentos\/\"},\"author\":{\"name\":\"Geraldo Muanis\",\"@id\":\"https:\/\/prodoctor.net\/blog\/#\/schema\/person\/fc6e8716a3a349001fce9d75ee422f84\"},\"headline\":\"Uso Racional de Medicamentos: tudo o que voc\u00ea precisa saber\",\"datePublished\":\"2024-05-03T12:00:00+00:00\",\"dateModified\":\"2025-02-20T16:07:49+00:00\",\"mainEntityOfPage\":{\"@id\":\"https:\/\/prodoctor.net\/blog\/dia-nacional-do-uso-racional-de-medicamentos\/\"},\"wordCount\":1623,\"publisher\":{\"@id\":\"https:\/\/prodoctor.net\/blog\/#organization\"},\"image\":{\"@id\":\"https:\/\/prodoctor.net\/blog\/dia-nacional-do-uso-racional-de-medicamentos\/#primaryimage\"},\"thumbnailUrl\":\"https:\/\/prodoctor.net\/blog\/wp-content\/uploads\/2020\/09\/interacoes-medicamentosas-7-min.jpg\",\"keywords\":[\"medicamentos\"],\"articleSection\":[\"Datas Comemorativas da Sa\u00fade\",\"Medicamentos e Farm\u00e1cia\"],\"inLanguage\":\"pt-BR\"},{\"@type\":\"WebPage\",\"@id\":\"https:\/\/prodoctor.net\/blog\/dia-nacional-do-uso-racional-de-medicamentos\/\",\"url\":\"https:\/\/prodoctor.net\/blog\/dia-nacional-do-uso-racional-de-medicamentos\/\",\"name\":\"Dia Nacional do Uso Racional de Medicamentos | ProDoctor\",\"isPartOf\":{\"@id\":\"https:\/\/prodoctor.net\/blog\/#website\"},\"primaryImageOfPage\":{\"@id\":\"https:\/\/prodoctor.net\/blog\/dia-nacional-do-uso-racional-de-medicamentos\/#primaryimage\"},\"image\":{\"@id\":\"https:\/\/prodoctor.net\/blog\/dia-nacional-do-uso-racional-de-medicamentos\/#primaryimage\"},\"thumbnailUrl\":\"https:\/\/prodoctor.net\/blog\/wp-content\/uploads\/2020\/09\/interacoes-medicamentosas-7-min.jpg\",\"datePublished\":\"2024-05-03T12:00:00+00:00\",\"dateModified\":\"2025-02-20T16:07:49+00:00\",\"description\":\"Comemora-se neste domingo o Dia Nacional do Uso Racional de Medicamentos. A data \u00e9 ideal para realizar campanhas de alerta \u00e0 popula\u00e7\u00e3o.\",\"breadcrumb\":{\"@id\":\"https:\/\/prodoctor.net\/blog\/dia-nacional-do-uso-racional-de-medicamentos\/#breadcrumb\"},\"inLanguage\":\"pt-BR\",\"potentialAction\":[{\"@type\":\"ReadAction\",\"target\":[\"https:\/\/prodoctor.net\/blog\/dia-nacional-do-uso-racional-de-medicamentos\/\"]}]},{\"@type\":\"ImageObject\",\"inLanguage\":\"pt-BR\",\"@id\":\"https:\/\/prodoctor.net\/blog\/dia-nacional-do-uso-racional-de-medicamentos\/#primaryimage\",\"url\":\"https:\/\/prodoctor.net\/blog\/wp-content\/uploads\/2020\/09\/interacoes-medicamentosas-7-min.jpg\",\"contentUrl\":\"https:\/\/prodoctor.net\/blog\/wp-content\/uploads\/2020\/09\/interacoes-medicamentosas-7-min.jpg\",\"width\":772,\"height\":399,\"caption\":\"Intera\u00e7\u00f5es medicamentosas\"},{\"@type\":\"BreadcrumbList\",\"@id\":\"https:\/\/prodoctor.net\/blog\/dia-nacional-do-uso-racional-de-medicamentos\/#breadcrumb\",\"itemListElement\":[{\"@type\":\"ListItem\",\"position\":1,\"name\":\"In\u00edcio\",\"item\":\"https:\/\/prodoctor.net\/blog\/\"},{\"@type\":\"ListItem\",\"position\":2,\"name\":\"Uso Racional de Medicamentos: tudo o que voc\u00ea precisa saber\"}]},{\"@type\":\"WebSite\",\"@id\":\"https:\/\/prodoctor.net\/blog\/#website\",\"url\":\"https:\/\/prodoctor.net\/blog\/\",\"name\":\"Blog ProDoctor\",\"description\":\"Tudo sobre o mundo da Sa\u00fade\",\"publisher\":{\"@id\":\"https:\/\/prodoctor.net\/blog\/#organization\"},\"potentialAction\":[{\"@type\":\"SearchAction\",\"target\":{\"@type\":\"EntryPoint\",\"urlTemplate\":\"https:\/\/prodoctor.net\/blog\/?s={search_term_string}\"},\"query-input\":{\"@type\":\"PropertyValueSpecification\",\"valueRequired\":true,\"valueName\":\"search_term_string\"}}],\"inLanguage\":\"pt-BR\"},{\"@type\":\"Organization\",\"@id\":\"https:\/\/prodoctor.net\/blog\/#organization\",\"name\":\"ProDoctor Software S\/A\",\"url\":\"https:\/\/prodoctor.net\/blog\/\",\"logo\":{\"@type\":\"ImageObject\",\"inLanguage\":\"pt-BR\",\"@id\":\"https:\/\/prodoctor.net\/blog\/#\/schema\/logo\/image\/\",\"url\":\"https:\/\/prodoctor.net\/blog\/wp-content\/uploads\/2017\/01\/Logo_PDo_Lateral.png\",\"contentUrl\":\"https:\/\/prodoctor.net\/blog\/wp-content\/uploads\/2017\/01\/Logo_PDo_Lateral.png\",\"width\":2014,\"height\":485,\"caption\":\"ProDoctor Software S\/A\"},\"image\":{\"@id\":\"https:\/\/prodoctor.net\/blog\/#\/schema\/logo\/image\/\"},\"sameAs\":[\"https:\/\/www.facebook.com\/prodoctorsoftware\",\"https:\/\/x.com\/prodoctorsoft\",\"https:\/\/www.instagram.com\/prodoctorsoftware\/\",\"https:\/\/www.linkedin.com\/company\/prodoctor-software-ltda\",\"https:\/\/www.youtube.com\/channel\/UCIWuDLsVtIpX-PEqQn1pNlw\"]},{\"@type\":\"Person\",\"@id\":\"https:\/\/prodoctor.net\/blog\/#\/schema\/person\/fc6e8716a3a349001fce9d75ee422f84\",\"name\":\"Geraldo Muanis\",\"image\":{\"@type\":\"ImageObject\",\"inLanguage\":\"pt-BR\",\"@id\":\"https:\/\/prodoctor.net\/blog\/#\/schema\/person\/image\/\",\"url\":\"https:\/\/secure.gravatar.com\/avatar\/414f2d04debf4ae162891e2198886ea1648baa21156e532e777093184c6fec56?s=96&d=mm&r=g\",\"contentUrl\":\"https:\/\/secure.gravatar.com\/avatar\/414f2d04debf4ae162891e2198886ea1648baa21156e532e777093184c6fec56?s=96&d=mm&r=g\",\"caption\":\"Geraldo Muanis\"}}]}<\/script>\n<!-- \/ Yoast SEO plugin. -->","yoast_head_json":{"title":"Dia Nacional do Uso Racional de Medicamentos | ProDoctor","description":"Comemora-se neste domingo o Dia Nacional do Uso Racional de Medicamentos. A data \u00e9 ideal para realizar campanhas de alerta \u00e0 popula\u00e7\u00e3o.","robots":{"index":"index","follow":"follow","max-snippet":"max-snippet:-1","max-image-preview":"max-image-preview:large","max-video-preview":"max-video-preview:-1"},"canonical":"https:\/\/prodoctor.net\/blog\/dia-nacional-do-uso-racional-de-medicamentos\/","og_locale":"pt_BR","og_type":"article","og_title":"Dia Nacional do Uso Racional de Medicamentos | ProDoctor","og_description":"Comemora-se neste domingo o Dia Nacional do Uso Racional de Medicamentos. A data \u00e9 ideal para realizar campanhas de alerta \u00e0 popula\u00e7\u00e3o.","og_url":"https:\/\/prodoctor.net\/blog\/dia-nacional-do-uso-racional-de-medicamentos\/","og_site_name":"Blog ProDoctor","article_publisher":"https:\/\/www.facebook.com\/prodoctorsoftware","article_published_time":"2024-05-03T12:00:00+00:00","article_modified_time":"2025-02-20T16:07:49+00:00","og_image":[{"width":772,"height":399,"url":"https:\/\/prodoctor.net\/blog\/wp-content\/uploads\/2020\/09\/interacoes-medicamentosas-7-min.jpg","type":"image\/jpeg"}],"author":"Geraldo Muanis","twitter_card":"summary_large_image","twitter_creator":"@prodoctorsoft","twitter_site":"@prodoctorsoft","twitter_misc":{"Escrito por":"Geraldo Muanis","Est. tempo de leitura":"9 minutos"},"schema":{"@context":"https:\/\/schema.org","@graph":[{"@type":"Article","@id":"https:\/\/prodoctor.net\/blog\/dia-nacional-do-uso-racional-de-medicamentos\/#article","isPartOf":{"@id":"https:\/\/prodoctor.net\/blog\/dia-nacional-do-uso-racional-de-medicamentos\/"},"author":{"name":"Geraldo Muanis","@id":"https:\/\/prodoctor.net\/blog\/#\/schema\/person\/fc6e8716a3a349001fce9d75ee422f84"},"headline":"Uso Racional de Medicamentos: tudo o que voc\u00ea precisa saber","datePublished":"2024-05-03T12:00:00+00:00","dateModified":"2025-02-20T16:07:49+00:00","mainEntityOfPage":{"@id":"https:\/\/prodoctor.net\/blog\/dia-nacional-do-uso-racional-de-medicamentos\/"},"wordCount":1623,"publisher":{"@id":"https:\/\/prodoctor.net\/blog\/#organization"},"image":{"@id":"https:\/\/prodoctor.net\/blog\/dia-nacional-do-uso-racional-de-medicamentos\/#primaryimage"},"thumbnailUrl":"https:\/\/prodoctor.net\/blog\/wp-content\/uploads\/2020\/09\/interacoes-medicamentosas-7-min.jpg","keywords":["medicamentos"],"articleSection":["Datas Comemorativas da Sa\u00fade","Medicamentos e Farm\u00e1cia"],"inLanguage":"pt-BR"},{"@type":"WebPage","@id":"https:\/\/prodoctor.net\/blog\/dia-nacional-do-uso-racional-de-medicamentos\/","url":"https:\/\/prodoctor.net\/blog\/dia-nacional-do-uso-racional-de-medicamentos\/","name":"Dia Nacional do Uso Racional de Medicamentos | ProDoctor","isPartOf":{"@id":"https:\/\/prodoctor.net\/blog\/#website"},"primaryImageOfPage":{"@id":"https:\/\/prodoctor.net\/blog\/dia-nacional-do-uso-racional-de-medicamentos\/#primaryimage"},"image":{"@id":"https:\/\/prodoctor.net\/blog\/dia-nacional-do-uso-racional-de-medicamentos\/#primaryimage"},"thumbnailUrl":"https:\/\/prodoctor.net\/blog\/wp-content\/uploads\/2020\/09\/interacoes-medicamentosas-7-min.jpg","datePublished":"2024-05-03T12:00:00+00:00","dateModified":"2025-02-20T16:07:49+00:00","description":"Comemora-se neste domingo o Dia Nacional do Uso Racional de Medicamentos. A data \u00e9 ideal para realizar campanhas de alerta \u00e0 popula\u00e7\u00e3o.","breadcrumb":{"@id":"https:\/\/prodoctor.net\/blog\/dia-nacional-do-uso-racional-de-medicamentos\/#breadcrumb"},"inLanguage":"pt-BR","potentialAction":[{"@type":"ReadAction","target":["https:\/\/prodoctor.net\/blog\/dia-nacional-do-uso-racional-de-medicamentos\/"]}]},{"@type":"ImageObject","inLanguage":"pt-BR","@id":"https:\/\/prodoctor.net\/blog\/dia-nacional-do-uso-racional-de-medicamentos\/#primaryimage","url":"https:\/\/prodoctor.net\/blog\/wp-content\/uploads\/2020\/09\/interacoes-medicamentosas-7-min.jpg","contentUrl":"https:\/\/prodoctor.net\/blog\/wp-content\/uploads\/2020\/09\/interacoes-medicamentosas-7-min.jpg","width":772,"height":399,"caption":"Intera\u00e7\u00f5es medicamentosas"},{"@type":"BreadcrumbList","@id":"https:\/\/prodoctor.net\/blog\/dia-nacional-do-uso-racional-de-medicamentos\/#breadcrumb","itemListElement":[{"@type":"ListItem","position":1,"name":"In\u00edcio","item":"https:\/\/prodoctor.net\/blog\/"},{"@type":"ListItem","position":2,"name":"Uso Racional de Medicamentos: tudo o que voc\u00ea precisa saber"}]},{"@type":"WebSite","@id":"https:\/\/prodoctor.net\/blog\/#website","url":"https:\/\/prodoctor.net\/blog\/","name":"Blog ProDoctor","description":"Tudo sobre o mundo da Sa\u00fade","publisher":{"@id":"https:\/\/prodoctor.net\/blog\/#organization"},"potentialAction":[{"@type":"SearchAction","target":{"@type":"EntryPoint","urlTemplate":"https:\/\/prodoctor.net\/blog\/?s={search_term_string}"},"query-input":{"@type":"PropertyValueSpecification","valueRequired":true,"valueName":"search_term_string"}}],"inLanguage":"pt-BR"},{"@type":"Organization","@id":"https:\/\/prodoctor.net\/blog\/#organization","name":"ProDoctor Software S\/A","url":"https:\/\/prodoctor.net\/blog\/","logo":{"@type":"ImageObject","inLanguage":"pt-BR","@id":"https:\/\/prodoctor.net\/blog\/#\/schema\/logo\/image\/","url":"https:\/\/prodoctor.net\/blog\/wp-content\/uploads\/2017\/01\/Logo_PDo_Lateral.png","contentUrl":"https:\/\/prodoctor.net\/blog\/wp-content\/uploads\/2017\/01\/Logo_PDo_Lateral.png","width":2014,"height":485,"caption":"ProDoctor Software S\/A"},"image":{"@id":"https:\/\/prodoctor.net\/blog\/#\/schema\/logo\/image\/"},"sameAs":["https:\/\/www.facebook.com\/prodoctorsoftware","https:\/\/x.com\/prodoctorsoft","https:\/\/www.instagram.com\/prodoctorsoftware\/","https:\/\/www.linkedin.com\/company\/prodoctor-software-ltda","https:\/\/www.youtube.com\/channel\/UCIWuDLsVtIpX-PEqQn1pNlw"]},{"@type":"Person","@id":"https:\/\/prodoctor.net\/blog\/#\/schema\/person\/fc6e8716a3a349001fce9d75ee422f84","name":"Geraldo Muanis","image":{"@type":"ImageObject","inLanguage":"pt-BR","@id":"https:\/\/prodoctor.net\/blog\/#\/schema\/person\/image\/","url":"https:\/\/secure.gravatar.com\/avatar\/414f2d04debf4ae162891e2198886ea1648baa21156e532e777093184c6fec56?s=96&d=mm&r=g","contentUrl":"https:\/\/secure.gravatar.com\/avatar\/414f2d04debf4ae162891e2198886ea1648baa21156e532e777093184c6fec56?s=96&d=mm&r=g","caption":"Geraldo Muanis"}}]}},"taxonomy_info":{"category":[{"value":410,"label":"Datas Comemorativas da Sa\u00fade"},{"value":415,"label":"Medicamentos e Farm\u00e1cia"}],"post_tag":[{"value":379,"label":"medicamentos"}]},"featured_image_src_large":["https:\/\/prodoctor.net\/blog\/wp-content\/uploads\/2020\/09\/interacoes-medicamentosas-7-min.jpg",772,399,false],"author_info":{"display_name":"Geraldo Muanis","author_link":"https:\/\/prodoctor.net\/blog\/author\/geraldo-muanis\/"},"comment_info":0,"category_info":[{"term_id":410,"name":"Datas Comemorativas da Sa\u00fade","slug":"datas-comemorativas-da-saude","term_group":0,"term_taxonomy_id":410,"taxonomy":"category","description":"","parent":0,"count":86,"filter":"raw","cat_ID":410,"category_count":86,"category_description":"","cat_name":"Datas Comemorativas da Sa\u00fade","category_nicename":"datas-comemorativas-da-saude","category_parent":0},{"term_id":415,"name":"Medicamentos e Farm\u00e1cia","slug":"medicamentos-e-farmacia","term_group":0,"term_taxonomy_id":415,"taxonomy":"category","description":"","parent":0,"count":132,"filter":"raw","cat_ID":415,"category_count":132,"category_description":"","cat_name":"Medicamentos e Farm\u00e1cia","category_nicename":"medicamentos-e-farmacia","category_parent":0}],"tag_info":[{"term_id":379,"name":"medicamentos","slug":"medicamentos","term_group":0,"term_taxonomy_id":382,"taxonomy":"post_tag","description":"","parent":0,"count":9,"filter":"raw"}],"_links":{"self":[{"href":"https:\/\/prodoctor.net\/blog\/wp-json\/wp\/v2\/posts\/29016","targetHints":{"allow":["GET"]}}],"collection":[{"href":"https:\/\/prodoctor.net\/blog\/wp-json\/wp\/v2\/posts"}],"about":[{"href":"https:\/\/prodoctor.net\/blog\/wp-json\/wp\/v2\/types\/post"}],"author":[{"embeddable":true,"href":"https:\/\/prodoctor.net\/blog\/wp-json\/wp\/v2\/users\/4"}],"replies":[{"embeddable":true,"href":"https:\/\/prodoctor.net\/blog\/wp-json\/wp\/v2\/comments?post=29016"}],"version-history":[{"count":22,"href":"https:\/\/prodoctor.net\/blog\/wp-json\/wp\/v2\/posts\/29016\/revisions"}],"predecessor-version":[{"id":29124,"href":"https:\/\/prodoctor.net\/blog\/wp-json\/wp\/v2\/posts\/29016\/revisions\/29124"}],"wp:featuredmedia":[{"embeddable":true,"href":"https:\/\/prodoctor.net\/blog\/wp-json\/wp\/v2\/media\/17372"}],"wp:attachment":[{"href":"https:\/\/prodoctor.net\/blog\/wp-json\/wp\/v2\/media?parent=29016"}],"wp:term":[{"taxonomy":"category","embeddable":true,"href":"https:\/\/prodoctor.net\/blog\/wp-json\/wp\/v2\/categories?post=29016"},{"taxonomy":"post_tag","embeddable":true,"href":"https:\/\/prodoctor.net\/blog\/wp-json\/wp\/v2\/tags?post=29016"}],"curies":[{"name":"wp","href":"https:\/\/api.w.org\/{rel}","templated":true}]}}