{"id":27356,"date":"2023-09-19T17:49:01","date_gmt":"2023-09-19T20:49:01","guid":{"rendered":"https:\/\/prodoctor.net\/blog\/?p=27356"},"modified":"2024-04-01T15:21:43","modified_gmt":"2024-04-01T18:21:43","slug":"pix-novo-visual-da-agenda-e-melhorias-no-prontuario-confira-as-novidades-do-prodoctor-cloud-clinica","status":"publish","type":"post","link":"https:\/\/prodoctor.net\/blog\/pix-novo-visual-da-agenda-e-melhorias-no-prontuario-confira-as-novidades-do-prodoctor-cloud-clinica\/","title":{"rendered":"Pix, novo visual da Agenda e melhorias no Prontu\u00e1rio: confira as novidades do ProDoctor Cloud +Cl\u00ednica"},"content":{"rendered":"\n<p><span style=\"font-weight: 400;\">O ProDoctor Cloud evolui continuamente, para que os usu\u00e1rios tenham o que h\u00e1 de mais avan\u00e7ado no seu dia a dia. Um sistema de alto desempenho, est\u00e1vel e com funcionalidades que fazem a diferen\u00e7a na vida dos profissionais. Um software simples de usar, com todos os recursos que precisa.<\/span><\/p>\n<p><span style=\"font-weight: 400;\">A <\/span><b>nova vers\u00e3o do ProDoctor Cloud <\/b><span style=\"font-weight: 400;\">j\u00e1 est\u00e1 no ar e muita coisa mudou para melhor. Confira abaixo!<\/span><\/p>\n\n\n\n<h2 class=\"wp-block-heading\">AGENDA<\/h2>\n\n\n\n<p>A interface da agenda m\u00e9dica do ProDoctor Cloud \u00e9 pensada para a melhor experi\u00eancia do usu\u00e1rio.&nbsp;<\/p>\n\n\n\n<p>O padr\u00e3o da agenda do ProDoctor \u00e9 mais minimalista, para n\u00e3o cansar a vis\u00e3o do usu\u00e1rio e \u00e9 perfeito para quem opta pelo<em> clean<\/em>. Por outro lado, sabemos que o modo mais colorido tem mais apelo visual e \u00e9 prefer\u00eancia de muitos.<\/p>\n\n\n\n<p>Como a ProDoctor pensa em cada um de seus clientes, agora a agenda do ProDoctor Cloud oferece as duas op\u00e7\u00f5es. Portanto, o usu\u00e1rio pode escolher nas prefer\u00eancias o que \u00e9 melhor para ele.&nbsp;<\/p>\n\n\n\n<p>Confira no v\u00eddeo:<\/p>\n\n\n\n<figure class=\"wp-block-video aligncenter\"><video height=\"1080\" style=\"aspect-ratio: 1080 \/ 1080;\" width=\"1080\" controls src=\"https:\/\/prodoctor.net\/blog\/wp-content\/uploads\/2023\/09\/Cores-no-ProDoctor-v04-1.mp4\"><\/video><\/figure>\n\n\n\n<h3 class=\"wp-block-heading\">Passo a passo para mudar o visual da sua agenda<\/h3>\n\n\n\n<p>&nbsp;Adicionamos uma prefer\u00eancia no cadastro de Usu\u00e1rios <strong>que permite desativar o design atual, que \u00e9 minimalista, da Agenda de Consultas.<\/strong><\/p>\n\n\n<div class=\"wp-block-image\">\n<figure class=\"aligncenter size-large\"><img decoding=\"async\" width=\"1024\" height=\"473\" src=\"https:\/\/prodoctor.net\/blog\/wp-content\/uploads\/2023\/09\/preferencia-agenda-minimalista-1024x473.png\" alt=\"\" class=\"wp-image-27366\" srcset=\"https:\/\/prodoctor.net\/blog\/wp-content\/uploads\/2023\/09\/preferencia-agenda-minimalista-1024x473.png 1024w, https:\/\/prodoctor.net\/blog\/wp-content\/uploads\/2023\/09\/preferencia-agenda-minimalista-300x139.png 300w, https:\/\/prodoctor.net\/blog\/wp-content\/uploads\/2023\/09\/preferencia-agenda-minimalista-768x355.png 768w, https:\/\/prodoctor.net\/blog\/wp-content\/uploads\/2023\/09\/preferencia-agenda-minimalista-1080x499.png 1080w, https:\/\/prodoctor.net\/blog\/wp-content\/uploads\/2023\/09\/preferencia-agenda-minimalista.png 1170w\" sizes=\"(max-width: 1024px) 100vw, 1024px\" \/><\/figure>\n<\/div>\n\n\n<p>Com a prefer\u00eancia marcada, <strong>a Agenda de Consultas passa a ser exibida em um novo formato, trazendo um maior destaque aos agendamentos (de acordo com o status de comparecimento dos pacientes)<\/strong>.<\/p>\n\n\n<div class=\"wp-block-image\">\n<figure class=\"aligncenter size-large\"><img decoding=\"async\" width=\"1024\" height=\"570\" src=\"https:\/\/prodoctor.net\/blog\/wp-content\/uploads\/2023\/09\/agenda-nao-minimalista-1024x570.png\" alt=\"\" class=\"wp-image-27367\" srcset=\"https:\/\/prodoctor.net\/blog\/wp-content\/uploads\/2023\/09\/agenda-nao-minimalista-1024x570.png 1024w, https:\/\/prodoctor.net\/blog\/wp-content\/uploads\/2023\/09\/agenda-nao-minimalista-300x167.png 300w, https:\/\/prodoctor.net\/blog\/wp-content\/uploads\/2023\/09\/agenda-nao-minimalista-768x428.png 768w, https:\/\/prodoctor.net\/blog\/wp-content\/uploads\/2023\/09\/agenda-nao-minimalista-1080x601.png 1080w, https:\/\/prodoctor.net\/blog\/wp-content\/uploads\/2023\/09\/agenda-nao-minimalista.png 1101w\" sizes=\"(max-width: 1024px) 100vw, 1024px\" \/><\/figure>\n<\/div>\n\n\n<p><strong>O status de comparecimento <em>Faltou<\/em> agora \u00e9 indicado pelo F no \u00edcone do agendamento (recurso aplicado em ambos os estilos da agenda)<\/strong>. No exemplo abaixo, pode-se observar um <em>Exame<\/em> com o status <em>Faltou<\/em> marcado:<\/p>\n\n\n<div class=\"wp-block-image\">\n<figure class=\"aligncenter size-full\"><img decoding=\"async\" width=\"431\" height=\"100\" src=\"https:\/\/prodoctor.net\/blog\/wp-content\/uploads\/2023\/09\/faltou-agenda.png\" alt=\"\" class=\"wp-image-27374\" srcset=\"https:\/\/prodoctor.net\/blog\/wp-content\/uploads\/2023\/09\/faltou-agenda.png 431w, https:\/\/prodoctor.net\/blog\/wp-content\/uploads\/2023\/09\/faltou-agenda-300x70.png 300w\" sizes=\"(max-width: 431px) 100vw, 431px\" \/><\/figure>\n<\/div>\n\n\n<p>E, quando o paciente confirmar um agendamento via WhatsApp\/SMS, <strong>o agendamento ficar\u00e1 destacado em verde, similar ao que acontece quando o status <em>Confirmado<\/em> \u00e9 marcado<\/strong>.<\/p>\n\n\n<div class=\"wp-block-image\">\n<figure class=\"aligncenter size-full\"><img decoding=\"async\" width=\"1019\" height=\"403\" src=\"https:\/\/prodoctor.net\/blog\/wp-content\/uploads\/2023\/09\/confirmada-paciente.png\" alt=\"\" class=\"wp-image-27368\" srcset=\"https:\/\/prodoctor.net\/blog\/wp-content\/uploads\/2023\/09\/confirmada-paciente.png 1019w, https:\/\/prodoctor.net\/blog\/wp-content\/uploads\/2023\/09\/confirmada-paciente-300x119.png 300w, https:\/\/prodoctor.net\/blog\/wp-content\/uploads\/2023\/09\/confirmada-paciente-768x304.png 768w\" sizes=\"(max-width: 1019px) 100vw, 1019px\" \/><\/figure>\n<\/div>\n\n\n<h2 class=\"wp-block-heading\">Prontu\u00e1rio<\/h2>\n\n\n\n<p><span style=\"font-weight: 400;\">Realizamos algumas modifica\u00e7\u00f5es, que visam uma experi\u00eancia ainda melhor para os usu\u00e1rios.<\/span><\/p>\n<p><span style=\"font-weight: 400;\">&#8211; Adicionamos uma prefer\u00eancia no cadastro de Usu\u00e1rios <\/span><b>que permite aumentar a fonte dos medicamentos na impress\u00e3o de receitas<\/b><span style=\"font-weight: 400;\">.<\/span><\/p>\n\n\n<div class=\"wp-block-image\">\n<figure class=\"aligncenter size-large\"><img decoding=\"async\" width=\"1024\" height=\"419\" src=\"https:\/\/prodoctor.net\/blog\/wp-content\/uploads\/2023\/09\/preferencia-fonte-CLOUD-1-1024x419.png\" alt=\"\" class=\"wp-image-27372\" srcset=\"https:\/\/prodoctor.net\/blog\/wp-content\/uploads\/2023\/09\/preferencia-fonte-CLOUD-1-1024x419.png 1024w, https:\/\/prodoctor.net\/blog\/wp-content\/uploads\/2023\/09\/preferencia-fonte-CLOUD-1-300x123.png 300w, https:\/\/prodoctor.net\/blog\/wp-content\/uploads\/2023\/09\/preferencia-fonte-CLOUD-1-768x314.png 768w, https:\/\/prodoctor.net\/blog\/wp-content\/uploads\/2023\/09\/preferencia-fonte-CLOUD-1.png 1047w\" sizes=\"(max-width: 1024px) 100vw, 1024px\" \/><\/figure>\n<\/div>\n\n<div class=\"wp-block-image\">\n<figure class=\"aligncenter size-full\"><img decoding=\"async\" width=\"743\" height=\"943\" src=\"https:\/\/prodoctor.net\/blog\/wp-content\/uploads\/2023\/09\/aumento-fonte-medicamento-receita-cloud.png\" alt=\"\" class=\"wp-image-27369\" srcset=\"https:\/\/prodoctor.net\/blog\/wp-content\/uploads\/2023\/09\/aumento-fonte-medicamento-receita-cloud.png 743w, https:\/\/prodoctor.net\/blog\/wp-content\/uploads\/2023\/09\/aumento-fonte-medicamento-receita-cloud-236x300.png 236w\" sizes=\"(max-width: 743px) 100vw, 743px\" \/><\/figure>\n<\/div>\n\n\n<h2 class=\"wp-block-heading\">FINANCEIRO<\/h2>\n\n\n\n<p><span style=\"font-weight: 400;\">&#8211; Adicionamos a possibilidade de definir <\/span><b>a taxa a ser cobrada, e a tarifa m\u00ednima e m\u00e1xima (em reais) para a forma de pagamento PIX<\/b><span style=\"font-weight: 400;\">.<\/span><\/p>\n\n\n<div class=\"wp-block-image\">\n<figure class=\"aligncenter size-full\"><img decoding=\"async\" width=\"1018\" height=\"543\" src=\"https:\/\/prodoctor.net\/blog\/wp-content\/uploads\/2023\/09\/tarifas-pix.png\" alt=\"\" class=\"wp-image-27376\" srcset=\"https:\/\/prodoctor.net\/blog\/wp-content\/uploads\/2023\/09\/tarifas-pix.png 1018w, https:\/\/prodoctor.net\/blog\/wp-content\/uploads\/2023\/09\/tarifas-pix-300x160.png 300w, https:\/\/prodoctor.net\/blog\/wp-content\/uploads\/2023\/09\/tarifas-pix-768x410.png 768w\" sizes=\"(max-width: 1018px) 100vw, 1018px\" \/><\/figure>\n<\/div>\n\n\n<p>Portanto, \u00e9 poss\u00edvel agora aplicar a taxa a ser cobrada em um lan\u00e7amento e, desta forma, se o valor <strong>resultar em um valor menor que a tarifa m\u00ednima ou maior que a tarifa m\u00e1xima<\/strong>, <strong>o valor respectivo ser\u00e1 atribu\u00eddo \u00e0 taxa. O hist\u00f3rico do lan\u00e7amento no <em>Contas a Pagar e Receber<\/em> sempre trar\u00e1 essa informa\u00e7\u00e3o<\/strong>.<\/p>\n\n\n<div class=\"wp-block-image\">\n<figure class=\"aligncenter size-large\"><img decoding=\"async\" width=\"1024\" height=\"501\" src=\"https:\/\/prodoctor.net\/blog\/wp-content\/uploads\/2023\/09\/tarifa-maxima-pix-conta-1024x501.png\" alt=\"\" class=\"wp-image-27377\" srcset=\"https:\/\/prodoctor.net\/blog\/wp-content\/uploads\/2023\/09\/tarifa-maxima-pix-conta-1024x501.png 1024w, https:\/\/prodoctor.net\/blog\/wp-content\/uploads\/2023\/09\/tarifa-maxima-pix-conta-300x147.png 300w, https:\/\/prodoctor.net\/blog\/wp-content\/uploads\/2023\/09\/tarifa-maxima-pix-conta-768x376.png 768w, https:\/\/prodoctor.net\/blog\/wp-content\/uploads\/2023\/09\/tarifa-maxima-pix-conta-1080x529.png 1080w, https:\/\/prodoctor.net\/blog\/wp-content\/uploads\/2023\/09\/tarifa-maxima-pix-conta.png 1240w\" sizes=\"(max-width: 1024px) 100vw, 1024px\" \/><\/figure>\n<\/div>\n\n\n<p class=\"has-text-align-left\">As funcionalidades mencionadas neste texto <strong>exigem que os usu\u00e1rios tenham permiss\u00e3o para execut\u00e1-las.<\/strong> Verifique o perfil de acesso utilizado por eles <strong>para conceder tais permiss\u00f5es.<\/strong><\/p>\n\n\n\n<p>Nosso time est\u00e1 empenhado em trazer inova\u00e7\u00f5es continuamente, agregando valor ao seu consult\u00f3rio ou cl\u00ednica. Por isso, fique sempre atento \u00e0s novidades. Em caso de d\u00favidas, entre em contato com nossa <strong>Central de Suporte<\/strong> atrav\u00e9s do telefone <strong>(32) 3311-4510<\/strong>.<\/p>\n","protected":false},"excerpt":{"rendered":"<p>Agora voc\u00ea pode escolher entre um visual mais clean ou mais colorido na Agenda, receber pagamentos por Pix e mais. Vem ver todas as novidades!<\/p>\n","protected":false},"author":11,"featured_media":27383,"comment_status":"closed","ping_status":"closed","sticky":false,"template":"","format":"standard","meta":{"_kad_blocks_custom_css":"","_kad_blocks_head_custom_js":"","_kad_blocks_body_custom_js":"","_kad_blocks_footer_custom_js":"","_kadence_starter_templates_imported_post":false,"_kad_post_transparent":"","_kad_post_title":"","_kad_post_layout":"","_kad_post_sidebar_id":"","_kad_post_content_style":"","_kad_post_vertical_padding":"","_kad_post_feature":"","_kad_post_feature_position":"","_kad_post_header":false,"_kad_post_footer":false,"footnotes":""},"categories":[408,1126,938],"tags":[],"class_list":["post-27356","post","type-post","status-publish","format-standard","has-post-thumbnail","hentry","category-aplicativos-para-medicos-e-pacientes","category-novidades-cloud-clinica","category-o-que-ha-de-novo"],"yoast_head":"<!-- This site is optimized with the Yoast SEO plugin v27.0 - https:\/\/yoast.com\/product\/yoast-seo-wordpress\/ -->\n<title>Novidades no ProDoctor Cloud +Cl\u00ednica- Blog ProDoctor<\/title>\n<meta name=\"description\" content=\"Pix, novo visual da Agenda e melhorias no Prontu\u00e1rio: confira as novidades do ProDoctor Cloud +Cl\u00ednica\" \/>\n<meta name=\"robots\" content=\"index, follow, max-snippet:-1, max-image-preview:large, max-video-preview:-1\" \/>\n<link rel=\"canonical\" href=\"https:\/\/prodoctor.net\/blog\/pix-novo-visual-da-agenda-e-melhorias-no-prontuario-confira-as-novidades-do-prodoctor-cloud-clinica\/\" \/>\n<meta property=\"og:locale\" content=\"pt_BR\" \/>\n<meta property=\"og:type\" content=\"article\" \/>\n<meta property=\"og:title\" content=\"Novidades no ProDoctor Cloud +Cl\u00ednica- Blog ProDoctor\" \/>\n<meta property=\"og:description\" content=\"Pix, novo visual da Agenda e melhorias no Prontu\u00e1rio: confira as novidades do ProDoctor Cloud +Cl\u00ednica\" \/>\n<meta property=\"og:url\" content=\"https:\/\/prodoctor.net\/blog\/pix-novo-visual-da-agenda-e-melhorias-no-prontuario-confira-as-novidades-do-prodoctor-cloud-clinica\/\" \/>\n<meta property=\"og:site_name\" content=\"Blog ProDoctor\" \/>\n<meta property=\"article:publisher\" content=\"https:\/\/www.facebook.com\/prodoctorsoftware\" \/>\n<meta property=\"article:published_time\" content=\"2023-09-19T20:49:01+00:00\" \/>\n<meta property=\"article:modified_time\" content=\"2024-04-01T18:21:43+00:00\" \/>\n<meta property=\"og:image\" content=\"https:\/\/prodoctor.net\/blog\/wp-content\/uploads\/2023\/09\/cloud-clinica-atualizado-02.png\" \/>\n\t<meta property=\"og:image:width\" content=\"770\" \/>\n\t<meta property=\"og:image:height\" content=\"400\" \/>\n\t<meta property=\"og:image:type\" content=\"image\/png\" \/>\n<meta name=\"author\" content=\"L\u00edvia Cajueiro\" \/>\n<meta name=\"twitter:card\" content=\"summary_large_image\" \/>\n<meta name=\"twitter:creator\" content=\"@prodoctorsoft\" \/>\n<meta name=\"twitter:site\" content=\"@prodoctorsoft\" \/>\n<meta name=\"twitter:label1\" content=\"Escrito por\" \/>\n\t<meta name=\"twitter:data1\" content=\"L\u00edvia Cajueiro\" \/>\n\t<meta name=\"twitter:label2\" content=\"Est. tempo de leitura\" \/>\n\t<meta name=\"twitter:data2\" content=\"5 minutos\" \/>\n<script type=\"application\/ld+json\" class=\"yoast-schema-graph\">{\"@context\":\"https:\/\/schema.org\",\"@graph\":[{\"@type\":\"Article\",\"@id\":\"https:\/\/prodoctor.net\/blog\/pix-novo-visual-da-agenda-e-melhorias-no-prontuario-confira-as-novidades-do-prodoctor-cloud-clinica\/#article\",\"isPartOf\":{\"@id\":\"https:\/\/prodoctor.net\/blog\/pix-novo-visual-da-agenda-e-melhorias-no-prontuario-confira-as-novidades-do-prodoctor-cloud-clinica\/\"},\"author\":{\"name\":\"L\u00edvia Cajueiro\",\"@id\":\"https:\/\/prodoctor.net\/blog\/#\/schema\/person\/b4e6451b0035658e23a6171c74ba126a\"},\"headline\":\"Pix, novo visual da Agenda e melhorias no Prontu\u00e1rio: confira as novidades do ProDoctor Cloud +Cl\u00ednica\",\"datePublished\":\"2023-09-19T20:49:01+00:00\",\"dateModified\":\"2024-04-01T18:21:43+00:00\",\"mainEntityOfPage\":{\"@id\":\"https:\/\/prodoctor.net\/blog\/pix-novo-visual-da-agenda-e-melhorias-no-prontuario-confira-as-novidades-do-prodoctor-cloud-clinica\/\"},\"wordCount\":516,\"publisher\":{\"@id\":\"https:\/\/prodoctor.net\/blog\/#organization\"},\"image\":{\"@id\":\"https:\/\/prodoctor.net\/blog\/pix-novo-visual-da-agenda-e-melhorias-no-prontuario-confira-as-novidades-do-prodoctor-cloud-clinica\/#primaryimage\"},\"thumbnailUrl\":\"https:\/\/prodoctor.net\/blog\/wp-content\/uploads\/2023\/09\/cloud-clinica-atualizado-02.png\",\"articleSection\":[\"Aplicativos para m\u00e9dicos e pacientes\",\"Novidades Cloud +Cl\u00ednica\",\"O que h\u00e1 de novo?\"],\"inLanguage\":\"pt-BR\"},{\"@type\":\"WebPage\",\"@id\":\"https:\/\/prodoctor.net\/blog\/pix-novo-visual-da-agenda-e-melhorias-no-prontuario-confira-as-novidades-do-prodoctor-cloud-clinica\/\",\"url\":\"https:\/\/prodoctor.net\/blog\/pix-novo-visual-da-agenda-e-melhorias-no-prontuario-confira-as-novidades-do-prodoctor-cloud-clinica\/\",\"name\":\"Novidades no ProDoctor Cloud +Cl\u00ednica- Blog ProDoctor\",\"isPartOf\":{\"@id\":\"https:\/\/prodoctor.net\/blog\/#website\"},\"primaryImageOfPage\":{\"@id\":\"https:\/\/prodoctor.net\/blog\/pix-novo-visual-da-agenda-e-melhorias-no-prontuario-confira-as-novidades-do-prodoctor-cloud-clinica\/#primaryimage\"},\"image\":{\"@id\":\"https:\/\/prodoctor.net\/blog\/pix-novo-visual-da-agenda-e-melhorias-no-prontuario-confira-as-novidades-do-prodoctor-cloud-clinica\/#primaryimage\"},\"thumbnailUrl\":\"https:\/\/prodoctor.net\/blog\/wp-content\/uploads\/2023\/09\/cloud-clinica-atualizado-02.png\",\"datePublished\":\"2023-09-19T20:49:01+00:00\",\"dateModified\":\"2024-04-01T18:21:43+00:00\",\"description\":\"Pix, novo visual da Agenda e melhorias no Prontu\u00e1rio: confira as novidades do ProDoctor Cloud +Cl\u00ednica\",\"breadcrumb\":{\"@id\":\"https:\/\/prodoctor.net\/blog\/pix-novo-visual-da-agenda-e-melhorias-no-prontuario-confira-as-novidades-do-prodoctor-cloud-clinica\/#breadcrumb\"},\"inLanguage\":\"pt-BR\",\"potentialAction\":[{\"@type\":\"ReadAction\",\"target\":[\"https:\/\/prodoctor.net\/blog\/pix-novo-visual-da-agenda-e-melhorias-no-prontuario-confira-as-novidades-do-prodoctor-cloud-clinica\/\"]}]},{\"@type\":\"ImageObject\",\"inLanguage\":\"pt-BR\",\"@id\":\"https:\/\/prodoctor.net\/blog\/pix-novo-visual-da-agenda-e-melhorias-no-prontuario-confira-as-novidades-do-prodoctor-cloud-clinica\/#primaryimage\",\"url\":\"https:\/\/prodoctor.net\/blog\/wp-content\/uploads\/2023\/09\/cloud-clinica-atualizado-02.png\",\"contentUrl\":\"https:\/\/prodoctor.net\/blog\/wp-content\/uploads\/2023\/09\/cloud-clinica-atualizado-02.png\",\"width\":770,\"height\":400},{\"@type\":\"BreadcrumbList\",\"@id\":\"https:\/\/prodoctor.net\/blog\/pix-novo-visual-da-agenda-e-melhorias-no-prontuario-confira-as-novidades-do-prodoctor-cloud-clinica\/#breadcrumb\",\"itemListElement\":[{\"@type\":\"ListItem\",\"position\":1,\"name\":\"In\u00edcio\",\"item\":\"https:\/\/prodoctor.net\/blog\/\"},{\"@type\":\"ListItem\",\"position\":2,\"name\":\"Pix, novo visual da Agenda e melhorias no Prontu\u00e1rio: confira as novidades do ProDoctor Cloud +Cl\u00ednica\"}]},{\"@type\":\"WebSite\",\"@id\":\"https:\/\/prodoctor.net\/blog\/#website\",\"url\":\"https:\/\/prodoctor.net\/blog\/\",\"name\":\"Blog ProDoctor\",\"description\":\"Tudo sobre o mundo da Sa\u00fade\",\"publisher\":{\"@id\":\"https:\/\/prodoctor.net\/blog\/#organization\"},\"potentialAction\":[{\"@type\":\"SearchAction\",\"target\":{\"@type\":\"EntryPoint\",\"urlTemplate\":\"https:\/\/prodoctor.net\/blog\/?s={search_term_string}\"},\"query-input\":{\"@type\":\"PropertyValueSpecification\",\"valueRequired\":true,\"valueName\":\"search_term_string\"}}],\"inLanguage\":\"pt-BR\"},{\"@type\":\"Organization\",\"@id\":\"https:\/\/prodoctor.net\/blog\/#organization\",\"name\":\"ProDoctor Software S\/A\",\"url\":\"https:\/\/prodoctor.net\/blog\/\",\"logo\":{\"@type\":\"ImageObject\",\"inLanguage\":\"pt-BR\",\"@id\":\"https:\/\/prodoctor.net\/blog\/#\/schema\/logo\/image\/\",\"url\":\"https:\/\/prodoctor.net\/blog\/wp-content\/uploads\/2017\/01\/Logo_PDo_Lateral.png\",\"contentUrl\":\"https:\/\/prodoctor.net\/blog\/wp-content\/uploads\/2017\/01\/Logo_PDo_Lateral.png\",\"width\":2014,\"height\":485,\"caption\":\"ProDoctor Software S\/A\"},\"image\":{\"@id\":\"https:\/\/prodoctor.net\/blog\/#\/schema\/logo\/image\/\"},\"sameAs\":[\"https:\/\/www.facebook.com\/prodoctorsoftware\",\"https:\/\/x.com\/prodoctorsoft\",\"https:\/\/www.instagram.com\/prodoctorsoftware\/\",\"https:\/\/www.linkedin.com\/company\/prodoctor-software-ltda\",\"https:\/\/www.youtube.com\/channel\/UCIWuDLsVtIpX-PEqQn1pNlw\"]},{\"@type\":\"Person\",\"@id\":\"https:\/\/prodoctor.net\/blog\/#\/schema\/person\/b4e6451b0035658e23a6171c74ba126a\",\"name\":\"L\u00edvia Cajueiro\",\"image\":{\"@type\":\"ImageObject\",\"inLanguage\":\"pt-BR\",\"@id\":\"https:\/\/prodoctor.net\/blog\/#\/schema\/person\/image\/\",\"url\":\"https:\/\/secure.gravatar.com\/avatar\/51c56d7bbf6010466bca91264e721a83e8345256f1a0057f5507ec910afe89e0?s=96&d=mm&r=g\",\"contentUrl\":\"https:\/\/secure.gravatar.com\/avatar\/51c56d7bbf6010466bca91264e721a83e8345256f1a0057f5507ec910afe89e0?s=96&d=mm&r=g\",\"caption\":\"L\u00edvia Cajueiro\"}}]}<\/script>\n<!-- \/ Yoast SEO plugin. -->","yoast_head_json":{"title":"Novidades no ProDoctor Cloud +Cl\u00ednica- Blog ProDoctor","description":"Pix, novo visual da Agenda e melhorias no Prontu\u00e1rio: confira as novidades do ProDoctor Cloud +Cl\u00ednica","robots":{"index":"index","follow":"follow","max-snippet":"max-snippet:-1","max-image-preview":"max-image-preview:large","max-video-preview":"max-video-preview:-1"},"canonical":"https:\/\/prodoctor.net\/blog\/pix-novo-visual-da-agenda-e-melhorias-no-prontuario-confira-as-novidades-do-prodoctor-cloud-clinica\/","og_locale":"pt_BR","og_type":"article","og_title":"Novidades no ProDoctor Cloud +Cl\u00ednica- Blog ProDoctor","og_description":"Pix, novo visual da Agenda e melhorias no Prontu\u00e1rio: confira as novidades do ProDoctor Cloud +Cl\u00ednica","og_url":"https:\/\/prodoctor.net\/blog\/pix-novo-visual-da-agenda-e-melhorias-no-prontuario-confira-as-novidades-do-prodoctor-cloud-clinica\/","og_site_name":"Blog ProDoctor","article_publisher":"https:\/\/www.facebook.com\/prodoctorsoftware","article_published_time":"2023-09-19T20:49:01+00:00","article_modified_time":"2024-04-01T18:21:43+00:00","og_image":[{"width":770,"height":400,"url":"https:\/\/prodoctor.net\/blog\/wp-content\/uploads\/2023\/09\/cloud-clinica-atualizado-02.png","type":"image\/png"}],"author":"L\u00edvia Cajueiro","twitter_card":"summary_large_image","twitter_creator":"@prodoctorsoft","twitter_site":"@prodoctorsoft","twitter_misc":{"Escrito por":"L\u00edvia Cajueiro","Est. tempo de leitura":"5 minutos"},"schema":{"@context":"https:\/\/schema.org","@graph":[{"@type":"Article","@id":"https:\/\/prodoctor.net\/blog\/pix-novo-visual-da-agenda-e-melhorias-no-prontuario-confira-as-novidades-do-prodoctor-cloud-clinica\/#article","isPartOf":{"@id":"https:\/\/prodoctor.net\/blog\/pix-novo-visual-da-agenda-e-melhorias-no-prontuario-confira-as-novidades-do-prodoctor-cloud-clinica\/"},"author":{"name":"L\u00edvia Cajueiro","@id":"https:\/\/prodoctor.net\/blog\/#\/schema\/person\/b4e6451b0035658e23a6171c74ba126a"},"headline":"Pix, novo visual da Agenda e melhorias no Prontu\u00e1rio: confira as novidades do ProDoctor Cloud +Cl\u00ednica","datePublished":"2023-09-19T20:49:01+00:00","dateModified":"2024-04-01T18:21:43+00:00","mainEntityOfPage":{"@id":"https:\/\/prodoctor.net\/blog\/pix-novo-visual-da-agenda-e-melhorias-no-prontuario-confira-as-novidades-do-prodoctor-cloud-clinica\/"},"wordCount":516,"publisher":{"@id":"https:\/\/prodoctor.net\/blog\/#organization"},"image":{"@id":"https:\/\/prodoctor.net\/blog\/pix-novo-visual-da-agenda-e-melhorias-no-prontuario-confira-as-novidades-do-prodoctor-cloud-clinica\/#primaryimage"},"thumbnailUrl":"https:\/\/prodoctor.net\/blog\/wp-content\/uploads\/2023\/09\/cloud-clinica-atualizado-02.png","articleSection":["Aplicativos para m\u00e9dicos e pacientes","Novidades Cloud +Cl\u00ednica","O que h\u00e1 de novo?"],"inLanguage":"pt-BR"},{"@type":"WebPage","@id":"https:\/\/prodoctor.net\/blog\/pix-novo-visual-da-agenda-e-melhorias-no-prontuario-confira-as-novidades-do-prodoctor-cloud-clinica\/","url":"https:\/\/prodoctor.net\/blog\/pix-novo-visual-da-agenda-e-melhorias-no-prontuario-confira-as-novidades-do-prodoctor-cloud-clinica\/","name":"Novidades no ProDoctor Cloud +Cl\u00ednica- Blog ProDoctor","isPartOf":{"@id":"https:\/\/prodoctor.net\/blog\/#website"},"primaryImageOfPage":{"@id":"https:\/\/prodoctor.net\/blog\/pix-novo-visual-da-agenda-e-melhorias-no-prontuario-confira-as-novidades-do-prodoctor-cloud-clinica\/#primaryimage"},"image":{"@id":"https:\/\/prodoctor.net\/blog\/pix-novo-visual-da-agenda-e-melhorias-no-prontuario-confira-as-novidades-do-prodoctor-cloud-clinica\/#primaryimage"},"thumbnailUrl":"https:\/\/prodoctor.net\/blog\/wp-content\/uploads\/2023\/09\/cloud-clinica-atualizado-02.png","datePublished":"2023-09-19T20:49:01+00:00","dateModified":"2024-04-01T18:21:43+00:00","description":"Pix, novo visual da Agenda e melhorias no Prontu\u00e1rio: confira as novidades do ProDoctor Cloud +Cl\u00ednica","breadcrumb":{"@id":"https:\/\/prodoctor.net\/blog\/pix-novo-visual-da-agenda-e-melhorias-no-prontuario-confira-as-novidades-do-prodoctor-cloud-clinica\/#breadcrumb"},"inLanguage":"pt-BR","potentialAction":[{"@type":"ReadAction","target":["https:\/\/prodoctor.net\/blog\/pix-novo-visual-da-agenda-e-melhorias-no-prontuario-confira-as-novidades-do-prodoctor-cloud-clinica\/"]}]},{"@type":"ImageObject","inLanguage":"pt-BR","@id":"https:\/\/prodoctor.net\/blog\/pix-novo-visual-da-agenda-e-melhorias-no-prontuario-confira-as-novidades-do-prodoctor-cloud-clinica\/#primaryimage","url":"https:\/\/prodoctor.net\/blog\/wp-content\/uploads\/2023\/09\/cloud-clinica-atualizado-02.png","contentUrl":"https:\/\/prodoctor.net\/blog\/wp-content\/uploads\/2023\/09\/cloud-clinica-atualizado-02.png","width":770,"height":400},{"@type":"BreadcrumbList","@id":"https:\/\/prodoctor.net\/blog\/pix-novo-visual-da-agenda-e-melhorias-no-prontuario-confira-as-novidades-do-prodoctor-cloud-clinica\/#breadcrumb","itemListElement":[{"@type":"ListItem","position":1,"name":"In\u00edcio","item":"https:\/\/prodoctor.net\/blog\/"},{"@type":"ListItem","position":2,"name":"Pix, novo visual da Agenda e melhorias no Prontu\u00e1rio: confira as novidades do ProDoctor Cloud +Cl\u00ednica"}]},{"@type":"WebSite","@id":"https:\/\/prodoctor.net\/blog\/#website","url":"https:\/\/prodoctor.net\/blog\/","name":"Blog ProDoctor","description":"Tudo sobre o mundo da Sa\u00fade","publisher":{"@id":"https:\/\/prodoctor.net\/blog\/#organization"},"potentialAction":[{"@type":"SearchAction","target":{"@type":"EntryPoint","urlTemplate":"https:\/\/prodoctor.net\/blog\/?s={search_term_string}"},"query-input":{"@type":"PropertyValueSpecification","valueRequired":true,"valueName":"search_term_string"}}],"inLanguage":"pt-BR"},{"@type":"Organization","@id":"https:\/\/prodoctor.net\/blog\/#organization","name":"ProDoctor Software S\/A","url":"https:\/\/prodoctor.net\/blog\/","logo":{"@type":"ImageObject","inLanguage":"pt-BR","@id":"https:\/\/prodoctor.net\/blog\/#\/schema\/logo\/image\/","url":"https:\/\/prodoctor.net\/blog\/wp-content\/uploads\/2017\/01\/Logo_PDo_Lateral.png","contentUrl":"https:\/\/prodoctor.net\/blog\/wp-content\/uploads\/2017\/01\/Logo_PDo_Lateral.png","width":2014,"height":485,"caption":"ProDoctor Software S\/A"},"image":{"@id":"https:\/\/prodoctor.net\/blog\/#\/schema\/logo\/image\/"},"sameAs":["https:\/\/www.facebook.com\/prodoctorsoftware","https:\/\/x.com\/prodoctorsoft","https:\/\/www.instagram.com\/prodoctorsoftware\/","https:\/\/www.linkedin.com\/company\/prodoctor-software-ltda","https:\/\/www.youtube.com\/channel\/UCIWuDLsVtIpX-PEqQn1pNlw"]},{"@type":"Person","@id":"https:\/\/prodoctor.net\/blog\/#\/schema\/person\/b4e6451b0035658e23a6171c74ba126a","name":"L\u00edvia Cajueiro","image":{"@type":"ImageObject","inLanguage":"pt-BR","@id":"https:\/\/prodoctor.net\/blog\/#\/schema\/person\/image\/","url":"https:\/\/secure.gravatar.com\/avatar\/51c56d7bbf6010466bca91264e721a83e8345256f1a0057f5507ec910afe89e0?s=96&d=mm&r=g","contentUrl":"https:\/\/secure.gravatar.com\/avatar\/51c56d7bbf6010466bca91264e721a83e8345256f1a0057f5507ec910afe89e0?s=96&d=mm&r=g","caption":"L\u00edvia Cajueiro"}}]}},"taxonomy_info":{"category":[{"value":408,"label":"Aplicativos para m\u00e9dicos e pacientes"},{"value":1126,"label":"Novidades Cloud +Cl\u00ednica"},{"value":938,"label":"O que h\u00e1 de novo?"}]},"featured_image_src_large":["https:\/\/prodoctor.net\/blog\/wp-content\/uploads\/2023\/09\/cloud-clinica-atualizado-02.png",770,400,false],"author_info":{"display_name":"L\u00edvia Cajueiro","author_link":"https:\/\/prodoctor.net\/blog\/author\/livia-cajueiro\/"},"comment_info":0,"category_info":[{"term_id":408,"name":"Aplicativos para m\u00e9dicos e pacientes","slug":"aplicativos-para-medicos-e-pacientes","term_group":0,"term_taxonomy_id":408,"taxonomy":"category","description":"","parent":0,"count":87,"filter":"raw","cat_ID":408,"category_count":87,"category_description":"","cat_name":"Aplicativos para m\u00e9dicos e pacientes","category_nicename":"aplicativos-para-medicos-e-pacientes","category_parent":0},{"term_id":1126,"name":"Novidades Cloud +Cl\u00ednica","slug":"novidades-cloud-clinica","term_group":0,"term_taxonomy_id":1126,"taxonomy":"category","description":"","parent":0,"count":5,"filter":"raw","cat_ID":1126,"category_count":5,"category_description":"","cat_name":"Novidades Cloud +Cl\u00ednica","category_nicename":"novidades-cloud-clinica","category_parent":0},{"term_id":938,"name":"O que h\u00e1 de novo?","slug":"o-que-ha-de-novo","term_group":0,"term_taxonomy_id":938,"taxonomy":"category","description":"","parent":0,"count":33,"filter":"raw","cat_ID":938,"category_count":33,"category_description":"","cat_name":"O que h\u00e1 de novo?","category_nicename":"o-que-ha-de-novo","category_parent":0}],"tag_info":false,"_links":{"self":[{"href":"https:\/\/prodoctor.net\/blog\/wp-json\/wp\/v2\/posts\/27356","targetHints":{"allow":["GET"]}}],"collection":[{"href":"https:\/\/prodoctor.net\/blog\/wp-json\/wp\/v2\/posts"}],"about":[{"href":"https:\/\/prodoctor.net\/blog\/wp-json\/wp\/v2\/types\/post"}],"author":[{"embeddable":true,"href":"https:\/\/prodoctor.net\/blog\/wp-json\/wp\/v2\/users\/11"}],"replies":[{"embeddable":true,"href":"https:\/\/prodoctor.net\/blog\/wp-json\/wp\/v2\/comments?post=27356"}],"version-history":[{"count":6,"href":"https:\/\/prodoctor.net\/blog\/wp-json\/wp\/v2\/posts\/27356\/revisions"}],"predecessor-version":[{"id":27378,"href":"https:\/\/prodoctor.net\/blog\/wp-json\/wp\/v2\/posts\/27356\/revisions\/27378"}],"wp:featuredmedia":[{"embeddable":true,"href":"https:\/\/prodoctor.net\/blog\/wp-json\/wp\/v2\/media\/27383"}],"wp:attachment":[{"href":"https:\/\/prodoctor.net\/blog\/wp-json\/wp\/v2\/media?parent=27356"}],"wp:term":[{"taxonomy":"category","embeddable":true,"href":"https:\/\/prodoctor.net\/blog\/wp-json\/wp\/v2\/categories?post=27356"},{"taxonomy":"post_tag","embeddable":true,"href":"https:\/\/prodoctor.net\/blog\/wp-json\/wp\/v2\/tags?post=27356"}],"curies":[{"name":"wp","href":"https:\/\/api.w.org\/{rel}","templated":true}]}}