{"id":27347,"date":"2023-09-19T17:48:23","date_gmt":"2023-09-19T20:48:23","guid":{"rendered":"https:\/\/prodoctor.net\/blog\/?p=27347"},"modified":"2024-03-01T14:43:00","modified_gmt":"2024-03-01T17:43:00","slug":"agenda-com-novo-visual-e-melhorias-no-prontuario-confira-as-novidades-do-prodoctor-cloud","status":"publish","type":"post","link":"https:\/\/prodoctor.net\/blog\/agenda-com-novo-visual-e-melhorias-no-prontuario-confira-as-novidades-do-prodoctor-cloud\/","title":{"rendered":"Agenda com novo visual e melhorias no Prontu\u00e1rio: confira as novidades do ProDoctor Cloud"},"content":{"rendered":"\n<p><span style=\"font-weight: 400;\">O ProDoctor Cloud evolui continuamente, para que os usu\u00e1rios tenham o que h\u00e1 de mais avan\u00e7ado no seu dia a dia. Um sistema de alto desempenho, est\u00e1vel e com funcionalidades que fazem a diferen\u00e7a na vida dos profissionais. Um software simples de usar, com todos os recursos que precisa.<\/span><\/p>\n<p><span style=\"font-weight: 400;\">A <\/span><b>nova vers\u00e3o do ProDoctor Cloud <\/b><span style=\"font-weight: 400;\">j\u00e1 est\u00e1 no ar e muita coisa mudou para melhor. Confira abaixo!<\/span><\/p>\n<h2><strong>AGENDA<\/strong><\/h2>\n<p><span style=\"font-weight: 400;\">A interface da agenda m\u00e9dica do ProDoctor Cloud \u00e9 pensada para a melhor experi\u00eancia do usu\u00e1rio.&nbsp;<\/span><\/p>\n<p><span style=\"font-weight: 400;\">O padr\u00e3o da agenda do ProDoctor \u00e9 mais minimalista, para n\u00e3o cansar a vis\u00e3o do usu\u00e1rio e \u00e9 perfeito para quem opta pelo<\/span><i><span style=\"font-weight: 400;\"> clean<\/span><\/i><span style=\"font-weight: 400;\">. Por outro lado, sabemos que o modo mais colorido tem mais apelo visual e \u00e9 prefer\u00eancia de muitos.<\/span><\/p>\n<p><span style=\"font-weight: 400;\">Como a ProDoctor pensa em cada um de seus clientes, agora a agenda do ProDoctor Cloud oferece as duas op\u00e7\u00f5es. Portanto, o usu\u00e1rio pode escolher nas prefer\u00eancias o que \u00e9 melhor para ele.&nbsp;<\/span><\/p>\n<p><span style=\"font-weight: 400;\">Confira no v\u00eddeo:<\/span><\/p>\n\n\n\n<figure class=\"wp-block-video\"><video height=\"1080\" style=\"aspect-ratio: 1080 \/ 1080;\" width=\"1080\" controls src=\"https:\/\/prodoctor.net\/blog\/wp-content\/uploads\/2023\/09\/Cores-no-ProDoctor-v04-1.mp4\"><\/video><\/figure>\n\n\n\n<h3 class=\"wp-block-heading\">Passo a passo para modificar o visual:<\/h3>\n\n\n\n<p>&#8211; Adicionamos uma prefer\u00eancia no cadastro de Usu\u00e1rios <strong>que permite desativar o design atual, que \u00e9 minimalista, da Agenda de Consultas.<\/strong><\/p>\n\n\n<div class=\"wp-block-image\">\n<figure class=\"aligncenter size-large\"><img decoding=\"async\" width=\"1024\" height=\"473\" src=\"https:\/\/prodoctor.net\/blog\/wp-content\/uploads\/2023\/09\/preferencia-agenda-minimalista-1024x473.png\" alt=\"\" class=\"wp-image-27366\" srcset=\"https:\/\/prodoctor.net\/blog\/wp-content\/uploads\/2023\/09\/preferencia-agenda-minimalista-1024x473.png 1024w, https:\/\/prodoctor.net\/blog\/wp-content\/uploads\/2023\/09\/preferencia-agenda-minimalista-300x139.png 300w, https:\/\/prodoctor.net\/blog\/wp-content\/uploads\/2023\/09\/preferencia-agenda-minimalista-768x355.png 768w, https:\/\/prodoctor.net\/blog\/wp-content\/uploads\/2023\/09\/preferencia-agenda-minimalista-1080x499.png 1080w, https:\/\/prodoctor.net\/blog\/wp-content\/uploads\/2023\/09\/preferencia-agenda-minimalista.png 1170w\" sizes=\"(max-width: 1024px) 100vw, 1024px\" \/><\/figure>\n<\/div>\n\n\n<p class=\"has-text-align-center\">Com a prefer\u00eancia marcada, <strong>a Agenda de Consultas passa a ser exibida em um novo formato, trazendo um maior destaque aos status dos agendamentos (de acordo com o status de comparecimento dos pacientes)<\/strong>.<\/p>\n\n\n<div class=\"wp-block-image\">\n<figure class=\"aligncenter size-large\"><img decoding=\"async\" width=\"1024\" height=\"570\" src=\"https:\/\/prodoctor.net\/blog\/wp-content\/uploads\/2023\/09\/agenda-nao-minimalista-1024x570.png\" alt=\"\" class=\"wp-image-27367\" srcset=\"https:\/\/prodoctor.net\/blog\/wp-content\/uploads\/2023\/09\/agenda-nao-minimalista-1024x570.png 1024w, https:\/\/prodoctor.net\/blog\/wp-content\/uploads\/2023\/09\/agenda-nao-minimalista-300x167.png 300w, https:\/\/prodoctor.net\/blog\/wp-content\/uploads\/2023\/09\/agenda-nao-minimalista-768x428.png 768w, https:\/\/prodoctor.net\/blog\/wp-content\/uploads\/2023\/09\/agenda-nao-minimalista-1080x601.png 1080w, https:\/\/prodoctor.net\/blog\/wp-content\/uploads\/2023\/09\/agenda-nao-minimalista.png 1101w\" sizes=\"(max-width: 1024px) 100vw, 1024px\" \/><\/figure>\n<\/div>\n\n\n<p><strong>O status de comparecimento <em>Faltou<\/em> agora \u00e9 indicado pelo F no \u00edcone do agendamento (recurso aplicado em ambos os estilos da agenda)<\/strong>. No exemplo abaixo, pode-se observar um <em>Exame<\/em> com o status <em>Faltou<\/em> marcado:<\/p>\n\n\n<div class=\"wp-block-image\">\n<figure class=\"aligncenter size-full\"><img decoding=\"async\" width=\"431\" height=\"100\" src=\"https:\/\/prodoctor.net\/blog\/wp-content\/uploads\/2023\/09\/faltou-agenda.png\" alt=\"\" class=\"wp-image-27374\" srcset=\"https:\/\/prodoctor.net\/blog\/wp-content\/uploads\/2023\/09\/faltou-agenda.png 431w, https:\/\/prodoctor.net\/blog\/wp-content\/uploads\/2023\/09\/faltou-agenda-300x70.png 300w\" sizes=\"(max-width: 431px) 100vw, 431px\" \/><\/figure>\n<\/div>\n\n\n<p class=\"has-text-align-center\">E, quando o paciente confirmar um agendamento via WhatsApp\/SMS, <strong>o agendamento ficar\u00e1 destacado em verde, similar ao que acontece quando o status <em>Confirmado<\/em> \u00e9 marcado<\/strong>.<\/p>\n\n\n<div class=\"wp-block-image\">\n<figure class=\"aligncenter size-full\"><img decoding=\"async\" width=\"1019\" height=\"403\" src=\"https:\/\/prodoctor.net\/blog\/wp-content\/uploads\/2023\/09\/confirmada-paciente.png\" alt=\"\" class=\"wp-image-27368\" srcset=\"https:\/\/prodoctor.net\/blog\/wp-content\/uploads\/2023\/09\/confirmada-paciente.png 1019w, https:\/\/prodoctor.net\/blog\/wp-content\/uploads\/2023\/09\/confirmada-paciente-300x119.png 300w, https:\/\/prodoctor.net\/blog\/wp-content\/uploads\/2023\/09\/confirmada-paciente-768x304.png 768w\" sizes=\"(max-width: 1019px) 100vw, 1019px\" \/><\/figure>\n<\/div>\n\n\n<h2 class=\"wp-block-heading\">PRONTU\u00c1RIO<\/h2>\n\n\n\n<p>Realizamos algumas modifica\u00e7\u00f5es que visam uma experi\u00eancia ainda melhor para os usu\u00e1rios.<\/p>\n\n\n\n<p>&#8211; Adicionamos uma prefer\u00eancia no cadastro de Usu\u00e1rios <strong>que permite aumentar a fonte dos medicamentos na impress\u00e3o de receitas<\/strong>.<\/p>\n\n\n<div class=\"wp-block-image\">\n<figure class=\"aligncenter size-large\"><img decoding=\"async\" width=\"1024\" height=\"419\" src=\"https:\/\/prodoctor.net\/blog\/wp-content\/uploads\/2023\/09\/preferencia-fonte-CLOUD-1-1024x419.png\" alt=\"\" class=\"wp-image-27372\" srcset=\"https:\/\/prodoctor.net\/blog\/wp-content\/uploads\/2023\/09\/preferencia-fonte-CLOUD-1-1024x419.png 1024w, https:\/\/prodoctor.net\/blog\/wp-content\/uploads\/2023\/09\/preferencia-fonte-CLOUD-1-300x123.png 300w, https:\/\/prodoctor.net\/blog\/wp-content\/uploads\/2023\/09\/preferencia-fonte-CLOUD-1-768x314.png 768w, https:\/\/prodoctor.net\/blog\/wp-content\/uploads\/2023\/09\/preferencia-fonte-CLOUD-1.png 1047w\" sizes=\"(max-width: 1024px) 100vw, 1024px\" \/><\/figure>\n<\/div>\n\n<div class=\"wp-block-image\">\n<figure class=\"aligncenter size-full\"><img decoding=\"async\" width=\"743\" height=\"943\" src=\"https:\/\/prodoctor.net\/blog\/wp-content\/uploads\/2023\/09\/aumento-fonte-medicamento-receita-cloud.png\" alt=\"\" class=\"wp-image-27369\" srcset=\"https:\/\/prodoctor.net\/blog\/wp-content\/uploads\/2023\/09\/aumento-fonte-medicamento-receita-cloud.png 743w, https:\/\/prodoctor.net\/blog\/wp-content\/uploads\/2023\/09\/aumento-fonte-medicamento-receita-cloud-236x300.png 236w\" sizes=\"(max-width: 743px) 100vw, 743px\" \/><\/figure>\n<\/div>\n\n\n<p class=\"has-text-align-center\"><\/p>\n\n\n\n<p>As funcionalidades mencionadas neste texto <strong>exigem que os usu\u00e1rios tenham permiss\u00e3o para execut\u00e1-las.<\/strong> Verifique o perfil de acesso utilizado por eles <strong>para conceder tais permiss\u00f5es.<\/strong><\/p>\n\n\n\n<p>Nosso time est\u00e1 empenhado em trazer inova\u00e7\u00f5es continuamente, agregando valor ao seu consult\u00f3rio ou cl\u00ednica. Por isso, fique sempre atento \u00e0s novidades.<\/p>\n\n\n\n<p>Em caso de d\u00favidas, entre em contato com nossa <strong>Central de Suporte<\/strong> atrav\u00e9s do telefone <strong>(32) 3311-4510<\/strong>.<\/p>\n\n\n","protected":false},"excerpt":{"rendered":"<p>ProDoctor Cloud | Vers\u00e3o 2.1.0.0.3.17. Conhe\u00e7a os pequenos detalhes implementados que far\u00e3o uma grande diferen\u00e7a para m\u00e9dicos, secret\u00e1rias e pacientes.<\/p>\n","protected":false},"author":11,"featured_media":20690,"comment_status":"closed","ping_status":"closed","sticky":false,"template":"","format":"standard","meta":{"_kad_blocks_custom_css":"","_kad_blocks_head_custom_js":"","_kad_blocks_body_custom_js":"","_kad_blocks_footer_custom_js":"","_kadence_starter_templates_imported_post":false,"_kad_post_transparent":"","_kad_post_title":"","_kad_post_layout":"","_kad_post_sidebar_id":"","_kad_post_content_style":"","_kad_post_vertical_padding":"","_kad_post_feature":"","_kad_post_feature_position":"","_kad_post_header":false,"_kad_post_footer":false,"footnotes":""},"categories":[408,1127,938],"tags":[],"class_list":["post-27347","post","type-post","status-publish","format-standard","has-post-thumbnail","hentry","category-aplicativos-para-medicos-e-pacientes","category-novidades-cloud","category-o-que-ha-de-novo"],"yoast_head":"<!-- This site is optimized with the Yoast SEO plugin v27.0 - https:\/\/yoast.com\/product\/yoast-seo-wordpress\/ -->\n<title>Agenda com novo visual e melhorias no Prontu\u00e1rio: confira as novidades do ProDoctor Cloud - Blog ProDoctor<\/title>\n<meta name=\"description\" content=\"Explore as inova\u00e7\u00f5es no ProDoctor Cloud: novo visual e melhorias no prontu\u00e1rio. Mantenha-se atualizado sobre as \u00faltimas novidades. Confira agora!\" \/>\n<meta name=\"robots\" content=\"index, follow, max-snippet:-1, max-image-preview:large, max-video-preview:-1\" \/>\n<link rel=\"canonical\" href=\"https:\/\/prodoctor.net\/blog\/agenda-com-novo-visual-e-melhorias-no-prontuario-confira-as-novidades-do-prodoctor-cloud\/\" \/>\n<meta property=\"og:locale\" content=\"pt_BR\" \/>\n<meta property=\"og:type\" content=\"article\" \/>\n<meta property=\"og:title\" content=\"Agenda com novo visual e melhorias no Prontu\u00e1rio: confira as novidades do ProDoctor Cloud - Blog ProDoctor\" \/>\n<meta property=\"og:description\" content=\"Explore as inova\u00e7\u00f5es no ProDoctor Cloud: novo visual e melhorias no prontu\u00e1rio. Mantenha-se atualizado sobre as \u00faltimas novidades. Confira agora!\" \/>\n<meta property=\"og:url\" content=\"https:\/\/prodoctor.net\/blog\/agenda-com-novo-visual-e-melhorias-no-prontuario-confira-as-novidades-do-prodoctor-cloud\/\" \/>\n<meta property=\"og:site_name\" content=\"Blog ProDoctor\" \/>\n<meta property=\"article:publisher\" content=\"https:\/\/www.facebook.com\/prodoctorsoftware\" \/>\n<meta property=\"article:published_time\" content=\"2023-09-19T20:48:23+00:00\" \/>\n<meta property=\"article:modified_time\" content=\"2024-03-01T17:43:00+00:00\" \/>\n<meta property=\"og:image\" content=\"https:\/\/prodoctor.net\/blog\/wp-content\/uploads\/2021\/08\/cloud-atualizado.png\" \/>\n\t<meta property=\"og:image:width\" content=\"770\" \/>\n\t<meta property=\"og:image:height\" content=\"400\" \/>\n\t<meta property=\"og:image:type\" content=\"image\/png\" \/>\n<meta name=\"author\" content=\"L\u00edvia Cajueiro\" \/>\n<meta name=\"twitter:card\" content=\"summary_large_image\" \/>\n<meta name=\"twitter:creator\" content=\"@prodoctorsoft\" \/>\n<meta name=\"twitter:site\" content=\"@prodoctorsoft\" \/>\n<meta name=\"twitter:label1\" content=\"Escrito por\" \/>\n\t<meta name=\"twitter:data1\" content=\"L\u00edvia Cajueiro\" \/>\n\t<meta name=\"twitter:label2\" content=\"Est. tempo de leitura\" \/>\n\t<meta name=\"twitter:data2\" content=\"4 minutos\" \/>\n<script type=\"application\/ld+json\" class=\"yoast-schema-graph\">{\"@context\":\"https:\/\/schema.org\",\"@graph\":[{\"@type\":\"Article\",\"@id\":\"https:\/\/prodoctor.net\/blog\/agenda-com-novo-visual-e-melhorias-no-prontuario-confira-as-novidades-do-prodoctor-cloud\/#article\",\"isPartOf\":{\"@id\":\"https:\/\/prodoctor.net\/blog\/agenda-com-novo-visual-e-melhorias-no-prontuario-confira-as-novidades-do-prodoctor-cloud\/\"},\"author\":{\"name\":\"L\u00edvia Cajueiro\",\"@id\":\"https:\/\/prodoctor.net\/blog\/#\/schema\/person\/b4e6451b0035658e23a6171c74ba126a\"},\"headline\":\"Agenda com novo visual e melhorias no Prontu\u00e1rio: confira as novidades do ProDoctor Cloud\",\"datePublished\":\"2023-09-19T20:48:23+00:00\",\"dateModified\":\"2024-03-01T17:43:00+00:00\",\"mainEntityOfPage\":{\"@id\":\"https:\/\/prodoctor.net\/blog\/agenda-com-novo-visual-e-melhorias-no-prontuario-confira-as-novidades-do-prodoctor-cloud\/\"},\"wordCount\":423,\"publisher\":{\"@id\":\"https:\/\/prodoctor.net\/blog\/#organization\"},\"image\":{\"@id\":\"https:\/\/prodoctor.net\/blog\/agenda-com-novo-visual-e-melhorias-no-prontuario-confira-as-novidades-do-prodoctor-cloud\/#primaryimage\"},\"thumbnailUrl\":\"https:\/\/prodoctor.net\/blog\/wp-content\/uploads\/2021\/08\/cloud-atualizado.png\",\"articleSection\":[\"Aplicativos para m\u00e9dicos e pacientes\",\"Novidades Cloud\",\"O que h\u00e1 de novo?\"],\"inLanguage\":\"pt-BR\"},{\"@type\":\"WebPage\",\"@id\":\"https:\/\/prodoctor.net\/blog\/agenda-com-novo-visual-e-melhorias-no-prontuario-confira-as-novidades-do-prodoctor-cloud\/\",\"url\":\"https:\/\/prodoctor.net\/blog\/agenda-com-novo-visual-e-melhorias-no-prontuario-confira-as-novidades-do-prodoctor-cloud\/\",\"name\":\"Agenda com novo visual e melhorias no Prontu\u00e1rio: confira as novidades do ProDoctor Cloud - Blog ProDoctor\",\"isPartOf\":{\"@id\":\"https:\/\/prodoctor.net\/blog\/#website\"},\"primaryImageOfPage\":{\"@id\":\"https:\/\/prodoctor.net\/blog\/agenda-com-novo-visual-e-melhorias-no-prontuario-confira-as-novidades-do-prodoctor-cloud\/#primaryimage\"},\"image\":{\"@id\":\"https:\/\/prodoctor.net\/blog\/agenda-com-novo-visual-e-melhorias-no-prontuario-confira-as-novidades-do-prodoctor-cloud\/#primaryimage\"},\"thumbnailUrl\":\"https:\/\/prodoctor.net\/blog\/wp-content\/uploads\/2021\/08\/cloud-atualizado.png\",\"datePublished\":\"2023-09-19T20:48:23+00:00\",\"dateModified\":\"2024-03-01T17:43:00+00:00\",\"description\":\"Explore as inova\u00e7\u00f5es no ProDoctor Cloud: novo visual e melhorias no prontu\u00e1rio. Mantenha-se atualizado sobre as \u00faltimas novidades. Confira agora!\",\"breadcrumb\":{\"@id\":\"https:\/\/prodoctor.net\/blog\/agenda-com-novo-visual-e-melhorias-no-prontuario-confira-as-novidades-do-prodoctor-cloud\/#breadcrumb\"},\"inLanguage\":\"pt-BR\",\"potentialAction\":[{\"@type\":\"ReadAction\",\"target\":[\"https:\/\/prodoctor.net\/blog\/agenda-com-novo-visual-e-melhorias-no-prontuario-confira-as-novidades-do-prodoctor-cloud\/\"]}]},{\"@type\":\"ImageObject\",\"inLanguage\":\"pt-BR\",\"@id\":\"https:\/\/prodoctor.net\/blog\/agenda-com-novo-visual-e-melhorias-no-prontuario-confira-as-novidades-do-prodoctor-cloud\/#primaryimage\",\"url\":\"https:\/\/prodoctor.net\/blog\/wp-content\/uploads\/2021\/08\/cloud-atualizado.png\",\"contentUrl\":\"https:\/\/prodoctor.net\/blog\/wp-content\/uploads\/2021\/08\/cloud-atualizado.png\",\"width\":770,\"height\":400,\"caption\":\"cloud-atualizado\"},{\"@type\":\"BreadcrumbList\",\"@id\":\"https:\/\/prodoctor.net\/blog\/agenda-com-novo-visual-e-melhorias-no-prontuario-confira-as-novidades-do-prodoctor-cloud\/#breadcrumb\",\"itemListElement\":[{\"@type\":\"ListItem\",\"position\":1,\"name\":\"In\u00edcio\",\"item\":\"https:\/\/prodoctor.net\/blog\/\"},{\"@type\":\"ListItem\",\"position\":2,\"name\":\"Agenda com novo visual e melhorias no Prontu\u00e1rio: confira as novidades do ProDoctor Cloud\"}]},{\"@type\":\"WebSite\",\"@id\":\"https:\/\/prodoctor.net\/blog\/#website\",\"url\":\"https:\/\/prodoctor.net\/blog\/\",\"name\":\"Blog ProDoctor\",\"description\":\"Tudo sobre o mundo da Sa\u00fade\",\"publisher\":{\"@id\":\"https:\/\/prodoctor.net\/blog\/#organization\"},\"potentialAction\":[{\"@type\":\"SearchAction\",\"target\":{\"@type\":\"EntryPoint\",\"urlTemplate\":\"https:\/\/prodoctor.net\/blog\/?s={search_term_string}\"},\"query-input\":{\"@type\":\"PropertyValueSpecification\",\"valueRequired\":true,\"valueName\":\"search_term_string\"}}],\"inLanguage\":\"pt-BR\"},{\"@type\":\"Organization\",\"@id\":\"https:\/\/prodoctor.net\/blog\/#organization\",\"name\":\"ProDoctor Software S\/A\",\"url\":\"https:\/\/prodoctor.net\/blog\/\",\"logo\":{\"@type\":\"ImageObject\",\"inLanguage\":\"pt-BR\",\"@id\":\"https:\/\/prodoctor.net\/blog\/#\/schema\/logo\/image\/\",\"url\":\"https:\/\/prodoctor.net\/blog\/wp-content\/uploads\/2017\/01\/Logo_PDo_Lateral.png\",\"contentUrl\":\"https:\/\/prodoctor.net\/blog\/wp-content\/uploads\/2017\/01\/Logo_PDo_Lateral.png\",\"width\":2014,\"height\":485,\"caption\":\"ProDoctor Software S\/A\"},\"image\":{\"@id\":\"https:\/\/prodoctor.net\/blog\/#\/schema\/logo\/image\/\"},\"sameAs\":[\"https:\/\/www.facebook.com\/prodoctorsoftware\",\"https:\/\/x.com\/prodoctorsoft\",\"https:\/\/www.instagram.com\/prodoctorsoftware\/\",\"https:\/\/www.linkedin.com\/company\/prodoctor-software-ltda\",\"https:\/\/www.youtube.com\/channel\/UCIWuDLsVtIpX-PEqQn1pNlw\"]},{\"@type\":\"Person\",\"@id\":\"https:\/\/prodoctor.net\/blog\/#\/schema\/person\/b4e6451b0035658e23a6171c74ba126a\",\"name\":\"L\u00edvia Cajueiro\",\"image\":{\"@type\":\"ImageObject\",\"inLanguage\":\"pt-BR\",\"@id\":\"https:\/\/prodoctor.net\/blog\/#\/schema\/person\/image\/\",\"url\":\"https:\/\/secure.gravatar.com\/avatar\/51c56d7bbf6010466bca91264e721a83e8345256f1a0057f5507ec910afe89e0?s=96&d=mm&r=g\",\"contentUrl\":\"https:\/\/secure.gravatar.com\/avatar\/51c56d7bbf6010466bca91264e721a83e8345256f1a0057f5507ec910afe89e0?s=96&d=mm&r=g\",\"caption\":\"L\u00edvia Cajueiro\"}}]}<\/script>\n<!-- \/ Yoast SEO plugin. -->","yoast_head_json":{"title":"Agenda com novo visual e melhorias no Prontu\u00e1rio: confira as novidades do ProDoctor Cloud - Blog ProDoctor","description":"Explore as inova\u00e7\u00f5es no ProDoctor Cloud: novo visual e melhorias no prontu\u00e1rio. Mantenha-se atualizado sobre as \u00faltimas novidades. Confira agora!","robots":{"index":"index","follow":"follow","max-snippet":"max-snippet:-1","max-image-preview":"max-image-preview:large","max-video-preview":"max-video-preview:-1"},"canonical":"https:\/\/prodoctor.net\/blog\/agenda-com-novo-visual-e-melhorias-no-prontuario-confira-as-novidades-do-prodoctor-cloud\/","og_locale":"pt_BR","og_type":"article","og_title":"Agenda com novo visual e melhorias no Prontu\u00e1rio: confira as novidades do ProDoctor Cloud - Blog ProDoctor","og_description":"Explore as inova\u00e7\u00f5es no ProDoctor Cloud: novo visual e melhorias no prontu\u00e1rio. Mantenha-se atualizado sobre as \u00faltimas novidades. Confira agora!","og_url":"https:\/\/prodoctor.net\/blog\/agenda-com-novo-visual-e-melhorias-no-prontuario-confira-as-novidades-do-prodoctor-cloud\/","og_site_name":"Blog ProDoctor","article_publisher":"https:\/\/www.facebook.com\/prodoctorsoftware","article_published_time":"2023-09-19T20:48:23+00:00","article_modified_time":"2024-03-01T17:43:00+00:00","og_image":[{"width":770,"height":400,"url":"https:\/\/prodoctor.net\/blog\/wp-content\/uploads\/2021\/08\/cloud-atualizado.png","type":"image\/png"}],"author":"L\u00edvia Cajueiro","twitter_card":"summary_large_image","twitter_creator":"@prodoctorsoft","twitter_site":"@prodoctorsoft","twitter_misc":{"Escrito por":"L\u00edvia Cajueiro","Est. tempo de leitura":"4 minutos"},"schema":{"@context":"https:\/\/schema.org","@graph":[{"@type":"Article","@id":"https:\/\/prodoctor.net\/blog\/agenda-com-novo-visual-e-melhorias-no-prontuario-confira-as-novidades-do-prodoctor-cloud\/#article","isPartOf":{"@id":"https:\/\/prodoctor.net\/blog\/agenda-com-novo-visual-e-melhorias-no-prontuario-confira-as-novidades-do-prodoctor-cloud\/"},"author":{"name":"L\u00edvia Cajueiro","@id":"https:\/\/prodoctor.net\/blog\/#\/schema\/person\/b4e6451b0035658e23a6171c74ba126a"},"headline":"Agenda com novo visual e melhorias no Prontu\u00e1rio: confira as novidades do ProDoctor Cloud","datePublished":"2023-09-19T20:48:23+00:00","dateModified":"2024-03-01T17:43:00+00:00","mainEntityOfPage":{"@id":"https:\/\/prodoctor.net\/blog\/agenda-com-novo-visual-e-melhorias-no-prontuario-confira-as-novidades-do-prodoctor-cloud\/"},"wordCount":423,"publisher":{"@id":"https:\/\/prodoctor.net\/blog\/#organization"},"image":{"@id":"https:\/\/prodoctor.net\/blog\/agenda-com-novo-visual-e-melhorias-no-prontuario-confira-as-novidades-do-prodoctor-cloud\/#primaryimage"},"thumbnailUrl":"https:\/\/prodoctor.net\/blog\/wp-content\/uploads\/2021\/08\/cloud-atualizado.png","articleSection":["Aplicativos para m\u00e9dicos e pacientes","Novidades Cloud","O que h\u00e1 de novo?"],"inLanguage":"pt-BR"},{"@type":"WebPage","@id":"https:\/\/prodoctor.net\/blog\/agenda-com-novo-visual-e-melhorias-no-prontuario-confira-as-novidades-do-prodoctor-cloud\/","url":"https:\/\/prodoctor.net\/blog\/agenda-com-novo-visual-e-melhorias-no-prontuario-confira-as-novidades-do-prodoctor-cloud\/","name":"Agenda com novo visual e melhorias no Prontu\u00e1rio: confira as novidades do ProDoctor Cloud - Blog ProDoctor","isPartOf":{"@id":"https:\/\/prodoctor.net\/blog\/#website"},"primaryImageOfPage":{"@id":"https:\/\/prodoctor.net\/blog\/agenda-com-novo-visual-e-melhorias-no-prontuario-confira-as-novidades-do-prodoctor-cloud\/#primaryimage"},"image":{"@id":"https:\/\/prodoctor.net\/blog\/agenda-com-novo-visual-e-melhorias-no-prontuario-confira-as-novidades-do-prodoctor-cloud\/#primaryimage"},"thumbnailUrl":"https:\/\/prodoctor.net\/blog\/wp-content\/uploads\/2021\/08\/cloud-atualizado.png","datePublished":"2023-09-19T20:48:23+00:00","dateModified":"2024-03-01T17:43:00+00:00","description":"Explore as inova\u00e7\u00f5es no ProDoctor Cloud: novo visual e melhorias no prontu\u00e1rio. Mantenha-se atualizado sobre as \u00faltimas novidades. Confira agora!","breadcrumb":{"@id":"https:\/\/prodoctor.net\/blog\/agenda-com-novo-visual-e-melhorias-no-prontuario-confira-as-novidades-do-prodoctor-cloud\/#breadcrumb"},"inLanguage":"pt-BR","potentialAction":[{"@type":"ReadAction","target":["https:\/\/prodoctor.net\/blog\/agenda-com-novo-visual-e-melhorias-no-prontuario-confira-as-novidades-do-prodoctor-cloud\/"]}]},{"@type":"ImageObject","inLanguage":"pt-BR","@id":"https:\/\/prodoctor.net\/blog\/agenda-com-novo-visual-e-melhorias-no-prontuario-confira-as-novidades-do-prodoctor-cloud\/#primaryimage","url":"https:\/\/prodoctor.net\/blog\/wp-content\/uploads\/2021\/08\/cloud-atualizado.png","contentUrl":"https:\/\/prodoctor.net\/blog\/wp-content\/uploads\/2021\/08\/cloud-atualizado.png","width":770,"height":400,"caption":"cloud-atualizado"},{"@type":"BreadcrumbList","@id":"https:\/\/prodoctor.net\/blog\/agenda-com-novo-visual-e-melhorias-no-prontuario-confira-as-novidades-do-prodoctor-cloud\/#breadcrumb","itemListElement":[{"@type":"ListItem","position":1,"name":"In\u00edcio","item":"https:\/\/prodoctor.net\/blog\/"},{"@type":"ListItem","position":2,"name":"Agenda com novo visual e melhorias no Prontu\u00e1rio: confira as novidades do ProDoctor Cloud"}]},{"@type":"WebSite","@id":"https:\/\/prodoctor.net\/blog\/#website","url":"https:\/\/prodoctor.net\/blog\/","name":"Blog ProDoctor","description":"Tudo sobre o mundo da Sa\u00fade","publisher":{"@id":"https:\/\/prodoctor.net\/blog\/#organization"},"potentialAction":[{"@type":"SearchAction","target":{"@type":"EntryPoint","urlTemplate":"https:\/\/prodoctor.net\/blog\/?s={search_term_string}"},"query-input":{"@type":"PropertyValueSpecification","valueRequired":true,"valueName":"search_term_string"}}],"inLanguage":"pt-BR"},{"@type":"Organization","@id":"https:\/\/prodoctor.net\/blog\/#organization","name":"ProDoctor Software S\/A","url":"https:\/\/prodoctor.net\/blog\/","logo":{"@type":"ImageObject","inLanguage":"pt-BR","@id":"https:\/\/prodoctor.net\/blog\/#\/schema\/logo\/image\/","url":"https:\/\/prodoctor.net\/blog\/wp-content\/uploads\/2017\/01\/Logo_PDo_Lateral.png","contentUrl":"https:\/\/prodoctor.net\/blog\/wp-content\/uploads\/2017\/01\/Logo_PDo_Lateral.png","width":2014,"height":485,"caption":"ProDoctor Software S\/A"},"image":{"@id":"https:\/\/prodoctor.net\/blog\/#\/schema\/logo\/image\/"},"sameAs":["https:\/\/www.facebook.com\/prodoctorsoftware","https:\/\/x.com\/prodoctorsoft","https:\/\/www.instagram.com\/prodoctorsoftware\/","https:\/\/www.linkedin.com\/company\/prodoctor-software-ltda","https:\/\/www.youtube.com\/channel\/UCIWuDLsVtIpX-PEqQn1pNlw"]},{"@type":"Person","@id":"https:\/\/prodoctor.net\/blog\/#\/schema\/person\/b4e6451b0035658e23a6171c74ba126a","name":"L\u00edvia Cajueiro","image":{"@type":"ImageObject","inLanguage":"pt-BR","@id":"https:\/\/prodoctor.net\/blog\/#\/schema\/person\/image\/","url":"https:\/\/secure.gravatar.com\/avatar\/51c56d7bbf6010466bca91264e721a83e8345256f1a0057f5507ec910afe89e0?s=96&d=mm&r=g","contentUrl":"https:\/\/secure.gravatar.com\/avatar\/51c56d7bbf6010466bca91264e721a83e8345256f1a0057f5507ec910afe89e0?s=96&d=mm&r=g","caption":"L\u00edvia Cajueiro"}}]}},"taxonomy_info":{"category":[{"value":408,"label":"Aplicativos para m\u00e9dicos e pacientes"},{"value":1127,"label":"Novidades Cloud"},{"value":938,"label":"O que h\u00e1 de novo?"}]},"featured_image_src_large":["https:\/\/prodoctor.net\/blog\/wp-content\/uploads\/2021\/08\/cloud-atualizado.png",770,400,false],"author_info":{"display_name":"L\u00edvia Cajueiro","author_link":"https:\/\/prodoctor.net\/blog\/author\/livia-cajueiro\/"},"comment_info":0,"category_info":[{"term_id":408,"name":"Aplicativos para m\u00e9dicos e pacientes","slug":"aplicativos-para-medicos-e-pacientes","term_group":0,"term_taxonomy_id":408,"taxonomy":"category","description":"","parent":0,"count":87,"filter":"raw","cat_ID":408,"category_count":87,"category_description":"","cat_name":"Aplicativos para m\u00e9dicos e pacientes","category_nicename":"aplicativos-para-medicos-e-pacientes","category_parent":0},{"term_id":1127,"name":"Novidades Cloud","slug":"novidades-cloud","term_group":0,"term_taxonomy_id":1127,"taxonomy":"category","description":"","parent":0,"count":7,"filter":"raw","cat_ID":1127,"category_count":7,"category_description":"","cat_name":"Novidades Cloud","category_nicename":"novidades-cloud","category_parent":0},{"term_id":938,"name":"O que h\u00e1 de novo?","slug":"o-que-ha-de-novo","term_group":0,"term_taxonomy_id":938,"taxonomy":"category","description":"","parent":0,"count":33,"filter":"raw","cat_ID":938,"category_count":33,"category_description":"","cat_name":"O que h\u00e1 de novo?","category_nicename":"o-que-ha-de-novo","category_parent":0}],"tag_info":false,"_links":{"self":[{"href":"https:\/\/prodoctor.net\/blog\/wp-json\/wp\/v2\/posts\/27347","targetHints":{"allow":["GET"]}}],"collection":[{"href":"https:\/\/prodoctor.net\/blog\/wp-json\/wp\/v2\/posts"}],"about":[{"href":"https:\/\/prodoctor.net\/blog\/wp-json\/wp\/v2\/types\/post"}],"author":[{"embeddable":true,"href":"https:\/\/prodoctor.net\/blog\/wp-json\/wp\/v2\/users\/11"}],"replies":[{"embeddable":true,"href":"https:\/\/prodoctor.net\/blog\/wp-json\/wp\/v2\/comments?post=27347"}],"version-history":[{"count":5,"href":"https:\/\/prodoctor.net\/blog\/wp-json\/wp\/v2\/posts\/27347\/revisions"}],"predecessor-version":[{"id":27375,"href":"https:\/\/prodoctor.net\/blog\/wp-json\/wp\/v2\/posts\/27347\/revisions\/27375"}],"wp:featuredmedia":[{"embeddable":true,"href":"https:\/\/prodoctor.net\/blog\/wp-json\/wp\/v2\/media\/20690"}],"wp:attachment":[{"href":"https:\/\/prodoctor.net\/blog\/wp-json\/wp\/v2\/media?parent=27347"}],"wp:term":[{"taxonomy":"category","embeddable":true,"href":"https:\/\/prodoctor.net\/blog\/wp-json\/wp\/v2\/categories?post=27347"},{"taxonomy":"post_tag","embeddable":true,"href":"https:\/\/prodoctor.net\/blog\/wp-json\/wp\/v2\/tags?post=27347"}],"curies":[{"name":"wp","href":"https:\/\/api.w.org\/{rel}","templated":true}]}}