{"id":2719,"date":"2016-05-18T16:28:49","date_gmt":"2016-05-18T19:28:49","guid":{"rendered":"https:\/\/prodoctor.net\/blog\/?p=2719"},"modified":"2019-02-28T11:25:10","modified_gmt":"2019-02-28T14:25:10","slug":"primeiro-aparelho-por-onda-de-choque-produzido-no-brasil","status":"publish","type":"post","link":"https:\/\/prodoctor.net\/blog\/primeiro-aparelho-por-onda-de-choque-produzido-no-brasil\/","title":{"rendered":"Primeiro aparelho por onda de choque produzido no Brasil &#8211; Hospitalar 2016"},"content":{"rendered":"<p>Empresa especializada em solu\u00e7\u00f5es para <strong>tratamentos fisioter\u00e1picos, de ortopedia, reabilita\u00e7\u00e3o f\u00edsica e medicina esportiva<\/strong>, a <a href=\"https:\/\/carcioficial.com.br\/\" target=\"_blank\" rel=\"noopener\">Carci<\/a> apresenta com exclusividade na 23\u00aa Feira Hospitalar, em S\u00e3o Paulo (Brasil), o Shockmed Carci, <strong>primeiro aparelho por onda de choque produzido no Brasil<\/strong>.<\/p>\n<p><strong>O produto \u00e9 eficaz em 80% <\/strong>das indica\u00e7\u00f5es e \u00e9 recomendado para os<strong> tratamentos de dores e inflama\u00e7\u00f5es cr\u00f4nicas,\u00a0<\/strong>\u00e9 indicado para uso na Fisioterapia, Ortopedia, Reabilita\u00e7\u00e3o F\u00edsica, Medicina Esportiva e Medicina Est\u00e9tica, aliando <strong>tecnologia para tratamento e controle da dor<\/strong> atrav\u00e9s da terapia por onda de choque com alcance radial. O <strong>Shockmed Carci<\/strong> emite ondas de alta energia que s\u00e3o transportadas at\u00e9 os <strong>tecidos musculoesquel\u00e9ticos e fibroses<\/strong>, podendo tamb\u00e9m ser utilizado em pontos \u201cgatilho\u201d.<\/p>\n<p>O\u00a0aparelho proporciona <strong>resultados j\u00e1 na primeira sess\u00e3o<\/strong> e dispensa aplica\u00e7\u00e3o de anestesia ou medicamentos pr\u00e9vios. Tamb\u00e9m <strong>n\u00e3o provoca efeitos colaterais<\/strong>, podendo ser utilizado em pacientes nas <strong>mais diversas faixas et\u00e1rias.<\/strong><\/p>\n<p>O <strong>Shockmed Carci<\/strong> vem com 40 protocolos pr\u00e9-existentes e est\u00e1 habilitado para programar novos registros, conforme acordo as necessidades terap\u00eauticas espec\u00edficas de cada caso.<\/p>\n<p>A Carci est\u00e1 na Rua J\/K, nos estandes 43\/44 do Pavilh\u00e3o Vermelho.<\/p>\n","protected":false},"excerpt":{"rendered":"<p>Empresa especializada em solu\u00e7\u00f5es para tratamentos fisioter\u00e1picos, de ortopedia, reabilita\u00e7\u00e3o f\u00edsica e medicina esportiva, a Carci apresenta com exclusividade&#8230;<\/p>\n","protected":false},"author":1,"featured_media":2741,"comment_status":"closed","ping_status":"open","sticky":false,"template":"","format":"standard","meta":{"_kad_blocks_custom_css":"","_kad_blocks_head_custom_js":"","_kad_blocks_body_custom_js":"","_kad_blocks_footer_custom_js":"","_kadence_starter_templates_imported_post":false,"_kad_post_transparent":"","_kad_post_title":"","_kad_post_layout":"","_kad_post_sidebar_id":"","_kad_post_content_style":"","_kad_post_vertical_padding":"","_kad_post_feature":"","_kad_post_feature_position":"","_kad_post_header":false,"_kad_post_footer":false,"footnotes":""},"categories":[417,414],"tags":[],"class_list":["post-2719","post","type-post","status-publish","format-standard","has-post-thumbnail","hentry","category-eventos","category-tecnologia-medicina"],"yoast_head":"<!-- This site is optimized with the Yoast SEO plugin v27.0 - https:\/\/yoast.com\/product\/yoast-seo-wordpress\/ -->\n<title>Primeiro aparelho por onda de choque produzido no Brasil<\/title>\n<meta name=\"description\" content=\"O aparelho por onda de choque Shockmed Carci, \u00e9 recomendado para os tratamentos dif\u00edceis de dores e inflama\u00e7\u00f5es cr\u00f4nicas.\" \/>\n<meta name=\"robots\" content=\"index, follow, max-snippet:-1, max-image-preview:large, max-video-preview:-1\" \/>\n<link rel=\"canonical\" href=\"https:\/\/prodoctor.net\/blog\/primeiro-aparelho-por-onda-de-choque-produzido-no-brasil\/\" \/>\n<meta property=\"og:locale\" content=\"pt_BR\" \/>\n<meta property=\"og:type\" content=\"article\" \/>\n<meta property=\"og:title\" content=\"Primeiro aparelho por onda de choque produzido no Brasil\" \/>\n<meta property=\"og:description\" content=\"O aparelho por onda de choque Shockmed Carci, \u00e9 recomendado para os tratamentos dif\u00edceis de dores e inflama\u00e7\u00f5es cr\u00f4nicas.\" \/>\n<meta property=\"og:url\" content=\"https:\/\/prodoctor.net\/blog\/primeiro-aparelho-por-onda-de-choque-produzido-no-brasil\/\" \/>\n<meta property=\"og:site_name\" content=\"Blog ProDoctor\" \/>\n<meta property=\"article:publisher\" content=\"https:\/\/www.facebook.com\/prodoctorsoftware\" \/>\n<meta property=\"article:published_time\" content=\"2016-05-18T19:28:49+00:00\" \/>\n<meta property=\"article:modified_time\" content=\"2019-02-28T14:25:10+00:00\" \/>\n<meta property=\"og:image\" content=\"https:\/\/prodoctor.net\/blog\/wp-content\/uploads\/2016\/05\/Shockmed-Carci1.jpg\" \/>\n\t<meta property=\"og:image:width\" content=\"770\" \/>\n\t<meta property=\"og:image:height\" content=\"400\" \/>\n\t<meta property=\"og:image:type\" content=\"image\/jpeg\" \/>\n<meta name=\"author\" content=\"ProDoctor Software\" \/>\n<meta name=\"twitter:card\" content=\"summary_large_image\" \/>\n<meta name=\"twitter:creator\" content=\"@prodoctorsoft\" \/>\n<meta name=\"twitter:site\" content=\"@prodoctorsoft\" \/>\n<meta name=\"twitter:label1\" content=\"Escrito por\" \/>\n\t<meta name=\"twitter:data1\" content=\"ProDoctor Software\" \/>\n\t<meta name=\"twitter:label2\" content=\"Est. tempo de leitura\" \/>\n\t<meta name=\"twitter:data2\" content=\"1 minuto\" \/>\n<script type=\"application\/ld+json\" class=\"yoast-schema-graph\">{\"@context\":\"https:\/\/schema.org\",\"@graph\":[{\"@type\":\"Article\",\"@id\":\"https:\/\/prodoctor.net\/blog\/primeiro-aparelho-por-onda-de-choque-produzido-no-brasil\/#article\",\"isPartOf\":{\"@id\":\"https:\/\/prodoctor.net\/blog\/primeiro-aparelho-por-onda-de-choque-produzido-no-brasil\/\"},\"author\":{\"name\":\"ProDoctor Software\",\"@id\":\"https:\/\/prodoctor.net\/blog\/#\/schema\/person\/8878914b17cd360e7ec0ddee1ed8c544\"},\"headline\":\"Primeiro aparelho por onda de choque produzido no Brasil &#8211; Hospitalar 2016\",\"datePublished\":\"2016-05-18T19:28:49+00:00\",\"dateModified\":\"2019-02-28T14:25:10+00:00\",\"mainEntityOfPage\":{\"@id\":\"https:\/\/prodoctor.net\/blog\/primeiro-aparelho-por-onda-de-choque-produzido-no-brasil\/\"},\"wordCount\":211,\"publisher\":{\"@id\":\"https:\/\/prodoctor.net\/blog\/#organization\"},\"image\":{\"@id\":\"https:\/\/prodoctor.net\/blog\/primeiro-aparelho-por-onda-de-choque-produzido-no-brasil\/#primaryimage\"},\"thumbnailUrl\":\"https:\/\/prodoctor.net\/blog\/wp-content\/uploads\/2016\/05\/Shockmed-Carci1.jpg\",\"articleSection\":[\"Eventos\",\"Tecnologia na Medicina\"],\"inLanguage\":\"pt-BR\"},{\"@type\":\"WebPage\",\"@id\":\"https:\/\/prodoctor.net\/blog\/primeiro-aparelho-por-onda-de-choque-produzido-no-brasil\/\",\"url\":\"https:\/\/prodoctor.net\/blog\/primeiro-aparelho-por-onda-de-choque-produzido-no-brasil\/\",\"name\":\"Primeiro aparelho por onda de choque produzido no Brasil\",\"isPartOf\":{\"@id\":\"https:\/\/prodoctor.net\/blog\/#website\"},\"primaryImageOfPage\":{\"@id\":\"https:\/\/prodoctor.net\/blog\/primeiro-aparelho-por-onda-de-choque-produzido-no-brasil\/#primaryimage\"},\"image\":{\"@id\":\"https:\/\/prodoctor.net\/blog\/primeiro-aparelho-por-onda-de-choque-produzido-no-brasil\/#primaryimage\"},\"thumbnailUrl\":\"https:\/\/prodoctor.net\/blog\/wp-content\/uploads\/2016\/05\/Shockmed-Carci1.jpg\",\"datePublished\":\"2016-05-18T19:28:49+00:00\",\"dateModified\":\"2019-02-28T14:25:10+00:00\",\"description\":\"O aparelho por onda de choque Shockmed Carci, \u00e9 recomendado para os tratamentos dif\u00edceis de dores e inflama\u00e7\u00f5es cr\u00f4nicas.\",\"breadcrumb\":{\"@id\":\"https:\/\/prodoctor.net\/blog\/primeiro-aparelho-por-onda-de-choque-produzido-no-brasil\/#breadcrumb\"},\"inLanguage\":\"pt-BR\",\"potentialAction\":[{\"@type\":\"ReadAction\",\"target\":[\"https:\/\/prodoctor.net\/blog\/primeiro-aparelho-por-onda-de-choque-produzido-no-brasil\/\"]}]},{\"@type\":\"ImageObject\",\"inLanguage\":\"pt-BR\",\"@id\":\"https:\/\/prodoctor.net\/blog\/primeiro-aparelho-por-onda-de-choque-produzido-no-brasil\/#primaryimage\",\"url\":\"https:\/\/prodoctor.net\/blog\/wp-content\/uploads\/2016\/05\/Shockmed-Carci1.jpg\",\"contentUrl\":\"https:\/\/prodoctor.net\/blog\/wp-content\/uploads\/2016\/05\/Shockmed-Carci1.jpg\",\"width\":770,\"height\":400},{\"@type\":\"BreadcrumbList\",\"@id\":\"https:\/\/prodoctor.net\/blog\/primeiro-aparelho-por-onda-de-choque-produzido-no-brasil\/#breadcrumb\",\"itemListElement\":[{\"@type\":\"ListItem\",\"position\":1,\"name\":\"In\u00edcio\",\"item\":\"https:\/\/prodoctor.net\/blog\/\"},{\"@type\":\"ListItem\",\"position\":2,\"name\":\"Primeiro aparelho por onda de choque produzido no Brasil &#8211; Hospitalar 2016\"}]},{\"@type\":\"WebSite\",\"@id\":\"https:\/\/prodoctor.net\/blog\/#website\",\"url\":\"https:\/\/prodoctor.net\/blog\/\",\"name\":\"Blog ProDoctor\",\"description\":\"Tudo sobre o mundo da Sa\u00fade\",\"publisher\":{\"@id\":\"https:\/\/prodoctor.net\/blog\/#organization\"},\"potentialAction\":[{\"@type\":\"SearchAction\",\"target\":{\"@type\":\"EntryPoint\",\"urlTemplate\":\"https:\/\/prodoctor.net\/blog\/?s={search_term_string}\"},\"query-input\":{\"@type\":\"PropertyValueSpecification\",\"valueRequired\":true,\"valueName\":\"search_term_string\"}}],\"inLanguage\":\"pt-BR\"},{\"@type\":\"Organization\",\"@id\":\"https:\/\/prodoctor.net\/blog\/#organization\",\"name\":\"ProDoctor Software S\/A\",\"url\":\"https:\/\/prodoctor.net\/blog\/\",\"logo\":{\"@type\":\"ImageObject\",\"inLanguage\":\"pt-BR\",\"@id\":\"https:\/\/prodoctor.net\/blog\/#\/schema\/logo\/image\/\",\"url\":\"https:\/\/prodoctor.net\/blog\/wp-content\/uploads\/2017\/01\/Logo_PDo_Lateral.png\",\"contentUrl\":\"https:\/\/prodoctor.net\/blog\/wp-content\/uploads\/2017\/01\/Logo_PDo_Lateral.png\",\"width\":2014,\"height\":485,\"caption\":\"ProDoctor Software S\/A\"},\"image\":{\"@id\":\"https:\/\/prodoctor.net\/blog\/#\/schema\/logo\/image\/\"},\"sameAs\":[\"https:\/\/www.facebook.com\/prodoctorsoftware\",\"https:\/\/x.com\/prodoctorsoft\",\"https:\/\/www.instagram.com\/prodoctorsoftware\/\",\"https:\/\/www.linkedin.com\/company\/prodoctor-software-ltda\",\"https:\/\/www.youtube.com\/channel\/UCIWuDLsVtIpX-PEqQn1pNlw\"]},{\"@type\":\"Person\",\"@id\":\"https:\/\/prodoctor.net\/blog\/#\/schema\/person\/8878914b17cd360e7ec0ddee1ed8c544\",\"name\":\"ProDoctor Software\",\"image\":{\"@type\":\"ImageObject\",\"inLanguage\":\"pt-BR\",\"@id\":\"https:\/\/prodoctor.net\/blog\/#\/schema\/person\/image\/\",\"url\":\"https:\/\/secure.gravatar.com\/avatar\/a67bdb10f2e6695f7ae356a84deeaf10b545567f0ac054e9bfe8ec56e86317ec?s=96&d=mm&r=g\",\"contentUrl\":\"https:\/\/secure.gravatar.com\/avatar\/a67bdb10f2e6695f7ae356a84deeaf10b545567f0ac054e9bfe8ec56e86317ec?s=96&d=mm&r=g\",\"caption\":\"ProDoctor Software\"},\"sameAs\":[\"http:\/\/prodoctor.net\",\"https:\/\/x.com\/prodoctorsoft\"]}]}<\/script>\n<!-- \/ Yoast SEO plugin. -->","yoast_head_json":{"title":"Primeiro aparelho por onda de choque produzido no Brasil","description":"O aparelho por onda de choque Shockmed Carci, \u00e9 recomendado para os tratamentos dif\u00edceis de dores e inflama\u00e7\u00f5es cr\u00f4nicas.","robots":{"index":"index","follow":"follow","max-snippet":"max-snippet:-1","max-image-preview":"max-image-preview:large","max-video-preview":"max-video-preview:-1"},"canonical":"https:\/\/prodoctor.net\/blog\/primeiro-aparelho-por-onda-de-choque-produzido-no-brasil\/","og_locale":"pt_BR","og_type":"article","og_title":"Primeiro aparelho por onda de choque produzido no Brasil","og_description":"O aparelho por onda de choque Shockmed Carci, \u00e9 recomendado para os tratamentos dif\u00edceis de dores e inflama\u00e7\u00f5es cr\u00f4nicas.","og_url":"https:\/\/prodoctor.net\/blog\/primeiro-aparelho-por-onda-de-choque-produzido-no-brasil\/","og_site_name":"Blog ProDoctor","article_publisher":"https:\/\/www.facebook.com\/prodoctorsoftware","article_published_time":"2016-05-18T19:28:49+00:00","article_modified_time":"2019-02-28T14:25:10+00:00","og_image":[{"width":770,"height":400,"url":"https:\/\/prodoctor.net\/blog\/wp-content\/uploads\/2016\/05\/Shockmed-Carci1.jpg","type":"image\/jpeg"}],"author":"ProDoctor Software","twitter_card":"summary_large_image","twitter_creator":"@prodoctorsoft","twitter_site":"@prodoctorsoft","twitter_misc":{"Escrito por":"ProDoctor Software","Est. tempo de leitura":"1 minuto"},"schema":{"@context":"https:\/\/schema.org","@graph":[{"@type":"Article","@id":"https:\/\/prodoctor.net\/blog\/primeiro-aparelho-por-onda-de-choque-produzido-no-brasil\/#article","isPartOf":{"@id":"https:\/\/prodoctor.net\/blog\/primeiro-aparelho-por-onda-de-choque-produzido-no-brasil\/"},"author":{"name":"ProDoctor Software","@id":"https:\/\/prodoctor.net\/blog\/#\/schema\/person\/8878914b17cd360e7ec0ddee1ed8c544"},"headline":"Primeiro aparelho por onda de choque produzido no Brasil &#8211; Hospitalar 2016","datePublished":"2016-05-18T19:28:49+00:00","dateModified":"2019-02-28T14:25:10+00:00","mainEntityOfPage":{"@id":"https:\/\/prodoctor.net\/blog\/primeiro-aparelho-por-onda-de-choque-produzido-no-brasil\/"},"wordCount":211,"publisher":{"@id":"https:\/\/prodoctor.net\/blog\/#organization"},"image":{"@id":"https:\/\/prodoctor.net\/blog\/primeiro-aparelho-por-onda-de-choque-produzido-no-brasil\/#primaryimage"},"thumbnailUrl":"https:\/\/prodoctor.net\/blog\/wp-content\/uploads\/2016\/05\/Shockmed-Carci1.jpg","articleSection":["Eventos","Tecnologia na Medicina"],"inLanguage":"pt-BR"},{"@type":"WebPage","@id":"https:\/\/prodoctor.net\/blog\/primeiro-aparelho-por-onda-de-choque-produzido-no-brasil\/","url":"https:\/\/prodoctor.net\/blog\/primeiro-aparelho-por-onda-de-choque-produzido-no-brasil\/","name":"Primeiro aparelho por onda de choque produzido no Brasil","isPartOf":{"@id":"https:\/\/prodoctor.net\/blog\/#website"},"primaryImageOfPage":{"@id":"https:\/\/prodoctor.net\/blog\/primeiro-aparelho-por-onda-de-choque-produzido-no-brasil\/#primaryimage"},"image":{"@id":"https:\/\/prodoctor.net\/blog\/primeiro-aparelho-por-onda-de-choque-produzido-no-brasil\/#primaryimage"},"thumbnailUrl":"https:\/\/prodoctor.net\/blog\/wp-content\/uploads\/2016\/05\/Shockmed-Carci1.jpg","datePublished":"2016-05-18T19:28:49+00:00","dateModified":"2019-02-28T14:25:10+00:00","description":"O aparelho por onda de choque Shockmed Carci, \u00e9 recomendado para os tratamentos dif\u00edceis de dores e inflama\u00e7\u00f5es cr\u00f4nicas.","breadcrumb":{"@id":"https:\/\/prodoctor.net\/blog\/primeiro-aparelho-por-onda-de-choque-produzido-no-brasil\/#breadcrumb"},"inLanguage":"pt-BR","potentialAction":[{"@type":"ReadAction","target":["https:\/\/prodoctor.net\/blog\/primeiro-aparelho-por-onda-de-choque-produzido-no-brasil\/"]}]},{"@type":"ImageObject","inLanguage":"pt-BR","@id":"https:\/\/prodoctor.net\/blog\/primeiro-aparelho-por-onda-de-choque-produzido-no-brasil\/#primaryimage","url":"https:\/\/prodoctor.net\/blog\/wp-content\/uploads\/2016\/05\/Shockmed-Carci1.jpg","contentUrl":"https:\/\/prodoctor.net\/blog\/wp-content\/uploads\/2016\/05\/Shockmed-Carci1.jpg","width":770,"height":400},{"@type":"BreadcrumbList","@id":"https:\/\/prodoctor.net\/blog\/primeiro-aparelho-por-onda-de-choque-produzido-no-brasil\/#breadcrumb","itemListElement":[{"@type":"ListItem","position":1,"name":"In\u00edcio","item":"https:\/\/prodoctor.net\/blog\/"},{"@type":"ListItem","position":2,"name":"Primeiro aparelho por onda de choque produzido no Brasil &#8211; Hospitalar 2016"}]},{"@type":"WebSite","@id":"https:\/\/prodoctor.net\/blog\/#website","url":"https:\/\/prodoctor.net\/blog\/","name":"Blog ProDoctor","description":"Tudo sobre o mundo da Sa\u00fade","publisher":{"@id":"https:\/\/prodoctor.net\/blog\/#organization"},"potentialAction":[{"@type":"SearchAction","target":{"@type":"EntryPoint","urlTemplate":"https:\/\/prodoctor.net\/blog\/?s={search_term_string}"},"query-input":{"@type":"PropertyValueSpecification","valueRequired":true,"valueName":"search_term_string"}}],"inLanguage":"pt-BR"},{"@type":"Organization","@id":"https:\/\/prodoctor.net\/blog\/#organization","name":"ProDoctor Software S\/A","url":"https:\/\/prodoctor.net\/blog\/","logo":{"@type":"ImageObject","inLanguage":"pt-BR","@id":"https:\/\/prodoctor.net\/blog\/#\/schema\/logo\/image\/","url":"https:\/\/prodoctor.net\/blog\/wp-content\/uploads\/2017\/01\/Logo_PDo_Lateral.png","contentUrl":"https:\/\/prodoctor.net\/blog\/wp-content\/uploads\/2017\/01\/Logo_PDo_Lateral.png","width":2014,"height":485,"caption":"ProDoctor Software S\/A"},"image":{"@id":"https:\/\/prodoctor.net\/blog\/#\/schema\/logo\/image\/"},"sameAs":["https:\/\/www.facebook.com\/prodoctorsoftware","https:\/\/x.com\/prodoctorsoft","https:\/\/www.instagram.com\/prodoctorsoftware\/","https:\/\/www.linkedin.com\/company\/prodoctor-software-ltda","https:\/\/www.youtube.com\/channel\/UCIWuDLsVtIpX-PEqQn1pNlw"]},{"@type":"Person","@id":"https:\/\/prodoctor.net\/blog\/#\/schema\/person\/8878914b17cd360e7ec0ddee1ed8c544","name":"ProDoctor Software","image":{"@type":"ImageObject","inLanguage":"pt-BR","@id":"https:\/\/prodoctor.net\/blog\/#\/schema\/person\/image\/","url":"https:\/\/secure.gravatar.com\/avatar\/a67bdb10f2e6695f7ae356a84deeaf10b545567f0ac054e9bfe8ec56e86317ec?s=96&d=mm&r=g","contentUrl":"https:\/\/secure.gravatar.com\/avatar\/a67bdb10f2e6695f7ae356a84deeaf10b545567f0ac054e9bfe8ec56e86317ec?s=96&d=mm&r=g","caption":"ProDoctor Software"},"sameAs":["http:\/\/prodoctor.net","https:\/\/x.com\/prodoctorsoft"]}]}},"taxonomy_info":{"category":[{"value":417,"label":"Eventos"},{"value":414,"label":"Tecnologia na Medicina"}]},"featured_image_src_large":["https:\/\/prodoctor.net\/blog\/wp-content\/uploads\/2016\/05\/Shockmed-Carci1.jpg",770,400,false],"author_info":{"display_name":"ProDoctor Software","author_link":"https:\/\/prodoctor.net\/blog\/author\/redesocialprodoctor-net\/"},"comment_info":0,"category_info":[{"term_id":417,"name":"Eventos","slug":"eventos","term_group":0,"term_taxonomy_id":417,"taxonomy":"category","description":"","parent":0,"count":37,"filter":"raw","cat_ID":417,"category_count":37,"category_description":"","cat_name":"Eventos","category_nicename":"eventos","category_parent":0},{"term_id":414,"name":"Tecnologia na Medicina","slug":"tecnologia-medicina","term_group":0,"term_taxonomy_id":414,"taxonomy":"category","description":"","parent":0,"count":157,"filter":"raw","cat_ID":414,"category_count":157,"category_description":"","cat_name":"Tecnologia na Medicina","category_nicename":"tecnologia-medicina","category_parent":0}],"tag_info":false,"_links":{"self":[{"href":"https:\/\/prodoctor.net\/blog\/wp-json\/wp\/v2\/posts\/2719","targetHints":{"allow":["GET"]}}],"collection":[{"href":"https:\/\/prodoctor.net\/blog\/wp-json\/wp\/v2\/posts"}],"about":[{"href":"https:\/\/prodoctor.net\/blog\/wp-json\/wp\/v2\/types\/post"}],"author":[{"embeddable":true,"href":"https:\/\/prodoctor.net\/blog\/wp-json\/wp\/v2\/users\/1"}],"replies":[{"embeddable":true,"href":"https:\/\/prodoctor.net\/blog\/wp-json\/wp\/v2\/comments?post=2719"}],"version-history":[{"count":10,"href":"https:\/\/prodoctor.net\/blog\/wp-json\/wp\/v2\/posts\/2719\/revisions"}],"predecessor-version":[{"id":10417,"href":"https:\/\/prodoctor.net\/blog\/wp-json\/wp\/v2\/posts\/2719\/revisions\/10417"}],"wp:featuredmedia":[{"embeddable":true,"href":"https:\/\/prodoctor.net\/blog\/wp-json\/wp\/v2\/media\/2741"}],"wp:attachment":[{"href":"https:\/\/prodoctor.net\/blog\/wp-json\/wp\/v2\/media?parent=2719"}],"wp:term":[{"taxonomy":"category","embeddable":true,"href":"https:\/\/prodoctor.net\/blog\/wp-json\/wp\/v2\/categories?post=2719"},{"taxonomy":"post_tag","embeddable":true,"href":"https:\/\/prodoctor.net\/blog\/wp-json\/wp\/v2\/tags?post=2719"}],"curies":[{"name":"wp","href":"https:\/\/api.w.org\/{rel}","templated":true}]}}