{"id":27012,"date":"2023-07-11T16:18:14","date_gmt":"2023-07-11T19:18:14","guid":{"rendered":"https:\/\/prodoctor.net\/blog\/?p=27012"},"modified":"2024-04-01T15:19:29","modified_gmt":"2024-04-01T18:19:29","slug":"reforma-tributaria-o-que-muda-na-saude","status":"publish","type":"post","link":"https:\/\/prodoctor.net\/blog\/reforma-tributaria-o-que-muda-na-saude\/","title":{"rendered":"Reforma Tribut\u00e1ria: o que muda na Sa\u00fade?"},"content":{"rendered":"\n<p><span style=\"font-weight: 400;\">Com a aprova\u00e7\u00e3o da Proposta de Emenda \u00e0 Constitui\u00e7\u00e3o (<\/span><a href=\"https:\/\/www.camara.leg.br\/proposicoesWeb\/fichadetramitacao?idProposicao=2196833\"><span style=\"font-weight: 400;\">PEC 45<\/span><\/a><span style=\"font-weight: 400;\">) na C\u00e2mara dos Deputados, surge a quest\u00e3o: quais os impactos das mudan\u00e7as sugeridas pela<\/span><b> Reforma Tribut\u00e1ria na Sa\u00fade<\/b><span style=\"font-weight: 400;\">?\u00a0<\/span><\/p>\n<p><span style=\"font-weight: 400;\">A vota\u00e7\u00e3o foi considerada hist\u00f3rica, uma vez que a pauta \u00e9 sugerida e debatida h\u00e1 cerca de tr\u00eas d\u00e9cadas, e foi encerrada na madrugada de 7 de julho de 2023.<\/span><\/p>\n<p><span style=\"font-weight: 400;\">A medida vai refletir nos servi\u00e7os de Sa\u00fade e dispositivos m\u00e9dicos e de acessibilidade para pessoas com defici\u00eancia, entre outros segmentos.\u00a0<\/span><\/p>\n<p><span style=\"font-weight: 400;\">Com ela, diversos bens e servi\u00e7os da Sa\u00fade poder\u00e3o ter redu\u00e7\u00f5es significativas na al\u00edquota padr\u00e3o. Confira outras consequ\u00eancias da Reforma Tribut\u00e1ria na Sa\u00fade.<\/span><\/p>\n<p><span style=\"font-weight: 400;\">Vamos te ajudar a entender um pouco mais sobre isso.<\/span><\/p>\n\n\n\n<h2 class=\"wp-block-heading\">Reforma Tribut\u00e1ria na Sa\u00fade: isen\u00e7\u00e3o de impostos<\/h2>\n\n\n\n<p>A C\u00e2mara dos Deputados aprovou a PEC n\u00ba 45\/19 com regimes diferenciados em rela\u00e7\u00e3o \u00e0s regras gerais para alguns setores ou finalidades espec\u00edficas, como o de Sa\u00fade.<\/p>\n\n\n\n<p>O <a href=\"https:\/\/www.cremeb.org.br\/index.php\/noticias\/reforma-tributaria-camara-dos-deputados-aprova-desconto-de-60-para-os-medicos\/#:~:text=O%20projeto%20da%20reforma%20prev%C3%AA,por%20conta%20da%20reforma%20tribut%C3%A1ria\" target=\"_blank\" rel=\"noreferrer noopener\">Conselho Federal de Medicina<\/a> (CFM), a Alian\u00e7a Brasileira da Ind\u00fastria Inovadora em Sa\u00fade (ABIIS) e outras entidades da \u00e1rea estabeleceram um contato direto com Bras\u00edlia, no \u00faltimo ano.<\/p>\n\n\n\n<p>O pedido era que o texto da Reforma Tribut\u00e1ria tratasse o setor de produtos m\u00e9dico-hospitalares de forma diferenciada, com o intuito de evitar onera\u00e7\u00e3o do sistema de Sa\u00fade como um todo, o que diminuiria o acesso da popula\u00e7\u00e3o a tratamentos adequados.<\/p>\n\n\n\n<p>E o pedido foi contemplado. O setor da Sa\u00fade tem comemorado que os Dispositivos M\u00e9dicos e outros produtos voltados \u00e0 Sa\u00fade <a href=\"https:\/\/www.saudebusiness.com\/industria\/reforma-tributaria-dispositivos-medicos-terao-60-de-reducao-na-aliquota-padrao-de-tributos\/\">ter\u00e3o 60% de <\/a><a href=\"https:\/\/www.saudebusiness.com\/industria\/reforma-tributaria-dispositivos-medicos-terao-60-de-reducao-na-aliquota-padrao-de-tributos\/\" target=\"_blank\" rel=\"noreferrer noopener\">redu\u00e7\u00e3o <\/a><a href=\"https:\/\/www.saudebusiness.com\/industria\/reforma-tributaria-dispositivos-medicos-terao-60-de-reducao-na-aliquota-padrao-de-tributos\/\">na al\u00edquota padr\u00e3o<\/a> de tributos, podendo chegar a 100%.<\/p>\n\n\n\n<p>Outra conquista \u00e9 que <strong>n\u00e3o<\/strong> haver\u00e1 aumento de impostos para o setor da Sa\u00fade.<\/p>\n\n\n\n<p>Dessa forma, hospitais, cl\u00ednicas m\u00e9dicas e laborat\u00f3rios de medicina diagn\u00f3stica privados continuar\u00e3o com o mesmo patamar de impostos atuais, que hoje est\u00e1 na casa dos 10%.<\/p>\n\n\n\n<h3 class=\"wp-block-heading\">Isen\u00e7\u00e3o de IVAs na Sa\u00fade<\/h3>\n\n\n\n<p>O texto-base da Reforma Tribut\u00e1ria define tamb\u00e9m a possibilidade de isentar a cobran\u00e7a dos IVAs sobre determinados bens e tributos.&nbsp;<\/p>\n\n\n\n<p>A defini\u00e7\u00e3o ser\u00e1 realizada por meio de lei complementar.<\/p>\n\n\n\n<p>Durante o per\u00edodo de teste, <a href=\"https:\/\/exame.com\/brasil\/o-que-vai-mudar-com-a-reforma-tributaria-veja-os-principais-pontos-da-proposta\/\" target=\"_blank\" rel=\"noreferrer noopener\">os impostos ter\u00e3o a seguinte cobran\u00e7a<\/a>:<\/p>\n\n\n\n<ul class=\"wp-block-list\">\n<li>IVA federal ter\u00e1 al\u00edquota de 0,9%<\/li>\n\n\n\n<li>e o IVA estadual e municipal, de 0,1%<\/li>\n<\/ul>\n\n\n\n<p>Poder\u00e3o ficar isentos da cobran\u00e7a do futuro IVA:<\/p>\n\n\n\n<ul class=\"wp-block-list\">\n<li>alguns medicamentos espec\u00edficos, como os utilizados para o tratamento contra o c\u00e2ncer;<\/li>\n\n\n\n<li>produtos de cuidados b\u00e1sicos \u00e0 sa\u00fade menstrual;<\/li>\n\n\n\n<li>dispositivos m\u00e9dicos e de acessibilidade para pessoas com defici\u00eancia.<\/li>\n<\/ul>\n\n\n\n<h3 class=\"wp-block-heading\">O que muda para os medicamentos?<\/h3>\n\n\n\n<p>Os medicamentos e dispositivos m\u00e9dicos ter\u00e3o al\u00edquota reduzida em 50%, considerando como base a al\u00edquota de Imposto sobre Valor Agregado (IVA) que ser\u00e1 aplicada.<\/p>\n\n\n\n<p>Como a al\u00edquota de IVA ser\u00e1 de 25%, o imposto sobre os rem\u00e9dios ser\u00e1 de 12,5%.&nbsp;<\/p>\n\n\n\n<p>Mas alguns medicamentos especiais, como os para tratamento de c\u00e2ncer, ter\u00e3o al\u00edquota zerada.<\/p>\n\n\n\n<h3 class=\"wp-block-heading\">Regime especial<\/h3>\n\n\n\n<p>A proposta manteve regimes espec\u00edficos de arrecada\u00e7\u00e3o para planos de assist\u00eancia \u00e0 sa\u00fade.<\/p>\n\n\n\n<p>Esses regimes preveem tratamento diferenciado nas regras de creditamento (aproveitamento de cr\u00e9ditos tribut\u00e1rios) e na base de c\u00e1lculo; e tributa\u00e7\u00e3o com base na receita ou no faturamento (em vez do valor adicionado na cadeia).<\/p>\n\n\n\n<h2 class=\"wp-block-heading\">Vis\u00e3o geral da proposta da Reforma Tribut\u00e1ria<\/h2>\n\n\n\n<figure class=\"wp-block-image size-full\"><a href=\"https:\/\/prodoctor.net\/blog\/wp-content\/uploads\/2023\/07\/Novo-Projeto.jpg\"><img decoding=\"async\" width=\"770\" height=\"250\" src=\"https:\/\/prodoctor.net\/blog\/wp-content\/uploads\/2023\/07\/Novo-Projeto.jpg\" alt=\"\" class=\"wp-image-27014\" srcset=\"https:\/\/prodoctor.net\/blog\/wp-content\/uploads\/2023\/07\/Novo-Projeto.jpg 770w, https:\/\/prodoctor.net\/blog\/wp-content\/uploads\/2023\/07\/Novo-Projeto-300x97.jpg 300w, https:\/\/prodoctor.net\/blog\/wp-content\/uploads\/2023\/07\/Novo-Projeto-768x249.jpg 768w\" sizes=\"(max-width: 770px) 100vw, 770px\" \/><\/a><\/figure>\n\n\n\n<p>A Reforma Tribut\u00e1ria tem como principal objetivo simplificar o sistema de impostos no Brasil, al\u00e9m de buscar redu\u00e7\u00e3o de custos para as empresas.<\/p>\n\n\n\n<p>Outra preocupa\u00e7\u00e3o \u00e9 a de que n\u00e3o haja imposto sobre imposto, chamada de incid\u00eancia em cascata.<\/p>\n\n\n\n<p>Na pr\u00e1tica, o texto aprovado traz diversas <a href=\"https:\/\/www.gov.br\/fazenda\/pt-br\/assuntos\/noticias\/2023\/julho\/camara-deputados-aprova-em-dois-turnos-a-pec-que-cria-a-reforma-tributaria#:~:text=Por%20375%20votos%20a%20favor,%2F7)%20na%20casa%20legislativa.\" target=\"_blank\" rel=\"noreferrer noopener\">mudan\u00e7as na estrutura de cobran\u00e7as de impostos <\/a>no Pa\u00eds, podendo influenciar da Sa\u00fade at\u00e9 a distribui\u00e7\u00e3o de dividendos.<\/p>\n\n\n\n<p>Algumas das principais s\u00e3o:<\/p>\n\n\n\n<ul class=\"wp-block-list\">\n<li>Unifica\u00e7\u00e3o de tr\u00eas impostos federais \u2014 IPI, PIS e Cofins, que se tornariam um s\u00f3;<\/li>\n\n\n\n<li>Unifica\u00e7\u00e3o de um imposto estadual com um municipal, como o ICMS e o ISS, por exemplo.<\/li>\n\n\n\n<li>Imposto zero para cesta b\u00e1sica, que ainda ter\u00e3o seus itens definidos por lei complementar;<\/li>\n\n\n\n<li>Diminui\u00e7\u00e3o de impostos para setores espec\u00edficos, como Sa\u00fade, educa\u00e7\u00e3o, cultura, transporte e produtos do agroneg\u00f3cio.<\/li>\n<\/ul>\n\n\n\n<p>Segundo a proposta da Reforma Tribut\u00e1ria, o per\u00edodo de transi\u00e7\u00e3o para unificar os tributos <a href=\"https:\/\/g1.globo.com\/politica\/noticia\/2023\/07\/07\/camara-aprova-texto-da-reforma-tributaria-em-2o-turno.ghtml?utm_source=the%20news&amp;utm_medium=newsletter&amp;utm_campaign=07_07\" target=\"_blank\" rel=\"noreferrer noopener\">vai durar sete anos<\/a>: de 2026 a 2032. A partir de 2033, os impostos atuais ser\u00e3o extintos.&nbsp;<\/p>\n\n\n\n<p>O texto foi aprovado na C\u00e2mara dos Deputados e segue para a vota\u00e7\u00e3o do Senado Federal.&nbsp;<\/p>\n\n\n\n<p>Em seguida, retorna para nova vota\u00e7\u00e3o e aprova\u00e7\u00e3o final na C\u00e2mara dos Deputados. Sendo aprovada, receber\u00e1 a san\u00e7\u00e3o presidencial.<\/p>\n\n\n\n<p>A Reforma Tribut\u00e1ria possui o potencial de gerar crescimento adicional da economia (PIB) superior a 12% em 15 anos.<\/p>\n","protected":false},"excerpt":{"rendered":"<p>Quais os impactos das mudan\u00e7as propostas pela Reforma Tribut\u00e1ria na Sa\u00fade? Descubra aqui!<\/p>\n","protected":false},"author":11,"featured_media":27013,"comment_status":"closed","ping_status":"closed","sticky":false,"template":"","format":"standard","meta":{"_kad_blocks_custom_css":"","_kad_blocks_head_custom_js":"","_kad_blocks_body_custom_js":"","_kad_blocks_footer_custom_js":"","_kadence_starter_templates_imported_post":false,"_kad_post_transparent":"","_kad_post_title":"","_kad_post_layout":"","_kad_post_sidebar_id":"","_kad_post_content_style":"","_kad_post_vertical_padding":"","_kad_post_feature":"","_kad_post_feature_position":"","_kad_post_header":false,"_kad_post_footer":false,"footnotes":""},"categories":[412,413],"tags":[],"class_list":["post-27012","post","type-post","status-publish","format-standard","has-post-thumbnail","hentry","category-gestao-de-clinicas-e-consultorios","category-medicina-e-saude"],"yoast_head":"<!-- This site is optimized with the Yoast SEO plugin v27.0 - https:\/\/yoast.com\/product\/yoast-seo-wordpress\/ -->\n<title>Reforma Tribut\u00e1ria: o que muda na Sa\u00fade? | Blog ProDoctor<\/title>\n<meta name=\"description\" content=\"Quais os impactos das mudan\u00e7as propostas pela Reforma Tribut\u00e1ria na Sa\u00fade? Descubra todos os detalhes aqui!\" \/>\n<meta name=\"robots\" content=\"index, follow, max-snippet:-1, max-image-preview:large, max-video-preview:-1\" \/>\n<link rel=\"canonical\" href=\"https:\/\/prodoctor.net\/blog\/reforma-tributaria-o-que-muda-na-saude\/\" \/>\n<meta property=\"og:locale\" content=\"pt_BR\" \/>\n<meta property=\"og:type\" content=\"article\" \/>\n<meta property=\"og:title\" content=\"Reforma Tribut\u00e1ria: o que muda na Sa\u00fade? | Blog ProDoctor\" \/>\n<meta property=\"og:description\" content=\"Quais os impactos das mudan\u00e7as propostas pela Reforma Tribut\u00e1ria na Sa\u00fade? Descubra todos os detalhes aqui!\" \/>\n<meta property=\"og:url\" content=\"https:\/\/prodoctor.net\/blog\/reforma-tributaria-o-que-muda-na-saude\/\" \/>\n<meta property=\"og:site_name\" content=\"Blog ProDoctor\" \/>\n<meta property=\"article:publisher\" content=\"https:\/\/www.facebook.com\/prodoctorsoftware\" \/>\n<meta property=\"article:published_time\" content=\"2023-07-11T19:18:14+00:00\" \/>\n<meta property=\"article:modified_time\" content=\"2024-04-01T18:19:29+00:00\" \/>\n<meta property=\"og:image\" content=\"https:\/\/prodoctor.net\/blog\/wp-content\/uploads\/2023\/07\/reforma-tributaria-na-saude.jpg\" \/>\n\t<meta property=\"og:image:width\" content=\"770\" \/>\n\t<meta property=\"og:image:height\" content=\"440\" \/>\n\t<meta property=\"og:image:type\" content=\"image\/jpeg\" \/>\n<meta name=\"author\" content=\"L\u00edvia Cajueiro\" \/>\n<meta name=\"twitter:card\" content=\"summary_large_image\" \/>\n<meta name=\"twitter:title\" content=\"Reforma Tribut\u00e1ria: o que muda na Sa\u00fade? | Blog ProDoctor\" \/>\n<meta name=\"twitter:description\" content=\"Quais os impactos das mudan\u00e7as propostas pela Reforma Tribut\u00e1ria na Sa\u00fade? Descubra todos os detalhes aqui!\" \/>\n<meta name=\"twitter:image\" content=\"https:\/\/prodoctor.net\/blog\/wp-content\/uploads\/2023\/07\/reforma-tributaria-na-saude.jpg\" \/>\n<meta name=\"twitter:creator\" content=\"@prodoctorsoft\" \/>\n<meta name=\"twitter:site\" content=\"@prodoctorsoft\" \/>\n<meta name=\"twitter:label1\" content=\"Escrito por\" \/>\n\t<meta name=\"twitter:data1\" content=\"L\u00edvia Cajueiro\" \/>\n\t<meta name=\"twitter:label2\" content=\"Est. tempo de leitura\" \/>\n\t<meta name=\"twitter:data2\" content=\"5 minutos\" \/>\n<script type=\"application\/ld+json\" class=\"yoast-schema-graph\">{\"@context\":\"https:\/\/schema.org\",\"@graph\":[{\"@type\":\"Article\",\"@id\":\"https:\/\/prodoctor.net\/blog\/reforma-tributaria-o-que-muda-na-saude\/#article\",\"isPartOf\":{\"@id\":\"https:\/\/prodoctor.net\/blog\/reforma-tributaria-o-que-muda-na-saude\/\"},\"author\":{\"name\":\"L\u00edvia Cajueiro\",\"@id\":\"https:\/\/prodoctor.net\/blog\/#\/schema\/person\/b4e6451b0035658e23a6171c74ba126a\"},\"headline\":\"Reforma Tribut\u00e1ria: o que muda na Sa\u00fade?\",\"datePublished\":\"2023-07-11T19:18:14+00:00\",\"dateModified\":\"2024-04-01T18:19:29+00:00\",\"mainEntityOfPage\":{\"@id\":\"https:\/\/prodoctor.net\/blog\/reforma-tributaria-o-que-muda-na-saude\/\"},\"wordCount\":827,\"publisher\":{\"@id\":\"https:\/\/prodoctor.net\/blog\/#organization\"},\"image\":{\"@id\":\"https:\/\/prodoctor.net\/blog\/reforma-tributaria-o-que-muda-na-saude\/#primaryimage\"},\"thumbnailUrl\":\"https:\/\/prodoctor.net\/blog\/wp-content\/uploads\/2023\/07\/reforma-tributaria-na-saude.jpg\",\"articleSection\":[\"Gest\u00e3o de Cl\u00ednicas e Consult\u00f3rios\",\"Medicina e Sa\u00fade\"],\"inLanguage\":\"pt-BR\"},{\"@type\":\"WebPage\",\"@id\":\"https:\/\/prodoctor.net\/blog\/reforma-tributaria-o-que-muda-na-saude\/\",\"url\":\"https:\/\/prodoctor.net\/blog\/reforma-tributaria-o-que-muda-na-saude\/\",\"name\":\"Reforma Tribut\u00e1ria: o que muda na Sa\u00fade? | Blog ProDoctor\",\"isPartOf\":{\"@id\":\"https:\/\/prodoctor.net\/blog\/#website\"},\"primaryImageOfPage\":{\"@id\":\"https:\/\/prodoctor.net\/blog\/reforma-tributaria-o-que-muda-na-saude\/#primaryimage\"},\"image\":{\"@id\":\"https:\/\/prodoctor.net\/blog\/reforma-tributaria-o-que-muda-na-saude\/#primaryimage\"},\"thumbnailUrl\":\"https:\/\/prodoctor.net\/blog\/wp-content\/uploads\/2023\/07\/reforma-tributaria-na-saude.jpg\",\"datePublished\":\"2023-07-11T19:18:14+00:00\",\"dateModified\":\"2024-04-01T18:19:29+00:00\",\"description\":\"Quais os impactos das mudan\u00e7as propostas pela Reforma Tribut\u00e1ria na Sa\u00fade? Descubra todos os detalhes aqui!\",\"breadcrumb\":{\"@id\":\"https:\/\/prodoctor.net\/blog\/reforma-tributaria-o-que-muda-na-saude\/#breadcrumb\"},\"inLanguage\":\"pt-BR\",\"potentialAction\":[{\"@type\":\"ReadAction\",\"target\":[\"https:\/\/prodoctor.net\/blog\/reforma-tributaria-o-que-muda-na-saude\/\"]}]},{\"@type\":\"ImageObject\",\"inLanguage\":\"pt-BR\",\"@id\":\"https:\/\/prodoctor.net\/blog\/reforma-tributaria-o-que-muda-na-saude\/#primaryimage\",\"url\":\"https:\/\/prodoctor.net\/blog\/wp-content\/uploads\/2023\/07\/reforma-tributaria-na-saude.jpg\",\"contentUrl\":\"https:\/\/prodoctor.net\/blog\/wp-content\/uploads\/2023\/07\/reforma-tributaria-na-saude.jpg\",\"width\":770,\"height\":440},{\"@type\":\"BreadcrumbList\",\"@id\":\"https:\/\/prodoctor.net\/blog\/reforma-tributaria-o-que-muda-na-saude\/#breadcrumb\",\"itemListElement\":[{\"@type\":\"ListItem\",\"position\":1,\"name\":\"In\u00edcio\",\"item\":\"https:\/\/prodoctor.net\/blog\/\"},{\"@type\":\"ListItem\",\"position\":2,\"name\":\"Reforma Tribut\u00e1ria: o que muda na Sa\u00fade?\"}]},{\"@type\":\"WebSite\",\"@id\":\"https:\/\/prodoctor.net\/blog\/#website\",\"url\":\"https:\/\/prodoctor.net\/blog\/\",\"name\":\"Blog ProDoctor\",\"description\":\"Tudo sobre o mundo da Sa\u00fade\",\"publisher\":{\"@id\":\"https:\/\/prodoctor.net\/blog\/#organization\"},\"potentialAction\":[{\"@type\":\"SearchAction\",\"target\":{\"@type\":\"EntryPoint\",\"urlTemplate\":\"https:\/\/prodoctor.net\/blog\/?s={search_term_string}\"},\"query-input\":{\"@type\":\"PropertyValueSpecification\",\"valueRequired\":true,\"valueName\":\"search_term_string\"}}],\"inLanguage\":\"pt-BR\"},{\"@type\":\"Organization\",\"@id\":\"https:\/\/prodoctor.net\/blog\/#organization\",\"name\":\"ProDoctor Software S\/A\",\"url\":\"https:\/\/prodoctor.net\/blog\/\",\"logo\":{\"@type\":\"ImageObject\",\"inLanguage\":\"pt-BR\",\"@id\":\"https:\/\/prodoctor.net\/blog\/#\/schema\/logo\/image\/\",\"url\":\"https:\/\/prodoctor.net\/blog\/wp-content\/uploads\/2017\/01\/Logo_PDo_Lateral.png\",\"contentUrl\":\"https:\/\/prodoctor.net\/blog\/wp-content\/uploads\/2017\/01\/Logo_PDo_Lateral.png\",\"width\":2014,\"height\":485,\"caption\":\"ProDoctor Software S\/A\"},\"image\":{\"@id\":\"https:\/\/prodoctor.net\/blog\/#\/schema\/logo\/image\/\"},\"sameAs\":[\"https:\/\/www.facebook.com\/prodoctorsoftware\",\"https:\/\/x.com\/prodoctorsoft\",\"https:\/\/www.instagram.com\/prodoctorsoftware\/\",\"https:\/\/www.linkedin.com\/company\/prodoctor-software-ltda\",\"https:\/\/www.youtube.com\/channel\/UCIWuDLsVtIpX-PEqQn1pNlw\"]},{\"@type\":\"Person\",\"@id\":\"https:\/\/prodoctor.net\/blog\/#\/schema\/person\/b4e6451b0035658e23a6171c74ba126a\",\"name\":\"L\u00edvia Cajueiro\",\"image\":{\"@type\":\"ImageObject\",\"inLanguage\":\"pt-BR\",\"@id\":\"https:\/\/prodoctor.net\/blog\/#\/schema\/person\/image\/\",\"url\":\"https:\/\/secure.gravatar.com\/avatar\/51c56d7bbf6010466bca91264e721a83e8345256f1a0057f5507ec910afe89e0?s=96&d=mm&r=g\",\"contentUrl\":\"https:\/\/secure.gravatar.com\/avatar\/51c56d7bbf6010466bca91264e721a83e8345256f1a0057f5507ec910afe89e0?s=96&d=mm&r=g\",\"caption\":\"L\u00edvia Cajueiro\"}}]}<\/script>\n<!-- \/ Yoast SEO plugin. -->","yoast_head_json":{"title":"Reforma Tribut\u00e1ria: o que muda na Sa\u00fade? | Blog ProDoctor","description":"Quais os impactos das mudan\u00e7as propostas pela Reforma Tribut\u00e1ria na Sa\u00fade? Descubra todos os detalhes aqui!","robots":{"index":"index","follow":"follow","max-snippet":"max-snippet:-1","max-image-preview":"max-image-preview:large","max-video-preview":"max-video-preview:-1"},"canonical":"https:\/\/prodoctor.net\/blog\/reforma-tributaria-o-que-muda-na-saude\/","og_locale":"pt_BR","og_type":"article","og_title":"Reforma Tribut\u00e1ria: o que muda na Sa\u00fade? | Blog ProDoctor","og_description":"Quais os impactos das mudan\u00e7as propostas pela Reforma Tribut\u00e1ria na Sa\u00fade? Descubra todos os detalhes aqui!","og_url":"https:\/\/prodoctor.net\/blog\/reforma-tributaria-o-que-muda-na-saude\/","og_site_name":"Blog ProDoctor","article_publisher":"https:\/\/www.facebook.com\/prodoctorsoftware","article_published_time":"2023-07-11T19:18:14+00:00","article_modified_time":"2024-04-01T18:19:29+00:00","og_image":[{"width":770,"height":440,"url":"https:\/\/prodoctor.net\/blog\/wp-content\/uploads\/2023\/07\/reforma-tributaria-na-saude.jpg","type":"image\/jpeg"}],"author":"L\u00edvia Cajueiro","twitter_card":"summary_large_image","twitter_title":"Reforma Tribut\u00e1ria: o que muda na Sa\u00fade? | Blog ProDoctor","twitter_description":"Quais os impactos das mudan\u00e7as propostas pela Reforma Tribut\u00e1ria na Sa\u00fade? Descubra todos os detalhes aqui!","twitter_image":"https:\/\/prodoctor.net\/blog\/wp-content\/uploads\/2023\/07\/reforma-tributaria-na-saude.jpg","twitter_creator":"@prodoctorsoft","twitter_site":"@prodoctorsoft","twitter_misc":{"Escrito por":"L\u00edvia Cajueiro","Est. tempo de leitura":"5 minutos"},"schema":{"@context":"https:\/\/schema.org","@graph":[{"@type":"Article","@id":"https:\/\/prodoctor.net\/blog\/reforma-tributaria-o-que-muda-na-saude\/#article","isPartOf":{"@id":"https:\/\/prodoctor.net\/blog\/reforma-tributaria-o-que-muda-na-saude\/"},"author":{"name":"L\u00edvia Cajueiro","@id":"https:\/\/prodoctor.net\/blog\/#\/schema\/person\/b4e6451b0035658e23a6171c74ba126a"},"headline":"Reforma Tribut\u00e1ria: o que muda na Sa\u00fade?","datePublished":"2023-07-11T19:18:14+00:00","dateModified":"2024-04-01T18:19:29+00:00","mainEntityOfPage":{"@id":"https:\/\/prodoctor.net\/blog\/reforma-tributaria-o-que-muda-na-saude\/"},"wordCount":827,"publisher":{"@id":"https:\/\/prodoctor.net\/blog\/#organization"},"image":{"@id":"https:\/\/prodoctor.net\/blog\/reforma-tributaria-o-que-muda-na-saude\/#primaryimage"},"thumbnailUrl":"https:\/\/prodoctor.net\/blog\/wp-content\/uploads\/2023\/07\/reforma-tributaria-na-saude.jpg","articleSection":["Gest\u00e3o de Cl\u00ednicas e Consult\u00f3rios","Medicina e Sa\u00fade"],"inLanguage":"pt-BR"},{"@type":"WebPage","@id":"https:\/\/prodoctor.net\/blog\/reforma-tributaria-o-que-muda-na-saude\/","url":"https:\/\/prodoctor.net\/blog\/reforma-tributaria-o-que-muda-na-saude\/","name":"Reforma Tribut\u00e1ria: o que muda na Sa\u00fade? | Blog ProDoctor","isPartOf":{"@id":"https:\/\/prodoctor.net\/blog\/#website"},"primaryImageOfPage":{"@id":"https:\/\/prodoctor.net\/blog\/reforma-tributaria-o-que-muda-na-saude\/#primaryimage"},"image":{"@id":"https:\/\/prodoctor.net\/blog\/reforma-tributaria-o-que-muda-na-saude\/#primaryimage"},"thumbnailUrl":"https:\/\/prodoctor.net\/blog\/wp-content\/uploads\/2023\/07\/reforma-tributaria-na-saude.jpg","datePublished":"2023-07-11T19:18:14+00:00","dateModified":"2024-04-01T18:19:29+00:00","description":"Quais os impactos das mudan\u00e7as propostas pela Reforma Tribut\u00e1ria na Sa\u00fade? Descubra todos os detalhes aqui!","breadcrumb":{"@id":"https:\/\/prodoctor.net\/blog\/reforma-tributaria-o-que-muda-na-saude\/#breadcrumb"},"inLanguage":"pt-BR","potentialAction":[{"@type":"ReadAction","target":["https:\/\/prodoctor.net\/blog\/reforma-tributaria-o-que-muda-na-saude\/"]}]},{"@type":"ImageObject","inLanguage":"pt-BR","@id":"https:\/\/prodoctor.net\/blog\/reforma-tributaria-o-que-muda-na-saude\/#primaryimage","url":"https:\/\/prodoctor.net\/blog\/wp-content\/uploads\/2023\/07\/reforma-tributaria-na-saude.jpg","contentUrl":"https:\/\/prodoctor.net\/blog\/wp-content\/uploads\/2023\/07\/reforma-tributaria-na-saude.jpg","width":770,"height":440},{"@type":"BreadcrumbList","@id":"https:\/\/prodoctor.net\/blog\/reforma-tributaria-o-que-muda-na-saude\/#breadcrumb","itemListElement":[{"@type":"ListItem","position":1,"name":"In\u00edcio","item":"https:\/\/prodoctor.net\/blog\/"},{"@type":"ListItem","position":2,"name":"Reforma Tribut\u00e1ria: o que muda na Sa\u00fade?"}]},{"@type":"WebSite","@id":"https:\/\/prodoctor.net\/blog\/#website","url":"https:\/\/prodoctor.net\/blog\/","name":"Blog ProDoctor","description":"Tudo sobre o mundo da Sa\u00fade","publisher":{"@id":"https:\/\/prodoctor.net\/blog\/#organization"},"potentialAction":[{"@type":"SearchAction","target":{"@type":"EntryPoint","urlTemplate":"https:\/\/prodoctor.net\/blog\/?s={search_term_string}"},"query-input":{"@type":"PropertyValueSpecification","valueRequired":true,"valueName":"search_term_string"}}],"inLanguage":"pt-BR"},{"@type":"Organization","@id":"https:\/\/prodoctor.net\/blog\/#organization","name":"ProDoctor Software S\/A","url":"https:\/\/prodoctor.net\/blog\/","logo":{"@type":"ImageObject","inLanguage":"pt-BR","@id":"https:\/\/prodoctor.net\/blog\/#\/schema\/logo\/image\/","url":"https:\/\/prodoctor.net\/blog\/wp-content\/uploads\/2017\/01\/Logo_PDo_Lateral.png","contentUrl":"https:\/\/prodoctor.net\/blog\/wp-content\/uploads\/2017\/01\/Logo_PDo_Lateral.png","width":2014,"height":485,"caption":"ProDoctor Software S\/A"},"image":{"@id":"https:\/\/prodoctor.net\/blog\/#\/schema\/logo\/image\/"},"sameAs":["https:\/\/www.facebook.com\/prodoctorsoftware","https:\/\/x.com\/prodoctorsoft","https:\/\/www.instagram.com\/prodoctorsoftware\/","https:\/\/www.linkedin.com\/company\/prodoctor-software-ltda","https:\/\/www.youtube.com\/channel\/UCIWuDLsVtIpX-PEqQn1pNlw"]},{"@type":"Person","@id":"https:\/\/prodoctor.net\/blog\/#\/schema\/person\/b4e6451b0035658e23a6171c74ba126a","name":"L\u00edvia Cajueiro","image":{"@type":"ImageObject","inLanguage":"pt-BR","@id":"https:\/\/prodoctor.net\/blog\/#\/schema\/person\/image\/","url":"https:\/\/secure.gravatar.com\/avatar\/51c56d7bbf6010466bca91264e721a83e8345256f1a0057f5507ec910afe89e0?s=96&d=mm&r=g","contentUrl":"https:\/\/secure.gravatar.com\/avatar\/51c56d7bbf6010466bca91264e721a83e8345256f1a0057f5507ec910afe89e0?s=96&d=mm&r=g","caption":"L\u00edvia Cajueiro"}}]}},"taxonomy_info":{"category":[{"value":412,"label":"Gest\u00e3o de Cl\u00ednicas e Consult\u00f3rios"},{"value":413,"label":"Medicina e Sa\u00fade"}]},"featured_image_src_large":["https:\/\/prodoctor.net\/blog\/wp-content\/uploads\/2023\/07\/reforma-tributaria-na-saude.jpg",770,440,false],"author_info":{"display_name":"L\u00edvia Cajueiro","author_link":"https:\/\/prodoctor.net\/blog\/author\/livia-cajueiro\/"},"comment_info":0,"category_info":[{"term_id":412,"name":"Gest\u00e3o de Cl\u00ednicas e Consult\u00f3rios","slug":"gestao-de-clinicas-e-consultorios","term_group":0,"term_taxonomy_id":412,"taxonomy":"category","description":"","parent":0,"count":293,"filter":"raw","cat_ID":412,"category_count":293,"category_description":"","cat_name":"Gest\u00e3o de Cl\u00ednicas e Consult\u00f3rios","category_nicename":"gestao-de-clinicas-e-consultorios","category_parent":0},{"term_id":413,"name":"Medicina e Sa\u00fade","slug":"medicina-e-saude","term_group":0,"term_taxonomy_id":413,"taxonomy":"category","description":"","parent":0,"count":148,"filter":"raw","cat_ID":413,"category_count":148,"category_description":"","cat_name":"Medicina e Sa\u00fade","category_nicename":"medicina-e-saude","category_parent":0}],"tag_info":false,"_links":{"self":[{"href":"https:\/\/prodoctor.net\/blog\/wp-json\/wp\/v2\/posts\/27012","targetHints":{"allow":["GET"]}}],"collection":[{"href":"https:\/\/prodoctor.net\/blog\/wp-json\/wp\/v2\/posts"}],"about":[{"href":"https:\/\/prodoctor.net\/blog\/wp-json\/wp\/v2\/types\/post"}],"author":[{"embeddable":true,"href":"https:\/\/prodoctor.net\/blog\/wp-json\/wp\/v2\/users\/11"}],"replies":[{"embeddable":true,"href":"https:\/\/prodoctor.net\/blog\/wp-json\/wp\/v2\/comments?post=27012"}],"version-history":[{"count":4,"href":"https:\/\/prodoctor.net\/blog\/wp-json\/wp\/v2\/posts\/27012\/revisions"}],"predecessor-version":[{"id":28821,"href":"https:\/\/prodoctor.net\/blog\/wp-json\/wp\/v2\/posts\/27012\/revisions\/28821"}],"wp:featuredmedia":[{"embeddable":true,"href":"https:\/\/prodoctor.net\/blog\/wp-json\/wp\/v2\/media\/27013"}],"wp:attachment":[{"href":"https:\/\/prodoctor.net\/blog\/wp-json\/wp\/v2\/media?parent=27012"}],"wp:term":[{"taxonomy":"category","embeddable":true,"href":"https:\/\/prodoctor.net\/blog\/wp-json\/wp\/v2\/categories?post=27012"},{"taxonomy":"post_tag","embeddable":true,"href":"https:\/\/prodoctor.net\/blog\/wp-json\/wp\/v2\/tags?post=27012"}],"curies":[{"name":"wp","href":"https:\/\/api.w.org\/{rel}","templated":true}]}}