{"id":2655,"date":"2016-05-16T11:09:27","date_gmt":"2016-05-16T14:09:27","guid":{"rendered":"https:\/\/prodoctor.net\/blog\/?p=2655"},"modified":"2019-11-20T12:29:32","modified_gmt":"2019-11-20T15:29:32","slug":"prodoctor-presente-na-hospitalar-2016","status":"publish","type":"post","link":"https:\/\/prodoctor.net\/blog\/prodoctor-presente-na-hospitalar-2016\/","title":{"rendered":"ProDoctor: presente na Hospitalar 2016"},"content":{"rendered":"<p>Como muitos j\u00e1 devem saber, <strong>Maio<\/strong> \u00e9 o m\u00eas em que <strong>ocorre em S\u00e3o Paulo<\/strong> a <strong>segunda maior feira de sa\u00fade do mundo<\/strong>: a Hospitalar &#8211; Feira Internacional de Produtos, Equipamentos, Servi\u00e7os e Tecnologia para Hospitais, Laborat\u00f3rios, Farm\u00e1cias, Cl\u00ednicas e Consult\u00f3rios. A feira, completa e multisetorial, sempre traz o que h\u00e1 de mais novo, indicando <strong>tend\u00eancias em equipamentos, servi\u00e7os e produtos da \u00e1rea m\u00e9dica<\/strong>.<\/p>\n<p>Apresenta ainda sete <strong>eventos simult\u00e2neos como<\/strong>: Hospitais Lounge, Hospfarma Espa\u00e7o Farmac\u00eautico, Expo Enfermagem, Diagn\u00f3stica, Digital Health, Campo Health e Reabilita\u00e7\u00e3o, al\u00e9m de uma \u00e1rea de congressos.<\/p>\n<p>Pelo <strong>7\u00ba ano consecutivo<\/strong>, a <a title=\"Software para a gest\u00e3o de cl\u00ednica m\u00e9dicas e consult\u00f3rios\" href=\"https:\/\/prodoctor.net\" target=\"_blank\" rel=\"noopener noreferrer\">ProDoctor Software<\/a> marcar\u00e1 presen\u00e7a. Em 2016, com um maravilhoso estande <strong>para apresentar os seus j\u00e1 conhecidos produtos<\/strong>, <a title=\"Sistema de gest\u00e3o de cl\u00ednicas m\u00e9dicas e pequenos hospitais\" href=\"https:\/\/prodoctor.net\/corp\" target=\"_blank\" rel=\"noopener noreferrer\">ProDoctor Corp<\/a> e <a title=\"Software m\u00e9dico para consult\u00f3rios e pequenas cl\u00ednicas\" href=\"https:\/\/prodoctor.net\/plus\" target=\"_blank\" rel=\"noopener noreferrer\">ProDoctor Plus<\/a> com suas <strong>novidades e melhorias<\/strong> e, principalmente, para lan\u00e7ar, em primeira m\u00e3o, o <strong>seu mais novo aplicativo mobile<\/strong>: o <a title=\"Aplicativo gratuito para consulta de bulas e demais informa\u00e7\u00f5es sobre os medicamentos\" href=\"https:\/\/prodoctor.net\/medicamentos\" target=\"_blank\" rel=\"noopener noreferrer\">ProDoctor Medicamentos<\/a>, que promete ser a <strong>mais nova refer\u00eancia em medicamentos<\/strong> para os <strong>profissionais da \u00e1rea de sa\u00fade<\/strong>.<\/p>\n<h3>Cobertura jornal\u00edstica da Hospitalar 2016<\/h3>\n<p>Al\u00e9m da participa\u00e7\u00e3o efetiva com nosso estande, realizaremos a <strong>cobertura di\u00e1ria do evento<\/strong>, trazendo informa\u00e7\u00f5es sobre as <strong>novidades tecnol\u00f3gicas para o setor de Sa\u00fade<\/strong>. Acompanhe nossas mat\u00e9rias <strong>aqui no Blog<\/strong>, nas <strong>nossas redes sociais<\/strong> e tamb\u00e9m atrav\u00e9s da hashtag <strong><em>#ProDoctorNaHospitalar<\/em><\/strong>. N\u00e3o perca!<\/p>\n<h3>Mais sobre a Hospitalar<\/h3>\n<p>Com <strong>mais de 1.250 expositores<\/strong> e uma expectativa de <strong>mais de 90 mil visitantes<\/strong> vindos dos mais <strong>variados estados brasileiros e pa\u00edses<\/strong>, tornou-se o <strong>principal ponto de encontro<\/strong> entre <strong>fornecedores e clientes da \u00e1rea m\u00e9dica<\/strong>.<\/p>\n<p>\u00a0A <strong>Feira Hospitalar<\/strong> acontece de <strong>17 a 20 de maio<\/strong>, <strong>das 12 \u00e0s 20 horas<\/strong>, no Expo Center Norte, na cidade de S\u00e3o Paulo. <strong>Nosso estande<\/strong> ficar\u00e1 localizado na <strong>Rua F &#8211; 91, Setor Verde<\/strong>.<\/p>\n<p>Para <strong>maiores informa\u00e7\u00f5es sobre a Feira<\/strong>, estacionamento, como chegar e transportes dispon\u00edveis, acesse o site da Hospitalar<strong>.<\/strong><\/p>\n<p><strong>Esperamos sua visita!<\/strong><\/p>\n","protected":false},"excerpt":{"rendered":"<p>Como muitos j\u00e1 devem saber, Maio \u00e9 o m\u00eas em que ocorre em S\u00e3o Paulo a segunda maior feira&#8230;<\/p>\n","protected":false},"author":1,"featured_media":2671,"comment_status":"closed","ping_status":"open","sticky":false,"template":"","format":"standard","meta":{"_kad_blocks_custom_css":"","_kad_blocks_head_custom_js":"","_kad_blocks_body_custom_js":"","_kad_blocks_footer_custom_js":"","_kadence_starter_templates_imported_post":false,"_kad_post_transparent":"","_kad_post_title":"","_kad_post_layout":"","_kad_post_sidebar_id":"","_kad_post_content_style":"","_kad_post_vertical_padding":"","_kad_post_feature":"","_kad_post_feature_position":"","_kad_post_header":false,"_kad_post_footer":false,"footnotes":""},"categories":[417],"tags":[],"class_list":["post-2655","post","type-post","status-publish","format-standard","has-post-thumbnail","hentry","category-eventos"],"yoast_head":"<!-- This site is optimized with the Yoast SEO plugin v27.0 - https:\/\/yoast.com\/product\/yoast-seo-wordpress\/ -->\n<title>ProDoctor presente na Hospitalar 2016 - ProDoctor Software<\/title>\n<meta name=\"description\" content=\"Al\u00e9m da participa\u00e7\u00e3o com nosso estande, realizaremos a cobertura di\u00e1ria da Feira Hospitalar 2016, trazendo as novidades tecnol\u00f3gicas para o setor de Sa\u00fade.\" \/>\n<meta name=\"robots\" content=\"index, follow, max-snippet:-1, max-image-preview:large, max-video-preview:-1\" \/>\n<link rel=\"canonical\" href=\"https:\/\/prodoctor.net\/blog\/prodoctor-presente-na-hospitalar-2016\/\" \/>\n<meta property=\"og:locale\" content=\"pt_BR\" \/>\n<meta property=\"og:type\" content=\"article\" \/>\n<meta property=\"og:title\" content=\"ProDoctor presente na Hospitalar 2016 - ProDoctor Software\" \/>\n<meta property=\"og:description\" content=\"Al\u00e9m da participa\u00e7\u00e3o com nosso estande, realizaremos a cobertura di\u00e1ria da Feira Hospitalar 2016, trazendo as novidades tecnol\u00f3gicas para o setor de Sa\u00fade.\" \/>\n<meta property=\"og:url\" content=\"https:\/\/prodoctor.net\/blog\/prodoctor-presente-na-hospitalar-2016\/\" \/>\n<meta property=\"og:site_name\" content=\"Blog ProDoctor\" \/>\n<meta property=\"article:publisher\" content=\"https:\/\/www.facebook.com\/prodoctorsoftware\" \/>\n<meta property=\"article:published_time\" content=\"2016-05-16T14:09:27+00:00\" \/>\n<meta property=\"article:modified_time\" content=\"2019-11-20T15:29:32+00:00\" \/>\n<meta property=\"og:image\" content=\"https:\/\/prodoctor.net\/blog\/wp-content\/uploads\/2016\/05\/cobertura-jornalistica-feira-hospitalar-2016.jpg\" \/>\n\t<meta property=\"og:image:width\" content=\"770\" \/>\n\t<meta property=\"og:image:height\" content=\"400\" \/>\n\t<meta property=\"og:image:type\" content=\"image\/jpeg\" \/>\n<meta name=\"author\" content=\"ProDoctor Software\" \/>\n<meta name=\"twitter:card\" content=\"summary_large_image\" \/>\n<meta name=\"twitter:creator\" content=\"@prodoctorsoft\" \/>\n<meta name=\"twitter:site\" content=\"@prodoctorsoft\" \/>\n<meta name=\"twitter:label1\" content=\"Escrito por\" \/>\n\t<meta name=\"twitter:data1\" content=\"ProDoctor Software\" \/>\n\t<meta name=\"twitter:label2\" content=\"Est. tempo de leitura\" \/>\n\t<meta name=\"twitter:data2\" content=\"2 minutos\" \/>\n<script type=\"application\/ld+json\" class=\"yoast-schema-graph\">{\"@context\":\"https:\/\/schema.org\",\"@graph\":[{\"@type\":\"Article\",\"@id\":\"https:\/\/prodoctor.net\/blog\/prodoctor-presente-na-hospitalar-2016\/#article\",\"isPartOf\":{\"@id\":\"https:\/\/prodoctor.net\/blog\/prodoctor-presente-na-hospitalar-2016\/\"},\"author\":{\"name\":\"ProDoctor Software\",\"@id\":\"https:\/\/prodoctor.net\/blog\/#\/schema\/person\/8878914b17cd360e7ec0ddee1ed8c544\"},\"headline\":\"ProDoctor: presente na Hospitalar 2016\",\"datePublished\":\"2016-05-16T14:09:27+00:00\",\"dateModified\":\"2019-11-20T15:29:32+00:00\",\"mainEntityOfPage\":{\"@id\":\"https:\/\/prodoctor.net\/blog\/prodoctor-presente-na-hospitalar-2016\/\"},\"wordCount\":326,\"publisher\":{\"@id\":\"https:\/\/prodoctor.net\/blog\/#organization\"},\"image\":{\"@id\":\"https:\/\/prodoctor.net\/blog\/prodoctor-presente-na-hospitalar-2016\/#primaryimage\"},\"thumbnailUrl\":\"https:\/\/prodoctor.net\/blog\/wp-content\/uploads\/2016\/05\/cobertura-jornalistica-feira-hospitalar-2016.jpg\",\"articleSection\":[\"Eventos\"],\"inLanguage\":\"pt-BR\"},{\"@type\":\"WebPage\",\"@id\":\"https:\/\/prodoctor.net\/blog\/prodoctor-presente-na-hospitalar-2016\/\",\"url\":\"https:\/\/prodoctor.net\/blog\/prodoctor-presente-na-hospitalar-2016\/\",\"name\":\"ProDoctor presente na Hospitalar 2016 - ProDoctor Software\",\"isPartOf\":{\"@id\":\"https:\/\/prodoctor.net\/blog\/#website\"},\"primaryImageOfPage\":{\"@id\":\"https:\/\/prodoctor.net\/blog\/prodoctor-presente-na-hospitalar-2016\/#primaryimage\"},\"image\":{\"@id\":\"https:\/\/prodoctor.net\/blog\/prodoctor-presente-na-hospitalar-2016\/#primaryimage\"},\"thumbnailUrl\":\"https:\/\/prodoctor.net\/blog\/wp-content\/uploads\/2016\/05\/cobertura-jornalistica-feira-hospitalar-2016.jpg\",\"datePublished\":\"2016-05-16T14:09:27+00:00\",\"dateModified\":\"2019-11-20T15:29:32+00:00\",\"description\":\"Al\u00e9m da participa\u00e7\u00e3o com nosso estande, realizaremos a cobertura di\u00e1ria da Feira Hospitalar 2016, trazendo as novidades tecnol\u00f3gicas para o setor de Sa\u00fade.\",\"breadcrumb\":{\"@id\":\"https:\/\/prodoctor.net\/blog\/prodoctor-presente-na-hospitalar-2016\/#breadcrumb\"},\"inLanguage\":\"pt-BR\",\"potentialAction\":[{\"@type\":\"ReadAction\",\"target\":[\"https:\/\/prodoctor.net\/blog\/prodoctor-presente-na-hospitalar-2016\/\"]}]},{\"@type\":\"ImageObject\",\"inLanguage\":\"pt-BR\",\"@id\":\"https:\/\/prodoctor.net\/blog\/prodoctor-presente-na-hospitalar-2016\/#primaryimage\",\"url\":\"https:\/\/prodoctor.net\/blog\/wp-content\/uploads\/2016\/05\/cobertura-jornalistica-feira-hospitalar-2016.jpg\",\"contentUrl\":\"https:\/\/prodoctor.net\/blog\/wp-content\/uploads\/2016\/05\/cobertura-jornalistica-feira-hospitalar-2016.jpg\",\"width\":770,\"height\":400,\"caption\":\"ProDoctor presente na Hospitalar 2016\"},{\"@type\":\"BreadcrumbList\",\"@id\":\"https:\/\/prodoctor.net\/blog\/prodoctor-presente-na-hospitalar-2016\/#breadcrumb\",\"itemListElement\":[{\"@type\":\"ListItem\",\"position\":1,\"name\":\"In\u00edcio\",\"item\":\"https:\/\/prodoctor.net\/blog\/\"},{\"@type\":\"ListItem\",\"position\":2,\"name\":\"ProDoctor: presente na Hospitalar 2016\"}]},{\"@type\":\"WebSite\",\"@id\":\"https:\/\/prodoctor.net\/blog\/#website\",\"url\":\"https:\/\/prodoctor.net\/blog\/\",\"name\":\"Blog ProDoctor\",\"description\":\"Tudo sobre o mundo da Sa\u00fade\",\"publisher\":{\"@id\":\"https:\/\/prodoctor.net\/blog\/#organization\"},\"potentialAction\":[{\"@type\":\"SearchAction\",\"target\":{\"@type\":\"EntryPoint\",\"urlTemplate\":\"https:\/\/prodoctor.net\/blog\/?s={search_term_string}\"},\"query-input\":{\"@type\":\"PropertyValueSpecification\",\"valueRequired\":true,\"valueName\":\"search_term_string\"}}],\"inLanguage\":\"pt-BR\"},{\"@type\":\"Organization\",\"@id\":\"https:\/\/prodoctor.net\/blog\/#organization\",\"name\":\"ProDoctor Software S\/A\",\"url\":\"https:\/\/prodoctor.net\/blog\/\",\"logo\":{\"@type\":\"ImageObject\",\"inLanguage\":\"pt-BR\",\"@id\":\"https:\/\/prodoctor.net\/blog\/#\/schema\/logo\/image\/\",\"url\":\"https:\/\/prodoctor.net\/blog\/wp-content\/uploads\/2017\/01\/Logo_PDo_Lateral.png\",\"contentUrl\":\"https:\/\/prodoctor.net\/blog\/wp-content\/uploads\/2017\/01\/Logo_PDo_Lateral.png\",\"width\":2014,\"height\":485,\"caption\":\"ProDoctor Software S\/A\"},\"image\":{\"@id\":\"https:\/\/prodoctor.net\/blog\/#\/schema\/logo\/image\/\"},\"sameAs\":[\"https:\/\/www.facebook.com\/prodoctorsoftware\",\"https:\/\/x.com\/prodoctorsoft\",\"https:\/\/www.instagram.com\/prodoctorsoftware\/\",\"https:\/\/www.linkedin.com\/company\/prodoctor-software-ltda\",\"https:\/\/www.youtube.com\/channel\/UCIWuDLsVtIpX-PEqQn1pNlw\"]},{\"@type\":\"Person\",\"@id\":\"https:\/\/prodoctor.net\/blog\/#\/schema\/person\/8878914b17cd360e7ec0ddee1ed8c544\",\"name\":\"ProDoctor Software\",\"image\":{\"@type\":\"ImageObject\",\"inLanguage\":\"pt-BR\",\"@id\":\"https:\/\/prodoctor.net\/blog\/#\/schema\/person\/image\/\",\"url\":\"https:\/\/secure.gravatar.com\/avatar\/a67bdb10f2e6695f7ae356a84deeaf10b545567f0ac054e9bfe8ec56e86317ec?s=96&d=mm&r=g\",\"contentUrl\":\"https:\/\/secure.gravatar.com\/avatar\/a67bdb10f2e6695f7ae356a84deeaf10b545567f0ac054e9bfe8ec56e86317ec?s=96&d=mm&r=g\",\"caption\":\"ProDoctor Software\"},\"sameAs\":[\"http:\/\/prodoctor.net\",\"https:\/\/x.com\/prodoctorsoft\"]}]}<\/script>\n<!-- \/ Yoast SEO plugin. -->","yoast_head_json":{"title":"ProDoctor presente na Hospitalar 2016 - ProDoctor Software","description":"Al\u00e9m da participa\u00e7\u00e3o com nosso estande, realizaremos a cobertura di\u00e1ria da Feira Hospitalar 2016, trazendo as novidades tecnol\u00f3gicas para o setor de Sa\u00fade.","robots":{"index":"index","follow":"follow","max-snippet":"max-snippet:-1","max-image-preview":"max-image-preview:large","max-video-preview":"max-video-preview:-1"},"canonical":"https:\/\/prodoctor.net\/blog\/prodoctor-presente-na-hospitalar-2016\/","og_locale":"pt_BR","og_type":"article","og_title":"ProDoctor presente na Hospitalar 2016 - ProDoctor Software","og_description":"Al\u00e9m da participa\u00e7\u00e3o com nosso estande, realizaremos a cobertura di\u00e1ria da Feira Hospitalar 2016, trazendo as novidades tecnol\u00f3gicas para o setor de Sa\u00fade.","og_url":"https:\/\/prodoctor.net\/blog\/prodoctor-presente-na-hospitalar-2016\/","og_site_name":"Blog ProDoctor","article_publisher":"https:\/\/www.facebook.com\/prodoctorsoftware","article_published_time":"2016-05-16T14:09:27+00:00","article_modified_time":"2019-11-20T15:29:32+00:00","og_image":[{"width":770,"height":400,"url":"https:\/\/prodoctor.net\/blog\/wp-content\/uploads\/2016\/05\/cobertura-jornalistica-feira-hospitalar-2016.jpg","type":"image\/jpeg"}],"author":"ProDoctor Software","twitter_card":"summary_large_image","twitter_creator":"@prodoctorsoft","twitter_site":"@prodoctorsoft","twitter_misc":{"Escrito por":"ProDoctor Software","Est. tempo de leitura":"2 minutos"},"schema":{"@context":"https:\/\/schema.org","@graph":[{"@type":"Article","@id":"https:\/\/prodoctor.net\/blog\/prodoctor-presente-na-hospitalar-2016\/#article","isPartOf":{"@id":"https:\/\/prodoctor.net\/blog\/prodoctor-presente-na-hospitalar-2016\/"},"author":{"name":"ProDoctor Software","@id":"https:\/\/prodoctor.net\/blog\/#\/schema\/person\/8878914b17cd360e7ec0ddee1ed8c544"},"headline":"ProDoctor: presente na Hospitalar 2016","datePublished":"2016-05-16T14:09:27+00:00","dateModified":"2019-11-20T15:29:32+00:00","mainEntityOfPage":{"@id":"https:\/\/prodoctor.net\/blog\/prodoctor-presente-na-hospitalar-2016\/"},"wordCount":326,"publisher":{"@id":"https:\/\/prodoctor.net\/blog\/#organization"},"image":{"@id":"https:\/\/prodoctor.net\/blog\/prodoctor-presente-na-hospitalar-2016\/#primaryimage"},"thumbnailUrl":"https:\/\/prodoctor.net\/blog\/wp-content\/uploads\/2016\/05\/cobertura-jornalistica-feira-hospitalar-2016.jpg","articleSection":["Eventos"],"inLanguage":"pt-BR"},{"@type":"WebPage","@id":"https:\/\/prodoctor.net\/blog\/prodoctor-presente-na-hospitalar-2016\/","url":"https:\/\/prodoctor.net\/blog\/prodoctor-presente-na-hospitalar-2016\/","name":"ProDoctor presente na Hospitalar 2016 - ProDoctor Software","isPartOf":{"@id":"https:\/\/prodoctor.net\/blog\/#website"},"primaryImageOfPage":{"@id":"https:\/\/prodoctor.net\/blog\/prodoctor-presente-na-hospitalar-2016\/#primaryimage"},"image":{"@id":"https:\/\/prodoctor.net\/blog\/prodoctor-presente-na-hospitalar-2016\/#primaryimage"},"thumbnailUrl":"https:\/\/prodoctor.net\/blog\/wp-content\/uploads\/2016\/05\/cobertura-jornalistica-feira-hospitalar-2016.jpg","datePublished":"2016-05-16T14:09:27+00:00","dateModified":"2019-11-20T15:29:32+00:00","description":"Al\u00e9m da participa\u00e7\u00e3o com nosso estande, realizaremos a cobertura di\u00e1ria da Feira Hospitalar 2016, trazendo as novidades tecnol\u00f3gicas para o setor de Sa\u00fade.","breadcrumb":{"@id":"https:\/\/prodoctor.net\/blog\/prodoctor-presente-na-hospitalar-2016\/#breadcrumb"},"inLanguage":"pt-BR","potentialAction":[{"@type":"ReadAction","target":["https:\/\/prodoctor.net\/blog\/prodoctor-presente-na-hospitalar-2016\/"]}]},{"@type":"ImageObject","inLanguage":"pt-BR","@id":"https:\/\/prodoctor.net\/blog\/prodoctor-presente-na-hospitalar-2016\/#primaryimage","url":"https:\/\/prodoctor.net\/blog\/wp-content\/uploads\/2016\/05\/cobertura-jornalistica-feira-hospitalar-2016.jpg","contentUrl":"https:\/\/prodoctor.net\/blog\/wp-content\/uploads\/2016\/05\/cobertura-jornalistica-feira-hospitalar-2016.jpg","width":770,"height":400,"caption":"ProDoctor presente na Hospitalar 2016"},{"@type":"BreadcrumbList","@id":"https:\/\/prodoctor.net\/blog\/prodoctor-presente-na-hospitalar-2016\/#breadcrumb","itemListElement":[{"@type":"ListItem","position":1,"name":"In\u00edcio","item":"https:\/\/prodoctor.net\/blog\/"},{"@type":"ListItem","position":2,"name":"ProDoctor: presente na Hospitalar 2016"}]},{"@type":"WebSite","@id":"https:\/\/prodoctor.net\/blog\/#website","url":"https:\/\/prodoctor.net\/blog\/","name":"Blog ProDoctor","description":"Tudo sobre o mundo da Sa\u00fade","publisher":{"@id":"https:\/\/prodoctor.net\/blog\/#organization"},"potentialAction":[{"@type":"SearchAction","target":{"@type":"EntryPoint","urlTemplate":"https:\/\/prodoctor.net\/blog\/?s={search_term_string}"},"query-input":{"@type":"PropertyValueSpecification","valueRequired":true,"valueName":"search_term_string"}}],"inLanguage":"pt-BR"},{"@type":"Organization","@id":"https:\/\/prodoctor.net\/blog\/#organization","name":"ProDoctor Software S\/A","url":"https:\/\/prodoctor.net\/blog\/","logo":{"@type":"ImageObject","inLanguage":"pt-BR","@id":"https:\/\/prodoctor.net\/blog\/#\/schema\/logo\/image\/","url":"https:\/\/prodoctor.net\/blog\/wp-content\/uploads\/2017\/01\/Logo_PDo_Lateral.png","contentUrl":"https:\/\/prodoctor.net\/blog\/wp-content\/uploads\/2017\/01\/Logo_PDo_Lateral.png","width":2014,"height":485,"caption":"ProDoctor Software S\/A"},"image":{"@id":"https:\/\/prodoctor.net\/blog\/#\/schema\/logo\/image\/"},"sameAs":["https:\/\/www.facebook.com\/prodoctorsoftware","https:\/\/x.com\/prodoctorsoft","https:\/\/www.instagram.com\/prodoctorsoftware\/","https:\/\/www.linkedin.com\/company\/prodoctor-software-ltda","https:\/\/www.youtube.com\/channel\/UCIWuDLsVtIpX-PEqQn1pNlw"]},{"@type":"Person","@id":"https:\/\/prodoctor.net\/blog\/#\/schema\/person\/8878914b17cd360e7ec0ddee1ed8c544","name":"ProDoctor Software","image":{"@type":"ImageObject","inLanguage":"pt-BR","@id":"https:\/\/prodoctor.net\/blog\/#\/schema\/person\/image\/","url":"https:\/\/secure.gravatar.com\/avatar\/a67bdb10f2e6695f7ae356a84deeaf10b545567f0ac054e9bfe8ec56e86317ec?s=96&d=mm&r=g","contentUrl":"https:\/\/secure.gravatar.com\/avatar\/a67bdb10f2e6695f7ae356a84deeaf10b545567f0ac054e9bfe8ec56e86317ec?s=96&d=mm&r=g","caption":"ProDoctor Software"},"sameAs":["http:\/\/prodoctor.net","https:\/\/x.com\/prodoctorsoft"]}]}},"taxonomy_info":{"category":[{"value":417,"label":"Eventos"}]},"featured_image_src_large":["https:\/\/prodoctor.net\/blog\/wp-content\/uploads\/2016\/05\/cobertura-jornalistica-feira-hospitalar-2016.jpg",770,400,false],"author_info":{"display_name":"ProDoctor Software","author_link":"https:\/\/prodoctor.net\/blog\/author\/redesocialprodoctor-net\/"},"comment_info":0,"category_info":[{"term_id":417,"name":"Eventos","slug":"eventos","term_group":0,"term_taxonomy_id":417,"taxonomy":"category","description":"","parent":0,"count":37,"filter":"raw","cat_ID":417,"category_count":37,"category_description":"","cat_name":"Eventos","category_nicename":"eventos","category_parent":0}],"tag_info":false,"_links":{"self":[{"href":"https:\/\/prodoctor.net\/blog\/wp-json\/wp\/v2\/posts\/2655","targetHints":{"allow":["GET"]}}],"collection":[{"href":"https:\/\/prodoctor.net\/blog\/wp-json\/wp\/v2\/posts"}],"about":[{"href":"https:\/\/prodoctor.net\/blog\/wp-json\/wp\/v2\/types\/post"}],"author":[{"embeddable":true,"href":"https:\/\/prodoctor.net\/blog\/wp-json\/wp\/v2\/users\/1"}],"replies":[{"embeddable":true,"href":"https:\/\/prodoctor.net\/blog\/wp-json\/wp\/v2\/comments?post=2655"}],"version-history":[{"count":13,"href":"https:\/\/prodoctor.net\/blog\/wp-json\/wp\/v2\/posts\/2655\/revisions"}],"predecessor-version":[{"id":14332,"href":"https:\/\/prodoctor.net\/blog\/wp-json\/wp\/v2\/posts\/2655\/revisions\/14332"}],"wp:featuredmedia":[{"embeddable":true,"href":"https:\/\/prodoctor.net\/blog\/wp-json\/wp\/v2\/media\/2671"}],"wp:attachment":[{"href":"https:\/\/prodoctor.net\/blog\/wp-json\/wp\/v2\/media?parent=2655"}],"wp:term":[{"taxonomy":"category","embeddable":true,"href":"https:\/\/prodoctor.net\/blog\/wp-json\/wp\/v2\/categories?post=2655"},{"taxonomy":"post_tag","embeddable":true,"href":"https:\/\/prodoctor.net\/blog\/wp-json\/wp\/v2\/tags?post=2655"}],"curies":[{"name":"wp","href":"https:\/\/api.w.org\/{rel}","templated":true}]}}