{"id":26002,"date":"2025-05-29T14:30:26","date_gmt":"2025-05-29T17:30:26","guid":{"rendered":"https:\/\/prodoctor.net\/blog\/?p=26002"},"modified":"2025-05-29T15:01:16","modified_gmt":"2025-05-29T18:01:16","slug":"lei-do-ato-medico","status":"publish","type":"post","link":"https:\/\/prodoctor.net\/blog\/lei-do-ato-medico\/","title":{"rendered":"Lei do Ato M\u00e9dico: como ela influencia a gest\u00e3o de cl\u00ednicas na era digital"},"content":{"rendered":"\n<p>A<strong> Lei do Ato M\u00e9dico<\/strong>, enquanto marco regulat\u00f3rio fundamental da medicina brasileira, n\u00e3o veio apenas para delimitar as atividades privativas dos m\u00e9dicos. Ela \u00e9 essencial para garantir seguran\u00e7a jur\u00eddica, responsabilidade \u00e9tica e a qualidade do atendimento \u00e0 popula\u00e7\u00e3o.<\/p>\n\n\n\n<p>Contudo, passou por uma tramita\u00e7\u00e3o demorada at\u00e9 ser aprovada no Congresso Nacional. Depois de 12 anos de discuss\u00f5es, com idas e vindas, parlamentares da C\u00e2mara dos Deputados e do Senado Federal sancionaram o dispositivo, no dia 10 de julho de 2013.<\/p>\n\n\n\n<p>Neste artigo, vamos explorar os impactos da Lei do Ato M\u00e9dico na gest\u00e3o cl\u00ednica moderna, especialmente no contexto da digitaliza\u00e7\u00e3o e da telemedicina. Ao final, voc\u00ea entender\u00e1 como a tecnologia, quando aliada \u00e0 conformidade legal, pode transformar o funcionamento de cl\u00ednicas e consult\u00f3rios, evitando riscos jur\u00eddicos e otimizando resultados.<\/p>\n\n\n\n<ul class=\"wp-block-list\">\n<li><a href=\"#a\">O que \u00e9 a Lei do Ato M\u00e9dico<\/a><\/li>\n\n\n\n<li><a href=\"#b\">Import\u00e2ncia da Lei do Ato M\u00e9dico<\/a><\/li>\n\n\n\n<li><a href=\"#c\">Compet\u00eancias exclusivas do m\u00e9dico<\/a><\/li>\n\n\n\n<li><a href=\"#d\">Como a Lei do Ato M\u00e9dico impacta a pr\u00e1tica da telemedicina?<\/a><\/li>\n\n\n\n<li><a href=\"#e\">Quais s\u00e3o os desafios de conformidade legal para cl\u00ednicas na era digital?<\/a><\/li>\n\n\n\n<li><a href=\"#f\">Como a Lei do Ato M\u00e9dico influencia a delega\u00e7\u00e3o de tarefas em equipes multiprofissionais?<\/a><\/li>\n\n\n\n<li><a href=\"#g\">Quais s\u00e3o os riscos legais de n\u00e3o cumprir a Lei do Ato M\u00e9dico?<\/a><\/li>\n\n\n\n<li><a href=\"#h\">Como a tecnologia pode auxiliar na conformidade com a Lei do Ato M\u00e9dico?<\/a><\/li>\n\n\n\n<li><a href=\"#i\">Quais s\u00e3o as melhores pr\u00e1ticas para integrar a Lei do Ato M\u00e9dico \u00e0 gest\u00e3o cl\u00ednica?<\/a><\/li>\n\n\n\n<li><a href=\"#j\">Como a Lei do Ato M\u00e9dico contribui para a seguran\u00e7a dos pacientes?<\/a><\/li>\n\n\n\n<li><a href=\"#k\">Onde encontrar mais informa\u00e7\u00f5es sobre a Lei do Ato M\u00e9dico?<\/a><\/li>\n<\/ul>\n\n\n\n<p id=\"a\"><\/p>\n\n\n\n<p class=\"has-text-align-center\">Leia tamb\u00e9m:<\/p>\n\n\n\n<p class=\"has-text-align-center\"><a href=\"https:\/\/prodoctor.net\/blog\/cid-11-no-brasil\/\" target=\"_blank\" rel=\"noreferrer noopener\">CID 11 ser\u00e1 implementada no Brasil at\u00e9 2027, diz Minist\u00e9rio da Sa\u00fade\u00a0<\/a><\/p>\n\n\n\n<p class=\"has-text-align-center\"><a href=\"https:\/\/prodoctor.net\/blog\/na-midia-prodoctor-e-destaque-na-edicao-29-da-revista-medicina-s-a\/\" target=\"_blank\" rel=\"noreferrer noopener\">Na m\u00eddia: ProDoctor \u00e9 destaque na edi\u00e7\u00e3o 29 da revista Medicina S\/A<\/a><\/p>\n\n\n\n<h2 class=\"wp-block-heading\">O que \u00e9 a Lei do Ato M\u00e9dico<\/h2>\n\n\n\n<figure class=\"wp-block-image size-full\"><img decoding=\"async\" width=\"770\" height=\"250\" src=\"https:\/\/prodoctor.net\/blog\/wp-content\/uploads\/2023\/05\/lei-do-ato-medico-2-min.jpg\" alt=\"Lei do Ato M\u00e9dico: martelo da Justi\u00e7a junto a um estetosc\u00f3pio para ilustrar. Fim da descri\u00e7\u00e3o.\" class=\"wp-image-26022\" srcset=\"https:\/\/prodoctor.net\/blog\/wp-content\/uploads\/2023\/05\/lei-do-ato-medico-2-min.jpg 770w, https:\/\/prodoctor.net\/blog\/wp-content\/uploads\/2023\/05\/lei-do-ato-medico-2-min-300x97.jpg 300w, https:\/\/prodoctor.net\/blog\/wp-content\/uploads\/2023\/05\/lei-do-ato-medico-2-min-768x249.jpg 768w\" sizes=\"(max-width: 770px) 100vw, 770px\" \/><\/figure>\n\n\n\n<p>A <a href=\"http:\/\/www.planalto.gov.br\/ccivil_03\/_ato2011-2014\/2013\/lei\/l12842.htm\" target=\"_blank\" rel=\"noreferrer noopener\">Lei do Ato M\u00e9dico, n.\u00ba 12.824<\/a>, sancionada pela ent\u00e3o presidente Dilma Rousseff, determina de forma direta e focalizada o exerc\u00edcio da Medicina. Pela primeira vez, um dispositivo legal regulamentou de maneira objetiva o campo de atua\u00e7\u00e3o do profissional.<\/p>\n\n\n\n<p>Com ela, consolidou-se n\u00e3o s\u00f3 um instrumento legal que defende a categoria, mas tamb\u00e9m garante aos pacientes a seguran\u00e7a de serem submetidos a determinados procedimentos apenas por m\u00e9dicos.<\/p>\n\n\n\n<p>O dispositivo discriminou os n\u00edveis de aten\u00e7\u00e3o em sa\u00fade. Al\u00e9m disso, destacou as principais a\u00e7\u00f5es referentes \u00e0s atividades exclusivas dos m\u00e9dicos e as que necessitam de uma atua\u00e7\u00e3o interdisciplinar entre as profiss\u00f5es.<\/p>\n\n\n\n<p>Antes da sua aprova\u00e7\u00e3o, com a imediata san\u00e7\u00e3o presidencial e entrada em vigor, o clima entre os m\u00e9dicos era de insatisfa\u00e7\u00e3o. Durante muito tempo, reclamavam da inexist\u00eancia de um ordenamento legal mais contundente e definitivo acerca das responsabilidades, dos direitos e dos deveres com rela\u00e7\u00e3o ao Ato M\u00e9dico.<\/p>\n\n\n\n<p id=\"b\"><\/p>\n\n\n\n<p>Com toda a certeza, \u00e9 importante que a norma seja conhecida n\u00e3o apenas pelos m\u00e9dicos formados, como tamb\u00e9m pelos acad\u00eamicos, pois ela representa uma das mais importantes formas de regulamenta\u00e7\u00e3o m\u00e9dica j\u00e1 institu\u00eddas no pa\u00eds.<\/p>\n\n\n\n<h2 class=\"wp-block-heading\">Import\u00e2ncia da Lei do Ato M\u00e9dico<\/h2>\n\n\n\n<p>Assim que foi aprovada, a Lei do Ato M\u00e9dico foi saudada como um importante complemento para o trabalho institucional do Conselho Federal de Medicina (CFM). Dentre in\u00fameras quest\u00f5es, um ponto de grande relev\u00e2ncia foram as garantias jur\u00eddicas para o exerc\u00edcio da Medicina.<\/p>\n\n\n\n<p>O dispositivo normatiza todo o trabalho do m\u00e9dico, cuja regulamenta\u00e7\u00e3o tem como base o respeito ao C\u00f3digo de \u00c9tica M\u00e9dica.<\/p>\n\n\n\n<p>Al\u00e9m disso, ela detalha o exerc\u00edcio da medicina, homologando as compet\u00eancias exclusivas do m\u00e9dico, assim como as diretrizes do seu trabalho.<\/p>\n\n\n\n<p>Essa import\u00e2ncia refor\u00e7a ainda mais o papel da Lei do Ato M\u00e9dico como base \u00e9tica e jur\u00eddica no exerc\u00edcio da medicina no pa\u00eds.<\/p>\n\n\n<style>.kb-row-layout-id31647_c98383-ca > .kt-row-column-wrap{align-content:start;}:where(.kb-row-layout-id31647_c98383-ca > .kt-row-column-wrap) > .wp-block-kadence-column{justify-content:start;}.kb-row-layout-id31647_c98383-ca > .kt-row-column-wrap{column-gap:var(--global-kb-gap-md, 2rem);row-gap:var(--global-kb-gap-md, 2rem);padding-top:var(--global-kb-spacing-sm, 1.5rem);padding-bottom:var(--global-kb-spacing-sm, 1.5rem);grid-template-columns:minmax(0, 1fr);}.kb-row-layout-id31647_c98383-ca > .kt-row-layout-overlay{opacity:0.30;}@media all and (max-width: 1024px){.kb-row-layout-id31647_c98383-ca > .kt-row-column-wrap{grid-template-columns:minmax(0, 1fr);}}@media all and (max-width: 767px){.kb-row-layout-id31647_c98383-ca > .kt-row-column-wrap{grid-template-columns:minmax(0, 1fr);}}<\/style><div class=\"kb-row-layout-wrap kb-row-layout-id31647_c98383-ca alignnone wp-block-kadence-rowlayout\"><div class=\"kt-row-column-wrap kt-has-1-columns kt-row-layout-equal kt-tab-layout-inherit kt-mobile-layout-row kt-row-valign-top\">\n<style>.kadence-column31647_dfe6b0-29 > .kt-inside-inner-col{display:flex;}.kadence-column31647_dfe6b0-29 > .kt-inside-inner-col{padding-top:var(--global-kb-spacing-xs, 1rem);padding-right:var(--global-kb-spacing-xs, 1rem);padding-bottom:var(--global-kb-spacing-sm, 1.5rem);padding-left:var(--global-kb-spacing-xs, 1rem);}.kadence-column31647_dfe6b0-29 > .kt-inside-inner-col,.kadence-column31647_dfe6b0-29 > .kt-inside-inner-col:before{border-top-left-radius:14px;border-top-right-radius:14px;border-bottom-right-radius:14px;border-bottom-left-radius:14px;}.kadence-column31647_dfe6b0-29 > .kt-inside-inner-col{row-gap:var(--global-kb-gap-none, 0rem );column-gap:var(--global-kb-gap-sm, 1rem);}.kadence-column31647_dfe6b0-29 > .kt-inside-inner-col{flex-direction:row;flex-wrap:wrap;align-items:center;justify-content:center;}.kadence-column31647_dfe6b0-29 > .kt-inside-inner-col > *, .kadence-column31647_dfe6b0-29 > .kt-inside-inner-col > figure.wp-block-image, .kadence-column31647_dfe6b0-29 > .kt-inside-inner-col > figure.wp-block-kadence-image{margin-top:0px;margin-bottom:0px;}.kadence-column31647_dfe6b0-29 > .kt-inside-inner-col > .kb-image-is-ratio-size{flex-grow:1;}.kt-row-column-wrap > .kadence-column31647_dfe6b0-29{align-self:center;}.kt-inner-column-height-full:not(.kt-has-1-columns) > .wp-block-kadence-column.kadence-column31647_dfe6b0-29{align-self:auto;}.kt-inner-column-height-full:not(.kt-has-1-columns) > .wp-block-kadence-column.kadence-column31647_dfe6b0-29 > .kt-inside-inner-col{align-items:center;}.kadence-column31647_dfe6b0-29 > .kt-inside-inner-col{background-color:var(--global-palette2, #2B6CB0);}.kadence-column31647_dfe6b0-29 > .kt-inside-inner-col:before{opacity:0.3;}.kadence-column31647_dfe6b0-29{position:relative;}@media all and (max-width: 1024px){.kt-row-column-wrap > .kadence-column31647_dfe6b0-29{align-self:center;}}@media all and (max-width: 1024px){.kt-inner-column-height-full:not(.kt-has-1-columns) > .wp-block-kadence-column.kadence-column31647_dfe6b0-29{align-self:auto;}}@media all and (max-width: 1024px){.kt-inner-column-height-full:not(.kt-has-1-columns) > .wp-block-kadence-column.kadence-column31647_dfe6b0-29 > .kt-inside-inner-col{align-items:center;}}@media all and (max-width: 1024px){.kadence-column31647_dfe6b0-29 > .kt-inside-inner-col{flex-direction:row;flex-wrap:wrap;align-items:center;justify-content:center;}}@media all and (min-width: 768px) and (max-width: 1024px){.kadence-column31647_dfe6b0-29 > .kt-inside-inner-col > *, .kadence-column31647_dfe6b0-29 > .kt-inside-inner-col > figure.wp-block-image, .kadence-column31647_dfe6b0-29 > .kt-inside-inner-col > figure.wp-block-kadence-image{margin-top:0px;margin-bottom:0px;}.kadence-column31647_dfe6b0-29 > .kt-inside-inner-col > .kb-image-is-ratio-size{flex-grow:1;}}@media all and (max-width: 767px){.kt-row-column-wrap > .kadence-column31647_dfe6b0-29{align-self:center;}.kt-inner-column-height-full:not(.kt-has-1-columns) > .wp-block-kadence-column.kadence-column31647_dfe6b0-29{align-self:auto;}.kt-inner-column-height-full:not(.kt-has-1-columns) > .wp-block-kadence-column.kadence-column31647_dfe6b0-29 > .kt-inside-inner-col{align-items:center;}.kadence-column31647_dfe6b0-29 > .kt-inside-inner-col{flex-direction:row;flex-wrap:wrap;justify-content:flex-start;justify-content:center;}.kadence-column31647_dfe6b0-29 > .kt-inside-inner-col > *, .kadence-column31647_dfe6b0-29 > .kt-inside-inner-col > figure.wp-block-image, .kadence-column31647_dfe6b0-29 > .kt-inside-inner-col > figure.wp-block-kadence-image{margin-top:0px;margin-bottom:0px;}.kadence-column31647_dfe6b0-29 > .kt-inside-inner-col > .kb-image-is-ratio-size{flex-grow:1;}}<\/style>\n<div class=\"wp-block-kadence-column kadence-column31647_dfe6b0-29 kb-section-has-link kb-section-dir-horizontal banner-ebook\"><div class=\"kt-inside-inner-col\"><style>.wp-block-kadence-image.kb-image31647_84598f-10:not(.kb-specificity-added):not(.kb-extra-specificity-added){margin-top:-40px;}.kb-image31647_84598f-10.kb-image-is-ratio-size, .kb-image31647_84598f-10 .kb-image-is-ratio-size{max-width:251px;width:100%;}.wp-block-kadence-column > .kt-inside-inner-col > .kb-image31647_84598f-10.kb-image-is-ratio-size, .wp-block-kadence-column > .kt-inside-inner-col > .kb-image31647_84598f-10 .kb-image-is-ratio-size{align-self:unset;}.kb-image31647_84598f-10{max-width:251px;}.image-is-svg.kb-image31647_84598f-10{-webkit-flex:0 1 100%;flex:0 1 100%;}.image-is-svg.kb-image31647_84598f-10 img{width:100%;}.kb-image31647_84598f-10 .kb-image-has-overlay:after{opacity:0.3;}<\/style>\n<figure class=\"wp-block-kadence-image kb-image31647_84598f-10 size-full image-is-svg\"><a href=\"https:\/\/prodoctor.net\/blog\/wp-content\/uploads\/2025\/03\/A-LGPD-e-os-profissionais-da-Saude.svg\" class=\"kb-advanced-image-link\"><img decoding=\"async\" src=\"https:\/\/prodoctor.net\/blog\/wp-content\/uploads\/2025\/03\/A-LGPD-e-os-profissionais-da-Saude.svg\" alt=\"Laptop\" class=\"kb-img wp-image-31533\"\/><\/a><\/figure>\n\n\n<style>.kadence-column31647_4ed0a0-8b{max-width:466px;margin-left:auto;margin-right:auto;}.wp-block-kadence-column.kb-section-dir-horizontal:not(.kb-section-md-dir-vertical)>.kt-inside-inner-col>.kadence-column31647_4ed0a0-8b{-webkit-flex:0 1 466px;flex:0 1 466px;max-width:unset;margin-left:unset;margin-right:unset;}.kadence-column31647_4ed0a0-8b > .kt-inside-inner-col,.kadence-column31647_4ed0a0-8b > .kt-inside-inner-col:before{border-top-left-radius:0px;border-top-right-radius:0px;border-bottom-right-radius:0px;border-bottom-left-radius:0px;}.kadence-column31647_4ed0a0-8b > .kt-inside-inner-col{column-gap:var(--global-kb-gap-sm, 1rem);}.kadence-column31647_4ed0a0-8b > .kt-inside-inner-col{flex-direction:column;}.kadence-column31647_4ed0a0-8b > .kt-inside-inner-col > .aligncenter{width:100%;}.kadence-column31647_4ed0a0-8b > .kt-inside-inner-col:before{opacity:0.3;}.kadence-column31647_4ed0a0-8b{position:relative;}@media all and (min-width: 1025px){.wp-block-kadence-column.kb-section-dir-horizontal>.kt-inside-inner-col>.kadence-column31647_4ed0a0-8b{-webkit-flex:0 1 466px;flex:0 1 466px;max-width:unset;margin-left:unset;margin-right:unset;}}@media all and (max-width: 1024px){.kadence-column31647_4ed0a0-8b > .kt-inside-inner-col{flex-direction:column;justify-content:center;}}@media all and (max-width: 767px){.wp-block-kadence-column.kb-section-sm-dir-vertical:not(.kb-section-sm-dir-horizontal):not(.kb-section-sm-dir-specificity)>.kt-inside-inner-col>.kadence-column31647_4ed0a0-8b{max-width:466px;-webkit-flex:1;flex:1;margin-left:auto;margin-right:auto;}.kadence-column31647_4ed0a0-8b > .kt-inside-inner-col{flex-direction:column;justify-content:center;}}<\/style>\n<div class=\"wp-block-kadence-column kadence-column31647_4ed0a0-8b kb-section-dir-vertical\"><div class=\"kt-inside-inner-col\"><style>.wp-block-kadence-advancedheading.kt-adv-heading31647_815b4b-fa, .wp-block-kadence-advancedheading.kt-adv-heading31647_815b4b-fa[data-kb-block=\"kb-adv-heading31647_815b4b-fa\"]{display:block;font-size:1.5rem;line-height:2rem;font-weight:500;font-style:normal;text-transform:none;}.wp-block-kadence-advancedheading.kt-adv-heading31647_815b4b-fa mark.kt-highlight, .wp-block-kadence-advancedheading.kt-adv-heading31647_815b4b-fa[data-kb-block=\"kb-adv-heading31647_815b4b-fa\"] mark.kt-highlight{font-style:normal;color:#f76a0c;-webkit-box-decoration-break:clone;box-decoration-break:clone;padding-top:0px;padding-right:0px;padding-bottom:0px;padding-left:0px;}.wp-block-kadence-advancedheading.kt-adv-heading31647_815b4b-fa img.kb-inline-image, .wp-block-kadence-advancedheading.kt-adv-heading31647_815b4b-fa[data-kb-block=\"kb-adv-heading31647_815b4b-fa\"] img.kb-inline-image{width:150px;vertical-align:baseline;}<\/style>\n<span class=\"kt-adv-heading31647_815b4b-fa wp-block-kadence-advancedheading has-theme-palette-9-color has-text-color\" data-kb-block=\"kb-adv-heading31647_815b4b-fa\"><strong>A LGPD e os profissionais da Sa\u00fade<\/strong><\/span>\n\n\n\n<p class=\"has-theme-palette-9-color has-text-color has-link-color wp-elements-0a349ab7e86c8fdd6cfc2a8e1d8c7785\">Cuidar dos dados da popula\u00e7\u00e3o \u00e9 fundamental, principalmente no setor de Sa\u00fade. Saiba mais sobre A Lei Geral de Prote\u00e7\u00e3o de Dados!<\/p>\n\n\n<style>.wp-block-kadence-advancedbtn.kb-btns31647_45022f-8e{gap:var(--global-kb-gap-xs, 0.5rem );justify-content:flex-start;align-items:center;}.kt-btns31647_45022f-8e .kt-button{font-weight:normal;font-style:normal;}.kt-btns31647_45022f-8e .kt-btn-wrap-0{margin-right:5px;}.wp-block-kadence-advancedbtn.kt-btns31647_45022f-8e .kt-btn-wrap-0 .kt-button{color:#555555;border-color:#555555;}.wp-block-kadence-advancedbtn.kt-btns31647_45022f-8e .kt-btn-wrap-0 .kt-button:hover, .wp-block-kadence-advancedbtn.kt-btns31647_45022f-8e .kt-btn-wrap-0 .kt-button:focus{color:#ffffff;border-color:#444444;}.wp-block-kadence-advancedbtn.kt-btns31647_45022f-8e .kt-btn-wrap-0 .kt-button::before{display:none;}.wp-block-kadence-advancedbtn.kt-btns31647_45022f-8e .kt-btn-wrap-0 .kt-button:hover, .wp-block-kadence-advancedbtn.kt-btns31647_45022f-8e .kt-btn-wrap-0 .kt-button:focus{background:#444444;}<\/style>\n<div class=\"wp-block-kadence-advancedbtn kb-buttons-wrap kb-btns31647_45022f-8e\"><style>ul.menu .wp-block-kadence-advancedbtn .kb-btn31647_c581df-31.kb-button{width:initial;}.wp-block-kadence-advancedbtn .kb-btn31647_c581df-31.kb-button{background:#ff5722;font-size:var(--global-kb-font-size-sm, 0.9rem);border-top-left-radius:20px;border-top-right-radius:20px;border-bottom-right-radius:20px;border-bottom-left-radius:20px;padding-top:var(--global-kb-spacing-xxs, 0.5rem);padding-right:var(--global-kb-spacing-md, 2rem);padding-bottom:var(--global-kb-spacing-xxs, 0.5rem);padding-left:var(--global-kb-spacing-md, 2rem);}.wp-block-kadence-advancedbtn .kb-btn31647_c581df-31.kb-button:hover, .wp-block-kadence-advancedbtn .kb-btn31647_c581df-31.kb-button:focus{color:#ff5722;background:var(--global-palette9, #ffffff);}<\/style><span class=\"kb-button kt-button button kb-btn31647_c581df-31 kt-btn-size-standard kt-btn-width-type-auto kb-btn-global-fill  kt-btn-has-text-true kt-btn-has-svg-false  btn-banner wp-block-kadence-singlebtn\"><span class=\"kt-btn-inner-text\">Baixe agora<\/span><\/span><\/div>\n<\/div><\/div>\n<\/div><a href=\"https:\/\/mkt.prodoctor.net\/a-lgpd-e-os-profissionais-da-saude\" class=\"kb-section-link-overlay\" target=\"_blank\" rel=\"noopener noreferrer\"><\/a><\/div>\n\n<\/div><\/div>\n\n\n<h3 class=\"wp-block-heading\">Lei do Ato M\u00e9dico \u00e9 defesa da categoria contra os abusos<\/h3>\n\n\n\n<p>Amparado pela <strong>Lei do Ato M\u00e9dico<\/strong>, o <strong>Conselho Federal de Medicina<\/strong> tem lutado di\u00e1ria e arduamente na defesa da profiss\u00e3o contra todas as tentativas&nbsp;de invas\u00e3o de compet\u00eancias. N\u00e3o s\u00f3 promovidas por outras categorias do setor de Sa\u00fade, bem como por \u00f3rg\u00e3os p\u00fablicos de administra\u00e7\u00e3o.<\/p>\n\n\n\n<p>O m\u00e9dico Sidnei Ferreira foi conselheiro Efetivo Federal pelo Rio de Janeiro na Gest\u00e3o 2014-2019. <\/p>\n\n\n\n<p>No artigo &#8220;Lei do Ato M\u00e9dico: pe\u00e7a chave para a prote\u00e7\u00e3o dos interesses dos profissionais&#8221;, que escreveu para o site oficial do <strong>CFM<\/strong> em 12 de abril de 2019, destacou:<\/p>\n\n\n\n<p><em>&#8220;Para alcan\u00e7ar os resultados esperados, a <strong>Comiss\u00e3o Jur\u00eddica de Defesa do Ato M\u00e9dico<\/strong>, criada pelo <strong>CFM<\/strong>, assumiu a responsabilidade de coordenar essa estrat\u00e9gia frente aos abusos cometidos. Assim, entidades m\u00e9dicas e <strong>Conselhos de Medicina<\/strong> monitoram amea\u00e7as e impetram medidas administrativas e judiciais para defender os interesses da profiss\u00e3o e dos brasileiros&#8221;.<\/em><\/p>\n\n\n\n<h4 class=\"wp-block-heading\"><strong>Congresso Virtual de Direito M\u00e9dico<\/strong><\/h4>\n\n\n\n<p>Nos dias 22 e 23 de novembro de 2022, o <strong>CFM<\/strong> promoveu o <strong>III Congresso Virtual de Direito M\u00e9dico<\/strong>. Em pauta, a <a href=\"https:\/\/portal.cfm.org.br\/noticias\/defesa-do-ato-medico-e-o-tema-do-primeiro-dia-do-iii-congresso-brasileiro\/\" target=\"_blank\" rel=\"noreferrer noopener\"><strong>Defesa do Ato M\u00e9dico<\/strong><\/a>.<\/p>\n\n\n\n<p>Participaram das discuss\u00f5es, al\u00e9m da classe m\u00e9dica, advogados, magistrados, representantes do Minist\u00e9rio P\u00fablico e diversas entidades interessadas na intera\u00e7\u00e3o de suas profiss\u00f5es.<\/p>\n\n\n\n<p>Na ocasi\u00e3o, o presidente do <strong>CFM<\/strong>, Jos\u00e9 Hiran Gallo, afirmou que as palestras e os debates foram uma grande oportunidade para ouvir juristas de renome no Brasil.<\/p>\n\n\n\n<p>Os temas do encontro abordaram t\u00f3picos que est\u00e3o na rotina do atendimento m\u00e9dico, que por vezes provocam d\u00favidas tanto em pacientes quanto nos m\u00e9dicos.<\/p>\n\n\n\n<p>Uma das palestras do primeiro dia enfocou exatamente &#8220;A Lei do Ato M\u00e9dico e as diverg\u00eancias de interpreta\u00e7\u00f5es pelo Poder do Judici\u00e1rio&#8221;. Foi proferida pelo coordenador Jur\u00eddico do CFM, Dr. Jos\u00e9 Alejandro Bull\u00f3n Silva. <a href=\"https:\/\/www.youtube.com\/watch?v=iHEG1Rp6YiU\" target=\"_blank\" rel=\"noreferrer noopener\"><strong>Confira os debates do dia 22<\/strong><\/a>.<\/p>\n\n\n\n<p id=\"c\"><\/p>\n\n\n\n<p>No dia seguinte, o painel que antecedeu as discuss\u00f5es abordou quatro aspectos de grande relev\u00e2ncia para o exerc\u00edcio da Medicina: &#8220;Responsabilidade M\u00e9dica&#8221;, &#8220;Responsabilidade \u00c9tica&#8221;, &#8220;Responsabilidade Civil&#8221; e &#8220;Responsabilidade Penal&#8221;. <a href=\"https:\/\/portal.cfm.org.br\/eventos\/iii-congresso-virtual-brasileiro-de-direito-medico-do-cfm-debatera-defesa-do-ato-medico-e-responsabilidade-profissional\/\" target=\"_blank\" rel=\"noreferrer noopener\"><strong>Confira aqui<\/strong><\/a>.<\/p>\n\n\n\n<h2 class=\"wp-block-heading\">Compet\u00eancias exclusivas do m\u00e9dico<\/h2>\n\n\n\n<figure class=\"wp-block-image size-full\"><img decoding=\"async\" width=\"770\" height=\"250\" src=\"https:\/\/prodoctor.net\/blog\/wp-content\/uploads\/2023\/05\/lei-do-ato-medico-3-min.jpg\" alt=\"\" class=\"wp-image-26023\" srcset=\"https:\/\/prodoctor.net\/blog\/wp-content\/uploads\/2023\/05\/lei-do-ato-medico-3-min.jpg 770w, https:\/\/prodoctor.net\/blog\/wp-content\/uploads\/2023\/05\/lei-do-ato-medico-3-min-300x97.jpg 300w, https:\/\/prodoctor.net\/blog\/wp-content\/uploads\/2023\/05\/lei-do-ato-medico-3-min-768x249.jpg 768w\" sizes=\"(max-width: 770px) 100vw, 770px\" \/><\/figure>\n\n\n\n<p>Em seu Art. 4\u00ba, a Lei do Ato M\u00e9dico determina que s\u00e3o atividades privativas dos m\u00e9dicos:<\/p>\n\n\n\n<ul class=\"wp-block-list\">\n<li>Indicar e realizar cirurgias, incluindo todos os cuidados e <a href=\"https:\/\/prodoctor.net\/blog\/legislacao-sobre-prescricao-medica-conheca\/\" target=\"_blank\" rel=\"noreferrer noopener\">prescri\u00e7\u00f5es<\/a> antes e depois das opera\u00e7\u00f5es.<\/li>\n\n\n\n<li>Indicar e realizar procedimentos invasivos, tanto diagn\u00f3sticos quanto terap\u00eauticos e est\u00e9ticos, incluindo os acessos vasculares profundos, as bi\u00f3psias e as endoscopias.<\/li>\n\n\n\n<li>Intuba\u00e7\u00e3o traqueal.<\/li>\n\n\n\n<li>Coordena\u00e7\u00e3o da estrat\u00e9gia ventilat\u00f3ria inicial para a ventila\u00e7\u00e3o mec\u00e2nica invasiva, assim como das mudan\u00e7as que forem necess\u00e1rias diante das intercorr\u00eancias cl\u00ednicas, e do programa de interrup\u00e7\u00e3o da ventila\u00e7\u00e3o mec\u00e2nica invasiva, o que inclui a desintuba\u00e7\u00e3o traqueal.<\/li>\n\n\n\n<li>Al\u00e9m disso, s\u00e3o de sua compet\u00eancia \u00fanica a seda\u00e7\u00e3o profunda e os bloqueios anest\u00e9sicos, bem como a anestesia geral.<\/li>\n\n\n\n<li>Emiss\u00e3o de laudo dos exames endosc\u00f3picos e de imagem, dos procedimentos diagn\u00f3sticos invasivos e dos exames anatomopatol\u00f3gicos.<\/li>\n\n\n\n<li>Determina\u00e7\u00e3o do progn\u00f3stico relativo ao diagn\u00f3stico nosol\u00f3gico.<\/li>\n\n\n\n<li>Indica\u00e7\u00e3o de interna\u00e7\u00e3o e alta m\u00e9dica nos Servi\u00e7os de Aten\u00e7\u00e3o \u00e0 Sa\u00fade.<\/li>\n\n\n\n<li>Realiza\u00e7\u00e3o de Per\u00edcia M\u00e9dica e exames m\u00e9dico-legais, excetuados os exames laboratoriais de an\u00e1lises cl\u00ednicas, toxicol\u00f3gicas, gen\u00e9ticas e de biologia molecular.<\/li>\n\n\n\n<li>Atesta\u00e7\u00e3o m\u00e9dica de condi\u00e7\u00f5es de sa\u00fade, doen\u00e7as e poss\u00edveis sequelas.<\/li>\n\n\n\n<li>Atesta\u00e7\u00e3o do \u00f3bito, exceto em casos de morte natural em localidade em que n\u00e3o haja m\u00e9dico.<\/li>\n\n\n\n<li>Invas\u00e3o dos orif\u00edcios naturais do corpo, atingindo \u00f3rg\u00e3os internos.<\/li>\n<\/ul>\n\n\n\n<p>O Art. 5\u00ba do dispositivo tamb\u00e9m determina que s\u00e3o privativos de m\u00e9dico:<\/p>\n\n\n\n<p id=\"d\"><\/p>\n\n\n\n<ul class=\"wp-block-list\">\n<li>Per\u00edcia e Auditorias m\u00e9dicas, coordena\u00e7\u00e3o e supervis\u00e3o vinculadas, de forma imediata e direta, \u00e0s atividades privativas de m\u00e9dico.<\/li>\n\n\n\n<li>Ensino de disciplinas especificamente m\u00e9dicas.<\/li>\n\n\n\n<li>Coordena\u00e7\u00e3o dos cursos de gradua\u00e7\u00e3o em Medicina, dos programas de Resid\u00eancia M\u00e9dica e dos cursos de P\u00f3s-Gradua\u00e7\u00e3o espec\u00edficos para m\u00e9dicos.<\/li>\n<\/ul>\n\n\n\n<h2 class=\"wp-block-heading\">Como a Lei do Ato M\u00e9dico impacta a pr\u00e1tica da telemedicina?<\/h2>\n\n\n\n<p>A <a href=\"https:\/\/prodoctor.net\/blog\/sistema-de-telemedicina\/\" target=\"_blank\" rel=\"noreferrer noopener\">telemedicina<\/a>, regulamentada pela Resolu\u00e7\u00e3o CFM n.\u00ba 2.314\/2022, expandiu as possibilidades de atendimento m\u00e9dico \u00e0 dist\u00e2ncia. Embora o atendimento remoto seja autorizado, procedimentos como diagn\u00f3stico, <a href=\"https:\/\/prodoctor.net\/blog\/o-que-e-prescricao-medica\/\" target=\"_blank\" rel=\"noreferrer noopener\">prescri\u00e7\u00e3o<\/a> e emiss\u00e3o de <a href=\"https:\/\/prodoctor.net\/blog\/o-que-e-laudo-medico-como-elaborar\/\" target=\"_blank\" rel=\"noreferrer noopener\">laudos<\/a> continuam sendo de responsabilidade exclusiva dos m\u00e9dicos.<\/p>\n\n\n\n<p>Assim, a Lei do Ato M\u00e9dico legitima a telemedicina como pr\u00e1tica m\u00e9dica desde que observados os princ\u00edpios \u00e9ticos, t\u00e9cnicos e legais da profiss\u00e3o, garantindo seguran\u00e7a, qualidade e respeito \u00e0 rela\u00e7\u00e3o m\u00e9dico-paciente, conforme regulamentado pelo CFM nas suas resolu\u00e7\u00f5es mais recentes.<\/p>\n\n\n\n<p>Confira, no quadro abaixo, os principais impactos da Lei do Ato M\u00e9dico na telemedicina:<\/p>\n\n\n\n<figure class=\"wp-block-image size-full\"><img decoding=\"async\" width=\"1024\" height=\"768\" src=\"https:\/\/prodoctor.net\/blog\/wp-content\/uploads\/2023\/05\/ato-medico-telemedicina-tabela.webp\" alt=\"Tabela comparativa sobre a lei do ato m\u00e9dico na telemedicina, destacando aspectos como autonomia, consentimento do paciente, limita\u00e7\u00f5es, responsabilidades, fiscaliza\u00e7\u00e3o e territorialidade.\" class=\"wp-image-31838\" srcset=\"https:\/\/prodoctor.net\/blog\/wp-content\/uploads\/2023\/05\/ato-medico-telemedicina-tabela.webp 1024w, https:\/\/prodoctor.net\/blog\/wp-content\/uploads\/2023\/05\/ato-medico-telemedicina-tabela-300x225.webp 300w, https:\/\/prodoctor.net\/blog\/wp-content\/uploads\/2023\/05\/ato-medico-telemedicina-tabela-768x576.webp 768w\" sizes=\"(max-width: 1024px) 100vw, 1024px\" \/><\/figure>\n\n\n\n<p>Mesmo em ambientes digitais, \u00e9 imprescind\u00edvel que a Lei do Ato M\u00e9dico seja rigorosamente respeitada para garantir conformidade. <\/p>\n\n\n\n<p id=\"e\"><\/p>\n\n\n\n<p>Um sistema de gest\u00e3o cl\u00ednica precisa garantir que somente profissionais habilitados realizem essas atividades, com registros audit\u00e1veis e assinados digitalmente com validade jur\u00eddica, como acontece no <a href=\"https:\/\/prodoctor.net\/funcionalidades\/prontuario\" target=\"_blank\" rel=\"noreferrer noopener\">Prontu\u00e1rio Eletr\u00f4nico<\/a> do ProDoctor.<\/p>\n\n\n\n<h2 class=\"wp-block-heading\">Quais s\u00e3o os desafios de conformidade legal para cl\u00ednicas na era digital?<\/h2>\n\n\n\n<p>A conformidade legal com a Lei do Ato M\u00e9dico \u00e9 uma das maiores preocupa\u00e7\u00f5es das cl\u00ednicas na era digital. Com a digitaliza\u00e7\u00e3o acelerada dos servi\u00e7os de sa\u00fade, cl\u00ednicas e consult\u00f3rios enfrentam um cen\u00e1rio regulat\u00f3rio mais exigente e din\u00e2mico.&nbsp;<\/p>\n\n\n\n<p>Estar em dias com a legisla\u00e7\u00e3o deixou de ser apenas um requisito burocr\u00e1tico para se tornar um diferencial competitivo. Isso porque garante a prote\u00e7\u00e3o dos dados dos pacientes, a seguran\u00e7a jur\u00eddica da institui\u00e7\u00e3o e a confian\u00e7a no atendimento,&nbsp;<\/p>\n\n\n\n<p>A seguir, destacamos os principais desafios enfrentados pelas cl\u00ednicas m\u00e9dicas nesse contexto.<\/p>\n\n\n\n<h3 class=\"wp-block-heading\">1. Adequa\u00e7\u00e3o \u00e0 LGPD e prote\u00e7\u00e3o de dados sens\u00edveis<\/h3>\n\n\n\n<p>A <a href=\"https:\/\/prodoctor.net\/blog\/o-que-e-lgpd-e-como-se-adequar\/\" target=\"_blank\" rel=\"noreferrer noopener\">Lei Geral de Prote\u00e7\u00e3o de Dados (LGPD)<\/a> trouxe exig\u00eancias rigorosas para o tratamento de dados pessoais sens\u00edveis (como hist\u00f3ricos cl\u00ednicos, exames e diagn\u00f3sticos) que s\u00e3o inerentes \u00e0 rotina m\u00e9dica. Para atender \u00e0 legisla\u00e7\u00e3o, as cl\u00ednicas devem:<\/p>\n\n\n\n<ul class=\"wp-block-list\">\n<li>Coletar e tratar os dados apenas com finalidades leg\u00edtimas e consentimento expl\u00edcito do paciente;<\/li>\n\n\n\n<li>Adotar medidas t\u00e9cnicas como criptografia, backups autom\u00e1ticos e controle de acesso;<\/li>\n\n\n\n<li>Nomear um Encarregado de Prote\u00e7\u00e3o de Dados (DPO), respons\u00e1vel por intermediar a rela\u00e7\u00e3o com a Autoridade Nacional de Prote\u00e7\u00e3o de Dados (ANPD);<\/li>\n\n\n\n<li>Garantir transpar\u00eancia no uso das informa\u00e7\u00f5es, mantendo registros audit\u00e1veis e acess\u00edveis.<br><\/li>\n<\/ul>\n\n\n\n<p>Esses pontos exigem uma mudan\u00e7a estrutural na forma como a informa\u00e7\u00e3o \u00e9 gerenciada \u2014 do atendimento ao arquivamento.<\/p>\n\n\n\n<h3 class=\"wp-block-heading\">2. Seguran\u00e7a da informa\u00e7\u00e3o e riscos cibern\u00e9ticos<\/h3>\n\n\n\n<p>O avan\u00e7o tecnol\u00f3gico tamb\u00e9m amplia a superf\u00edcie de exposi\u00e7\u00e3o a amea\u00e7as como <em>ransomware<\/em>, <a href=\"https:\/\/prodoctor.net\/blog\/venda-de-dados-da-saude-o-seu-sistema-medico-te-protege-de-ciberataques-ou-vazamentos\/\" target=\"_blank\" rel=\"noreferrer noopener\">vazamento de dados<\/a> e <a href=\"https:\/\/prodoctor.net\/blog\/engenharia-social-e-seu-impacto-para-o-avanco-dos-crimes-virtuais\/\" target=\"_blank\" rel=\"noreferrer noopener\"><em>phishing<\/em><\/a>.&nbsp;<\/p>\n\n\n\n<p>A aus\u00eancia de pol\u00edticas claras de seguran\u00e7a da informa\u00e7\u00e3o pode resultar em preju\u00edzos financeiros e perda de confian\u00e7a por parte dos pacientes.<\/p>\n\n\n\n<p>Por isso, \u00e9 fundamental investir em:<\/p>\n\n\n\n<ul class=\"wp-block-list\">\n<li>Solu\u00e7\u00f5es de software com trilha de auditoria e autentica\u00e7\u00e3o biom\u00e9trica;<\/li>\n\n\n\n<li>Monitoramento cont\u00ednuo dos sistemas;<\/li>\n\n\n\n<li>Pol\u00edticas internas de seguran\u00e7a da informa\u00e7\u00e3o, com treinamentos peri\u00f3dicos para todos os colaboradores.<br><\/li>\n<\/ul>\n\n\n\n<h3 class=\"wp-block-heading\">3. Conformidade com regulamenta\u00e7\u00f5es espec\u00edficas da sa\u00fade digital<\/h3>\n\n\n\n<p>Al\u00e9m da LGPD, cl\u00ednicas devem cumprir as normativas do CFM e demais \u00f3rg\u00e3os de classe,&nbsp; especialmente no que se refere \u00e0 telemedicina, prontu\u00e1rio eletr\u00f4nico e <a href=\"https:\/\/prodoctor.net\/blog\/certificado-digital-imprescindivel\/\" target=\"_blank\" rel=\"noreferrer noopener\">certifica\u00e7\u00f5es digitais<\/a>.&nbsp; O n\u00e3o cumprimento dessas normas pode gerar san\u00e7\u00f5es \u00e9ticas, administrativas ou judiciais.<\/p>\n\n\n\n<p>Uma leitura complementar importante \u00e9 o artigo <a href=\"https:\/\/prodoctor.net\/blog\/a-certificacao-sbis-no-prontuario-eletronico-do-paciente-e-obrigatoria\/\" target=\"_blank\" rel=\"noreferrer noopener\">\u201cA certifica\u00e7\u00e3o SBIS no Prontu\u00e1rio Eletr\u00f4nico do Paciente \u00e9 obrigat\u00f3ria?<\/a>\u201d, que esclarece pontos essenciais sobre conformidade t\u00e9cnica em sistemas m\u00e9dicos.<\/p>\n\n\n\n<h3 class=\"wp-block-heading\">4. Gest\u00e3o de consentimento informado<\/h3>\n\n\n\n<p>A documenta\u00e7\u00e3o do consentimento do paciente, tanto para procedimentos cl\u00ednicos quanto para o uso dos dados, precisa ser clara, digitalmente armazenada e acess\u00edvel. A aus\u00eancia ou inadequa\u00e7\u00e3o dessa etapa \u00e9 uma das principais causas de lit\u00edgios jur\u00eddicos na sa\u00fade.<\/p>\n\n\n\n<h3 class=\"wp-block-heading\">5. Conformidade dos parceiros de neg\u00f3cio<\/h3>\n\n\n\n<p>N\u00e3o basta que a cl\u00ednica esteja em conformidade: fornecedores de software, consultorias e prestadores terceirizados tamb\u00e9m precisam seguir as exig\u00eancias legais. O uso de ferramentas que n\u00e3o adotam padr\u00f5es de seguran\u00e7a compat\u00edveis com o setor pode colocar toda a opera\u00e7\u00e3o em risco.<\/p>\n\n\n\n<h3 class=\"wp-block-heading\">6. Licenciamento e propriedade intelectual de softwares<\/h3>\n\n\n\n<p>Muitas cl\u00ednicas ainda utilizam ferramentas sem licen\u00e7a formalizada, o que pode acarretar processos judiciais por viola\u00e7\u00e3o de direitos autorais.<\/p>\n\n\n\n<p>A ado\u00e7\u00e3o de sistemas como o ProDoctor, com estrutura legal consolidada, evita esse tipo de problema e ainda assegura suporte cont\u00ednuo e atualiza\u00e7\u00f5es conforme as leis vigentes.<\/p>\n\n\n\n<h3 class=\"wp-block-heading\">7. Resist\u00eancia cultural e integra\u00e7\u00e3o tecnol\u00f3gica<\/h3>\n\n\n\n<p>A transforma\u00e7\u00e3o digital exige n\u00e3o apenas a implementa\u00e7\u00e3o de novas tecnologias, mas tamb\u00e9m uma mudan\u00e7a de mentalidade.<\/p>\n\n\n\n<p>Profissionais habituados a processos manuais ou legados podem oferecer resist\u00eancia. Al\u00e9m disso, a integra\u00e7\u00e3o entre diferentes sistemas, especialmente em cl\u00ednicas maiores, pode ser um desafio t\u00e9cnico que afeta a conformidade.<\/p>\n\n\n\n<h3 class=\"wp-block-heading\">8. Investimentos necess\u00e1rios para adequa\u00e7\u00e3o<\/h3>\n\n\n\n<p>Os custos com infraestrutura, licen\u00e7as, treinamentos e consultorias jur\u00eddicas podem ser significativos, especialmente para cl\u00ednicas de menor porte.<\/p>\n\n\n\n<p id=\"f\"><\/p>\n\n\n\n<p>No entanto, deixar de investir pode representar um risco ainda maior, tanto do ponto de vista regulat\u00f3rio quanto da confian\u00e7a dos pacientes.<\/p>\n\n\n\n<h2 class=\"wp-block-heading\">Como a Lei do Ato M\u00e9dico influencia a delega\u00e7\u00e3o de tarefas em equipes multiprofissionais?<\/h2>\n\n\n<div class=\"wp-block-image\">\n<figure class=\"aligncenter size-full\"><a href=\"https:\/\/prodoctor.net\/blog\/wp-content\/uploads\/2023\/05\/ato-medico-e-delegacaod-e-tarefas.webp\"><img decoding=\"async\" width=\"770\" height=\"250\" src=\"https:\/\/prodoctor.net\/blog\/wp-content\/uploads\/2023\/05\/ato-medico-e-delegacaod-e-tarefas.webp\" alt=\"Grupo de m\u00e9dicos e profissionais de sa\u00fade em reuni\u00e3o num ambiente cl\u00ednico, simbolizando a delega\u00e7\u00e3o de tarefas guiada pelo Ato M\u00e9dico.\" class=\"wp-image-31841\" srcset=\"https:\/\/prodoctor.net\/blog\/wp-content\/uploads\/2023\/05\/ato-medico-e-delegacaod-e-tarefas.webp 770w, https:\/\/prodoctor.net\/blog\/wp-content\/uploads\/2023\/05\/ato-medico-e-delegacaod-e-tarefas-300x97.webp 300w, https:\/\/prodoctor.net\/blog\/wp-content\/uploads\/2023\/05\/ato-medico-e-delegacaod-e-tarefas-768x249.webp 768w\" sizes=\"(max-width: 770px) 100vw, 770px\" \/><\/a><\/figure>\n<\/div>\n\n\n<p>A Lei do Ato M\u00e9dico influencia diretamente a delega\u00e7\u00e3o de tarefas ao estabelecer, de forma objetiva, quais atividades s\u00e3o exclusivas dos m\u00e9dicos e n\u00e3o podem ser delegadas a outros profissionais de sa\u00fade, mesmo no contexto de equipes multiprofissionais.<\/p>\n\n\n\n<p>Essa legisla\u00e7\u00e3o, juntamente com normas recentes como a <a href=\"https:\/\/sistemas.cfm.org.br\/normas\/visualizar\/resolucoes\/BR\/2024\/2416\" target=\"_blank\" rel=\"noreferrer noopener\">Resolu\u00e7\u00e3o n.\u00ba 2.416\/2024<\/a>, define limites claros que devem ser respeitados para garantir a seguran\u00e7a do paciente, a legalidade dos atos cl\u00ednicos e a integridade do exerc\u00edcio profissional.<\/p>\n\n\n\n<p>Em uma equipe multiprofissional, cada profissional (m\u00e9dicos, enfermeiros, fisioterapeutas, psic\u00f3logos, nutricionistas e outros) atua de forma complementar. No entanto, atos relacionados ao diagn\u00f3stico, <a href=\"https:\/\/prodoctor.net\/blog\/e-obrigatorio-carimbo-na-prescricao-medica\/\" target=\"_blank\" rel=\"noreferrer noopener\">prescri\u00e7\u00e3o<\/a> e interven\u00e7\u00f5es terap\u00eauticas invasivas s\u00e3o privativos dos m\u00e9dicos e n\u00e3o podem ser executados por outros integrantes da equipe, tampouco por meio de delega\u00e7\u00e3o.<\/p>\n\n\n\n<p>S\u00e3o exemplos dessas atividades:<\/p>\n\n\n\n<ul class=\"wp-block-list\">\n<li>Realiza\u00e7\u00e3o de <a href=\"https:\/\/prodoctor.net\/blog\/o-que-e-anamnese\/\" target=\"_blank\" rel=\"noreferrer noopener\">anamnese<\/a>, exame f\u00edsico e mental, e requisi\u00e7\u00e3o de exames;<br><\/li>\n\n\n\n<li>Defini\u00e7\u00e3o diagn\u00f3stica e prescri\u00e7\u00e3o de tratamentos e medicamentos;<br><\/li>\n\n\n\n<li>Execu\u00e7\u00e3o de procedimentos invasivos e cirurgias;<br><\/li>\n\n\n\n<li>Prescri\u00e7\u00e3o de \u00f3rteses e pr\u00f3teses que requeiram avalia\u00e7\u00e3o cl\u00ednica especializada;<br><\/li>\n\n\n\n<li>Emiss\u00e3o de laudos m\u00e9dicos, atestados de \u00f3bito e per\u00edcias m\u00e9dicas;<br><\/li>\n\n\n\n<li>Coordena\u00e7\u00e3o de cursos e resid\u00eancias m\u00e9dicas.<br><\/li>\n<\/ul>\n\n\n\n<p>|Leia tamb\u00e9m: <a href=\"https:\/\/prodoctor.net\/blog\/rqe-medico\/\" target=\"_blank\" rel=\"noreferrer noopener\">RQE m\u00e9dico: o que \u00e9, sua relev\u00e2ncia na pr\u00e1tica m\u00e9dica e como solicitar<\/a>.<\/p>\n\n\n\n<p>Assim, a Lei do Ato M\u00e9dico e suas regulamenta\u00e7\u00f5es deixam claro que essas atribui\u00e7\u00f5es s\u00e3o indeleg\u00e1veis, refor\u00e7ando o papel do m\u00e9dico como respons\u00e1vel t\u00e9cnico e legal pelas decis\u00f5es cl\u00ednicas.<\/p>\n\n\n\n<p>Por outro lado, a legisla\u00e7\u00e3o n\u00e3o impede a atua\u00e7\u00e3o colaborativa, desde que cada profissional exer\u00e7a sua fun\u00e7\u00e3o dentro dos limites de sua forma\u00e7\u00e3o e regulamenta\u00e7\u00e3o espec\u00edfica.&nbsp;<\/p>\n\n\n\n<p>Dessa forma, atividades como atendimentos assistenciais, acompanhamento terap\u00eautico, orienta\u00e7\u00f5es preventivas e reabilita\u00e7\u00e3o podem ser realizadas por outros profissionais de sa\u00fade, desde que estejam respaldadas por protocolos cl\u00ednicos e sob supervis\u00e3o m\u00e9dica quando necess\u00e1rio.<\/p>\n\n\n\n<p>Para manter a conformidade legal, \u00e9 fundamental que as cl\u00ednicas estabele\u00e7am protocolos bem definidos, com responsabilidades delimitadas e suporte de sistemas que permitam o controle de acesso por perfil profissional.<\/p>\n\n\n\n<p id=\"g\"><\/p>\n\n\n\n<p>Isso garante que as a\u00e7\u00f5es executadas estejam sempre de acordo com as normas legais e \u00e9ticas do setor, promovendo uma pr\u00e1tica segura, eficiente e alinhada com os princ\u00edpios da sa\u00fade integrada.<\/p>\n\n\n\n<h2 class=\"wp-block-heading\">Quais s\u00e3o os riscos legais de n\u00e3o cumprir a Lei do Ato M\u00e9dico?<\/h2>\n\n\n\n<p>Ignorar essa legisla\u00e7\u00e3o m\u00e9dica pode comprometer a pr\u00e1tica cl\u00ednica e gerar san\u00e7\u00f5es. O descumprimento da Lei do Ato M\u00e9dico pode gerar s\u00e9rios riscos legais para m\u00e9dicos, gestores de cl\u00ednicas e outros profissionais de sa\u00fade, comprometendo n\u00e3o apenas a reputa\u00e7\u00e3o institucional, mas tamb\u00e9m a continuidade das atividades cl\u00ednicas.&nbsp;<\/p>\n\n\n\n<p>Os impactos abrangem penalidades disciplinares, civis, penais e administrativas, que variam conforme a gravidade da infra\u00e7\u00e3o. Saiba mais detalhes, a seguir.<\/p>\n\n\n\n<h3 class=\"wp-block-heading\">1. Penalidades disciplinares aplicadas pelos Conselhos Regionais de Medicina (CRM)<\/h3>\n\n\n\n<p>Quando constatada a viola\u00e7\u00e3o da lei ou do C\u00f3digo de \u00c9tica M\u00e9dica, o profissional pode ser submetido a processo disciplinar nos Conselhos Regionais de Medicina. As san\u00e7\u00f5es previstas incluem:<\/p>\n\n\n\n<ul class=\"wp-block-list\">\n<li>Advert\u00eancia confidencial em aviso reservado;<\/li>\n\n\n\n<li>Censura confidencial ou p\u00fablica;<\/li>\n\n\n\n<li>Suspens\u00e3o do exerc\u00edcio profissional por at\u00e9 30 dias;<\/li>\n\n\n\n<li>Cassa\u00e7\u00e3o do registro profissional, <em>ad referendum<\/em> do CFM.<\/li>\n<\/ul>\n\n\n\n<p>Essas penalidades s\u00e3o aplicadas conforme os ritos da <a href=\"https:\/\/www.planalto.gov.br\/ccivil_03\/leis\/l3268.htm\" target=\"_blank\" rel=\"noreferrer noopener\">Lei n.\u00ba 3.268\/1957<\/a>, do <a href=\"https:\/\/www.planalto.gov.br\/ccivil_03\/decreto\/1950-1969\/d44045.htm\" target=\"_blank\" rel=\"noreferrer noopener\">Decreto n.\u00ba 44.045\/1958<\/a> e do <a href=\"https:\/\/portal.cfm.org.br\/etica-medica\/codigo-de-processo-etico-profissional-atual\" target=\"_blank\" rel=\"noreferrer noopener\">C\u00f3digo de Processo \u00c9tico-Profissional<\/a>.<\/p>\n\n\n\n<h3 class=\"wp-block-heading\">2. Configura\u00e7\u00e3o de exerc\u00edcio ilegal da medicina<\/h3>\n\n\n\n<p>Profissionais n\u00e3o habilitados que realizam atos privativos de m\u00e9dicos, como diagn\u00f3sticos, prescri\u00e7\u00f5es ou laudos, incorrem em crime de exerc\u00edcio ilegal da medicina, conforme o Artigo 282 do C\u00f3digo Penal Brasileiro.&nbsp;<\/p>\n\n\n\n<p>Nesses casos, tanto o profissional quanto a institui\u00e7\u00e3o que permitiu a pr\u00e1tica podem ser alvos de processos criminais.<\/p>\n\n\n\n<h3 class=\"wp-block-heading\">3. Responsabilidade civil e penal dos m\u00e9dicos<\/h3>\n\n\n\n<p>O m\u00e9dico que atua com <a href=\"https:\/\/prodoctor.net\/blog\/impericia-medica\/\" target=\"_blank\" rel=\"noreferrer noopener\">imper\u00edcia<\/a>, imprud\u00eancia ou neglig\u00eancia, e causa danos ao paciente, pode responder:<\/p>\n\n\n\n<ul class=\"wp-block-list\">\n<li>Civilmente, com obriga\u00e7\u00f5es de repara\u00e7\u00e3o financeira;<\/li>\n\n\n\n<li>Penalmente, em casos de les\u00e3o corporal ou at\u00e9 homic\u00eddio culposo, conforme o resultado da conduta;<\/li>\n\n\n\n<li>Eticamente, quando h\u00e1 desrespeito \u00e0s normas do exerc\u00edcio profissional, como abandono de plant\u00e3o ou emiss\u00e3o de laudos falsos.<\/li>\n<\/ul>\n\n\n\n<p>A emiss\u00e3o de <a href=\"https:\/\/prodoctor.net\/blog\/novo-modelo-de-informacao-de-atestado-medico-e-odontologico\/\" target=\"_blank\" rel=\"noreferrer noopener\">atestados<\/a> ou laudos fraudulentos, por exemplo, configura crime contra a f\u00e9 p\u00fablica, com pena de deten\u00e7\u00e3o de um m\u00eas a um ano, quando comprovada m\u00e1-f\u00e9.<\/p>\n\n\n\n<p>|Saiba mais: <a href=\"https:\/\/prodoctor.net\/blog\/envio-seguro-de-prescricoes-pelo-whatsapp-no-prodoctor-une-praticidade-e-sigilo-de-dados\/\" target=\"_blank\" rel=\"noreferrer noopener\">Envio seguro de prescri\u00e7\u00f5es pelo WhatsApp, no ProDoctor, une praticidade e sigilo de dados.<\/a><\/p>\n\n\n\n<h3 class=\"wp-block-heading\">4. Consequ\u00eancias administrativas para as cl\u00ednicas<\/h3>\n\n\n\n<p>Cl\u00ednicas e consult\u00f3rios que permitirem a pr\u00e1tica de atos em desacordo com a Lei do Ato M\u00e9dico tamb\u00e9m podem ser penalizados administrativamente, conforme a <a href=\"https:\/\/www.planalto.gov.br\/ccivil_03\/leis\/l6437.htm\" target=\"_blank\" rel=\"noreferrer noopener\">Lei n.\u00ba 6.437\/1977<\/a>. As medidas incluem:<\/p>\n\n\n\n<ul class=\"wp-block-list\">\n<li>Multas administrativas;<\/li>\n\n\n\n<li>Interdi\u00e7\u00e3o parcial ou total do estabelecimento;<\/li>\n\n\n\n<li>Cancelamento de licen\u00e7as de funcionamento.<\/li>\n<\/ul>\n\n\n\n<p>Essas san\u00e7\u00f5es podem ser aplicadas por autoridades sanit\u00e1rias, conselhos profissionais ou \u00f3rg\u00e3os de fiscaliza\u00e7\u00e3o, prejudicando significativamente a opera\u00e7\u00e3o da unidade.<\/p>\n\n\n\n<h3 class=\"wp-block-heading\">5. Multas e san\u00e7\u00f5es judiciais trabalhistas<\/h3>\n\n\n\n<p id=\"h\"><\/p>\n\n\n\n<p>O n\u00e3o cumprimento de obriga\u00e7\u00f5es profissionais \u2014 como jornadas de trabalho, escalas ou plant\u00f5es \u2014 pode resultar em a\u00e7\u00f5es judiciais trabalhistas, com a imposi\u00e7\u00e3o de multas e obriga\u00e7\u00f5es de fazer, comuns em situa\u00e7\u00f5es de abandono de fun\u00e7\u00e3o ou sobrecarga indevida da equipe.<\/p>\n\n\n\n<h2 class=\"wp-block-heading\">Como a tecnologia pode auxiliar na conformidade com a Lei do Ato M\u00e9dico?<\/h2>\n\n\n<div class=\"wp-block-image\">\n<figure class=\"aligncenter size-full\"><img decoding=\"async\" width=\"770\" height=\"250\" src=\"https:\/\/prodoctor.net\/blog\/wp-content\/uploads\/2023\/05\/ato-medico-e-tecnologia.webp\" alt=\"\" class=\"wp-image-31845\" srcset=\"https:\/\/prodoctor.net\/blog\/wp-content\/uploads\/2023\/05\/ato-medico-e-tecnologia.webp 770w, https:\/\/prodoctor.net\/blog\/wp-content\/uploads\/2023\/05\/ato-medico-e-tecnologia-300x97.webp 300w, https:\/\/prodoctor.net\/blog\/wp-content\/uploads\/2023\/05\/ato-medico-e-tecnologia-768x249.webp 768w\" sizes=\"(max-width: 770px) 100vw, 770px\" \/><\/figure>\n<\/div>\n\n\n<p>A tecnologia tem papel fundamental na promo\u00e7\u00e3o da conformidade com a Lei do Ato M\u00e9dico, contribuindo para que cl\u00ednicas e consult\u00f3rios garantam a seguran\u00e7a e legalidade de suas pr\u00e1ticas assistenciais.&nbsp;<\/p>\n\n\n\n<p>Ao integrar processos, registrar com precis\u00e3o os atos m\u00e9dicos e controlar acessos, as solu\u00e7\u00f5es digitais n\u00e3o apenas otimizam o atendimento, mas tamb\u00e9m asseguram o respeito aos limites legais da profiss\u00e3o m\u00e9dica.<\/p>\n\n\n\n<h3 class=\"wp-block-heading\">1. Prontu\u00e1rio eletr\u00f4nico e sistemas de gest\u00e3o cl\u00ednica<\/h3>\n\n\n\n<p>O uso de <a href=\"https:\/\/prodoctor.net\/blog\/sistema-de-prontuario-eletronico\/\" target=\"_blank\" rel=\"noreferrer noopener\">prontu\u00e1rios eletr\u00f4nicos do paciente (PEP)<\/a> \u00e9 uma das principais formas de garantir que os atos privativos do m\u00e9dico sejam corretamente registrados, audit\u00e1veis e protegidos conforme exigem o C\u00f3digo de \u00c9tica M\u00e9dica e a legisla\u00e7\u00e3o vigente.&nbsp;<\/p>\n\n\n\n<p>O PEP do ProDoctor, oferece:<\/p>\n\n\n\n<ul class=\"wp-block-list\">\n<li>Registro detalhado e seguro das consultas, prescri\u00e7\u00f5es e laudos, com trilhas de auditoria que asseguram a rastreabilidade das a\u00e7\u00f5es;<br><\/li>\n\n\n\n<li>Controle de permiss\u00f5es por perfil profissional, garantindo que somente m\u00e9dicos executem atividades privativas, conforme previsto na Lei do Ato M\u00e9dico;<br><\/li>\n\n\n\n<li>Automa\u00e7\u00e3o de processos administrativos e cl\u00ednicos, reduzindo erros humanos e refor\u00e7ando a padroniza\u00e7\u00e3o e a conformidade;<br><\/li>\n\n\n\n<li>Acesso remoto com seguran\u00e7a, ideal para contextos h\u00edbridos de atendimento, sem comprometer a integridade dos dados.<br><\/li>\n<\/ul>\n\n\n\n<h3 class=\"wp-block-heading\">2. Telemedicina segura e regulamentada<\/h3>\n\n\n\n<p>O atendimento remoto, para que seja leg\u00edtimo e vi\u00e1vel, precisa ser conduzido em plataformas compat\u00edveis com os requisitos de seguran\u00e7a e interoperabilidade definidos pelos \u00f3rg\u00e3os reguladores.<\/p>\n\n\n\n<p>Al\u00e9m disso, a plataforma deve assegurar o cumprimento da LGPD no tratamento de dados sens\u00edveis, promovendo sigilo, confidencialidade e consentimento informado do paciente.<br><\/p>\n\n\n\n<p>A plataforma de telemedicina do ProDoctor, eleita <a href=\"https:\/\/prodoctor.net\/blog\/prodoctor-telemedicina-e-case-global-da-aws\/\" target=\"_blank\" rel=\"noreferrer noopener\">case global da Amazon AWS<\/a>, permite integrar o atendimento remoto \u00e0 rotina m\u00e9dica de forma \u00e9tica, legal e eficaz.<\/p>\n\n\n\n<h3 class=\"wp-block-heading\">3. Compliance m\u00e9dico e seguran\u00e7a da informa\u00e7\u00e3o<\/h3>\n\n\n\n<p>A conformidade com a Lei do Ato M\u00e9dico tamb\u00e9m depende da capacidade da cl\u00ednica de monitorar e controlar os processos internos.&nbsp;<\/p>\n\n\n\n<p>Nesse sentido, adote um software que ofere\u00e7a recursos, como:<\/p>\n\n\n\n<ul class=\"wp-block-list\">\n<li>Auditoria cont\u00ednua das a\u00e7\u00f5es cl\u00ednicas, identificando inconsist\u00eancias ou pr\u00e1ticas irregulares que possam comprometer a legalidade da atua\u00e7\u00e3o;<br><\/li>\n\n\n\n<li>Gest\u00e3o automatizada das escalas e execu\u00e7\u00e3o de tarefas, assegurando que os procedimentos privativos sejam realizados apenas por m\u00e9dicos legalmente habilitados;<br><\/li>\n\n\n\n<li>Infraestrutura de seguran\u00e7a avan\u00e7ada, com armazenamento em nuvem, criptografia de dados e autentica\u00e7\u00e3o multifator, protegendo os registros contra acessos n\u00e3o autorizados ou vazamentos.<br><\/li>\n<\/ul>\n\n\n\n<p id=\"i\"><\/p>\n\n\n\n<p>Essas medidas reduzem significativamente o risco de infra\u00e7\u00f5es \u00e9ticas, civis ou penais, al\u00e9m de fortalecerem a confian\u00e7a dos pacientes e a credibilidade institucional.<\/p>\n\n\n\n<h2 class=\"wp-block-heading\">Quais s\u00e3o as melhores pr\u00e1ticas para integrar a Lei do Ato M\u00e9dico \u00e0 gest\u00e3o cl\u00ednica?<\/h2>\n\n\n\n<p>Integrar a Lei do Ato M\u00e9dico \u00e0 gest\u00e3o cl\u00ednica exige uma abordagem estrat\u00e9gica que una conhecimento legal, organiza\u00e7\u00e3o interna, uso de tecnologia e compromisso com a qualidade assistencial.&nbsp;<\/p>\n\n\n\n<p>O primeiro passo \u00e9 garantir que gestores e equipes compreendam detalhadamente os limites estabelecidos por ela, assegurando que apenas m\u00e9dicos realizem atos privativos, como diagn\u00f3sticos, prescri\u00e7\u00f5es e procedimentos invasivos. Isso evita riscos legais e protege a seguran\u00e7a do paciente.<\/p>\n\n\n\n<p>\u00c9 igualmente essencial delimitar com clareza as fun\u00e7\u00f5es de cada profissional da equipe, promovendo uma atua\u00e7\u00e3o interdisciplinar harmoniosa, sempre dentro das compet\u00eancias regulamentadas. Nesse cen\u00e1rio, o papel do m\u00e9dico deve ser respeitado como centro t\u00e9cnico e legal do cuidado, sem comprometer a colabora\u00e7\u00e3o dos demais profissionais.<\/p>\n\n\n\n<p>A tecnologia, por sua vez, deve ser aliada nesse processo. Sistemas de gest\u00e3o cl\u00ednica e plataformas de telemedicina precisam estar em conformidade com as normas vigentes, al\u00e9m de promover efici\u00eancia operacional.&nbsp;<\/p>\n\n\n\n<p>A garantia da qualidade passa ainda pela padroniza\u00e7\u00e3o de condutas com base em evid\u00eancias cient\u00edficas, implementa\u00e7\u00e3o de protocolos assistenciais e investimento constante em educa\u00e7\u00e3o continuada.<\/p>\n\n\n\n<p>J\u00e1 a gest\u00e3o administrativa e o <a href=\"https:\/\/prodoctor.net\/blog\/como-controlar-o-financeiro-do-seu-consultorio\/\" target=\"_blank\" rel=\"noreferrer noopener\">controle financeiro<\/a> devem seguir pr\u00e1ticas transparentes, com controle rigoroso de <a href=\"https:\/\/prodoctor.net\/blog\/como-melhorar-o-faturamento-com-o-prodoctor\/\" target=\"_blank\" rel=\"noreferrer noopener\">faturamento<\/a> e metas alinhadas \u00e0s diretrizes \u00e9ticas e legais da medicina.<\/p>\n\n\n\n<p id=\"j\"><\/p>\n\n\n\n<p>Adotar essas pr\u00e1ticas assegura uma gest\u00e3o cl\u00ednica s\u00f3lida, legalmente segura e centrada na excel\u00eancia do cuidado, refor\u00e7ando a confian\u00e7a da equipe, dos pacientes e da sociedade na atua\u00e7\u00e3o m\u00e9dica.<\/p>\n\n\n\n<p>Uma solu\u00e7\u00e3o de <a href=\"https:\/\/prodoctor.net\/blog\/clinica-online\/\" target=\"_blank\" rel=\"noreferrer noopener\">gest\u00e3o cl\u00ednica digital<\/a>, como o ProDoctor, otimiza o cumprimento da Lei do Ato M\u00e9dico.<\/p>\n\n\n\n<h2 class=\"wp-block-heading\">Como a Lei do Ato M\u00e9dico contribui para a seguran\u00e7a dos pacientes?<\/h2>\n\n\n<div class=\"wp-block-image\">\n<figure class=\"aligncenter size-full\"><img decoding=\"async\" width=\"770\" height=\"250\" src=\"https:\/\/prodoctor.net\/blog\/wp-content\/uploads\/2023\/05\/ato-medico-e-seguranca.webp\" alt=\"\" class=\"wp-image-31844\" srcset=\"https:\/\/prodoctor.net\/blog\/wp-content\/uploads\/2023\/05\/ato-medico-e-seguranca.webp 770w, https:\/\/prodoctor.net\/blog\/wp-content\/uploads\/2023\/05\/ato-medico-e-seguranca-300x97.webp 300w, https:\/\/prodoctor.net\/blog\/wp-content\/uploads\/2023\/05\/ato-medico-e-seguranca-768x249.webp 768w\" sizes=\"(max-width: 770px) 100vw, 770px\" \/><\/figure>\n<\/div>\n\n\n<p>A Lei do Ato M\u00e9dico contribui para a seguran\u00e7a dos pacientes ao estabelecer claramente as atividades exclusivas dos m\u00e9dicos, como diagn\u00f3stico, prescri\u00e7\u00e3o e realiza\u00e7\u00e3o de procedimentos m\u00e9dicos, garantindo que apenas profissionais habilitados e capacitados executem essas fun\u00e7\u00f5es essenciais para o cuidado \u00e0 sa\u00fade.<\/p>\n\n\n\n<p>Essa delimita\u00e7\u00e3o protege os pacientes contra pr\u00e1ticas inadequadas ou ilegais que possam colocar em risco sua integridade f\u00edsica e vida, evitando danos decorrentes do exerc\u00edcio ilegal da medicina.<\/p>\n\n\n\n<p>Al\u00e9m disso, a lei refor\u00e7a a responsabilidade \u00e9tica e t\u00e9cnica dos m\u00e9dicos, que devem atuar com m\u00e1ximo zelo em benef\u00edcio da sa\u00fade dos indiv\u00edduos e coletividades, promovendo um atendimento seguro e de qualidade.&nbsp;<\/p>\n\n\n\n<p id=\"k\"><\/p>\n\n\n\n<p>O CFM e demais \u00f3rg\u00e3os reguladores utilizam a lei para fiscalizar e coibir pr\u00e1ticas irregulares, como a atua\u00e7\u00e3o de n\u00e3o m\u00e9dicos em atos privativos da medicina, o que tamb\u00e9m contribui para reduzir riscos e eventos adversos aos pacientes.<\/p>\n\n\n\n<p>Em suma, ao proteger atos exclusivos do m\u00e9dico, a lei resguarda a qualidade da pr\u00e1tica m\u00e9dica.<\/p>\n\n\n\n<h2 class=\"wp-block-heading\">Onde encontrar mais informa\u00e7\u00f5es sobre a Lei do Ato M\u00e9dico?<\/h2>\n\n\n\n<p>Amplie seus conhecimentos e mantenha-se em constante atualiza\u00e7\u00e3o! Aqui est\u00e3o os canais oficiais que garantem acesso ao texto legal, normas complementares, orienta\u00e7\u00f5es, fiscaliza\u00e7\u00e3o e mecanismos para den\u00fancias relacionadas \u00e0 Lei do Ato M\u00e9dico:<\/p>\n\n\n\n<ul class=\"wp-block-list\">\n<li><strong>Site do Planalto:<\/strong> onde est\u00e1 dispon\u00edvel o <a href=\"https:\/\/www.planalto.gov.br\/ccivil_03\/_ato2011-2014\/2013\/lei\/l12842.htm\" target=\"_blank\" rel=\"noreferrer noopener\">texto integral da lei<\/a>, com todos os seus artigos e disposi\u00e7\u00f5es legais.<\/li>\n\n\n\n<li><a href=\"https:\/\/portal.cfm.org.br\/\" target=\"_blank\" rel=\"noreferrer noopener\"><strong>Portal do CFM<\/strong><\/a><strong>:<\/strong> o Conselho publica resolu\u00e7\u00f5es, normas e <a href=\"https:\/\/portal.cfm.org.br\/noticias\/conselho-federal-de-medicina-estabelece-norma-que-informa-os-atos-que-sao-exclusivos-dos-medicos-no-atendimento-da-populacao\" target=\"_blank\" rel=\"noreferrer noopener\">not\u00edcias relacionadas \u00e0 aplica\u00e7\u00e3o da Lei do Ato M\u00e9dico<\/a>, incluindo a Resolu\u00e7\u00e3o 2.416\/2024 que detalha os atos exclusivos dos m\u00e9dicos.&nbsp;<\/li>\n\n\n\n<li><strong>Site da Associa\u00e7\u00e3o M\u00e9dica Brasileira (AMB)<\/strong> e sociedades m\u00e9dicas especializadas: oferecem informa\u00e7\u00f5es, orienta\u00e7\u00f5es e canais para den\u00fancias e defesa do ato m\u00e9dico, como o <a href=\"https:\/\/amb.org.br\/nupam\/\" target=\"_blank\" rel=\"noreferrer noopener\">N\u00facleo de Prote\u00e7\u00e3o do Ato M\u00e9dico (NUPAM)<\/a>.<\/li>\n\n\n\n<li><strong>Minist\u00e9rio da Sa\u00fade:<\/strong> embora n\u00e3o seja o principal canal para a lei, possui canais de <a href=\"https:\/\/www.gov.br\/saude\/pt-br\/canais-de-atendimento\" target=\"_blank\" rel=\"noreferrer noopener\">atendimento e ouvidoria<\/a> que podem auxiliar em d\u00favidas relacionadas \u00e0 sa\u00fade p\u00fablica e regulamenta\u00e7\u00e3o m\u00e9dica.<\/li>\n<\/ul>\n\n\n\n<h2 class=\"wp-block-heading\">Conclus\u00e3o<\/h2>\n\n\n\n<p>A Lei do Ato M\u00e9dico \u00e9 fundamental para garantir a qualidade e a seguran\u00e7a dos servi\u00e7os de sa\u00fade no Brasil.<\/p>\n\n\n\n<p>Em um cen\u00e1rio de constante evolu\u00e7\u00e3o tecnol\u00f3gica, \u00e9 imprescind\u00edvel que cl\u00ednicas e consult\u00f3rios estejam atentos \u00e0s suas diretrizes, integrando-as \u00e0 gest\u00e3o e \u00e0s pr\u00e1ticas di\u00e1rias.&nbsp;<\/p>\n\n\n\n<p>Com o apoio de solu\u00e7\u00f5es como o ProDoctor Software, \u00e9 poss\u00edvel aliar inova\u00e7\u00e3o, efici\u00eancia e conformidade legal, assegurando um atendimento de excel\u00eancia aos pacientes.<\/p>\n\n\n\n<p>Seguir a Lei do Ato M\u00e9dico, portanto, \u00e9 garantir um exerc\u00edcio m\u00e9dico \u00e9tico, seguro e tecnicamente embasado.<\/p>\n","protected":false},"excerpt":{"rendered":"<p>A Lei do Ato M\u00e9dico \u00e9 um marco importante na garantia dos direitos e da seguran\u00e7a dos pacientes e est\u00e1 completando 10 anos.<\/p>\n","protected":false},"author":1,"featured_media":26021,"comment_status":"closed","ping_status":"closed","sticky":false,"template":"","format":"standard","meta":{"_kad_blocks_custom_css":"","_kad_blocks_head_custom_js":"","_kad_blocks_body_custom_js":"","_kad_blocks_footer_custom_js":"","_kadence_starter_templates_imported_post":false,"_kad_post_transparent":"","_kad_post_title":"","_kad_post_layout":"","_kad_post_sidebar_id":"","_kad_post_content_style":"","_kad_post_vertical_padding":"","_kad_post_feature":"","_kad_post_feature_position":"","_kad_post_header":false,"_kad_post_footer":false,"footnotes":""},"categories":[412,413],"tags":[1212,1118,1117,207,406],"class_list":["post-26002","post","type-post","status-publish","format-standard","has-post-thumbnail","hentry","category-gestao-de-clinicas-e-consultorios","category-medicina-e-saude","tag-gestao-clinica","tag-legislacao-medica","tag-lei-do-ato-medico","tag-medicina","tag-seguranca"],"yoast_head":"<!-- This site is optimized with the Yoast SEO plugin v27.0 - https:\/\/yoast.com\/product\/yoast-seo-wordpress\/ -->\n<title>Lei do Ato M\u00e9dico: impactos na gest\u00e3o cl\u00ednica digital | ProDoctor<\/title>\n<meta name=\"description\" content=\"A Lei do Ato M\u00e9dico \u00e9 um marco importante. Entenda como isso afeta a pr\u00e1tica m\u00e9dica e a digitaliza\u00e7\u00e3o de cl\u00ednicas.\" \/>\n<meta name=\"robots\" content=\"index, follow, max-snippet:-1, max-image-preview:large, max-video-preview:-1\" \/>\n<link rel=\"canonical\" href=\"https:\/\/prodoctor.net\/blog\/lei-do-ato-medico\/\" \/>\n<meta property=\"og:locale\" content=\"pt_BR\" \/>\n<meta property=\"og:type\" content=\"article\" \/>\n<meta property=\"og:title\" content=\"Lei do Ato M\u00e9dico completa 10 anos\" \/>\n<meta property=\"og:description\" content=\"A Lei do Ato M\u00e9dico determina as diretrizes que regem o exerc\u00edcio da Medicina no Brasil. \u00c9 um marco importante na garantia dos direitos e da seguran\u00e7a dos pacientes e est\u00e1 completando 10 anos.\" \/>\n<meta property=\"og:url\" content=\"https:\/\/prodoctor.net\/blog\/lei-do-ato-medico\/\" \/>\n<meta property=\"og:site_name\" content=\"Blog ProDoctor\" \/>\n<meta property=\"article:publisher\" content=\"https:\/\/www.facebook.com\/prodoctorsoftware\" \/>\n<meta property=\"article:published_time\" content=\"2025-05-29T17:30:26+00:00\" \/>\n<meta property=\"article:modified_time\" content=\"2025-05-29T18:01:16+00:00\" \/>\n<meta property=\"og:image\" content=\"https:\/\/prodoctor.net\/blog\/wp-content\/uploads\/2023\/05\/lei-do-ato-medico-min.jpg\" \/>\n\t<meta property=\"og:image:width\" content=\"770\" \/>\n\t<meta property=\"og:image:height\" content=\"400\" \/>\n\t<meta property=\"og:image:type\" content=\"image\/jpeg\" \/>\n<meta name=\"author\" content=\"ProDoctor Software\" \/>\n<meta name=\"twitter:card\" content=\"summary_large_image\" \/>\n<meta name=\"twitter:title\" content=\"Lei do Ato M\u00e9dico completa 10 anos\" \/>\n<meta name=\"twitter:description\" content=\"A Lei do Ato M\u00e9dico determina as diretrizes que regem o exerc\u00edcio da Medicina no Brasil. \u00c9 um marco importante na garantia dos direitos e da seguran\u00e7a dos pacientes e est\u00e1 completando 10 anos.\" \/>\n<meta name=\"twitter:image\" content=\"https:\/\/prodoctor.net\/blog\/wp-content\/uploads\/2023\/05\/lei-do-ato-medico-min.jpg\" \/>\n<meta name=\"twitter:creator\" content=\"@prodoctorsoft\" \/>\n<meta name=\"twitter:site\" content=\"@prodoctorsoft\" \/>\n<meta name=\"twitter:label1\" content=\"Escrito por\" \/>\n\t<meta name=\"twitter:data1\" content=\"ProDoctor Software\" \/>\n\t<meta name=\"twitter:label2\" content=\"Est. tempo de leitura\" \/>\n\t<meta name=\"twitter:data2\" content=\"23 minutos\" \/>\n<script type=\"application\/ld+json\" class=\"yoast-schema-graph\">{\"@context\":\"https:\/\/schema.org\",\"@graph\":[{\"@type\":\"Article\",\"@id\":\"https:\/\/prodoctor.net\/blog\/lei-do-ato-medico\/#article\",\"isPartOf\":{\"@id\":\"https:\/\/prodoctor.net\/blog\/lei-do-ato-medico\/\"},\"author\":{\"name\":\"ProDoctor Software\",\"@id\":\"https:\/\/prodoctor.net\/blog\/#\/schema\/person\/8878914b17cd360e7ec0ddee1ed8c544\"},\"headline\":\"Lei do Ato M\u00e9dico: como ela influencia a gest\u00e3o de cl\u00ednicas na era digital\",\"datePublished\":\"2025-05-29T17:30:26+00:00\",\"dateModified\":\"2025-05-29T18:01:16+00:00\",\"mainEntityOfPage\":{\"@id\":\"https:\/\/prodoctor.net\/blog\/lei-do-ato-medico\/\"},\"wordCount\":4494,\"publisher\":{\"@id\":\"https:\/\/prodoctor.net\/blog\/#organization\"},\"image\":{\"@id\":\"https:\/\/prodoctor.net\/blog\/lei-do-ato-medico\/#primaryimage\"},\"thumbnailUrl\":\"https:\/\/prodoctor.net\/blog\/wp-content\/uploads\/2023\/05\/lei-do-ato-medico-min.jpg\",\"keywords\":[\"gest\u00e3o cl\u00ednica\",\"legisla\u00e7\u00e3o m\u00e9dica\",\"lei do ato m\u00e9dico\",\"medicina\",\"Seguran\u00e7a\"],\"articleSection\":[\"Gest\u00e3o de Cl\u00ednicas e Consult\u00f3rios\",\"Medicina e Sa\u00fade\"],\"inLanguage\":\"pt-BR\"},{\"@type\":\"WebPage\",\"@id\":\"https:\/\/prodoctor.net\/blog\/lei-do-ato-medico\/\",\"url\":\"https:\/\/prodoctor.net\/blog\/lei-do-ato-medico\/\",\"name\":\"Lei do Ato M\u00e9dico: impactos na gest\u00e3o cl\u00ednica digital | ProDoctor\",\"isPartOf\":{\"@id\":\"https:\/\/prodoctor.net\/blog\/#website\"},\"primaryImageOfPage\":{\"@id\":\"https:\/\/prodoctor.net\/blog\/lei-do-ato-medico\/#primaryimage\"},\"image\":{\"@id\":\"https:\/\/prodoctor.net\/blog\/lei-do-ato-medico\/#primaryimage\"},\"thumbnailUrl\":\"https:\/\/prodoctor.net\/blog\/wp-content\/uploads\/2023\/05\/lei-do-ato-medico-min.jpg\",\"datePublished\":\"2025-05-29T17:30:26+00:00\",\"dateModified\":\"2025-05-29T18:01:16+00:00\",\"description\":\"A Lei do Ato M\u00e9dico \u00e9 um marco importante. Entenda como isso afeta a pr\u00e1tica m\u00e9dica e a digitaliza\u00e7\u00e3o de cl\u00ednicas.\",\"breadcrumb\":{\"@id\":\"https:\/\/prodoctor.net\/blog\/lei-do-ato-medico\/#breadcrumb\"},\"inLanguage\":\"pt-BR\",\"potentialAction\":[{\"@type\":\"ReadAction\",\"target\":[\"https:\/\/prodoctor.net\/blog\/lei-do-ato-medico\/\"]}]},{\"@type\":\"ImageObject\",\"inLanguage\":\"pt-BR\",\"@id\":\"https:\/\/prodoctor.net\/blog\/lei-do-ato-medico\/#primaryimage\",\"url\":\"https:\/\/prodoctor.net\/blog\/wp-content\/uploads\/2023\/05\/lei-do-ato-medico-min.jpg\",\"contentUrl\":\"https:\/\/prodoctor.net\/blog\/wp-content\/uploads\/2023\/05\/lei-do-ato-medico-min.jpg\",\"width\":770,\"height\":400,\"caption\":\"lei do ato m\u00e9dico passa a valer no Brasil\"},{\"@type\":\"BreadcrumbList\",\"@id\":\"https:\/\/prodoctor.net\/blog\/lei-do-ato-medico\/#breadcrumb\",\"itemListElement\":[{\"@type\":\"ListItem\",\"position\":1,\"name\":\"In\u00edcio\",\"item\":\"https:\/\/prodoctor.net\/blog\/\"},{\"@type\":\"ListItem\",\"position\":2,\"name\":\"Lei do Ato M\u00e9dico: como ela influencia a gest\u00e3o de cl\u00ednicas na era digital\"}]},{\"@type\":\"WebSite\",\"@id\":\"https:\/\/prodoctor.net\/blog\/#website\",\"url\":\"https:\/\/prodoctor.net\/blog\/\",\"name\":\"Blog ProDoctor\",\"description\":\"Tudo sobre o mundo da Sa\u00fade\",\"publisher\":{\"@id\":\"https:\/\/prodoctor.net\/blog\/#organization\"},\"potentialAction\":[{\"@type\":\"SearchAction\",\"target\":{\"@type\":\"EntryPoint\",\"urlTemplate\":\"https:\/\/prodoctor.net\/blog\/?s={search_term_string}\"},\"query-input\":{\"@type\":\"PropertyValueSpecification\",\"valueRequired\":true,\"valueName\":\"search_term_string\"}}],\"inLanguage\":\"pt-BR\"},{\"@type\":\"Organization\",\"@id\":\"https:\/\/prodoctor.net\/blog\/#organization\",\"name\":\"ProDoctor Software S\/A\",\"url\":\"https:\/\/prodoctor.net\/blog\/\",\"logo\":{\"@type\":\"ImageObject\",\"inLanguage\":\"pt-BR\",\"@id\":\"https:\/\/prodoctor.net\/blog\/#\/schema\/logo\/image\/\",\"url\":\"https:\/\/prodoctor.net\/blog\/wp-content\/uploads\/2017\/01\/Logo_PDo_Lateral.png\",\"contentUrl\":\"https:\/\/prodoctor.net\/blog\/wp-content\/uploads\/2017\/01\/Logo_PDo_Lateral.png\",\"width\":2014,\"height\":485,\"caption\":\"ProDoctor Software S\/A\"},\"image\":{\"@id\":\"https:\/\/prodoctor.net\/blog\/#\/schema\/logo\/image\/\"},\"sameAs\":[\"https:\/\/www.facebook.com\/prodoctorsoftware\",\"https:\/\/x.com\/prodoctorsoft\",\"https:\/\/www.instagram.com\/prodoctorsoftware\/\",\"https:\/\/www.linkedin.com\/company\/prodoctor-software-ltda\",\"https:\/\/www.youtube.com\/channel\/UCIWuDLsVtIpX-PEqQn1pNlw\"]},{\"@type\":\"Person\",\"@id\":\"https:\/\/prodoctor.net\/blog\/#\/schema\/person\/8878914b17cd360e7ec0ddee1ed8c544\",\"name\":\"ProDoctor Software\",\"image\":{\"@type\":\"ImageObject\",\"inLanguage\":\"pt-BR\",\"@id\":\"https:\/\/prodoctor.net\/blog\/#\/schema\/person\/image\/\",\"url\":\"https:\/\/secure.gravatar.com\/avatar\/a67bdb10f2e6695f7ae356a84deeaf10b545567f0ac054e9bfe8ec56e86317ec?s=96&d=mm&r=g\",\"contentUrl\":\"https:\/\/secure.gravatar.com\/avatar\/a67bdb10f2e6695f7ae356a84deeaf10b545567f0ac054e9bfe8ec56e86317ec?s=96&d=mm&r=g\",\"caption\":\"ProDoctor Software\"},\"sameAs\":[\"http:\/\/prodoctor.net\",\"https:\/\/x.com\/prodoctorsoft\"]}]}<\/script>\n<!-- \/ Yoast SEO plugin. -->","yoast_head_json":{"title":"Lei do Ato M\u00e9dico: impactos na gest\u00e3o cl\u00ednica digital | ProDoctor","description":"A Lei do Ato M\u00e9dico \u00e9 um marco importante. Entenda como isso afeta a pr\u00e1tica m\u00e9dica e a digitaliza\u00e7\u00e3o de cl\u00ednicas.","robots":{"index":"index","follow":"follow","max-snippet":"max-snippet:-1","max-image-preview":"max-image-preview:large","max-video-preview":"max-video-preview:-1"},"canonical":"https:\/\/prodoctor.net\/blog\/lei-do-ato-medico\/","og_locale":"pt_BR","og_type":"article","og_title":"Lei do Ato M\u00e9dico completa 10 anos","og_description":"A Lei do Ato M\u00e9dico determina as diretrizes que regem o exerc\u00edcio da Medicina no Brasil. \u00c9 um marco importante na garantia dos direitos e da seguran\u00e7a dos pacientes e est\u00e1 completando 10 anos.","og_url":"https:\/\/prodoctor.net\/blog\/lei-do-ato-medico\/","og_site_name":"Blog ProDoctor","article_publisher":"https:\/\/www.facebook.com\/prodoctorsoftware","article_published_time":"2025-05-29T17:30:26+00:00","article_modified_time":"2025-05-29T18:01:16+00:00","og_image":[{"width":770,"height":400,"url":"https:\/\/prodoctor.net\/blog\/wp-content\/uploads\/2023\/05\/lei-do-ato-medico-min.jpg","type":"image\/jpeg"}],"author":"ProDoctor Software","twitter_card":"summary_large_image","twitter_title":"Lei do Ato M\u00e9dico completa 10 anos","twitter_description":"A Lei do Ato M\u00e9dico determina as diretrizes que regem o exerc\u00edcio da Medicina no Brasil. \u00c9 um marco importante na garantia dos direitos e da seguran\u00e7a dos pacientes e est\u00e1 completando 10 anos.","twitter_image":"https:\/\/prodoctor.net\/blog\/wp-content\/uploads\/2023\/05\/lei-do-ato-medico-min.jpg","twitter_creator":"@prodoctorsoft","twitter_site":"@prodoctorsoft","twitter_misc":{"Escrito por":"ProDoctor Software","Est. tempo de leitura":"23 minutos"},"schema":{"@context":"https:\/\/schema.org","@graph":[{"@type":"Article","@id":"https:\/\/prodoctor.net\/blog\/lei-do-ato-medico\/#article","isPartOf":{"@id":"https:\/\/prodoctor.net\/blog\/lei-do-ato-medico\/"},"author":{"name":"ProDoctor Software","@id":"https:\/\/prodoctor.net\/blog\/#\/schema\/person\/8878914b17cd360e7ec0ddee1ed8c544"},"headline":"Lei do Ato M\u00e9dico: como ela influencia a gest\u00e3o de cl\u00ednicas na era digital","datePublished":"2025-05-29T17:30:26+00:00","dateModified":"2025-05-29T18:01:16+00:00","mainEntityOfPage":{"@id":"https:\/\/prodoctor.net\/blog\/lei-do-ato-medico\/"},"wordCount":4494,"publisher":{"@id":"https:\/\/prodoctor.net\/blog\/#organization"},"image":{"@id":"https:\/\/prodoctor.net\/blog\/lei-do-ato-medico\/#primaryimage"},"thumbnailUrl":"https:\/\/prodoctor.net\/blog\/wp-content\/uploads\/2023\/05\/lei-do-ato-medico-min.jpg","keywords":["gest\u00e3o cl\u00ednica","legisla\u00e7\u00e3o m\u00e9dica","lei do ato m\u00e9dico","medicina","Seguran\u00e7a"],"articleSection":["Gest\u00e3o de Cl\u00ednicas e Consult\u00f3rios","Medicina e Sa\u00fade"],"inLanguage":"pt-BR"},{"@type":"WebPage","@id":"https:\/\/prodoctor.net\/blog\/lei-do-ato-medico\/","url":"https:\/\/prodoctor.net\/blog\/lei-do-ato-medico\/","name":"Lei do Ato M\u00e9dico: impactos na gest\u00e3o cl\u00ednica digital | ProDoctor","isPartOf":{"@id":"https:\/\/prodoctor.net\/blog\/#website"},"primaryImageOfPage":{"@id":"https:\/\/prodoctor.net\/blog\/lei-do-ato-medico\/#primaryimage"},"image":{"@id":"https:\/\/prodoctor.net\/blog\/lei-do-ato-medico\/#primaryimage"},"thumbnailUrl":"https:\/\/prodoctor.net\/blog\/wp-content\/uploads\/2023\/05\/lei-do-ato-medico-min.jpg","datePublished":"2025-05-29T17:30:26+00:00","dateModified":"2025-05-29T18:01:16+00:00","description":"A Lei do Ato M\u00e9dico \u00e9 um marco importante. Entenda como isso afeta a pr\u00e1tica m\u00e9dica e a digitaliza\u00e7\u00e3o de cl\u00ednicas.","breadcrumb":{"@id":"https:\/\/prodoctor.net\/blog\/lei-do-ato-medico\/#breadcrumb"},"inLanguage":"pt-BR","potentialAction":[{"@type":"ReadAction","target":["https:\/\/prodoctor.net\/blog\/lei-do-ato-medico\/"]}]},{"@type":"ImageObject","inLanguage":"pt-BR","@id":"https:\/\/prodoctor.net\/blog\/lei-do-ato-medico\/#primaryimage","url":"https:\/\/prodoctor.net\/blog\/wp-content\/uploads\/2023\/05\/lei-do-ato-medico-min.jpg","contentUrl":"https:\/\/prodoctor.net\/blog\/wp-content\/uploads\/2023\/05\/lei-do-ato-medico-min.jpg","width":770,"height":400,"caption":"lei do ato m\u00e9dico passa a valer no Brasil"},{"@type":"BreadcrumbList","@id":"https:\/\/prodoctor.net\/blog\/lei-do-ato-medico\/#breadcrumb","itemListElement":[{"@type":"ListItem","position":1,"name":"In\u00edcio","item":"https:\/\/prodoctor.net\/blog\/"},{"@type":"ListItem","position":2,"name":"Lei do Ato M\u00e9dico: como ela influencia a gest\u00e3o de cl\u00ednicas na era digital"}]},{"@type":"WebSite","@id":"https:\/\/prodoctor.net\/blog\/#website","url":"https:\/\/prodoctor.net\/blog\/","name":"Blog ProDoctor","description":"Tudo sobre o mundo da Sa\u00fade","publisher":{"@id":"https:\/\/prodoctor.net\/blog\/#organization"},"potentialAction":[{"@type":"SearchAction","target":{"@type":"EntryPoint","urlTemplate":"https:\/\/prodoctor.net\/blog\/?s={search_term_string}"},"query-input":{"@type":"PropertyValueSpecification","valueRequired":true,"valueName":"search_term_string"}}],"inLanguage":"pt-BR"},{"@type":"Organization","@id":"https:\/\/prodoctor.net\/blog\/#organization","name":"ProDoctor Software S\/A","url":"https:\/\/prodoctor.net\/blog\/","logo":{"@type":"ImageObject","inLanguage":"pt-BR","@id":"https:\/\/prodoctor.net\/blog\/#\/schema\/logo\/image\/","url":"https:\/\/prodoctor.net\/blog\/wp-content\/uploads\/2017\/01\/Logo_PDo_Lateral.png","contentUrl":"https:\/\/prodoctor.net\/blog\/wp-content\/uploads\/2017\/01\/Logo_PDo_Lateral.png","width":2014,"height":485,"caption":"ProDoctor Software S\/A"},"image":{"@id":"https:\/\/prodoctor.net\/blog\/#\/schema\/logo\/image\/"},"sameAs":["https:\/\/www.facebook.com\/prodoctorsoftware","https:\/\/x.com\/prodoctorsoft","https:\/\/www.instagram.com\/prodoctorsoftware\/","https:\/\/www.linkedin.com\/company\/prodoctor-software-ltda","https:\/\/www.youtube.com\/channel\/UCIWuDLsVtIpX-PEqQn1pNlw"]},{"@type":"Person","@id":"https:\/\/prodoctor.net\/blog\/#\/schema\/person\/8878914b17cd360e7ec0ddee1ed8c544","name":"ProDoctor Software","image":{"@type":"ImageObject","inLanguage":"pt-BR","@id":"https:\/\/prodoctor.net\/blog\/#\/schema\/person\/image\/","url":"https:\/\/secure.gravatar.com\/avatar\/a67bdb10f2e6695f7ae356a84deeaf10b545567f0ac054e9bfe8ec56e86317ec?s=96&d=mm&r=g","contentUrl":"https:\/\/secure.gravatar.com\/avatar\/a67bdb10f2e6695f7ae356a84deeaf10b545567f0ac054e9bfe8ec56e86317ec?s=96&d=mm&r=g","caption":"ProDoctor Software"},"sameAs":["http:\/\/prodoctor.net","https:\/\/x.com\/prodoctorsoft"]}]}},"taxonomy_info":{"category":[{"value":412,"label":"Gest\u00e3o de Cl\u00ednicas e Consult\u00f3rios"},{"value":413,"label":"Medicina e Sa\u00fade"}],"post_tag":[{"value":1212,"label":"gest\u00e3o cl\u00ednica"},{"value":1118,"label":"legisla\u00e7\u00e3o m\u00e9dica"},{"value":1117,"label":"lei do ato m\u00e9dico"},{"value":207,"label":"medicina"},{"value":406,"label":"Seguran\u00e7a"}]},"featured_image_src_large":["https:\/\/prodoctor.net\/blog\/wp-content\/uploads\/2023\/05\/lei-do-ato-medico-min.jpg",770,400,false],"author_info":{"display_name":"ProDoctor Software","author_link":"https:\/\/prodoctor.net\/blog\/author\/redesocialprodoctor-net\/"},"comment_info":0,"category_info":[{"term_id":412,"name":"Gest\u00e3o de Cl\u00ednicas e Consult\u00f3rios","slug":"gestao-de-clinicas-e-consultorios","term_group":0,"term_taxonomy_id":412,"taxonomy":"category","description":"","parent":0,"count":293,"filter":"raw","cat_ID":412,"category_count":293,"category_description":"","cat_name":"Gest\u00e3o de Cl\u00ednicas e Consult\u00f3rios","category_nicename":"gestao-de-clinicas-e-consultorios","category_parent":0},{"term_id":413,"name":"Medicina e Sa\u00fade","slug":"medicina-e-saude","term_group":0,"term_taxonomy_id":413,"taxonomy":"category","description":"","parent":0,"count":148,"filter":"raw","cat_ID":413,"category_count":148,"category_description":"","cat_name":"Medicina e Sa\u00fade","category_nicename":"medicina-e-saude","category_parent":0}],"tag_info":[{"term_id":1212,"name":"gest\u00e3o cl\u00ednica","slug":"gestao-clinica","term_group":0,"term_taxonomy_id":1212,"taxonomy":"post_tag","description":"","parent":0,"count":1,"filter":"raw"},{"term_id":1118,"name":"legisla\u00e7\u00e3o m\u00e9dica","slug":"legislacao-medica","term_group":0,"term_taxonomy_id":1118,"taxonomy":"post_tag","description":"","parent":0,"count":1,"filter":"raw"},{"term_id":1117,"name":"lei do ato m\u00e9dico","slug":"lei-do-ato-medico","term_group":0,"term_taxonomy_id":1117,"taxonomy":"post_tag","description":"","parent":0,"count":1,"filter":"raw"},{"term_id":207,"name":"medicina","slug":"medicina","term_group":0,"term_taxonomy_id":210,"taxonomy":"post_tag","description":"","parent":0,"count":6,"filter":"raw"},{"term_id":406,"name":"Seguran\u00e7a","slug":"seguranca","term_group":0,"term_taxonomy_id":7,"taxonomy":"post_tag","description":"","parent":0,"count":8,"filter":"raw"}],"_links":{"self":[{"href":"https:\/\/prodoctor.net\/blog\/wp-json\/wp\/v2\/posts\/26002","targetHints":{"allow":["GET"]}}],"collection":[{"href":"https:\/\/prodoctor.net\/blog\/wp-json\/wp\/v2\/posts"}],"about":[{"href":"https:\/\/prodoctor.net\/blog\/wp-json\/wp\/v2\/types\/post"}],"author":[{"embeddable":true,"href":"https:\/\/prodoctor.net\/blog\/wp-json\/wp\/v2\/users\/1"}],"replies":[{"embeddable":true,"href":"https:\/\/prodoctor.net\/blog\/wp-json\/wp\/v2\/comments?post=26002"}],"version-history":[{"count":29,"href":"https:\/\/prodoctor.net\/blog\/wp-json\/wp\/v2\/posts\/26002\/revisions"}],"predecessor-version":[{"id":31850,"href":"https:\/\/prodoctor.net\/blog\/wp-json\/wp\/v2\/posts\/26002\/revisions\/31850"}],"wp:featuredmedia":[{"embeddable":true,"href":"https:\/\/prodoctor.net\/blog\/wp-json\/wp\/v2\/media\/26021"}],"wp:attachment":[{"href":"https:\/\/prodoctor.net\/blog\/wp-json\/wp\/v2\/media?parent=26002"}],"wp:term":[{"taxonomy":"category","embeddable":true,"href":"https:\/\/prodoctor.net\/blog\/wp-json\/wp\/v2\/categories?post=26002"},{"taxonomy":"post_tag","embeddable":true,"href":"https:\/\/prodoctor.net\/blog\/wp-json\/wp\/v2\/tags?post=26002"}],"curies":[{"name":"wp","href":"https:\/\/api.w.org\/{rel}","templated":true}]}}