{"id":25688,"date":"2023-04-17T15:00:00","date_gmt":"2023-04-17T18:00:00","guid":{"rendered":"https:\/\/prodoctor.net\/blog\/?p=25688"},"modified":"2023-04-25T11:36:38","modified_gmt":"2023-04-25T14:36:38","slug":"como-melhorar-a-comunicacao-interna-na-clinica","status":"publish","type":"post","link":"https:\/\/prodoctor.net\/blog\/como-melhorar-a-comunicacao-interna-na-clinica\/","title":{"rendered":"Como melhorar a comunica\u00e7\u00e3o interna na cl\u00ednica"},"content":{"rendered":"\n<p>Como <strong>melhorar a comunica\u00e7\u00e3o interna na cl\u00ednica<\/strong>? A quest\u00e3o \u00e9 um desafio permanente para os gestores, que t\u00eam como objetivo criar um ambiente de relacionamento sem ru\u00eddos, com o intuito de dar aos pacientes o melhor atendimento.&nbsp;Nesse sentido, \u00e9 fundamental que cada colaborador, em todos os setores, esteja plenamente consciente da import\u00e2ncia da comunica\u00e7\u00e3o em todo o processo. Dessa maneira, evitam-se poss\u00edveis falhas e mal-entendidos que poderiam interromper a agilidade do trabalho em qualquer dos setores.<\/p>\n<p>Ciente de suas responsabilidades, cada colaborador, devidamente capacitado, poder\u00e1 desenvolver o melhor de si dentro de um ambiente sem problemas na comunica\u00e7\u00e3o. Com isso, ganha-se tempo e agilidade, permitindo aprimorar cada vez mais o padr\u00e3o de qualidade desejado no atendimento.&nbsp;Como resultado, o paciente estar\u00e1 satisfeito e, quando precisar, com toda certeza retornar\u00e1 \u00e0 sua cl\u00ednica. Al\u00e9m de ser uma caixa de resson\u00e2ncia espont\u00e2nea a favor da imagem de seu estabelecimento.<\/p>\n\n\n\n<p id=\"a\"><\/p>\n\n\n\n<p>Neste post, a <a href=\"https:\/\/prodoctor.net\/\" target=\"_blank\" rel=\"noreferrer noopener\"><strong>ProDoctor<\/strong><\/a> traz para voc\u00ea a palavra e a experi\u00eancia de profissionais que est\u00e3o atentos para a import\u00e2ncia de se melhorar a comunica\u00e7\u00e3o interna. Confira nos itens a seguir:<\/p>\n\n\n\n<ul class=\"wp-block-list\">\n<li><a href=\"#a\">O que \u00e9 e qual o objetivo da comunica\u00e7\u00e3o interna?<\/a>\n<ul class=\"wp-block-list\">\n<li>Import\u00e2ncia da comunica\u00e7\u00e3o interna na cl\u00ednica<\/li>\n<\/ul>\n<\/li>\n\n\n\n<li><a href=\"#b\">Como melhorar a comunica\u00e7\u00e3o interna na cl\u00ednica<\/a><\/li>\n\n\n\n<li><a href=\"#c\">Comunica\u00e7\u00e3o verbal na cl\u00ednica<\/a><\/li>\n\n\n\n<li><a href=\"#d\">Import\u00e2ncia da empatia na comunica\u00e7\u00e3o interna na cl\u00ednica<\/a><\/li>\n\n\n\n<li><a href=\"#e\">Vale a pena investir em comunica\u00e7\u00e3o interna na cl\u00ednica?<\/a>\n<ul class=\"wp-block-list\">\n<li>A melhor estrat\u00e9gia para a comunica\u00e7\u00e3o interna na cl\u00ednica<\/li>\n<\/ul>\n<\/li>\n\n\n\n<li><a href=\"#f\">Import\u00e2ncia de um comunicador interno na cl\u00ednica<\/a><\/li>\n\n\n\n<li><a href=\"#g\">Consequ\u00eancias negativas da falta de comunica\u00e7\u00e3o interna na cl\u00ednica<\/a>\n<ul class=\"wp-block-list\">\n<li>Comunicador interno da ProDoctor melhora comunica\u00e7\u00e3o interna na cl\u00ednica<\/li>\n<\/ul>\n<\/li>\n<\/ul>\n\n\n\n<h2 class=\"wp-block-heading\">O que \u00e9 e qual o objetivo da comunica\u00e7\u00e3o interna?<\/h2>\n\n\n\n<p>Uma boa <a style=\"pointer-events: none;\" href=\"https:\/\/prodoctor.net\/blog\/como-melhorar-a-comunicacao-medica-atraves-da-tecnologia\/\" target=\"_blank\" rel=\"noopener\">comunica\u00e7\u00e3o<\/a> interna \u00e9 fundamental para o bom desempenho das tarefas di\u00e1rias em qualquer empresa. No setor de Sa\u00fade, torna-se ainda mais relevante, uma vez que \u00e9 preciso dar aos pacientes conforto e um atendimento de qualidade desde o primeiro contato.<\/p>\n<p>A comunica\u00e7\u00e3o interna precisa de um ajuste fino nas rela\u00e7\u00f5es entre os colaboradores e em todos os setores. Deve refletir o alinhamento de um discurso baseado na educa\u00e7\u00e3o, na corre\u00e7\u00e3o e na efic\u00e1cia.<\/p>\n<p>Para isso, toda a <a style=\"pointer-events: none;\" href=\"https:\/\/prodoctor.net\/blog\/treinar-a-equipe-e-fundamental\/\" target=\"_blank\" rel=\"noopener\"><strong>equipe deve estar muito bem treinada e alinhada<\/strong><\/a> com o discurso e os objetivos da cl\u00ednica.<\/p>\n\n\n\n<h3 class=\"wp-block-heading\">A import\u00e2ncia da comunica\u00e7\u00e3o interna na cl\u00ednica<\/h3>\n\n\n\n<p><strong>Gerente de Marketing e Vendas da<\/strong> <strong>ProDoctor Software<\/strong>, <strong>Caroline Tafuri<\/strong> afirma que &#8220;a comunica\u00e7\u00e3o \u00e9 a base das rela\u00e7\u00f5es entre as pessoas, com capacidade de influenciar aspectos n\u00e3o s\u00f3 pessoais, bem como profissionais&#8221;.<\/p>\n<p>Assim, \u00e9 taxativa ao abordar sua import\u00e2ncia no setor de Sa\u00fade:<\/p>\n<p>&#8220;Quando falamos de forma mais ampla na Sa\u00fade, a primeira coisa a se considerar \u00e9 disseminar informa\u00e7\u00f5es de maneira embasada e por meio de fontes confi\u00e1veis a respeito da preven\u00e7\u00e3o e tratamento de doen\u00e7as, al\u00e9m da busca por mais qualidade de vida&#8221;.<\/p>\n<p>E enfatiza: &#8220;Tendo em vista que vivemos um enorme desafio relacionado \u00e0 desinforma\u00e7\u00e3o, nunca foi t\u00e3o importante&#8221;.&nbsp;<\/p>\n<p>Entretanto, esse processo precisa ser realizado de maneira eficiente e sem distor\u00e7\u00f5es, com todos os setores&nbsp; da cl\u00ednica funcionando em harmonia.<\/p>\n<p>Desse modo, <strong>Caroline Tafuri<\/strong> destaca que &#8220;n\u00e3o estamos falando apenas da <a style=\"pointer-events: none;\" href=\"https:\/\/prodoctor.net\/blog\/como-melhorar-a-comunicacao-medica-atraves-da-tecnologia\/\" target=\"_blank\" rel=\"noopener\"><strong>rela\u00e7\u00e3o m\u00e9dico-paciente<\/strong><\/a>, como tamb\u00e9m da comunica\u00e7\u00e3o entre os profissionais, inclusive secret\u00e1rias, faturistas, administradores, pessoal da Tecnologia da Informa\u00e7\u00e3o e demais colaboradores&#8221;.<\/p>\n<p>E exemplifica: &#8220;Imagine que, durante uma consulta, um m\u00e9dico explique a condi\u00e7\u00e3o de sa\u00fade de seu paciente usando termos muito t\u00e9cnicos para falar com ele. Os termos n\u00e3o acess\u00edveis prejudicam o entendimento e podem causar problemas inclusive no tratamento deste paciente&#8221;.<\/p>\n\n\n\n<h3 class=\"wp-block-heading\"><strong>Impacto positivo<\/strong><\/h3>\n\n\n\n<p>Da mesma forma, ela lembra que o mesmo acontece em ambientes como hospitais e cl\u00ednicas m\u00e9dicas. Se o time de Tecnologia da Informa\u00e7\u00e3o faz alguma mudan\u00e7a no sistema que a cl\u00ednica usa sem que todos os envolvidos estejam cientes e treinados, pode resultar em um grande caos e ter impacto direto nos neg\u00f3cios e na vida das pessoas&#8221;.<\/p>\n\n\n\n<p id=\"b\"><\/p>\n\n\n\n<p>Embora n\u00e3o envolva assuntos de import\u00e2ncia estrat\u00e9gica, <strong>Caroline Tafuri<\/strong> ressalta que &#8220;a comunica\u00e7\u00e3o di\u00e1ria tamb\u00e9m impacta diretamente o bom funcionamento de um servi\u00e7o no setor de Sa\u00fade, influenciando a rotina das pessoas, a efici\u00eancia de uma equipe e at\u00e9 o bom relacionamento entre os profissionais&#8221;.<\/p>\n\n\n\n<h2 class=\"wp-block-heading\">Ent\u00e3o, como melhorar a comunica\u00e7\u00e3o interna na cl\u00ednica?<\/h2>\n\n\n\n<figure class=\"wp-block-image size-full\"><img decoding=\"async\" width=\"770\" height=\"250\" src=\"https:\/\/prodoctor.net\/blog\/wp-content\/uploads\/2023\/04\/comunicacao-interna.jpg\" alt=\"duas profissionais da sa\u00fade conversam atrav\u00e9s de uma videochamada para melhorar a comunica\u00e7\u00e3o interna na cl\u00ednica\" class=\"wp-image-25763\" srcset=\"https:\/\/prodoctor.net\/blog\/wp-content\/uploads\/2023\/04\/comunicacao-interna.jpg 770w, https:\/\/prodoctor.net\/blog\/wp-content\/uploads\/2023\/04\/comunicacao-interna-300x97.jpg 300w, https:\/\/prodoctor.net\/blog\/wp-content\/uploads\/2023\/04\/comunicacao-interna-768x249.jpg 768w\" sizes=\"(max-width: 770px) 100vw, 770px\" \/><\/figure>\n\n\n\n<p>A miss\u00e3o rotineira dos gestores \u00e9 responder ao desafio di\u00e1rio de como melhorar a comunica\u00e7\u00e3o interna cl\u00ednica.<\/p>\n<p>Para <strong>Caroline Tafuri<\/strong>, essa comunica\u00e7\u00e3o interna \u00e9 indispens\u00e1vel para seu bom funcionamento, sendo fundamental que todos os colaboradores estejam cientes e dispostos a trabalhar nesse sentido.<\/p>\n<p>Com sua experi\u00eancia profissional, ensina que &#8220;a comunica\u00e7\u00e3o precisa fluir de ponta a ponta, garantindo que as pessoas tenham acesso \u00e0quelas informa\u00e7\u00f5es que lhes compete, com o n\u00edvel de detalhe que cabe a cada um em cada situa\u00e7\u00e3o&#8221;.<\/p>\n<p>O segundo passo, conforme explica, &#8220;\u00e9 planejar o que deve ser feito em cada situa\u00e7\u00e3o, para que haja fluxos de comunica\u00e7\u00e3o claros e transparentes a serem seguidos&#8221;.<\/p>\n<p>Al\u00e9m disso, a <strong>Gerente de Marketing e Vendas da<\/strong> <strong>ProDoctor Software <\/strong>aponta os alinhamentos como outro ponto importante no processo, a fim de que &#8220;todos os colaboradores da cl\u00ednica estejam na mesma p\u00e1gina&#8221;.<\/p>\n\n\n\n<h3 class=\"wp-block-heading\"><strong>Reuni\u00f5es peri\u00f3dicas<\/strong><\/h3>\n\n\n\n<p><strong>Caroline Tafuri<\/strong> recomenda que sejam realizadas reuni\u00f5es peri\u00f3dicas com o intuito de &#8220;discutir assuntos em mais alto n\u00edvel&#8221;.<\/p>\n\n\n\n<p>Entretanto, enfatiza que &#8220;a comunica\u00e7\u00e3o de rotina \u00e9 que deve ser mantida de maneira eficiente, para que as coisas mais t\u00e1ticas estejam cobertas&#8221;.<\/p>\n\n\n\n<p>Ela exemplifica: &#8220;Se um fornecedor de medicamentos que a cl\u00ednica usa vai atrasar a entrega, \u00e9 preciso seguir um fluxo pr\u00e9-definido de quem deve ser avisado sobre isso e em que prazo. Portanto, se o setor de compras ou administrativo recebe essa informa\u00e7\u00e3o, \u00e9 preciso dissemin\u00e1-la para n\u00e3o pegar ningu\u00e9m de surpresa e, consequentemente, afetar o n\u00edvel de servi\u00e7o da cl\u00ednica&#8221;.<\/p>\n\n\n\n<p id=\"c\"><\/p>\n\n\n\n<p>Dessa maneira, aponta o caminho das pedras, com a cria\u00e7\u00e3o de &#8220;canais de comunica\u00e7\u00e3o espec\u00edficos para os processos internos da cl\u00ednica. Al\u00e9m de elevar o engajamento de todos, \u00e9 poss\u00edvel garantir que a informa\u00e7\u00e3o flua, desde que de maneira organizada e com formaliza\u00e7\u00f5es, quando necess\u00e1rio&#8221;.<\/p>\n\n\n\n<p>|Leia tamb\u00e9m: <a href=\"https:\/\/prodoctor.net\/blog\/prontuario-medico-digital-do-paciente\/\" target=\"_blank\" rel=\"noreferrer noopener\">As vantagens do Prontu\u00e1rio Eletr\u00f4nico do Paciente<\/a><\/p>\n\n\n\n<h2 class=\"wp-block-heading\">Comunica\u00e7\u00e3o verbal na cl\u00ednica<\/h2>\n\n\n\n<p>Para a <strong>Gerente de Marketing e Vendas da<\/strong> <strong>ProDoctor Software<\/strong>, \u00e9 imprescind\u00edvel que o relacionamento pessoal na cl\u00ednica seja regido por uma &#8220;boa comunica\u00e7\u00e3o interna&#8221;.<\/p>\n<p>Dessa forma, os colaboradores estar\u00e3o capacitados e prontos para desenvolver suas tarefas da melhor maneira poss\u00edvel, dentro de suas respectivas responsabilidades, a fim de que&nbsp; a cl\u00ednica ofere\u00e7a servi\u00e7os de qualidade aos pacientes.<\/p>\n<p>Al\u00e9m disso, <strong>Caroline Tafuri<\/strong> ressalta que isso proporciona um &#8220;ambiente mais agrad\u00e1vel e produtivo para os colaboradores da cl\u00ednica, garantindo que a comunica\u00e7\u00e3o possa, inclusive, impulsionar os resultados ao promover uma experi\u00eancia de atendimento ao cliente de maior qualidade&#8221;.<\/p>\n\n\n\n<p id=\"d\"><\/p>\n\n\n\n<p>Segundo ela, o processo de comunica\u00e7\u00e3o verbal deve ter a humaniza\u00e7\u00e3o como tra\u00e7o marcante: &#8220;Isso envolve a busca pela objetividade, para n\u00e3o causar mal-entendido, e de empatia, para que essa intera\u00e7\u00e3o n\u00e3o seja fria. Objetividade n\u00e3o \u00e9 sin\u00f4nimo de distanciamento. Quanto mais buscamos entender o outro e organizar as ideias antes de express\u00e1-las, com n\u00edvel de consci\u00eancia do objetivo de sua fala, maiores as chances de sucesso&#8221;.<\/p>\n\n\n\n<h2 class=\"wp-block-heading\">A import\u00e2ncia da empatia na comunica\u00e7\u00e3o interna na cl\u00ednica<\/h2>\n\n\n\n<p>A <strong>empatia<\/strong> \u00e9 um fator de grande relev\u00e2ncia para levar adiante as ideias de como melhorar a comunica\u00e7\u00e3o interna na cl\u00ednica.<\/p>\n<p>Da\u00ed a import\u00e2ncia de voc\u00ea poder contar com o apoio, se acaso houver necessidade,&nbsp; do pessoal de <strong>Recursos Humanos<\/strong> e da \u00e1rea de <strong>Psicologia<\/strong>.<\/p>\n<p>O <strong>psic\u00f3logo e psicoterapeuta americano<\/strong> <a style=\"pointer-events: none;\" href=\"https:\/\/encontroacp.com.br\/rogers\/\" target=\"_blank\" rel=\"noopener\"><strong>Carl Rogers<\/strong><\/a> notabilizou-se por desenvolver a <strong>Psicologia Humanista<\/strong>, com <a style=\"pointer-events: none;\" href=\"https:\/\/www.youtube.com\/watch?v=qb1-Z6iMxaQ\" target=\"_blank\" rel=\"noopener\"><strong>Abordagem Centrada na Pessoa<\/strong><\/a>.<\/p>\n<p>Seus ensinamentos influenciaram in\u00fameros pensadores, deixando li\u00e7\u00f5es sobre como enxergar e cativar o outro. Para ele, a empatia \u00e9 &#8220;penetrar no mundo perceptivo de outra pessoa e se sentir completamente em casa ali&#8221;.<\/p>\n<p>Dessa maneira, argumenta que \u00e9 preciso ter uma sensibilidade agu\u00e7ada a todo momento, com o intuito de &#8220;perceber as constantes mudan\u00e7as internas desta pessoa &#8230; do medo, a raiva, fragilidade, confus\u00e3o, ou qualquer outro sentimento que ela esteja experimentando naquele momento&#8221;.<\/p>\n<p>\u00c9 preciso estar despido de preconceitos para entrar no mundo do outro.<\/p>\n<p><strong>Carl Rogers ensina:<\/strong><\/p>\n\n\n\n<p id=\"e\"><\/p>\n\n\n\n<figure class=\"wp-block-pullquote\"><blockquote><p>&#8220;Consiste em constantemente conferir com esta pessoa se a sua percep\u00e7\u00e3o est\u00e1 sendo correta e se guiar por suas respostas \u2026 E ao ser guiado por essas respostas, voc\u00ea se torna um companheiro confi\u00e1vel a partir de dentro de seu pr\u00f3prio mundo por apontar-lhe poss\u00edveis significados latentes em seu fluxo de experi\u00eancias \u2026 Desta forma, voc\u00ea o ajuda a permanecer focado nestes referenciais internos que o permitir\u00e3o ter uma percep\u00e7\u00e3o pessoal mais completa para atravessar aquela experi\u00eancia&#8221;.<\/p><\/blockquote><\/figure>\n\n\n\n<h2 class=\"wp-block-heading\">Vale a pena investir em comunica\u00e7\u00e3o interna na cl\u00ednica?<\/h2>\n\n\n\n<p>Conforme ficou evidenciado acima, o papel da comunica\u00e7\u00e3o interna \u00e9 fundamental para a intera\u00e7\u00e3o e o entrosamento dos colaboradores de uma cl\u00ednica.<\/p>\n<p>O fluxo da informa\u00e7\u00e3o n\u00e3o deve ter ru\u00eddos e mal-entendidos, que podem provocar interrup\u00e7\u00f5es nas tarefas di\u00e1rias, comprometendo a qualidade do atendimento.<\/p>\n<p>Portanto, sim! Vale a pena investir em comunica\u00e7\u00e3o interna na cl\u00ednica.<\/p>\n<p>Nesse sentido, \u00e9 imprescind\u00edvel existir um plano de comunica\u00e7\u00e3o, implementado ap\u00f3s ouvir os anseios, as cr\u00edticas e as sugest\u00f5es de cada setor do estabelecimento.<\/p>\n<h3><strong>M\u00e3os \u00e0 obra!<\/strong><\/h3>\n<p>Primeiramente, \u00e9 preciso ouvir todos os funcion\u00e1rios, atuando junto com&nbsp; o n\u00facleo de Recursos Humanos (e o de Psicologia, se acaso sua cl\u00ednica tiver).<\/p>\n<p>Voc\u00ea pode, por exemplo, recolher as opini\u00f5es atrav\u00e9s de uma pesquisa formal, sem a obrigatoriedade das pessoas se identificar.<\/p>\n<p>Por outro lado, caso queira ganhar tempo, selecione um representante de cada setor para iniciar um processo informal.<\/p>\n<p>Com eles, sempre atrav\u00e9s de um di\u00e1logo aberto e franco, ter\u00e1 condi\u00e7\u00f5es de saber o que \u00e9 preciso fazer para melhorar a comunica\u00e7\u00e3o interna da cl\u00ednica.<\/p>\n<p>Mas, lembre-se sempre: a melhor diretriz \u00e9 a conversa. Descarte, pois, quaisquer imposi\u00e7\u00f5es de cima para baixo e\/ou penaliza\u00e7\u00f5es.<\/p>\n<p>Desse modo, os colaboradores se sentir\u00e3o prestigiados, percebendo que a empresa considera suas opini\u00f5es importantes.<\/p>\n\n\n\n<h3 class=\"wp-block-heading\">A melhor estrat\u00e9gia para a comunica\u00e7\u00e3o interna na cl\u00ednica<\/h3>\n\n\n\n<p>Em seguida, \u00e9 preciso elaborar a melhor estrat\u00e9gia e estudar os melhores canais para desenvolv\u00ea-la.<\/p>\n<p>Antes de qualquer coisa, \u00e9 necess\u00e1rio ter bem consolidado quais s\u00e3o os objetivos a serem alcan\u00e7ados. Ent\u00e3o, o passo seguinte \u00e9 fazer a escolha correta.<\/p>\n<p>Afinal, as op\u00e7\u00f5es de plataforma para escrever, falar e ouvir os colaboradores s\u00e3o in\u00fameras.<\/p>\n<p>Assim, a escolha deve recair sobre os canais de comunica\u00e7\u00e3o mais eficazes e que te proporcionem uma resposta r\u00e1pida.<\/p>\n<p>Dentre elas, voc\u00ea pode escolher, por exemplo: newsletter, <strong><a style=\"pointer-events: none;\" href=\"https:\/\/prodoctor.net\/blog\/tudo-o-que-voce-precisa-saber-antes-de-enviar-um-email\/\" target=\"_blank\" rel=\"noopener\">E-mail<\/a>,<\/strong> E-mail marketing, comunicados importantes do RH, mensagens via <strong>SMS e\/ou WhatsApp<\/strong>.<\/p>\n<p>Tamb\u00e9m \u00e9 importante atentar para as diferen\u00e7as existentes entre&nbsp; a comunica\u00e7\u00e3o verbal e a comunica\u00e7\u00e3o escrita.&nbsp;Em ambas devem prevalecer a sinceridade e a educa\u00e7\u00e3o.<\/p>\n<p>Todavia, na comunica\u00e7\u00e3o verbal, uma frase dita &#8220;olhos nos olhos&#8221; pode soar bem diferente da escrita, que pode gerar d\u00favidas e desconfian\u00e7as.<\/p>\n<p>Assim, \u00e9 preciso bastante tato e cuidado com os termos, a fim de n\u00e3o deixar que as palavras pare\u00e7am grosseiras, agressivas e ofensivas.<\/p>\n<p>As m\u00eddias sociais est\u00e3o recheadas de exemplos devido aos coment\u00e1rios escritos sem o devido cuidado.<\/p>\n<h3><strong>Poder da empatia<\/strong><\/h3>\n<p>Para conquistar o outro, trazer para o seu time o colega do lado, \u00e9 preciso ter empatia. \u00c9 o passo inicial para que o colaborador entenda a filosofia e os objetivos da cl\u00ednica.<\/p>\n<p>Desse modo, estar\u00e1 pronto para se engajar nas fileiras da estrat\u00e9gia desenhada para o bom andamento do trabalho di\u00e1rio. Em nome n\u00e3o s\u00f3 da satisfa\u00e7\u00e3o do paciente, mas tamb\u00e9m da imagem e do desenvolvimento da cl\u00ednica.<\/p>\n<p>Com toda a certeza, voc\u00ea ver\u00e1 que sim, vale a pena investir em comunica\u00e7\u00e3o interna na cl\u00ednica.<\/p>\n<p>Com o engajamento da equipe, a <a style=\"pointer-events: none;\" href=\"https:\/\/prodoctor.net\/blog\/como-fazer-a-gestao-do-tempo-e-aumentar-a-produtividade-na-clinica-e-no-consultorio\/\" target=\"_blank\" rel=\"noopener\"><strong>produtividade<\/strong><\/a> dos funcion\u00e1rios crescer\u00e1, uma vez que todos estar\u00e3o trabalhando pelo desenvolvimento do estabelecimento.<\/p>\n\n\n\n<p id=\"f\"><\/p>\n\n\n\n<p>Devidamente conscientes de suas responsabilidades e motivados pelo bom clima de trabalho, a <a href=\"https:\/\/prodoctor.net\/blog\/como-melhorar-a-sua-produtividade-no-trabalho\/\" target=\"_blank\" rel=\"noreferrer noopener\"><strong>produtividade<\/strong> t<\/a>ende a ser cada vez maior.<\/p>\n\n\n\n<p>Veja tamb\u00e9m como os <a href=\"https:\/\/prodoctor.net\/blog\/indicadores-kpi-para-clinicas-e-consultorios\/\" target=\"_blank\" rel=\"noreferrer noopener\"><strong>Indicadores KPI<\/strong><\/a> s\u00e3o fundamentais para analisar os resultados das estrat\u00e9gias, guiando os rumos de uma empresa que pretende se consolidar e crescer no setor de Sa\u00fade.<\/p>\n\n\n\n<h2 class=\"wp-block-heading\">Import\u00e2ncia de um comunicador interno na cl\u00ednica<\/h2>\n\n\n\n<figure class=\"wp-block-image size-full\"><img decoding=\"async\" width=\"770\" height=\"250\" src=\"https:\/\/prodoctor.net\/blog\/wp-content\/uploads\/2023\/04\/Novo-Projeto.jpg\" alt=\"foco nas m\u00e3os de uma m\u00e9dica tocando um tablet - ferramenta para melhorar comunica\u00e7\u00e3o interna na cl\u00ednica\" class=\"wp-image-25765\" srcset=\"https:\/\/prodoctor.net\/blog\/wp-content\/uploads\/2023\/04\/Novo-Projeto.jpg 770w, https:\/\/prodoctor.net\/blog\/wp-content\/uploads\/2023\/04\/Novo-Projeto-300x97.jpg 300w, https:\/\/prodoctor.net\/blog\/wp-content\/uploads\/2023\/04\/Novo-Projeto-768x249.jpg 768w\" sizes=\"(max-width: 770px) 100vw, 770px\" \/><\/figure>\n\n\n\n<p><strong>Gerente de Opera\u00e7\u00f5es da ProDoctor Sofftware<\/strong>, <strong>Ricardo Oliveira<\/strong> afirma que &#8220;a comunica\u00e7\u00e3o interna \u00e9 uma parte essencial de qualquer cl\u00ednica, e investir em ferramentas como o <strong><a style=\"pointer-events: none;\" href=\"https:\/\/prodoctor.net\/blog\/como-utilizar-o-comunicador-interno\/\" target=\"_blank\" rel=\"noopener\">comunicador interno<\/a> do ProDoctor<\/strong> pode trazer grandes benef\u00edcios para a gest\u00e3o e o atendimento aos pacientes&#8221;.<\/p>\n<p>Segundo ele, &#8220;o <strong>comunicador interno<\/strong> \u00e9 <strong>um diferencial do ProDoctor<\/strong> e aliado da <a style=\"pointer-events: none;\" href=\"https:\/\/prodoctor.net\/blog\/gestao-multiplas-unidades\/\" target=\"_blank\" rel=\"noopener\">gest\u00e3o<\/a> neste sentido, j\u00e1 que permite uma comunica\u00e7\u00e3o mais r\u00e1pida e eficiente entre os membros da equipe, al\u00e9m de reduzir a depend\u00eancia de telefone e mensagens de texto&#8221;.<\/p>\n<p>O funcionamento do comunicador interno, conforme destacou, \u00e9 bastante simples<\/p>\n<p>&#8220;Ele <strong>funciona<\/strong> tanto no <strong>desktop Windows e macOS<\/strong> quanto nos <strong>dispositivos m\u00f3veis (iOS e Android)<\/strong>, permitindo que a equipe se comunique de forma f\u00e1cil e r\u00e1pida em qualquer lugar e a qualquer momento&#8221;.<\/p>\n<p>Para <strong>Caroline Tafuri<\/strong>, &#8220;o comunicador interno, para assuntos de rotina da cl\u00ednica, que demandam agilidade, \u00e9 perfeito, pois evita o desgaste causado por processos burocr\u00e1ticos, aumenta a velocidade no fluxo de informa\u00e7\u00f5es e \u00e9 eficiente&#8221;.<\/p>\n<p>Al\u00e9m disso, enfatiza que se o comunicador interno estiver unificado ao sistema de gest\u00e3o que a cl\u00ednica utiliza, tudo fica ainda mais pr\u00e1tico e seguro, garantindo que as informa\u00e7\u00f5es n\u00e3o trafeguem pela web sem o devido controle. Dessa forma, o resultado \u00e9 mais agilidade nas tarefas do dia a dia e um ambiente mais produtivo&#8221;.<\/p>\n<h3><strong>Efic\u00e1cia e produtividade<\/strong><\/h3>\n<p>Para <strong>Ricardo Oliveira<\/strong>, a efic\u00e1cia da comunica\u00e7\u00e3o interna em uma cl\u00ednica traz in\u00fameros benef\u00edcios para a cl\u00ednica m\u00e9dica.<\/p>\n<p>Em termos de efici\u00eancia operacional, por exemplo, afirma que &#8220;a equipe pode trabalhar de forma mais coordenada e eficiente, o que pode levar a uma melhor produtividade e \u00e0 redu\u00e7\u00e3o de erros&#8221;.<\/p>\n<p>Al\u00e9m disso, destaca que &#8220;a comunica\u00e7\u00e3o eficaz tamb\u00e9m pode levar a um melhor atendimento ao paciente&#8221;.<\/p>\n<p>Segundo ele, todos os colaboradores &#8220;estar\u00e3o alinhados em rela\u00e7\u00e3o \u00e0s necessidades do paciente&#8221;. Dessa forma, poder\u00e3o prestar um servi\u00e7o de maior qualidade, &#8220;mais personalizado e satisfat\u00f3rio&#8221;.<\/p>\n\n\n\n<p id=\"g\"><\/p>\n\n\n\n<p>Por fim, acentua que &#8220;a comunica\u00e7\u00e3o clara e aberta entre os membros da equipe pode reduzir os conflitos internos e aumentar a colabora\u00e7\u00e3o e o trabalho em equipe&#8221;.<\/p>\n\n\n\n<p>|Saiba mais: <a href=\"https:\/\/mkt.prodoctor.net\/como-um-software-de-gestao-pode-aumentar-a-produtividade-de-clinicas-e-consultorios\" target=\"_blank\" rel=\"noreferrer noopener\">Como um software de gest\u00e3o pode ajudar no aumento da produtividade de cl\u00ednicas e consult\u00f3rios<\/a><\/p>\n\n\n\n<h3 class=\"wp-block-heading\">Comunicador interno da ProDoctor melhora comunica\u00e7\u00e3o interna na cl\u00ednica<\/h3>\n\n\n\n<p>H\u00e1 <strong>30 anos<\/strong> atuando no mercado da <strong>Sa\u00fade Digital<\/strong>, a <strong>ProDoctor Software<\/strong> tem sua experi\u00eancia sedimentada pelo trin\u00f4mio <strong>Inova\u00e7\u00e3o &#8211; Experi\u00eancia de Atendimento do Cliente &#8211; Construindo o Futuro<\/strong>.<\/p>\n<p>Sobre o <strong>comunicador interno<\/strong> da <strong>ProDoctor Software<\/strong>, <strong>Ricardo Oliveira<\/strong> diz que &#8220;\u00e9 fundamental destacar que ele \u00e9 uma ferramenta importante para a comunica\u00e7\u00e3o interna eficaz na cl\u00ednica m\u00e9dica&#8221;.<\/p>\n<p>Conforme ressalta, &#8220;ele permite que os membros da equipe se comuniquem de forma r\u00e1pida e eficiente, o que pode melhorar a coordena\u00e7\u00e3o e a colabora\u00e7\u00e3o entre os membros da equipe&#8221;.<\/p>\n<p>Al\u00e9m disso, enfatiza que &#8220;o uso do <strong>comunicador interno<\/strong> pode reduzir a depend\u00eancia de telefone, o que pode ajudar a manter as informa\u00e7\u00f5es da cl\u00ednica mais seguras e organizadas&#8221;.<\/p>\n\n\n\n<h2 class=\"wp-block-heading\"><strong>Consequ\u00eancias negativas da falta de comunica\u00e7\u00e3o interna<\/strong><\/h2>\n\n\n\n<p>Por outro lado, o <strong>Gerente de Opera\u00e7\u00f5es da ProDoctor Software<\/strong> aponta duas consequ\u00eancias negativas provocadas pela aus\u00eancia de uma comunica\u00e7\u00e3o interna eficaz.<\/p>\n\n\n\n<p>Primeiramente, <strong>Ricardo Oliveira<\/strong> afirma que &#8220;a falta de uma comunica\u00e7\u00e3o interna pode levar a um atendimento insatisfat\u00f3rio ao paciente&#8221;.<\/p>\n\n\n\n<p>Como resultado, a cl\u00ednica pode ser alvo de cr\u00edticas e reclama\u00e7\u00f5es ou at\u00e9 mesmo de perda de pacientes.<\/p>\n\n\n\n<p>O que pode ser determinante para manchar a imagem do estabelecimento em termos de presta\u00e7\u00e3o de servi\u00e7os.<\/p>\n\n\n\n<p>Al\u00e9m disso, ele alerta que tamb\u00e9m pode provocar atrasos na presta\u00e7\u00e3o de servi\u00e7os, prejudicando a efici\u00eancia e a produtividade da cl\u00ednica.<\/p>\n\n\n\n<h2 class=\"wp-block-heading\">Resumo<\/h2>\n\n\n\n<p>Agora, voc\u00ea tem em m\u00e3os bons argumentos e ideias que justificam e que ser\u00e3o bastante \u00fateis sobre como melhorar a comunica\u00e7\u00e3o interna na cl\u00ednica.<\/p>\n<p>Portanto, releia o texto com aten\u00e7\u00e3o e pontue os t\u00f3picos mais importantes. Com toda a certeza, as ideias aqui expressas mostrar\u00e3o que est\u00e1 no caminho certo.<\/p>\n","protected":false},"excerpt":{"rendered":"<p>Melhorar a comunica\u00e7\u00e3o interna na cl\u00ednica pode ser um desafio, mas vamos mostrar que isso \u00e9 totalmente poss\u00edvel para gestores e colaboradores.<\/p>\n","protected":false},"author":4,"featured_media":25757,"comment_status":"closed","ping_status":"closed","sticky":false,"template":"","format":"standard","meta":{"_kad_blocks_custom_css":"","_kad_blocks_head_custom_js":"","_kad_blocks_body_custom_js":"","_kad_blocks_footer_custom_js":"","_kadence_starter_templates_imported_post":false,"_kad_post_transparent":"","_kad_post_title":"","_kad_post_layout":"","_kad_post_sidebar_id":"","_kad_post_content_style":"","_kad_post_vertical_padding":"","_kad_post_feature":"","_kad_post_feature_position":"","_kad_post_header":false,"_kad_post_footer":false,"footnotes":""},"categories":[408,414],"tags":[],"class_list":["post-25688","post","type-post","status-publish","format-standard","has-post-thumbnail","hentry","category-aplicativos-para-medicos-e-pacientes","category-tecnologia-medicina"],"yoast_head":"<!-- This site is optimized with the Yoast SEO plugin v27.0 - https:\/\/yoast.com\/product\/yoast-seo-wordpress\/ -->\n<title>Como melhorar a comunica\u00e7\u00e3o interna na cl\u00ednica | Blog ProDoctor<\/title>\n<meta name=\"description\" content=\"Melhorar a comunica\u00e7\u00e3o interna na cl\u00ednica pode ser um, mas vamos mostrar que isso \u00e9 totalmente poss\u00edvel para gestores e colaboradores.\" \/>\n<meta name=\"robots\" content=\"index, follow, max-snippet:-1, max-image-preview:large, max-video-preview:-1\" \/>\n<link rel=\"canonical\" href=\"https:\/\/prodoctor.net\/blog\/como-melhorar-a-comunicacao-interna-na-clinica\/\" \/>\n<meta property=\"og:locale\" content=\"pt_BR\" \/>\n<meta property=\"og:type\" content=\"article\" \/>\n<meta property=\"og:title\" content=\"Como melhorar a comunica\u00e7\u00e3o interna na cl\u00ednica | Blog ProDoctor\" \/>\n<meta property=\"og:description\" content=\"Melhorar a comunica\u00e7\u00e3o interna na cl\u00ednica pode ser um, mas vamos mostrar que isso \u00e9 totalmente poss\u00edvel para gestores e colaboradores.\" \/>\n<meta property=\"og:url\" content=\"https:\/\/prodoctor.net\/blog\/como-melhorar-a-comunicacao-interna-na-clinica\/\" \/>\n<meta property=\"og:site_name\" content=\"Blog ProDoctor\" \/>\n<meta property=\"article:publisher\" content=\"https:\/\/www.facebook.com\/prodoctorsoftware\" \/>\n<meta property=\"article:published_time\" content=\"2023-04-17T18:00:00+00:00\" \/>\n<meta property=\"article:modified_time\" content=\"2023-04-25T14:36:38+00:00\" \/>\n<meta property=\"og:image\" content=\"https:\/\/prodoctor.net\/blog\/wp-content\/uploads\/2023\/04\/como-melhorar-a-comunicacao-interna-na-clinica-1.jpg\" \/>\n\t<meta property=\"og:image:width\" content=\"770\" \/>\n\t<meta property=\"og:image:height\" content=\"400\" \/>\n\t<meta property=\"og:image:type\" content=\"image\/jpeg\" \/>\n<meta name=\"author\" content=\"Geraldo Muanis\" \/>\n<meta name=\"twitter:card\" content=\"summary_large_image\" \/>\n<meta name=\"twitter:creator\" content=\"@prodoctorsoft\" \/>\n<meta name=\"twitter:site\" content=\"@prodoctorsoft\" \/>\n<meta name=\"twitter:label1\" content=\"Escrito por\" \/>\n\t<meta name=\"twitter:data1\" content=\"Geraldo Muanis\" \/>\n\t<meta name=\"twitter:label2\" content=\"Est. tempo de leitura\" \/>\n\t<meta name=\"twitter:data2\" content=\"15 minutos\" \/>\n<script type=\"application\/ld+json\" class=\"yoast-schema-graph\">{\"@context\":\"https:\/\/schema.org\",\"@graph\":[{\"@type\":\"Article\",\"@id\":\"https:\/\/prodoctor.net\/blog\/como-melhorar-a-comunicacao-interna-na-clinica\/#article\",\"isPartOf\":{\"@id\":\"https:\/\/prodoctor.net\/blog\/como-melhorar-a-comunicacao-interna-na-clinica\/\"},\"author\":{\"name\":\"Geraldo Muanis\",\"@id\":\"https:\/\/prodoctor.net\/blog\/#\/schema\/person\/fc6e8716a3a349001fce9d75ee422f84\"},\"headline\":\"Como melhorar a comunica\u00e7\u00e3o interna na cl\u00ednica\",\"datePublished\":\"2023-04-17T18:00:00+00:00\",\"dateModified\":\"2023-04-25T14:36:38+00:00\",\"mainEntityOfPage\":{\"@id\":\"https:\/\/prodoctor.net\/blog\/como-melhorar-a-comunicacao-interna-na-clinica\/\"},\"wordCount\":2910,\"publisher\":{\"@id\":\"https:\/\/prodoctor.net\/blog\/#organization\"},\"image\":{\"@id\":\"https:\/\/prodoctor.net\/blog\/como-melhorar-a-comunicacao-interna-na-clinica\/#primaryimage\"},\"thumbnailUrl\":\"https:\/\/prodoctor.net\/blog\/wp-content\/uploads\/2023\/04\/como-melhorar-a-comunicacao-interna-na-clinica-1.jpg\",\"articleSection\":[\"Aplicativos para m\u00e9dicos e pacientes\",\"Tecnologia na Medicina\"],\"inLanguage\":\"pt-BR\"},{\"@type\":\"WebPage\",\"@id\":\"https:\/\/prodoctor.net\/blog\/como-melhorar-a-comunicacao-interna-na-clinica\/\",\"url\":\"https:\/\/prodoctor.net\/blog\/como-melhorar-a-comunicacao-interna-na-clinica\/\",\"name\":\"Como melhorar a comunica\u00e7\u00e3o interna na cl\u00ednica | Blog ProDoctor\",\"isPartOf\":{\"@id\":\"https:\/\/prodoctor.net\/blog\/#website\"},\"primaryImageOfPage\":{\"@id\":\"https:\/\/prodoctor.net\/blog\/como-melhorar-a-comunicacao-interna-na-clinica\/#primaryimage\"},\"image\":{\"@id\":\"https:\/\/prodoctor.net\/blog\/como-melhorar-a-comunicacao-interna-na-clinica\/#primaryimage\"},\"thumbnailUrl\":\"https:\/\/prodoctor.net\/blog\/wp-content\/uploads\/2023\/04\/como-melhorar-a-comunicacao-interna-na-clinica-1.jpg\",\"datePublished\":\"2023-04-17T18:00:00+00:00\",\"dateModified\":\"2023-04-25T14:36:38+00:00\",\"description\":\"Melhorar a comunica\u00e7\u00e3o interna na cl\u00ednica pode ser um, mas vamos mostrar que isso \u00e9 totalmente poss\u00edvel para gestores e colaboradores.\",\"breadcrumb\":{\"@id\":\"https:\/\/prodoctor.net\/blog\/como-melhorar-a-comunicacao-interna-na-clinica\/#breadcrumb\"},\"inLanguage\":\"pt-BR\",\"potentialAction\":[{\"@type\":\"ReadAction\",\"target\":[\"https:\/\/prodoctor.net\/blog\/como-melhorar-a-comunicacao-interna-na-clinica\/\"]}]},{\"@type\":\"ImageObject\",\"inLanguage\":\"pt-BR\",\"@id\":\"https:\/\/prodoctor.net\/blog\/como-melhorar-a-comunicacao-interna-na-clinica\/#primaryimage\",\"url\":\"https:\/\/prodoctor.net\/blog\/wp-content\/uploads\/2023\/04\/como-melhorar-a-comunicacao-interna-na-clinica-1.jpg\",\"contentUrl\":\"https:\/\/prodoctor.net\/blog\/wp-content\/uploads\/2023\/04\/como-melhorar-a-comunicacao-interna-na-clinica-1.jpg\",\"width\":770,\"height\":400,\"caption\":\"equipe m\u00e9dica conversa entre si\"},{\"@type\":\"BreadcrumbList\",\"@id\":\"https:\/\/prodoctor.net\/blog\/como-melhorar-a-comunicacao-interna-na-clinica\/#breadcrumb\",\"itemListElement\":[{\"@type\":\"ListItem\",\"position\":1,\"name\":\"In\u00edcio\",\"item\":\"https:\/\/prodoctor.net\/blog\/\"},{\"@type\":\"ListItem\",\"position\":2,\"name\":\"Como melhorar a comunica\u00e7\u00e3o interna na cl\u00ednica\"}]},{\"@type\":\"WebSite\",\"@id\":\"https:\/\/prodoctor.net\/blog\/#website\",\"url\":\"https:\/\/prodoctor.net\/blog\/\",\"name\":\"Blog ProDoctor\",\"description\":\"Tudo sobre o mundo da Sa\u00fade\",\"publisher\":{\"@id\":\"https:\/\/prodoctor.net\/blog\/#organization\"},\"potentialAction\":[{\"@type\":\"SearchAction\",\"target\":{\"@type\":\"EntryPoint\",\"urlTemplate\":\"https:\/\/prodoctor.net\/blog\/?s={search_term_string}\"},\"query-input\":{\"@type\":\"PropertyValueSpecification\",\"valueRequired\":true,\"valueName\":\"search_term_string\"}}],\"inLanguage\":\"pt-BR\"},{\"@type\":\"Organization\",\"@id\":\"https:\/\/prodoctor.net\/blog\/#organization\",\"name\":\"ProDoctor Software S\/A\",\"url\":\"https:\/\/prodoctor.net\/blog\/\",\"logo\":{\"@type\":\"ImageObject\",\"inLanguage\":\"pt-BR\",\"@id\":\"https:\/\/prodoctor.net\/blog\/#\/schema\/logo\/image\/\",\"url\":\"https:\/\/prodoctor.net\/blog\/wp-content\/uploads\/2017\/01\/Logo_PDo_Lateral.png\",\"contentUrl\":\"https:\/\/prodoctor.net\/blog\/wp-content\/uploads\/2017\/01\/Logo_PDo_Lateral.png\",\"width\":2014,\"height\":485,\"caption\":\"ProDoctor Software S\/A\"},\"image\":{\"@id\":\"https:\/\/prodoctor.net\/blog\/#\/schema\/logo\/image\/\"},\"sameAs\":[\"https:\/\/www.facebook.com\/prodoctorsoftware\",\"https:\/\/x.com\/prodoctorsoft\",\"https:\/\/www.instagram.com\/prodoctorsoftware\/\",\"https:\/\/www.linkedin.com\/company\/prodoctor-software-ltda\",\"https:\/\/www.youtube.com\/channel\/UCIWuDLsVtIpX-PEqQn1pNlw\"]},{\"@type\":\"Person\",\"@id\":\"https:\/\/prodoctor.net\/blog\/#\/schema\/person\/fc6e8716a3a349001fce9d75ee422f84\",\"name\":\"Geraldo Muanis\",\"image\":{\"@type\":\"ImageObject\",\"inLanguage\":\"pt-BR\",\"@id\":\"https:\/\/prodoctor.net\/blog\/#\/schema\/person\/image\/\",\"url\":\"https:\/\/secure.gravatar.com\/avatar\/414f2d04debf4ae162891e2198886ea1648baa21156e532e777093184c6fec56?s=96&d=mm&r=g\",\"contentUrl\":\"https:\/\/secure.gravatar.com\/avatar\/414f2d04debf4ae162891e2198886ea1648baa21156e532e777093184c6fec56?s=96&d=mm&r=g\",\"caption\":\"Geraldo Muanis\"}}]}<\/script>\n<!-- \/ Yoast SEO plugin. -->","yoast_head_json":{"title":"Como melhorar a comunica\u00e7\u00e3o interna na cl\u00ednica | Blog ProDoctor","description":"Melhorar a comunica\u00e7\u00e3o interna na cl\u00ednica pode ser um, mas vamos mostrar que isso \u00e9 totalmente poss\u00edvel para gestores e colaboradores.","robots":{"index":"index","follow":"follow","max-snippet":"max-snippet:-1","max-image-preview":"max-image-preview:large","max-video-preview":"max-video-preview:-1"},"canonical":"https:\/\/prodoctor.net\/blog\/como-melhorar-a-comunicacao-interna-na-clinica\/","og_locale":"pt_BR","og_type":"article","og_title":"Como melhorar a comunica\u00e7\u00e3o interna na cl\u00ednica | Blog ProDoctor","og_description":"Melhorar a comunica\u00e7\u00e3o interna na cl\u00ednica pode ser um, mas vamos mostrar que isso \u00e9 totalmente poss\u00edvel para gestores e colaboradores.","og_url":"https:\/\/prodoctor.net\/blog\/como-melhorar-a-comunicacao-interna-na-clinica\/","og_site_name":"Blog ProDoctor","article_publisher":"https:\/\/www.facebook.com\/prodoctorsoftware","article_published_time":"2023-04-17T18:00:00+00:00","article_modified_time":"2023-04-25T14:36:38+00:00","og_image":[{"width":770,"height":400,"url":"https:\/\/prodoctor.net\/blog\/wp-content\/uploads\/2023\/04\/como-melhorar-a-comunicacao-interna-na-clinica-1.jpg","type":"image\/jpeg"}],"author":"Geraldo Muanis","twitter_card":"summary_large_image","twitter_creator":"@prodoctorsoft","twitter_site":"@prodoctorsoft","twitter_misc":{"Escrito por":"Geraldo Muanis","Est. tempo de leitura":"15 minutos"},"schema":{"@context":"https:\/\/schema.org","@graph":[{"@type":"Article","@id":"https:\/\/prodoctor.net\/blog\/como-melhorar-a-comunicacao-interna-na-clinica\/#article","isPartOf":{"@id":"https:\/\/prodoctor.net\/blog\/como-melhorar-a-comunicacao-interna-na-clinica\/"},"author":{"name":"Geraldo Muanis","@id":"https:\/\/prodoctor.net\/blog\/#\/schema\/person\/fc6e8716a3a349001fce9d75ee422f84"},"headline":"Como melhorar a comunica\u00e7\u00e3o interna na cl\u00ednica","datePublished":"2023-04-17T18:00:00+00:00","dateModified":"2023-04-25T14:36:38+00:00","mainEntityOfPage":{"@id":"https:\/\/prodoctor.net\/blog\/como-melhorar-a-comunicacao-interna-na-clinica\/"},"wordCount":2910,"publisher":{"@id":"https:\/\/prodoctor.net\/blog\/#organization"},"image":{"@id":"https:\/\/prodoctor.net\/blog\/como-melhorar-a-comunicacao-interna-na-clinica\/#primaryimage"},"thumbnailUrl":"https:\/\/prodoctor.net\/blog\/wp-content\/uploads\/2023\/04\/como-melhorar-a-comunicacao-interna-na-clinica-1.jpg","articleSection":["Aplicativos para m\u00e9dicos e pacientes","Tecnologia na Medicina"],"inLanguage":"pt-BR"},{"@type":"WebPage","@id":"https:\/\/prodoctor.net\/blog\/como-melhorar-a-comunicacao-interna-na-clinica\/","url":"https:\/\/prodoctor.net\/blog\/como-melhorar-a-comunicacao-interna-na-clinica\/","name":"Como melhorar a comunica\u00e7\u00e3o interna na cl\u00ednica | Blog ProDoctor","isPartOf":{"@id":"https:\/\/prodoctor.net\/blog\/#website"},"primaryImageOfPage":{"@id":"https:\/\/prodoctor.net\/blog\/como-melhorar-a-comunicacao-interna-na-clinica\/#primaryimage"},"image":{"@id":"https:\/\/prodoctor.net\/blog\/como-melhorar-a-comunicacao-interna-na-clinica\/#primaryimage"},"thumbnailUrl":"https:\/\/prodoctor.net\/blog\/wp-content\/uploads\/2023\/04\/como-melhorar-a-comunicacao-interna-na-clinica-1.jpg","datePublished":"2023-04-17T18:00:00+00:00","dateModified":"2023-04-25T14:36:38+00:00","description":"Melhorar a comunica\u00e7\u00e3o interna na cl\u00ednica pode ser um, mas vamos mostrar que isso \u00e9 totalmente poss\u00edvel para gestores e colaboradores.","breadcrumb":{"@id":"https:\/\/prodoctor.net\/blog\/como-melhorar-a-comunicacao-interna-na-clinica\/#breadcrumb"},"inLanguage":"pt-BR","potentialAction":[{"@type":"ReadAction","target":["https:\/\/prodoctor.net\/blog\/como-melhorar-a-comunicacao-interna-na-clinica\/"]}]},{"@type":"ImageObject","inLanguage":"pt-BR","@id":"https:\/\/prodoctor.net\/blog\/como-melhorar-a-comunicacao-interna-na-clinica\/#primaryimage","url":"https:\/\/prodoctor.net\/blog\/wp-content\/uploads\/2023\/04\/como-melhorar-a-comunicacao-interna-na-clinica-1.jpg","contentUrl":"https:\/\/prodoctor.net\/blog\/wp-content\/uploads\/2023\/04\/como-melhorar-a-comunicacao-interna-na-clinica-1.jpg","width":770,"height":400,"caption":"equipe m\u00e9dica conversa entre si"},{"@type":"BreadcrumbList","@id":"https:\/\/prodoctor.net\/blog\/como-melhorar-a-comunicacao-interna-na-clinica\/#breadcrumb","itemListElement":[{"@type":"ListItem","position":1,"name":"In\u00edcio","item":"https:\/\/prodoctor.net\/blog\/"},{"@type":"ListItem","position":2,"name":"Como melhorar a comunica\u00e7\u00e3o interna na cl\u00ednica"}]},{"@type":"WebSite","@id":"https:\/\/prodoctor.net\/blog\/#website","url":"https:\/\/prodoctor.net\/blog\/","name":"Blog ProDoctor","description":"Tudo sobre o mundo da Sa\u00fade","publisher":{"@id":"https:\/\/prodoctor.net\/blog\/#organization"},"potentialAction":[{"@type":"SearchAction","target":{"@type":"EntryPoint","urlTemplate":"https:\/\/prodoctor.net\/blog\/?s={search_term_string}"},"query-input":{"@type":"PropertyValueSpecification","valueRequired":true,"valueName":"search_term_string"}}],"inLanguage":"pt-BR"},{"@type":"Organization","@id":"https:\/\/prodoctor.net\/blog\/#organization","name":"ProDoctor Software S\/A","url":"https:\/\/prodoctor.net\/blog\/","logo":{"@type":"ImageObject","inLanguage":"pt-BR","@id":"https:\/\/prodoctor.net\/blog\/#\/schema\/logo\/image\/","url":"https:\/\/prodoctor.net\/blog\/wp-content\/uploads\/2017\/01\/Logo_PDo_Lateral.png","contentUrl":"https:\/\/prodoctor.net\/blog\/wp-content\/uploads\/2017\/01\/Logo_PDo_Lateral.png","width":2014,"height":485,"caption":"ProDoctor Software S\/A"},"image":{"@id":"https:\/\/prodoctor.net\/blog\/#\/schema\/logo\/image\/"},"sameAs":["https:\/\/www.facebook.com\/prodoctorsoftware","https:\/\/x.com\/prodoctorsoft","https:\/\/www.instagram.com\/prodoctorsoftware\/","https:\/\/www.linkedin.com\/company\/prodoctor-software-ltda","https:\/\/www.youtube.com\/channel\/UCIWuDLsVtIpX-PEqQn1pNlw"]},{"@type":"Person","@id":"https:\/\/prodoctor.net\/blog\/#\/schema\/person\/fc6e8716a3a349001fce9d75ee422f84","name":"Geraldo Muanis","image":{"@type":"ImageObject","inLanguage":"pt-BR","@id":"https:\/\/prodoctor.net\/blog\/#\/schema\/person\/image\/","url":"https:\/\/secure.gravatar.com\/avatar\/414f2d04debf4ae162891e2198886ea1648baa21156e532e777093184c6fec56?s=96&d=mm&r=g","contentUrl":"https:\/\/secure.gravatar.com\/avatar\/414f2d04debf4ae162891e2198886ea1648baa21156e532e777093184c6fec56?s=96&d=mm&r=g","caption":"Geraldo Muanis"}}]}},"taxonomy_info":{"category":[{"value":408,"label":"Aplicativos para m\u00e9dicos e pacientes"},{"value":414,"label":"Tecnologia na Medicina"}]},"featured_image_src_large":["https:\/\/prodoctor.net\/blog\/wp-content\/uploads\/2023\/04\/como-melhorar-a-comunicacao-interna-na-clinica-1.jpg",770,400,false],"author_info":{"display_name":"Geraldo Muanis","author_link":"https:\/\/prodoctor.net\/blog\/author\/geraldo-muanis\/"},"comment_info":0,"category_info":[{"term_id":408,"name":"Aplicativos para m\u00e9dicos e pacientes","slug":"aplicativos-para-medicos-e-pacientes","term_group":0,"term_taxonomy_id":408,"taxonomy":"category","description":"","parent":0,"count":87,"filter":"raw","cat_ID":408,"category_count":87,"category_description":"","cat_name":"Aplicativos para m\u00e9dicos e pacientes","category_nicename":"aplicativos-para-medicos-e-pacientes","category_parent":0},{"term_id":414,"name":"Tecnologia na Medicina","slug":"tecnologia-medicina","term_group":0,"term_taxonomy_id":414,"taxonomy":"category","description":"","parent":0,"count":157,"filter":"raw","cat_ID":414,"category_count":157,"category_description":"","cat_name":"Tecnologia na Medicina","category_nicename":"tecnologia-medicina","category_parent":0}],"tag_info":false,"_links":{"self":[{"href":"https:\/\/prodoctor.net\/blog\/wp-json\/wp\/v2\/posts\/25688","targetHints":{"allow":["GET"]}}],"collection":[{"href":"https:\/\/prodoctor.net\/blog\/wp-json\/wp\/v2\/posts"}],"about":[{"href":"https:\/\/prodoctor.net\/blog\/wp-json\/wp\/v2\/types\/post"}],"author":[{"embeddable":true,"href":"https:\/\/prodoctor.net\/blog\/wp-json\/wp\/v2\/users\/4"}],"replies":[{"embeddable":true,"href":"https:\/\/prodoctor.net\/blog\/wp-json\/wp\/v2\/comments?post=25688"}],"version-history":[{"count":52,"href":"https:\/\/prodoctor.net\/blog\/wp-json\/wp\/v2\/posts\/25688\/revisions"}],"predecessor-version":[{"id":25831,"href":"https:\/\/prodoctor.net\/blog\/wp-json\/wp\/v2\/posts\/25688\/revisions\/25831"}],"wp:featuredmedia":[{"embeddable":true,"href":"https:\/\/prodoctor.net\/blog\/wp-json\/wp\/v2\/media\/25757"}],"wp:attachment":[{"href":"https:\/\/prodoctor.net\/blog\/wp-json\/wp\/v2\/media?parent=25688"}],"wp:term":[{"taxonomy":"category","embeddable":true,"href":"https:\/\/prodoctor.net\/blog\/wp-json\/wp\/v2\/categories?post=25688"},{"taxonomy":"post_tag","embeddable":true,"href":"https:\/\/prodoctor.net\/blog\/wp-json\/wp\/v2\/tags?post=25688"}],"curies":[{"name":"wp","href":"https:\/\/api.w.org\/{rel}","templated":true}]}}