{"id":2561,"date":"2016-04-25T16:29:27","date_gmt":"2016-04-25T19:29:27","guid":{"rendered":"https:\/\/prodoctor.net\/blog\/?p=2561"},"modified":"2021-06-15T17:25:33","modified_gmt":"2021-06-15T20:25:33","slug":"tecnologia-ajuda-a-controlar-dores-de-cabeca","status":"publish","type":"post","link":"https:\/\/prodoctor.net\/blog\/tecnologia-ajuda-a-controlar-dores-de-cabeca\/","title":{"rendered":"Tecnologia ajuda a controlar dores de cabe\u00e7a"},"content":{"rendered":"\n<p>\u00c9 poss\u00edvel <strong>controlar<\/strong> aquela inc\u00f4moda <strong>dor de cabe\u00e7a<\/strong>? \u00c9 poss\u00edvel deixar de lado toda aquela papelada e a infinidade de lembretes cheios de rasuras com as anota\u00e7\u00f5es sobre as crises? Sim, o avan\u00e7o tecnol\u00f3gico tem permitido, atrav\u00e9s da <strong>utiliza\u00e7\u00e3o de aplicativos<\/strong>, que <strong>m\u00e9dicos e pacientes<\/strong> participem ativamente deste combate, a fim de derrotar um inimigo que responde por <strong>35% das doen\u00e7as neurol\u00f3gicas no Brasil<\/strong>.<\/p>\n\n\n\n<h2 class=\"wp-block-heading\">1 &#8211; Aplicativo <em>Di\u00e1rio de Cefaleia<\/em><\/h2>\n\n\n\n<figure class=\"wp-block-image\"><img decoding=\"async\" width=\"770\" height=\"250\" src=\"https:\/\/prodoctor.net\/blog\/wp-content\/uploads\/2016\/04\/aplicativo-diario-cefaleia.jpg\" alt=\"Aplicativo Di\u00e1rio de Cefaleia\" class=\"wp-image-2581\" srcset=\"https:\/\/prodoctor.net\/blog\/wp-content\/uploads\/2016\/04\/aplicativo-diario-cefaleia.jpg 770w, https:\/\/prodoctor.net\/blog\/wp-content\/uploads\/2016\/04\/aplicativo-diario-cefaleia-300x97.jpg 300w\" sizes=\"(max-width: 770px) 100vw, 770px\" \/><\/figure>\n\n\n\n<p>Cerca de 30 milh\u00f5es de brasileiros ganharam um importante aliado quando foi lan\u00e7ado o<strong> primeiro aplicativo para enfrentar esta doen\u00e7a cr\u00f4nica<\/strong> com o <b>Di\u00e1rio de Cefaleia<\/b>, criado pela <a href=\"http:\/\/www.libbs.com.br\/\" target=\"_blank\" rel=\"noopener\">Libbs Farmac\u00eautica<\/a> em parceria com a <a href=\"http:\/\/applausemobile.com\/\" target=\"_blank\" rel=\"noopener\">Applause Mobile<\/a> e disponibilizado para <strong>iPhone<\/strong>, <strong>iPad<\/strong> e <strong>Android<\/strong>.<\/p>\n\n\n\n<p>Basta <strong>baix\u00e1-lo<\/strong> e <strong>fazer um cadastro b\u00e1sico<\/strong> para come\u00e7ar a <strong>preencher os dados referentes \u00e0s dores de cabe\u00e7a<\/strong>. Valendo-se de um calend\u00e1rio, o usu\u00e1rio poder\u00e1 <strong>detalhar dia, hor\u00e1rio e intensidade das ocorr\u00eancias<\/strong>, que podem ser um ind\u00edcio de enxaqueca. Al\u00e9m disso, o programa permite que seja <strong>sinalizada a regi\u00e3o da cabe\u00e7a na qual a dor foi mais forte<\/strong>, selecionando os <strong>fatores<\/strong> que podem t\u00ea-la <strong>desencadeado<\/strong>: alimentar, f\u00edsico ou sensorial, dentre outros.<\/p>\n\n\n\n<p>Ap\u00f3s preencher as informa\u00e7\u00f5es requisitadas, <strong>os dados ficam armazenados<\/strong> em um banco e <strong>podem ser acessados a qualquer momento<\/strong>. <strong>O paciente enviar\u00e1 um relat\u00f3rio completo ao seu neurologista<\/strong>, por e-mail ou impresso, relatando todos os epis\u00f3dios de crise ocorridos no per\u00edodo,<strong> facilitando o diagn\u00f3stico e permitindo um tratamento mais adequado<\/strong>.<\/p>\n\n\n\n<p>A <strong>Libbs Farmac\u00eautica<\/strong> \u00e9 uma empresa de tecnologia fundada em 2012. Especializada no desenvolvimento de solu\u00e7\u00f5es para <strong>monitoramento de condi\u00e7\u00f5es cr\u00f4nicas de sa\u00fade para pacientes e profissionais de sa\u00fade<\/strong>, trabalha sempre de forma integrada e inovadora. Segundo seus desenvolvedores, <em>\u201cal\u00e9m de dispensar o uso de papel e gerar um benef\u00edcio sustent\u00e1vel, a ideia principal do aplicativo \u00e9 aproveitar a praticidade e mobilidade da ferramenta, <strong>agilizando a comunica\u00e7\u00e3o com o m\u00e9dico<\/strong>, melhorando o <strong>controle do problema e diminuindo a intensidade das crises<\/strong>\u201d<\/em>.<\/p>\n\n\n\n<p>E acrescentam: <em>\u201cNada mais de rasuras ou de <strong>esquecer suas anota\u00e7\u00f5es<\/strong> em casa na hora da consulta. Em nossa plataforma voc\u00ea encontrar\u00e1 mais do que um sistema de <strong>f\u00e1cil utiliza\u00e7\u00e3o<\/strong> para o cadastro das crises de dor de cabe\u00e7a. Poder\u00e1 <strong>descobrir os gatilhos das crises<\/strong>, acompanhar o grau de melhora por meio de <strong>relat\u00f3rios mensais<\/strong>, al\u00e9m de encontrar informa\u00e7\u00f5es de grande utilidade sobre o tema e <strong>entrar em contato com seu m\u00e9dico<\/strong>\u201d<\/em>.<\/p>\n\n\n\n<p><strong>Para baixar o aplicativo<\/strong>, acesse a <a href=\"https:\/\/itunes.apple.com\/br\/app\/diario-cefaleia\/id550315520?mt=8\" target=\"_blank\" rel=\"noopener\">Apple Store <\/a>ou Google Play.<\/p>\n\n\n\n<h2 class=\"wp-block-heading\">2 &#8211; Software <em>Di\u00e1rios M\u00e9dicos<\/em><\/h2>\n\n\n\n<figure class=\"wp-block-image\"><img decoding=\"async\" width=\"770\" height=\"250\" src=\"https:\/\/prodoctor.net\/blog\/wp-content\/uploads\/2016\/04\/software-diarios-medicos.jpg\" alt=\"Software Di\u00e1rios M\u00e9dicos\" class=\"wp-image-2576\" srcset=\"https:\/\/prodoctor.net\/blog\/wp-content\/uploads\/2016\/04\/software-diarios-medicos.jpg 770w, https:\/\/prodoctor.net\/blog\/wp-content\/uploads\/2016\/04\/software-diarios-medicos-300x97.jpg 300w\" sizes=\"(max-width: 770px) 100vw, 770px\" \/><\/figure>\n\n\n\n<p>O software da <a href=\"https:\/\/diariosmedicos.com\" target=\"_blank\" rel=\"noopener\">Di\u00e1rios M\u00e9dicos<\/a> possibilita que o <strong>paciente e seu m\u00e9dico acompanhem a ocorr\u00eancia das crises<\/strong> e os <strong>medicamentos em uso<\/strong>, sendo importante ferramenta para ajud\u00e1-los na <strong>descoberta de fatores desencadeantes<\/strong>. Serve para <strong>orientar<\/strong> tanto um como o outro, funcionando como <strong>suporte para avalia\u00e7\u00e3o da cefaleia<\/strong> e proporcionando a emiss\u00e3o de <strong>relat\u00f3rios<\/strong> para ter uma <strong>no\u00e7\u00e3o da varia\u00e7\u00e3o da dor<\/strong>.<\/p>\n\n\n\n<p><strong>Para os pacientes<\/strong>, o programa disponibiliza a <strong>organiza\u00e7\u00e3o de todas as crises<\/strong>, a partir do cadastramento de cada uma delas. Facilitar\u00e1 sua vida, <strong>eliminando lembretes<\/strong> e uma papelada sempre sujeita a se perder. <strong>J\u00e1 para o profissional<\/strong>, o aplicativo disponibilizar\u00e1, atrav\u00e9s de poucos cliques, de forma simples e r\u00e1pida, um <strong>hist\u00f3rico acerca das ocorr\u00eancias dos seus pacientes<\/strong>, <strong>melhorando seu atendimento<\/strong>.<\/p>\n\n\n\n<p>Tamb\u00e9m para as empresas o aplicativo representa um grau de import\u00e2ncia, uma vez que as <strong>dores de cabe\u00e7a s\u00e3o condi\u00e7\u00f5es frequentes e muitas vezes negligenciadas pela popula\u00e7\u00e3o<\/strong>. Todavia, \u00e9 uma doen\u00e7a que <strong>impacta diretamente na qualidade de vida<\/strong> dos colaboradores e, consequentemente, da pr\u00f3pria empresa onde trabalham. Conforme alerta o site, <em>\u201cseu <strong>\u00f4nus pode ser reduzido<\/strong> quando tomarmos medidas de <strong>orienta\u00e7\u00e3o<\/strong> <strong>e tratamento adequadas<\/strong>, incentivando o paciente a <strong>reconhecer o problema e procurar aux\u00edlio m\u00e9dico<\/strong>\u201d<\/em>.<\/p>\n\n\n\n<p><strong>Para conhecer mais sobre o software<\/strong>, <a href=\"https:\/\/diariosmedicos.com\" target=\"_blank\" rel=\"noopener\">acesse o site<\/a>.<\/p>\n\n\n\n<h2 class=\"wp-block-heading\">2 &#8211; Aplicativo <em>Dor de cabe\u00e7a<\/em><\/h2>\n\n\n\n<figure class=\"wp-block-image\"><img decoding=\"async\" width=\"770\" height=\"250\" src=\"https:\/\/prodoctor.net\/blog\/wp-content\/uploads\/2016\/04\/aplicativo-dor-de-cabeca.jpg\" alt=\"Aplicativo Dor de cabe\u00e7a\" class=\"wp-image-2578\" srcset=\"https:\/\/prodoctor.net\/blog\/wp-content\/uploads\/2016\/04\/aplicativo-dor-de-cabeca.jpg 770w, https:\/\/prodoctor.net\/blog\/wp-content\/uploads\/2016\/04\/aplicativo-dor-de-cabeca-300x97.jpg 300w\" sizes=\"(max-width: 770px) 100vw, 770px\" \/><\/figure>\n\n\n\n<p>O <a href=\"https:\/\/www.facebook.com\/appdordecabeca\" target=\"_blank\" rel=\"noopener\">aplicativo Dor de cabe\u00e7a<\/a> foi criado em 2012 por <strong>especialistas e pesquisadores<\/strong> de institui\u00e7\u00f5es como a Santa Casa de Belo Horizonte e o Ambulat\u00f3rio de Cefaleias do Servi\u00e7o de Neurologia do Hospital das Cl\u00ednicas da Universidade Federal de Minas Gerais (UFMG). A ferramenta \u00e9 <strong>destinada para pessoas com dor de cabe\u00e7a cr\u00f4nica<\/strong> e <strong>envia relat\u00f3rio ao m\u00e9dico<\/strong> com frequ\u00eancia acerca das ocorr\u00eancias.<\/p>\n\n\n\n<p>No programa, o paciente <strong>anota os dias em que teve dor de cabe\u00e7a, sua intensidade, seu poss\u00edvel fator desencadeante<\/strong> (per\u00edodo menstrual, estresse ou falta de sono, por exemplo) <strong>e a medica\u00e7\u00e3o<\/strong> que tenha utilizado, dentre outros dados. A partir da\u00ed, o aplicativo <strong>realiza o cruzamento de informa\u00e7\u00f5es<\/strong>, <strong>criando relat\u00f3rios<\/strong> sobre o <strong>hist\u00f3rico do paciente<\/strong> para serem <strong>enviado no formato PDF para o m\u00e9dico<\/strong>.<\/p>\n\n\n\n<p>As dores de cabe\u00e7a cr\u00f4nicas exigem que o paciente mantenha um <strong>di\u00e1rio para registrar sua ocorr\u00eancia<\/strong>, com seus fatores desencadeantes. Foi a <strong>resist\u00eancia criada pelos pacientes<\/strong> que inspirou um grupo de neurologistas de Belo Horizonte (MG) a criar um aplicativo para celular que desempenhasse esta fun\u00e7\u00e3o,<strong> facilitando a vida dos dois lados<\/strong>.<\/p>\n\n\n\n<p><em>\u201cSe a pessoa tem dor de cabe\u00e7a frequente, <strong>\u00e9 importante come\u00e7ar a anotar<\/strong>. Vai <strong>facilitar muito quando for ao m\u00e9dico<\/strong> e, o mais importante, vai facilitar <strong>sua vis\u00e3o sobre sua pr\u00f3pria sa\u00fade<\/strong>. Porque a dor vai se cronificando aos poucos e pode ser dif\u00edcil perceber isso sem esses dados\u201d<\/em>, explicou ao G1, em 10 de novembro de 2013, o neurologista Ariovaldo Alberto da Silva Jr., do Ambulat\u00f3rio de Cefaleias do Servi\u00e7o de Neurologia do Hospital das Cl\u00ednicas da UFMG.<\/p>\n\n\n\n<p>O <strong>Dor de cabe\u00e7a<\/strong> est\u00e1 dispon\u00edvel gratuitamente na Apple Store e tamb\u00e9m na Google Play.<\/p>\n","protected":false},"excerpt":{"rendered":"<p>\u00c9 poss\u00edvel controlar aquela inc\u00f4moda dor de cabe\u00e7a? \u00c9 poss\u00edvel deixar de lado toda aquela papelada e a infinidade&#8230;<\/p>\n","protected":false},"author":1,"featured_media":19757,"comment_status":"closed","ping_status":"open","sticky":false,"template":"","format":"standard","meta":{"_kad_blocks_custom_css":"","_kad_blocks_head_custom_js":"","_kad_blocks_body_custom_js":"","_kad_blocks_footer_custom_js":"","_kadence_starter_templates_imported_post":false,"_kad_post_transparent":"","_kad_post_title":"","_kad_post_layout":"","_kad_post_sidebar_id":"","_kad_post_content_style":"","_kad_post_vertical_padding":"","_kad_post_feature":"","_kad_post_feature_position":"","_kad_post_header":false,"_kad_post_footer":false,"footnotes":""},"categories":[408,414],"tags":[],"class_list":["post-2561","post","type-post","status-publish","format-standard","has-post-thumbnail","hentry","category-aplicativos-para-medicos-e-pacientes","category-tecnologia-medicina"],"yoast_head":"<!-- This site is optimized with the Yoast SEO plugin v27.0 - https:\/\/yoast.com\/product\/yoast-seo-wordpress\/ -->\n<title>Tecnologia ajuda a controlar dores de cabe\u00e7a - Blog ProDoctor<\/title>\n<meta name=\"description\" content=\"Dores de cabe\u00e7a s\u00e3o condi\u00e7\u00f5es frequentes que impacta diretamente na qualidade de vida. Veja 3 apps que auxiliam m\u00e9dicos e pacientes!\" \/>\n<meta name=\"robots\" content=\"index, follow, max-snippet:-1, max-image-preview:large, max-video-preview:-1\" \/>\n<link rel=\"canonical\" href=\"https:\/\/prodoctor.net\/blog\/tecnologia-ajuda-a-controlar-dores-de-cabeca\/\" \/>\n<meta property=\"og:locale\" content=\"pt_BR\" \/>\n<meta property=\"og:type\" content=\"article\" \/>\n<meta property=\"og:title\" content=\"Tecnologia ajuda a controlar dores de cabe\u00e7a - Blog ProDoctor\" \/>\n<meta property=\"og:description\" content=\"Dores de cabe\u00e7a s\u00e3o condi\u00e7\u00f5es frequentes que impacta diretamente na qualidade de vida. Veja 3 apps que auxiliam m\u00e9dicos e pacientes!\" \/>\n<meta property=\"og:url\" content=\"https:\/\/prodoctor.net\/blog\/tecnologia-ajuda-a-controlar-dores-de-cabeca\/\" \/>\n<meta property=\"og:site_name\" content=\"Blog ProDoctor\" \/>\n<meta property=\"article:publisher\" content=\"https:\/\/www.facebook.com\/prodoctorsoftware\" \/>\n<meta property=\"article:published_time\" content=\"2016-04-25T19:29:27+00:00\" \/>\n<meta property=\"article:modified_time\" content=\"2021-06-15T20:25:33+00:00\" \/>\n<meta property=\"og:image\" content=\"https:\/\/prodoctor.net\/blog\/wp-content\/uploads\/2016\/04\/dor-de-cabeca-min.jpg\" \/>\n\t<meta property=\"og:image:width\" content=\"770\" \/>\n\t<meta property=\"og:image:height\" content=\"400\" \/>\n\t<meta property=\"og:image:type\" content=\"image\/jpeg\" \/>\n<meta name=\"author\" content=\"ProDoctor Software\" \/>\n<meta name=\"twitter:card\" content=\"summary_large_image\" \/>\n<meta name=\"twitter:creator\" content=\"@prodoctorsoft\" \/>\n<meta name=\"twitter:site\" content=\"@prodoctorsoft\" \/>\n<meta name=\"twitter:label1\" content=\"Escrito por\" \/>\n\t<meta name=\"twitter:data1\" content=\"ProDoctor Software\" \/>\n\t<meta name=\"twitter:label2\" content=\"Est. tempo de leitura\" \/>\n\t<meta name=\"twitter:data2\" content=\"5 minutos\" \/>\n<script type=\"application\/ld+json\" class=\"yoast-schema-graph\">{\"@context\":\"https:\/\/schema.org\",\"@graph\":[{\"@type\":\"Article\",\"@id\":\"https:\/\/prodoctor.net\/blog\/tecnologia-ajuda-a-controlar-dores-de-cabeca\/#article\",\"isPartOf\":{\"@id\":\"https:\/\/prodoctor.net\/blog\/tecnologia-ajuda-a-controlar-dores-de-cabeca\/\"},\"author\":{\"name\":\"ProDoctor Software\",\"@id\":\"https:\/\/prodoctor.net\/blog\/#\/schema\/person\/8878914b17cd360e7ec0ddee1ed8c544\"},\"headline\":\"Tecnologia ajuda a controlar dores de cabe\u00e7a\",\"datePublished\":\"2016-04-25T19:29:27+00:00\",\"dateModified\":\"2021-06-15T20:25:33+00:00\",\"mainEntityOfPage\":{\"@id\":\"https:\/\/prodoctor.net\/blog\/tecnologia-ajuda-a-controlar-dores-de-cabeca\/\"},\"wordCount\":1003,\"publisher\":{\"@id\":\"https:\/\/prodoctor.net\/blog\/#organization\"},\"image\":{\"@id\":\"https:\/\/prodoctor.net\/blog\/tecnologia-ajuda-a-controlar-dores-de-cabeca\/#primaryimage\"},\"thumbnailUrl\":\"https:\/\/prodoctor.net\/blog\/wp-content\/uploads\/2016\/04\/dor-de-cabeca-min.jpg\",\"articleSection\":[\"Aplicativos para m\u00e9dicos e pacientes\",\"Tecnologia na Medicina\"],\"inLanguage\":\"pt-BR\"},{\"@type\":\"WebPage\",\"@id\":\"https:\/\/prodoctor.net\/blog\/tecnologia-ajuda-a-controlar-dores-de-cabeca\/\",\"url\":\"https:\/\/prodoctor.net\/blog\/tecnologia-ajuda-a-controlar-dores-de-cabeca\/\",\"name\":\"Tecnologia ajuda a controlar dores de cabe\u00e7a - Blog ProDoctor\",\"isPartOf\":{\"@id\":\"https:\/\/prodoctor.net\/blog\/#website\"},\"primaryImageOfPage\":{\"@id\":\"https:\/\/prodoctor.net\/blog\/tecnologia-ajuda-a-controlar-dores-de-cabeca\/#primaryimage\"},\"image\":{\"@id\":\"https:\/\/prodoctor.net\/blog\/tecnologia-ajuda-a-controlar-dores-de-cabeca\/#primaryimage\"},\"thumbnailUrl\":\"https:\/\/prodoctor.net\/blog\/wp-content\/uploads\/2016\/04\/dor-de-cabeca-min.jpg\",\"datePublished\":\"2016-04-25T19:29:27+00:00\",\"dateModified\":\"2021-06-15T20:25:33+00:00\",\"description\":\"Dores de cabe\u00e7a s\u00e3o condi\u00e7\u00f5es frequentes que impacta diretamente na qualidade de vida. Veja 3 apps que auxiliam m\u00e9dicos e pacientes!\",\"breadcrumb\":{\"@id\":\"https:\/\/prodoctor.net\/blog\/tecnologia-ajuda-a-controlar-dores-de-cabeca\/#breadcrumb\"},\"inLanguage\":\"pt-BR\",\"potentialAction\":[{\"@type\":\"ReadAction\",\"target\":[\"https:\/\/prodoctor.net\/blog\/tecnologia-ajuda-a-controlar-dores-de-cabeca\/\"]}]},{\"@type\":\"ImageObject\",\"inLanguage\":\"pt-BR\",\"@id\":\"https:\/\/prodoctor.net\/blog\/tecnologia-ajuda-a-controlar-dores-de-cabeca\/#primaryimage\",\"url\":\"https:\/\/prodoctor.net\/blog\/wp-content\/uploads\/2016\/04\/dor-de-cabeca-min.jpg\",\"contentUrl\":\"https:\/\/prodoctor.net\/blog\/wp-content\/uploads\/2016\/04\/dor-de-cabeca-min.jpg\",\"width\":770,\"height\":400,\"caption\":\"Dores de cabe\u00e7a\"},{\"@type\":\"BreadcrumbList\",\"@id\":\"https:\/\/prodoctor.net\/blog\/tecnologia-ajuda-a-controlar-dores-de-cabeca\/#breadcrumb\",\"itemListElement\":[{\"@type\":\"ListItem\",\"position\":1,\"name\":\"In\u00edcio\",\"item\":\"https:\/\/prodoctor.net\/blog\/\"},{\"@type\":\"ListItem\",\"position\":2,\"name\":\"Tecnologia ajuda a controlar dores de cabe\u00e7a\"}]},{\"@type\":\"WebSite\",\"@id\":\"https:\/\/prodoctor.net\/blog\/#website\",\"url\":\"https:\/\/prodoctor.net\/blog\/\",\"name\":\"Blog ProDoctor\",\"description\":\"Tudo sobre o mundo da Sa\u00fade\",\"publisher\":{\"@id\":\"https:\/\/prodoctor.net\/blog\/#organization\"},\"potentialAction\":[{\"@type\":\"SearchAction\",\"target\":{\"@type\":\"EntryPoint\",\"urlTemplate\":\"https:\/\/prodoctor.net\/blog\/?s={search_term_string}\"},\"query-input\":{\"@type\":\"PropertyValueSpecification\",\"valueRequired\":true,\"valueName\":\"search_term_string\"}}],\"inLanguage\":\"pt-BR\"},{\"@type\":\"Organization\",\"@id\":\"https:\/\/prodoctor.net\/blog\/#organization\",\"name\":\"ProDoctor Software S\/A\",\"url\":\"https:\/\/prodoctor.net\/blog\/\",\"logo\":{\"@type\":\"ImageObject\",\"inLanguage\":\"pt-BR\",\"@id\":\"https:\/\/prodoctor.net\/blog\/#\/schema\/logo\/image\/\",\"url\":\"https:\/\/prodoctor.net\/blog\/wp-content\/uploads\/2017\/01\/Logo_PDo_Lateral.png\",\"contentUrl\":\"https:\/\/prodoctor.net\/blog\/wp-content\/uploads\/2017\/01\/Logo_PDo_Lateral.png\",\"width\":2014,\"height\":485,\"caption\":\"ProDoctor Software S\/A\"},\"image\":{\"@id\":\"https:\/\/prodoctor.net\/blog\/#\/schema\/logo\/image\/\"},\"sameAs\":[\"https:\/\/www.facebook.com\/prodoctorsoftware\",\"https:\/\/x.com\/prodoctorsoft\",\"https:\/\/www.instagram.com\/prodoctorsoftware\/\",\"https:\/\/www.linkedin.com\/company\/prodoctor-software-ltda\",\"https:\/\/www.youtube.com\/channel\/UCIWuDLsVtIpX-PEqQn1pNlw\"]},{\"@type\":\"Person\",\"@id\":\"https:\/\/prodoctor.net\/blog\/#\/schema\/person\/8878914b17cd360e7ec0ddee1ed8c544\",\"name\":\"ProDoctor Software\",\"image\":{\"@type\":\"ImageObject\",\"inLanguage\":\"pt-BR\",\"@id\":\"https:\/\/prodoctor.net\/blog\/#\/schema\/person\/image\/\",\"url\":\"https:\/\/secure.gravatar.com\/avatar\/a67bdb10f2e6695f7ae356a84deeaf10b545567f0ac054e9bfe8ec56e86317ec?s=96&d=mm&r=g\",\"contentUrl\":\"https:\/\/secure.gravatar.com\/avatar\/a67bdb10f2e6695f7ae356a84deeaf10b545567f0ac054e9bfe8ec56e86317ec?s=96&d=mm&r=g\",\"caption\":\"ProDoctor Software\"},\"sameAs\":[\"http:\/\/prodoctor.net\",\"https:\/\/x.com\/prodoctorsoft\"]}]}<\/script>\n<!-- \/ Yoast SEO plugin. -->","yoast_head_json":{"title":"Tecnologia ajuda a controlar dores de cabe\u00e7a - Blog ProDoctor","description":"Dores de cabe\u00e7a s\u00e3o condi\u00e7\u00f5es frequentes que impacta diretamente na qualidade de vida. Veja 3 apps que auxiliam m\u00e9dicos e pacientes!","robots":{"index":"index","follow":"follow","max-snippet":"max-snippet:-1","max-image-preview":"max-image-preview:large","max-video-preview":"max-video-preview:-1"},"canonical":"https:\/\/prodoctor.net\/blog\/tecnologia-ajuda-a-controlar-dores-de-cabeca\/","og_locale":"pt_BR","og_type":"article","og_title":"Tecnologia ajuda a controlar dores de cabe\u00e7a - Blog ProDoctor","og_description":"Dores de cabe\u00e7a s\u00e3o condi\u00e7\u00f5es frequentes que impacta diretamente na qualidade de vida. Veja 3 apps que auxiliam m\u00e9dicos e pacientes!","og_url":"https:\/\/prodoctor.net\/blog\/tecnologia-ajuda-a-controlar-dores-de-cabeca\/","og_site_name":"Blog ProDoctor","article_publisher":"https:\/\/www.facebook.com\/prodoctorsoftware","article_published_time":"2016-04-25T19:29:27+00:00","article_modified_time":"2021-06-15T20:25:33+00:00","og_image":[{"width":770,"height":400,"url":"https:\/\/prodoctor.net\/blog\/wp-content\/uploads\/2016\/04\/dor-de-cabeca-min.jpg","type":"image\/jpeg"}],"author":"ProDoctor Software","twitter_card":"summary_large_image","twitter_creator":"@prodoctorsoft","twitter_site":"@prodoctorsoft","twitter_misc":{"Escrito por":"ProDoctor Software","Est. tempo de leitura":"5 minutos"},"schema":{"@context":"https:\/\/schema.org","@graph":[{"@type":"Article","@id":"https:\/\/prodoctor.net\/blog\/tecnologia-ajuda-a-controlar-dores-de-cabeca\/#article","isPartOf":{"@id":"https:\/\/prodoctor.net\/blog\/tecnologia-ajuda-a-controlar-dores-de-cabeca\/"},"author":{"name":"ProDoctor Software","@id":"https:\/\/prodoctor.net\/blog\/#\/schema\/person\/8878914b17cd360e7ec0ddee1ed8c544"},"headline":"Tecnologia ajuda a controlar dores de cabe\u00e7a","datePublished":"2016-04-25T19:29:27+00:00","dateModified":"2021-06-15T20:25:33+00:00","mainEntityOfPage":{"@id":"https:\/\/prodoctor.net\/blog\/tecnologia-ajuda-a-controlar-dores-de-cabeca\/"},"wordCount":1003,"publisher":{"@id":"https:\/\/prodoctor.net\/blog\/#organization"},"image":{"@id":"https:\/\/prodoctor.net\/blog\/tecnologia-ajuda-a-controlar-dores-de-cabeca\/#primaryimage"},"thumbnailUrl":"https:\/\/prodoctor.net\/blog\/wp-content\/uploads\/2016\/04\/dor-de-cabeca-min.jpg","articleSection":["Aplicativos para m\u00e9dicos e pacientes","Tecnologia na Medicina"],"inLanguage":"pt-BR"},{"@type":"WebPage","@id":"https:\/\/prodoctor.net\/blog\/tecnologia-ajuda-a-controlar-dores-de-cabeca\/","url":"https:\/\/prodoctor.net\/blog\/tecnologia-ajuda-a-controlar-dores-de-cabeca\/","name":"Tecnologia ajuda a controlar dores de cabe\u00e7a - Blog ProDoctor","isPartOf":{"@id":"https:\/\/prodoctor.net\/blog\/#website"},"primaryImageOfPage":{"@id":"https:\/\/prodoctor.net\/blog\/tecnologia-ajuda-a-controlar-dores-de-cabeca\/#primaryimage"},"image":{"@id":"https:\/\/prodoctor.net\/blog\/tecnologia-ajuda-a-controlar-dores-de-cabeca\/#primaryimage"},"thumbnailUrl":"https:\/\/prodoctor.net\/blog\/wp-content\/uploads\/2016\/04\/dor-de-cabeca-min.jpg","datePublished":"2016-04-25T19:29:27+00:00","dateModified":"2021-06-15T20:25:33+00:00","description":"Dores de cabe\u00e7a s\u00e3o condi\u00e7\u00f5es frequentes que impacta diretamente na qualidade de vida. Veja 3 apps que auxiliam m\u00e9dicos e pacientes!","breadcrumb":{"@id":"https:\/\/prodoctor.net\/blog\/tecnologia-ajuda-a-controlar-dores-de-cabeca\/#breadcrumb"},"inLanguage":"pt-BR","potentialAction":[{"@type":"ReadAction","target":["https:\/\/prodoctor.net\/blog\/tecnologia-ajuda-a-controlar-dores-de-cabeca\/"]}]},{"@type":"ImageObject","inLanguage":"pt-BR","@id":"https:\/\/prodoctor.net\/blog\/tecnologia-ajuda-a-controlar-dores-de-cabeca\/#primaryimage","url":"https:\/\/prodoctor.net\/blog\/wp-content\/uploads\/2016\/04\/dor-de-cabeca-min.jpg","contentUrl":"https:\/\/prodoctor.net\/blog\/wp-content\/uploads\/2016\/04\/dor-de-cabeca-min.jpg","width":770,"height":400,"caption":"Dores de cabe\u00e7a"},{"@type":"BreadcrumbList","@id":"https:\/\/prodoctor.net\/blog\/tecnologia-ajuda-a-controlar-dores-de-cabeca\/#breadcrumb","itemListElement":[{"@type":"ListItem","position":1,"name":"In\u00edcio","item":"https:\/\/prodoctor.net\/blog\/"},{"@type":"ListItem","position":2,"name":"Tecnologia ajuda a controlar dores de cabe\u00e7a"}]},{"@type":"WebSite","@id":"https:\/\/prodoctor.net\/blog\/#website","url":"https:\/\/prodoctor.net\/blog\/","name":"Blog ProDoctor","description":"Tudo sobre o mundo da Sa\u00fade","publisher":{"@id":"https:\/\/prodoctor.net\/blog\/#organization"},"potentialAction":[{"@type":"SearchAction","target":{"@type":"EntryPoint","urlTemplate":"https:\/\/prodoctor.net\/blog\/?s={search_term_string}"},"query-input":{"@type":"PropertyValueSpecification","valueRequired":true,"valueName":"search_term_string"}}],"inLanguage":"pt-BR"},{"@type":"Organization","@id":"https:\/\/prodoctor.net\/blog\/#organization","name":"ProDoctor Software S\/A","url":"https:\/\/prodoctor.net\/blog\/","logo":{"@type":"ImageObject","inLanguage":"pt-BR","@id":"https:\/\/prodoctor.net\/blog\/#\/schema\/logo\/image\/","url":"https:\/\/prodoctor.net\/blog\/wp-content\/uploads\/2017\/01\/Logo_PDo_Lateral.png","contentUrl":"https:\/\/prodoctor.net\/blog\/wp-content\/uploads\/2017\/01\/Logo_PDo_Lateral.png","width":2014,"height":485,"caption":"ProDoctor Software S\/A"},"image":{"@id":"https:\/\/prodoctor.net\/blog\/#\/schema\/logo\/image\/"},"sameAs":["https:\/\/www.facebook.com\/prodoctorsoftware","https:\/\/x.com\/prodoctorsoft","https:\/\/www.instagram.com\/prodoctorsoftware\/","https:\/\/www.linkedin.com\/company\/prodoctor-software-ltda","https:\/\/www.youtube.com\/channel\/UCIWuDLsVtIpX-PEqQn1pNlw"]},{"@type":"Person","@id":"https:\/\/prodoctor.net\/blog\/#\/schema\/person\/8878914b17cd360e7ec0ddee1ed8c544","name":"ProDoctor Software","image":{"@type":"ImageObject","inLanguage":"pt-BR","@id":"https:\/\/prodoctor.net\/blog\/#\/schema\/person\/image\/","url":"https:\/\/secure.gravatar.com\/avatar\/a67bdb10f2e6695f7ae356a84deeaf10b545567f0ac054e9bfe8ec56e86317ec?s=96&d=mm&r=g","contentUrl":"https:\/\/secure.gravatar.com\/avatar\/a67bdb10f2e6695f7ae356a84deeaf10b545567f0ac054e9bfe8ec56e86317ec?s=96&d=mm&r=g","caption":"ProDoctor Software"},"sameAs":["http:\/\/prodoctor.net","https:\/\/x.com\/prodoctorsoft"]}]}},"taxonomy_info":{"category":[{"value":408,"label":"Aplicativos para m\u00e9dicos e pacientes"},{"value":414,"label":"Tecnologia na Medicina"}]},"featured_image_src_large":["https:\/\/prodoctor.net\/blog\/wp-content\/uploads\/2016\/04\/dor-de-cabeca-min.jpg",770,400,false],"author_info":{"display_name":"ProDoctor Software","author_link":"https:\/\/prodoctor.net\/blog\/author\/redesocialprodoctor-net\/"},"comment_info":0,"category_info":[{"term_id":408,"name":"Aplicativos para m\u00e9dicos e pacientes","slug":"aplicativos-para-medicos-e-pacientes","term_group":0,"term_taxonomy_id":408,"taxonomy":"category","description":"","parent":0,"count":87,"filter":"raw","cat_ID":408,"category_count":87,"category_description":"","cat_name":"Aplicativos para m\u00e9dicos e pacientes","category_nicename":"aplicativos-para-medicos-e-pacientes","category_parent":0},{"term_id":414,"name":"Tecnologia na Medicina","slug":"tecnologia-medicina","term_group":0,"term_taxonomy_id":414,"taxonomy":"category","description":"","parent":0,"count":157,"filter":"raw","cat_ID":414,"category_count":157,"category_description":"","cat_name":"Tecnologia na Medicina","category_nicename":"tecnologia-medicina","category_parent":0}],"tag_info":false,"_links":{"self":[{"href":"https:\/\/prodoctor.net\/blog\/wp-json\/wp\/v2\/posts\/2561","targetHints":{"allow":["GET"]}}],"collection":[{"href":"https:\/\/prodoctor.net\/blog\/wp-json\/wp\/v2\/posts"}],"about":[{"href":"https:\/\/prodoctor.net\/blog\/wp-json\/wp\/v2\/types\/post"}],"author":[{"embeddable":true,"href":"https:\/\/prodoctor.net\/blog\/wp-json\/wp\/v2\/users\/1"}],"replies":[{"embeddable":true,"href":"https:\/\/prodoctor.net\/blog\/wp-json\/wp\/v2\/comments?post=2561"}],"version-history":[{"count":16,"href":"https:\/\/prodoctor.net\/blog\/wp-json\/wp\/v2\/posts\/2561\/revisions"}],"predecessor-version":[{"id":19759,"href":"https:\/\/prodoctor.net\/blog\/wp-json\/wp\/v2\/posts\/2561\/revisions\/19759"}],"wp:featuredmedia":[{"embeddable":true,"href":"https:\/\/prodoctor.net\/blog\/wp-json\/wp\/v2\/media\/19757"}],"wp:attachment":[{"href":"https:\/\/prodoctor.net\/blog\/wp-json\/wp\/v2\/media?parent=2561"}],"wp:term":[{"taxonomy":"category","embeddable":true,"href":"https:\/\/prodoctor.net\/blog\/wp-json\/wp\/v2\/categories?post=2561"},{"taxonomy":"post_tag","embeddable":true,"href":"https:\/\/prodoctor.net\/blog\/wp-json\/wp\/v2\/tags?post=2561"}],"curies":[{"name":"wp","href":"https:\/\/api.w.org\/{rel}","templated":true}]}}