{"id":24536,"date":"2022-12-15T17:47:26","date_gmt":"2022-12-15T20:47:26","guid":{"rendered":"https:\/\/prodoctor.net\/blog\/?p=24536"},"modified":"2022-12-19T10:49:17","modified_gmt":"2022-12-19T13:49:17","slug":"avancos-da-medicina-na-decada","status":"publish","type":"post","link":"https:\/\/prodoctor.net\/blog\/avancos-da-medicina-na-decada\/","title":{"rendered":"Avan\u00e7os da Medicina na d\u00e9cada"},"content":{"rendered":"\n<p>Os <strong>avan\u00e7os da Medicina na d\u00e9cada<\/strong> foram impressionantes, n\u00e3o s\u00f3 devido aos estudos e pesquisas cient\u00edficas, mas tamb\u00e9m ao desenvolvimento tecnol\u00f3gico. Entre os anos de 2012 e 2022, acelerou-se a luta pela descoberta de vacinas e pela erradica\u00e7\u00e3o de doen\u00e7as, com m\u00e9dicos e cientistas mergulhando nos estudos e testes para validar as inova\u00e7\u00f5es alcan\u00e7adas.<\/p>\n\n\n\n<p>Palavras como rob\u00f3tica, imunoterapia, cirurgia gen\u00e9tica, Big Data, impress\u00f5es tridimensionais e Telemedicina ocuparam manchetes em todas as m\u00eddias pelo planeta. Dessa maneira,&nbsp; cada descoberta \u00e9 comemorada, estimulando a alian\u00e7a entre e Ci\u00eancia M\u00e9dica e a Tecnologia e fazendo crescer as esperan\u00e7as de quem se encontra na angustiante espera da cura para suas dores.<\/p>\n\n\n\n<p>No limiar de um novo ano, a <a href=\"https:\/\/prodoctor.net\/\" target=\"_blank\" rel=\"noreferrer noopener\"><strong>ProDoctor Software<\/strong><\/a> elaborou este post para que voc\u00ea possa acompanhar os principais avan\u00e7os da Medicina na d\u00e9cada, abrangendo o per\u00edodo de 2012 at\u00e9 este m\u00eas. Confira, m\u00eas a m\u00eas, as conquistas alcan\u00e7adas.<\/p>\n\n\n\n<ul class=\"wp-block-list\">\n<li><a href=\"#a\">Avan\u00e7os da Medicina na d\u00e9cada &#8211; 2012<\/a><\/li>\n\n\n\n<li><a href=\"#b\">Os progressos de 2013<\/a><\/li>\n\n\n\n<li><a href=\"#c\">Conquistas da Medicina em 2014<\/a><\/li>\n\n\n\n<li><a href=\"#d\">Avan\u00e7os em 2015<\/a><\/li>\n\n\n\n<li><a href=\"#e\">Desenvolvimentos na Medicina em 2016<\/a><\/li>\n\n\n\n<li><a href=\"#f\">Avan\u00e7os de 2017<\/a><\/li>\n\n\n\n<li><a href=\"#g\">Avan\u00e7os da Medicina na d\u00e9cada &#8211; 2018<\/a><\/li>\n\n\n\n<li><a href=\"#h\">Avan\u00e7os em 2019<\/a><\/li>\n\n\n\n<li><a href=\"#i\">O crescimento da Medicina na d\u00e9cada &#8211; 2020<\/a><\/li>\n\n\n\n<li><a href=\"#j\">As evolu\u00e7\u00f5es em 2021<\/a><\/li>\n\n\n\n<li><a href=\"#k\">Avan\u00e7os da Medicina na d\u00e9cada &#8211; 2022<\/a><\/li>\n\n\n\n<li><a href=\"#l\">De olho no futuro<\/a><\/li>\n<\/ul>\n\n\n\n<p id=\"a\"><\/p>\n\n\n\n<h2 class=\"wp-block-heading\">Avan\u00e7os da Medicina na d\u00e9cada &#8211; 2012<\/h2>\n\n\n\n<figure class=\"wp-block-image size-full\"><a href=\"https:\/\/prodoctor.net\/blog\/wp-content\/uploads\/2022\/12\/2012.jpg\"><img decoding=\"async\" width=\"770\" height=\"250\" src=\"https:\/\/prodoctor.net\/blog\/wp-content\/uploads\/2022\/12\/2012.jpg\" alt=\"avan\u00e7os da medicina em uma d\u00e9cada\" class=\"wp-image-24605\" srcset=\"https:\/\/prodoctor.net\/blog\/wp-content\/uploads\/2022\/12\/2012.jpg 770w, https:\/\/prodoctor.net\/blog\/wp-content\/uploads\/2022\/12\/2012-300x97.jpg 300w, https:\/\/prodoctor.net\/blog\/wp-content\/uploads\/2022\/12\/2012-768x249.jpg 768w\" sizes=\"(max-width: 770px) 100vw, 770px\" \/><\/a><\/figure>\n\n\n\n<h3 class=\"wp-block-heading\">Truvada e a luta contra o HIV<\/h3>\n\n\n\n<p>Iniciamos a nossa retrospectiva sobre os Avan\u00e7os na Medicina na D\u00e9cada destacando a aprova\u00e7\u00e3o do Truvada, em julho, pela <a href=\"https:\/\/www.usa.gov\/federal-agencies\/food-and-drug-administration\" target=\"_blank\" rel=\"noopener\"><strong>Food and Drug Administration (FDA)<\/strong><\/a>, \u00f3rg\u00e3o respons\u00e1vel pelo controle de medicamentos nos Estados Unidos.<\/p>\n<p>A droga foi considerada a primeira p\u00edlula capaz de agir na preven\u00e7\u00e3o do v\u00edrus causador da AIDS, em indiv\u00edduos n\u00e3o infectados, devendo ser tomada diariamente, junto com outros m\u00e9todos de preven\u00e7\u00e3o \u00e0 doen\u00e7a, como sexo seguro, e testes regulares de HIV.<\/p>\n<p>A recomenda\u00e7\u00e3o \u00e9 que o rem\u00e9dio seja utilizado por pessoas com alto risco de contra\u00e7\u00e3o do v\u00edrus e que possam ter contato sexual com parceiros j\u00e1 portadores da doen\u00e7a.<\/p>\n\n\n\n<h3 class=\"wp-block-heading\">Vacina contra o Alzheimer<\/h3>\n\n\n\n<p>Como sabemos, n\u00e3o h\u00e1 cura para a doen\u00e7a de Alzheimer. Por\u00e9m, ao longo da d\u00e9cada, as esperan\u00e7as se renovaram.<\/p>\n<p>No <a href=\"https:\/\/ki.se\/en\" target=\"_blank\" rel=\"noopener\"><strong>Instituto Karolinska<\/strong><\/a>, em Estocolmo, pesquisadores suecos desenvolveram e iniciaram testes com uma vacina com o prop\u00f3sito de combater a prote\u00edna beta-amiloide.<\/p>\n<p>A droga tem como objetivo atuar nas defesas do organismo contra a prote\u00edna em sua vers\u00e3o danosa.<\/p>\n<p>Em sua segunda fase de testes em humanos conclu\u00edda, constatou-se que 80% dos pacientes desenvolveram anticorpos.<\/p>\n\n\n\n<h3 class=\"wp-block-heading\">Reprograma\u00e7\u00e3o de c\u00e9lulas maduras<\/h3>\n\n\n\n<div>Os cientistas John B. Gurdon, bi\u00f3logo brit\u00e2nico, e Shinya Yamanaka, m\u00e9dico japon\u00eas, foram os vencedores do <strong>Pr\u00eamio Nobel de Medicina de 2012.<\/strong><\/div>\n<div>&nbsp;<\/div>\n<div>Eles descobriram que as c\u00e9lulas maduras, denominadas estaminais pluripotentes, podem ser reprogramadas, a fim de terem condi\u00e7\u00f5es de desenvolvimento em qualquer tecido do corpo.<\/div>\n\n\n\n<h3 class=\"wp-block-heading\">Crispr-Cas9 e a edi\u00e7\u00e3o gen\u00e9tica<\/h3>\n\n\n\n<p>Em 2012, os cientistas propuseram que o Crispr-Cas9 pode ser uma poderosa arma em termos de edi\u00e7\u00e3o gen\u00e9tica.<\/p>\n<p>Trata-se de uma ferramenta capaz de cortar o DNA com exatid\u00e3o. Dessa forma, permite aos pesquisadores que seja facilmente personalizada.<\/p>\n<p>Ao longo do ano, confirmou-se o funcionamento da t\u00e9cnica com o DNA humano.<\/p>\n<p>Ent\u00e3o, deflagrou-se uma intensa movimenta\u00e7\u00e3o nos laborat\u00f3rios de todo o planeta, com o intuito de identificar sistemas semelhantes, modificar e tornar o Crispr-Cas9 mais preciso e realizar experimentos n\u00e3o apenas na Medicina, como tamb\u00e9m na Agricultura.<\/p>\n<p>Sem d\u00favida, projetaram-se grandes descobertas e benef\u00edcios. Todavia, tamb\u00e9m ficaram evidentes as preocupa\u00e7\u00f5es com os dilemas \u00e9ticos que este avan\u00e7o revolucion\u00e1rio representa.<\/p>\n\n\n\n<h3 class=\"wp-block-heading\">Medicamento para erradica\u00e7\u00e3o da mal\u00e1ria<\/h3>\n\n\n\n<p>Em setembro foi anunciado na \u00c1frica do Sul um novo rem\u00e9dio que pode ser a resposta para a erradica\u00e7\u00e3o da mal\u00e1ria.<\/p>\n<p>O medicamento, denominado MB 390048, foi desenvolvido por cientistas da Universidade da Cidade do Cabo e promete combater os cinco tipos da mol\u00e9stia apenas com um comprimido de dose \u00fanica.<\/p>\n\n\n\n<h3 class=\"wp-block-heading\">Possibilidade de restabelecimento da audi\u00e7\u00e3o<\/h3>\n\n\n\n<p>Por outro lado, no Reino Unido, aconteceram avan\u00e7os importantes no tratamento da surdez.<\/p>\n<p>Com sua descoberta, pesquisadores da Universidade de Sheffield revelaram ser poss\u00edvel restabelecer, parcialmente, a audi\u00e7\u00e3o em animais. Em suas experi\u00eancias, eles utilizaram, pela primeira vez, c\u00e9lulas-tronco de um embri\u00e3o humano.<\/p>\n\n\n\n<h2 class=\"wp-block-heading\">Avan\u00e7os em 2013<\/h2>\n\n\n\n<figure class=\"wp-block-image size-full\"><a href=\"https:\/\/prodoctor.net\/blog\/wp-content\/uploads\/2022\/12\/2013.jpg\"><img decoding=\"async\" width=\"770\" height=\"250\" src=\"https:\/\/prodoctor.net\/blog\/wp-content\/uploads\/2022\/12\/2013.jpg\" alt=\"avan\u00e7os da medicina na d\u00e9cada\" class=\"wp-image-24606\" srcset=\"https:\/\/prodoctor.net\/blog\/wp-content\/uploads\/2022\/12\/2013.jpg 770w, https:\/\/prodoctor.net\/blog\/wp-content\/uploads\/2022\/12\/2013-300x97.jpg 300w, https:\/\/prodoctor.net\/blog\/wp-content\/uploads\/2022\/12\/2013-768x249.jpg 768w\" sizes=\"(max-width: 770px) 100vw, 770px\" \/><\/a><\/figure>\n\n\n\n<h3 class=\"wp-block-heading\">Vacina contra o c\u00e2ncer<\/h3>\n\n\n\n<div>A <strong>imunoterapia<\/strong> ganhou enorme relev\u00e2ncia a partir de 2013 e est\u00e1 entre os grandes avan\u00e7os da Medicina na d\u00e9cada. Hoje, ela \u00e9 uma das maiores esperan\u00e7as na guerra contra o c\u00e2ncer.<\/div>\n<div>&nbsp;<\/div>\n<div>O tratamento tem como foco o sistema imunol\u00f3gico, com o objetivo de atacar os tumores, especialmente em indiv\u00edduos com linf\u00f3citos ou c\u00e9lulas T.<\/div>\n<div>&nbsp;<\/div>\n<div>A t\u00e9cnica revelou-se promissora ao responder positivamente a in\u00fameros testes cl\u00ednicos no combate a c\u00e2nceres agressivos como o melanoma.<\/div>\n<div>&nbsp;<\/div>\n<div>O sucesso&nbsp; propagado pelo resultado positivo alcan\u00e7ado em termos terap\u00eauticos deu in\u00edcio a uma revolu\u00e7\u00e3o nas pesquisas.<\/div>\n\n\n\n<h3 class=\"wp-block-heading\">Avan\u00e7os na engenharia gen\u00e9tica<\/h3>\n\n\n\n<p>O <strong>Crispr<\/strong> voltou a ser destaque entre os avan\u00e7os da Medicina na d\u00e9cada. A t\u00e9cnica de modifica\u00e7\u00e3o gen\u00e9tica \u00e9 inspirada em um mecanismo rec\u00e9m-descoberto usado pelas bact\u00e9rias para se proteger. <\/p>\n\n\n\n<p>Os pesquisadores utilizaram a t\u00e9cnica com o prop\u00f3sito de manipular o genoma das plantas, animais e c\u00e9lulas humanas.<\/p>\n\n\n\n<p>A cirurgia gen\u00e9tica, com a possibilidade de editar genes e remover muta\u00e7\u00f5es gen\u00e9ticas, trocando-as por um DNA saud\u00e1vel, criou grande expectativa entre as empresas da \u00e1rea de biom\u00e9dicas.<\/p>\n\n\n\n<p>A aposta de engenheiros gen\u00e9ticos, neurocientistas e bi\u00f3logos \u00e9 de que teremos maiores avan\u00e7os, beneficiando os pacientes no tratamento de transtornos gen\u00e9ticos.<\/p>\n\n\n\n<h3 class=\"wp-block-heading\">Biologia estrutural na produ\u00e7\u00e3o de vacinas importantes<\/h3>\n\n\n\n<p>Por outro lado, a <strong>Biologia Estrutural<\/strong> tamb\u00e9m mereceu destaque entre os avan\u00e7os da Medicina na d\u00e9cada. Ela foi endo utilizada, pela primeira vez, em 2013, na produ\u00e7\u00e3o de uma vacina.<\/p>\n\n\n\n<p>A t\u00e9cnica usa a estrutura de um anticorpo para conceber um imun\u00f3geno, o agente ativo da vacina.<\/p>\n\n\n\n<p>Desse modo, os pesquisadores descobriram o principal ingrediente da uma vacina contra uma doen\u00e7a infantil perigosa: o <strong>V\u00edrus Sincicial Respirat\u00f3rio (VSR)<\/strong>, respons\u00e1vel por in\u00fameros casos de infec\u00e7\u00f5es do trato respirat\u00f3rio superior.<\/p>\n\n\n\n<p>Al\u00e9m disso, os cientistas acreditam que uma abordagem semelhante pode ajudar em uma vacina contra o HIV.<\/p>\n\n\n\n<h3 class=\"wp-block-heading\">Mais conhecimento dos neur\u00f4nios<\/h3>\n\n\n\n<p><strong>Clarity<\/strong> &#8211; Descoberta por cientistas da Universidade de Stanford (Reino Unido), \u00e9 uma t\u00e9cnica de imagem que faz com que os tecidos cerebrais se tornem transparentes, proporcionando a visibilidade dos neur\u00f4nios.<\/p>\n\n\n\n<p>Com isso, os m\u00e9dicos e os pesquisadores ganharam uma importante ferramenta para explorar a mente humana, com o objetivo de desvendar os mist\u00e9rios da conectividade cerebral.<\/p>\n\n\n\n<h3 class=\"wp-block-heading\">Cria\u00e7\u00e3o de c\u00e9rebros a partir de c\u00e9lulas-tronco<\/h3>\n\n\n\n<p>Ainda com rela\u00e7\u00e3o \u00e0 regi\u00e3o cerebral, a partir de <strong>c\u00e9lulas-tronco pluripotentes<\/strong>, pesquisadores europeus criaram c\u00e9rebros humanos de quatro mil\u00edmetros de di\u00e2metro, tamanho equivalente a um c\u00e9rebro de um feto com nove semanas.<\/p>\n<p>Com a descoberta, os cientistas poder\u00e3o aprofundar o estudo de doen\u00e7as neurol\u00f3gicas e os \u00f3rg\u00e3os artificiais ser\u00e3o usados para estudar as patologias e o desenvolvimento do c\u00e9rebro.<\/p>\n\n\n\n<h3 class=\"wp-block-heading\">S\u00edntese de c\u00e9lulas-tronco a partir de clonagem<\/h3>\n\n\n\n<div>Ao utilizar uma t\u00e9cnica de clonagem, pesquisadores da Universidade de Sa\u00fade e Ci\u00eancia de Oregon (EUA) reprogramaram c\u00e9lulas humanas adultas para se tornarem c\u00e9lulas-tronco embrion\u00e1rias.<\/div>\n<div>&nbsp;<\/div>\n<div>Eles retiraram c\u00e9lulas da pele de uma pessoa e colocaram seu DNA dentro do n\u00facleo de \u00f3vulos humanos. O desenvolvimento do \u00f3vulo gerou as c\u00e9lulas-tronco com capacidade para se transformar em qualquer tipo de c\u00e9lula humana.<\/div>\n<div>&nbsp;<\/div>\n<div>Desse modo, abrem caminho para novas pesquisas e experi\u00eancias, aumentando as esperan\u00e7as para quem sofre com enfermidades como o Mal de Parkinson, a esclerose m\u00faltipla, les\u00f5es na espinha dorsal e ainda com problemas no cora\u00e7\u00e3o.<\/div>\n\n\n\n<h3 class=\"wp-block-heading\">Descoberta da organiza\u00e7\u00e3o do sistema de transporte no interior das c\u00e9lulas<\/h3>\n\n\n\n<p id=\"c\"><\/p>\n\n\n\n<div>\n<div>Os cientistas americanos James E. Rothman e Randy W. Schekman, mais o alem\u00e3o Thomas C. S\u00fcdhol foram os ganhadores do Pr\u00eamio Nobel de Medicina 2013.<\/div>\n<div>&nbsp;<\/div>\n<div>Eles resolveram &#8220;o mist\u00e9rio de como a c\u00e9lula organiza seu sistema de transporte&#8221; interno, detalhando &#8220;os princ\u00edpios moleculares&#8221; que explicam por que este sistema \u00e9 capaz de entregar as mol\u00e9culas precisas &#8220;no lugar adequado, no momento adequado&#8221;.<\/div>\n<\/div>\n\n\n\n<h2>Avan\u00e7os da Medicina na d\u00e9cada &#8211; 2014<\/h2>\n\n\n\n<figure class=\"wp-block-image size-full\"><a href=\"https:\/\/prodoctor.net\/blog\/wp-content\/uploads\/2022\/12\/2014.jpg\"><img decoding=\"async\" width=\"770\" height=\"250\" src=\"https:\/\/prodoctor.net\/blog\/wp-content\/uploads\/2022\/12\/2014.jpg\" alt=\"avan\u00e7os da medicina em uma d\u00e9cada\" class=\"wp-image-24607\" srcset=\"https:\/\/prodoctor.net\/blog\/wp-content\/uploads\/2022\/12\/2014.jpg 770w, https:\/\/prodoctor.net\/blog\/wp-content\/uploads\/2022\/12\/2014-300x97.jpg 300w, https:\/\/prodoctor.net\/blog\/wp-content\/uploads\/2022\/12\/2014-768x249.jpg 768w\" sizes=\"(max-width: 770px) 100vw, 770px\" \/><\/a><\/figure>\n\n\n\n<h3 class=\"wp-block-heading\">Os &#8220;mapas internos&#8221; do c\u00e9rebro<\/h3>\n\n\n\n<div>Em 6 de outubro de 2014, o Instituto Karolinska, em Estocolmo (Su\u00e9cia), anunciou os pesquisadores John O&#8217;Keefe, May-Britt Moser e Edvard Moser como os laureados com o Pr\u00eamio Nobel de Medicina.<\/div>\n<div>&nbsp;<\/div>\n<div>Eles foram agraciados por terem sido os respons\u00e1veis pela descoberta de c\u00e9lulas que formam um sistema de posicionamento no c\u00e9rebro humano, uma esp\u00e9cie de &#8220;GPS&#8221; interno.<\/div>\n<div>\n<p>O fato constituiu-se em um dos grandes avan\u00e7os da Medicina em 2014 e sua import\u00e2ncia foi ressaltada pelos representantes do Nobel.<\/p>\n<p>Conforme a justificativa, os tr\u00eas premiados resolveram d\u00favidas que cientistas e fil\u00f3sofos discutiam h\u00e1 s\u00e9culos: como sabemos onde estamos e por onde nos deslocaremos?<\/p>\n<p>Segundo os estudos de John O&#8217;Keefe, May-Britt Moser e Edvard Moser, a descoberta de que o c\u00e9rebro \u00e9 capaz de trabalhar com &#8220;mapas&#8221; internos pode ajudar a compreender o que ocorre, por exemplo, na mente das pessoas portadoras de Alzheimer, que comumente perdem o senso de orienta\u00e7\u00e3o.<\/p>\n<\/div>\n\n\n\n<p id=\"d\"><\/p>\n\n\n\n<p>Al\u00e9m disso, o Instituto enfatizou que a compreens\u00e3o do &#8220;GPS cerebral&#8221; \u00e9 importante porque pode servir de paralelo para entender outras fun\u00e7\u00f5es cognitivas complexas.<\/p>\n\n\n\n<h2 class=\"wp-block-heading\">Avan\u00e7os em 2015<\/h2>\n\n\n\n<figure class=\"wp-block-image size-full\"><a href=\"https:\/\/prodoctor.net\/blog\/wp-content\/uploads\/2022\/12\/2015.jpg\"><img decoding=\"async\" width=\"770\" height=\"250\" src=\"https:\/\/prodoctor.net\/blog\/wp-content\/uploads\/2022\/12\/2015.jpg\" alt=\"avan\u00e7os da medicina na d\u00e9cada\" class=\"wp-image-24608\" srcset=\"https:\/\/prodoctor.net\/blog\/wp-content\/uploads\/2022\/12\/2015.jpg 770w, https:\/\/prodoctor.net\/blog\/wp-content\/uploads\/2022\/12\/2015-300x97.jpg 300w, https:\/\/prodoctor.net\/blog\/wp-content\/uploads\/2022\/12\/2015-768x249.jpg 768w\" sizes=\"(max-width: 770px) 100vw, 770px\" \/><\/a><\/figure>\n\n\n\n<h3 class=\"wp-block-heading\">Vacina contra o Ebola<\/h3>\n\n\n\n<div>No come\u00e7o de 2015 veio a esperan\u00e7a para responder ao surto de Ebola, iniciado no ano anterior, na \u00c1frica Ocidental. O medo da dissemina\u00e7\u00e3o deixou em alerta os agentes de Sa\u00fade de todo o mundo.<\/div>\n<div>&nbsp;<\/div>\n<div>O empenho das autoridades sanit\u00e1rias e da farmac\u00eautica Merck foram fundamentais para impulsionar o desenvolvimento da <strong>vacina experimental rVSV-ZEBOV<\/strong>.&nbsp; O imunizante demonstrou ser capaz de proteger de 75% a 100% as pessoas vacinadas.<\/div>\n<div>&nbsp;<\/div>\n<div>Ainda que tenha alcan\u00e7ado resultados positivos nos testes de campo, a vacina somente foi disponibilizada depois que o surto epid\u00eamico foi controlado. Quatro anos depois, as autoridades da Europa aprovaram o imunizante.<\/div>\n\n\n\n<h3 class=\"wp-block-heading\">C\u00f3digo gen\u00e9tico<\/h3>\n\n\n\n<div>Dentre os avan\u00e7os da Medicina na d\u00e9cada, reaparece a not\u00edcia sobre os benef\u00edcios e as esperan\u00e7as depositadas na enzima chamada Crispr. Embora tenha sido descoberta em 2007, por produtores de iogurte, teve sua utiliza\u00e7\u00e3o aprimorada pela ci\u00eancia em 2012.<\/div>\n<div>&nbsp;<\/div>\n<div>Tr\u00eas anos depois, tornou-se popular. Ent\u00e3o, passou a ser aplicada em m\u00faltiplas frentes, alterando genomas de embri\u00f5es humanos. S\u00f3 para ilustrar:&nbsp; a partir da\u00ed, foram &#8220;criados&#8221; cachorros supermusculosos, porcos imunes a qualquer v\u00edrus e at\u00e9 um tipo de trigo que resiste \u00e0s pragas das planta\u00e7\u00f5es.<\/div>\n\n\n\n<h3 class=\"wp-block-heading\">Enfrentamento \u00e0s superbact\u00e9rias<\/h3>\n\n\n\n<div>Passaram-se mais de 25 anos sem que fosse descoberto algum medicamento para combater as bact\u00e9rias.<\/div>\n<div>&nbsp;<\/div>\n<div>Contudo, cientistas da Universidade de Northeastern, em Boston (EUA), criaram o que foi denominado &#8220;hotel subterr\u00e2neo&#8221; de micr\u00f3bios.<\/div>\n<div>&nbsp;<\/div>\n<div>Explica-se: o solo \u00e9 a maior fonte de antibi\u00f3ticos conhecida. Diante do&nbsp;fato de quase nenhum microorganismo sobreviver em laborat\u00f3rios, a produ\u00e7\u00e3o de drogas ficou paralisada.<\/div>\n<div>&nbsp;<\/div>\n<div>O novo m\u00e9todo deu certo e, no in\u00edcio do ano, mais de 25 novas subst\u00e2ncias foram testadas, com a <strong>teixobactina<\/strong> revelando seu potencial para enfrentar superbact\u00e9rias.<\/div>\n<div>&nbsp;<\/div>\n<div>Ela apresentou efeitos muito bons em todos os camundongos que a receberam.<\/div>\n\n\n\n<h3 class=\"wp-block-heading\">Vasos linf\u00e1ticos no c\u00e9rebro e a busca da cura de doen\u00e7as neurol\u00f3gicas<\/h3>\n\n\n\n<p id=\"e\"><\/p>\n\n\n\n<p>A cren\u00e7a de que os vasos linf\u00e1ticos, ligados diretamente ao sistema imunol\u00f3gico, n\u00e3o estavam presentes no c\u00e9rebro, caiu por terra em 2015.<\/p>\n<p>Em um importante cap\u00edtulo dos avan\u00e7os da Medicina, foi descoberto que eles est\u00e3o l\u00e1, sim, e a revela\u00e7\u00e3o feita por m\u00e9dicos da Universidade de Virginia (EUA) foi considerada &#8220;revolucion\u00e1ria para a anatomia humana&#8221;, uma vez que pode transformar estudos, pesquisas e testes em busca da cura de doen\u00e7as neurol\u00f3gicas, como o Alzheimer, a esclerose m\u00faltipla e o autismo.<\/p>\n\n\n\n<h2 class=\"wp-block-heading\">Avan\u00e7os da Medicina na d\u00e9cada &#8211; 2016<\/h2>\n\n\n\n<figure class=\"wp-block-image size-full\"><a href=\"https:\/\/prodoctor.net\/blog\/wp-content\/uploads\/2022\/12\/2016.jpg\"><img decoding=\"async\" width=\"770\" height=\"250\" src=\"https:\/\/prodoctor.net\/blog\/wp-content\/uploads\/2022\/12\/2016.jpg\" alt=\"avan\u00e7os da medicina em uma d\u00e9cada\" class=\"wp-image-24609\" srcset=\"https:\/\/prodoctor.net\/blog\/wp-content\/uploads\/2022\/12\/2016.jpg 770w, https:\/\/prodoctor.net\/blog\/wp-content\/uploads\/2022\/12\/2016-300x97.jpg 300w, https:\/\/prodoctor.net\/blog\/wp-content\/uploads\/2022\/12\/2016-768x249.jpg 768w\" sizes=\"(max-width: 770px) 100vw, 770px\" \/><\/a><\/figure>\n\n\n\n<h3 class=\"wp-block-heading\">Mais conhecimento sobre o funcionamento das c\u00e9lulas<\/h3>\n\n\n\n<div>Em 2016, o Pr\u00eamio Nobel de Medicina foi entregue para o cientista Yoshinori Ohsumi, por suas descobertas acerca dos mecanismos de autofagia, processo pelo qual as c\u00e9lulas &#8220;digerem&#8221; partes de si mesmas.<\/div>\n\n\n\n<div>Em sua exposi\u00e7\u00e3o de justificativas, o Instituto Karolinska destacou que os achados do pesquisador japon\u00eas abriram as portas para a compreens\u00e3o do papel da autofagia em doen\u00e7as neurodegenerativas, c\u00e2ncer e diabetes tipo 2, por exemplo.<\/div>\n\n\n\n<div>Al\u00e9m disso, permitiram avan\u00e7ar as investiga\u00e7\u00f5es e compreender a import\u00e2ncia da autofagia em diversos processos fisiol\u00f3gicos, como a adapta\u00e7\u00e3o ao jejum ou a resposta a infec\u00e7\u00f5es.<\/div>\n\n\n\n<div>O Comit\u00ea do Nobel enfatizou ainda que &#8220;muta\u00e7\u00f5es nos genes ligados \u00e0 autofagia podem causar doen\u00e7as e o processo autof\u00e1gico envolvido em v\u00e1rias doen\u00e7as, incluindo o c\u00e2ncer e doen\u00e7as neurol\u00f3gicas&#8221;.<\/div>\n\n\n\n<h2 class=\"wp-block-heading\">Avan\u00e7os em 2017<\/h2>\n\n\n\n<figure class=\"wp-block-image size-full\"><a href=\"https:\/\/prodoctor.net\/blog\/wp-content\/uploads\/2022\/12\/2017.jpg\"><img decoding=\"async\" width=\"770\" height=\"250\" src=\"https:\/\/prodoctor.net\/blog\/wp-content\/uploads\/2022\/12\/2017.jpg\" alt=\"avan\u00e7os da medicina na d\u00e9cada\" class=\"wp-image-24610\" srcset=\"https:\/\/prodoctor.net\/blog\/wp-content\/uploads\/2022\/12\/2017.jpg 770w, https:\/\/prodoctor.net\/blog\/wp-content\/uploads\/2022\/12\/2017-300x97.jpg 300w, https:\/\/prodoctor.net\/blog\/wp-content\/uploads\/2022\/12\/2017-768x249.jpg 768w\" sizes=\"(max-width: 770px) 100vw, 770px\" \/><\/a><\/figure>\n\n\n\n<h3 class=\"wp-block-heading\">Cortes de DNA<\/h3>\n\n\n\n<p>Ao longo de 2017, a t\u00e9cnica de edi\u00e7\u00e3o do DNA se consolidou, sendo objeto de uma s\u00e9rie de artigos cient\u00edficos pioneiros.<\/p>\n<p>Trata-se de uma forma r\u00e1pida, barata e f\u00e1cil de cortar o DNA. S\u00f3 para ilustrar: em agosto, a revista cient\u00edfica <strong>&#8220;Nature&#8221;<\/strong> publicou um detalhado artigo sobre como os cientistas modificaram genes humanos defeituosos, gerando embri\u00f5es humanos saud\u00e1veis.<\/p>\n<p>O estudo foi liderado por Shoukhrat Mitalipov, da Oregon Health and Science University (EUA), e a Crispr inscreveu definitivamente o seu nome como uma t\u00e9cnica revolucion\u00e1ria que permite a modifica\u00e7\u00e3o precisa de genes.<\/p>\n<p>Dessa maneira, consolidou a verdade de que o genoma humano pode ser modificado para a cura de enfermidades.<\/p>\n<p>Por outro lado, permanece em aberto o dilema \u00e9tico, pois permitiria, dentre outras coisas, a modifica\u00e7\u00e3o do DNA humano antes do nascimento.<\/p>\n\n\n\n<h3 class=\"wp-block-heading\">Maior conhecimento sobre o Zika V\u00edrus<\/h3>\n\n\n\n<p>Surgiram testes mais r\u00e1pidos para detectar o v\u00edrus. Al\u00e9m disso, os pesquisadores identificaram uma muta\u00e7\u00e3o que teria surgido em 2013. Isso explicaria os motivos do v\u00edrus ter tido efeito mais nocivo no Brasil.<\/p>\n\n\n\n<p>J\u00e1 outro estudo revelou que o zika age como o HIV, atacando as c\u00e9lulas de defesa e derrubando o sistema imunol\u00f3gico de gestantes. Tamb\u00e9m foram divulgadas novas evid\u00eancias revelando como o pernilongo comum pode transmitir o v\u00edrus.<\/p>\n\n\n\n<p>Por outro lado, uma pesquisa publicada em setembro no <strong>\u201cThe Journal of Experimental Medicine&#8221;<\/strong> mostrou que o v\u00edrus conseguiu a fa\u00e7anha de destruir em cobaias o <strong>glioblastoma<\/strong>, considerado um dos tumores de c\u00e9rebro mais temidos e letais.<\/p>\n\n\n\n<p>As buscas por uma vacina avan\u00e7aram, envolvendo, por exemplo, o Instituto Evandro Chagas (Par\u00e1) e a Funda\u00e7\u00e3o Oswaldo Cruz &#8211; Fiocruz (Rio de Janeiro).<\/p>\n\n\n\n<h3 class=\"wp-block-heading\">Isolamento do gene do &#8220;rel\u00f3gio biol\u00f3gico&#8221;<\/h3>\n\n\n\n<p>Os americanos Jeffrey Hall, Michael Rosbash e Michael Young receberam o Nobel de Medicina. Eles foram premiados por suas descobertas sobre os mecanismos moleculares que controlam os ritmos circadianos \u2014 uma esp\u00e9cie de rel\u00f3gio biol\u00f3gico interno que os seres vivos possuem. Os cientistas isolaram o gene que regula esses processos, o que desvendou o funcionamento desse rel\u00f3gio biol\u00f3gico.&nbsp;<\/p>\n\n\n\n<h3 class=\"wp-block-heading\">P\u00edlula digital<\/h3>\n\n\n\n<p id=\"g\"><\/p>\n\n\n\n<p>No dia 13 de novembro de 2017, a ag\u00eancia federal Food and Drug Administration (FDA), respons\u00e1vel por controlar e avaliar medicamentos nos EUA, anunciou a aprova\u00e7\u00e3o da primeira <strong>p\u00edlula digital<\/strong>, provocando discuss\u00f5es acerca da privacidade. O medicamento tem um pequeno sensor que informa ao m\u00e9dico se, e quando, a mulher tomou os seus rem\u00e9dios.<\/p>\n\n\n\n<h2 class=\"wp-block-heading\">Avan\u00e7os da Medicina na d\u00e9cada &#8211; 2018<\/h2>\n\n\n\n<figure class=\"wp-block-image size-full\"><a href=\"https:\/\/prodoctor.net\/blog\/wp-content\/uploads\/2022\/12\/2018.jpg\"><img decoding=\"async\" width=\"770\" height=\"250\" src=\"https:\/\/prodoctor.net\/blog\/wp-content\/uploads\/2022\/12\/2018.jpg\" alt=\"avan\u00e7os da medicina em uma d\u00e9cada\" class=\"wp-image-24611\" srcset=\"https:\/\/prodoctor.net\/blog\/wp-content\/uploads\/2022\/12\/2018.jpg 770w, https:\/\/prodoctor.net\/blog\/wp-content\/uploads\/2022\/12\/2018-300x97.jpg 300w, https:\/\/prodoctor.net\/blog\/wp-content\/uploads\/2022\/12\/2018-768x249.jpg 768w\" sizes=\"(max-width: 770px) 100vw, 770px\" \/><\/a><\/figure>\n\n\n\n<h3 class=\"wp-block-heading\">C\u00e9lulas imunol\u00f3gicas na luta contra o c\u00e2ncer<\/h3>\n\n\n\n<p id=\"h\"><\/p>\n\n\n\n<p>O Pr\u00eamio Nobel de 2018 foi entregue para os cientistas James P Allison e Tasuku Honju, com o Comit\u00ea sediado em Estocolmo (Su\u00e9cia) exaltando sua contribui\u00e7\u00e3o para as descobertas no combate ao c\u00e2ncer.<\/p>\n<p>Eles foram considerados os pioneiros da <strong>imunoterapia<\/strong>. Suas pesquisas revelaram que as c\u00e9lulas imunol\u00f3gicas do corpo podem ser utilizadas na luta contra as c\u00e9lulas cancer\u00edgenas.<\/p>\n\n\n\n<h2 class=\"wp-block-heading\">Avan\u00e7os em 2019<\/h2>\n\n\n\n<figure class=\"wp-block-image size-full\"><a href=\"https:\/\/prodoctor.net\/blog\/wp-content\/uploads\/2022\/12\/2019.jpg\"><img decoding=\"async\" width=\"770\" height=\"250\" src=\"https:\/\/prodoctor.net\/blog\/wp-content\/uploads\/2022\/12\/2019.jpg\" alt=\"avan\u00e7os da medicina na d\u00e9cada\" class=\"wp-image-24612\" srcset=\"https:\/\/prodoctor.net\/blog\/wp-content\/uploads\/2022\/12\/2019.jpg 770w, https:\/\/prodoctor.net\/blog\/wp-content\/uploads\/2022\/12\/2019-300x97.jpg 300w, https:\/\/prodoctor.net\/blog\/wp-content\/uploads\/2022\/12\/2019-768x249.jpg 768w\" sizes=\"(max-width: 770px) 100vw, 770px\" \/><\/a><\/figure>\n\n\n\n<h3 class=\"wp-block-heading\">Descoberta da resposta hip\u00f3xica<\/h3>\n\n\n\n<p>Gregg Semenza, Peter Ratcliffe e William Kaelin foram laureados com o Pr\u00eamio Nobel de Medicina 2019 pela descoberta sobre a adapta\u00e7\u00e3o das c\u00e9lulas \u00e0 disponibilidade de oxig\u00eanio no ambiente, a chamada resposta hip\u00f3xica.<\/p>\n<p>As pesquisas entenderam como a quantidade de oxig\u00eanio \u00e9 capaz de controlar a produ\u00e7\u00e3o de c\u00e9lulas vermelhas, que por sua vez s\u00e3o respons\u00e1veis pelo transporte desse g\u00e1s. As descobertas foram feitas nos anos 1990 e hoje s\u00e3o aplicadas em tratamentos contra anemia e pesquisas que buscam desenvolver tratamentos para o c\u00e2ncer.<\/p>\n\n\n\n<h3 class=\"wp-block-heading\">Vacina contra o Ebola alcan\u00e7a bons resultados<\/h3>\n\n\n\n<p>Na luta contra a epidemia do Ebola, quatro anos depois de seu an\u00fancio, a vacina experimental <strong>rVSV-ZEBOV<\/strong> alcan\u00e7ou grandes resultados nos testes de campo e as autoridades da Europa aprovaram o medicamento.<\/p>\n\n\n\n<h3 class=\"wp-block-heading\">CART-Cell contra o c\u00e2ncer<\/h3>\n\n\n\n<p>No Brasil, um tratamento revolucion\u00e1rio contra o c\u00e2ncer foi testado em outubro, com o funcion\u00e1rio p\u00fablico aposentado Vamberto Luiz de Castro, de 63 anos.<\/p>\n<p>Ele ficou conhecido por ser o primeiro paciente a ser tratado na Am\u00e9rica Latina a partir de uma inovadora t\u00e9cnica criada nos Estados Unidos conhecida como <strong>CART-Cell<\/strong>.<\/p>\n<p>O m\u00e9todo consiste em reprogramar c\u00e9lulas do sistema imunol\u00f3gico do pr\u00f3prio paciente, com o intuito de que possam combater as c\u00e9lulas tumorais em desenvolvimento no corpo.<\/p>\n\n\n\n<h3 class=\"wp-block-heading\">Cora\u00e7\u00e3o impresso em 3D<\/h3>\n\n\n\n<p>J\u00e1 na Universidade de Tel Aviv (Israel), pela primeira vez, os pesquisadores criaram um&nbsp;<strong>mini-cora\u00e7\u00e3o impresso em 3D<\/strong> com tecido humano.<\/p>\n<p>O \u00f3rg\u00e3o, feito a partir de c\u00e9lulas de tecido de um paciente, tem tr\u00eas cent\u00edmetros e \u00e9 capaz at\u00e9 de palpitar.<\/p>\n<p>Os cientistas realizaram uma pequena bi\u00f3psia do tecido adiposo, removeram todas as c\u00e9lulas e as separaram do col\u00e1geno e outros biomateriais.<\/p>\n<p>Em seguida, reprogramaram o material, com o prop\u00f3sito de atuar como c\u00e9lulas card\u00edacas e de vasos sangu\u00edneos. Ent\u00e3o, os biomateriais foram processados e transformados em biotinta, usada na impress\u00e3o tridimensional.<\/p>\n<p>Embora, tenha sido considerado um cora\u00e7\u00e3o ainda \u201cmuito b\u00e1sico\u201d, pois n\u00e3o bombeia, demandando maior desenvolvimento, a inova\u00e7\u00e3o abre portas e aumenta esperan\u00e7as. Desse modo, os pacientes n\u00e3o precisar\u00e3o mais esperar por transplantes, nem se preocupar com a rejei\u00e7\u00e3o do organismo.&nbsp;<\/p>\n\n\n\n<h3 class=\"wp-block-heading\">Exoesqueleto<\/h3>\n\n\n\n<p>Um franc\u00eas de 30 anos, tetrapl\u00e9gico, recuperou seus movimentos ao usar um&nbsp;<a href=\"https:\/\/www.bbc.com\/portuguese\/geral-49931247\" target=\"_blank\" rel=\"noopener\"><strong>exoesqueleto<\/strong><\/a> movido pelos sensores colocados em seu c\u00e9rebro.<\/p>\n<p>Identificado apenas como Thibault, o paciente ficou tetrapl\u00e9gico em 2015, quando caiu de uma altura de 15 metros. A tecnologia ainda est\u00e1 sendo aprimorada e seu uso ocorre apenas em laborat\u00f3rio.<\/p>\n<p>O experimento, feito pela Clinatec e a Universidade de Grenoble (Fran\u00e7a), come\u00e7ou em 2017.<\/p>\n<p>Para faz\u00ea-lo andar novamente, foram instalados 64 eletrodos em cada um dos implantes na superf\u00edcie do c\u00e9rebro de Thibault.<\/p>\n<p>Os eletrodos realizam a leitura da atividade cerebral, direcionando as instru\u00e7\u00f5es de movimentos para um computador. Ent\u00e3o, a m\u00e1quina, usando um sofisticado programa, l\u00ea as informa\u00e7\u00f5es das ondas cerebrais do paciente, transformando-as em comandos que controlam o exoesqueleto.<\/p>\n\n\n\n<h3 class=\"wp-block-heading\">Avan\u00e7os contra o Mal de Parkinson<\/h3>\n\n\n\n<p>Os pesquisadores do King\u2019s College, em Londres (Inglaterra), detectaram sinais do <strong>Mal de Parkinson<\/strong> 20 anos antes dos sintomas se manifestarem.<\/p>\n<p>Eles estudaram o c\u00e9rebro de 14 pessoas com muta\u00e7\u00f5es raras do gene SNCA, que muito provavelmente desenvolver\u00e3o a enfermidade.<\/p>\n<p>Os exames foram comparados a outros de 65 pacientes com a doen\u00e7a e 25 saud\u00e1veis.<\/p>\n<p>Segundo Marios Politis, principal autor do estudo, a mudan\u00e7a na quantidade de serotonina acontece muito antes da dopamina come\u00e7ar a decair. A subst\u00e2ncia regula humor, apetite, movimentos e bem-estar.<\/p>\n<p>Tradicionalmente associada a indiv\u00edduos idosos, a doen\u00e7a \u00e9 causada por uma m\u00e1 regula\u00e7\u00e3o dos n\u00edveis de dopamina, sendo uma condi\u00e7\u00e3o neurol\u00f3gica degenerativa.<\/p>\n<p>Seus sintomas conhecidos s\u00e3o: tremores involunt\u00e1rios, rigidez dos m\u00fasculos, depress\u00e3o e problemas na mem\u00f3ria.&nbsp;<\/p>\n<p>A descoberta foi anunciada como uma esperan\u00e7a para se desenvolver novas terapias para combater o Parkinson bem antes dos sintomas surgirem.<\/p>\n<p>Assim, poder\u00e1 evitar o crescente n\u00famero de pessoas com vidas afetadas por um mal at\u00e9 aqui incur\u00e1vel.<\/p>\n\n\n\n<h3 class=\"wp-block-heading\">Regress\u00e3o do c\u00e2ncer<\/h3>\n\n\n\n<p>Enquanto isso, no Brasil, pesquisadores e m\u00e9dicos conseguiram regredir o <strong>c\u00e2ncer<\/strong> em um homem que estava em estado terminal.<\/p>\n<p>Eles desenvolveram, pela primeira vez na Am\u00e9rica Latina, um tipo de tratamento que pode ser capaz de regredir boa parte dos linfomas e leucemias.<\/p>\n<p>Em seu teste cl\u00ednico, o paciente selecionado apresentou remiss\u00e3o do <strong>c\u00e2ncer de linfoma n\u00e3o-Hodgkin<\/strong>, assim como o desaparecimento de dores e sintomas.<\/p>\n<p>Os especialistas alteraram geneticamente c\u00e9lulas do sistema imunol\u00f3gico do pr\u00f3prio paciente, incluindo uma prote\u00edna que as torna mais sens\u00edveis a determinados tipos de linfoma.<\/p>\n<p>Atrav\u00e9s de uma infus\u00e3o, elas foram inseridas novamente no paciente. Ent\u00e3o, as c\u00e9lulas alteradas passaram a reconhecer mais facilmente as cancerosas, destruindo-as.<\/p>\n\n\n\n<h3 class=\"wp-block-heading\">Chip contra o Alzheimer e o Mal de Parkinson<\/h3>\n\n\n\n<p>Mais uma boa not\u00edcia para combater o Mal de Alzheimer!<\/p>\n\n\n\n<p>Ao utilizar um chip, pesquisadores imitaram neur\u00f4nios que podem ser implantados no c\u00e9rebro para reparar danos causados pela enfermidade, bem como de outras doen\u00e7as degenerativas.<\/p>\n\n\n\n<p>Entretanto, o teste foi realizado somente em camundongos.<\/p>\n\n\n\n<p>Os cientistas obtiveram sucesso em reproduzir as respostas dos neur\u00f4nios do hipocampo e respirat\u00f3rios nos animais quando foram estimulados.<\/p>\n\n\n\n<p>A porta foi aberta para novas pesquisas e testes e o objetivo \u00e9 fazer com que o chip imite o comportamento de neur\u00f4nios vivos reais, substituindo os que s\u00e3o \u201cmortos\u201d em doen\u00e7as como os males de Alzheimer e Parkinson.<\/p>\n\n\n\n<h3 class=\"wp-block-heading\">Esperan\u00e7a da erradica\u00e7\u00e3o da mal\u00e1ria<\/h3>\n\n\n\n<p>Uma das enfermidades mais antigas do mundo, a mal\u00e1ria poder\u00e1 ser totalmente erradicada at\u00e9 2050.<\/p>\n<p>A not\u00edcia foi veiculada no in\u00edcio de setembro pela conceituada revista cient\u00edfica <strong>&#8220;The Lancet&#8221;<\/strong>.<\/p>\n<p>A pesquisa envolveu 41 dos principais especialistas em mal\u00e1ria, ci\u00eancias biom\u00e9dicas, economia e pol\u00edticas de sa\u00fade no mundo.<\/p>\n<p>O trabalho revelou as evid\u00eancias cient\u00edficas e deixou para todos a esperan\u00e7a de que a erradica\u00e7\u00e3o da mal\u00e1ria poder\u00e1 ser alcan\u00e7ada no espa\u00e7o de uma gera\u00e7\u00e3o.<\/p>\n\n\n\n<h4 class=\"wp-block-heading\">Da China, um v\u00edrus desconhecido<\/h4>\n\n\n\n<p id=\"i\"><\/p>\n\n\n\n<p>No apagar das luzes de 2019, no dia 31 de dezembro, as autoridades sanit\u00e1rias da <strong>China<\/strong> certificaram a Organiza\u00e7\u00e3o Mundial da Sa\u00fade (OMS) acerca dos casos graves de uma <strong>pneumonia, com origem desconhecida,<\/strong> que assolava <strong>Wuhan<\/strong>,&nbsp; na prov\u00edncia de Hubei.<\/p>\n<p>Como os primeiros casos foram registrados tinham como v\u00edtimas pessoas que frequentavam e trabalhavam em um mercado de frutos do mar naquela regi\u00e3o, incluindo animais vivos, as especula\u00e7\u00f5es iniciais eram de que se tratava de uma enfermidade com origem zoon\u00f3tica.<\/p>\n\n\n\n<h2 class=\"wp-block-heading\">Avan\u00e7os da Medicina na d\u00e9cada \u2013 2020<\/h2>\n\n\n\n<figure class=\"wp-block-image size-full\"><a href=\"https:\/\/prodoctor.net\/blog\/wp-content\/uploads\/2022\/12\/2020.jpg\"><img decoding=\"async\" width=\"770\" height=\"250\" src=\"https:\/\/prodoctor.net\/blog\/wp-content\/uploads\/2022\/12\/2020.jpg\" alt=\"avan\u00e7os da medicina em uma d\u00e9cada\" class=\"wp-image-24613\" srcset=\"https:\/\/prodoctor.net\/blog\/wp-content\/uploads\/2022\/12\/2020.jpg 770w, https:\/\/prodoctor.net\/blog\/wp-content\/uploads\/2022\/12\/2020-300x97.jpg 300w, https:\/\/prodoctor.net\/blog\/wp-content\/uploads\/2022\/12\/2020-768x249.jpg 768w\" sizes=\"(max-width: 770px) 100vw, 770px\" \/><\/a><\/figure>\n\n\n\n<h3 class=\"wp-block-heading\">Uma epidemia aterrorizou o mundo<\/h3>\n\n\n\n<p>A partir do dia 7 de janeiro, o planeta mergulharia em incertezas e medo. Como causador da <strong>&#8220;pandemia desconhecida&#8221;<\/strong>, os chineses identificaram um <a href=\"https:\/\/coronavirus.jhu.edu\/map.html\" target=\"_blank\" rel=\"noopener\"><strong>novo coronav\u00edrus<\/strong><\/a>, chamado temporariamente de <strong>&#8220;2019-nCoV&#8221;<\/strong>.<\/p>\n<p>Dois dias depois foi anunciada, oficialmente, a primeira morte em decorr\u00eancia da doen\u00e7a. O que se seguiu foi semelhante a um filme de suspense e terror. Os casos come\u00e7aram a multiplicar. No dia 20, o alarme fatal, com a not\u00edcia de que o v\u00edrus poderia ser transmitido entre os homens.<\/p>\n<p>Ent\u00e3o, foi declarada a quarentena em Wuhan, no dia 23. At\u00e9 ent\u00e3o, a <strong>Organiza\u00e7\u00e3o Mundial da Sa\u00fade (OMS)<\/strong> mantinha-se na expectativa, sem se pronunciar de uma forma&nbsp; incisiva. Come\u00e7avam a pipocar as cr\u00edticas, juntamente com as acusa\u00e7\u00f5es de que a China estaria escondendo informa\u00e7\u00f5es.<\/p>\n<p>Antes de janeiro terminar, a OMS alertou que o risco de surto fora do epicentro na China era real, mas sem tomar medidas efetivas. Diante disso, a China disponibilizou a sequ\u00eancia gen\u00e9tica do novo coronav\u00edrus. Enquanto isso, novos casos eram registrados em diversos pa\u00edses, na \u00c1frica, Am\u00e9rica do Norte e \u00c1sia.<\/p>\n<p>O termo <strong>Covid-19<\/strong> passou a ser utilizado pela OMS a partir do m\u00eas seguinte, designando a <strong>S\u00edndrome Respirat\u00f3ria Aguda Grave<\/strong>, com sua nomenclatura definitiva <strong>Sars-CoV-2<\/strong>.<\/p>\n<p>A OMS fez uma s\u00e9ria advert\u00eancia aos l\u00edderes mundiais no dia 15 de fevereiro. O diretor geral Tedros Adhanom alertou sobre a necessidade de que os sistemas de Sa\u00fade estivessem organizados, uma vez que n\u00e3o se podia prever o que poderia acontecer. Nove dias depois, declarou que todos se preparassem com o objetivo de enfrentar uma pandemia.<\/p>\n<p>Mas, a epidemia j\u00e1 estava em curso. Pa\u00edses como a It\u00e1lia, a Coreia do Sul e o Ir\u00e3 foram os primeiros a registrar o descontrole provocado pelo surto. O colapso do sistema de Sa\u00fade italiano aterrorizou o mundo e o norte do &#8220;Pa\u00eds da Bota&#8221; foi colocado sob quarentena.<\/p>\n<p>No Brasil, o primeiro caso foi registrado no dia 26 de fevereiro, em S\u00e3o Paulo. De imediato, anda em fevereiro, procedeu-se \u00e0 repatria\u00e7\u00e3o de brasileiros que viviam em Wuhan.<\/p>\n<p>Enquanto isso, a passos lentos, a OMS foi subindo o sinal de alerta, colocando o grau de amea\u00e7a como &#8220;muito elevado&#8221;.<\/p>\n<p>Com mais de 3 mil mortos contabilizados pelas autoridades em diferentes pa\u00edses, finalmente a OMS decretou a pandemia. Foi no dia 11 e, a partir da\u00ed, o mundo revirou de ponta cabe\u00e7a. Dois dias depois, a Europa j\u00e1 era o centro ativo da epidemia.<\/p>\n<p>O que se viu, a partir da\u00ed, foram escolas fechadas, medidas r\u00edgidas de controle e a recomenda\u00e7\u00e3o da Unesco (\u00f3rg\u00e3o da ONU para a Educa\u00e7\u00e3o) para que se utilizasse o recurso do ensino a dist\u00e2ncia. E uma palavra passou a ser bastante repetida mundo afora: &#8220;lockdown&#8221;. Com isso, come\u00e7aram as corridas aos supermercados para estocagem de mercadorias.<\/p>\n<p>O n\u00famero de casos no mundo, em abril, chegou a 2 milh\u00f5es, com os Estados Unidos eram o epicentro da doen\u00e7a.<\/p>\n<p>O notici\u00e1rio planeta afora, durante todo o ano, abrangeu a necessidade urgente de se produzir vacinas, al\u00e9m da necessidade de se fazer testagens em massa.<\/p>\n<p>No Brasil, no dia 31 de maio, a Covid alcan\u00e7ou&nbsp; a marca de maior &#8220;causa mortis&#8221;. Os n\u00fameros ultrapassaram 500 mil casos confirmados, com 514.849 pessoas infectadas desde o in\u00edcio da pandemia. As mortes atingiram 29.314 pessoas.<\/p>\n<p>Os laborat\u00f3rios precisavam correr contra o tempo. A R\u00fassia foi o primeiro pa\u00eds a registrar uma vacina contra o o Sars-CoV-2, a Sputnik V, desenvolvida pelo Centro de Pesquisas Gamaleya, aprovada em agosto.<\/p>\n<p>No dia 08 de dezembro, o Reino Unido se tornou o primeiro pa\u00eds do Ocidente a vacinar a popula\u00e7\u00e3o, ao convocar a senhora Margareth Keenan, de 90 anos, para o gesto hist\u00f3rico. O imunizante aprovado para utiliza\u00e7\u00e3o emergencial foi o desenvolvido pela parceria entre a Pfizer, farmac\u00eautica dos Estados Unidos, e a BioNTech, empresa de biotecnologia da Alemanha.<\/p>\n\n\n\n<h3>Mais avan\u00e7os contra o Zika V\u00edrus<\/h3>\n\n\n\n<p>Em junho de 2020, com tecnologia 100% nacional, cientistas brasileiros comemoraram a descoberta de como o <strong>Zika V\u00edrus<\/strong> age no c\u00e9rebro de beb\u00eas com microcefalia.<\/p>\n\n\n\n<p>O estudo in\u00e9dito foi publicado na prestigiosa revista <strong>&#8220;Science&#8221;<\/strong> e revelou que mudan\u00e7as no DNA, em prote\u00ednas e em neurotransmissores, col\u00e1geno reduzido e glucamato em excesso comp\u00f5em o rol de motivos para que algumas m\u00e3es infectadas gerem beb\u00eas com microcefalia, enquanto outras n\u00e3o.<\/p>\n\n\n\n<p>Com o prop\u00f3sito de entender quais as diferen\u00e7as entre aqueles que morreram devido \u00e0s complica\u00e7\u00f5es da microcefalia e os que faleceram por causas diferentes, os estudiosos analisaram dezenas de milhares de genes, prote\u00ednas e RNAs. <\/p>\n\n\n\n<p>Um dos principais autores do trabalho, o professor Helder Nakaya, da Faculdade de Ci\u00eancias Farmac\u00eauticas da Universidade de S\u00e3o Paulo, comemorou: &#8220;Esse foi o primeiro passo para poder falar para o mundo inteiro: essas daqui s\u00e3o as mol\u00e9culas afetadas pela doen\u00e7a&#8221;.<\/p>\n\n\n\n<h3 class=\"wp-block-heading\">Identifica\u00e7\u00e3o do v\u00edrus da hepatite C<\/h3>\n\n\n\n<p>Em outubro, o Instituto Karolinska anunciou os vencedores do Nobel de Medicina. Os cientistas Harvey J. Alter, Michael Houghton e Charlers receberam o pr\u00eamio por identificarem o v\u00edrus da <strong>Hepatite C<\/strong>, que causa cirrose e c\u00e2ncer de f\u00edgado.<\/p>\n<p>Desse modo, tornaram poss\u00edvel a realiza\u00e7\u00e3o de exames de sangue para detectar a doen\u00e7a e medicamentos para cur\u00e1-la. Conforme a <a href=\"https:\/\/www.who.int\/pt\" target=\"_blank\" rel=\"noopener\"><strong>Organiza\u00e7\u00e3o Mundial de Sa\u00fade (OMS)<\/strong><\/a>, em todo o planeta, cerca de 71 milh\u00f5es de pessoas t\u00eam o v\u00edrus.<\/p>\n\n\n\n<h3 class=\"wp-block-heading\">Uso da rob\u00f3tica em cirurgias<\/h3>\n\n\n\n<p id=\"j\"><\/p>\n\n\n\n<p>A <strong><a href=\"https:\/\/bit.ly\/3JsJDH5\" target=\"_blank\" rel=\"noreferrer noopener\">Rob\u00f3tica<\/a> <\/strong>foi outro grande destaque dentre os avan\u00e7os da Medicina na d\u00e9cada.<\/p>\n<p>Embora utilizada h\u00e1 bastante tempo e em larga escala em todo o mundo, deu seus primeiros passos no Brasil, tornando-se uma realidade em hospitais de ponta em S\u00e3o Paulo, no Rio de Janeiro e em Belo Horizonte.<\/p>\n<p>Segundo o portal <strong><a href=\"https:\/\/bit.ly\/3pBLpy0\" target=\"_blank\" rel=\"noreferrer noopener\">Canaltech<\/a><\/strong>, em 2020 foram realizadas mais de 14 mil cirurgias assistidas por rob\u00f4s.<\/p>\n\n\n\n<h2 class=\"wp-block-heading\">Avan\u00e7os em 2021<\/h2>\n\n\n\n<figure class=\"wp-block-image size-full\"><a href=\"https:\/\/prodoctor.net\/blog\/wp-content\/uploads\/2022\/12\/2021.jpg\"><img decoding=\"async\" width=\"770\" height=\"250\" src=\"https:\/\/prodoctor.net\/blog\/wp-content\/uploads\/2022\/12\/2021.jpg\" alt=\"avan\u00e7os da medicina em uma d\u00e9cada\" class=\"wp-image-24614\" srcset=\"https:\/\/prodoctor.net\/blog\/wp-content\/uploads\/2022\/12\/2021.jpg 770w, https:\/\/prodoctor.net\/blog\/wp-content\/uploads\/2022\/12\/2021-300x97.jpg 300w, https:\/\/prodoctor.net\/blog\/wp-content\/uploads\/2022\/12\/2021-768x249.jpg 768w\" sizes=\"(max-width: 770px) 100vw, 770px\" \/><\/a><\/figure>\n\n\n\n\n\n<h2 class=\"wp-block-heading\">Novas vacinas<\/h2>\n\n\n\n<h4>Covid-19<\/h4>\n\n\n\n<p>No dia 17 de janeiro, a enfermeira M\u00f4nica Calazans recebeu a primeira vacina contra a Covid aplicada no Brasil. Ela foi escolhida para simbolizar a luta daq1ueles que estavam na linha de frente, desde o in\u00edcio da pandemia, trabalhando no Instituto Em\u00edlio Ribas, em S\u00e3o Paulo.<\/p>\n<p>Al\u00e9m da AstraZ\u00eaneca e da CoronaVac (Instituto Butantan), a <a href=\"https:\/\/www.gov.br\/anvisa\/pt-br\" target=\"_blank\" rel=\"noopener\"><strong>Ag\u00eancia Nacional de Vigil\u00e2ncia Sanit\u00e1ria (Anvisa)<\/strong><\/a> autorizou o uso de outros dois imunizantes no Brasil: a Janssen e a Pfizer.<\/p>\n<p>Em 14 de fevereiro, a Funda\u00e7\u00e3o Oswaldo Cruz, atrav\u00e9s do Instituto de Tecnologia em Imunobiol\u00f3gicos (Bio-Manguinhos\/Fiocruz), disponibilizou 550 mil doses da vacina Covid-19 (recombinante), produzidas com o Ingrediente Farmac\u00eautico Ativo (IFA) nacional.<\/p>\n<p>Essas primeiras doses integram o lote de 105 milh\u00f5es de doses de vacina da Fiocruz contratadas pelo Minist\u00e9rio da Sa\u00fade. No dia 27 de agosto, um artigo cient\u00edfico publicado no <a href=\"https:\/\/bit.ly\/3Yrez25\" target=\"_blank\" rel=\"noopener\"><strong>&#8220;Journal of Public Health Policy&#8221;<\/strong><\/a> revelou que o Brasil havia se tornado o epicentro global da Covid.<\/p>\n<p>Conforme os autores, contribu\u00edram para n\u00e3o s\u00f3 a aus\u00eancia de pol\u00edticas, de sa\u00fade, como tamb\u00e9m a demora para iniciar a vacina\u00e7\u00e3o em massa da popula\u00e7\u00e3o. A dr\u00e1stica redu\u00e7\u00e3o nos n\u00fameros de infectados, internados e mortos somente come\u00e7ou a ser verificada a partir do momento em que se refor\u00e7ou a cobertura vacinal.<\/p>\n<p>No dia 08 de dezembro, exatamente um ano depois de iniciada a vacina\u00e7\u00e3o no Ocidente, metade da popula\u00e7\u00e3o mundial j\u00e1 havia recebido ao menos uma dose de imunizante. Entretanto, enquanto os pa\u00edses ricos organizavam campanhas para uma dose de refor\u00e7o, os mais pobres registravam taxas pequenas de imuniza\u00e7\u00e3o.<\/p>\n<p>Conforme levantamento da plataforma <strong>Our World in Data<\/strong>, no final do ano, mais de 57% da popula\u00e7\u00e3o global j\u00e1 havia recebido pelo menos a primeira dose de algum imunizante contra a Covid-19.<\/p>\n<p>No Brasil, 66,5% da popula\u00e7\u00e3o estava com o esquema vacinal completo. Ou seja, com duas doses ou imunizante de dose \u00fanica.<\/p>\n\n\n\n<h3 class=\"wp-block-heading\">Tecnologia do RNA mensageiro<\/h3>\n\n\n\n<p>Utilizada na f\u00f3rmula da Pfizer e da Moderna, a <strong>tecnologia do mRNA<\/strong> <strong>(RNA mensageiro)<\/strong> teve importante desempenho no campo da ci\u00eancia.<\/p>\n<p>Sua relev\u00e2ncia \u00e9 explicada pelo fato dessas vacinas n\u00e3o exigirem grandes laborat\u00f3rios de biosseguran\u00e7a.<\/p>\n<p>No caso da gripe, por exemplo, tudo \u00e9 feito no laborat\u00f3rio, apenas com a utiliza\u00e7\u00e3o de c\u00f3digos gen\u00e9ticos e sem&nbsp; trabalhar com nenhum v\u00edrus vivo.<\/p>\n\n\n\n<h3 class=\"wp-block-heading\">Surge o primeiro medicamento contra o Alzheimer<\/h3>\n\n\n\n<p>Respons\u00e1vel por controlar e avaliar medicamentos nos EUA, a ag\u00eancia federal <strong>Food and Drug Administration (FDA)<\/strong> aprovou o <strong>Aduhelm<\/strong>, primeiro medicamento contra o <strong>Mal de Alzheimer<\/strong>.<\/p>\n<p>A droga, da empresa de biotecnologia Biogen Idec, tem como objetivo impedir a forma\u00e7\u00e3o de placas de prote\u00ednas t\u00f3xicas, compostas por beta-amiloide, no c\u00e9rebro dos pacientes com a enfermidade.<\/p>\n\n\n\n<h3 class=\"wp-block-heading\">Desenvolvimento de anticorpos contra o Ebola<\/h3>\n\n\n\n<p><strong>Coquetel Inmazeb<\/strong> &#8211; Com rela\u00e7\u00e3o ao Ebola, a empresa de biotecnologia Regeneron desenvolveu anticorpos monoclonais espec\u00edficos para combater o v\u00edrus.<\/p>\n<p>Basicamente, s\u00e3o prote\u00ednas (anticorpos) feitas em laborat\u00f3rio que imitam a capacidade do sistema imunol\u00f3gico de combater pat\u00f3genos nocivos, como o Ebola.<\/p>\n<p>Para os casos de Ebola, a empresa de biotecnologia Regeneron desenvolveu anticorpos monoclonais espec\u00edficos contra este v\u00edrus, o coquetel Inmazeb, j\u00e1 em uso nos EUA.<\/p>\n\n\n\n<h3 class=\"wp-block-heading\">Tomografias mais precisas<\/h3>\n\n\n\n<p>A empresa Siemens (Alemanha) desenvolveu o Naeotom Alpha, com detectores mais sens\u00edveis do que os aparelhos em uso na \u00e9poca.<\/p>\n<p>Dessa maneira, tornou poss\u00edvel a captura de imagens ainda mais n\u00edtidas e de alto contraste do funcionamento interno do corpo humano, com a consequente possibilidade de melhorar e tornar ainda mais r\u00e1pidos os diagn\u00f3sticos m\u00e9dicos.<\/p>\n\n\n\n<h2 class=\"wp-block-heading\">Vacina contra a mal\u00e1ria<\/h2>\n\n\n\n<p>Em outubro, a Organiza\u00e7\u00e3o Mundial da Sa\u00fade aprovou a primeira vacina contra a mal\u00e1ria da hist\u00f3ria.<\/p>\n\n\n\n<h3 class=\"wp-block-heading\">A descoberta dos genes que codificam receptores de est\u00edmulos<\/h3>\n\n\n\n<p>O pr\u00eamio Nobel de Medicina coroou, em 2021, as pesquisas dos neurocientistas Ardem Patapoutian e David Julius.<\/p>\n<p>Eles aprofundaram seus estudos sobre como a press\u00e3o e a temperatura s\u00e3o transmitidas em impulsos nervosos.<\/p>\n<p>Dessa forma, descobriram genes que codificam receptores de est\u00edmulos.<\/p>\n\n\n\n<h3 class=\"wp-block-heading\"><strong>Crispr<\/strong> na produ\u00e7\u00e3o de medicamentos<\/h3>\n\n\n\n<p>Desde 2012 os cientistas trabalham no aperfei\u00e7oamento da ferramenta para realizar a <strong>revolucion\u00e1ria edi\u00e7\u00e3o gen\u00e9tica<\/strong>.<\/p>\n<p>At\u00e9 ent\u00e3o, o m\u00e9todo estava sendo utilizado para combater enfermidades, cujas muta\u00e7\u00f5es gen\u00e9ticas est\u00e3o na corrente sangu\u00ednea.<\/p>\n<p>Contudo, em agosto, cientistas da University College London (Inglaterra) anunciaram os resultados alcan\u00e7ados ap\u00f3s os testes iniciais com o uso de uma droga que corrige um defeito gen\u00e9tico causador da doen\u00e7a hep\u00e1tica <strong>amiloidose por transtirretina (ATTR)<\/strong>.<\/p>\n<p>Uma porta aberta para que novos rem\u00e9dios sejam produzidos utilizando a Crispr.&nbsp;<\/p>\n\n\n\n<h3 class=\"wp-block-heading\">Medicamento para preven\u00e7\u00e3o do HIV<\/h3>\n\n\n\n<p id=\"k\"><\/p>\n\n\n\n<p>Para fechar o ano, os EUA aprovaram a primeira droga injet\u00e1vel de longa dura\u00e7\u00e3o, com o prop\u00f3sito de prevenir os casos da doen\u00e7a e que deve revolucionar a preven\u00e7\u00e3o do v\u00edrus da Aids.<\/p>\n<p>O medicamento, da farmac\u00eautica ViiV Healthcare, deve ser aplicado bimestralmente, sendo considerado uma Profilaxia Pr\u00e9-Exposi\u00e7\u00e3o (PrEP).<\/p>\n<p>Em outras palavras: n\u00e3o \u00e9 um tratamento para quem j\u00e1 tem o v\u00edrus, mas uma terapia que impede novas infec\u00e7\u00f5es.<\/p>\n\n\n\n<h2 class=\"wp-block-heading\">Avan\u00e7os da Medicina na d\u00e9cada &#8211; 2022<\/h2>\n\n\n\n<figure class=\"wp-block-image size-full\"><a href=\"https:\/\/prodoctor.net\/blog\/wp-content\/uploads\/2022\/12\/2022.jpg\"><img decoding=\"async\" width=\"770\" height=\"250\" src=\"https:\/\/prodoctor.net\/blog\/wp-content\/uploads\/2022\/12\/2022.jpg\" alt=\"avan\u00e7os da medicina na d\u00e9cada\" class=\"wp-image-24615\" srcset=\"https:\/\/prodoctor.net\/blog\/wp-content\/uploads\/2022\/12\/2022.jpg 770w, https:\/\/prodoctor.net\/blog\/wp-content\/uploads\/2022\/12\/2022-300x97.jpg 300w, https:\/\/prodoctor.net\/blog\/wp-content\/uploads\/2022\/12\/2022-768x249.jpg 768w\" sizes=\"(max-width: 770px) 100vw, 770px\" \/><\/a><\/figure>\n\n\n\n<h3 class=\"wp-block-heading\">Telemedicina<\/h3>\n\n\n\n<p>No Brasil, o atendimento m\u00e9dico virtual foi regulamentado pela <a href=\"https:\/\/www.in.gov.br\/en\/web\/dou\/-\/resolucao-cfm-n-2.314-de-20-de-abril-de-2022-397602852\" target=\"_blank\" rel=\"noopener\">Resolu\u00e7\u00e3o n\u00ba 2.314\/2022<\/a>, divulgada no dia 5 de maio, estando v\u00e1lida, por\u00e9m, desde 20 de abril.<\/p>\n<p>Sem d\u00favida, n\u00e3o era um tema novo, pois j\u00e1 em 2018, dois anos antes do in\u00edcio da pandemia de Covid-19, estava entre os debates nos c\u00edrculos m\u00e9dicos mais avan\u00e7ados.<\/p>\n<p>Entretanto, com a nova realidade, impondo o distanciamento social, a pr\u00e1tica passou a ocupar um espa\u00e7o de destaque, facilitando os atendimentos m\u00e9dicos a dist\u00e2ncia.<\/p>\n<p>Desde ent\u00e3o, ficou evidente que a Telemedicina extrapola a redu\u00e7\u00e3o do risco de exposi\u00e7\u00e3o ao v\u00edrus.<\/p>\n<p>Gra\u00e7as \u00e0 <strong>alian\u00e7a entre Medicina e Tecnologia<\/strong>, quebraram-se as barreiras de tempo e espa\u00e7o, proporcionando benef\u00edcios inestim\u00e1veis para os pacientes em toda a \u00e1rea de Sa\u00fade. Ficou consolidada a certeza de que a <a href=\"https:\/\/prodoctor.net\/blog\/prodoctor-telemedicina-e-case-global-da-aws\/\" target=\"_blank\" rel=\"noopener\"><strong>Telemedicina<\/strong><\/a> \u00e9 uma nova realidade, que veio para ficar.<\/p>\n\n\n\n<h3 class=\"wp-block-heading\">Covid &#8211; a guerra continua<\/h3>\n\n\n\n<p>Entre o final de 2021 e o in\u00edcio de 2022, o planeta voltou a ser assolado pela amea\u00e7a da pandemia, atrav\u00e9s da variante \u00f4micron, que provocou um pico de infec\u00e7\u00f5es, As muta\u00e7\u00f5es gen\u00e9ticas que as originam a tornam mais transmiss\u00edvel e ainda mais perigosa em termos de reinfec\u00e7\u00e3o que outras cepas.<\/p>\n<p>Ap\u00f3s a onda de infec\u00e7\u00f5es registrada em maio e junho, a pandemia parecia ter dado um descanso. Todavia, em outubro, o sinal de alerta voltou a ser ligado em todos os estabelecimentos de Sa\u00fade mundo afora. O agente das preocupa\u00e7\u00f5es \u00e9 uma subvariante da \u00f4micron, a BQ.1, que j\u00e1 provocou ondas de cont\u00e1gio nos Estados Unidos e no continente europeu.<\/p>\n<p>Sem d\u00favida, a pandemia recrudesceu em 2022, conforme atesta a Taxa de Transmiss\u00e3o (Rt), que disparou em novembro. Hoje, a amea\u00e7a das subvariantes deixa claro que o v\u00edrus ainda passa por mudan\u00e7as gen\u00e9ticas.<\/p>\n<p>Na quarta-feira, 14 de dezembro, levantamento realizado pelo cons\u00f3rcio de ve\u00edculos de imprensa revelou que <a href=\"http:\/\/glo.bo\/3PDH8oX\"><strong>172.319328 brasileiros est\u00e3o totalmente imunizados<\/strong><\/a> ao tomar a segunda dose ou a dose \u00fanica de vacinas contra a Covid-19.<\/p>\n<p>Isso representa 80,21%\u00a0 da popula\u00e7\u00e3o total do Brasil. A dose de refor\u00e7o foi aplicada em 106.855.033 pessoas, ou seja, 49,74% da popula\u00e7\u00e3o.<\/p>\n\n\n\n<h3 class=\"wp-block-heading\">Ciberseguran\u00e7a<\/h3>\n\n\n\n<p>A pesquisa Global Digital Trust Insights Survey 2022, realizada pela PwC, mostrou que 83% das empresas brasileiras estimam elevar os investimentos em ciberseguran\u00e7a.<\/p>\n<p>Esse despertar \u00e9 essencial, uma vez que diversas institui\u00e7\u00f5es de Sa\u00fade t\u00eam, cada vez mais, utilizado ferramentas digitais, aumentando o fluxo e compartilhamento de informa\u00e7\u00f5es.<\/p>\n<p>Como sabemos, os <a href=\"https:\/\/prodoctor.net\/blog\/venda-de-dados-da-saude-o-seu-sistema-medico-te-protege-de-ciberataques-ou-vazamentos\/\" target=\"_blank\" rel=\"noopener\">dados da Sa\u00fade podem valer mais que dados banc\u00e1rios na darkweb<\/a>.<\/p>\n<p>Portanto, investir em ciberseguran\u00e7a significa tamb\u00e9m investir em ferramentas digitais comprometidas com todos os protocolos de seguran\u00e7a e que se adequam \u00e0s leis, como a <a href=\"https:\/\/prodoctor.net\/blog\/o-que-e-lgpd-e-como-se-adequar\/\" target=\"_blank\" rel=\"noopener\">LGPD<\/a> e \u00e0s <a href=\"https:\/\/prodoctor.net\/blog\/prodoctor-ja-atende-nova-resolucao-do-cfm\/\" target=\"_blank\" rel=\"noopener\">resolu\u00e7\u00f5es<\/a> de \u00f3rg\u00e3os como o <a href=\"https:\/\/portal.cfm.org.br\/\"><strong>Conselho Federal de Medicina (CFM)<\/strong><\/a>.<\/p>\n\n\n\n<h3 class=\"wp-block-heading\">Medicina regenerativa<\/h3>\n\n\n\n<p>Com toda certeza, as descobertas sobre o <strong>c\u00f3digo gen\u00e9tico<\/strong> foram um dos maiores avan\u00e7os da Medicina na d\u00e9cada.<\/p>\n<p>Estudos, pesquisas e testes exaustivos sedimentaram a compreens\u00e3o acerca do genoma humano e como fabricar organismos em laborat\u00f3rio.<\/p>\n<p>Paralelamente, destacou-se a cria\u00e7\u00e3o de <strong>\u00f3rg\u00e3os tridimensionais<\/strong> a partir de tecidos humanos, com o intuito de substituir partes da anatomia humana.<\/p>\n<p>Nesse sentido, em junho, por exemplo, a <a href=\"https:\/\/bit.ly\/3FQr7c4\" target=\"_blank\" rel=\"noopener\"><strong>3DBio Therapeutics<\/strong><\/a>, empresa de <strong>Medicina regenerativa<\/strong> com sede em Nova Iorque (EUA), apresentou ao planeta uma nova orelha que desenvolveu para uma jovem nascida sem uma delas.<\/p>\n<p>Para isso, utilizou as pr\u00f3prias c\u00e9lulas da jovem, de 20 anos de idade, a fim construir o \u00f3rg\u00e3o com tecnologia de impress\u00e3o 3D e depois a implantou sob um peda\u00e7o de pele onde deveria estar a orelha.<\/p>\n<p>O sucesso do implante foi considerado a primeira aplica\u00e7\u00e3o m\u00e9dica bem-sucedida da tecnologia de impress\u00e3o de tecidos. Sem d\u00favida, um avan\u00e7o enorme no campo da engenharia de tecidos.<\/p>\n\n\n\n<h3 class=\"wp-block-heading\">Paleogen\u00e9tica<\/h3>\n\n\n\n<p>O sueco Svante P\u00e4\u00e4bo ganhou o Pr\u00eamio Nobel 2022 em Medicina. Conforme a Assembleia do Nobel no Instituto Karolinska (Su\u00e9cia), a l\u00e1urea \u00e9 o reconhecimento pelas suas descobertas sobre os genomas de homin\u00eddeos extintos e a evolu\u00e7\u00e3o humana.<\/p>\n\n\n\n<p id=\"l\">Nesse sentido, ao explicar as diferen\u00e7as gen\u00e9ticas que distinguem os seres humanos vivos desses ancestrais j\u00e1 extintos, o trabalho do cientista originou um campo cient\u00edfico totalmente novo: a <strong>paleogen\u00e9tica<\/strong>. <\/p>\n\n\n\n<p>Suas descobertas fornecem a base para explorar o que nos torna exclusivamente humanos. Interessante relembrar que, em 1982, o pai do cientista, Sune Bergstrom, tamb\u00e9m ganhou o Nobel de Medicina.<\/p>\n\n\n\n<h2 class=\"wp-block-heading\">De olho no futuro<\/h2>\n\n\n\n<figure class=\"wp-block-image size-full\"><a href=\"https:\/\/prodoctor.net\/blog\/wp-content\/uploads\/2022\/12\/futuro.jpg\"><img decoding=\"async\" width=\"770\" height=\"250\" src=\"https:\/\/prodoctor.net\/blog\/wp-content\/uploads\/2022\/12\/futuro.jpg\" alt=\"avan\u00e7os da medicina em uma d\u00e9cada\" class=\"wp-image-24616\" srcset=\"https:\/\/prodoctor.net\/blog\/wp-content\/uploads\/2022\/12\/futuro.jpg 770w, https:\/\/prodoctor.net\/blog\/wp-content\/uploads\/2022\/12\/futuro-300x97.jpg 300w, https:\/\/prodoctor.net\/blog\/wp-content\/uploads\/2022\/12\/futuro-768x249.jpg 768w\" sizes=\"(max-width: 770px) 100vw, 770px\" \/><\/a><\/figure>\n\n\n\n<p>Aqui, na <strong>ProDoctor<\/strong>, n\u00f3s estamos sempre de olho nas tend\u00eancias. Estamos h\u00e1 30 anos construindo o futuro no mercado de <strong>Sa\u00fade Digital<\/strong>, sempre com muita inova\u00e7\u00e3o e responsabilidade.<\/p>\n<p>Por isso, vamos trazer pra voc\u00ea, aqui no <strong>Blog<\/strong>, um artigo especial com as <strong>promessas de avan\u00e7os tecnol\u00f3gicos<\/strong> <strong>na Medicina<\/strong> para os pr\u00f3ximos meses. N\u00e3o deixe de acompanhar!<\/p>\n\n\n<p>\u00a0<\/p>\n<p><!-- \/wp:post-content --><\/p>","protected":false},"excerpt":{"rendered":"<p>Palavras como rob\u00f3tica, imunoterapia, cirurgia gen\u00e9tica, Big Data, impress\u00f5es tridimensionais e Telemedicina ocuparam manchetes em todas as m\u00eddias pelo&#8230;<\/p>\n","protected":false},"author":4,"featured_media":24597,"comment_status":"closed","ping_status":"closed","sticky":false,"template":"","format":"standard","meta":{"_kad_blocks_custom_css":"","_kad_blocks_head_custom_js":"","_kad_blocks_body_custom_js":"","_kad_blocks_footer_custom_js":"","_kadence_starter_templates_imported_post":false,"_kad_post_transparent":"","_kad_post_title":"","_kad_post_layout":"","_kad_post_sidebar_id":"","_kad_post_content_style":"","_kad_post_vertical_padding":"","_kad_post_feature":"","_kad_post_feature_position":"","_kad_post_header":false,"_kad_post_footer":false,"footnotes":""},"categories":[413,414],"tags":[],"class_list":["post-24536","post","type-post","status-publish","format-standard","has-post-thumbnail","hentry","category-medicina-e-saude","category-tecnologia-medicina"],"yoast_head":"<!-- This site is optimized with the Yoast SEO plugin v27.0 - https:\/\/yoast.com\/product\/yoast-seo-wordpress\/ -->\n<title>Quais os avan\u00e7os da Medicina na d\u00e9cada? Confira! | ProDoctor<\/title>\n<meta name=\"description\" content=\"Avan\u00e7os da Medicina na d\u00e9cada aumentam esperan\u00e7as de cura. Alian\u00e7a entre a Medicina e a Tecnologia \u00e9 cada vez mais intensa e fundamental.\" \/>\n<meta name=\"robots\" content=\"index, follow, max-snippet:-1, max-image-preview:large, max-video-preview:-1\" \/>\n<link rel=\"canonical\" href=\"https:\/\/prodoctor.net\/blog\/avancos-da-medicina-na-decada\/\" \/>\n<meta property=\"og:locale\" content=\"pt_BR\" \/>\n<meta property=\"og:type\" content=\"article\" \/>\n<meta property=\"og:title\" content=\"Quais os avan\u00e7os da Medicina na d\u00e9cada? Confira! | ProDoctor\" \/>\n<meta property=\"og:description\" content=\"Avan\u00e7os da Medicina na d\u00e9cada aumentam esperan\u00e7as de cura. Alian\u00e7a entre a Medicina e a Tecnologia \u00e9 cada vez mais intensa e fundamental.\" \/>\n<meta property=\"og:url\" content=\"https:\/\/prodoctor.net\/blog\/avancos-da-medicina-na-decada\/\" \/>\n<meta property=\"og:site_name\" content=\"Blog ProDoctor\" \/>\n<meta property=\"article:publisher\" content=\"https:\/\/www.facebook.com\/prodoctorsoftware\" \/>\n<meta property=\"article:published_time\" content=\"2022-12-15T20:47:26+00:00\" \/>\n<meta property=\"article:modified_time\" content=\"2022-12-19T13:49:17+00:00\" \/>\n<meta property=\"og:image\" content=\"https:\/\/prodoctor.net\/blog\/wp-content\/uploads\/2022\/12\/avancos-da-medicina-na-decada-scaled.jpeg\" \/>\n\t<meta property=\"og:image:width\" content=\"2560\" \/>\n\t<meta property=\"og:image:height\" content=\"1707\" \/>\n\t<meta property=\"og:image:type\" content=\"image\/jpeg\" \/>\n<meta name=\"author\" content=\"Geraldo Muanis\" \/>\n<meta name=\"twitter:card\" content=\"summary_large_image\" \/>\n<meta name=\"twitter:creator\" content=\"@prodoctorsoft\" \/>\n<meta name=\"twitter:site\" content=\"@prodoctorsoft\" \/>\n<meta name=\"twitter:label1\" content=\"Escrito por\" \/>\n\t<meta name=\"twitter:data1\" content=\"Geraldo Muanis\" \/>\n\t<meta name=\"twitter:label2\" content=\"Est. tempo de leitura\" \/>\n\t<meta name=\"twitter:data2\" content=\"36 minutos\" \/>\n<script type=\"application\/ld+json\" class=\"yoast-schema-graph\">{\"@context\":\"https:\/\/schema.org\",\"@graph\":[{\"@type\":\"Article\",\"@id\":\"https:\/\/prodoctor.net\/blog\/avancos-da-medicina-na-decada\/#article\",\"isPartOf\":{\"@id\":\"https:\/\/prodoctor.net\/blog\/avancos-da-medicina-na-decada\/\"},\"author\":{\"name\":\"Geraldo Muanis\",\"@id\":\"https:\/\/prodoctor.net\/blog\/#\/schema\/person\/fc6e8716a3a349001fce9d75ee422f84\"},\"headline\":\"Avan\u00e7os da Medicina na d\u00e9cada\",\"datePublished\":\"2022-12-15T20:47:26+00:00\",\"dateModified\":\"2022-12-19T13:49:17+00:00\",\"mainEntityOfPage\":{\"@id\":\"https:\/\/prodoctor.net\/blog\/avancos-da-medicina-na-decada\/\"},\"wordCount\":6704,\"publisher\":{\"@id\":\"https:\/\/prodoctor.net\/blog\/#organization\"},\"image\":{\"@id\":\"https:\/\/prodoctor.net\/blog\/avancos-da-medicina-na-decada\/#primaryimage\"},\"thumbnailUrl\":\"https:\/\/prodoctor.net\/blog\/wp-content\/uploads\/2022\/12\/avancos-da-medicina-na-decada-scaled.jpeg\",\"articleSection\":[\"Medicina e Sa\u00fade\",\"Tecnologia na Medicina\"],\"inLanguage\":\"pt-BR\"},{\"@type\":\"WebPage\",\"@id\":\"https:\/\/prodoctor.net\/blog\/avancos-da-medicina-na-decada\/\",\"url\":\"https:\/\/prodoctor.net\/blog\/avancos-da-medicina-na-decada\/\",\"name\":\"Quais os avan\u00e7os da Medicina na d\u00e9cada? Confira! | ProDoctor\",\"isPartOf\":{\"@id\":\"https:\/\/prodoctor.net\/blog\/#website\"},\"primaryImageOfPage\":{\"@id\":\"https:\/\/prodoctor.net\/blog\/avancos-da-medicina-na-decada\/#primaryimage\"},\"image\":{\"@id\":\"https:\/\/prodoctor.net\/blog\/avancos-da-medicina-na-decada\/#primaryimage\"},\"thumbnailUrl\":\"https:\/\/prodoctor.net\/blog\/wp-content\/uploads\/2022\/12\/avancos-da-medicina-na-decada-scaled.jpeg\",\"datePublished\":\"2022-12-15T20:47:26+00:00\",\"dateModified\":\"2022-12-19T13:49:17+00:00\",\"description\":\"Avan\u00e7os da Medicina na d\u00e9cada aumentam esperan\u00e7as de cura. Alian\u00e7a entre a Medicina e a Tecnologia \u00e9 cada vez mais intensa e fundamental.\",\"breadcrumb\":{\"@id\":\"https:\/\/prodoctor.net\/blog\/avancos-da-medicina-na-decada\/#breadcrumb\"},\"inLanguage\":\"pt-BR\",\"potentialAction\":[{\"@type\":\"ReadAction\",\"target\":[\"https:\/\/prodoctor.net\/blog\/avancos-da-medicina-na-decada\/\"]}]},{\"@type\":\"ImageObject\",\"inLanguage\":\"pt-BR\",\"@id\":\"https:\/\/prodoctor.net\/blog\/avancos-da-medicina-na-decada\/#primaryimage\",\"url\":\"https:\/\/prodoctor.net\/blog\/wp-content\/uploads\/2022\/12\/avancos-da-medicina-na-decada-scaled.jpeg\",\"contentUrl\":\"https:\/\/prodoctor.net\/blog\/wp-content\/uploads\/2022\/12\/avancos-da-medicina-na-decada-scaled.jpeg\",\"width\":2560,\"height\":1707,\"caption\":\"Scientist holding glass flask with blue genetic material in busy laboratory. Multiethnic team of medical researchers working together in sterile lab wearing protection glasses and gloves.\"},{\"@type\":\"BreadcrumbList\",\"@id\":\"https:\/\/prodoctor.net\/blog\/avancos-da-medicina-na-decada\/#breadcrumb\",\"itemListElement\":[{\"@type\":\"ListItem\",\"position\":1,\"name\":\"In\u00edcio\",\"item\":\"https:\/\/prodoctor.net\/blog\/\"},{\"@type\":\"ListItem\",\"position\":2,\"name\":\"Avan\u00e7os da Medicina na d\u00e9cada\"}]},{\"@type\":\"WebSite\",\"@id\":\"https:\/\/prodoctor.net\/blog\/#website\",\"url\":\"https:\/\/prodoctor.net\/blog\/\",\"name\":\"Blog ProDoctor\",\"description\":\"Tudo sobre o mundo da Sa\u00fade\",\"publisher\":{\"@id\":\"https:\/\/prodoctor.net\/blog\/#organization\"},\"potentialAction\":[{\"@type\":\"SearchAction\",\"target\":{\"@type\":\"EntryPoint\",\"urlTemplate\":\"https:\/\/prodoctor.net\/blog\/?s={search_term_string}\"},\"query-input\":{\"@type\":\"PropertyValueSpecification\",\"valueRequired\":true,\"valueName\":\"search_term_string\"}}],\"inLanguage\":\"pt-BR\"},{\"@type\":\"Organization\",\"@id\":\"https:\/\/prodoctor.net\/blog\/#organization\",\"name\":\"ProDoctor Software S\/A\",\"url\":\"https:\/\/prodoctor.net\/blog\/\",\"logo\":{\"@type\":\"ImageObject\",\"inLanguage\":\"pt-BR\",\"@id\":\"https:\/\/prodoctor.net\/blog\/#\/schema\/logo\/image\/\",\"url\":\"https:\/\/prodoctor.net\/blog\/wp-content\/uploads\/2017\/01\/Logo_PDo_Lateral.png\",\"contentUrl\":\"https:\/\/prodoctor.net\/blog\/wp-content\/uploads\/2017\/01\/Logo_PDo_Lateral.png\",\"width\":2014,\"height\":485,\"caption\":\"ProDoctor Software S\/A\"},\"image\":{\"@id\":\"https:\/\/prodoctor.net\/blog\/#\/schema\/logo\/image\/\"},\"sameAs\":[\"https:\/\/www.facebook.com\/prodoctorsoftware\",\"https:\/\/x.com\/prodoctorsoft\",\"https:\/\/www.instagram.com\/prodoctorsoftware\/\",\"https:\/\/www.linkedin.com\/company\/prodoctor-software-ltda\",\"https:\/\/www.youtube.com\/channel\/UCIWuDLsVtIpX-PEqQn1pNlw\"]},{\"@type\":\"Person\",\"@id\":\"https:\/\/prodoctor.net\/blog\/#\/schema\/person\/fc6e8716a3a349001fce9d75ee422f84\",\"name\":\"Geraldo Muanis\",\"image\":{\"@type\":\"ImageObject\",\"inLanguage\":\"pt-BR\",\"@id\":\"https:\/\/prodoctor.net\/blog\/#\/schema\/person\/image\/\",\"url\":\"https:\/\/secure.gravatar.com\/avatar\/414f2d04debf4ae162891e2198886ea1648baa21156e532e777093184c6fec56?s=96&d=mm&r=g\",\"contentUrl\":\"https:\/\/secure.gravatar.com\/avatar\/414f2d04debf4ae162891e2198886ea1648baa21156e532e777093184c6fec56?s=96&d=mm&r=g\",\"caption\":\"Geraldo Muanis\"}}]}<\/script>\n<!-- \/ Yoast SEO plugin. -->","yoast_head_json":{"title":"Quais os avan\u00e7os da Medicina na d\u00e9cada? Confira! | ProDoctor","description":"Avan\u00e7os da Medicina na d\u00e9cada aumentam esperan\u00e7as de cura. Alian\u00e7a entre a Medicina e a Tecnologia \u00e9 cada vez mais intensa e fundamental.","robots":{"index":"index","follow":"follow","max-snippet":"max-snippet:-1","max-image-preview":"max-image-preview:large","max-video-preview":"max-video-preview:-1"},"canonical":"https:\/\/prodoctor.net\/blog\/avancos-da-medicina-na-decada\/","og_locale":"pt_BR","og_type":"article","og_title":"Quais os avan\u00e7os da Medicina na d\u00e9cada? Confira! | ProDoctor","og_description":"Avan\u00e7os da Medicina na d\u00e9cada aumentam esperan\u00e7as de cura. Alian\u00e7a entre a Medicina e a Tecnologia \u00e9 cada vez mais intensa e fundamental.","og_url":"https:\/\/prodoctor.net\/blog\/avancos-da-medicina-na-decada\/","og_site_name":"Blog ProDoctor","article_publisher":"https:\/\/www.facebook.com\/prodoctorsoftware","article_published_time":"2022-12-15T20:47:26+00:00","article_modified_time":"2022-12-19T13:49:17+00:00","og_image":[{"width":2560,"height":1707,"url":"https:\/\/prodoctor.net\/blog\/wp-content\/uploads\/2022\/12\/avancos-da-medicina-na-decada-scaled.jpeg","type":"image\/jpeg"}],"author":"Geraldo Muanis","twitter_card":"summary_large_image","twitter_creator":"@prodoctorsoft","twitter_site":"@prodoctorsoft","twitter_misc":{"Escrito por":"Geraldo Muanis","Est. tempo de leitura":"36 minutos"},"schema":{"@context":"https:\/\/schema.org","@graph":[{"@type":"Article","@id":"https:\/\/prodoctor.net\/blog\/avancos-da-medicina-na-decada\/#article","isPartOf":{"@id":"https:\/\/prodoctor.net\/blog\/avancos-da-medicina-na-decada\/"},"author":{"name":"Geraldo Muanis","@id":"https:\/\/prodoctor.net\/blog\/#\/schema\/person\/fc6e8716a3a349001fce9d75ee422f84"},"headline":"Avan\u00e7os da Medicina na d\u00e9cada","datePublished":"2022-12-15T20:47:26+00:00","dateModified":"2022-12-19T13:49:17+00:00","mainEntityOfPage":{"@id":"https:\/\/prodoctor.net\/blog\/avancos-da-medicina-na-decada\/"},"wordCount":6704,"publisher":{"@id":"https:\/\/prodoctor.net\/blog\/#organization"},"image":{"@id":"https:\/\/prodoctor.net\/blog\/avancos-da-medicina-na-decada\/#primaryimage"},"thumbnailUrl":"https:\/\/prodoctor.net\/blog\/wp-content\/uploads\/2022\/12\/avancos-da-medicina-na-decada-scaled.jpeg","articleSection":["Medicina e Sa\u00fade","Tecnologia na Medicina"],"inLanguage":"pt-BR"},{"@type":"WebPage","@id":"https:\/\/prodoctor.net\/blog\/avancos-da-medicina-na-decada\/","url":"https:\/\/prodoctor.net\/blog\/avancos-da-medicina-na-decada\/","name":"Quais os avan\u00e7os da Medicina na d\u00e9cada? Confira! | ProDoctor","isPartOf":{"@id":"https:\/\/prodoctor.net\/blog\/#website"},"primaryImageOfPage":{"@id":"https:\/\/prodoctor.net\/blog\/avancos-da-medicina-na-decada\/#primaryimage"},"image":{"@id":"https:\/\/prodoctor.net\/blog\/avancos-da-medicina-na-decada\/#primaryimage"},"thumbnailUrl":"https:\/\/prodoctor.net\/blog\/wp-content\/uploads\/2022\/12\/avancos-da-medicina-na-decada-scaled.jpeg","datePublished":"2022-12-15T20:47:26+00:00","dateModified":"2022-12-19T13:49:17+00:00","description":"Avan\u00e7os da Medicina na d\u00e9cada aumentam esperan\u00e7as de cura. Alian\u00e7a entre a Medicina e a Tecnologia \u00e9 cada vez mais intensa e fundamental.","breadcrumb":{"@id":"https:\/\/prodoctor.net\/blog\/avancos-da-medicina-na-decada\/#breadcrumb"},"inLanguage":"pt-BR","potentialAction":[{"@type":"ReadAction","target":["https:\/\/prodoctor.net\/blog\/avancos-da-medicina-na-decada\/"]}]},{"@type":"ImageObject","inLanguage":"pt-BR","@id":"https:\/\/prodoctor.net\/blog\/avancos-da-medicina-na-decada\/#primaryimage","url":"https:\/\/prodoctor.net\/blog\/wp-content\/uploads\/2022\/12\/avancos-da-medicina-na-decada-scaled.jpeg","contentUrl":"https:\/\/prodoctor.net\/blog\/wp-content\/uploads\/2022\/12\/avancos-da-medicina-na-decada-scaled.jpeg","width":2560,"height":1707,"caption":"Scientist holding glass flask with blue genetic material in busy laboratory. Multiethnic team of medical researchers working together in sterile lab wearing protection glasses and gloves."},{"@type":"BreadcrumbList","@id":"https:\/\/prodoctor.net\/blog\/avancos-da-medicina-na-decada\/#breadcrumb","itemListElement":[{"@type":"ListItem","position":1,"name":"In\u00edcio","item":"https:\/\/prodoctor.net\/blog\/"},{"@type":"ListItem","position":2,"name":"Avan\u00e7os da Medicina na d\u00e9cada"}]},{"@type":"WebSite","@id":"https:\/\/prodoctor.net\/blog\/#website","url":"https:\/\/prodoctor.net\/blog\/","name":"Blog ProDoctor","description":"Tudo sobre o mundo da Sa\u00fade","publisher":{"@id":"https:\/\/prodoctor.net\/blog\/#organization"},"potentialAction":[{"@type":"SearchAction","target":{"@type":"EntryPoint","urlTemplate":"https:\/\/prodoctor.net\/blog\/?s={search_term_string}"},"query-input":{"@type":"PropertyValueSpecification","valueRequired":true,"valueName":"search_term_string"}}],"inLanguage":"pt-BR"},{"@type":"Organization","@id":"https:\/\/prodoctor.net\/blog\/#organization","name":"ProDoctor Software S\/A","url":"https:\/\/prodoctor.net\/blog\/","logo":{"@type":"ImageObject","inLanguage":"pt-BR","@id":"https:\/\/prodoctor.net\/blog\/#\/schema\/logo\/image\/","url":"https:\/\/prodoctor.net\/blog\/wp-content\/uploads\/2017\/01\/Logo_PDo_Lateral.png","contentUrl":"https:\/\/prodoctor.net\/blog\/wp-content\/uploads\/2017\/01\/Logo_PDo_Lateral.png","width":2014,"height":485,"caption":"ProDoctor Software S\/A"},"image":{"@id":"https:\/\/prodoctor.net\/blog\/#\/schema\/logo\/image\/"},"sameAs":["https:\/\/www.facebook.com\/prodoctorsoftware","https:\/\/x.com\/prodoctorsoft","https:\/\/www.instagram.com\/prodoctorsoftware\/","https:\/\/www.linkedin.com\/company\/prodoctor-software-ltda","https:\/\/www.youtube.com\/channel\/UCIWuDLsVtIpX-PEqQn1pNlw"]},{"@type":"Person","@id":"https:\/\/prodoctor.net\/blog\/#\/schema\/person\/fc6e8716a3a349001fce9d75ee422f84","name":"Geraldo Muanis","image":{"@type":"ImageObject","inLanguage":"pt-BR","@id":"https:\/\/prodoctor.net\/blog\/#\/schema\/person\/image\/","url":"https:\/\/secure.gravatar.com\/avatar\/414f2d04debf4ae162891e2198886ea1648baa21156e532e777093184c6fec56?s=96&d=mm&r=g","contentUrl":"https:\/\/secure.gravatar.com\/avatar\/414f2d04debf4ae162891e2198886ea1648baa21156e532e777093184c6fec56?s=96&d=mm&r=g","caption":"Geraldo Muanis"}}]}},"taxonomy_info":{"category":[{"value":413,"label":"Medicina e Sa\u00fade"},{"value":414,"label":"Tecnologia na Medicina"}]},"featured_image_src_large":["https:\/\/prodoctor.net\/blog\/wp-content\/uploads\/2022\/12\/avancos-da-medicina-na-decada-1024x683.jpeg",1024,683,true],"author_info":{"display_name":"Geraldo Muanis","author_link":"https:\/\/prodoctor.net\/blog\/author\/geraldo-muanis\/"},"comment_info":0,"category_info":[{"term_id":413,"name":"Medicina e Sa\u00fade","slug":"medicina-e-saude","term_group":0,"term_taxonomy_id":413,"taxonomy":"category","description":"","parent":0,"count":148,"filter":"raw","cat_ID":413,"category_count":148,"category_description":"","cat_name":"Medicina e Sa\u00fade","category_nicename":"medicina-e-saude","category_parent":0},{"term_id":414,"name":"Tecnologia na Medicina","slug":"tecnologia-medicina","term_group":0,"term_taxonomy_id":414,"taxonomy":"category","description":"","parent":0,"count":157,"filter":"raw","cat_ID":414,"category_count":157,"category_description":"","cat_name":"Tecnologia na Medicina","category_nicename":"tecnologia-medicina","category_parent":0}],"tag_info":false,"_links":{"self":[{"href":"https:\/\/prodoctor.net\/blog\/wp-json\/wp\/v2\/posts\/24536","targetHints":{"allow":["GET"]}}],"collection":[{"href":"https:\/\/prodoctor.net\/blog\/wp-json\/wp\/v2\/posts"}],"about":[{"href":"https:\/\/prodoctor.net\/blog\/wp-json\/wp\/v2\/types\/post"}],"author":[{"embeddable":true,"href":"https:\/\/prodoctor.net\/blog\/wp-json\/wp\/v2\/users\/4"}],"replies":[{"embeddable":true,"href":"https:\/\/prodoctor.net\/blog\/wp-json\/wp\/v2\/comments?post=24536"}],"version-history":[{"count":101,"href":"https:\/\/prodoctor.net\/blog\/wp-json\/wp\/v2\/posts\/24536\/revisions"}],"predecessor-version":[{"id":24760,"href":"https:\/\/prodoctor.net\/blog\/wp-json\/wp\/v2\/posts\/24536\/revisions\/24760"}],"wp:featuredmedia":[{"embeddable":true,"href":"https:\/\/prodoctor.net\/blog\/wp-json\/wp\/v2\/media\/24597"}],"wp:attachment":[{"href":"https:\/\/prodoctor.net\/blog\/wp-json\/wp\/v2\/media?parent=24536"}],"wp:term":[{"taxonomy":"category","embeddable":true,"href":"https:\/\/prodoctor.net\/blog\/wp-json\/wp\/v2\/categories?post=24536"},{"taxonomy":"post_tag","embeddable":true,"href":"https:\/\/prodoctor.net\/blog\/wp-json\/wp\/v2\/tags?post=24536"}],"curies":[{"name":"wp","href":"https:\/\/api.w.org\/{rel}","templated":true}]}}