{"id":22680,"date":"2022-04-14T15:59:06","date_gmt":"2022-04-14T18:59:06","guid":{"rendered":"https:\/\/prodoctor.net\/blog\/?p=22680"},"modified":"2024-04-22T10:53:54","modified_gmt":"2024-04-22T13:53:54","slug":"congressos-de-oftalmologia-para-as-tendencias-do-mundo","status":"publish","type":"post","link":"https:\/\/prodoctor.net\/blog\/congressos-de-oftalmologia-para-as-tendencias-do-mundo\/","title":{"rendered":"Congressos de Oftalmologia para as tend\u00eancias do mundo"},"content":{"rendered":"\n<p><span style=\"font-weight: 400;\">Os congressos de oftalmologia no segundo semestre de 2022, est\u00e3o a todo favor. Com isso, a <\/span><a href=\"https:\/\/prodoctor.net\/\"><span style=\"font-weight: 400;\">ProDoctor<\/span><\/a><span style=\"font-weight: 400;\"> resolveu deixar voc\u00ea por dentro das especializa\u00e7\u00f5es da \u00e1rea e falar um pouco mais sobre essa profiss\u00e3o, mostrando seu papel de import\u00e2ncia na \u00e1rea da <\/span><a href=\"https:\/\/www.gov.br\/saude\/pt-br\"><span style=\"font-weight: 400;\">Sa\u00fade<\/span><\/a><span style=\"font-weight: 400;\">.<\/span><\/p>\n\n\n\n<p><span style=\"font-weight: 400;\">O dia em que se comemora a atua\u00e7\u00e3o desse profissional \u00e9 7 de Maio. Isto porque, neste mesmo dia, no ano de 1930, foi fundada a Sociedade de Oftalmologia de S\u00e3o Paulo. Por\u00e9m, s\u00f3 em 1986, foi institu\u00edda pelo ent\u00e3o ministro da Sa\u00fade, Seijo Tsuzuki.<\/span><\/p>\n\n\n\n<p><span style=\"font-weight: 400;\">A origem dessa profiss\u00e3o \u00e9 antiga, vinda dos gregos que estudavam as doen\u00e7as oculares da \u00e9poca, minuciosamente. E foi em 1850 que a profiss\u00e3o deu um passo maior, com o m\u00e9dico e f\u00edsico alem\u00e3o Hermann Ferdinand Ludwig Von Helmholtz. Ele foi o criador do aparelho que permitiria aos m\u00e9dicos examinar o globo ocular: o <\/span><a href=\"https:\/\/pt.wikipedia.org\/wiki\/Oftalmosc%C3%B3pio\"><span style=\"font-weight: 400;\">oftalmosc\u00f3pio<\/span><\/a><span style=\"font-weight: 400;\">. Esta cria\u00e7\u00e3o foi de extrema import\u00e2ncia para o avan\u00e7o dessa especialidade, que hoje pode ser dividida em v\u00e1rias sub-especialidades, que atendem \u00e0 todos os aspectos da oftalmologia.<\/span><\/p>\n\n\n\n<p><span style=\"font-weight: 400;\">Ao longo dos anos, a oftalmologia vem evoluindo muito, principalmente na \u00e1rea tecnol\u00f3gica. Novos aparelhos e avan\u00e7os dessa especialidade na medicina, vem mudando a vida de muitas pessoas. A oftalmologia pode ser considerada uma das primeiras especialidades m\u00e9dicas existentes no mundo, j\u00e1 que \u00e9 estudada desde os prim\u00f3rdios.<\/span><\/p>\n\n\n\n<figure class=\"wp-block-image size-full\"><a href=\"https:\/\/prodoctor.net\/blog\/wp-content\/uploads\/2022\/04\/AdobeStock_240837603-1-1-1.jpg\"><img decoding=\"async\" width=\"770\" height=\"250\" src=\"https:\/\/prodoctor.net\/blog\/wp-content\/uploads\/2022\/04\/AdobeStock_240837603-1-1-1.jpg\" alt=\"\" class=\"wp-image-22652\" srcset=\"https:\/\/prodoctor.net\/blog\/wp-content\/uploads\/2022\/04\/AdobeStock_240837603-1-1-1.jpg 770w, https:\/\/prodoctor.net\/blog\/wp-content\/uploads\/2022\/04\/AdobeStock_240837603-1-1-1-300x97.jpg 300w, https:\/\/prodoctor.net\/blog\/wp-content\/uploads\/2022\/04\/AdobeStock_240837603-1-1-1-768x249.jpg 768w\" sizes=\"(max-width: 770px) 100vw, 770px\" \/><\/a><figcaption>M\u00e9dico oftalmologista<\/figcaption><\/figure>\n\n\n\n<h2 class=\"wp-block-heading\"><b>No Brasil<\/b><\/h2>\n\n\n\n<p><span style=\"font-weight: 400;\">De acordo com o <\/span><a href=\"https:\/\/cbo.net.br\/2020\/\"><span style=\"font-weight: 400;\">Conselho Brasileiro de Oftalmologia (CBO)<\/span><\/a><span style=\"font-weight: 400;\">, existem mais de 13 mil m\u00e9dicos oftalmologistas em todo o Brasil. Dessa forma, estima-se que, 3,6% dos m\u00e9dicos formados no Brasil, escolhem essa especialidade para seguir carreira.<\/span><\/p>\n\n\n\n<p><span style=\"font-weight: 400;\">Por mais que tenhamos muitos profissionais nessa especialidade, o acesso \u00e0 tratamentos oftalmol\u00f3gicos n\u00e3o \u00e9 uma realidade para muitos brasileiros. O que \u00e9 comprovado com a alta quantidade de defici\u00eancias audiovisuais no pa\u00eds. Segundo o <\/span><a href=\"https:\/\/www.ibge.gov.br\/\"><span style=\"font-weight: 400;\">Instituto Brasileiro de Geografia e Estat\u00edstica (IBGE)<\/span><\/a><span style=\"font-weight: 400;\">, a cada 100 brasileiros, 19 possuem uma defici\u00eancia visual. S\u00e3o realizados diversos mutir\u00f5es de atendimentos no pa\u00eds, mas ainda assim, muitas pessoas n\u00e3o conseguem esse acesso.<\/span><\/p>\n\n\n\n<p><span style=\"font-weight: 400;\">Por esse motivo, a medicina requer muito cuidado e, principalmente, estudos constantes. Estar atualizado \u00e9 essencial para se tornar um profissional cada vez mais capacitado. S\u00e3o a\u00ed que entram os congressos de oftalmologia! Desse modo, com tantas mudan\u00e7as e inova\u00e7\u00f5es em aparelhos e novos medicamentos, \u00e9 muito importante acompanhar a evolu\u00e7\u00e3o e as tend\u00eancias do mundo.<\/span><\/p>\n\n\n\n<h2 class=\"wp-block-heading\"><b>Mas como acompanhar essas inova\u00e7\u00f5es?<\/b><\/h2>\n\n\n\n<p><span style=\"font-weight: 400;\">Os congressos sempre foram \u00f3timas oportunidades de ampliar conhecimento, trocar experi\u00eancias e se inteirar com as novidades do mercado de Sa\u00fade. A escolha em participar destes eventos \u00e9 sempre enriquecedora, al\u00e9m da intera\u00e7\u00e3o com outros profissionais da \u00e1rea de oftalmologia, que pode elevar seu conhecimento n\u00e3o s\u00f3 como profissional m\u00e9dico, mas como pessoa.<\/span><\/p>\n\n\n\n<h2 class=\"wp-block-heading\"><span style=\"font-weight: 400;\"><strong>Tem interesse em saber quando ser\u00e3o os pr\u00f3ximos congressos e eventos de Oftalmologia em 2022? Confira a agenda abaixo:<\/strong><\/span><\/h2>\n\n\n\n<h3 class=\"wp-block-heading\"><b>Abril<\/b><\/h3>\n\n\n\n<p><b>14\u00ba Simp\u00f3sio Internacional de Glaucoma da UNICAMP<\/b><\/p>\n\n\n\n<p><b>Data: 29 e 30<\/b><\/p>\n\n\n\n<p><span style=\"font-weight: 400;\">Local: Centro de Conven\u00e7\u00f5es Rebou\u00e7as<\/span><\/p>\n\n\n\n<p><span style=\"font-weight: 400;\">Mais informa\u00e7\u00f5es: <\/span><a href=\"http:\/\/www.simposioglaucomaunicamp.com.br\/\"><span style=\"font-weight: 400;\">www.simposioglaucomaunicamp.com.br<\/span><\/a><\/p>\n\n\n\n<p><span style=\"font-weight: 400;\">Este Simp\u00f3sio contar\u00e1 com convidados internacionais e renomados, como o <\/span><b>Dr. Anthony Khawaja<\/b><span style=\"font-weight: 400;\">, Professor e <\/span><i><span style=\"font-weight: 400;\">Consultant Ophthalmic Surgeon do Moorfileds Eye Hospital<\/span><\/i><span style=\"font-weight: 400;\">, na Inglaterra e uma das maiores autoridades em epidemiologia e gen\u00e9tica no Glaucoma. E o <\/span><b>Dr. Ike Ahmed<\/b><span style=\"font-weight: 400;\">, Professor da Universidade de Toronto e da Universidade de Utah, al\u00e9m de Diretor do <\/span><i><span style=\"font-weight: 400;\">Glaucoma and Advanced Anterior Surgical (GAASS)<\/span><\/i><span style=\"font-weight: 400;\"> Fellowship no Canad\u00e1, sem d\u00favida a grande estrela do cen\u00e1rio das <\/span><b>MIGS<\/b><span style=\"font-weight: 400;\"> (<\/span><i><span style=\"font-weight: 400;\">Minimally Invasive Glaucoma Surgery<\/span><\/i><span style=\"font-weight: 400;\">).<\/span><\/p>\n\n\n\n<h3 class=\"wp-block-heading\"><b>Maio<\/b><\/h3>\n\n\n\n<p><b>CNNO 2022 \u2013 Congresso Norte-Nordeste de Oftalmologia<\/b><\/p>\n\n\n\n<p><b>Data: 05 a 07<\/b><\/p>\n\n\n\n<p><span style=\"font-weight: 400;\">Local: Jo\u00e3o Pessoa \u2013 PB&nbsp;<\/span><\/p>\n\n\n\n<p><span style=\"font-weight: 400;\">Mais informa\u00e7\u00f5es:<\/span><a href=\"https:\/\/maiseventos.iweventos.com.br\/evento\/cnno2022\/home\"><span style=\"font-weight: 400;\">https:\/\/maiseventos.iweventos.com.br\/evento\/cnno2022\/home<\/span><\/a><\/p>\n\n\n\n<p><b>Congresso BRASCRS 2022 \u2013 XIX Congresso Internacional de Catarata e Cirurgia Refrativa<\/b><\/p>\n\n\n\n<p><b>Data: 25 a 28<\/b><\/p>\n\n\n\n<p><span style=\"font-weight: 400;\">Local: Salvador \u2013 Bahia<\/span><\/p>\n\n\n\n<p><span style=\"font-weight: 400;\">Mais informa\u00e7\u00f5es: <\/span><a href=\"https:\/\/brascrs.com.br\/\"><span style=\"font-weight: 400;\">https:\/\/brascrs.com.br\/<\/span><\/a><\/p>\n\n\n\n<h3 class=\"wp-block-heading\"><b>Junho<\/b><\/h3>\n\n\n\n<p><b>XXIII Congresso da Sociedade Brasileira de Uve\u00edtes \u2013 SBU 2022 SP<\/b><\/p>\n\n\n\n<p><b>Data: 09 a 11<\/b><\/p>\n\n\n\n<p><span style=\"font-weight: 400;\">Local: Esporte Clube S\u00edrio \u2013 S\u00e3o Paulo\/SP<\/span><\/p>\n\n\n\n<p><span style=\"font-weight: 400;\">Contato para mais informa\u00e7\u00f5es: (11) 94853-5446 \/ (11) 94211-0565 \/ (11) 98857-2955<\/span><\/p>\n\n\n\n<p><span style=\"font-weight: 400;\">&nbsp;<\/span><b>44\u00ba SIMASP 2022 \u2013 Simp\u00f3sio Internacional Moacyr \u00c1lvaro<\/b><\/p>\n\n\n\n<p><b>Data: 15 a 18<\/b><\/p>\n\n\n\n<p><span style=\"font-weight: 400;\">Local: Bienal do Ibirapuera \u2013 S\u00e3o Paulo \u2013 SP<\/span><\/p>\n\n\n\n<p><span style=\"font-weight: 400;\">Mais informa\u00e7\u00f5es: <\/span><a href=\"http:\/\/www.simasp.com.br\/\"><span style=\"font-weight: 400;\">www.simasp.com.br<\/span><\/a><\/p>\n\n\n\n<p><span style=\"font-weight: 400;\">&nbsp;Este evento contar\u00e1 com convidados nacionais e internacionais, de diferentes pa\u00edses. Ser\u00e1 realizado em formato de arenas, cobrindo todos os temas das sub-especialidades.<\/span><\/p>\n\n\n\n<h3 class=\"wp-block-heading\"><span style=\"font-weight: 400;\">&nbsp;<\/span><b>Julho<\/b><\/h3>\n\n\n\n<p><b>XXI Congresso da Sociedade Caipira de Oftalmologia<\/b><\/p>\n\n\n\n<p><b>Data: 22 a 23<\/b><\/p>\n\n\n\n<p><span style=\"font-weight: 400;\">Local: Atibaia \u2013 SP<\/span><\/p>\n\n\n\n<p><span style=\"font-weight: 400;\">&nbsp;Mais informa\u00e7\u00f5es:<\/span><a href=\"https:\/\/sistemacenacon.com.br\/evento\/caipira2022\/home\"><span style=\"font-weight: 400;\">https:\/\/sistemacenacon.com.br\/evento\/caipira2022\/home<\/span><\/a><\/p>\n\n\n\n<p><span style=\"font-weight: 400;\">Esse congresso contar\u00e1 com v\u00e1rias salas, tendo a participa\u00e7\u00e3o de discutidores convidados experts nos diferentes temas a serem apresentados.<\/span><\/p>\n\n\n\n<h3 class=\"wp-block-heading\"><b>Outubro<\/b><\/h3>\n\n\n\n<p><b>XXII Congresso Internacional da Sociedade Brasileira de Oftalmologia<\/b><\/p>\n\n\n\n<p><b>Data: 13 a 15<\/b><\/p>\n\n\n\n<p><span style=\"font-weight: 400;\">Local: Expo MAG \u2013 Rio de Janeiro<\/span><\/p>\n\n\n\n<p><span style=\"font-weight: 400;\">&nbsp;Mais informa\u00e7\u00f5es:<\/span><a href=\"http:\/\/www.sbo2022.com.br\/\"><span style=\"font-weight: 400;\">http:\/\/www.sbo2022.com.br\/<\/span><\/a><\/p>\n\n\n\n<p><span style=\"font-weight: 400;\">&nbsp;Um congresso com salas e cursos de diversos temas. Ser\u00e3o apresentados trabalhos e programa\u00e7\u00f5es cient\u00edficas.&nbsp;<\/span><\/p>\n\n\n\n<p><b>29\u00ba Congresso Internacional de Oculopl\u00e1stica e 8\u00ba Congresso Internacional de Est\u00e9tica Periocular<\/b><\/p>\n\n\n\n<p><b>Data: 28 a 29<\/b><\/p>\n\n\n\n<p><span style=\"font-weight: 400;\">Local: Centro de Conven\u00e7\u00f5es Rebou\u00e7as \u2013 S\u00e3o Paulo\/SP<\/span><\/p>\n\n\n\n<p><span style=\"font-weight: 400;\">Mais informa\u00e7\u00f5es:<\/span><a href=\"http:\/\/www.sbcpo.org.br\/\"><span style=\"font-weight: 400;\">www.sbcpo.org.br<\/span><\/a><\/p>\n\n\n\n<h3 class=\"wp-block-heading\"><b>Novembro<\/b><\/h3>\n\n\n\n<p><b>25\u00ba Congresso de Oftalmologia e 24\u00ba Congresso de Auxiliar de Oftalmologia da USP<\/b><\/p>\n\n\n\n<p><b>Data:&nbsp; 29\/11 a 03\/12<\/b><\/p>\n\n\n\n<p><span style=\"font-weight: 400;\">Local: Centro de Conven\u00e7\u00f5es Rebou\u00e7as &#8211; S\u00e3o Paulo\/SP<\/span><\/p>\n\n\n\n<p><span style=\"font-weight: 400;\">Mais informa\u00e7\u00f5es: <\/span><a href=\"https:\/\/cousp.com.br\/\"><span style=\"font-weight: 400;\">cousp.com.br<\/span><\/a><\/p>\n\n\n\n<p><span style=\"font-weight: 400;\">A programa\u00e7\u00e3o conta com v\u00e1rios convidados nacionais e internacionais, al\u00e9m de cursos e palestras das diversas especialidades da oftalmologia.&nbsp;<\/span><\/p>\n\n\n\n<hr class=\"wp-block-separator\"\/>\n\n\n\n<p>Amplie seu conhecimento e esteja preparado para os desafios da sua profiss\u00e3o. Aposte nos congressos de oftalmologia e v\u00e1 al\u00e9m dos atendimentos cotidianos do seu consult\u00f3rio m\u00e9dico.  <\/p>\n\n\n\n<div class=\"wp-block-cover paralax-pequeno\"><span aria-hidden=\"true\" class=\"wp-block-cover__gradient-background has-background-dim\"><\/span><img decoding=\"async\" width=\"770\" height=\"250\" class=\"wp-block-cover__image-background wp-image-21942\" alt=\"\" src=\"https:\/\/prodoctor.net\/blog\/wp-content\/uploads\/2022\/02\/AdobeStock_145283979.jpg\" data-object-fit=\"cover\" srcset=\"https:\/\/prodoctor.net\/blog\/wp-content\/uploads\/2022\/02\/AdobeStock_145283979.jpg 770w, https:\/\/prodoctor.net\/blog\/wp-content\/uploads\/2022\/02\/AdobeStock_145283979-300x97.jpg 300w, https:\/\/prodoctor.net\/blog\/wp-content\/uploads\/2022\/02\/AdobeStock_145283979-768x249.jpg 768w\" sizes=\"(max-width: 770px) 100vw, 770px\" \/><div class=\"wp-block-cover__inner-container is-layout-flow wp-block-cover-is-layout-flow\">\n<p class=\"has-text-align-center has-large-font-size\">Voc\u00ea tamb\u00e9m pode ficar por dentro de todas as inova\u00e7\u00f5es tecnol\u00f3gicas da sua \u00e1rea. Confira nossa p\u00e1gina de especialidades m\u00e9dicas.<\/p>\n\n\n\n<div class=\"wp-block-buttons is-content-justification-center is-layout-flex wp-container-core-buttons-is-layout-16018d1d wp-block-buttons-is-layout-flex\">\n<div class=\"wp-block-button\"><a class=\"wp-block-button__link has-white-color has-light-green-cyan-background-color has-text-color has-background\" href=\"https:\/\/prodoctor.net\/e\/software-para-oftalmologista\" target=\"_blank\" rel=\"noreferrer noopener\">saiba mais <\/a><\/div>\n<\/div>\n<\/div><\/div>\n\n\n","protected":false},"excerpt":{"rendered":"<p>Congressos de oftalmologia elevam o conhecimento da especialidade, al\u00e9m de preparar os profissionais para os novos desafios da profiss\u00e3o.<\/p>\n","protected":false},"author":8,"featured_media":22648,"comment_status":"closed","ping_status":"closed","sticky":false,"template":"","format":"standard","meta":{"_kad_blocks_custom_css":"","_kad_blocks_head_custom_js":"","_kad_blocks_body_custom_js":"","_kad_blocks_footer_custom_js":"","_kadence_starter_templates_imported_post":false,"_kad_post_transparent":"","_kad_post_title":"","_kad_post_layout":"","_kad_post_sidebar_id":"","_kad_post_content_style":"","_kad_post_vertical_padding":"","_kad_post_feature":"","_kad_post_feature_position":"","_kad_post_header":false,"_kad_post_footer":false,"footnotes":""},"categories":[417],"tags":[1000,999,744,207,957],"class_list":["post-22680","post","type-post","status-publish","format-standard","has-post-thumbnail","hentry","category-eventos","tag-avancos-tecnologicos","tag-congressos","tag-especialidades-medicas","tag-medicina","tag-oftalmologia"],"yoast_head":"<!-- This site is optimized with the Yoast SEO plugin v27.0 - https:\/\/yoast.com\/product\/yoast-seo-wordpress\/ -->\n<title>Congressos de Oftalmologia para as tend\u00eancias do mundo - Blog ProDoctor<\/title>\n<meta name=\"description\" content=\"Fique por dentro dos congressos de oftalmologia que ser\u00e3o realizados em 2022 e amplie cada vez mais seu conhecimento.\" \/>\n<meta name=\"robots\" content=\"index, follow, max-snippet:-1, max-image-preview:large, max-video-preview:-1\" \/>\n<link rel=\"canonical\" href=\"https:\/\/prodoctor.net\/blog\/congressos-de-oftalmologia-para-as-tendencias-do-mundo\/\" \/>\n<meta property=\"og:locale\" content=\"pt_BR\" \/>\n<meta property=\"og:type\" content=\"article\" \/>\n<meta property=\"og:title\" content=\"Congressos de Oftalmologia para as tend\u00eancias do mundo - Blog ProDoctor\" \/>\n<meta property=\"og:description\" content=\"Fique por dentro dos congressos de oftalmologia que ser\u00e3o realizados em 2022 e amplie cada vez mais seu conhecimento.\" \/>\n<meta property=\"og:url\" content=\"https:\/\/prodoctor.net\/blog\/congressos-de-oftalmologia-para-as-tendencias-do-mundo\/\" \/>\n<meta property=\"og:site_name\" content=\"Blog ProDoctor\" \/>\n<meta property=\"article:publisher\" content=\"https:\/\/www.facebook.com\/prodoctorsoftware\" \/>\n<meta property=\"article:published_time\" content=\"2022-04-14T18:59:06+00:00\" \/>\n<meta property=\"article:modified_time\" content=\"2024-04-22T13:53:54+00:00\" \/>\n<meta property=\"og:image\" content=\"https:\/\/prodoctor.net\/blog\/wp-content\/uploads\/2022\/04\/AdobeStock_185195085-1.jpg\" \/>\n\t<meta property=\"og:image:width\" content=\"770\" \/>\n\t<meta property=\"og:image:height\" content=\"400\" \/>\n\t<meta property=\"og:image:type\" content=\"image\/jpeg\" \/>\n<meta name=\"author\" content=\"Arielle Andrade\" \/>\n<meta name=\"twitter:card\" content=\"summary_large_image\" \/>\n<meta name=\"twitter:creator\" content=\"@prodoctorsoft\" \/>\n<meta name=\"twitter:site\" content=\"@prodoctorsoft\" \/>\n<meta name=\"twitter:label1\" content=\"Escrito por\" \/>\n\t<meta name=\"twitter:data1\" content=\"Arielle Andrade\" \/>\n\t<meta name=\"twitter:label2\" content=\"Est. tempo de leitura\" \/>\n\t<meta name=\"twitter:data2\" content=\"6 minutos\" \/>\n<script type=\"application\/ld+json\" class=\"yoast-schema-graph\">{\"@context\":\"https:\/\/schema.org\",\"@graph\":[{\"@type\":\"Article\",\"@id\":\"https:\/\/prodoctor.net\/blog\/congressos-de-oftalmologia-para-as-tendencias-do-mundo\/#article\",\"isPartOf\":{\"@id\":\"https:\/\/prodoctor.net\/blog\/congressos-de-oftalmologia-para-as-tendencias-do-mundo\/\"},\"author\":{\"name\":\"Arielle Andrade\",\"@id\":\"https:\/\/prodoctor.net\/blog\/#\/schema\/person\/75c31b655f2de11fe5e96a61c429e22a\"},\"headline\":\"Congressos de Oftalmologia para as tend\u00eancias do mundo\",\"datePublished\":\"2022-04-14T18:59:06+00:00\",\"dateModified\":\"2024-04-22T13:53:54+00:00\",\"mainEntityOfPage\":{\"@id\":\"https:\/\/prodoctor.net\/blog\/congressos-de-oftalmologia-para-as-tendencias-do-mundo\/\"},\"wordCount\":971,\"publisher\":{\"@id\":\"https:\/\/prodoctor.net\/blog\/#organization\"},\"image\":{\"@id\":\"https:\/\/prodoctor.net\/blog\/congressos-de-oftalmologia-para-as-tendencias-do-mundo\/#primaryimage\"},\"thumbnailUrl\":\"https:\/\/prodoctor.net\/blog\/wp-content\/uploads\/2022\/04\/AdobeStock_185195085-1.jpg\",\"keywords\":[\"avan\u00e7os tecnol\u00f3gicos\",\"congressos\",\"Especialidades m\u00e9dicas\",\"medicina\",\"oftalmologia\"],\"articleSection\":[\"Eventos\"],\"inLanguage\":\"pt-BR\"},{\"@type\":\"WebPage\",\"@id\":\"https:\/\/prodoctor.net\/blog\/congressos-de-oftalmologia-para-as-tendencias-do-mundo\/\",\"url\":\"https:\/\/prodoctor.net\/blog\/congressos-de-oftalmologia-para-as-tendencias-do-mundo\/\",\"name\":\"Congressos de Oftalmologia para as tend\u00eancias do mundo - Blog ProDoctor\",\"isPartOf\":{\"@id\":\"https:\/\/prodoctor.net\/blog\/#website\"},\"primaryImageOfPage\":{\"@id\":\"https:\/\/prodoctor.net\/blog\/congressos-de-oftalmologia-para-as-tendencias-do-mundo\/#primaryimage\"},\"image\":{\"@id\":\"https:\/\/prodoctor.net\/blog\/congressos-de-oftalmologia-para-as-tendencias-do-mundo\/#primaryimage\"},\"thumbnailUrl\":\"https:\/\/prodoctor.net\/blog\/wp-content\/uploads\/2022\/04\/AdobeStock_185195085-1.jpg\",\"datePublished\":\"2022-04-14T18:59:06+00:00\",\"dateModified\":\"2024-04-22T13:53:54+00:00\",\"description\":\"Fique por dentro dos congressos de oftalmologia que ser\u00e3o realizados em 2022 e amplie cada vez mais seu conhecimento.\",\"breadcrumb\":{\"@id\":\"https:\/\/prodoctor.net\/blog\/congressos-de-oftalmologia-para-as-tendencias-do-mundo\/#breadcrumb\"},\"inLanguage\":\"pt-BR\",\"potentialAction\":[{\"@type\":\"ReadAction\",\"target\":[\"https:\/\/prodoctor.net\/blog\/congressos-de-oftalmologia-para-as-tendencias-do-mundo\/\"]}]},{\"@type\":\"ImageObject\",\"inLanguage\":\"pt-BR\",\"@id\":\"https:\/\/prodoctor.net\/blog\/congressos-de-oftalmologia-para-as-tendencias-do-mundo\/#primaryimage\",\"url\":\"https:\/\/prodoctor.net\/blog\/wp-content\/uploads\/2022\/04\/AdobeStock_185195085-1.jpg\",\"contentUrl\":\"https:\/\/prodoctor.net\/blog\/wp-content\/uploads\/2022\/04\/AdobeStock_185195085-1.jpg\",\"width\":770,\"height\":400},{\"@type\":\"BreadcrumbList\",\"@id\":\"https:\/\/prodoctor.net\/blog\/congressos-de-oftalmologia-para-as-tendencias-do-mundo\/#breadcrumb\",\"itemListElement\":[{\"@type\":\"ListItem\",\"position\":1,\"name\":\"In\u00edcio\",\"item\":\"https:\/\/prodoctor.net\/blog\/\"},{\"@type\":\"ListItem\",\"position\":2,\"name\":\"Congressos de Oftalmologia para as tend\u00eancias do mundo\"}]},{\"@type\":\"WebSite\",\"@id\":\"https:\/\/prodoctor.net\/blog\/#website\",\"url\":\"https:\/\/prodoctor.net\/blog\/\",\"name\":\"Blog ProDoctor\",\"description\":\"Tudo sobre o mundo da Sa\u00fade\",\"publisher\":{\"@id\":\"https:\/\/prodoctor.net\/blog\/#organization\"},\"potentialAction\":[{\"@type\":\"SearchAction\",\"target\":{\"@type\":\"EntryPoint\",\"urlTemplate\":\"https:\/\/prodoctor.net\/blog\/?s={search_term_string}\"},\"query-input\":{\"@type\":\"PropertyValueSpecification\",\"valueRequired\":true,\"valueName\":\"search_term_string\"}}],\"inLanguage\":\"pt-BR\"},{\"@type\":\"Organization\",\"@id\":\"https:\/\/prodoctor.net\/blog\/#organization\",\"name\":\"ProDoctor Software S\/A\",\"url\":\"https:\/\/prodoctor.net\/blog\/\",\"logo\":{\"@type\":\"ImageObject\",\"inLanguage\":\"pt-BR\",\"@id\":\"https:\/\/prodoctor.net\/blog\/#\/schema\/logo\/image\/\",\"url\":\"https:\/\/prodoctor.net\/blog\/wp-content\/uploads\/2017\/01\/Logo_PDo_Lateral.png\",\"contentUrl\":\"https:\/\/prodoctor.net\/blog\/wp-content\/uploads\/2017\/01\/Logo_PDo_Lateral.png\",\"width\":2014,\"height\":485,\"caption\":\"ProDoctor Software S\/A\"},\"image\":{\"@id\":\"https:\/\/prodoctor.net\/blog\/#\/schema\/logo\/image\/\"},\"sameAs\":[\"https:\/\/www.facebook.com\/prodoctorsoftware\",\"https:\/\/x.com\/prodoctorsoft\",\"https:\/\/www.instagram.com\/prodoctorsoftware\/\",\"https:\/\/www.linkedin.com\/company\/prodoctor-software-ltda\",\"https:\/\/www.youtube.com\/channel\/UCIWuDLsVtIpX-PEqQn1pNlw\"]},{\"@type\":\"Person\",\"@id\":\"https:\/\/prodoctor.net\/blog\/#\/schema\/person\/75c31b655f2de11fe5e96a61c429e22a\",\"name\":\"Arielle Andrade\",\"image\":{\"@type\":\"ImageObject\",\"inLanguage\":\"pt-BR\",\"@id\":\"https:\/\/prodoctor.net\/blog\/#\/schema\/person\/image\/\",\"url\":\"https:\/\/secure.gravatar.com\/avatar\/e8246cb0e9d8898c8b98cfe3decc4b412cd8c0bd009ebc92618c11cb1b8e5ddb?s=96&d=mm&r=g\",\"contentUrl\":\"https:\/\/secure.gravatar.com\/avatar\/e8246cb0e9d8898c8b98cfe3decc4b412cd8c0bd009ebc92618c11cb1b8e5ddb?s=96&d=mm&r=g\",\"caption\":\"Arielle Andrade\"}}]}<\/script>\n<!-- \/ Yoast SEO plugin. -->","yoast_head_json":{"title":"Congressos de Oftalmologia para as tend\u00eancias do mundo - Blog ProDoctor","description":"Fique por dentro dos congressos de oftalmologia que ser\u00e3o realizados em 2022 e amplie cada vez mais seu conhecimento.","robots":{"index":"index","follow":"follow","max-snippet":"max-snippet:-1","max-image-preview":"max-image-preview:large","max-video-preview":"max-video-preview:-1"},"canonical":"https:\/\/prodoctor.net\/blog\/congressos-de-oftalmologia-para-as-tendencias-do-mundo\/","og_locale":"pt_BR","og_type":"article","og_title":"Congressos de Oftalmologia para as tend\u00eancias do mundo - Blog ProDoctor","og_description":"Fique por dentro dos congressos de oftalmologia que ser\u00e3o realizados em 2022 e amplie cada vez mais seu conhecimento.","og_url":"https:\/\/prodoctor.net\/blog\/congressos-de-oftalmologia-para-as-tendencias-do-mundo\/","og_site_name":"Blog ProDoctor","article_publisher":"https:\/\/www.facebook.com\/prodoctorsoftware","article_published_time":"2022-04-14T18:59:06+00:00","article_modified_time":"2024-04-22T13:53:54+00:00","og_image":[{"width":770,"height":400,"url":"https:\/\/prodoctor.net\/blog\/wp-content\/uploads\/2022\/04\/AdobeStock_185195085-1.jpg","type":"image\/jpeg"}],"author":"Arielle Andrade","twitter_card":"summary_large_image","twitter_creator":"@prodoctorsoft","twitter_site":"@prodoctorsoft","twitter_misc":{"Escrito por":"Arielle Andrade","Est. tempo de leitura":"6 minutos"},"schema":{"@context":"https:\/\/schema.org","@graph":[{"@type":"Article","@id":"https:\/\/prodoctor.net\/blog\/congressos-de-oftalmologia-para-as-tendencias-do-mundo\/#article","isPartOf":{"@id":"https:\/\/prodoctor.net\/blog\/congressos-de-oftalmologia-para-as-tendencias-do-mundo\/"},"author":{"name":"Arielle Andrade","@id":"https:\/\/prodoctor.net\/blog\/#\/schema\/person\/75c31b655f2de11fe5e96a61c429e22a"},"headline":"Congressos de Oftalmologia para as tend\u00eancias do mundo","datePublished":"2022-04-14T18:59:06+00:00","dateModified":"2024-04-22T13:53:54+00:00","mainEntityOfPage":{"@id":"https:\/\/prodoctor.net\/blog\/congressos-de-oftalmologia-para-as-tendencias-do-mundo\/"},"wordCount":971,"publisher":{"@id":"https:\/\/prodoctor.net\/blog\/#organization"},"image":{"@id":"https:\/\/prodoctor.net\/blog\/congressos-de-oftalmologia-para-as-tendencias-do-mundo\/#primaryimage"},"thumbnailUrl":"https:\/\/prodoctor.net\/blog\/wp-content\/uploads\/2022\/04\/AdobeStock_185195085-1.jpg","keywords":["avan\u00e7os tecnol\u00f3gicos","congressos","Especialidades m\u00e9dicas","medicina","oftalmologia"],"articleSection":["Eventos"],"inLanguage":"pt-BR"},{"@type":"WebPage","@id":"https:\/\/prodoctor.net\/blog\/congressos-de-oftalmologia-para-as-tendencias-do-mundo\/","url":"https:\/\/prodoctor.net\/blog\/congressos-de-oftalmologia-para-as-tendencias-do-mundo\/","name":"Congressos de Oftalmologia para as tend\u00eancias do mundo - Blog ProDoctor","isPartOf":{"@id":"https:\/\/prodoctor.net\/blog\/#website"},"primaryImageOfPage":{"@id":"https:\/\/prodoctor.net\/blog\/congressos-de-oftalmologia-para-as-tendencias-do-mundo\/#primaryimage"},"image":{"@id":"https:\/\/prodoctor.net\/blog\/congressos-de-oftalmologia-para-as-tendencias-do-mundo\/#primaryimage"},"thumbnailUrl":"https:\/\/prodoctor.net\/blog\/wp-content\/uploads\/2022\/04\/AdobeStock_185195085-1.jpg","datePublished":"2022-04-14T18:59:06+00:00","dateModified":"2024-04-22T13:53:54+00:00","description":"Fique por dentro dos congressos de oftalmologia que ser\u00e3o realizados em 2022 e amplie cada vez mais seu conhecimento.","breadcrumb":{"@id":"https:\/\/prodoctor.net\/blog\/congressos-de-oftalmologia-para-as-tendencias-do-mundo\/#breadcrumb"},"inLanguage":"pt-BR","potentialAction":[{"@type":"ReadAction","target":["https:\/\/prodoctor.net\/blog\/congressos-de-oftalmologia-para-as-tendencias-do-mundo\/"]}]},{"@type":"ImageObject","inLanguage":"pt-BR","@id":"https:\/\/prodoctor.net\/blog\/congressos-de-oftalmologia-para-as-tendencias-do-mundo\/#primaryimage","url":"https:\/\/prodoctor.net\/blog\/wp-content\/uploads\/2022\/04\/AdobeStock_185195085-1.jpg","contentUrl":"https:\/\/prodoctor.net\/blog\/wp-content\/uploads\/2022\/04\/AdobeStock_185195085-1.jpg","width":770,"height":400},{"@type":"BreadcrumbList","@id":"https:\/\/prodoctor.net\/blog\/congressos-de-oftalmologia-para-as-tendencias-do-mundo\/#breadcrumb","itemListElement":[{"@type":"ListItem","position":1,"name":"In\u00edcio","item":"https:\/\/prodoctor.net\/blog\/"},{"@type":"ListItem","position":2,"name":"Congressos de Oftalmologia para as tend\u00eancias do mundo"}]},{"@type":"WebSite","@id":"https:\/\/prodoctor.net\/blog\/#website","url":"https:\/\/prodoctor.net\/blog\/","name":"Blog ProDoctor","description":"Tudo sobre o mundo da Sa\u00fade","publisher":{"@id":"https:\/\/prodoctor.net\/blog\/#organization"},"potentialAction":[{"@type":"SearchAction","target":{"@type":"EntryPoint","urlTemplate":"https:\/\/prodoctor.net\/blog\/?s={search_term_string}"},"query-input":{"@type":"PropertyValueSpecification","valueRequired":true,"valueName":"search_term_string"}}],"inLanguage":"pt-BR"},{"@type":"Organization","@id":"https:\/\/prodoctor.net\/blog\/#organization","name":"ProDoctor Software S\/A","url":"https:\/\/prodoctor.net\/blog\/","logo":{"@type":"ImageObject","inLanguage":"pt-BR","@id":"https:\/\/prodoctor.net\/blog\/#\/schema\/logo\/image\/","url":"https:\/\/prodoctor.net\/blog\/wp-content\/uploads\/2017\/01\/Logo_PDo_Lateral.png","contentUrl":"https:\/\/prodoctor.net\/blog\/wp-content\/uploads\/2017\/01\/Logo_PDo_Lateral.png","width":2014,"height":485,"caption":"ProDoctor Software S\/A"},"image":{"@id":"https:\/\/prodoctor.net\/blog\/#\/schema\/logo\/image\/"},"sameAs":["https:\/\/www.facebook.com\/prodoctorsoftware","https:\/\/x.com\/prodoctorsoft","https:\/\/www.instagram.com\/prodoctorsoftware\/","https:\/\/www.linkedin.com\/company\/prodoctor-software-ltda","https:\/\/www.youtube.com\/channel\/UCIWuDLsVtIpX-PEqQn1pNlw"]},{"@type":"Person","@id":"https:\/\/prodoctor.net\/blog\/#\/schema\/person\/75c31b655f2de11fe5e96a61c429e22a","name":"Arielle Andrade","image":{"@type":"ImageObject","inLanguage":"pt-BR","@id":"https:\/\/prodoctor.net\/blog\/#\/schema\/person\/image\/","url":"https:\/\/secure.gravatar.com\/avatar\/e8246cb0e9d8898c8b98cfe3decc4b412cd8c0bd009ebc92618c11cb1b8e5ddb?s=96&d=mm&r=g","contentUrl":"https:\/\/secure.gravatar.com\/avatar\/e8246cb0e9d8898c8b98cfe3decc4b412cd8c0bd009ebc92618c11cb1b8e5ddb?s=96&d=mm&r=g","caption":"Arielle Andrade"}}]}},"taxonomy_info":{"category":[{"value":417,"label":"Eventos"}],"post_tag":[{"value":1000,"label":"avan\u00e7os tecnol\u00f3gicos"},{"value":999,"label":"congressos"},{"value":744,"label":"Especialidades m\u00e9dicas"},{"value":207,"label":"medicina"},{"value":957,"label":"oftalmologia"}]},"featured_image_src_large":["https:\/\/prodoctor.net\/blog\/wp-content\/uploads\/2022\/04\/AdobeStock_185195085-1.jpg",770,400,false],"author_info":{"display_name":"Arielle Andrade","author_link":"https:\/\/prodoctor.net\/blog\/author\/arielle-andrade\/"},"comment_info":0,"category_info":[{"term_id":417,"name":"Eventos","slug":"eventos","term_group":0,"term_taxonomy_id":417,"taxonomy":"category","description":"","parent":0,"count":37,"filter":"raw","cat_ID":417,"category_count":37,"category_description":"","cat_name":"Eventos","category_nicename":"eventos","category_parent":0}],"tag_info":[{"term_id":1000,"name":"avan\u00e7os tecnol\u00f3gicos","slug":"avancos-tecnologicos","term_group":0,"term_taxonomy_id":1000,"taxonomy":"post_tag","description":"","parent":0,"count":1,"filter":"raw"},{"term_id":999,"name":"congressos","slug":"congressos","term_group":0,"term_taxonomy_id":999,"taxonomy":"post_tag","description":"","parent":0,"count":1,"filter":"raw"},{"term_id":744,"name":"Especialidades m\u00e9dicas","slug":"especialidades-medicas","term_group":0,"term_taxonomy_id":744,"taxonomy":"post_tag","description":"","parent":0,"count":1,"filter":"raw"},{"term_id":207,"name":"medicina","slug":"medicina","term_group":0,"term_taxonomy_id":210,"taxonomy":"post_tag","description":"","parent":0,"count":6,"filter":"raw"},{"term_id":957,"name":"oftalmologia","slug":"oftalmologia","term_group":0,"term_taxonomy_id":957,"taxonomy":"post_tag","description":"","parent":0,"count":2,"filter":"raw"}],"_links":{"self":[{"href":"https:\/\/prodoctor.net\/blog\/wp-json\/wp\/v2\/posts\/22680","targetHints":{"allow":["GET"]}}],"collection":[{"href":"https:\/\/prodoctor.net\/blog\/wp-json\/wp\/v2\/posts"}],"about":[{"href":"https:\/\/prodoctor.net\/blog\/wp-json\/wp\/v2\/types\/post"}],"author":[{"embeddable":true,"href":"https:\/\/prodoctor.net\/blog\/wp-json\/wp\/v2\/users\/8"}],"replies":[{"embeddable":true,"href":"https:\/\/prodoctor.net\/blog\/wp-json\/wp\/v2\/comments?post=22680"}],"version-history":[{"count":5,"href":"https:\/\/prodoctor.net\/blog\/wp-json\/wp\/v2\/posts\/22680\/revisions"}],"predecessor-version":[{"id":22687,"href":"https:\/\/prodoctor.net\/blog\/wp-json\/wp\/v2\/posts\/22680\/revisions\/22687"}],"wp:featuredmedia":[{"embeddable":true,"href":"https:\/\/prodoctor.net\/blog\/wp-json\/wp\/v2\/media\/22648"}],"wp:attachment":[{"href":"https:\/\/prodoctor.net\/blog\/wp-json\/wp\/v2\/media?parent=22680"}],"wp:term":[{"taxonomy":"category","embeddable":true,"href":"https:\/\/prodoctor.net\/blog\/wp-json\/wp\/v2\/categories?post=22680"},{"taxonomy":"post_tag","embeddable":true,"href":"https:\/\/prodoctor.net\/blog\/wp-json\/wp\/v2\/tags?post=22680"}],"curies":[{"name":"wp","href":"https:\/\/api.w.org\/{rel}","templated":true}]}}