{"id":2137,"date":"2024-02-05T12:06:22","date_gmt":"2024-02-05T15:06:22","guid":{"rendered":"https:\/\/blog.prodoctor.net\/?p=2137"},"modified":"2024-05-17T10:41:51","modified_gmt":"2024-05-17T13:41:51","slug":"dia-do-dermatologista","status":"publish","type":"post","link":"https:\/\/prodoctor.net\/blog\/dia-do-dermatologista\/","title":{"rendered":"Dia do Dermatologista"},"content":{"rendered":"\n<p>No <strong>Dia do Dermatologista<\/strong>, 5 de fevereiro, a <strong>ProDoctor Software<\/strong> destaca a import\u00e2ncia deste profissional respons\u00e1vel por diagnosticar e tratar as enfermidades que acometem a pele, a mucosa, as unhas e os cabelos. Al\u00e9m disso, sua import\u00e2ncia \u00e9 cada vez maior em termos de cuidados com a parte est\u00e9tica da pele.<\/p>\n\n\n\n<p>A data \u00e9 comemorada desde o ano 2000 e remete ao dia 5 de fevereiro de 1912,&nbsp; marco de <strong>funda\u00e7\u00e3o da <a href=\"https:\/\/www.sbd.org.br\/\" target=\"_blank\" rel=\"noopener\">Sociedade Brasileira de Dermatologia (SBD)<\/a><\/strong>, <strong>primeira dentre as especialidades m\u00e9dicas no Brasil<\/strong>, se acaso n\u00e3o considerarmos a Pediatria como uma especialidade.<\/p>\n\n\n\n<p>O dia anterior registra a sess\u00e3o inaugural da Sociedade Brasileira de Dermatologista, concretizando o desejo e o trabalho de 18 m\u00e9dicos idealistas. O evento aconteceu no Pavilh\u00e3o Miguel Couto, da Santa Casa de Miseric\u00f3rdia do Rio de Janeiro, com o seu Estatuto sendo registrado no dia seguinte.<\/p>\n\n\n\n<p>Os <strong>Dermatologistas<\/strong> configuram atualmente a <strong>segunda maior sociedade do mundo<\/strong>. No Brasil, o n\u00famero de mulheres Dermatologistas tem apresentado um crescimento significativo, chamando aten\u00e7\u00e3o para a feminiza\u00e7\u00e3o da Medicina no Pa\u00eds.<\/p>\n\n\n\n<p>Veja tamb\u00e9m:&nbsp;<a href=\"https:\/\/bit.ly\/3wBbfow\" target=\"_blank\" rel=\"noopener\"><strong> Dentro de dois anos, as mulheres ser\u00e3o maioria na Medicina<\/strong><\/a>.<\/p>\n\n\n\n<h2 class=\"wp-block-heading\">Para comemorar o Dia do Dermatologista &#8211; realiza\u00e7\u00e3o profissional<\/h2>\n\n\n\n<p>Em 2022, uma pesquisa realizada nos Estados Unidos pelo <strong>Pew Research Center<\/strong> revelou que a Dermatologia encabe\u00e7a a lista das especialidades m\u00e9dicas em que os profissionais se sentem mais satisfeitos, realizados e felizes, conforme afirmaram cerca de 40% dos entrevistados. Nesse sentido, a Dermatologia apresenta um dos mais altos n\u00edveis de atividade no setor m\u00e9dico e os dados refor\u00e7am resultados de pesquisas anteriores.<\/p>\n\n\n\n<p>Este \u00e9 um \u00f3timo n\u00famero se levarmos em considera\u00e7\u00e3o a&nbsp;<a href=\"https:\/\/portugues.medscape.com\/slideshow\/65000167?ecd=mkm_ret_230929_mscpmrk-PT_SpeMailer_etid5899279&amp;uac=442560BT&amp;impID=5899279#1\" target=\"_blank\" rel=\"noreferrer noopener\">pesquisa MedScape<\/a>, que mostra que m\u00e9dicos est\u00e3o, de maneira geral, apresentando insatisfa\u00e7\u00e3o profissional. <\/p>\n\n\n\n<p>Um dos principais motivos \u00e9 a extensa carga hor\u00e1ria de trabalho, com uma remunera\u00e7\u00e3o abaixo do esperado. Dos respondentes, 38% dizem que a parte dif\u00edcil da medicina \u00e9&nbsp;<strong>trabalhar demais&nbsp;<\/strong>(chegam a 55h semanais fazendo plant\u00f5es e outros servi\u00e7os &#8211; 11h a mais que a jornada de trabalho padr\u00e3o). 27% dizem que o lado gratificante \u00e9 ser bom no que faz (encontrar respostas, fazer diagn\u00f3sticos).<\/p>\n\n\n\n<p>De acordo com essa pesquisa, cerca de&nbsp;<strong>22 horas s\u00e3o gastas semanalmente s\u00f3 com gest\u00e3o e burocracias<\/strong>, enquanto 39 horas semanais s\u00e3o dedicadas ao atendimento aos pacientes. <\/p>\n\n\n\n<p>Neste aspecto, ter um bom software m\u00e9dico para a cl\u00ednica de dermatologia pode ajudar. Com um sistema eficiente, tudo fica alinhado &#8211; da agenda ao financeiro, do estoque \u00e0 comunica\u00e7\u00e3o interna.<\/p>\n\n\n\n<p>|Saiba mais: <a href=\"https:\/\/prodoctor.net\/blog\/software-para-clinica-de-dermatologia\/\">Software para cl\u00ednica de dermatologia<\/a>.<\/p>\n\n\n\n<h3 class=\"wp-block-heading\">Satisfa\u00e7\u00e3o com a especialidade<\/h3>\n\n\n\n<p>Como a do &#8220;<strong><a href=\"https:\/\/www.medscape.com\/slideshow\/2023-lifestyle-burnout-6016058?faf=1\" target=\"_blank\" rel=\"noreferrer noopener\">Medscape\u2019s 2023 Physician Lifestyle Report<\/a>&#8220;<\/strong>, documento com informa\u00e7\u00f5es diversas sobre o estilo de vida dos m\u00e9dicos norte-americanos.&nbsp;Nele, os especialistas da <strong>Dermatologia<\/strong> se posicionaram como os <strong>profissionais mais felizes no ambiente de trabalho<\/strong>.<\/p>\n\n\n\n<p>O relat\u00f3rio mostrou que a Dermatologia foi uma das especialidades m\u00e9dicas que menos foi afetada pelo Burnout.<\/p>\n\n\n\n<p>Em 2016, este mesmo relat\u00f3rio mostrava que os Dermatologistas eram os profissionais da Medicina que mais estavam satisfeitos com as suas carreiras.<\/p>\n\n\n\n<p>Naquele ano, o relat\u00f3rio reuniu as respostas de mais de 15.800 m\u00e9dicos de 25 especialidades diferentes, com a Dermatologia surgindo em <strong>1\u00ba lugar quanto ao grau de satisfa\u00e7\u00e3o com a especialidade.<\/strong><\/p>\n\n\n\n<p>No ano seguinte, em 2017, o &#8220;<a href=\"https:\/\/www.medscape.com\/features\/slideshow\/lifestyle\/2017\/overview#page=18\" target=\"_blank\" rel=\"noreferrer noopener\"><strong>Medscape Lifestyle Report<\/strong><\/a>&#8221; apontou os Dermatologistas tamb\u00e9m no topo dos profissionais mais felizes com sua especialidade m\u00e9dica. Abaixo apenas dos Urologistas (76%) e com o mesmo \u00edndice de 74% de Oftalmologistas e dos Alergologistas e Imunologistas.<\/p>\n\n\n\n<h2 class=\"wp-block-heading\">Dermatologistas no Brasil<\/h2>\n\n\n\n<p>Existem 11.4316 especialistas em Dermatologia, sendo que cerca de<strong> 80% deles s\u00e3o mulheres.<\/strong><\/p>\n\n\n\n<p>A propor\u00e7\u00e3o indica uma &#8220;feminiza\u00e7\u00e3o da Medicina&#8221;, fen\u00f4meno com crescimento acentuado nas \u00faltimas d\u00e9cadas e que tem grande contribui\u00e7\u00e3o nessa especialidade.<\/p>\n\n\n\n<p>Dessa maneira, ao se considerar a popula\u00e7\u00e3o brasileira de 214,3 milh\u00f5es de pessoas, hoje existem cerca de 5 especialistas por 100.000 para cada grupo de 100 mil habitantes.<\/p>\n\n\n\n<p>Confira o <a href=\"https:\/\/www.sbd.org.br\/mm\/cms\/2021\/03\/10\/perfil-e-distribuicao-de-medicos-dermatologistas.pdf\" target=\"_blank\" rel=\"noopener\"><strong>Perfil e Distribui\u00e7\u00e3o de M\u00e9dicos Dermatologistas<\/strong><\/a> em 2021.<\/p>\n\n\n\n<h2 class=\"wp-block-heading\">O trabalho do Dermatologista<\/h2>\n\n\n\n<p>No Dia do Dermatologista, relembramos que este especialista est\u00e1 capacitado para realizar diversos procedimentos m\u00e9dicos. Dentre eles, destacamos:<\/p>\n\n\n\n<ul class=\"wp-block-list\">\n<li>Identificar o tipo de pele do paciente, podendo assim indicar os cuidados necess\u00e1rios e os produtos mais adequados para cada pessoa;<\/li>\n\n\n\n<li>Prescrever o tratamento t\u00f3pico para pacientes que apresentam celulite, estrias e sinais de envelhecimento;<\/li>\n\n\n\n<li>Prescrever e realizar tratamentos como, por exemplo, depila\u00e7\u00e3o a laser e remo\u00e7\u00e3o de tatuagens;<\/li>\n\n\n\n<li>N\u00e3o apenas indicar, mas tamb\u00e9m&nbsp; realizar procedimentos est\u00e9ticos, com o intuito de tratar e tamb\u00e9m prevenir os sinais do envelhecimento, como manchas, rugas, flacidez e sulcos. S\u00f3 para ilustrar: laser, preenchimento facial, peeling e toxina botul\u00ednica, dentre outros.<\/li>\n<\/ul>\n\n\n\n<h2 class=\"wp-block-heading\">Principais caracter\u00edsticas dos Dermatologistas<\/h2>\n\n\n\n<p>Em seu trabalho di\u00e1rio, \u00e9 poss\u00edvel observar e alinhar a forma com que os dermatologistas desenvolvem suas tarefas. Dentre as caracter\u00edsticas, as principais est\u00e3o a minuciosa busca pelos detalhes e pelo perfeccionismo, mais a facilidade com que realizam os procedimentos.<\/p>\n\n\n\n<p>Tamb\u00e9m \u00e9 importante ressaltar sua sensibilidade para manter uma boa <a href=\"https:\/\/prodoctor.net\/blog\/o-que-e-jornada-do-paciente-e-como-ela-pode-melhorar-a-relacao-medico-paciente\/\" target=\"_blank\" rel=\"noopener\"><strong>rela\u00e7\u00e3o m\u00e9dico-paciente<\/strong><\/a>. Em sua rotina em cl\u00ednicas, consult\u00f3rios, policl\u00ednicas, hospitais e demais unidades de Sa\u00fade, o dermatologista atende pacientes que podem apresentar problemas psicol\u00f3gicos, tendo em vista a autoestima baixa em decorr\u00eancia de aspectos est\u00e9ticos.<\/p>\n\n\n\n<p>Nesse sentido, o profissional precisa colocar em pr\u00e1tica suas habilidades em termos de psicologia no atendimento ao paciente, colocando-se ao seu lado e mostrando-se pronto para ajud\u00e1-lo.<\/p>\n\n\n\n<h2 class=\"wp-block-heading\">Da forma\u00e7\u00e3o \u00e0 especializa\u00e7\u00e3o em Dermatologia<\/h2>\n\n\n\n<p>A forma\u00e7\u00e3o em Dermatologia exige o ingresso na Faculdade de Medicina e a conclus\u00e3o do curso, que proporcionar\u00e1&nbsp; o diploma licenciado pelo <a href=\"https:\/\/www.gov.br\/mec\/pt-br\" target=\"_blank\" rel=\"noopener\"><strong>Minist\u00e9rio da Educa\u00e7\u00e3o (MEC),<\/strong><\/a> al\u00e9m do registro do <strong>Conselho Regional de Medicina (CRM)<\/strong>.<\/p>\n\n\n\n<p>Logo depois da gradua\u00e7\u00e3o, o m\u00e9dico poder\u00e1 optar por dois caminhos, com dura\u00e7\u00e3o de dois a tr\u00eas anos, com o objetivo de obter a especializa\u00e7\u00e3o em Dermatologia.<\/p>\n\n\n\n<p>Ent\u00e3o, poder\u00e1 fazer a Resid\u00eancia em Dermatologia ou comprovar tempo m\u00ednimo de trabalho na \u00e1rea, o que \u00e9 um requisito para a realiza\u00e7\u00e3o da prova de t\u00edtulos. Al\u00e9m disso, a <a href=\"https:\/\/www.ipemed.com.br\/blog\/pos-graduacoes-medicas?utm_source=prodoctor.net&amp;utm_medium=referrer\" target=\"_blank\" rel=\"noopener\"><strong>p\u00f3s-gradua\u00e7\u00e3o<\/strong><\/a> pode complementar a carga hor\u00e1ria exigida.<\/p>\n\n\n\n<p>Cumpridos os requisitos, o Dermatologista poder\u00e1 requerer ao <a href=\"https:\/\/portal.cfm.org.br\/\" target=\"_blank\" rel=\"noopener\"><strong>Conselho Federal de Medicina (CFM)<\/strong><\/a> o seu <strong>Registro de Qualifica\u00e7\u00e3o de Especialista (RQE)<\/strong>.<\/p>\n\n\n\n<p>Na ocasi\u00e3o, dever\u00e1 anexar o documento comprovando a conclus\u00e3o da <a href=\"https:\/\/www.ipemed.com.br\/blog\/por-que-a-prova-de-residencia-medica-e-tao-dificil-e-concorrida?utm_source=prodoctor.net&amp;utm_medium=referrer\" target=\"_blank\" rel=\"noopener\"><strong>Resid\u00eancia M\u00e9dica<\/strong><\/a>, devidamente aprovada pela <a href=\"http:\/\/portal.mec.gov.br\/escola-de-gestores-da-educacao-basica\/114-conhecaomec-1447013193\/sistemas-do-mec-88168494\/12233-cnrm\" target=\"_blank\" rel=\"noopener\"><strong>Comiss\u00e3o Nacional de Resid\u00eancia M\u00e9dica (CNRM)<\/strong><\/a>.<\/p>\n\n\n\n<p>Ou, o comprovante do <a href=\"https:\/\/www.ipemed.com.br\/blog\/aprenda-a-se-preparar-para-a-prova-de-titulo?utm_source=prodoctor.net&amp;utm_medium=referrer\"><strong>T\u00edtulo de Especialista (TED)<\/strong><\/a>, obtido ap\u00f3s prestar a prova de t\u00edtulo atestando seu tempo de atua\u00e7\u00e3o m\u00ednima na \u00e1rea dermatol\u00f3gica.<\/p>\n\n\n\n<h3 class=\"wp-block-heading\">Resid\u00eancia em Dermatologia<\/h3>\n\n\n\n<p>De acordo com a institui\u00e7\u00e3o a escolher, o m\u00e9dico poder\u00e1 encontrar&nbsp; varia\u00e7\u00f5es no programa da Resid\u00eancia em Dermatologia.<\/p>\n\n\n\n<p>Todavia, geralmente seguem este percurso: um ano de Cl\u00ednica M\u00e9dica e outros dois cumprindo um programa espec\u00edfico.<\/p>\n\n\n\n<p>Desse modo, percorrer\u00e1 diversos setores, como por exemplo, Unidade de Interna\u00e7\u00e3o, Ambulat\u00f3rio, Alergia e Imunologia, Dermatologia Sanit\u00e1ria e Infectologia, al\u00e9m de poder realizar est\u00e1gios opcionais, havendo uma grande oferta para enriquecer seu conhecimento e fortalecer sua experi\u00eancia.<\/p>\n\n\n\n<p>|Veja tamb\u00e9m: <a href=\"http:\/\/SOFTWARE PARA CL\u00cdNICA DE DERMATOLOGIA\" target=\"_blank\" rel=\"noopener\" data-wplink-url-error=\"true\">Software para cl\u00ednica de Dermatologia<\/a><\/p>\n\n\n\n<h3 class=\"wp-block-heading\">Subespecialidades em Dermatologia<\/h3>\n\n\n\n<p>Conforme escrevemos acima, as possibilidades s\u00e3o in\u00fameras, com o leque se abrindo em diversas subespecialidades:<\/p>\n\n\n\n<h4 class=\"wp-block-heading\"><strong>Cosmiatria<\/strong><\/h4>\n\n\n\n<p>Dedica-se especificamente aos cuidados est\u00e9ticos, tratando e prevenindo enfermidades que atingem a pele humana. Os tratamentos s\u00e3o variados, atendendo \u00e0s diferentes doen\u00e7as, sendo os mais conhecidos as toxinas, os lasers e os peelings.<\/p>\n\n\n\n<h4 class=\"wp-block-heading\"><strong>Hansenologia<\/strong><\/h4>\n\n\n\n<p>\u00c1rea que estuda e trata da Hansen\u00edase, enfermidade grave e perigosa, tamb\u00e9m conhecida como Lepra e Mal de L\u00e1zaro, causada pela bact\u00e9ria Mycobacterium leprae. Doen\u00e7a cr\u00f4nica, \u00e9 infecciosa e afeta a pele e os nervos. A Hansen\u00edase se caracteriza pela altera\u00e7\u00e3o, diminui\u00e7\u00e3o ou perda da sensibilidade t\u00e9rmica, t\u00e1til e for\u00e7a muscular.<\/p>\n\n\n\n<h4 class=\"wp-block-heading\"><strong>Dermatologia Oncol\u00f3gica<\/strong><\/h4>\n\n\n\n<p>\u00c9 o setor da Sa\u00fade voltado para o combate ao c\u00e2ncer de pele. Tem como foco o diagn\u00f3stico e tratamento do Mal, com o profissional sendo respons\u00e1vel pela preven\u00e7\u00e3o, diagn\u00f3stico e tratamento do tumor.<\/p>\n\n\n\n<p>A <strong>Sociedade Brasileira de Dermatologia<\/strong> afirma que o c\u00e2ncer de pele \u00e9 a neoplasia mais comum no Pa\u00eds, com 33% de todos os diagn\u00f3sticos feitos da enfermidade, registrando 180 mil casos por ano.<\/p>\n\n\n\n<h5 class=\"wp-block-heading\">C\u00e2ncer de pele<\/h5>\n\n\n\n<p>No <strong>Dia do Dermatologista<\/strong>, \u00e9 importante estender um pouco sobre este ponto. Segundo o <a href=\"https:\/\/www.gov.br\/inca\/pt-br\" target=\"_blank\" rel=\"noopener\"><strong>Instituto Nacional do C\u00e2ncer (INCA)<\/strong><\/a>, entre os tipos mais comuns est\u00e3o os n\u00e3o melanoma (97% dos pacientes, com taxa de mortalidade baixa, mas que podem deixar deforma\u00e7\u00f5es s\u00e9rias nas pessoas) e os melanoma (3%), que s\u00e3o muito mais agressivos.<\/p>\n\n\n\n<p>Neste caso, al\u00e9m do alto risco de ocorrer met\u00e1stase, o paciente n\u00e3o responde muito bem ao tratamento e o \u00f3bito pode acontecer em uma frequ\u00eancia maior.<\/p>\n\n\n\n<p>Conforme a <strong>Sociedade Brasileira de Dermatologia<\/strong>, a Rede P\u00fablica de Sa\u00fade diagnosticou <strong>quase 300 mil casos de c\u00e2ncer de pele em 10 anos<\/strong>.<\/p>\n\n\n\n<h4 class=\"wp-block-heading\"><strong>Dermatopediatria<\/strong><\/h4>\n\n\n\n<p>\u00c1rea em que o especialista estuda e trata das doen\u00e7as de pele em beb\u00eas, crian\u00e7as e adolescentes. Al\u00e9m de se ocupar das enfermidades que ocorrem no transcorrer das idades, est\u00e1 atento \u00e0 preven\u00e7\u00e3o precoce do c\u00e2ncer de pele, atrav\u00e9s dos exames das marcas de nascen\u00e7a, pintas e manchas.<\/p>\n\n\n\n<h4 class=\"wp-block-heading\"><strong>Dermatopatologia<\/strong><\/h4>\n\n\n\n<p>\u00c9 o segmento respons\u00e1vel pelo estudo histol\u00f3gico das doen\u00e7as de pele em n\u00edvel microsc\u00f3pico. Al\u00e9m disso, engloba an\u00e1lises das poss\u00edveis causas de enfermidades de pele em n\u00edvel celular.<\/p>\n\n\n\n<h4 class=\"wp-block-heading\"><strong>Dermatologia cir\u00fargica<\/strong><\/h4>\n\n\n\n<p>Setor que realiza o diagn\u00f3stico e o tratamento de quest\u00f5es cl\u00ednicas ou est\u00e9ticas, abrangendo a pele, os cabelos e as unhas. Para isso, utiliza t\u00e9cnicas cir\u00fargicas, cosmi\u00e1tricas, oncol\u00f3gicas e reconstrutivas.<\/p>\n\n\n\n<p>O profissional da \u00e1rea realiza as chamadas cirurgias dermatol\u00f3gicas, realizadas na pele ou no tecido subcut\u00e2neo. Tamb\u00e9m est\u00e1 habilitado para fazer cirurgias envolvendo a pele, a mucosa e seus anexos. As cirurgias dermatol\u00f3gicas&nbsp; podem ter objetivo est\u00e9tico, diagn\u00f3stico, reparador ou terap\u00eautico.<\/p>\n\n\n\n<p>Os procedimentos incluem, por exemplo: corre\u00e7\u00e3o de cicatrizes inest\u00e9ticas, transplante capilar, cirurgia de unhas, bi\u00f3psias para an\u00e1lise e diagn\u00f3stico de mol\u00e9stias, remo\u00e7\u00e3o de pintas, lipomas, tumores e cistos, tratamento do c\u00e2ncer de pele utilizando t\u00e9cnicas como cirurgia a laser e cirurgia de MOHS, e cirurgia de reconstru\u00e7\u00e3o atrav\u00e9s de retalhos e enxertos.<\/p>\n\n\n\n<h2 class=\"wp-block-heading\">Dia do Dermatologista &#8211; Aplicativos para Dermatologistas e seus pacientes<\/h2>\n\n\n\n<figure class=\"wp-block-image\"><img decoding=\"async\" width=\"770\" height=\"250\" src=\"https:\/\/prodoctor.net\/blog\/wp-content\/uploads\/2016\/02\/app-para-pele-1.png\" alt=\"Aplicativos para Dermatologistas e seu pacientes\" class=\"wp-image-5057\" title=\"Aplicativos para Dermatologistas e seu pacientes\" srcset=\"https:\/\/prodoctor.net\/blog\/wp-content\/uploads\/2016\/02\/app-para-pele-1.png 770w, https:\/\/prodoctor.net\/blog\/wp-content\/uploads\/2016\/02\/app-para-pele-1-300x97.png 300w, https:\/\/prodoctor.net\/blog\/wp-content\/uploads\/2016\/02\/app-para-pele-1-768x249.png 768w\" sizes=\"(max-width: 770px) 100vw, 770px\" \/><\/figure>\n\n\n\n<p>Os <strong>smartphones<\/strong> s\u00e3o importante bra\u00e7o auxiliar no tratamento em v\u00e1rias especialidades da Medicina.&nbsp;Perfeitamente <strong>integrados \u00e0 vida cotidiana de m\u00e9dicos e pacientes<\/strong>, os aplicativos contribuem para diminuir o sofrimento e salvar vidas, com in\u00fameros dedicados \u00e0 <strong>Dermatologia<\/strong>.<\/p>\n\n\n\n<h3 class=\"wp-block-heading\">1 &#8211; Dermo Skin<\/h3>\n\n\n\n<p>Este software foi idealizado por pesquisadores da <strong>Universidade de Houston (EUA)<\/strong>. Foi desenvolvido&nbsp; para smartphone pela equipe do engenheiro George Zouridakis, alcan\u00e7ando uma taxa de acerto de 85% na detec\u00e7\u00e3o de casos de c\u00e2ncer da pele. Esse \u00edndice \u00e9 similar \u00e0 taxa de precis\u00e3o que os pr\u00f3prios especialistas da Dermatologia t\u00eam.<\/p>\n\n\n\n<p>O funcionamento do <strong>Dermo Skin<\/strong> est\u00e1 condicionado \u00e0s lentes dermosc\u00f3picas (de aumento), que precisam ser acopladas ao <strong>iPhone<\/strong>. Desde o in\u00edcio de sua concep\u00e7\u00e3o, em 2005, tem sido pensado para ser usado em \u00e1reas rurais e nos pa\u00edses em desenvolvimento.<\/p>\n\n\n\n<p>Ele consiste em tirar uma fotografia de uma mancha suspeita, com o intuito de ser levada para um programa que, em segundos, descobre se a les\u00e3o pode ser cancer\u00edgena.<\/p>\n\n\n\n<h3 class=\"wp-block-heading\">2 &#8211; SkinVision<\/h3>\n\n\n\n<p>Desenvolvido para dispositivos m\u00f3veis focados em <strong>Medicina Preventiva<\/strong>, este aplicativo \u00e9 considerado&nbsp; uma excelente ferramenta dermatol\u00f3gica. Al\u00e9m de ajudar a manter a sa\u00fade da pele, permite detectar o tumor. Seu desenvolvimento uniu os conhecimentos de cientistas da computa\u00e7\u00e3o e matem\u00e1ticos com os dos dermatologistas.<\/p>\n\n\n\n<p>Dessa maneira, criaram um software que permite aos usu\u00e1rios identificar, fotografar, arquivar e localizar imagens de pintas, verrugas e marcas de pele poss\u00edvel ou potencialmente perigosas em termos cancer\u00edgenos.<\/p>\n\n\n\n<p>Est\u00e1 dispon\u00edvel para <strong>iPhone<\/strong> e <strong>Android<\/strong>.<\/p>\n\n\n\n<h3 class=\"wp-block-heading\">3 &#8211; MySkin \u2013 Skincare Advice<\/h3>\n\n\n\n<p>Aplicativo de uma <strong>rede social<\/strong> onde s\u00e3o <strong>compartilhadas informa\u00e7\u00f5es<\/strong> sobre produtos e tratamentos voltados para a sa\u00fade da pele, <strong>baseando-se no tipo de pele<\/strong> e estilo de vida de cada indiv\u00edduo.<\/p>\n\n\n\n<p>Gratuito e dispon\u00edvel para <strong><a href=\"https:\/\/itunes.apple.com\/us\/app\/myskin-skincare-advice\/id542468181?mt=8\" target=\"_blank\" rel=\"noopener noreferrer\">iOS<\/a><\/strong>.<\/p>\n\n\n\n<h3 class=\"wp-block-heading\">4 &#8211; Doctor Derm<\/h3>\n\n\n\n<p>O <strong>Doctor Derm<\/strong> \u00e9 um guia de bolso <strong>completo e gratuito<\/strong>&nbsp;que <strong>oferece descri\u00e7\u00f5es e tratamentos<\/strong> para diversas doen\u00e7as dermatol\u00f3gicas. Disponibiliza <strong>mais de 250 fotografias em alta resolu\u00e7\u00e3o<\/strong> e, em cada uma, basta um toque para que seja ampliada.<\/p>\n\n\n\n<p>Dispon\u00edvel na Apple Store, o software cont\u00e9m descri\u00e7\u00f5es e tratamentos para in\u00fameras enfermidades da pele. Na aba &#8220;Dermatology Resources&#8221; (Fontes Dermatol\u00f3gicas) est\u00e3o catalogadas 135 doen\u00e7as, com descri\u00e7\u00f5es detalhadas e seus tratamentos.<\/p>\n\n\n\n<p>Em &#8220;Drugs&#8221; (Medicamentos), o app enumera 22 medicamentos para auxiliar na prescri\u00e7\u00e3o para alguns tratamentos. J\u00e1 em &#8220;Procedores&#8221; (Procedimentos) est\u00e3o relacionados v\u00e1rios tipos de cirurgias est\u00e9ticas ou para a cura de alguma mol\u00e9stia. Por fim, o menu &#8220;Glossary&#8221; traz um gloss\u00e1rio com in\u00fameros termos dermatol\u00f3gicos.<\/p>\n\n\n\n<p>Tamb\u00e9m est\u00e3o acess\u00edveis informa\u00e7\u00f5es importantes sobre os cuidados necess\u00e1rios com a pele, dicas sobre o envelhecimento e os danos provocados pela exposi\u00e7\u00e3o indevida ao sol. Al\u00e9m disso, \u00e9 poss\u00edvel descobrir como s\u00e3o a estrutura e o funcionamento da pele.<\/p>\n\n\n\n<p>O software est\u00e1 dispon\u00edvel em ingl\u00eas para iPhone, iPod Touch com iOS 4.0 ou superior.<\/p>\n\n\n\n<h3 class=\"wp-block-heading\">5 &#8211; Ultraviolet UV Index<\/h3>\n\n\n\n<p>Aplicativo que <strong>mede e informa o \u00edndice de radia\u00e7\u00e3o UV<\/strong> de qualquer lugar do mundo, indicando qual a melhor maneira de proteger a pele.<\/p>\n\n\n\n<p>Dispon\u00edvel para <strong><a href=\"https:\/\/itunes.apple.com\/us\/app\/ultraviolet-uv-index\/id445874481?mt=8\" target=\"_blank\" rel=\"noopener noreferrer\">iOS<\/a><\/strong>.<\/p>\n\n\n\n<h3 class=\"wp-block-heading\">6 &#8211; FotoSkin<\/h3>\n\n\n\n<p>Aplicativo para Android e iOS que auxilia o usu\u00e1rio no diagn\u00f3stico precoce do c\u00e2ncer de pele. o app foi desenvolvido com o intuito de educar os usu\u00e1rios quanto \u00e0 <strong>preven\u00e7\u00e3o do tumor<\/strong>, mantendo no celular um hist\u00f3rico da pele de cada um, a fim de <strong>diagnosticar poss\u00edveis casos<\/strong> da enfermidade.<\/p>\n\n\n\n<p>Atrav\u00e9s da c\u00e2mera do smartphone \u00e9 poss\u00edvel fazer a autovigil\u00e2ncia, <strong>monitorando as pintas e manchas<\/strong> presentes na pele.<\/p>\n\n\n\n<p>Al\u00e9m disso, o <strong>FotoSkin<\/strong> disponibiliza um guia com <strong>informa\u00e7\u00f5es m\u00e9dicas<\/strong> sobre as doen\u00e7as e as mais diversas condi\u00e7\u00f5es da pele. Tamb\u00e9m alerta para a import\u00e2ncia de se evitar as condi\u00e7\u00f5es favor\u00e1veis para tais doen\u00e7as, disponibilizando in\u00fameras <strong>dicas e testes para o usu\u00e1rio<\/strong>.<\/p>\n\n\n\n<p>\u00c9 importante destacar que, mesmo sendo poss\u00edvel realizar testes (como o &#8220;Risco de Melanoma&#8221;) para avaliar o estado de sa\u00fade da pele, isso n\u00e3o substitui a consulta presencial com o Dermatologista.<\/p>\n\n\n\n<p>Por fim, o <strong>FotoSkin <\/strong>traz v\u00e1rias informa\u00e7\u00f5es para que o usu\u00e1rio se proteja dos raios ultravioleta. Por exemplo: como aplicar corretamente o protetor solar e como resguardar a sa\u00fade da pele das crian\u00e7as.<\/p>\n\n\n\n<h3 class=\"wp-block-heading\">7 &#8211; SkinCheck<\/h3>\n\n\n\n<p>Cientistas da <strong>Universidade de Michigan (EUA)<\/strong> criaram um software para smartphone e tablet que auxilia na detec\u00e7\u00e3o da exist\u00eancia do c\u00e2ncer da pele. De maneira did\u00e1tica, o <strong>SkinChek<\/strong> ensina ao usu\u00e1rio como tirar fotos de diferentes partes do corpo, a fim de elaborar uma an\u00e1lise.<\/p>\n\n\n\n<p>Passado algum tempo, dever\u00e1 repetir as fotos, com o intuito de armazenar informa\u00e7\u00f5es que ser\u00e3o essenciais para o aplicativo estabelecer compara\u00e7\u00f5es sobre poss\u00edveis altera\u00e7\u00f5es (Antes e Depois). Por fim, o &#8220;Calculador de Risco&#8221; do app informar\u00e1 o \u00edndice do risco do usu\u00e1rio ter c\u00e2ncer de pele.<\/p>\n\n\n\n<p>O <strong>SkinCheck<\/strong> est\u00e1 dispon\u00edvel na <strong>App Store<\/strong>.<\/p>\n\n\n\n<p>Confira mais <a href=\"https:\/\/www.softwaresuggest.com\/dermatology-software\" target=\"_blank\" rel=\"noopener\"><strong>19 softwares, em ingl\u00eas,<\/strong><\/a> relacionados como refer\u00eancias na <strong>Dermatologia<\/strong>.<\/p>\n\n\n\n<h2 class=\"wp-block-heading\"><strong>Resumo<\/strong><\/h2>\n\n\n\n<p>No <strong>Dia do Dermatologista<\/strong>, pudemos trazer para voc\u00ea uma vis\u00e3o de como a <strong>Dermatologia est\u00e1 na ordem do dia<\/strong>, com sua import\u00e2ncia abrangendo desde os procedimentos b\u00e1sicos do dia a dia at\u00e9 os procedimentos est\u00e9ticos que mexem com a vaidade do ser humano. Al\u00e9m, \u00e9 claro, da grande preocupa\u00e7\u00e3o e o engajamento nas campanhas para a preven\u00e7\u00e3o contra o c\u00e2ncer de pele.<\/p>\n\n\n\n<p>Esta \u00e9, sem d\u00favida, uma especialidade em crescimento vertiginoso e com predomin\u00e2ncia das mulheres. A Dermatologia no Brasil, hoje, \u00e9 um referencial em termos n\u00e3o s\u00f3 de realiza\u00e7\u00e3o de procedimentos b\u00e1sicos, como tamb\u00e9m de refer\u00eancia nos tratamentos est\u00e9ticos. Sem falar do engajamento de grande import\u00e2ncia para conscientizar a popula\u00e7\u00e3o sobre o c\u00e2ncer de pele.<\/p>\n\n\n\n<p>Por tudo isso, a <strong>ProDoctor Software<\/strong> destaca sua import\u00e2ncia e sa\u00fada cada profissional pelo <strong>Dia do Dermatologista<\/strong>.<\/p>\n","protected":false},"excerpt":{"rendered":"<p>Comemoramos em 05\/02 o Dia do Dermatologista. Confira a sele\u00e7\u00e3o de aplicativos que podem ajudar os dermatologistas e seus pacientes.<\/p>\n","protected":false},"author":1,"featured_media":2138,"comment_status":"closed","ping_status":"open","sticky":false,"template":"","format":"standard","meta":{"_kad_blocks_custom_css":"","_kad_blocks_head_custom_js":"","_kad_blocks_body_custom_js":"","_kad_blocks_footer_custom_js":"","_kadence_starter_templates_imported_post":false,"_kad_post_transparent":"","_kad_post_title":"","_kad_post_layout":"","_kad_post_sidebar_id":"","_kad_post_content_style":"","_kad_post_vertical_padding":"","_kad_post_feature":"","_kad_post_feature_position":"","_kad_post_header":false,"_kad_post_footer":false,"footnotes":""},"categories":[410],"tags":[],"class_list":["post-2137","post","type-post","status-publish","format-standard","has-post-thumbnail","hentry","category-datas-comemorativas-da-saude"],"yoast_head":"<!-- This site is optimized with the Yoast SEO plugin v27.0 - https:\/\/yoast.com\/product\/yoast-seo-wordpress\/ -->\n<title>Dia do Dermatologista | Blog ProDoctor<\/title>\n<meta name=\"description\" content=\"Comemoramos hoje, 05\/02, o Dia do Dermatologista. Confira a sele\u00e7\u00e3o de aplicativos que podem ajudar os dermatologistas e seus pacientes.\" \/>\n<meta name=\"robots\" content=\"index, follow, max-snippet:-1, max-image-preview:large, max-video-preview:-1\" \/>\n<link rel=\"canonical\" href=\"https:\/\/prodoctor.net\/blog\/dia-do-dermatologista\/\" \/>\n<meta property=\"og:locale\" content=\"pt_BR\" \/>\n<meta property=\"og:type\" content=\"article\" \/>\n<meta property=\"og:title\" content=\"Dia do Dermatologista | Blog ProDoctor\" \/>\n<meta property=\"og:description\" content=\"Comemoramos hoje, 05\/02, o Dia do Dermatologista. Confira a sele\u00e7\u00e3o de aplicativos que podem ajudar os dermatologistas e seus pacientes.\" \/>\n<meta property=\"og:url\" content=\"https:\/\/prodoctor.net\/blog\/dia-do-dermatologista\/\" \/>\n<meta property=\"og:site_name\" content=\"Blog ProDoctor\" \/>\n<meta property=\"article:publisher\" content=\"https:\/\/www.facebook.com\/prodoctorsoftware\" \/>\n<meta property=\"article:published_time\" content=\"2024-02-05T15:06:22+00:00\" \/>\n<meta property=\"article:modified_time\" content=\"2024-05-17T13:41:51+00:00\" \/>\n<meta property=\"og:image\" content=\"https:\/\/prodoctor.net\/blog\/wp-content\/uploads\/2016\/02\/dia-do-dermatologista.jpg\" \/>\n\t<meta property=\"og:image:width\" content=\"770\" \/>\n\t<meta property=\"og:image:height\" content=\"400\" \/>\n\t<meta property=\"og:image:type\" content=\"image\/jpeg\" \/>\n<meta name=\"author\" content=\"ProDoctor Software\" \/>\n<meta name=\"twitter:card\" content=\"summary_large_image\" \/>\n<meta name=\"twitter:creator\" content=\"@prodoctorsoft\" \/>\n<meta name=\"twitter:site\" content=\"@prodoctorsoft\" \/>\n<meta name=\"twitter:label1\" content=\"Escrito por\" \/>\n\t<meta name=\"twitter:data1\" content=\"ProDoctor Software\" \/>\n\t<meta name=\"twitter:label2\" content=\"Est. tempo de leitura\" \/>\n\t<meta name=\"twitter:data2\" content=\"15 minutos\" \/>\n<script type=\"application\/ld+json\" class=\"yoast-schema-graph\">{\"@context\":\"https:\/\/schema.org\",\"@graph\":[{\"@type\":\"Article\",\"@id\":\"https:\/\/prodoctor.net\/blog\/dia-do-dermatologista\/#article\",\"isPartOf\":{\"@id\":\"https:\/\/prodoctor.net\/blog\/dia-do-dermatologista\/\"},\"author\":{\"name\":\"ProDoctor Software\",\"@id\":\"https:\/\/prodoctor.net\/blog\/#\/schema\/person\/8878914b17cd360e7ec0ddee1ed8c544\"},\"headline\":\"Dia do Dermatologista\",\"datePublished\":\"2024-02-05T15:06:22+00:00\",\"dateModified\":\"2024-05-17T13:41:51+00:00\",\"mainEntityOfPage\":{\"@id\":\"https:\/\/prodoctor.net\/blog\/dia-do-dermatologista\/\"},\"wordCount\":2819,\"publisher\":{\"@id\":\"https:\/\/prodoctor.net\/blog\/#organization\"},\"image\":{\"@id\":\"https:\/\/prodoctor.net\/blog\/dia-do-dermatologista\/#primaryimage\"},\"thumbnailUrl\":\"https:\/\/prodoctor.net\/blog\/wp-content\/uploads\/2016\/02\/dia-do-dermatologista.jpg\",\"articleSection\":[\"Datas Comemorativas da Sa\u00fade\"],\"inLanguage\":\"pt-BR\"},{\"@type\":\"WebPage\",\"@id\":\"https:\/\/prodoctor.net\/blog\/dia-do-dermatologista\/\",\"url\":\"https:\/\/prodoctor.net\/blog\/dia-do-dermatologista\/\",\"name\":\"Dia do Dermatologista | Blog ProDoctor\",\"isPartOf\":{\"@id\":\"https:\/\/prodoctor.net\/blog\/#website\"},\"primaryImageOfPage\":{\"@id\":\"https:\/\/prodoctor.net\/blog\/dia-do-dermatologista\/#primaryimage\"},\"image\":{\"@id\":\"https:\/\/prodoctor.net\/blog\/dia-do-dermatologista\/#primaryimage\"},\"thumbnailUrl\":\"https:\/\/prodoctor.net\/blog\/wp-content\/uploads\/2016\/02\/dia-do-dermatologista.jpg\",\"datePublished\":\"2024-02-05T15:06:22+00:00\",\"dateModified\":\"2024-05-17T13:41:51+00:00\",\"description\":\"Comemoramos hoje, 05\/02, o Dia do Dermatologista. Confira a sele\u00e7\u00e3o de aplicativos que podem ajudar os dermatologistas e seus pacientes.\",\"breadcrumb\":{\"@id\":\"https:\/\/prodoctor.net\/blog\/dia-do-dermatologista\/#breadcrumb\"},\"inLanguage\":\"pt-BR\",\"potentialAction\":[{\"@type\":\"ReadAction\",\"target\":[\"https:\/\/prodoctor.net\/blog\/dia-do-dermatologista\/\"]}]},{\"@type\":\"ImageObject\",\"inLanguage\":\"pt-BR\",\"@id\":\"https:\/\/prodoctor.net\/blog\/dia-do-dermatologista\/#primaryimage\",\"url\":\"https:\/\/prodoctor.net\/blog\/wp-content\/uploads\/2016\/02\/dia-do-dermatologista.jpg\",\"contentUrl\":\"https:\/\/prodoctor.net\/blog\/wp-content\/uploads\/2016\/02\/dia-do-dermatologista.jpg\",\"width\":770,\"height\":400,\"caption\":\"Dia do Dermatologista - Aplicativos de dermatologia\"},{\"@type\":\"BreadcrumbList\",\"@id\":\"https:\/\/prodoctor.net\/blog\/dia-do-dermatologista\/#breadcrumb\",\"itemListElement\":[{\"@type\":\"ListItem\",\"position\":1,\"name\":\"In\u00edcio\",\"item\":\"https:\/\/prodoctor.net\/blog\/\"},{\"@type\":\"ListItem\",\"position\":2,\"name\":\"Dia do Dermatologista\"}]},{\"@type\":\"WebSite\",\"@id\":\"https:\/\/prodoctor.net\/blog\/#website\",\"url\":\"https:\/\/prodoctor.net\/blog\/\",\"name\":\"Blog ProDoctor\",\"description\":\"Tudo sobre o mundo da Sa\u00fade\",\"publisher\":{\"@id\":\"https:\/\/prodoctor.net\/blog\/#organization\"},\"potentialAction\":[{\"@type\":\"SearchAction\",\"target\":{\"@type\":\"EntryPoint\",\"urlTemplate\":\"https:\/\/prodoctor.net\/blog\/?s={search_term_string}\"},\"query-input\":{\"@type\":\"PropertyValueSpecification\",\"valueRequired\":true,\"valueName\":\"search_term_string\"}}],\"inLanguage\":\"pt-BR\"},{\"@type\":\"Organization\",\"@id\":\"https:\/\/prodoctor.net\/blog\/#organization\",\"name\":\"ProDoctor Software S\/A\",\"url\":\"https:\/\/prodoctor.net\/blog\/\",\"logo\":{\"@type\":\"ImageObject\",\"inLanguage\":\"pt-BR\",\"@id\":\"https:\/\/prodoctor.net\/blog\/#\/schema\/logo\/image\/\",\"url\":\"https:\/\/prodoctor.net\/blog\/wp-content\/uploads\/2017\/01\/Logo_PDo_Lateral.png\",\"contentUrl\":\"https:\/\/prodoctor.net\/blog\/wp-content\/uploads\/2017\/01\/Logo_PDo_Lateral.png\",\"width\":2014,\"height\":485,\"caption\":\"ProDoctor Software S\/A\"},\"image\":{\"@id\":\"https:\/\/prodoctor.net\/blog\/#\/schema\/logo\/image\/\"},\"sameAs\":[\"https:\/\/www.facebook.com\/prodoctorsoftware\",\"https:\/\/x.com\/prodoctorsoft\",\"https:\/\/www.instagram.com\/prodoctorsoftware\/\",\"https:\/\/www.linkedin.com\/company\/prodoctor-software-ltda\",\"https:\/\/www.youtube.com\/channel\/UCIWuDLsVtIpX-PEqQn1pNlw\"]},{\"@type\":\"Person\",\"@id\":\"https:\/\/prodoctor.net\/blog\/#\/schema\/person\/8878914b17cd360e7ec0ddee1ed8c544\",\"name\":\"ProDoctor Software\",\"image\":{\"@type\":\"ImageObject\",\"inLanguage\":\"pt-BR\",\"@id\":\"https:\/\/prodoctor.net\/blog\/#\/schema\/person\/image\/\",\"url\":\"https:\/\/secure.gravatar.com\/avatar\/a67bdb10f2e6695f7ae356a84deeaf10b545567f0ac054e9bfe8ec56e86317ec?s=96&d=mm&r=g\",\"contentUrl\":\"https:\/\/secure.gravatar.com\/avatar\/a67bdb10f2e6695f7ae356a84deeaf10b545567f0ac054e9bfe8ec56e86317ec?s=96&d=mm&r=g\",\"caption\":\"ProDoctor Software\"},\"sameAs\":[\"http:\/\/prodoctor.net\",\"https:\/\/x.com\/prodoctorsoft\"]}]}<\/script>\n<!-- \/ Yoast SEO plugin. -->","yoast_head_json":{"title":"Dia do Dermatologista | Blog ProDoctor","description":"Comemoramos hoje, 05\/02, o Dia do Dermatologista. Confira a sele\u00e7\u00e3o de aplicativos que podem ajudar os dermatologistas e seus pacientes.","robots":{"index":"index","follow":"follow","max-snippet":"max-snippet:-1","max-image-preview":"max-image-preview:large","max-video-preview":"max-video-preview:-1"},"canonical":"https:\/\/prodoctor.net\/blog\/dia-do-dermatologista\/","og_locale":"pt_BR","og_type":"article","og_title":"Dia do Dermatologista | Blog ProDoctor","og_description":"Comemoramos hoje, 05\/02, o Dia do Dermatologista. Confira a sele\u00e7\u00e3o de aplicativos que podem ajudar os dermatologistas e seus pacientes.","og_url":"https:\/\/prodoctor.net\/blog\/dia-do-dermatologista\/","og_site_name":"Blog ProDoctor","article_publisher":"https:\/\/www.facebook.com\/prodoctorsoftware","article_published_time":"2024-02-05T15:06:22+00:00","article_modified_time":"2024-05-17T13:41:51+00:00","og_image":[{"width":770,"height":400,"url":"https:\/\/prodoctor.net\/blog\/wp-content\/uploads\/2016\/02\/dia-do-dermatologista.jpg","type":"image\/jpeg"}],"author":"ProDoctor Software","twitter_card":"summary_large_image","twitter_creator":"@prodoctorsoft","twitter_site":"@prodoctorsoft","twitter_misc":{"Escrito por":"ProDoctor Software","Est. tempo de leitura":"15 minutos"},"schema":{"@context":"https:\/\/schema.org","@graph":[{"@type":"Article","@id":"https:\/\/prodoctor.net\/blog\/dia-do-dermatologista\/#article","isPartOf":{"@id":"https:\/\/prodoctor.net\/blog\/dia-do-dermatologista\/"},"author":{"name":"ProDoctor Software","@id":"https:\/\/prodoctor.net\/blog\/#\/schema\/person\/8878914b17cd360e7ec0ddee1ed8c544"},"headline":"Dia do Dermatologista","datePublished":"2024-02-05T15:06:22+00:00","dateModified":"2024-05-17T13:41:51+00:00","mainEntityOfPage":{"@id":"https:\/\/prodoctor.net\/blog\/dia-do-dermatologista\/"},"wordCount":2819,"publisher":{"@id":"https:\/\/prodoctor.net\/blog\/#organization"},"image":{"@id":"https:\/\/prodoctor.net\/blog\/dia-do-dermatologista\/#primaryimage"},"thumbnailUrl":"https:\/\/prodoctor.net\/blog\/wp-content\/uploads\/2016\/02\/dia-do-dermatologista.jpg","articleSection":["Datas Comemorativas da Sa\u00fade"],"inLanguage":"pt-BR"},{"@type":"WebPage","@id":"https:\/\/prodoctor.net\/blog\/dia-do-dermatologista\/","url":"https:\/\/prodoctor.net\/blog\/dia-do-dermatologista\/","name":"Dia do Dermatologista | Blog ProDoctor","isPartOf":{"@id":"https:\/\/prodoctor.net\/blog\/#website"},"primaryImageOfPage":{"@id":"https:\/\/prodoctor.net\/blog\/dia-do-dermatologista\/#primaryimage"},"image":{"@id":"https:\/\/prodoctor.net\/blog\/dia-do-dermatologista\/#primaryimage"},"thumbnailUrl":"https:\/\/prodoctor.net\/blog\/wp-content\/uploads\/2016\/02\/dia-do-dermatologista.jpg","datePublished":"2024-02-05T15:06:22+00:00","dateModified":"2024-05-17T13:41:51+00:00","description":"Comemoramos hoje, 05\/02, o Dia do Dermatologista. Confira a sele\u00e7\u00e3o de aplicativos que podem ajudar os dermatologistas e seus pacientes.","breadcrumb":{"@id":"https:\/\/prodoctor.net\/blog\/dia-do-dermatologista\/#breadcrumb"},"inLanguage":"pt-BR","potentialAction":[{"@type":"ReadAction","target":["https:\/\/prodoctor.net\/blog\/dia-do-dermatologista\/"]}]},{"@type":"ImageObject","inLanguage":"pt-BR","@id":"https:\/\/prodoctor.net\/blog\/dia-do-dermatologista\/#primaryimage","url":"https:\/\/prodoctor.net\/blog\/wp-content\/uploads\/2016\/02\/dia-do-dermatologista.jpg","contentUrl":"https:\/\/prodoctor.net\/blog\/wp-content\/uploads\/2016\/02\/dia-do-dermatologista.jpg","width":770,"height":400,"caption":"Dia do Dermatologista - Aplicativos de dermatologia"},{"@type":"BreadcrumbList","@id":"https:\/\/prodoctor.net\/blog\/dia-do-dermatologista\/#breadcrumb","itemListElement":[{"@type":"ListItem","position":1,"name":"In\u00edcio","item":"https:\/\/prodoctor.net\/blog\/"},{"@type":"ListItem","position":2,"name":"Dia do Dermatologista"}]},{"@type":"WebSite","@id":"https:\/\/prodoctor.net\/blog\/#website","url":"https:\/\/prodoctor.net\/blog\/","name":"Blog ProDoctor","description":"Tudo sobre o mundo da Sa\u00fade","publisher":{"@id":"https:\/\/prodoctor.net\/blog\/#organization"},"potentialAction":[{"@type":"SearchAction","target":{"@type":"EntryPoint","urlTemplate":"https:\/\/prodoctor.net\/blog\/?s={search_term_string}"},"query-input":{"@type":"PropertyValueSpecification","valueRequired":true,"valueName":"search_term_string"}}],"inLanguage":"pt-BR"},{"@type":"Organization","@id":"https:\/\/prodoctor.net\/blog\/#organization","name":"ProDoctor Software S\/A","url":"https:\/\/prodoctor.net\/blog\/","logo":{"@type":"ImageObject","inLanguage":"pt-BR","@id":"https:\/\/prodoctor.net\/blog\/#\/schema\/logo\/image\/","url":"https:\/\/prodoctor.net\/blog\/wp-content\/uploads\/2017\/01\/Logo_PDo_Lateral.png","contentUrl":"https:\/\/prodoctor.net\/blog\/wp-content\/uploads\/2017\/01\/Logo_PDo_Lateral.png","width":2014,"height":485,"caption":"ProDoctor Software S\/A"},"image":{"@id":"https:\/\/prodoctor.net\/blog\/#\/schema\/logo\/image\/"},"sameAs":["https:\/\/www.facebook.com\/prodoctorsoftware","https:\/\/x.com\/prodoctorsoft","https:\/\/www.instagram.com\/prodoctorsoftware\/","https:\/\/www.linkedin.com\/company\/prodoctor-software-ltda","https:\/\/www.youtube.com\/channel\/UCIWuDLsVtIpX-PEqQn1pNlw"]},{"@type":"Person","@id":"https:\/\/prodoctor.net\/blog\/#\/schema\/person\/8878914b17cd360e7ec0ddee1ed8c544","name":"ProDoctor Software","image":{"@type":"ImageObject","inLanguage":"pt-BR","@id":"https:\/\/prodoctor.net\/blog\/#\/schema\/person\/image\/","url":"https:\/\/secure.gravatar.com\/avatar\/a67bdb10f2e6695f7ae356a84deeaf10b545567f0ac054e9bfe8ec56e86317ec?s=96&d=mm&r=g","contentUrl":"https:\/\/secure.gravatar.com\/avatar\/a67bdb10f2e6695f7ae356a84deeaf10b545567f0ac054e9bfe8ec56e86317ec?s=96&d=mm&r=g","caption":"ProDoctor Software"},"sameAs":["http:\/\/prodoctor.net","https:\/\/x.com\/prodoctorsoft"]}]}},"taxonomy_info":{"category":[{"value":410,"label":"Datas Comemorativas da Sa\u00fade"}]},"featured_image_src_large":["https:\/\/prodoctor.net\/blog\/wp-content\/uploads\/2016\/02\/dia-do-dermatologista.jpg",770,400,false],"author_info":{"display_name":"ProDoctor Software","author_link":"https:\/\/prodoctor.net\/blog\/author\/redesocialprodoctor-net\/"},"comment_info":1,"category_info":[{"term_id":410,"name":"Datas Comemorativas da Sa\u00fade","slug":"datas-comemorativas-da-saude","term_group":0,"term_taxonomy_id":410,"taxonomy":"category","description":"","parent":0,"count":86,"filter":"raw","cat_ID":410,"category_count":86,"category_description":"","cat_name":"Datas Comemorativas da Sa\u00fade","category_nicename":"datas-comemorativas-da-saude","category_parent":0}],"tag_info":false,"_links":{"self":[{"href":"https:\/\/prodoctor.net\/blog\/wp-json\/wp\/v2\/posts\/2137","targetHints":{"allow":["GET"]}}],"collection":[{"href":"https:\/\/prodoctor.net\/blog\/wp-json\/wp\/v2\/posts"}],"about":[{"href":"https:\/\/prodoctor.net\/blog\/wp-json\/wp\/v2\/types\/post"}],"author":[{"embeddable":true,"href":"https:\/\/prodoctor.net\/blog\/wp-json\/wp\/v2\/users\/1"}],"replies":[{"embeddable":true,"href":"https:\/\/prodoctor.net\/blog\/wp-json\/wp\/v2\/comments?post=2137"}],"version-history":[{"count":67,"href":"https:\/\/prodoctor.net\/blog\/wp-json\/wp\/v2\/posts\/2137\/revisions"}],"predecessor-version":[{"id":29188,"href":"https:\/\/prodoctor.net\/blog\/wp-json\/wp\/v2\/posts\/2137\/revisions\/29188"}],"wp:featuredmedia":[{"embeddable":true,"href":"https:\/\/prodoctor.net\/blog\/wp-json\/wp\/v2\/media\/2138"}],"wp:attachment":[{"href":"https:\/\/prodoctor.net\/blog\/wp-json\/wp\/v2\/media?parent=2137"}],"wp:term":[{"taxonomy":"category","embeddable":true,"href":"https:\/\/prodoctor.net\/blog\/wp-json\/wp\/v2\/categories?post=2137"},{"taxonomy":"post_tag","embeddable":true,"href":"https:\/\/prodoctor.net\/blog\/wp-json\/wp\/v2\/tags?post=2137"}],"curies":[{"name":"wp","href":"https:\/\/api.w.org\/{rel}","templated":true}]}}