{"id":21365,"date":"2021-12-29T12:22:34","date_gmt":"2021-12-29T15:22:34","guid":{"rendered":"https:\/\/prodoctor.net\/blog\/?p=21365"},"modified":"2021-12-29T12:22:35","modified_gmt":"2021-12-29T15:22:35","slug":"retrospectiva-da-saude-em-2021-final","status":"publish","type":"post","link":"https:\/\/prodoctor.net\/blog\/retrospectiva-da-saude-em-2021-final\/","title":{"rendered":"RETROSPECTIVA DA SA\u00daDE EM 2021 &#8211; FINAL"},"content":{"rendered":"\n\n\n<p>A&nbsp;<span style=\"font-family: Times New Roman, serif;\">Retrospectiva da Sa\u00fade em 2021 da <a href=\"https:\/\/prodoctor.net\/\"><strong>ProDoctor Software<\/strong><\/a> relembra hoje, em sua \u00faltima parte, os fatos que marcaram os meses de setembro a dezembro. Mais uma vez, as not\u00edcias acerca da <a href=\"https:\/\/bit.ly\/3mhpsBV\"><strong>Covid-19<\/strong><\/a> foram predominantes.<\/span><\/p>\n<p>Assim, convidamos voc\u00ea para conferir nosso post.<\/p>\n\n\n\n<hr class=\"wp-block-separator\"\/>\n\n\n\n<p class=\"has-text-align-center\"><a href=\"https:\/\/prodoctor.net\/blog\/retrospectiva-da-saude-2021-parte-1\/\">Clique aqui para acompanhar a parte 1<\/a><\/p>\n\n\n\n<p class=\"has-text-align-center\"><a href=\"https:\/\/prodoctor.net\/blog\/retrospectiva-da-saude-parte-2\/\">Clique aqui para acompanhar a parte 2<\/a><\/p>\n\n\n\n<hr class=\"wp-block-separator\"\/>\n\n\n\n<figure class=\"wp-block-image size-full\"><a href=\"https:\/\/prodoctor.net\/blog\/wp-content\/uploads\/2021\/12\/o-que-e-prescricao-medica-8-min.jpg\"><img decoding=\"async\" width=\"770\" height=\"250\" src=\"https:\/\/prodoctor.net\/blog\/wp-content\/uploads\/2021\/12\/o-que-e-prescricao-medica-8-min.jpg\" alt=\"\" class=\"wp-image-21493\" srcset=\"https:\/\/prodoctor.net\/blog\/wp-content\/uploads\/2021\/12\/o-que-e-prescricao-medica-8-min.jpg 770w, https:\/\/prodoctor.net\/blog\/wp-content\/uploads\/2021\/12\/o-que-e-prescricao-medica-8-min-300x97.jpg 300w, https:\/\/prodoctor.net\/blog\/wp-content\/uploads\/2021\/12\/o-que-e-prescricao-medica-8-min-768x249.jpg 768w\" sizes=\"(max-width: 770px) 100vw, 770px\" \/><\/a><\/figure>\n\n\n<p><!-- \/wp:post-content --><\/p>\n<p><!-- wp:paragraph --><\/p>\n<p><!-- \/wp:paragraph --><\/p>\n<p><!-- wp:heading --><\/p>\n<h2>Retrospectiva da Sa\u00fade relembra Setembro de 2021<\/h2>\n<p><!-- \/wp:heading --><\/p>\n<p><!-- wp:paragraph --><\/p>\n<p>A Retrospectiva da Sa\u00fade em 2021 come\u00e7ou setembro com uma boa not\u00edcia. O governo da Alemanha e a Organiza\u00e7\u00e3o Mundial da Sa\u00fade (OMS) inauguraram em Berlim um Centro de Intelig\u00eancia da OMS, cujo objetivo \u00e9 preparar e proteger a popula\u00e7\u00e3o contra pandemias e endemias..<\/p>\n<p><!-- \/wp:paragraph --><\/p>\n<p><!-- wp:paragraph --><\/p>\n<p>A solenidade foi liderada pela ent\u00e3o chanceler da Alemanha, Angela Merkel, e pelo diretor-geral da OMS, Tedros Ghebreyesus. Segundo ele, \u00e9 preciso estar preparado antes que uma dessas amea\u00e7as aconte\u00e7a:<\/p>\n<p><!-- \/wp:paragraph --><\/p>\n<p><!-- wp:paragraph --><\/p>\n<p>&#8211; O mundo precisa ser capaz de detectar novas doen\u00e7as com potencial pand\u00eamico e acompanhar as medidas de controle em tempo real para criar uma gest\u00e3o eficaz do risco de pandemia e epidemia.<\/p>\n<p><!-- \/wp:paragraph --><\/p>\n<p><!-- wp:paragraph --><\/p>\n<p>Parte do Programa de Emerg\u00eancias da OMS, o foco do Centro \u00e9 gerar e analisar dados, al\u00e9m de ter capacidade para detectar e avaliar claramente os riscos de pandemias e eventos em seus est\u00e1gios iniciais. Dessa maneira, torna-se poss\u00edvel evitar que alcancem uma dimens\u00e3o que provoque mortes e perturba\u00e7\u00e3o social.<\/p>\n<p><!-- \/wp:paragraph --><\/p>\n<p><!-- wp:paragraph --><\/p>\n<p>O projeto recebeu um investimento inicial de US$ 100 milh\u00f5es do governo alem\u00e3o e tem participa\u00e7\u00e3o de pa\u00edses e parcerias de profissionais multidisciplinaress em todo o planeta. Com tecnologia avan\u00e7ada, o Centro de Intelig\u00eancia conectar\u00e1 os dados armazenados, as ferramentas necess\u00e1rias e as comunidades.<\/p>\n<p><!-- \/wp:paragraph --><\/p>\n<p><!-- wp:paragraph --><\/p>\n<p>O Centro ser\u00e1 dirigido pelo atual diretor-geral do Centro de Controle de Doen\u00e7as da Nig\u00e9ria, Chikwe Ihekweazu.<\/p>\n<p><!-- \/wp:paragraph --><\/p>\n<p><!-- wp:paragraph --><\/p>\n<p><!-- \/wp:paragraph --><\/p>\n<p><!-- wp:heading --><\/p>\n<h2>Dem\u00eancia em foco na Retrospectiva da Sa\u00fade em 2021<\/h2>\n<p><!-- \/wp:heading --><\/p>\n<p><!-- wp:paragraph --><\/p>\n<p>Quatro anos ap\u00f3s a publica\u00e7\u00e3o do Plano de A\u00e7\u00e3o Global para a Dem\u00eancia da Organiza\u00e7\u00e3o Mundial da Sa\u00fade, a entidade anunciou, no dia 02, que mais de 55 milh\u00f5es de pessoas vivem com a dem\u00eancia.<\/p>\n<p><!-- \/wp:paragraph --><\/p>\n<p><!-- wp:paragraph --><\/p>\n<p>E alertou que, at\u00e9 2030, o n\u00famero de pacientes poder\u00e1 aumentar cerca de 40%, alcan\u00e7ando 78 milh\u00f5es. Conforme o relat\u00f3rio, mais de 60% dos pacientes est\u00e3o em pa\u00edses em desenvolvimento, com rendas baixa e m\u00e9dia.<\/p>\n<p><!-- \/wp:paragraph --><\/p>\n<p><!-- wp:paragraph --><\/p>\n<p>Segundo o Plano de A\u00e7\u00e3o, a OMS tem concentrado esfor\u00e7os e realizado a\u00e7\u00f5es para auxiliar as pessoas que trabalham em comunidades em a\u00e7\u00f5es como planejar, implementar e avaliar programas de incentivo aos pacientes com enfermidades mentais.<\/p>\n<p><!-- \/wp:paragraph --><\/p>\n<p><!-- wp:paragraph --><\/p>\n<p>O relat\u00f3rio afirma que houve progressos e desafios n\u00e3o s\u00f3 em \u00e1reas como diagn\u00f3stico, tratamento e apoio aos cuidadores, como tamb\u00e9m na pesquisa e na inova\u00e7\u00e3o. Com o intuito de avan\u00e7ar, um dos objetivos, agora, \u00e9 integrar a dem\u00eancia a outras iniciativas.<\/p>\n<p><!-- \/wp:paragraph --><\/p>\n<p><!-- wp:paragraph --><\/p>\n<p>Procurando favorecer a cria\u00e7\u00e3o de uma sociedade inclusiva para essas pessoas, a OMS tem como grande desafio aumentar a consci\u00eancia sobre o problema.<\/p>\n<p><!-- \/wp:paragraph --><\/p>\n<p><!-- wp:paragraph --><\/p>\n<p><!-- \/wp:paragraph --><\/p>\n<p><!-- wp:heading --><\/p>\n<h2>Seguran\u00e7a do Paciente<\/h2>\n<p><!-- \/wp:heading --><\/p>\n<p><!-- wp:image {\"id\":21474,\"sizeSlug\":\"full\",\"linkDestination\":\"media\"} --><\/p>\n<figure class=\"wp-block-image size-full\"><a href=\"https:\/\/prodoctor.net\/blog\/wp-content\/uploads\/2021\/12\/retrospectiva-2021-02.jpg\"><img decoding=\"async\" width=\"770\" height=\"250\" class=\"wp-image-21474\" src=\"https:\/\/prodoctor.net\/blog\/wp-content\/uploads\/2021\/12\/retrospectiva-2021-02.jpg\" alt=\"\" srcset=\"https:\/\/prodoctor.net\/blog\/wp-content\/uploads\/2021\/12\/retrospectiva-2021-02.jpg 770w, https:\/\/prodoctor.net\/blog\/wp-content\/uploads\/2021\/12\/retrospectiva-2021-02-300x97.jpg 300w, https:\/\/prodoctor.net\/blog\/wp-content\/uploads\/2021\/12\/retrospectiva-2021-02-768x249.jpg 768w\" sizes=\"(max-width: 770px) 100vw, 770px\" \/><\/a><\/figure>\n<p><!-- \/wp:image --><\/p>\n<p><!-- wp:paragraph --><\/p>\n<p>Nossa Retrospectiva da Sa\u00fade em 2021 relembra que no Dia Mundial da Seguran\u00e7a do Paciente (17), a Organiza\u00e7\u00e3o Mundial da Sa\u00fade (OMS) fez um apelo \u00e0 garantia da seguran\u00e7a da paciente na hora do parto. A seguran\u00e7a materna e neonatal foi o tema deste ano.<\/p>\n<p><!-- \/wp:paragraph --><\/p>\n<p><!-- wp:paragraph --><\/p>\n<p>Conforme relat\u00f3rio da OMS, todos os dias, cerca de 800 mulheres e 6,7 mil beb\u00eas morrem durante o parto ou logo ap\u00f3s o nascimento. Al\u00e9m disso, o n\u00famero di\u00e1rio de natimortos chega a 5,4 mil, com 40% dessas mortes resultando de problemas na hora do parto.<\/p>\n<p><!-- \/wp:paragraph --><\/p>\n<p><!-- wp:paragraph --><\/p>\n<p>As causas s\u00e3o in\u00fameras, ocorrendo em fun\u00e7\u00e3o de in\u00fameros fatores, como por exemplo, os diagn\u00f3sticos errados ou que chegam tardiamente, os erros m\u00e9dicos e os erros cir\u00fargicos ou ligados \u00e0 anestesia.<\/p>\n<p><!-- \/wp:paragraph --><\/p>\n<p><!-- wp:paragraph --><\/p>\n<p>Al\u00e9m disso, as transfus\u00f5es inseguras, a falta de pr\u00e1ticas de controle de infec\u00e7\u00f5es e as interven\u00e7\u00f5es desnecess\u00e1rias ou maus tratos. Por isso, a ag\u00eancia pediu para que os propriet\u00e1rios\/administradores e l\u00edderes de hospitais e os trabalhadores da \u00e1rea da Sa\u00fade em todo o planeta adotem um conjunto de cinco metas.<\/p>\n<p><!-- \/wp:paragraph --><\/p>\n<p><!-- wp:paragraph --><\/p>\n<p>Elas tamb\u00e9m t\u00eam como intuito acelerar as a\u00e7\u00f5es para os Objetivos do Desenvolvimento Sustent\u00e1vel (ODSs). S\u00e3o as seguintes: Partos seguros e com respeito; Reduzir pr\u00e1ticas desnecess\u00e1rias e prejudiciais \u00e0s mulheres e beb\u00eas durante o parto; Refor\u00e7ar a capacidade e o apoio aos trabalhadores de sa\u00fade para cuidados seguros \u00e0s m\u00e3es e rec\u00e9m-nascidos; Melhorar o uso seguro de medicamentos e de transfus\u00f5es de sangue durante o nascimento; e Reportar e analisar os incidentes que acontecem durante o parto.<\/p>\n<p><!-- \/wp:paragraph --><\/p>\n<p><!-- wp:paragraph --><\/p>\n<p><!-- \/wp:paragraph --><\/p>\n<p><!-- wp:heading --><\/p>\n<h2>Retrospectiva da Sa\u00fade em 2021 e o &#8220;fracasso global&#8221;<\/h2>\n<p><!-- \/wp:heading --><\/p>\n<p><!-- wp:paragraph --><\/p>\n<p>Durante a realiza\u00e7\u00e3o da Confer\u00eancia Global sobre a Covid-19, em Nova Iorque, o secret\u00e1rio-geral das Na\u00e7\u00f5es Unidas (ONU), Ant\u00f4nio Guterres, admitiu que \u201ca seguran\u00e7a da sa\u00fade global fracassou, ao custo de 4,5 milh\u00f5es de vidas\u201d ceifadas pela Covid-19.<\/p>\n<p><!-- \/wp:paragraph --><\/p>\n<p><!-- wp:paragraph --><\/p>\n<p>Por\u00e9m, acrescentou que, com a exist\u00eancia de vacinas eficazes, \u00e9 poss\u00edvel exterminar a doen\u00e7a. Por isso, retomou seu discurso acerca da necessidade de colocar em a\u00e7\u00e3o um plano global de imuniza\u00e7\u00e3o, uma vez que o \u201cv\u00edrus continua circulando e mesmo em locais onde os casos est\u00e3o diminuindo, novas variantes causam picos perigosos\u201d.<\/p>\n<p><!-- \/wp:paragraph --><\/p>\n<p><!-- wp:paragraph --><\/p>\n<p>Segundo Guterres, \u00e9 preciso dobrar a produ\u00e7\u00e3o de vacinas e garantir que 2,3 bilh\u00f5es de doses sejam distribu\u00eddas de forma igualit\u00e1ria atrav\u00e9s do mecanismo Covax. Conforme destacou, o objetivo \u00e9 alcan\u00e7ar 40% da popula\u00e7\u00e3o em todos os pa\u00edses at\u00e9 o fim deste ano, e 70% at\u00e9 o fim do primeiro semestre de 2022.<\/p>\n<p><!-- \/wp:paragraph --><\/p>\n<p><!-- wp:paragraph --><\/p>\n<p>At\u00e9 aqui, 5,7 bilh\u00f5es de doses de vacina foram administradas em todo o planeta. Contudo, 73% do total foram aplicadas nas popula\u00e7\u00f5es de apenas 10 pa\u00edses. Para Ant\u00f4nio Guterres, este plano pode ser implementado por uma equipe de emerg\u00eancia formada pelos pa\u00edses que produzem as vacinas.<\/p>\n<p><!-- \/wp:paragraph --><\/p>\n<p><!-- wp:paragraph --><\/p>\n<p><!-- \/wp:paragraph --><\/p>\n<p><!-- wp:heading --><\/p>\n<h2>Retrospectiva da Sa\u00fade destaca escolha da Fiocruz<\/h2>\n<p><!-- \/wp:heading --><\/p>\n<p><!-- wp:image {\"id\":21475,\"sizeSlug\":\"full\",\"linkDestination\":\"media\"} --><\/p>\n<figure class=\"wp-block-image size-full\"><a href=\"https:\/\/prodoctor.net\/blog\/wp-content\/uploads\/2021\/12\/retrospectiva-2021-03.jpg\"><img decoding=\"async\" width=\"770\" height=\"250\" class=\"wp-image-21475\" src=\"https:\/\/prodoctor.net\/blog\/wp-content\/uploads\/2021\/12\/retrospectiva-2021-03.jpg\" alt=\"\" srcset=\"https:\/\/prodoctor.net\/blog\/wp-content\/uploads\/2021\/12\/retrospectiva-2021-03.jpg 770w, https:\/\/prodoctor.net\/blog\/wp-content\/uploads\/2021\/12\/retrospectiva-2021-03-300x97.jpg 300w, https:\/\/prodoctor.net\/blog\/wp-content\/uploads\/2021\/12\/retrospectiva-2021-03-768x249.jpg 768w\" sizes=\"(max-width: 770px) 100vw, 770px\" \/><\/a><\/figure>\n<p><!-- \/wp:image --><\/p>\n<p><!-- wp:paragraph --><\/p>\n<p>O \u00a0Instituto de Tecnologia\u00a0Bio-Manguinhos\u00a0da <strong><a href=\"https:\/\/portal.fiocruz.br\/\">Funda\u00e7\u00e3o Oswaldo Cruz (Fiocruz)<\/a><\/strong> foi escolhido pela <strong><a href=\"https:\/\/www.paho.org\/pt\">Organiza\u00e7\u00e3o Pan-Americana de Sa\u00fade (OPAS)<\/a><\/strong>, bra\u00e7o da OMS nas Am\u00e9ricas, para produzir vacinas de mRNA. A escolha foi justificada pela \u201clonga tradi\u00e7\u00e3o na fabrica\u00e7\u00e3o de vacinas e avan\u00e7os no desenvolvimento de um imunizante contra a Covid-19&#8243;. Al\u00e9m da Fiocruz, tamb\u00e9m foi selecionada uma empresa privada da Argentina.<\/p>\n<p><!-- \/wp:paragraph --><\/p>\n<p><!-- wp:paragraph --><\/p>\n<p>Conforme afirmou o diretor-assistente da OPAS, Jarbas Barbosa,\u00a0ainda h\u00e1 muito trabalho a ser realizado. Todavia, acredita que a ag\u00eancia tem a \u201cconvic\u00e7\u00e3o de que\u00a0esse esfor\u00e7o resultar\u00e1\u00a0num acesso\u00a0\u00e0s vacinas\u00a0nas\u00a0Am\u00e9ricas que \u00e9\u00a0oportuno e\u00a0justo, uma vez que a regi\u00e3o \u00e9 uma das mais afetadas pela pandemia&#8221;.<\/p>\n<p><!-- \/wp:paragraph --><\/p>\n<p><!-- wp:paragraph --><\/p>\n<p>Nas Am\u00e9ricas, os casos de Covid-19 ultrapassam 88\u00a0milh\u00f5es, sendo que 2,1 milh\u00f5es de pacientes morreram.\u00a0Segundo a OPAS, a distribui\u00e7\u00e3o do imunizante continua sendo desigual, com poucos pa\u00edses\u00a0alcan\u00e7ando a meta de vacinar, ainda neste ano, 40% da popula\u00e7\u00e3o.<\/p>\n<p><!-- \/wp:paragraph --><\/p>\n<p><!-- wp:paragraph --><\/p>\n<p><!-- \/wp:paragraph --><\/p>\n<p><!-- wp:heading --><\/p>\n<h2>Combate \u00e0 meningite<\/h2>\n<p><!-- \/wp:heading --><\/p>\n<p><!-- wp:paragraph --><\/p>\n<p>Nossa Retrospectiva da Sa\u00fade em 2021 prossegue em Genebra, onde, sob a lideran\u00e7a da Organiza\u00e7\u00e3o Mundial da Sa\u00fade (OMS), foi lan\u00e7ado no dia 28 o \u201cMapa Global de Combate \u00e0 Meningite at\u00e9 2030\u201d. Trata-se da primeira estrat\u00e9gia global para combater a enfermidade, que mata milhares de pessoas todos os anos.<\/p>\n<p><!-- \/wp:paragraph --><\/p>\n<p><!-- wp:paragraph --><\/p>\n<p>Segundo a OMS, os objetivos incluem eliminar\u00a0surtos\u00a0de meningite bacteriana at\u00e9 2030, que \u00e9 a forma mais fatal da doen\u00e7a, al\u00e9m de reduzir 70% das mortes no mesmo per\u00edodo. A expectativa \u00e9 que mais de 200 mil vidas possam ser salvas todos os anos.<\/p>\n<p><!-- \/wp:paragraph --><\/p>\n<p><!-- wp:paragraph --><\/p>\n<p>Tamb\u00e9m est\u00e3o inclu\u00eddas no plano a preven\u00e7\u00e3o de infec\u00e7\u00f5es e a melhoria nos cuidados dos afetados.\u00a0Al\u00e9m de buscar alcan\u00e7ar uma alta taxa de imuniza\u00e7\u00e3o atrav\u00e9s da vacina\u00e7\u00e3o, o plano global pretende aumentar o financiamento para pesquisas e estrat\u00e9gias inovadoras de preven\u00e7\u00e3o e detec\u00e7\u00e3o precoce dos casos.<\/p>\n<p><!-- \/wp:paragraph --><\/p>\n<p><!-- wp:paragraph --><\/p>\n<p>Nesse sentido, a OMS e as entidades parceiras dar\u00e3o apoio para que os pa\u00edses implementem o mapa atrav\u00e9s de suas estrat\u00e9gias regionais e nacionais. Para o diretor-geral da OMS, Tedros Ghebreyesus, este \u00e9 \u201co momento de combater a meningite de uma vez por todas e de ampliar, com urg\u00eancia, o acesso \u00e0s vacinas&#8221;.<\/p>\n<p><!-- \/wp:paragraph --><\/p>\n<p><!-- wp:paragraph --><\/p>\n<p><!-- \/wp:paragraph --><\/p>\n<p><!-- wp:heading --><\/p>\n<h2>Nobel de Medicina \u00e9 destaque na Retrospectiva da Sa\u00fade<\/h2>\n<p><!-- \/wp:heading --><\/p>\n<p><!-- wp:paragraph --><\/p>\n<p>A Retrospectiva da Sa\u00fade em 2021 volta no dia 04 de outubro, quando a Assembleia do Nobel, no Instituto Karolinska, da Su\u00e9cia, anunciou os ganhadores do <strong><a href=\"https:\/\/bit.ly\/3pe2SMH\">Pr\u00eamio Nobel<\/a><\/strong> 2021 em Medicina. Os agraciados foram David Julius\u00a0e\u00a0Ardem Patapoutian, por descobertas sobre\u00a0receptores de temperatura e toque\u00a0no corpo humano.<\/p>\n<p><!-- \/wp:paragraph --><\/p>\n<p><!-- wp:paragraph --><\/p>\n<p>Conforme destacou o Comit\u00ea do Nobel, as descobertas explicaram como o calor, o frio e o toque podem iniciar sinais em nosso sistema nervoso, sendo &#8220;importantes para muitos processos fisiol\u00f3gicos e condi\u00e7\u00f5es de doen\u00e7a&#8221;.<\/p>\n<p><!-- \/wp:paragraph --><\/p>\n<p><!-- wp:paragraph --><\/p>\n<p>Al\u00e9m disso, a Academia sueca ressaltou que &#8220;essas descobertas revolucion\u00e1rias lan\u00e7aram atividades de pesquisa intensas, levando a um r\u00e1pido aumento em nossa compreens\u00e3o de como nosso sistema nervoso sente o calor, o frio e os est\u00edmulos mec\u00e2nicos&#8221;.<\/p>\n<p><!-- \/wp:paragraph --><\/p>\n<p><!-- wp:paragraph --><\/p>\n<p>E acrescentou que David Julius\u00a0e\u00a0Ardem Patapoutian &#8220;identificaram elos essenciais que faltavam em nossa compreens\u00e3o da complexa intera\u00e7\u00e3o entre nossos sentidos e o meio ambiente&#8221;.<\/p>\n<p><!-- \/wp:paragraph --><\/p>\n<p><!-- wp:paragraph --><\/p>\n<p><!-- \/wp:paragraph --><\/p>\n<p><!-- wp:heading --><\/p>\n<h2>C\u00e2ncer e diabetes<\/h2>\n<p><!-- \/wp:heading --><\/p>\n<p><!-- wp:image {\"id\":21476,\"sizeSlug\":\"full\",\"linkDestination\":\"media\"} --><\/p>\n<figure class=\"wp-block-image size-full\"><a href=\"https:\/\/prodoctor.net\/blog\/wp-content\/uploads\/2021\/12\/retrospectiva-2021-04.jpg\"><img decoding=\"async\" width=\"770\" height=\"250\" class=\"wp-image-21476\" src=\"https:\/\/prodoctor.net\/blog\/wp-content\/uploads\/2021\/12\/retrospectiva-2021-04.jpg\" alt=\"\" srcset=\"https:\/\/prodoctor.net\/blog\/wp-content\/uploads\/2021\/12\/retrospectiva-2021-04.jpg 770w, https:\/\/prodoctor.net\/blog\/wp-content\/uploads\/2021\/12\/retrospectiva-2021-04-300x97.jpg 300w, https:\/\/prodoctor.net\/blog\/wp-content\/uploads\/2021\/12\/retrospectiva-2021-04-768x249.jpg 768w\" sizes=\"(max-width: 770px) 100vw, 770px\" \/><\/a><\/figure>\n<p><!-- \/wp:image --><\/p>\n<p><!-- wp:paragraph --><\/p>\n<p>Ainda em Genebra, no dia 07, a Organiza\u00e7\u00e3o Mundial da Sa\u00fade (OMS) divulgou a nova Lista Modelo de Medicamentos Essenciais, al\u00e9m da rela\u00e7\u00e3o de Medicamentos Essenciais Pedi\u00e1tricos. A cada dois anos, essa rela\u00e7\u00e3o \u00e9 atualizada e foram inclu\u00eddos na lista de medicamentos essenciais os f\u00e1rmacos contra v\u00e1rios tipos de c\u00e2ncer e diabetes<\/p>\n<p><!-- \/wp:paragraph --><\/p>\n<p><!-- wp:paragraph --><\/p>\n<p>Com rela\u00e7\u00e3o ao diabetes, est\u00e3o entre as novidades os chamados an\u00e1logos da insulina de a\u00e7\u00e3o prolongada: insulina degludec, detemir e glargina e seus biossimilares. Para o diabetes tipo 2, a lista inclui os chamados inibidores do co-transportador de glicose de s\u00f3dio 2, SGLT2. Desse grupo, a empagliflozina, canagliflozina e dapagliflozina ser\u00e3o utilizados como terapia de segunda linha em adultos.<\/p>\n<p><!-- \/wp:paragraph --><\/p>\n<p><!-- wp:paragraph --><\/p>\n<p>Para o tratamento de v\u00e1rios tipos de c\u00e2ncer, a OMS destacou os avan\u00e7os recentes com medicamentos para abordar caracter\u00edsticas moleculares espec\u00edficas do tumor em diferentes tipos. Inclusive, com alguns apresentando resultados muito melhores do que a quimioterapia \u201ctradicional\u201d. Pela primeira vez est\u00e3o na lista os seguintes medicamentos: enzalutamida, o everolimus, ibrutinibe e rasburicase.<\/p>\n<p><!-- \/wp:paragraph --><\/p>\n<p><!-- wp:paragraph --><\/p>\n<p><!-- \/wp:paragraph --><\/p>\n<p><!-- wp:heading --><\/p>\n<h2>Impacto da pandemia na sa\u00fade mental de jovens<\/h2>\n<p><!-- \/wp:heading --><\/p>\n<p><!-- wp:paragraph {\"align\":\"left\"} --><\/p>\n<p class=\"has-text-align-left\">O Fundo das\u00a0Na\u00e7\u00f5es\u00a0Unidas para a Inf\u00e2ncia (Unicef) apresentou os resultados do maior estudo j\u00e1 realizado acerca dos impactos da Covid-19 na sa\u00fade mental de crian\u00e7as e jovens.<\/p>\n<p><!-- \/wp:paragraph --><\/p>\n<p><!-- wp:paragraph {\"align\":\"left\"} --><\/p>\n<p class=\"has-text-align-left\">Dentre os dist\u00farbios enumerados pelo Unicef est\u00e3o o Transtorno de D\u00e9ficit de Aten\u00e7\u00e3o, ansiedade,\u00a0e doen\u00e7a\u00a0bipolar. Segundo a ag\u00eancia da ONU, 46 mil adolescentes cometem suic\u00eddio anualmente, sendo uma das cinco principais causas da morte entre pessoas nessa faixa et\u00e1ria.<\/p>\n<p><!-- \/wp:paragraph --><\/p>\n<p><!-- wp:paragraph {\"align\":\"left\"} --><\/p>\n<p class=\"has-text-align-left\">Na an\u00e1lise da diretora executiva do Unicef, Henrietta Fore, durante a pandemia, os menores de idade foram privados do contato com familiares, amigos, do\u00a0conv\u00edvio\u00a0na\u00a0sala\u00a0de aula e\u00a0das brincadeiras\u00a0ao\u00a0ar\u00a0livre. Segundo ela, esses s\u00e3o\u00a0elementos\u00a0essenciais\u00a0da\u00a0inf\u00e2ncia, acentuando que o \u201cimpacto\u00a0\u00e9\u00a0significativo,\u00a0sendo\u00a0apenas\u00a0a\u00a0ponta\u00a0do iceberg\u201d.<\/p>\n<p><!-- \/wp:paragraph --><\/p>\n<p><!-- wp:paragraph --><\/p>\n<p><!-- \/wp:paragraph --><\/p>\n<p><!-- wp:heading --><\/p>\n<h2>Retrospectiva da Sa\u00fade e o descaso com a Sa\u00fade Mental<\/h2>\n<p><!-- \/wp:heading --><\/p>\n<p><!-- wp:image {\"id\":21477,\"sizeSlug\":\"full\",\"linkDestination\":\"media\"} --><\/p>\n<figure class=\"wp-block-image size-full\"><a href=\"https:\/\/prodoctor.net\/blog\/wp-content\/uploads\/2021\/12\/retrospectiva-2021-05.jpg\"><img decoding=\"async\" width=\"770\" height=\"250\" class=\"wp-image-21477\" src=\"https:\/\/prodoctor.net\/blog\/wp-content\/uploads\/2021\/12\/retrospectiva-2021-05.jpg\" alt=\"\" srcset=\"https:\/\/prodoctor.net\/blog\/wp-content\/uploads\/2021\/12\/retrospectiva-2021-05.jpg 770w, https:\/\/prodoctor.net\/blog\/wp-content\/uploads\/2021\/12\/retrospectiva-2021-05-300x97.jpg 300w, https:\/\/prodoctor.net\/blog\/wp-content\/uploads\/2021\/12\/retrospectiva-2021-05-768x249.jpg 768w\" sizes=\"(max-width: 770px) 100vw, 770px\" \/><\/a><\/figure>\n<p><!-- \/wp:image --><\/p>\n<p><!-- wp:paragraph --><\/p>\n<p>O acesso da popula\u00e7\u00e3o que necessita de cuidados de sa\u00fade mental continua cada vez mais prec\u00e1rio. Mesmo com a pandemia ter destacado que necessitam ainda mais de apoio, os governos continuam n\u00e3o investindo no setor. Assim, o relat\u00f3rio divulgado pela Organiza\u00e7\u00e3o Mundial da Sa\u00fade (OMS) afirma que em todo o planeta &#8220;o cen\u00e1rio \u00e9 decepcionante&#8221;.<\/p>\n<p><!-- \/wp:paragraph --><\/p>\n<p><!-- wp:paragraph --><\/p>\n<p>O Atlas da Sa\u00fade Mental, com informa\u00e7\u00f5es de 171 pa\u00edses, foi apresentado pelo diretor-geral da OMS, Tedros Ghebreyesus. Segundo ele, a situa\u00e7\u00e3o \u00e9 extremamente preocupante, destacando que, &#8220;apesar do aumento evidente da necessidade de servi\u00e7os de sa\u00fade mental, as boas inten\u00e7\u00f5es n\u00e3o\u00a0representam\u00a0investimentos&#8221;.<\/p>\n<p><!-- \/wp:paragraph --><\/p>\n<p><!-- wp:paragraph --><\/p>\n<p>Conforme revela o Atlas, em m\u00e9dia, apenas 2% dos or\u00e7amentos\u00a0dos governos para o setor da\u00a0Sa\u00fade s\u00e3o destinados para os servi\u00e7os de sa\u00fade\u00a0mental. Al\u00e9m disso, a OMS informou que quase\u00a0nenhuma das metas para o setor foram atingidas. Nesse sentido foi ampliado para 2030 o\u00a0per\u00edodo\u00a0para cumprimento de metas do setor.<\/p>\n<p><!-- \/wp:paragraph --><\/p>\n<p><!-- wp:paragraph --><\/p>\n<p><!-- \/wp:paragraph --><\/p>\n<p><!-- wp:heading --><\/p>\n<h2>Ainda a Sa\u00fade Mental<\/h2>\n<p><!-- \/wp:heading --><\/p>\n<p><!-- wp:paragraph --><\/p>\n<p>Mesmo com todas as dificuldades, no 10 de outubro foi celebrado o Dia Mundial da Sa\u00fade Mental\u00a0sob o\u00a0lema \u201cSa\u00fade Mental em um Mundo Desigual\u201d. A OMS disse haver motivos de otimismo para buscar melhorias nos cuidados dos pacientes com enfermidades mentais.<\/p>\n<p><!-- \/wp:paragraph --><\/p>\n<p><!-- wp:paragraph --><\/p>\n<p>Nas redes sociais, a hashtag #WorldMentalHealthDay enfatizou o &#8220;otimismo&#8221; da OMS e divulgou hist\u00f3rias positivas que podem servir de inspira\u00e7\u00e3o para um futuro melhor.<\/p>\n<p><!-- \/wp:paragraph --><\/p>\n<p><!-- wp:paragraph --><\/p>\n<p>Mas, o\u00a0diretor-geral da OMS,\u00a0Tedros\u00a0Ghebreyesus, declarou que as viola\u00e7\u00f5es dos direitos humanos de pessoas com problemas de sa\u00fade mental continuam a ser\u00a0bastante\u00a0comuns.\u00a0<\/p>\n<p><!-- \/wp:paragraph --><\/p>\n<p><!-- wp:paragraph --><\/p>\n<p><!-- \/wp:paragraph --><\/p>\n<p><!-- wp:heading --><\/p>\n<h2>Retrospectiva da Sa\u00fade destaca os Profissionais da Sa\u00fade<\/h2>\n<p><!-- \/wp:heading --><\/p>\n<p><!-- wp:paragraph --><\/p>\n<p>Conforme os dados da Organiza\u00e7\u00e3o Mundial da Sa\u00fade, entre 80 mil e 180 mil profissionais de Sa\u00fade podem ter morrido de Covid-19 entre janeiro de 2020 e maio deste ano. Com isso, a OMS fez um apelo urgente por a\u00e7\u00f5es concretas que protejam mais os trabalhadores do setor em todo o mundo.\u00a0<\/p>\n<p><!-- \/wp:paragraph --><\/p>\n<p><!-- wp:paragraph --><\/p>\n<p>Embora o c\u00e1lculo tenha se baseado em uma an\u00e1lise de 3,45 milh\u00f5es de mortes por coronav\u00edrus, a OMS acredita que o total pode ser 60% menor do que o n\u00famero real de v\u00edtimas. Em Genebra, o diretor-geral do organismo, Tedros\u00a0Ghebreyesus, enfatizou que \u201ca espinha dorsal de qualquer sistema de Sa\u00fade s\u00e3o os seus funcion\u00e1rios\u201d.<\/p>\n<p><!-- \/wp:paragraph --><\/p>\n<p><!-- wp:paragraph --><\/p>\n<p>Em sua avalia\u00e7\u00e3o, a pandemia deixou evidente &#8220;como todos n\u00f3s dependemos desses homens e dessas mulheres, e como todos n\u00f3s ficamos vulner\u00e1veis quando as pessoas que trabalham para proteger a nossa sa\u00fade acabam ficando desprotegidas&#8221;.<\/p>\n<p><!-- \/wp:paragraph --><\/p>\n<p><!-- wp:paragraph --><\/p>\n<p>Al\u00e9m da preocupa\u00e7\u00e3o com as mortes pelo coronav\u00edrus, destacou que uma propor\u00e7\u00e3o cada vez maior de m\u00e9dicos e enfermeiros sofre de stress, ansiedade, esgotamento e fadiga. Nesse sentido, a OMS voltou a pedir para que l\u00edderes e legisladores garantam acesso igualit\u00e1rio \u00e0s vacinas.<\/p>\n<p><!-- \/wp:paragraph --><\/p>\n<p><!-- wp:paragraph --><\/p>\n<p>Conforme os dados divulgados pela ag\u00eancia, em m\u00e9dia, dois entre cinco profissionais do setor de Sa\u00fade est\u00e3o totalmente vacinados contra o coronav\u00edrus. Todavia, existem muitas diferen\u00e7as entre as diversas regi\u00f5es do planeta.<\/p>\n<p><!-- \/wp:paragraph --><\/p>\n<p><!-- wp:paragraph --><\/p>\n<p><!-- \/wp:paragraph --><\/p>\n<p><!-- wp:heading --><\/p>\n<h2>Retrospectiva da Sa\u00fade 2021 relembra Novembro<\/h2>\n<p><!-- \/wp:heading --><\/p>\n<p><!-- wp:paragraph --><\/p>\n<p>A Retrospectiva da Sa\u00fade em 2021 relembra o dia 03, quando a Organiza\u00e7\u00e3o Mundial da Sa\u00fade (OMS) aprovou o uso emergencial da vacina Covaxin, comprovando sua qualidade, seguran\u00e7a e efic\u00e1cia. Produzida pela farmac\u00eautica Bharat\u00a0Biotech, da \u00cdndia, ela poder\u00e1 ser importada por outros pa\u00edses.<\/p>\n<p><!-- \/wp:paragraph --><\/p>\n<p><!-- wp:paragraph --><\/p>\n<p>A Covaxin tem efic\u00e1cia de 78% contra a Covid-19 e \u00e9 o oitavo imunizante que recebe o aval para a preven\u00e7\u00e3o da pandemia. \u00c9 formulada com o v\u00edrus SARS-CoV-2 inativado e s\u00e3o recomendadas duas doses, com intervalo de quatro semanas, para todas as pessoas acima de 18 anos<\/p>\n<p><!-- \/wp:paragraph --><\/p>\n<p><!-- wp:paragraph --><\/p>\n<p>A diretora-geral assistente da OMS para Acesso a Medicamentos, Mari\u00e2ngela Sim\u00e3o, afirmou que os imunizantes\u00a0continuam sendo \u201cas ferramentas mais eficientes para acabar com a pandemia\u201d. E ressaltou que, \u201cantes de declarar vit\u00f3ria\u201d, \u00e9 importante continuar fazendo \u201cpress\u00e3o para resolver todas as necessidades da popula\u00e7\u00e3o, dando prioridade aos grupos de alto risco que ainda est\u00e3o esperando receber a primeira dose\u201d.<\/p>\n<p><!-- \/wp:paragraph --><\/p>\n<p><!-- wp:paragraph --><\/p>\n<p><!-- \/wp:paragraph --><\/p>\n<p><!-- wp:heading --><\/p>\n<h2>Crian\u00e7as deficientes\u00a0<\/h2>\n<p><!-- \/wp:heading --><\/p>\n<p><!-- wp:image {\"id\":21478,\"sizeSlug\":\"full\",\"linkDestination\":\"media\"} --><\/p>\n<figure class=\"wp-block-image size-full\"><a href=\"https:\/\/prodoctor.net\/blog\/wp-content\/uploads\/2021\/12\/retrospectiva-2021-06.jpg\"><img decoding=\"async\" width=\"770\" height=\"250\" class=\"wp-image-21478\" src=\"https:\/\/prodoctor.net\/blog\/wp-content\/uploads\/2021\/12\/retrospectiva-2021-06.jpg\" alt=\"\" srcset=\"https:\/\/prodoctor.net\/blog\/wp-content\/uploads\/2021\/12\/retrospectiva-2021-06.jpg 770w, https:\/\/prodoctor.net\/blog\/wp-content\/uploads\/2021\/12\/retrospectiva-2021-06-300x97.jpg 300w, https:\/\/prodoctor.net\/blog\/wp-content\/uploads\/2021\/12\/retrospectiva-2021-06-768x249.jpg 768w\" sizes=\"(max-width: 770px) 100vw, 770px\" \/><\/a><\/figure>\n<p><!-- \/wp:image --><\/p>\n<p><!-- wp:paragraph --><\/p>\n<p>Em uma an\u00e1lise abrangente, o novo relat\u00f3rio do Fundo das Na\u00e7\u00f5es Unidas para a Inf\u00e2ncia (Unicef) revelou que cerca de 240 milh\u00f5es de crian\u00e7as no mundo vivem com algum tipo de defici\u00eancia. O documento, divulgado no dia 10, assinala que as crian\u00e7as com defici\u00eancia est\u00e3o\u00a0em\u00a0desvantagem em v\u00e1rios fatores relacionados ao bem-estar, incluindo acesso \u00e0 educa\u00e7\u00e3o,\u00a0\u00e0\u00a0nutri\u00e7\u00e3o e sa\u00fade,\u00a0prote\u00e7\u00e3o\u00a0da\u00a0viol\u00eancia e explora\u00e7\u00e3o.<\/p>\n<p><!-- \/wp:paragraph --><\/p>\n<p><!-- wp:paragraph --><\/p>\n<p>Ao comentar sobre o documento, a diretora-executiva da ag\u00eancia, Henrietta Fore, disse que &#8220;as crian\u00e7as com defici\u00eancia t\u00eam menos chances de inclus\u00e3o e de serem ouvidas&#8221;. Conforme destacou, &#8220;na maioria das vezes, elas s\u00e3o simplesmente deixadas para tr\u00e1s&#8221;, com dificuldades\u00a0para aprender, receber nutri\u00e7\u00e3o adequada e com muitas sendo v\u00edtimas de viol\u00eancia&#8221;.<\/p>\n<p><!-- \/wp:paragraph --><\/p>\n<p><!-- wp:paragraph --><\/p>\n<p>Ao estabelecer compara\u00e7\u00f5es com crian\u00e7as sem defici\u00eancia, as que apresentam algum tipo de problema tem 53% mais chances de terem infec\u00e7\u00f5es respirat\u00f3rias. Al\u00e9m disso, 49% t\u00eam mais\u00a0possibilidade\u00a0de nunca frequentar a escola\u00a0e 42% menos aptid\u00e3o para ler e fazer contas. Por fim, as chances de terem problemas de crescimento e desenvolvimento f\u00edsico aumentam 34%.<\/p>\n<p><!-- \/wp:paragraph --><\/p>\n<p><!-- wp:paragraph --><\/p>\n<p>Como consequ\u00eancia, o Unicef pediu aos governantes do mundo para garantirem\u00a0oportunidades iguais para as crian\u00e7as com defici\u00eancia e para eliminarem\u00a0barreiras no acesso \u00e0 educa\u00e7\u00e3o inclusiva, \u00e0 nutri\u00e7\u00e3o adequada,\u00a0al\u00e9m de\u00a0erradicarem\u00a0o estigma.<\/p>\n<p><!-- \/wp:paragraph --><\/p>\n<p><!-- wp:paragraph --><\/p>\n<p><!-- \/wp:paragraph --><\/p>\n<p><!-- wp:heading --><\/p>\n<h2>Conscientiza\u00e7\u00e3o Antimicrobiana<\/h2>\n<p><!-- \/wp:heading --><\/p>\n<p><!-- wp:paragraph --><\/p>\n<p>Entre os dias 18 e 24, a Organiza\u00e7\u00e3o Mundial da Sa\u00fade (OMS) endossou um plano de a\u00e7\u00e3o global para combater a resist\u00eancia a antibi\u00f3ticos e outros medicamentos antimicrobianos. Aprovado em 2015, o plano inclui melhorias na informa\u00e7\u00e3o e compreens\u00e3o do problema com a ajuda de comunica\u00e7\u00e3o, treinamento e educa\u00e7\u00e3o.<\/p>\n<p><!-- \/wp:paragraph --><\/p>\n<p><!-- wp:paragraph --><\/p>\n<p>O objetivo foi chamar a aten\u00e7\u00e3o para o uso desnecess\u00e1rio de antibi\u00f3ticos e outros medicamentos, respons\u00e1veis pela resist\u00eancia das bact\u00e9rias. Al\u00e9m disso, trouxe para o p\u00fablico, profissionais de sa\u00fade e legisladores informa\u00e7\u00f5es acerca dos meios de evitar emerg\u00eancias e a propaga\u00e7\u00e3o de infec\u00e7\u00f5es resistentes que podem causar a morte.<\/p>\n<p><!-- \/wp:paragraph --><\/p>\n<p><!-- wp:paragraph --><\/p>\n<p>Conforme declarou o diretor-geral da OMS, Tedros Ghebreyesus, &#8220;a resist\u00eancia amea\u00e7a a preven\u00e7\u00e3o e tratamento de uma s\u00e9rie de infec\u00e7\u00f5es causadas por bact\u00e9rias, parasitas, v\u00edrus e fungos. Com a muta\u00e7\u00e3o desses agentes, muitos n\u00e3o respondem aos antibi\u00f3ticos e a outros medicamentos, aumentando o risco de mais contamina\u00e7\u00e3o, de doen\u00e7as graves e at\u00e9 de morte&#8221;.<\/p>\n<p><!-- \/wp:paragraph --><\/p>\n<p><!-- wp:paragraph --><\/p>\n<p>Ao refor\u00e7ar o apelo em um v\u00eddeo, ele enfatizou a necessidade de reunir o maior n\u00famero poss\u00edvel de pessoas para disseminar a mensagem sobre conscientiza\u00e7\u00e3o e o fim da resist\u00eancia.\u00a0Pessoas que possam seguir as orienta\u00e7\u00f5es dos profissionais de Sa\u00fade sobre n\u00e3o abusar dos antibi\u00f3ticos e outros medicamentos.<\/p>\n<p><!-- \/wp:paragraph --><\/p>\n<p><!-- wp:paragraph --><\/p>\n<p>A resist\u00eancia antimicrobiana \u00e9 considerada pela OMS uma das 10 maiores amea\u00e7as de sa\u00fade p\u00fablica. Por outro lado, a resist\u00eancia a antibi\u00f3ticos tem dificultado o tratamento de in\u00fameras enfermidades, como tuberculose, pneumonia, salmonela, intoxica\u00e7\u00e3o sangu\u00ednea e outras infec\u00e7\u00f5es.<\/p>\n<p><!-- \/wp:paragraph --><\/p>\n<p><!-- wp:paragraph --><\/p>\n<p>Recomenda\u00e7\u00f5es da Organiza\u00e7\u00e3o Mundial da Sa\u00fade:<\/p>\n<p><!-- \/wp:paragraph --><\/p>\n<p><!-- wp:list --><\/p>\n<ul>\n<li>Utilizar o antibi\u00f3tico apenas sob prescri\u00e7\u00e3o m\u00e9dica.<\/li>\n<li>Jamais exigir antibi\u00f3ticos se o agente de sa\u00fade diz que n\u00e3o s\u00e3o necess\u00e1rios no seu caso.<\/li>\n<li>Seguir sempre o conselho m\u00e9dico.<\/li>\n<li>Jamais compartilhar ou utilizar sobras de antibi\u00f3ticos.<\/li>\n<li>Evitar infec\u00e7\u00f5es lavando as m\u00e3os regularmente, preparando os alimentos de forma higi\u00eanica, evitando contato com doentes, praticando sexo seguro e mantendo o calend\u00e1rio das vacinas em dia.<\/li>\n<li>Prepare os alimentos higienicamente e de acordo com as Cinco Chaves da OMS sobre Alimentos Seguros (limpeza, separa\u00e7\u00e3o entre cru e cozido, cozimento completo, alimentos em temperatura segura e utiliza\u00e7\u00e3o de \u00e1gua limpa).<\/li>\n<li>Escolha a comida que foi produzida sem antibi\u00f3ticos para o crescimento ou para evitar doen\u00e7as em animais sadios.<\/li>\n<\/ul>\n<p><!-- \/wp:list --><\/p>\n<p><!-- wp:paragraph --><\/p>\n<p><!-- \/wp:paragraph --><\/p>\n<p><!-- wp:heading --><\/p>\n<h2>Tecnologia contra a Covid-19<\/h2>\n<p><!-- \/wp:heading --><\/p>\n<p><!-- wp:paragraph --><\/p>\n<p>Nossa Retrospectiva da Sa\u00fade em 2021 volta ao dia 23, quando a Organiza\u00e7\u00e3o Mundial da Sa\u00fade (OMS) autorizou um acordo de financiamento de um teste de sangue que pode identificar e quantificar diferentes anticorpos da Covid-19. Desenvolvida pelo Conselho Nacional de Pesquisa da Espanha (Csic), a tecnologia \u00e9 capaz de estabelecer diferen\u00e7a entre anticorpos produzidos pela vacina\u00e7\u00e3o ou gerados pela infec\u00e7\u00e3o natural.<\/p>\n<p><!-- \/wp:paragraph --><\/p>\n<p><!-- wp:paragraph --><\/p>\n<p>Conforme a OMS esclareceu, essa \u00e9 a \u201cprimeira licen\u00e7a transparente, global e n\u00e3o exclusiva para uma ferramenta de sa\u00fade contra a Covid-19 e a primeira licen\u00e7a de teste assinada pelo MPP e inclu\u00edda no cons\u00f3rcio da OMS\u201d. O objetivo da iniciativa \u00e9 facilitar a r\u00e1pida fabrica\u00e7\u00e3o e comercializa\u00e7\u00e3o do teste sorol\u00f3gico em todo o planeta.<\/p>\n<p><!-- \/wp:paragraph --><\/p>\n<p><!-- wp:paragraph --><\/p>\n<p>A licen\u00e7a inclui \u201ctodas as patentes relacionadas e o material biol\u00f3gico necess\u00e1rio para a fabrica\u00e7\u00e3o do teste\u201d. O Conselho Nacional de Pesquisa da Espanha est\u00e1 obrigado a fornecer \u201ctodo o conhecimento ao MPP e\/ou licen\u00e7as em potencial, bem como treinamento\u201d. Al\u00e9m disso, a autoriza\u00e7\u00e3o permite que pa\u00edses de baixa e m\u00e9dia rendas estejam isentos de royalties at\u00e9 a data de expira\u00e7\u00e3o da \u00faltima patente.<\/p>\n<p><!-- \/wp:paragraph --><\/p>\n<p><!-- wp:paragraph --><\/p>\n<p>Segundo a OMS, os testes s\u00e3o f\u00e1ceis de usar e adequados a todos os ambientes com infraestrutura laboratorial b\u00e1sica, como em \u00e1reas rurais de pa\u00edses de baixa e m\u00e9dia rendas.<\/p>\n<p><!-- \/wp:paragraph --><\/p>\n<p><!-- wp:paragraph --><\/p>\n<p>No dia 24, a Organiza\u00e7\u00e3o Mundial da Sa\u00fade (OMS) declarou que n\u00e3o h\u00e1 urg\u00eancia para vacinas contra Covid em crian\u00e7as. E novamente pediu aos pa\u00edses que continuem dando prioridade \u00e0 imuniza\u00e7\u00e3o de idosos, pessoas com doen\u00e7as cr\u00f4nicas e trabalhadores de sa\u00fade.\u00a0<\/p>\n<p><!-- \/wp:paragraph --><\/p>\n<p><!-- wp:paragraph --><\/p>\n<p><!-- \/wp:paragraph --><\/p>\n<p><!-- wp:heading --><\/p>\n<h2>Partilha de doses<\/h2>\n<p><!-- \/wp:heading --><\/p>\n<p><!-- wp:image {\"id\":21479,\"sizeSlug\":\"full\",\"linkDestination\":\"media\"} --><\/p>\n<figure class=\"wp-block-image size-full\"><a href=\"https:\/\/prodoctor.net\/blog\/wp-content\/uploads\/2021\/12\/retrospectiva-2021-07.jpg\"><img decoding=\"async\" width=\"770\" height=\"250\" class=\"wp-image-21479\" src=\"https:\/\/prodoctor.net\/blog\/wp-content\/uploads\/2021\/12\/retrospectiva-2021-07.jpg\" alt=\"\" srcset=\"https:\/\/prodoctor.net\/blog\/wp-content\/uploads\/2021\/12\/retrospectiva-2021-07.jpg 770w, https:\/\/prodoctor.net\/blog\/wp-content\/uploads\/2021\/12\/retrospectiva-2021-07-300x97.jpg 300w, https:\/\/prodoctor.net\/blog\/wp-content\/uploads\/2021\/12\/retrospectiva-2021-07-768x249.jpg 768w\" sizes=\"(max-width: 770px) 100vw, 770px\" \/><\/a><\/figure>\n<p><!-- \/wp:image --><\/p>\n<p><!-- wp:paragraph --><\/p>\n<p>Conforme esclareceu, os pa\u00edses devem priorizar a partilha de doses por meio do mecanismo Covax, antes de imunizar crian\u00e7as e\u00a0adolescentes de\u00a0baixo risco. E lembrou que esses geralmente t\u00eam sintomas menos severos da Covid-19 na compara\u00e7\u00e3o com os adultos e, por isso,\u00a0n\u00e3o \u00e9 urgente\u00a0vacin\u00e1-los.<\/p>\n<p><!-- \/wp:paragraph --><\/p>\n<p><!-- wp:paragraph --><\/p>\n<p>Entre dezembro de 2019 e outubro passado, os levantamentos mostram que as crian\u00e7as com menos de cinco anos de idade representam 2% dos casos globais de Covid-19, ou 1,9 milh\u00e3o. Em quase dois anos, o v\u00edrus matou 1,797 crian\u00e7as menores de cinco anos, representando 0,1% de todas as mortes\u00a0registradas\u00a0no mundo.\u00a0<\/p>\n<p><!-- \/wp:paragraph --><\/p>\n<p><!-- wp:paragraph --><\/p>\n<p>Crian\u00e7as acima de cinco anos e adolescentes de at\u00e9 14 anos representam 7% dos casos globais de Covid, com mais de 7 milh\u00f5es afetados pela pandemia. Segundo a OMS, pessoas com menos de 25 anos de idade representam menos de 0,5% das mortes globais\u00a0registradas.<\/p>\n<p><!-- \/wp:paragraph --><\/p>\n<p><!-- wp:paragraph --><\/p>\n<p><!-- \/wp:paragraph --><\/p>\n<p><!-- wp:heading --><\/p>\n<h2>\u00d4micron \u00e9 a nova variante<\/h2>\n<p><!-- \/wp:heading --><\/p>\n<p><!-- wp:paragraph --><\/p>\n<p>Os especialistas\u00a0da Organiza\u00e7\u00e3o Mundial da Sa\u00fade (OMS) batizaram de \u00d4micron a nova variante da Covid-19 identificada na \u00c1frica do Sul como B.1.1.529 e classificada como preocupante. A OMS recomendou cautela aos pa\u00edses antes de emitirem proibi\u00e7\u00e3o de entradas em suas fronteiras de passageiros da \u00c1frica do Sul e na\u00e7\u00f5es vizinhas.<\/p>\n<p><!-- \/wp:paragraph --><\/p>\n<p><!-- wp:paragraph --><\/p>\n<p>Conforme estudos preliminares, foi confirmado que a \u00d4micron tem um n\u00famero muito maior de muta\u00e7\u00f5es que as outras. Entretanto, a ag\u00eancia explicou ser preciso aguardar algumas semanas para se entender o impacto dessa variante.<\/p>\n<p><!-- \/wp:paragraph --><\/p>\n<p><!-- wp:paragraph --><\/p>\n<p>A inten\u00e7\u00e3o dos cientistas \u00e9 compreender\u00a0qual o potencial de transmiss\u00e3o e o impacto nos diagn\u00f3sticos, tratamentos e at\u00e9 mesmo se as vacinas dispon\u00edveis\u00a0oferecem prote\u00e7\u00e3o.<\/p>\n<p><!-- \/wp:paragraph --><\/p>\n<p><!-- wp:paragraph --><\/p>\n<p><!-- \/wp:paragraph --><\/p>\n<p><!-- wp:heading --><\/p>\n<h2>Retrospectiva da Sa\u00fade em 2021 relembra Dezembro<\/h2>\n<p><!-- \/wp:heading --><\/p>\n<p><!-- wp:paragraph --><\/p>\n<p>Durante mensagem proferida em 1\u00ba de dezembro, para celebrar o Dia Mundial de Luta Contra a Aids, o secret\u00e1rio-geral da Organiza\u00e7\u00e3o das Na\u00e7\u00f5es Unidas, Ant\u00f3nio Guterres, afirmou que ainda \u00e9 poss\u00edvel acabar com a epidemia at\u00e9 2030.\u00a0Por\u00e9m, destacou ser preciso promover a\u00e7\u00f5es mais intensas e mais solidariedade para atingir essa meta.<\/p>\n<p><!-- \/wp:paragraph --><\/p>\n<p><!-- wp:paragraph --><\/p>\n<p>Em todo o planeta, a estimativa \u00e9 de que at\u00e9 o ano passado 38 milh\u00f5es de pessoas viviam com HIV. Al\u00e9m disso, pelo menos 2,78 milh\u00f5es de soropositivos s\u00e3o crian\u00e7as e adolescentes de at\u00e9 19 anos.<\/p>\n<p><!-- \/wp:paragraph --><\/p>\n<p><!-- wp:paragraph --><\/p>\n<p>Guterres defendeu uma a\u00e7\u00e3o coletiva contra a enfermidade e que seja criada resili\u00eancia a futuras pandemias. Conforme frisou, esse tipo de atua\u00e7\u00e3o envolve aproveitar a lideran\u00e7a das comunidades para impulsionar a mudan\u00e7a. Para ele, \u00e9 urgente combater o estigma e garantir um acesso igualit\u00e1rio aos cuidados de sa\u00fade, al\u00e9m de eliminar leis, pol\u00edticas e pr\u00e1ticas discriminat\u00f3rias e punitivas.<\/p>\n<p><!-- \/wp:paragraph --><\/p>\n<p><!-- wp:paragraph --><\/p>\n<p>\u201cSalvando vidas, gastando menos: uma defesa para investimentos em doen\u00e7as cr\u00f4nicas\u201d. Este \u00e9 o relat\u00f3rio divulgado no dia 14 pela Organiza\u00e7\u00e3o Mundial da Sa\u00fade (OMS) sugerindo que quase 7 milh\u00f5es de\u00a0mortes\u00a0 por\u00a0doen\u00e7as cr\u00f4nicas podem ser evitadas at\u00e9 2030 com o investimento em pa\u00edses de rendas baixa e m\u00e9dia baixa.<\/p>\n<p><!-- \/wp:paragraph --><\/p>\n<p><!-- wp:paragraph --><\/p>\n<p>Conforme o documento, no mundo, 85% das mortes prematuras entre 30 e 69 anos por doen\u00e7as cr\u00f4nicas, conhecidas como \u201cBest\u00a0Buy\u201d, ocorrem em pa\u00edses de renda baixa.\u00a0<\/p>\n<p><!-- \/wp:paragraph --><\/p>\n<p><!-- wp:paragraph --><\/p>\n<p>Se acaso os governos dessas regi\u00f5es fizerem um investimento no setor de Sa\u00fade, no valor de menos de um d\u00f3lar americano para cada cidad\u00e3o, quase 7 milh\u00f5es de mortes por c\u00e2ncer, doen\u00e7as card\u00edacas, diabetes e problemas respirat\u00f3rios poder\u00e3o ser evitadas at\u00e9 2030.\u00a0Essas doen\u00e7as causam 70% dos \u00f3bitos em todo o planeta, sendo um pesado fardo socioecon\u00f4mico para os pa\u00edses.\u00a0<\/p>\n<p><!-- \/wp:paragraph --><\/p>\n<p><!-- wp:paragraph --><\/p>\n<p>No dia 16, a Organiza\u00e7\u00e3o Pan-Americana da Sa\u00fade (OPAS), bra\u00e7o da Organiza\u00e7\u00e3o Mundial da Sa\u00fade nas Am\u00e9ricas, afirmou que a proibi\u00e7\u00e3o de viagens n\u00e3o tem se mostrado eficiente na redu\u00e7\u00e3o da transmiss\u00e3o de nenhuma variante do coronav\u00edrus.<\/p>\n<p><!-- \/wp:paragraph --><\/p>\n<p><!-- wp:paragraph --><\/p>\n<p>Todavia, recomendou manter apenas viagens essenciais e para pessoas totalmente imunizadas. Conforme o vice-diretor da OPAS, Jarbas Barbosa, \u00e9 \u201cpraticamente imposs\u00edvel\u201d ter uma proibi\u00e7\u00e3o de voos efetiva. Al\u00e9m disso, enfatizou que os fechamentos n\u00e3o podem ser uma medida punitiva contra os pa\u00edses que detectam e comunicam a exist\u00eancia de variantes, como aconteceu com a \u00d4micron.<\/p>\n<p><!-- \/wp:paragraph --><\/p>\n<p><!-- wp:paragraph --><\/p>\n<p>Segundo Jarbas Barbosa, a taxa de imuniza\u00e7\u00e3o completa nas Am\u00e9ricas caminha para 60%, mas ainda h\u00e1 grandes lacunas na regi\u00e3o. Confira o <strong><a href=\"https:\/\/bit.ly\/3qaXyJa\">v\u00eddeo com a entrevista do m\u00e9dico brasileiro<\/a><\/strong>.<\/p>\n<p><!-- \/wp:paragraph --><\/p>\n<p><!-- wp:paragraph --><\/p>\n<p>Nas Am\u00e9ricas, os registros de Covid-19 triplicaram em 2021. Contudo, milh\u00f5es est\u00e3o protegidos por conta da vacina. A OPAS contabilizou 98 milh\u00f5es de infec\u00e7\u00f5es e 2,3 milh\u00f5es de mortes em toda a regi\u00e3o neste ano.<\/p>\n<p><!-- \/wp:paragraph --><\/p>\n<p><!-- wp:paragraph --><\/p>\n<p><!-- \/wp:paragraph --><\/p>\n<p><!-- wp:heading --><\/p>\n<h2>\u00d4micron e vacina\u00e7\u00e3o de crian\u00e7as fecham Retrospectiva 2021<\/h2>\n<p><!-- \/wp:heading --><\/p>\n<p><!-- wp:paragraph --><\/p>\n<p>2021 caminha para seu final com &#8220;evid\u00eancias consistentes&#8221; de que a variante \u00d4micron est\u00e1 se espalhando mais r\u00e1pido do que a variante Delta. Com isso, est\u00e1 causando infec\u00e7\u00f5es em pessoas j\u00e1 vacinadas ou que se recuperaram da Covid-19. Os sintomas da \u00d4micron s\u00e3o de &#8220;gripe forte&#8221;. Confira no <strong><a href=\"https:\/\/glo.bo\/3pjcu8H\">\u00e1udio do G1<\/a><\/strong>. A mulher est\u00e1 entre os 14 diagnosticados com variante ao chegarem ao Brasil de Canc\u00fan.<\/p>\n<p><!-- \/wp:paragraph --><\/p>\n<p><!-- wp:paragraph --><\/p>\n<p>Enquanto isso, no Brasil, no dia 20, o governo federal publicou uma portaria dispondo sobre regras para entrada de brasileiros e estrangeiros no Pa\u00eds. A portaria atende \u00e0s exig\u00eancias estabelecidas em decis\u00e3o proferida no in\u00edcio deste m\u00eas pelo ministro\u00a0Lu\u00eds Roberto Barroso\u00a0do\u00a0Supremo Tribunal Federal\u00a0(STF), determinando\u00a0a obrigatoriedade da apresenta\u00e7\u00e3o do comprovante de vacina\u00e7\u00e3o pelos viajantes que chegam ao Pa\u00eds.<\/p>\n<p><!-- \/wp:paragraph --><\/p>\n<p><!-- wp:paragraph --><\/p>\n<p>A <strong><a href=\"https:\/\/bit.ly\/3EegGeg\">Ag\u00eancia Nacional de Vigil\u00e2ncia Sanit\u00e1ria (Anvisa)<\/a><\/strong> divulgou na quarta-feira (22), os pareceres p\u00fablicos de aprova\u00e7\u00e3o da vacina da Pfizer para crian\u00e7as de 5 a 11 anos de idade. Foi uma resposta direta ao ministro da Sa\u00fade, Marcelo Queiroga (no cargo desde 23 de mar\u00e7o), que afirmou que o Governo s\u00f3 iria se manifestar sobre a imuniza\u00e7\u00e3o infantil ap\u00f3s an\u00e1lise dos relat\u00f3rios.<\/p>\n<p><!-- \/wp:paragraph --><\/p>\n<p><!-- wp:paragraph --><\/p>\n<p>Na quinta-feira, dia 16, a Anvisa j\u00e1 havia autorizado a aplica\u00e7\u00e3o da vacina da Pfizer contra Covid-19 em crian\u00e7as de 5 a 11 anos.<\/p>\n<p><!-- \/wp:paragraph --><\/p>\n<p><!-- wp:paragraph --><\/p>\n<p>Por outro lado, o <strong><a href=\"https:\/\/bit.ly\/3qjH2GU\">Minist\u00e9rio da Sa\u00fade<\/a><\/strong> abriu\u00a0uma consulta p\u00fablica sobre vacina\u00e7\u00e3o infantil, que permanecer\u00e1 aberta at\u00e9 16 de janeiro. Segundo o texto publicado no &#8220;Di\u00e1rio Oficial da Uni\u00e3o&#8221;, o per\u00edodo \u00e9 aberto para que &#8220;sejam apresentadas contribui\u00e7\u00f5es, devidamente fundamentadas&#8221;.<\/p>\n<p><!-- \/wp:paragraph --><\/p>\n<p><!-- wp:paragraph --><\/p>\n<p>O ministro Marcelo Queiroga afirmou diversas vezes que a autoriza\u00e7\u00e3o da<a href=\"https:\/\/g1.globo.com\/tudo-sobre\/anvisa\/\">\u00a0<\/a>Anvisa n\u00e3o \u00e9 suficiente para iniciar a vacina\u00e7\u00e3o. Assim, no dia 20, declarou que &#8220;a pressa \u00e9 inimiga da perfei\u00e7\u00e3o&#8221;, assegurando que somente no dia 05 de janeiro o Minist\u00e9rio ter\u00e1 uma posi\u00e7\u00e3o acerca do tema.<\/p>\n<p><!-- \/wp:paragraph --><\/p>\n<p><!-- wp:paragraph --><\/p>\n<p>Confira a lista de <strong><a href=\"https:\/\/glo.bo\/3qgVHT6\">pa\u00edses que est\u00e3o vacinando crian\u00e7as<\/a><\/strong>.<\/p>\n<p><!-- \/wp:paragraph --><\/p>\n<p><!-- wp:paragraph --><\/p>\n<p>Nossa Retrospectiva da Sa\u00fade em 2021 termina com os an\u00fancios de que FDA, ag\u00eancia reguladora dos EUA, aprovou o uso emergencial de uma p\u00edlula da Pfizer para tratamento da Covid-19. Conforme o comunicado do dia 22, a orienta\u00e7\u00e3o da FDA \u00e9 para que o rem\u00e9dio Paxlovid seja utilizado em adultos e pacientes pedi\u00e1tricos que tenham mais de 12 anos ou pelo menos 40 kg. Segundo a ag\u00eancia, a indica\u00e7\u00e3o \u00e9 para as pessoas que testaram positivo para o SARS-CoV-2 e que correm risco de progress\u00e3o severa da doen\u00e7a, o que inclui hospitaliza\u00e7\u00e3o e morte.<\/p>\n<p><!-- \/wp:paragraph --><\/p>\n<p><!-- wp:paragraph --><\/p>\n<p>Por outro lado, o comunicado do dia 23 informa que a Food and Drug Administration aprovou o segundo medicamento contra a Covid-19, o antiviral molnupiravir. Desenvolvido pela farmac\u00eautica norte-americana MSD, tamb\u00e9m conhecida como Merck, a p\u00edlula j\u00e1 foi aprovada no Reino Unido e reduz em 30% a taxa de hospitaliza\u00e7\u00e3o de pacientes infectados pelo coronav\u00edrus. O medicamento destina-se ao tratamento de casos leves e moderados da Covid, mas com risco de complica\u00e7\u00f5es (hospitaliza\u00e7\u00e3o ou morte). O antiviral \u00e9 exclusivo para o uso em adultos.<\/p>\n<p><!-- \/wp:paragraph --><\/p>\n<p><!-- wp:tadv\/classic-paragraph \/--><\/p>\n<p><!-- wp:paragraph --><\/p>\n<p><!-- \/wp:paragraph --><\/p>\n<p><!-- wp:paragraph --><\/p>\n<p><!-- \/wp:paragraph --><\/p>\n<p><!-- wp:tadv\/classic-paragraph \/--><\/p>","protected":false},"excerpt":{"rendered":"<p>A\u00a0Retrospectiva da Sa\u00fade em 2021 da ProDoctor Software relembra hoje, em sua \u00faltima parte, os fatos que marcaram os meses de setembro a dezembro. Mais uma vez, as not\u00edcias acerca da Covid-19 foram predominantes.<\/p>\n","protected":false},"author":1,"featured_media":21471,"comment_status":"closed","ping_status":"closed","sticky":false,"template":"","format":"standard","meta":{"_kad_blocks_custom_css":"","_kad_blocks_head_custom_js":"","_kad_blocks_body_custom_js":"","_kad_blocks_footer_custom_js":"","_kadence_starter_templates_imported_post":false,"_kad_post_transparent":"","_kad_post_title":"","_kad_post_layout":"","_kad_post_sidebar_id":"","_kad_post_content_style":"","_kad_post_vertical_padding":"","_kad_post_feature":"","_kad_post_feature_position":"","_kad_post_header":false,"_kad_post_footer":false,"footnotes":""},"categories":[413],"tags":[904,569,905,207,907,572,903,906,257],"class_list":["post-21365","post","type-post","status-publish","format-standard","has-post-thumbnail","hentry","category-medicina-e-saude","tag-904","tag-covid-19","tag-fiocruz","tag-medicina","tag-omicron","tag-pandemia","tag-retrospectiva","tag-saude-mental","tag-vacina"],"yoast_head":"<!-- This site is optimized with the Yoast SEO plugin v27.0 - https:\/\/yoast.com\/product\/yoast-seo-wordpress\/ -->\n<title>RETROSPECTIVA DA SA\u00daDE EM 2021 - FINAL - Blog ProDoctor<\/title>\n<meta name=\"description\" content=\"Retrospectiva da Sa\u00fade em 2021, Covid-19, dem\u00eancia, seguran\u00e7a do paciente, meningite, OPAS, OMS, Nobel de Medicina, c\u00e2ncer, diabetes, Omicron\" \/>\n<meta name=\"robots\" content=\"index, follow, max-snippet:-1, max-image-preview:large, max-video-preview:-1\" \/>\n<link rel=\"canonical\" href=\"https:\/\/prodoctor.net\/blog\/retrospectiva-da-saude-em-2021-final\/\" \/>\n<meta property=\"og:locale\" content=\"pt_BR\" \/>\n<meta property=\"og:type\" content=\"article\" \/>\n<meta property=\"og:title\" content=\"RETROSPECTIVA DA SA\u00daDE EM 2021 - FINAL - Blog ProDoctor\" \/>\n<meta property=\"og:description\" content=\"Retrospectiva da Sa\u00fade em 2021, Covid-19, dem\u00eancia, seguran\u00e7a do paciente, meningite, OPAS, OMS, Nobel de Medicina, c\u00e2ncer, diabetes, Omicron\" \/>\n<meta property=\"og:url\" content=\"https:\/\/prodoctor.net\/blog\/retrospectiva-da-saude-em-2021-final\/\" \/>\n<meta property=\"og:site_name\" content=\"Blog ProDoctor\" \/>\n<meta property=\"article:publisher\" content=\"https:\/\/www.facebook.com\/prodoctorsoftware\" \/>\n<meta property=\"article:published_time\" content=\"2021-12-29T15:22:34+00:00\" \/>\n<meta property=\"article:modified_time\" content=\"2021-12-29T15:22:35+00:00\" \/>\n<meta property=\"og:image\" content=\"https:\/\/prodoctor.net\/blog\/wp-content\/uploads\/2021\/12\/RETROSPECTIVA-DA-SAUDE-EM-2021-FINAL.jpg\" \/>\n\t<meta property=\"og:image:width\" content=\"770\" \/>\n\t<meta property=\"og:image:height\" content=\"400\" \/>\n\t<meta property=\"og:image:type\" content=\"image\/jpeg\" \/>\n<meta name=\"author\" content=\"ProDoctor Software\" \/>\n<meta name=\"twitter:card\" content=\"summary_large_image\" \/>\n<meta name=\"twitter:creator\" content=\"@prodoctorsoft\" \/>\n<meta name=\"twitter:site\" content=\"@prodoctorsoft\" \/>\n<meta name=\"twitter:label1\" content=\"Escrito por\" \/>\n\t<meta name=\"twitter:data1\" content=\"ProDoctor Software\" \/>\n\t<meta name=\"twitter:label2\" content=\"Est. tempo de leitura\" \/>\n\t<meta name=\"twitter:data2\" content=\"21 minutos\" \/>\n<script type=\"application\/ld+json\" class=\"yoast-schema-graph\">{\"@context\":\"https:\/\/schema.org\",\"@graph\":[{\"@type\":\"Article\",\"@id\":\"https:\/\/prodoctor.net\/blog\/retrospectiva-da-saude-em-2021-final\/#article\",\"isPartOf\":{\"@id\":\"https:\/\/prodoctor.net\/blog\/retrospectiva-da-saude-em-2021-final\/\"},\"author\":{\"name\":\"ProDoctor Software\",\"@id\":\"https:\/\/prodoctor.net\/blog\/#\/schema\/person\/8878914b17cd360e7ec0ddee1ed8c544\"},\"headline\":\"RETROSPECTIVA DA SA\u00daDE EM 2021 &#8211; FINAL\",\"datePublished\":\"2021-12-29T15:22:34+00:00\",\"dateModified\":\"2021-12-29T15:22:35+00:00\",\"mainEntityOfPage\":{\"@id\":\"https:\/\/prodoctor.net\/blog\/retrospectiva-da-saude-em-2021-final\/\"},\"wordCount\":4897,\"publisher\":{\"@id\":\"https:\/\/prodoctor.net\/blog\/#organization\"},\"image\":{\"@id\":\"https:\/\/prodoctor.net\/blog\/retrospectiva-da-saude-em-2021-final\/#primaryimage\"},\"thumbnailUrl\":\"https:\/\/prodoctor.net\/blog\/wp-content\/uploads\/2021\/12\/RETROSPECTIVA-DA-SAUDE-EM-2021-FINAL.jpg\",\"keywords\":[\"2021\",\"COVID-19\",\"Fiocruz\",\"medicina\",\"\u00d4micron\",\"pandemia\",\"retrospectiva\",\"Sa\u00fade Mental\",\"vacina\"],\"articleSection\":[\"Medicina e Sa\u00fade\"],\"inLanguage\":\"pt-BR\"},{\"@type\":\"WebPage\",\"@id\":\"https:\/\/prodoctor.net\/blog\/retrospectiva-da-saude-em-2021-final\/\",\"url\":\"https:\/\/prodoctor.net\/blog\/retrospectiva-da-saude-em-2021-final\/\",\"name\":\"RETROSPECTIVA DA SA\u00daDE EM 2021 - FINAL - Blog ProDoctor\",\"isPartOf\":{\"@id\":\"https:\/\/prodoctor.net\/blog\/#website\"},\"primaryImageOfPage\":{\"@id\":\"https:\/\/prodoctor.net\/blog\/retrospectiva-da-saude-em-2021-final\/#primaryimage\"},\"image\":{\"@id\":\"https:\/\/prodoctor.net\/blog\/retrospectiva-da-saude-em-2021-final\/#primaryimage\"},\"thumbnailUrl\":\"https:\/\/prodoctor.net\/blog\/wp-content\/uploads\/2021\/12\/RETROSPECTIVA-DA-SAUDE-EM-2021-FINAL.jpg\",\"datePublished\":\"2021-12-29T15:22:34+00:00\",\"dateModified\":\"2021-12-29T15:22:35+00:00\",\"description\":\"Retrospectiva da Sa\u00fade em 2021, Covid-19, dem\u00eancia, seguran\u00e7a do paciente, meningite, OPAS, OMS, Nobel de Medicina, c\u00e2ncer, diabetes, Omicron\",\"breadcrumb\":{\"@id\":\"https:\/\/prodoctor.net\/blog\/retrospectiva-da-saude-em-2021-final\/#breadcrumb\"},\"inLanguage\":\"pt-BR\",\"potentialAction\":[{\"@type\":\"ReadAction\",\"target\":[\"https:\/\/prodoctor.net\/blog\/retrospectiva-da-saude-em-2021-final\/\"]}]},{\"@type\":\"ImageObject\",\"inLanguage\":\"pt-BR\",\"@id\":\"https:\/\/prodoctor.net\/blog\/retrospectiva-da-saude-em-2021-final\/#primaryimage\",\"url\":\"https:\/\/prodoctor.net\/blog\/wp-content\/uploads\/2021\/12\/RETROSPECTIVA-DA-SAUDE-EM-2021-FINAL.jpg\",\"contentUrl\":\"https:\/\/prodoctor.net\/blog\/wp-content\/uploads\/2021\/12\/RETROSPECTIVA-DA-SAUDE-EM-2021-FINAL.jpg\",\"width\":770,\"height\":400,\"caption\":\"RETROSPECTIVA DA SA\u00daDE EM 2021 - FINAL\"},{\"@type\":\"BreadcrumbList\",\"@id\":\"https:\/\/prodoctor.net\/blog\/retrospectiva-da-saude-em-2021-final\/#breadcrumb\",\"itemListElement\":[{\"@type\":\"ListItem\",\"position\":1,\"name\":\"In\u00edcio\",\"item\":\"https:\/\/prodoctor.net\/blog\/\"},{\"@type\":\"ListItem\",\"position\":2,\"name\":\"RETROSPECTIVA DA SA\u00daDE EM 2021 &#8211; FINAL\"}]},{\"@type\":\"WebSite\",\"@id\":\"https:\/\/prodoctor.net\/blog\/#website\",\"url\":\"https:\/\/prodoctor.net\/blog\/\",\"name\":\"Blog ProDoctor\",\"description\":\"Tudo sobre o mundo da Sa\u00fade\",\"publisher\":{\"@id\":\"https:\/\/prodoctor.net\/blog\/#organization\"},\"potentialAction\":[{\"@type\":\"SearchAction\",\"target\":{\"@type\":\"EntryPoint\",\"urlTemplate\":\"https:\/\/prodoctor.net\/blog\/?s={search_term_string}\"},\"query-input\":{\"@type\":\"PropertyValueSpecification\",\"valueRequired\":true,\"valueName\":\"search_term_string\"}}],\"inLanguage\":\"pt-BR\"},{\"@type\":\"Organization\",\"@id\":\"https:\/\/prodoctor.net\/blog\/#organization\",\"name\":\"ProDoctor Software S\/A\",\"url\":\"https:\/\/prodoctor.net\/blog\/\",\"logo\":{\"@type\":\"ImageObject\",\"inLanguage\":\"pt-BR\",\"@id\":\"https:\/\/prodoctor.net\/blog\/#\/schema\/logo\/image\/\",\"url\":\"https:\/\/prodoctor.net\/blog\/wp-content\/uploads\/2017\/01\/Logo_PDo_Lateral.png\",\"contentUrl\":\"https:\/\/prodoctor.net\/blog\/wp-content\/uploads\/2017\/01\/Logo_PDo_Lateral.png\",\"width\":2014,\"height\":485,\"caption\":\"ProDoctor Software S\/A\"},\"image\":{\"@id\":\"https:\/\/prodoctor.net\/blog\/#\/schema\/logo\/image\/\"},\"sameAs\":[\"https:\/\/www.facebook.com\/prodoctorsoftware\",\"https:\/\/x.com\/prodoctorsoft\",\"https:\/\/www.instagram.com\/prodoctorsoftware\/\",\"https:\/\/www.linkedin.com\/company\/prodoctor-software-ltda\",\"https:\/\/www.youtube.com\/channel\/UCIWuDLsVtIpX-PEqQn1pNlw\"]},{\"@type\":\"Person\",\"@id\":\"https:\/\/prodoctor.net\/blog\/#\/schema\/person\/8878914b17cd360e7ec0ddee1ed8c544\",\"name\":\"ProDoctor Software\",\"image\":{\"@type\":\"ImageObject\",\"inLanguage\":\"pt-BR\",\"@id\":\"https:\/\/prodoctor.net\/blog\/#\/schema\/person\/image\/\",\"url\":\"https:\/\/secure.gravatar.com\/avatar\/a67bdb10f2e6695f7ae356a84deeaf10b545567f0ac054e9bfe8ec56e86317ec?s=96&d=mm&r=g\",\"contentUrl\":\"https:\/\/secure.gravatar.com\/avatar\/a67bdb10f2e6695f7ae356a84deeaf10b545567f0ac054e9bfe8ec56e86317ec?s=96&d=mm&r=g\",\"caption\":\"ProDoctor Software\"},\"sameAs\":[\"http:\/\/prodoctor.net\",\"https:\/\/x.com\/prodoctorsoft\"]}]}<\/script>\n<!-- \/ Yoast SEO plugin. -->","yoast_head_json":{"title":"RETROSPECTIVA DA SA\u00daDE EM 2021 - FINAL - Blog ProDoctor","description":"Retrospectiva da Sa\u00fade em 2021, Covid-19, dem\u00eancia, seguran\u00e7a do paciente, meningite, OPAS, OMS, Nobel de Medicina, c\u00e2ncer, diabetes, Omicron","robots":{"index":"index","follow":"follow","max-snippet":"max-snippet:-1","max-image-preview":"max-image-preview:large","max-video-preview":"max-video-preview:-1"},"canonical":"https:\/\/prodoctor.net\/blog\/retrospectiva-da-saude-em-2021-final\/","og_locale":"pt_BR","og_type":"article","og_title":"RETROSPECTIVA DA SA\u00daDE EM 2021 - FINAL - Blog ProDoctor","og_description":"Retrospectiva da Sa\u00fade em 2021, Covid-19, dem\u00eancia, seguran\u00e7a do paciente, meningite, OPAS, OMS, Nobel de Medicina, c\u00e2ncer, diabetes, Omicron","og_url":"https:\/\/prodoctor.net\/blog\/retrospectiva-da-saude-em-2021-final\/","og_site_name":"Blog ProDoctor","article_publisher":"https:\/\/www.facebook.com\/prodoctorsoftware","article_published_time":"2021-12-29T15:22:34+00:00","article_modified_time":"2021-12-29T15:22:35+00:00","og_image":[{"width":770,"height":400,"url":"https:\/\/prodoctor.net\/blog\/wp-content\/uploads\/2021\/12\/RETROSPECTIVA-DA-SAUDE-EM-2021-FINAL.jpg","type":"image\/jpeg"}],"author":"ProDoctor Software","twitter_card":"summary_large_image","twitter_creator":"@prodoctorsoft","twitter_site":"@prodoctorsoft","twitter_misc":{"Escrito por":"ProDoctor Software","Est. tempo de leitura":"21 minutos"},"schema":{"@context":"https:\/\/schema.org","@graph":[{"@type":"Article","@id":"https:\/\/prodoctor.net\/blog\/retrospectiva-da-saude-em-2021-final\/#article","isPartOf":{"@id":"https:\/\/prodoctor.net\/blog\/retrospectiva-da-saude-em-2021-final\/"},"author":{"name":"ProDoctor Software","@id":"https:\/\/prodoctor.net\/blog\/#\/schema\/person\/8878914b17cd360e7ec0ddee1ed8c544"},"headline":"RETROSPECTIVA DA SA\u00daDE EM 2021 &#8211; FINAL","datePublished":"2021-12-29T15:22:34+00:00","dateModified":"2021-12-29T15:22:35+00:00","mainEntityOfPage":{"@id":"https:\/\/prodoctor.net\/blog\/retrospectiva-da-saude-em-2021-final\/"},"wordCount":4897,"publisher":{"@id":"https:\/\/prodoctor.net\/blog\/#organization"},"image":{"@id":"https:\/\/prodoctor.net\/blog\/retrospectiva-da-saude-em-2021-final\/#primaryimage"},"thumbnailUrl":"https:\/\/prodoctor.net\/blog\/wp-content\/uploads\/2021\/12\/RETROSPECTIVA-DA-SAUDE-EM-2021-FINAL.jpg","keywords":["2021","COVID-19","Fiocruz","medicina","\u00d4micron","pandemia","retrospectiva","Sa\u00fade Mental","vacina"],"articleSection":["Medicina e Sa\u00fade"],"inLanguage":"pt-BR"},{"@type":"WebPage","@id":"https:\/\/prodoctor.net\/blog\/retrospectiva-da-saude-em-2021-final\/","url":"https:\/\/prodoctor.net\/blog\/retrospectiva-da-saude-em-2021-final\/","name":"RETROSPECTIVA DA SA\u00daDE EM 2021 - FINAL - Blog ProDoctor","isPartOf":{"@id":"https:\/\/prodoctor.net\/blog\/#website"},"primaryImageOfPage":{"@id":"https:\/\/prodoctor.net\/blog\/retrospectiva-da-saude-em-2021-final\/#primaryimage"},"image":{"@id":"https:\/\/prodoctor.net\/blog\/retrospectiva-da-saude-em-2021-final\/#primaryimage"},"thumbnailUrl":"https:\/\/prodoctor.net\/blog\/wp-content\/uploads\/2021\/12\/RETROSPECTIVA-DA-SAUDE-EM-2021-FINAL.jpg","datePublished":"2021-12-29T15:22:34+00:00","dateModified":"2021-12-29T15:22:35+00:00","description":"Retrospectiva da Sa\u00fade em 2021, Covid-19, dem\u00eancia, seguran\u00e7a do paciente, meningite, OPAS, OMS, Nobel de Medicina, c\u00e2ncer, diabetes, Omicron","breadcrumb":{"@id":"https:\/\/prodoctor.net\/blog\/retrospectiva-da-saude-em-2021-final\/#breadcrumb"},"inLanguage":"pt-BR","potentialAction":[{"@type":"ReadAction","target":["https:\/\/prodoctor.net\/blog\/retrospectiva-da-saude-em-2021-final\/"]}]},{"@type":"ImageObject","inLanguage":"pt-BR","@id":"https:\/\/prodoctor.net\/blog\/retrospectiva-da-saude-em-2021-final\/#primaryimage","url":"https:\/\/prodoctor.net\/blog\/wp-content\/uploads\/2021\/12\/RETROSPECTIVA-DA-SAUDE-EM-2021-FINAL.jpg","contentUrl":"https:\/\/prodoctor.net\/blog\/wp-content\/uploads\/2021\/12\/RETROSPECTIVA-DA-SAUDE-EM-2021-FINAL.jpg","width":770,"height":400,"caption":"RETROSPECTIVA DA SA\u00daDE EM 2021 - FINAL"},{"@type":"BreadcrumbList","@id":"https:\/\/prodoctor.net\/blog\/retrospectiva-da-saude-em-2021-final\/#breadcrumb","itemListElement":[{"@type":"ListItem","position":1,"name":"In\u00edcio","item":"https:\/\/prodoctor.net\/blog\/"},{"@type":"ListItem","position":2,"name":"RETROSPECTIVA DA SA\u00daDE EM 2021 &#8211; FINAL"}]},{"@type":"WebSite","@id":"https:\/\/prodoctor.net\/blog\/#website","url":"https:\/\/prodoctor.net\/blog\/","name":"Blog ProDoctor","description":"Tudo sobre o mundo da Sa\u00fade","publisher":{"@id":"https:\/\/prodoctor.net\/blog\/#organization"},"potentialAction":[{"@type":"SearchAction","target":{"@type":"EntryPoint","urlTemplate":"https:\/\/prodoctor.net\/blog\/?s={search_term_string}"},"query-input":{"@type":"PropertyValueSpecification","valueRequired":true,"valueName":"search_term_string"}}],"inLanguage":"pt-BR"},{"@type":"Organization","@id":"https:\/\/prodoctor.net\/blog\/#organization","name":"ProDoctor Software S\/A","url":"https:\/\/prodoctor.net\/blog\/","logo":{"@type":"ImageObject","inLanguage":"pt-BR","@id":"https:\/\/prodoctor.net\/blog\/#\/schema\/logo\/image\/","url":"https:\/\/prodoctor.net\/blog\/wp-content\/uploads\/2017\/01\/Logo_PDo_Lateral.png","contentUrl":"https:\/\/prodoctor.net\/blog\/wp-content\/uploads\/2017\/01\/Logo_PDo_Lateral.png","width":2014,"height":485,"caption":"ProDoctor Software S\/A"},"image":{"@id":"https:\/\/prodoctor.net\/blog\/#\/schema\/logo\/image\/"},"sameAs":["https:\/\/www.facebook.com\/prodoctorsoftware","https:\/\/x.com\/prodoctorsoft","https:\/\/www.instagram.com\/prodoctorsoftware\/","https:\/\/www.linkedin.com\/company\/prodoctor-software-ltda","https:\/\/www.youtube.com\/channel\/UCIWuDLsVtIpX-PEqQn1pNlw"]},{"@type":"Person","@id":"https:\/\/prodoctor.net\/blog\/#\/schema\/person\/8878914b17cd360e7ec0ddee1ed8c544","name":"ProDoctor Software","image":{"@type":"ImageObject","inLanguage":"pt-BR","@id":"https:\/\/prodoctor.net\/blog\/#\/schema\/person\/image\/","url":"https:\/\/secure.gravatar.com\/avatar\/a67bdb10f2e6695f7ae356a84deeaf10b545567f0ac054e9bfe8ec56e86317ec?s=96&d=mm&r=g","contentUrl":"https:\/\/secure.gravatar.com\/avatar\/a67bdb10f2e6695f7ae356a84deeaf10b545567f0ac054e9bfe8ec56e86317ec?s=96&d=mm&r=g","caption":"ProDoctor Software"},"sameAs":["http:\/\/prodoctor.net","https:\/\/x.com\/prodoctorsoft"]}]}},"taxonomy_info":{"category":[{"value":413,"label":"Medicina e Sa\u00fade"}],"post_tag":[{"value":904,"label":"2021"},{"value":569,"label":"COVID-19"},{"value":905,"label":"Fiocruz"},{"value":207,"label":"medicina"},{"value":907,"label":"\u00d4micron"},{"value":572,"label":"pandemia"},{"value":903,"label":"retrospectiva"},{"value":906,"label":"Sa\u00fade Mental"},{"value":257,"label":"vacina"}]},"featured_image_src_large":["https:\/\/prodoctor.net\/blog\/wp-content\/uploads\/2021\/12\/RETROSPECTIVA-DA-SAUDE-EM-2021-FINAL.jpg",770,400,false],"author_info":{"display_name":"ProDoctor Software","author_link":"https:\/\/prodoctor.net\/blog\/author\/redesocialprodoctor-net\/"},"comment_info":0,"category_info":[{"term_id":413,"name":"Medicina e Sa\u00fade","slug":"medicina-e-saude","term_group":0,"term_taxonomy_id":413,"taxonomy":"category","description":"","parent":0,"count":148,"filter":"raw","cat_ID":413,"category_count":148,"category_description":"","cat_name":"Medicina e Sa\u00fade","category_nicename":"medicina-e-saude","category_parent":0}],"tag_info":[{"term_id":904,"name":"2021","slug":"2021","term_group":0,"term_taxonomy_id":904,"taxonomy":"post_tag","description":"","parent":0,"count":1,"filter":"raw"},{"term_id":569,"name":"COVID-19","slug":"covid-19","term_group":0,"term_taxonomy_id":569,"taxonomy":"post_tag","description":"","parent":0,"count":6,"filter":"raw"},{"term_id":905,"name":"Fiocruz","slug":"fiocruz","term_group":0,"term_taxonomy_id":905,"taxonomy":"post_tag","description":"","parent":0,"count":1,"filter":"raw"},{"term_id":207,"name":"medicina","slug":"medicina","term_group":0,"term_taxonomy_id":210,"taxonomy":"post_tag","description":"","parent":0,"count":6,"filter":"raw"},{"term_id":907,"name":"\u00d4micron","slug":"omicron","term_group":0,"term_taxonomy_id":907,"taxonomy":"post_tag","description":"","parent":0,"count":1,"filter":"raw"},{"term_id":572,"name":"pandemia","slug":"pandemia","term_group":0,"term_taxonomy_id":572,"taxonomy":"post_tag","description":"","parent":0,"count":3,"filter":"raw"},{"term_id":903,"name":"retrospectiva","slug":"retrospectiva","term_group":0,"term_taxonomy_id":903,"taxonomy":"post_tag","description":"","parent":0,"count":1,"filter":"raw"},{"term_id":906,"name":"Sa\u00fade Mental","slug":"saude-mental","term_group":0,"term_taxonomy_id":906,"taxonomy":"post_tag","description":"","parent":0,"count":1,"filter":"raw"},{"term_id":257,"name":"vacina","slug":"vacina","term_group":0,"term_taxonomy_id":260,"taxonomy":"post_tag","description":"","parent":0,"count":1,"filter":"raw"}],"_links":{"self":[{"href":"https:\/\/prodoctor.net\/blog\/wp-json\/wp\/v2\/posts\/21365","targetHints":{"allow":["GET"]}}],"collection":[{"href":"https:\/\/prodoctor.net\/blog\/wp-json\/wp\/v2\/posts"}],"about":[{"href":"https:\/\/prodoctor.net\/blog\/wp-json\/wp\/v2\/types\/post"}],"author":[{"embeddable":true,"href":"https:\/\/prodoctor.net\/blog\/wp-json\/wp\/v2\/users\/1"}],"replies":[{"embeddable":true,"href":"https:\/\/prodoctor.net\/blog\/wp-json\/wp\/v2\/comments?post=21365"}],"version-history":[{"count":27,"href":"https:\/\/prodoctor.net\/blog\/wp-json\/wp\/v2\/posts\/21365\/revisions"}],"predecessor-version":[{"id":21494,"href":"https:\/\/prodoctor.net\/blog\/wp-json\/wp\/v2\/posts\/21365\/revisions\/21494"}],"wp:featuredmedia":[{"embeddable":true,"href":"https:\/\/prodoctor.net\/blog\/wp-json\/wp\/v2\/media\/21471"}],"wp:attachment":[{"href":"https:\/\/prodoctor.net\/blog\/wp-json\/wp\/v2\/media?parent=21365"}],"wp:term":[{"taxonomy":"category","embeddable":true,"href":"https:\/\/prodoctor.net\/blog\/wp-json\/wp\/v2\/categories?post=21365"},{"taxonomy":"post_tag","embeddable":true,"href":"https:\/\/prodoctor.net\/blog\/wp-json\/wp\/v2\/tags?post=21365"}],"curies":[{"name":"wp","href":"https:\/\/api.w.org\/{rel}","templated":true}]}}