{"id":20613,"date":"2021-09-30T14:57:36","date_gmt":"2021-09-30T17:57:36","guid":{"rendered":"https:\/\/prodoctor.net\/blog\/?p=20613"},"modified":"2024-02-28T16:21:25","modified_gmt":"2024-02-28T19:21:25","slug":"agenda-de-equipamentos-o-que-e-isso","status":"publish","type":"post","link":"https:\/\/prodoctor.net\/blog\/agenda-de-equipamentos-o-que-e-isso\/","title":{"rendered":"Agenda de Equipamentos: O que \u00e9 isso?"},"content":{"rendered":"\n<p><span style=\"font-weight: 400;\">O dia a dia de uma cl\u00ednica de m\u00e9dio ou grande porte onde \u00e9 comum o compartilhamento de salas e equipamentos pode se tornar um caos se n\u00e3o houver organiza\u00e7\u00e3o. Uma agenda de equipamentos e salas organizada \u00e9 a chave para o sucesso.<\/span><\/p>\n\n\n\n<p><span style=\"font-weight: 400;\">Vamos explicar abaixo alguns dos benef\u00edcios de utilizar a agenda de equipamentos e salas de forma que evite erros de organiza\u00e7\u00e3o e n\u00e3o prejudique o desempenho do trabalho dos profissionais da sua cl\u00ednica.<\/span><\/p>\n\n\n\n<hr class=\"wp-block-separator has-css-opacity\"\/>\n\n\n\n<p class=\"has-text-align-center\"><strong>Talvez voc\u00ea se interesse:<br><\/strong><a href=\"https:\/\/prodoctor.net\/blog\/gerenciar-agenda-medica\/\" target=\"_blank\" rel=\"noreferrer noopener\">Como gerenciar a agenda m\u00e9dica<\/a> <br><a href=\"https:\/\/prodoctor.net\/blog\/agenda-do-consultorio-cheia\/\" target=\"_blank\" rel=\"noreferrer noopener\">Como ter uma agenda m\u00e9dica cheia<\/a><\/p>\n\n\n\n<hr class=\"wp-block-separator has-css-opacity\"\/>\n\n\n\n<h2 class=\"wp-block-heading\">&nbsp;<span style=\"font-weight: 400;\">O que \u00e9<\/span><\/h2>\n\n\n\n<figure class=\"wp-block-image size-full\"><a href=\"https:\/\/prodoctor.net\/blog\/wp-content\/uploads\/2021\/08\/O-que-e-uma-agenda-de-equipamentos-e-salas.png\"><img decoding=\"async\" width=\"770\" height=\"250\" src=\"https:\/\/prodoctor.net\/blog\/wp-content\/uploads\/2021\/08\/O-que-e-uma-agenda-de-equipamentos-e-salas.png\" alt=\"O que \u00e9 uma agenda de equipamentos e salas\" class=\"wp-image-20619\" srcset=\"https:\/\/prodoctor.net\/blog\/wp-content\/uploads\/2021\/08\/O-que-e-uma-agenda-de-equipamentos-e-salas.png 770w, https:\/\/prodoctor.net\/blog\/wp-content\/uploads\/2021\/08\/O-que-e-uma-agenda-de-equipamentos-e-salas-300x97.png 300w, https:\/\/prodoctor.net\/blog\/wp-content\/uploads\/2021\/08\/O-que-e-uma-agenda-de-equipamentos-e-salas-768x249.png 768w\" sizes=\"(max-width: 770px) 100vw, 770px\" \/><\/a><\/figure>\n\n\n\n<p><span style=\"font-weight: 400;\">Uma agenda de equipamentos e salas \u00e9 a central de reservas de todos os itens e espa\u00e7os que ser\u00e3o compartilhados pela sua equipe.<\/span><\/p>\n\n\n\n<p><span style=\"font-weight: 400;\">A sua <a href=\"https:\/\/prodoctor.net\/funcionalidades\/agenda-medica\" target=\"_blank\" rel=\"noreferrer noopener\">agenda <\/a>dever\u00e1 possibilitar que toda a sua equipe m\u00e9dica tenha acesso a todos os equipamentos e salas compartilhadas de forma organizada e eficaz, Isso evitar\u00e1 que um equipamento seja reservado para v\u00e1rios pacientes no mesmo hor\u00e1rio. Al\u00e9m disso, tamb\u00e9m ajuda a equipe a ficar informada de todos os itens existentes para reserva em sua cl\u00ednica.<\/span><\/p>\n\n\n\n<p><span style=\"font-weight: 400;\">Uma agenda, para ser mais completa, deve permitir que seja validado em cada equipamento ou sala cadastrados, se \u00e9 poss\u00edvel a utiliza\u00e7\u00e3o de mais de um equipamento por paciente, com a sobreposi\u00e7\u00e3o de hor\u00e1rios.&nbsp;<\/span><\/p>\n\n\n\n<p><span style=\"font-weight: 400;\">A sobreposi\u00e7\u00e3o de hor\u00e1rios \u00e9 fundamental nos casos em que uma sala ou determinado equipamento n\u00e3o podem ser usados no mesmo hor\u00e1rio por mais de um paciente. A valida\u00e7\u00e3o de sobreposi\u00e7\u00e3o de hor\u00e1rios \u00e9 muito \u00fatil tamb\u00e9m para impedir que uma consulta seja marcada para o paciente no exato momento em que ele estar\u00e1 realizando um exame ou procedimento em uma sala ou equipamento.<\/span><\/p>\n\n\n\n<p><span style=\"font-weight: 400;\">Na imagem abaixo voc\u00ea consegue visualizar como funciona uma agenda de equipamentos organizada e simples de manusear,. Veja que \u00e9 poss\u00edvel visualizar todos os pacientes que reservaram um determinado equipamento ou sala, facilitando assim qualquer tipo de realoca\u00e7\u00e3o emergencial e\/ou visualiza\u00e7\u00e3o de hor\u00e1rios dispon\u00edveis.<\/span><\/p>\n\n\n\n<figure class=\"wp-block-image size-full is-resized\"><a href=\"https:\/\/prodoctor.net\/blog\/wp-content\/uploads\/2021\/08\/Agenda-de-Equipamento.png\"><img decoding=\"async\" width=\"1017\" height=\"561\" src=\"https:\/\/prodoctor.net\/blog\/wp-content\/uploads\/2021\/08\/Agenda-de-Equipamento.png\" alt=\"\" class=\"wp-image-20617\" style=\"width:770px;height:424px\" srcset=\"https:\/\/prodoctor.net\/blog\/wp-content\/uploads\/2021\/08\/Agenda-de-Equipamento.png 1017w, https:\/\/prodoctor.net\/blog\/wp-content\/uploads\/2021\/08\/Agenda-de-Equipamento-300x165.png 300w, https:\/\/prodoctor.net\/blog\/wp-content\/uploads\/2021\/08\/Agenda-de-Equipamento-768x424.png 768w\" sizes=\"(max-width: 1017px) 100vw, 1017px\" \/><\/a><\/figure>\n\n\n\n<p><span style=\"font-weight: 400;\">No <strong>ProDoctor Corp<\/strong>, a solu\u00e7\u00e3o mais robusta e completa dispon\u00edvel na <strong>ProDoctor<\/strong>, voc\u00ea conta com uma agenda de equipamentos e salas diretamente dentro do sistema que, inclusive, consegue controlar a sobreposi\u00e7\u00e3o de hor\u00e1rios, facilitando a organiza\u00e7\u00e3o e o trabalho de sua equipe.<\/span><\/p>\n\n\n\n<p><span style=\"font-weight: 400;\">Se quiser saber mais sobre essa e outras funcionalidades do <strong>ProDoctor Corp<\/strong> basta clicar <\/span><a href=\"https:\/\/prodoctor.net\/corp\" target=\"_blank\" rel=\"noreferrer noopener\"><span style=\"font-weight: 400;\">neste link<\/span><\/a><span style=\"font-weight: 400;\">.<\/span><\/p>\n\n\n\n<h2 class=\"wp-block-heading\"><span style=\"font-weight: 400;\">Por que ter uma agenda de equipamentos e salas?<\/span><\/h2>\n\n\n\n<figure class=\"wp-block-image size-full\"><a href=\"https:\/\/prodoctor.net\/blog\/wp-content\/uploads\/2021\/08\/equipamento-medico.png\"><img decoding=\"async\" width=\"770\" height=\"250\" src=\"https:\/\/prodoctor.net\/blog\/wp-content\/uploads\/2021\/08\/equipamento-medico.png\" alt=\"Porque ter uma agenda de equipamentos e salas?\" class=\"wp-image-20618\" srcset=\"https:\/\/prodoctor.net\/blog\/wp-content\/uploads\/2021\/08\/equipamento-medico.png 770w, https:\/\/prodoctor.net\/blog\/wp-content\/uploads\/2021\/08\/equipamento-medico-300x97.png 300w, https:\/\/prodoctor.net\/blog\/wp-content\/uploads\/2021\/08\/equipamento-medico-768x249.png 768w\" sizes=\"(max-width: 770px) 100vw, 770px\" \/><\/a><\/figure>\n\n\n\n<p><span style=\"font-weight: 400;\">Em muitos casos, equipamentos para exames e consultas costumam ter um valor alto e muitas cl\u00ednicas e consult\u00f3rios optam por adquirir poucas unidades dos itens e os compartilham com toda a equipe.<\/span><\/p>\n\n\n\n<p><span style=\"font-weight: 400;\">Uma agenda de equipamentos e salas \u00e9 necess\u00e1ria para que n\u00e3o ocorra a falta de algum desses itens em um atendimento.<\/span><\/p>\n\n\n\n<p><span style=\"font-weight: 400;\">Por exemplo, uma m\u00e1quina de resson\u00e2ncia magn\u00e9tica \u00e9 um equipamento muito sofisticado, caro e de dif\u00edcil deslocamento. Normalmente uma cl\u00ednica possui uma unidade do equipamento em uma sala preparada especificamente para esse tipo de m\u00e1quina. Assim, quando algum m\u00e9dico necessita encaminhar um paciente para esse exame, \u00e9 importante que a sala esteja preparada e livre para o atendimento.<\/span><\/p>\n\n\n\n<p><span style=\"font-weight: 400;\">Em ambientes onde esse tipo de equipamento fica livre de reservas para utiliza\u00e7\u00e3o, pode gerar situa\u00e7\u00f5es que v\u00e3o colocar o paciente em risco caso o equipamento esteja sendo utilizado por outro profissional.<\/span><\/p>\n\n\n\n<p><span style=\"font-weight: 400;\">Para evitar esse tipo de situa\u00e7\u00e3o, a organiza\u00e7\u00e3o da utiliza\u00e7\u00e3o desse equipamento deve ser bem feita e de acesso a todos. Dessa maneira, o m\u00e9dico poder\u00e1 reservar o hor\u00e1rio para que o seu paciente utilize o equipamento e ter\u00e1 a certeza de que tudo estar\u00e1 preparado e higienizado para receb\u00ea-lo.&nbsp;<\/span>&nbsp;<\/p>\n\n\n\n<h2 class=\"wp-block-heading\"><span style=\"font-weight: 400;\">Como organizar sua agenda<\/span><\/h2>\n\n\n\n<p><span style=\"font-weight: 400;\">Para facilitar a organiza\u00e7\u00e3o da agenda de equipamentos e salas da sua cl\u00ednica, \u00e9 necess\u00e1rio que voc\u00ea tenha um sistema capaz de organizar os hor\u00e1rios em sincronia com a sua agenda, evitando que um mesmo equipamento seja reservado para v\u00e1rios pacientes no mesmo hor\u00e1rio.<\/span><\/p>\n\n\n\n<p><span style=\"font-weight: 400;\">No ProDoctor Corp, a sua agenda de equipamentos e salas tem uma grade de hor\u00e1rios personaliz\u00e1vel para que seja mais simples e f\u00e1cil organizar todos os itens compartilhados.<\/span><\/p>\n\n\n\n<figure class=\"wp-block-image size-full\"><a href=\"https:\/\/prodoctor.net\/blog\/wp-content\/uploads\/2021\/08\/Captura-de-tela-2021-08-02-164717-1.png\"><img decoding=\"async\" width=\"836\" height=\"486\" src=\"https:\/\/prodoctor.net\/blog\/wp-content\/uploads\/2021\/08\/Captura-de-tela-2021-08-02-164717-1.png\" alt=\"agenda de equipamentos \" class=\"wp-image-20615\" srcset=\"https:\/\/prodoctor.net\/blog\/wp-content\/uploads\/2021\/08\/Captura-de-tela-2021-08-02-164717-1.png 836w, https:\/\/prodoctor.net\/blog\/wp-content\/uploads\/2021\/08\/Captura-de-tela-2021-08-02-164717-1-300x174.png 300w, https:\/\/prodoctor.net\/blog\/wp-content\/uploads\/2021\/08\/Captura-de-tela-2021-08-02-164717-1-768x446.png 768w\" sizes=\"(max-width: 836px) 100vw, 836px\" \/><\/a><\/figure>\n\n\n\n<p><span style=\"font-weight: 400;\">E, para que se tenha um controle ainda mais preciso, voc\u00ea pode ativar a fun\u00e7\u00e3o de sobreposi\u00e7\u00e3o de hor\u00e1rios caso o seu paciente necessite agendar dois equipamentos ao mesmo tempo.<\/span><\/p>\n\n\n\n<figure class=\"wp-block-image size-full\"><a href=\"https:\/\/prodoctor.net\/blog\/wp-content\/uploads\/2021\/08\/Captura-de-tela-2021-08-02-164717-2.png\"><img decoding=\"async\" width=\"836\" height=\"486\" src=\"https:\/\/prodoctor.net\/blog\/wp-content\/uploads\/2021\/08\/Captura-de-tela-2021-08-02-164717-2.png\" alt=\"\" class=\"wp-image-20614\" srcset=\"https:\/\/prodoctor.net\/blog\/wp-content\/uploads\/2021\/08\/Captura-de-tela-2021-08-02-164717-2.png 836w, https:\/\/prodoctor.net\/blog\/wp-content\/uploads\/2021\/08\/Captura-de-tela-2021-08-02-164717-2-300x174.png 300w, https:\/\/prodoctor.net\/blog\/wp-content\/uploads\/2021\/08\/Captura-de-tela-2021-08-02-164717-2-768x446.png 768w\" sizes=\"(max-width: 836px) 100vw, 836px\" \/><\/a><\/figure>\n\n\n\n<p><span style=\"font-weight: 400;\">Alguns equipamentos podem ser utilizados em conjunto. Por isso, \u00e9 importante essa op\u00e7\u00e3o de sobreposi\u00e7\u00e3o de hor\u00e1rios para que se torne ainda mais organizada a sua forma de gerenciar os itens que sua cl\u00ednica disponibiliza para os atendimentos.<\/span><\/p>\n\n\n\n<p><span style=\"font-weight: 400;\">Ter a sua cl\u00ednica organizada ir\u00e1 impactar n\u00e3o s\u00f3 na organiza\u00e7\u00e3o, mas tamb\u00e9m ir\u00e1 otimizar o tempo de atendimento da sua equipe, gerando hor\u00e1rios de atendimento mais curtos sem perder a qualidade.<\/span><\/p>\n\n\n\n<p><span style=\"font-weight: 400;\">Uma ferramenta como o ProDoctor Corp, que possibilita personalizar sua grade de hor\u00e1rios, equipamentos e salas compartilhadas, torna a gest\u00e3o da sua cl\u00ednica muito mais f\u00e1cil e organizada, n\u00e3o s\u00f3 na organiza\u00e7\u00e3o de equipamentos e salas, mas tamb\u00e9m simplificando o seu financeiro, gerenciamentos de Glosas, agendamento de pacientes e at\u00e9 mesmo na realiza\u00e7\u00e3o de consultas via Telemedicina.<\/span><\/p>\n","protected":false},"excerpt":{"rendered":"<p>O dia a dia de uma cl\u00ednica de m\u00e9dio ou grande porte onde \u00e9 comum o compartilhamento de salas e equipamentos pode se tornar um caos se n\u00e3o houver organiza\u00e7\u00e3o e, uma agenda de equipamentos e salas organizada, \u00e9 a chave para o sucesso.<\/p>\n","protected":false},"author":1,"featured_media":20620,"comment_status":"closed","ping_status":"closed","sticky":false,"template":"","format":"standard","meta":{"_kad_blocks_custom_css":"","_kad_blocks_head_custom_js":"","_kad_blocks_body_custom_js":"","_kad_blocks_footer_custom_js":"","_kadence_starter_templates_imported_post":false,"_kad_post_transparent":"","_kad_post_title":"","_kad_post_layout":"","_kad_post_sidebar_id":"","_kad_post_content_style":"","_kad_post_vertical_padding":"","_kad_post_feature":"","_kad_post_feature_position":"","_kad_post_header":false,"_kad_post_footer":false,"footnotes":""},"categories":[412],"tags":[849,531,53,404],"class_list":["post-20613","post","type-post","status-publish","format-standard","has-post-thumbnail","hentry","category-gestao-de-clinicas-e-consultorios","tag-agenda-de-equipamentos","tag-agenda-do-consultorio","tag-agendamento","tag-prodoctor-corp"],"yoast_head":"<!-- This site is optimized with the Yoast SEO plugin v27.0 - https:\/\/yoast.com\/product\/yoast-seo-wordpress\/ -->\n<title>Agenda de Equipamentos: O que \u00e9 isso? - Blog ProDoctor<\/title>\n<meta name=\"description\" content=\"Voc\u00ea conhece a agenda de equipamentos e como ela pode ajudar na gest\u00e3o da sua cl\u00ednica ou consult\u00f3rio? Confira nossas dicas!\" \/>\n<meta name=\"robots\" content=\"index, follow, max-snippet:-1, max-image-preview:large, max-video-preview:-1\" \/>\n<link rel=\"canonical\" href=\"https:\/\/prodoctor.net\/blog\/agenda-de-equipamentos-o-que-e-isso\/\" \/>\n<meta property=\"og:locale\" content=\"pt_BR\" \/>\n<meta property=\"og:type\" content=\"article\" \/>\n<meta property=\"og:title\" content=\"Agenda de Equipamentos: O que \u00e9 isso? - Blog ProDoctor\" \/>\n<meta property=\"og:description\" content=\"Voc\u00ea conhece a agenda de equipamentos e como ela pode ajudar na gest\u00e3o da sua cl\u00ednica ou consult\u00f3rio? Confira nossas dicas!\" \/>\n<meta property=\"og:url\" content=\"https:\/\/prodoctor.net\/blog\/agenda-de-equipamentos-o-que-e-isso\/\" \/>\n<meta property=\"og:site_name\" content=\"Blog ProDoctor\" \/>\n<meta property=\"article:publisher\" content=\"https:\/\/www.facebook.com\/prodoctorsoftware\" \/>\n<meta property=\"article:published_time\" content=\"2021-09-30T17:57:36+00:00\" \/>\n<meta property=\"article:modified_time\" content=\"2024-02-28T19:21:25+00:00\" \/>\n<meta property=\"og:image\" content=\"https:\/\/prodoctor.net\/blog\/wp-content\/uploads\/2021\/08\/AGENDA-DE-EQUIPAMENTOS-O-QUE-E-ISSO.png\" \/>\n\t<meta property=\"og:image:width\" content=\"770\" \/>\n\t<meta property=\"og:image:height\" content=\"400\" \/>\n\t<meta property=\"og:image:type\" content=\"image\/png\" \/>\n<meta name=\"author\" content=\"ProDoctor Software\" \/>\n<meta name=\"twitter:card\" content=\"summary_large_image\" \/>\n<meta name=\"twitter:creator\" content=\"@prodoctorsoft\" \/>\n<meta name=\"twitter:site\" content=\"@prodoctorsoft\" \/>\n<meta name=\"twitter:label1\" content=\"Escrito por\" \/>\n\t<meta name=\"twitter:data1\" content=\"ProDoctor Software\" \/>\n\t<meta name=\"twitter:label2\" content=\"Est. tempo de leitura\" \/>\n\t<meta name=\"twitter:data2\" content=\"6 minutos\" \/>\n<script type=\"application\/ld+json\" class=\"yoast-schema-graph\">{\"@context\":\"https:\/\/schema.org\",\"@graph\":[{\"@type\":\"Article\",\"@id\":\"https:\/\/prodoctor.net\/blog\/agenda-de-equipamentos-o-que-e-isso\/#article\",\"isPartOf\":{\"@id\":\"https:\/\/prodoctor.net\/blog\/agenda-de-equipamentos-o-que-e-isso\/\"},\"author\":{\"name\":\"ProDoctor Software\",\"@id\":\"https:\/\/prodoctor.net\/blog\/#\/schema\/person\/8878914b17cd360e7ec0ddee1ed8c544\"},\"headline\":\"Agenda de Equipamentos: O que \u00e9 isso?\",\"datePublished\":\"2021-09-30T17:57:36+00:00\",\"dateModified\":\"2024-02-28T19:21:25+00:00\",\"mainEntityOfPage\":{\"@id\":\"https:\/\/prodoctor.net\/blog\/agenda-de-equipamentos-o-que-e-isso\/\"},\"wordCount\":896,\"publisher\":{\"@id\":\"https:\/\/prodoctor.net\/blog\/#organization\"},\"image\":{\"@id\":\"https:\/\/prodoctor.net\/blog\/agenda-de-equipamentos-o-que-e-isso\/#primaryimage\"},\"thumbnailUrl\":\"https:\/\/prodoctor.net\/blog\/wp-content\/uploads\/2021\/08\/AGENDA-DE-EQUIPAMENTOS-O-QUE-E-ISSO.png\",\"keywords\":[\"agenda de equipamentos\",\"Agenda do consult\u00f3rio\",\"agendamento\",\"ProDoctor Corp\"],\"articleSection\":[\"Gest\u00e3o de Cl\u00ednicas e Consult\u00f3rios\"],\"inLanguage\":\"pt-BR\"},{\"@type\":\"WebPage\",\"@id\":\"https:\/\/prodoctor.net\/blog\/agenda-de-equipamentos-o-que-e-isso\/\",\"url\":\"https:\/\/prodoctor.net\/blog\/agenda-de-equipamentos-o-que-e-isso\/\",\"name\":\"Agenda de Equipamentos: O que \u00e9 isso? - Blog ProDoctor\",\"isPartOf\":{\"@id\":\"https:\/\/prodoctor.net\/blog\/#website\"},\"primaryImageOfPage\":{\"@id\":\"https:\/\/prodoctor.net\/blog\/agenda-de-equipamentos-o-que-e-isso\/#primaryimage\"},\"image\":{\"@id\":\"https:\/\/prodoctor.net\/blog\/agenda-de-equipamentos-o-que-e-isso\/#primaryimage\"},\"thumbnailUrl\":\"https:\/\/prodoctor.net\/blog\/wp-content\/uploads\/2021\/08\/AGENDA-DE-EQUIPAMENTOS-O-QUE-E-ISSO.png\",\"datePublished\":\"2021-09-30T17:57:36+00:00\",\"dateModified\":\"2024-02-28T19:21:25+00:00\",\"description\":\"Voc\u00ea conhece a agenda de equipamentos e como ela pode ajudar na gest\u00e3o da sua cl\u00ednica ou consult\u00f3rio? Confira nossas dicas!\",\"breadcrumb\":{\"@id\":\"https:\/\/prodoctor.net\/blog\/agenda-de-equipamentos-o-que-e-isso\/#breadcrumb\"},\"inLanguage\":\"pt-BR\",\"potentialAction\":[{\"@type\":\"ReadAction\",\"target\":[\"https:\/\/prodoctor.net\/blog\/agenda-de-equipamentos-o-que-e-isso\/\"]}]},{\"@type\":\"ImageObject\",\"inLanguage\":\"pt-BR\",\"@id\":\"https:\/\/prodoctor.net\/blog\/agenda-de-equipamentos-o-que-e-isso\/#primaryimage\",\"url\":\"https:\/\/prodoctor.net\/blog\/wp-content\/uploads\/2021\/08\/AGENDA-DE-EQUIPAMENTOS-O-QUE-E-ISSO.png\",\"contentUrl\":\"https:\/\/prodoctor.net\/blog\/wp-content\/uploads\/2021\/08\/AGENDA-DE-EQUIPAMENTOS-O-QUE-E-ISSO.png\",\"width\":770,\"height\":400,\"caption\":\"agenda de equipamentos\"},{\"@type\":\"BreadcrumbList\",\"@id\":\"https:\/\/prodoctor.net\/blog\/agenda-de-equipamentos-o-que-e-isso\/#breadcrumb\",\"itemListElement\":[{\"@type\":\"ListItem\",\"position\":1,\"name\":\"In\u00edcio\",\"item\":\"https:\/\/prodoctor.net\/blog\/\"},{\"@type\":\"ListItem\",\"position\":2,\"name\":\"Agenda de Equipamentos: O que \u00e9 isso?\"}]},{\"@type\":\"WebSite\",\"@id\":\"https:\/\/prodoctor.net\/blog\/#website\",\"url\":\"https:\/\/prodoctor.net\/blog\/\",\"name\":\"Blog ProDoctor\",\"description\":\"Tudo sobre o mundo da Sa\u00fade\",\"publisher\":{\"@id\":\"https:\/\/prodoctor.net\/blog\/#organization\"},\"potentialAction\":[{\"@type\":\"SearchAction\",\"target\":{\"@type\":\"EntryPoint\",\"urlTemplate\":\"https:\/\/prodoctor.net\/blog\/?s={search_term_string}\"},\"query-input\":{\"@type\":\"PropertyValueSpecification\",\"valueRequired\":true,\"valueName\":\"search_term_string\"}}],\"inLanguage\":\"pt-BR\"},{\"@type\":\"Organization\",\"@id\":\"https:\/\/prodoctor.net\/blog\/#organization\",\"name\":\"ProDoctor Software S\/A\",\"url\":\"https:\/\/prodoctor.net\/blog\/\",\"logo\":{\"@type\":\"ImageObject\",\"inLanguage\":\"pt-BR\",\"@id\":\"https:\/\/prodoctor.net\/blog\/#\/schema\/logo\/image\/\",\"url\":\"https:\/\/prodoctor.net\/blog\/wp-content\/uploads\/2017\/01\/Logo_PDo_Lateral.png\",\"contentUrl\":\"https:\/\/prodoctor.net\/blog\/wp-content\/uploads\/2017\/01\/Logo_PDo_Lateral.png\",\"width\":2014,\"height\":485,\"caption\":\"ProDoctor Software S\/A\"},\"image\":{\"@id\":\"https:\/\/prodoctor.net\/blog\/#\/schema\/logo\/image\/\"},\"sameAs\":[\"https:\/\/www.facebook.com\/prodoctorsoftware\",\"https:\/\/x.com\/prodoctorsoft\",\"https:\/\/www.instagram.com\/prodoctorsoftware\/\",\"https:\/\/www.linkedin.com\/company\/prodoctor-software-ltda\",\"https:\/\/www.youtube.com\/channel\/UCIWuDLsVtIpX-PEqQn1pNlw\"]},{\"@type\":\"Person\",\"@id\":\"https:\/\/prodoctor.net\/blog\/#\/schema\/person\/8878914b17cd360e7ec0ddee1ed8c544\",\"name\":\"ProDoctor Software\",\"image\":{\"@type\":\"ImageObject\",\"inLanguage\":\"pt-BR\",\"@id\":\"https:\/\/prodoctor.net\/blog\/#\/schema\/person\/image\/\",\"url\":\"https:\/\/secure.gravatar.com\/avatar\/a67bdb10f2e6695f7ae356a84deeaf10b545567f0ac054e9bfe8ec56e86317ec?s=96&d=mm&r=g\",\"contentUrl\":\"https:\/\/secure.gravatar.com\/avatar\/a67bdb10f2e6695f7ae356a84deeaf10b545567f0ac054e9bfe8ec56e86317ec?s=96&d=mm&r=g\",\"caption\":\"ProDoctor Software\"},\"sameAs\":[\"http:\/\/prodoctor.net\",\"https:\/\/x.com\/prodoctorsoft\"]}]}<\/script>\n<!-- \/ Yoast SEO plugin. -->","yoast_head_json":{"title":"Agenda de Equipamentos: O que \u00e9 isso? - Blog ProDoctor","description":"Voc\u00ea conhece a agenda de equipamentos e como ela pode ajudar na gest\u00e3o da sua cl\u00ednica ou consult\u00f3rio? Confira nossas dicas!","robots":{"index":"index","follow":"follow","max-snippet":"max-snippet:-1","max-image-preview":"max-image-preview:large","max-video-preview":"max-video-preview:-1"},"canonical":"https:\/\/prodoctor.net\/blog\/agenda-de-equipamentos-o-que-e-isso\/","og_locale":"pt_BR","og_type":"article","og_title":"Agenda de Equipamentos: O que \u00e9 isso? - Blog ProDoctor","og_description":"Voc\u00ea conhece a agenda de equipamentos e como ela pode ajudar na gest\u00e3o da sua cl\u00ednica ou consult\u00f3rio? Confira nossas dicas!","og_url":"https:\/\/prodoctor.net\/blog\/agenda-de-equipamentos-o-que-e-isso\/","og_site_name":"Blog ProDoctor","article_publisher":"https:\/\/www.facebook.com\/prodoctorsoftware","article_published_time":"2021-09-30T17:57:36+00:00","article_modified_time":"2024-02-28T19:21:25+00:00","og_image":[{"width":770,"height":400,"url":"https:\/\/prodoctor.net\/blog\/wp-content\/uploads\/2021\/08\/AGENDA-DE-EQUIPAMENTOS-O-QUE-E-ISSO.png","type":"image\/png"}],"author":"ProDoctor Software","twitter_card":"summary_large_image","twitter_creator":"@prodoctorsoft","twitter_site":"@prodoctorsoft","twitter_misc":{"Escrito por":"ProDoctor Software","Est. tempo de leitura":"6 minutos"},"schema":{"@context":"https:\/\/schema.org","@graph":[{"@type":"Article","@id":"https:\/\/prodoctor.net\/blog\/agenda-de-equipamentos-o-que-e-isso\/#article","isPartOf":{"@id":"https:\/\/prodoctor.net\/blog\/agenda-de-equipamentos-o-que-e-isso\/"},"author":{"name":"ProDoctor Software","@id":"https:\/\/prodoctor.net\/blog\/#\/schema\/person\/8878914b17cd360e7ec0ddee1ed8c544"},"headline":"Agenda de Equipamentos: O que \u00e9 isso?","datePublished":"2021-09-30T17:57:36+00:00","dateModified":"2024-02-28T19:21:25+00:00","mainEntityOfPage":{"@id":"https:\/\/prodoctor.net\/blog\/agenda-de-equipamentos-o-que-e-isso\/"},"wordCount":896,"publisher":{"@id":"https:\/\/prodoctor.net\/blog\/#organization"},"image":{"@id":"https:\/\/prodoctor.net\/blog\/agenda-de-equipamentos-o-que-e-isso\/#primaryimage"},"thumbnailUrl":"https:\/\/prodoctor.net\/blog\/wp-content\/uploads\/2021\/08\/AGENDA-DE-EQUIPAMENTOS-O-QUE-E-ISSO.png","keywords":["agenda de equipamentos","Agenda do consult\u00f3rio","agendamento","ProDoctor Corp"],"articleSection":["Gest\u00e3o de Cl\u00ednicas e Consult\u00f3rios"],"inLanguage":"pt-BR"},{"@type":"WebPage","@id":"https:\/\/prodoctor.net\/blog\/agenda-de-equipamentos-o-que-e-isso\/","url":"https:\/\/prodoctor.net\/blog\/agenda-de-equipamentos-o-que-e-isso\/","name":"Agenda de Equipamentos: O que \u00e9 isso? - Blog ProDoctor","isPartOf":{"@id":"https:\/\/prodoctor.net\/blog\/#website"},"primaryImageOfPage":{"@id":"https:\/\/prodoctor.net\/blog\/agenda-de-equipamentos-o-que-e-isso\/#primaryimage"},"image":{"@id":"https:\/\/prodoctor.net\/blog\/agenda-de-equipamentos-o-que-e-isso\/#primaryimage"},"thumbnailUrl":"https:\/\/prodoctor.net\/blog\/wp-content\/uploads\/2021\/08\/AGENDA-DE-EQUIPAMENTOS-O-QUE-E-ISSO.png","datePublished":"2021-09-30T17:57:36+00:00","dateModified":"2024-02-28T19:21:25+00:00","description":"Voc\u00ea conhece a agenda de equipamentos e como ela pode ajudar na gest\u00e3o da sua cl\u00ednica ou consult\u00f3rio? Confira nossas dicas!","breadcrumb":{"@id":"https:\/\/prodoctor.net\/blog\/agenda-de-equipamentos-o-que-e-isso\/#breadcrumb"},"inLanguage":"pt-BR","potentialAction":[{"@type":"ReadAction","target":["https:\/\/prodoctor.net\/blog\/agenda-de-equipamentos-o-que-e-isso\/"]}]},{"@type":"ImageObject","inLanguage":"pt-BR","@id":"https:\/\/prodoctor.net\/blog\/agenda-de-equipamentos-o-que-e-isso\/#primaryimage","url":"https:\/\/prodoctor.net\/blog\/wp-content\/uploads\/2021\/08\/AGENDA-DE-EQUIPAMENTOS-O-QUE-E-ISSO.png","contentUrl":"https:\/\/prodoctor.net\/blog\/wp-content\/uploads\/2021\/08\/AGENDA-DE-EQUIPAMENTOS-O-QUE-E-ISSO.png","width":770,"height":400,"caption":"agenda de equipamentos"},{"@type":"BreadcrumbList","@id":"https:\/\/prodoctor.net\/blog\/agenda-de-equipamentos-o-que-e-isso\/#breadcrumb","itemListElement":[{"@type":"ListItem","position":1,"name":"In\u00edcio","item":"https:\/\/prodoctor.net\/blog\/"},{"@type":"ListItem","position":2,"name":"Agenda de Equipamentos: O que \u00e9 isso?"}]},{"@type":"WebSite","@id":"https:\/\/prodoctor.net\/blog\/#website","url":"https:\/\/prodoctor.net\/blog\/","name":"Blog ProDoctor","description":"Tudo sobre o mundo da Sa\u00fade","publisher":{"@id":"https:\/\/prodoctor.net\/blog\/#organization"},"potentialAction":[{"@type":"SearchAction","target":{"@type":"EntryPoint","urlTemplate":"https:\/\/prodoctor.net\/blog\/?s={search_term_string}"},"query-input":{"@type":"PropertyValueSpecification","valueRequired":true,"valueName":"search_term_string"}}],"inLanguage":"pt-BR"},{"@type":"Organization","@id":"https:\/\/prodoctor.net\/blog\/#organization","name":"ProDoctor Software S\/A","url":"https:\/\/prodoctor.net\/blog\/","logo":{"@type":"ImageObject","inLanguage":"pt-BR","@id":"https:\/\/prodoctor.net\/blog\/#\/schema\/logo\/image\/","url":"https:\/\/prodoctor.net\/blog\/wp-content\/uploads\/2017\/01\/Logo_PDo_Lateral.png","contentUrl":"https:\/\/prodoctor.net\/blog\/wp-content\/uploads\/2017\/01\/Logo_PDo_Lateral.png","width":2014,"height":485,"caption":"ProDoctor Software S\/A"},"image":{"@id":"https:\/\/prodoctor.net\/blog\/#\/schema\/logo\/image\/"},"sameAs":["https:\/\/www.facebook.com\/prodoctorsoftware","https:\/\/x.com\/prodoctorsoft","https:\/\/www.instagram.com\/prodoctorsoftware\/","https:\/\/www.linkedin.com\/company\/prodoctor-software-ltda","https:\/\/www.youtube.com\/channel\/UCIWuDLsVtIpX-PEqQn1pNlw"]},{"@type":"Person","@id":"https:\/\/prodoctor.net\/blog\/#\/schema\/person\/8878914b17cd360e7ec0ddee1ed8c544","name":"ProDoctor Software","image":{"@type":"ImageObject","inLanguage":"pt-BR","@id":"https:\/\/prodoctor.net\/blog\/#\/schema\/person\/image\/","url":"https:\/\/secure.gravatar.com\/avatar\/a67bdb10f2e6695f7ae356a84deeaf10b545567f0ac054e9bfe8ec56e86317ec?s=96&d=mm&r=g","contentUrl":"https:\/\/secure.gravatar.com\/avatar\/a67bdb10f2e6695f7ae356a84deeaf10b545567f0ac054e9bfe8ec56e86317ec?s=96&d=mm&r=g","caption":"ProDoctor Software"},"sameAs":["http:\/\/prodoctor.net","https:\/\/x.com\/prodoctorsoft"]}]}},"taxonomy_info":{"category":[{"value":412,"label":"Gest\u00e3o de Cl\u00ednicas e Consult\u00f3rios"}],"post_tag":[{"value":849,"label":"agenda de equipamentos"},{"value":531,"label":"Agenda do consult\u00f3rio"},{"value":53,"label":"agendamento"},{"value":404,"label":"ProDoctor Corp"}]},"featured_image_src_large":["https:\/\/prodoctor.net\/blog\/wp-content\/uploads\/2021\/08\/AGENDA-DE-EQUIPAMENTOS-O-QUE-E-ISSO.png",770,400,false],"author_info":{"display_name":"ProDoctor Software","author_link":"https:\/\/prodoctor.net\/blog\/author\/redesocialprodoctor-net\/"},"comment_info":0,"category_info":[{"term_id":412,"name":"Gest\u00e3o de Cl\u00ednicas e Consult\u00f3rios","slug":"gestao-de-clinicas-e-consultorios","term_group":0,"term_taxonomy_id":412,"taxonomy":"category","description":"","parent":0,"count":293,"filter":"raw","cat_ID":412,"category_count":293,"category_description":"","cat_name":"Gest\u00e3o de Cl\u00ednicas e Consult\u00f3rios","category_nicename":"gestao-de-clinicas-e-consultorios","category_parent":0}],"tag_info":[{"term_id":849,"name":"agenda de equipamentos","slug":"agenda-de-equipamentos","term_group":0,"term_taxonomy_id":849,"taxonomy":"post_tag","description":"","parent":0,"count":2,"filter":"raw"},{"term_id":531,"name":"Agenda do consult\u00f3rio","slug":"agenda-do-consultorio","term_group":0,"term_taxonomy_id":531,"taxonomy":"post_tag","description":"","parent":0,"count":3,"filter":"raw"},{"term_id":53,"name":"agendamento","slug":"agendamento","term_group":0,"term_taxonomy_id":56,"taxonomy":"post_tag","description":"","parent":0,"count":4,"filter":"raw"},{"term_id":404,"name":"ProDoctor Corp","slug":"prodoctor-corp","term_group":0,"term_taxonomy_id":4,"taxonomy":"post_tag","description":"","parent":0,"count":39,"filter":"raw"}],"_links":{"self":[{"href":"https:\/\/prodoctor.net\/blog\/wp-json\/wp\/v2\/posts\/20613","targetHints":{"allow":["GET"]}}],"collection":[{"href":"https:\/\/prodoctor.net\/blog\/wp-json\/wp\/v2\/posts"}],"about":[{"href":"https:\/\/prodoctor.net\/blog\/wp-json\/wp\/v2\/types\/post"}],"author":[{"embeddable":true,"href":"https:\/\/prodoctor.net\/blog\/wp-json\/wp\/v2\/users\/1"}],"replies":[{"embeddable":true,"href":"https:\/\/prodoctor.net\/blog\/wp-json\/wp\/v2\/comments?post=20613"}],"version-history":[{"count":13,"href":"https:\/\/prodoctor.net\/blog\/wp-json\/wp\/v2\/posts\/20613\/revisions"}],"predecessor-version":[{"id":28316,"href":"https:\/\/prodoctor.net\/blog\/wp-json\/wp\/v2\/posts\/20613\/revisions\/28316"}],"wp:featuredmedia":[{"embeddable":true,"href":"https:\/\/prodoctor.net\/blog\/wp-json\/wp\/v2\/media\/20620"}],"wp:attachment":[{"href":"https:\/\/prodoctor.net\/blog\/wp-json\/wp\/v2\/media?parent=20613"}],"wp:term":[{"taxonomy":"category","embeddable":true,"href":"https:\/\/prodoctor.net\/blog\/wp-json\/wp\/v2\/categories?post=20613"},{"taxonomy":"post_tag","embeddable":true,"href":"https:\/\/prodoctor.net\/blog\/wp-json\/wp\/v2\/tags?post=20613"}],"curies":[{"name":"wp","href":"https:\/\/api.w.org\/{rel}","templated":true}]}}