{"id":18902,"date":"2021-04-28T16:05:18","date_gmt":"2021-04-28T19:05:18","guid":{"rendered":"https:\/\/prodoctor.net\/blog\/?p=18902"},"modified":"2024-02-28T16:31:17","modified_gmt":"2024-02-28T19:31:17","slug":"atendimento-preferencial-como-manter-a-qualidade","status":"publish","type":"post","link":"https:\/\/prodoctor.net\/blog\/atendimento-preferencial-como-manter-a-qualidade\/","title":{"rendered":"Atendimento preferencial: como manter a qualidade?"},"content":{"rendered":"\n<p>Proporcionar atendimento preferencial em um consult\u00f3rio\/cl\u00ednica \u00e9 uma tarefa que exige cuidados. Nesse sentido, \u00e9 preciso analisar com aten\u00e7\u00e3o n\u00e3o s\u00f3 os pacientes agendados para o dia e sua ordem de chegada, mas tamb\u00e9m observar aqueles que necessitam de um tratamento especial.<\/p>\n\n\n\n<p>Por isso, \u00e9 importante que seus funcion\u00e1rios tenham conhecimento das determina\u00e7\u00f5es legais acerca das pessoas para as quais o atendimento preferencial \u00e9 obrigat\u00f3rio. Dessa maneira, a rotina dos trabalhos n\u00e3o ser\u00e1 interrompida por reclama\u00e7\u00f5es e a imagem do estabelecimento n\u00e3o ser\u00e1 arranhada.<\/p>\n\n\n\n<p>Neste post, a <strong><a href=\"https:\/\/prodoctor.net\/\" target=\"_blank\" rel=\"noreferrer noopener\">ProDoctor Software<\/a><\/strong> alinhou informa\u00e7\u00f5es importantes para que voc\u00ea possa conscientizar seus colaboradores sobre a import\u00e2ncia de um atendimento de qualidade, com agilidade e efici\u00eancia. Sem ferir o agendamento e dando aos pacientes preferenciais o justo atendimento.<\/p>\n\n\n\n<p>Confira nos itens que abordamos a seguir:<\/p>\n\n\n\n<ul class=\"wp-block-list\">\n<li>Atendimento preferencial<\/li>\n\n\n\n<li>Lei do Atendimento Preferencial<\/li>\n\n\n\n<li>Import\u00e2ncia do atendimento preferencial<\/li>\n\n\n\n<li>Como aplicar o atendimento preferencial no consult\u00f3rio m\u00e9dico\/cl\u00ednica<\/li>\n\n\n\n<li>Organiza\u00e7\u00e3o<\/li>\n\n\n\n<li>Agilidade<\/li>\n\n\n\n<li>Atendimento preferencial com prioridade<\/li>\n\n\n\n<li>Cuidados especiais no consult\u00f3rio\/cl\u00ednica<\/li>\n<\/ul>\n\n\n\n<hr class=\"wp-block-separator has-css-opacity\"\/>\n\n\n\n<p class=\"has-text-align-center\"><strong>Voc\u00ea tamb\u00e9m pode gostar:<\/strong><br><a href=\"https:\/\/prodoctor.net\/blog\/atendimento-infantil-como-melhorar\/\" target=\"_blank\" rel=\"noreferrer noopener\">Atendimento infantil: como melhorar?<\/a><br><a href=\"https:\/\/prodoctor.net\/blog\/humanizacao-no-atendimento\/\" target=\"_blank\" rel=\"noreferrer noopener\">Humaniza\u00e7\u00e3o no atendimento<\/a><\/p>\n\n\n\n<hr class=\"wp-block-separator has-css-opacity\"\/>\n\n\n\n<h2 class=\"wp-block-heading\">Atendimento preferencial<\/h2>\n\n\n\n<figure class=\"wp-block-image size-large\"><a href=\"https:\/\/prodoctor.net\/blog\/wp-content\/uploads\/2021\/04\/atendimento-preferencial-min.jpg\"><img decoding=\"async\" width=\"771\" height=\"251\" src=\"https:\/\/prodoctor.net\/blog\/wp-content\/uploads\/2021\/04\/atendimento-preferencial-min.jpg\" alt=\"atendimento preferencial\" class=\"wp-image-18918\" srcset=\"https:\/\/prodoctor.net\/blog\/wp-content\/uploads\/2021\/04\/atendimento-preferencial-min.jpg 771w, https:\/\/prodoctor.net\/blog\/wp-content\/uploads\/2021\/04\/atendimento-preferencial-min-300x98.jpg 300w, https:\/\/prodoctor.net\/blog\/wp-content\/uploads\/2021\/04\/atendimento-preferencial-min-768x250.jpg 768w\" sizes=\"(max-width: 771px) 100vw, 771px\" \/><\/a><\/figure>\n\n\n\n<p>O atendimento preferencial \u00e9, acima de tudo, um direito dos pacientes. Portanto, ao abrir sua cl\u00ednica\/consult\u00f3rio, esteja bastante atento a isto, uma vez que est\u00e1 diretamente ligado \u00e0 imagem do seu neg\u00f3cio.<\/p>\n\n\n\n<p>Antes de mais nada, seus colaboradores devem estar atentos para o significado do atendimento preferencial, a fim de reconhecer e proporcionar prioridade para a pessoa que apresentar uma condi\u00e7\u00e3o com maiores dificuldades para aguardar ser atendido.<\/p>\n\n\n\n<p>Assim, o paciente n\u00e3o ser\u00e1 sacrificado, tendo direito \u00e0 redu\u00e7\u00e3o no tempo de espera em rela\u00e7\u00e3o \u00e0quelas que tiverem uma condi\u00e7\u00e3o melhor. Deve-se observar tanto sua idade, quanto seu estado de sa\u00fade.<\/p>\n\n\n\n<h3 class=\"wp-block-heading\">Lei do Atendimento Preferencial<\/h3>\n\n\n\n<p>Em seu Art. 1\u00ba, a&nbsp;<strong><a href=\"https:\/\/bit.ly\/2QkqkFR\" target=\"_blank\" rel=\"noreferrer noopener\">Lei 10.048\/2000<\/a><\/strong> determina quais pacientes devem ter um atendimento privilegiado. Confira: <\/p>\n\n\n\n<ul class=\"wp-block-list\">\n<li>Gestantes e lactantes.<\/li>\n\n\n\n<li>Pessoas com 60 anos de idade ou mais.<\/li>\n\n\n\n<li>Pessoas com crian\u00e7as de colo.<\/li>\n\n\n\n<li>Crian\u00e7as at\u00e9 cinco anos de idade.<\/li>\n\n\n\n<li>Pessoas com defici\u00eancia.<\/li>\n\n\n\n<li>Obesos.<\/li>\n<\/ul>\n\n\n\n<p>A inclus\u00e3o do p\u00fablico com&nbsp;<strong><a href=\"https:\/\/bit.ly\/3aAjN4k\" target=\"_blank\" rel=\"noreferrer noopener\">Transtorno do Espectro do Autismo (TEA)<\/a><\/strong> ampliou a abrang\u00eancia do dispositivo legal.<\/p>\n\n\n\n<h2 class=\"wp-block-heading\">Import\u00e2ncia do atendimento preferencial<\/h2>\n\n\n\n<figure class=\"wp-block-image size-large\"><a href=\"https:\/\/prodoctor.net\/blog\/wp-content\/uploads\/2021\/04\/atendimento-preferencial4-min.jpg\"><img decoding=\"async\" width=\"771\" height=\"250\" src=\"https:\/\/prodoctor.net\/blog\/wp-content\/uploads\/2021\/04\/atendimento-preferencial4-min.jpg\" alt=\"\" class=\"wp-image-18915\" srcset=\"https:\/\/prodoctor.net\/blog\/wp-content\/uploads\/2021\/04\/atendimento-preferencial4-min.jpg 771w, https:\/\/prodoctor.net\/blog\/wp-content\/uploads\/2021\/04\/atendimento-preferencial4-min-300x97.jpg 300w, https:\/\/prodoctor.net\/blog\/wp-content\/uploads\/2021\/04\/atendimento-preferencial4-min-768x249.jpg 768w\" sizes=\"(max-width: 771px) 100vw, 771px\" \/><\/a><\/figure>\n\n\n\n<p>Ao cumprir as determina\u00e7\u00f5es legais, sua cl\u00ednica\/consult\u00f3rio estar\u00e1 n\u00e3o s\u00f3 estar\u00e1 agindo corretamente, como tamb\u00e9m participando ativamente do processo de inclus\u00e3o social. Com toda a certeza, este ser\u00e1 um exemplo que refletir\u00e1 positivamente na imagem do seu estabelecimento.<\/p>\n\n\n\n<p>O atendimento preferencial significa, pois, proporcionar um tratamento igualit\u00e1rio para quem dele precisa. Aos olhos dos demais pacientes e acompanhantes presentes, tamb\u00e9m representar\u00e1 um gesto de respeito e humanidade. <\/p>\n\n\n\n<h2 class=\"wp-block-heading\">Como aplicar o atendimento preferencial no consult\u00f3rio m\u00e9dico\/cl\u00ednica<\/h2>\n\n\n\n<figure class=\"wp-block-image size-large\"><a href=\"https:\/\/prodoctor.net\/blog\/wp-content\/uploads\/2021\/04\/atendimento-preferencial3-min.jpg\"><img decoding=\"async\" width=\"770\" height=\"250\" src=\"https:\/\/prodoctor.net\/blog\/wp-content\/uploads\/2021\/04\/atendimento-preferencial3-min.jpg\" alt=\"atendimento preferencial\" class=\"wp-image-18917\" srcset=\"https:\/\/prodoctor.net\/blog\/wp-content\/uploads\/2021\/04\/atendimento-preferencial3-min.jpg 770w, https:\/\/prodoctor.net\/blog\/wp-content\/uploads\/2021\/04\/atendimento-preferencial3-min-300x97.jpg 300w, https:\/\/prodoctor.net\/blog\/wp-content\/uploads\/2021\/04\/atendimento-preferencial3-min-768x249.jpg 768w\" sizes=\"(max-width: 770px) 100vw, 770px\" \/><\/a><\/figure>\n\n\n\n<p>Para que tudo funcione com tranquilidade no dia a dia, \u00e9 fundamental trabalhar com um bom <strong><a href=\"https:\/\/prodoctor.net\/cloud\/consultorios\" target=\"_blank\" rel=\"noreferrer noopener\">software de gest\u00e3o<\/a><\/strong>, com experi\u00eancia e amplo reconhecimento no mercado. Desse modo, seus colaboradores poder\u00e3o desenvolver suas tarefas de forma organizada, utilizando todos os recursos disponibilizados pela agenda de marca\u00e7\u00e3o das consultas.<\/p>\n\n\n\n<p>A utiliza\u00e7\u00e3o de um aplicativo com amplos recursos e de f\u00e1cil manuseio facilitar\u00e1 a rotina da secret\u00e1ria. Com o software, a <strong><a href=\"https:\/\/bit.ly\/3sM72Kb\" target=\"_blank\" rel=\"noreferrer noopener\">secret\u00e1ria<\/a><\/strong> realizar\u00e1 um trabalho r\u00e1pido e sem erros. Dessa forma, agendar\u00e1 os hor\u00e1rios de uma forma equilibrada, com aten\u00e7\u00e3o especial para o tempo destinado para cada consulta.<\/p>\n\n\n\n<p>\u00c9 de grande import\u00e2ncia que tudo funcione de forma organizada, sem interrup\u00e7\u00f5es e contratempos, sempre contando com o bom-senso, a educa\u00e7\u00e3o e a gentileza dos colaboradores.<\/p>\n\n\n\n<h2 class=\"wp-block-heading\">Organiza\u00e7\u00e3o<\/h2>\n\n\n\n<figure class=\"wp-block-image size-large\"><a href=\"https:\/\/prodoctor.net\/blog\/wp-content\/uploads\/2021\/04\/relatorios-financeiros-2-min.jpg\"><img decoding=\"async\" width=\"771\" height=\"250\" src=\"https:\/\/prodoctor.net\/blog\/wp-content\/uploads\/2021\/04\/relatorios-financeiros-2-min.jpg\" alt=\"relat\u00f3rios financeiros\" class=\"wp-image-18822\" srcset=\"https:\/\/prodoctor.net\/blog\/wp-content\/uploads\/2021\/04\/relatorios-financeiros-2-min.jpg 771w, https:\/\/prodoctor.net\/blog\/wp-content\/uploads\/2021\/04\/relatorios-financeiros-2-min-300x97.jpg 300w, https:\/\/prodoctor.net\/blog\/wp-content\/uploads\/2021\/04\/relatorios-financeiros-2-min-768x249.jpg 768w\" sizes=\"(max-width: 771px) 100vw, 771px\" \/><\/a><\/figure>\n\n\n\n<p>Com o intuito de evitar contratempos e dissabores com reclama\u00e7\u00f5es, a organiza\u00e7\u00e3o ser\u00e1 a \u201cgrande arma\u201d da secret\u00e1ria. Por isso, \u00e9 importante que, no atendimento preferencial, organize duas filas: uma, destinada \u00e0s consultas de pacientes que compareceram sem hora marcada, para atendimento em regime de urg\u00eancia.<\/p>\n\n\n\n<p>Na outra, os atendimentos com hora marcada. Dessa maneira, ter\u00e1 que distribuir senhas diferentes para os pacientes priorit\u00e1rios. Se acaso seu consult\u00f3rio\/cl\u00ednica tiver, pelo menos, duas secret\u00e1rias, destaque uma delas para realizar este atendimento.<\/p>\n\n\n\n<p>Por exemplo: se tiver um paciente na fila especial, o atendimento na fila normal ser\u00e1 interrompido. Terminado o atendimento na fila especial, a secret\u00e1ria retomar\u00e1 o atendimento da fila normal.<\/p>\n\n\n\n<p>Al\u00e9m disso, dever\u00e1 estabelecer crit\u00e9rios espec\u00edficos de acordo com a especialidade m\u00e9dica, com o prop\u00f3sito de definir quais pacientes ter\u00e3o prioridade. S\u00f3 para ilustrar: na Geriatria, a prioridade sempre deve ser dada para as pessoas de mais idade e com maior dificuldade de locomo\u00e7\u00e3o.<\/p>\n\n\n\n<h2 class=\"wp-block-heading\">Agilidade<\/h2>\n\n\n\n<figure class=\"wp-block-image size-large\"><a href=\"https:\/\/prodoctor.net\/blog\/wp-content\/uploads\/2015\/09\/pacientes-sala-espera.jpg\"><img decoding=\"async\" width=\"770\" height=\"250\" src=\"https:\/\/prodoctor.net\/blog\/wp-content\/uploads\/2015\/09\/pacientes-sala-espera.jpg\" alt=\"Tempo aceit\u00e1vel para esperar uma consulta\" class=\"wp-image-4852\" srcset=\"https:\/\/prodoctor.net\/blog\/wp-content\/uploads\/2015\/09\/pacientes-sala-espera.jpg 770w, https:\/\/prodoctor.net\/blog\/wp-content\/uploads\/2015\/09\/pacientes-sala-espera-300x97.jpg 300w, https:\/\/prodoctor.net\/blog\/wp-content\/uploads\/2015\/09\/pacientes-sala-espera-768x249.jpg 768w\" sizes=\"(max-width: 770px) 100vw, 770px\" \/><\/a><\/figure>\n\n\n\n<p>\u00c9 importante lembrar que o&nbsp;<strong><a href=\"https:\/\/bit.ly\/3gryx5u\" target=\"_blank\" rel=\"noreferrer noopener\">tempo de espera<\/a><\/strong>&nbsp;no consult\u00f3rio\/cl\u00ednica influi diretamente na satisfa\u00e7\u00e3o do paciente. Desse modo, a secret\u00e1ria precisa estar atenta a poss\u00edveis demoras e atrasos, para contornar a situa\u00e7\u00e3o e acalmar os pacientes. Sempre com educa\u00e7\u00e3o e fineza, com explica\u00e7\u00f5es verdadeiras e que justifiquem o atraso.<\/p>\n\n\n\n<p>Tamb\u00e9m vale ressaltar que os pacientes que n\u00e3o estiverem na rela\u00e7\u00e3o preferencial devem ser atendidos com agilidade. Assim, \u00e9 preciso haver um equil\u00edbrio na forma de atendimento, para que as consultas tenham um tempo razo\u00e1vel e que os pacientes sejam expostos a esperas intermin\u00e1veis e cansativas.<\/p>\n\n\n\n<h2 class=\"wp-block-heading\">Atendimento preferencial com prioridade<\/h2>\n\n\n\n<figure class=\"wp-block-image size-large\"><a href=\"https:\/\/prodoctor.net\/blog\/wp-content\/uploads\/2020\/08\/Atendimento-preferencial-em-consultorio-medico-min.jpg\"><img decoding=\"async\" width=\"771\" height=\"251\" src=\"https:\/\/prodoctor.net\/blog\/wp-content\/uploads\/2020\/08\/Atendimento-preferencial-em-consultorio-medico-min.jpg\" alt=\"\" class=\"wp-image-16948\" srcset=\"https:\/\/prodoctor.net\/blog\/wp-content\/uploads\/2020\/08\/Atendimento-preferencial-em-consultorio-medico-min.jpg 771w, https:\/\/prodoctor.net\/blog\/wp-content\/uploads\/2020\/08\/Atendimento-preferencial-em-consultorio-medico-min-300x98.jpg 300w, https:\/\/prodoctor.net\/blog\/wp-content\/uploads\/2020\/08\/Atendimento-preferencial-em-consultorio-medico-min-768x250.jpg 768w\" sizes=\"(max-width: 771px) 100vw, 771px\" \/><\/a><\/figure>\n\n\n\n<p>Sim, \u00e9 poss\u00edvel estabelecer uma escala de prioridade para os pacientes com necessidade de um  atendimento preferencial. Todavia, a secret\u00e1ria precisa atentar para o <strong><a href=\"https:\/\/prodoctor.net\/blog\/gerenciar-agenda-medica\/\" target=\"_blank\" rel=\"noreferrer noopener\">agendamento<\/a><\/strong> das consultas, procurando estender os espa\u00e7os entre uma e outra.<\/p>\n\n\n\n<p>Dessa forma, poder\u00e1 administrar com mais tranquilidade o atendimento e, al\u00e9m disso, reduzir a possibilidade de atrasos. A conversa clara e segura com os pacientes \u00e9 importante para conter poss\u00edveis contrariedades.<\/p>\n\n\n\n<p>A cria\u00e7\u00e3o de uma escala especial ser\u00e1 a solu\u00e7\u00e3o para o caso de existir uma demanda maior de pacientes com perfil preferencial. Nesse sentido, a secret\u00e1ria agilizar\u00e1 o atendimento dos casos de uma consulta com grau de urg\u00eancia. Assim, tanto otimiza suas tarefas quanto evidencia a preocupa\u00e7\u00e3o humanit\u00e1ria do estabelecimento.<\/p>\n\n\n\n<p>Com toda a certeza, \u00e9 perfeitamente justific\u00e1vel que, no caso de pacientes idosos, pode-se priorizar aqueles que t\u00eam algum tipo de defici\u00eancia f\u00edsica ou dificuldades de locomo\u00e7\u00e3o em rela\u00e7\u00e3o aos idosos em melhor condi\u00e7\u00e3o f\u00edsica.<\/p>\n\n\n\n<h2 class=\"wp-block-heading\">Cuidados especiais no consult\u00f3rio\/cl\u00ednica<\/h2>\n\n\n\n<figure class=\"wp-block-image size-large\"><a href=\"https:\/\/prodoctor.net\/blog\/wp-content\/uploads\/2020\/07\/Dicas-para-aumentar-a-produtividade-da-cl\u00ednica-ou-consult\u00f3rio.png\"><img decoding=\"async\" width=\"768\" height=\"249\" src=\"https:\/\/prodoctor.net\/blog\/wp-content\/uploads\/2020\/07\/Dicas-para-aumentar-a-produtividade-da-cl\u00ednica-ou-consult\u00f3rio.png\" alt=\"atendimento preferencial\" class=\"wp-image-16547\" srcset=\"https:\/\/prodoctor.net\/blog\/wp-content\/uploads\/2020\/07\/Dicas-para-aumentar-a-produtividade-da-cl\u00ednica-ou-consult\u00f3rio.png 768w, https:\/\/prodoctor.net\/blog\/wp-content\/uploads\/2020\/07\/Dicas-para-aumentar-a-produtividade-da-cl\u00ednica-ou-consult\u00f3rio-300x97.png 300w\" sizes=\"(max-width: 768px) 100vw, 768px\" \/><\/a><\/figure>\n\n\n\n<p>Contar com a confian\u00e7a dos pacientes \u00e9 fundamental para que o trabalho se desenvolva de maneira tranquila, contribuindo para refor\u00e7ar os la\u00e7os da&nbsp;<strong><a href=\"https:\/\/bit.ly\/3grdXlC\" target=\"_blank\" rel=\"noreferrer noopener\">rela\u00e7\u00e3o m\u00e9dico-paciente<\/a><\/strong>. Os pacientes que necessitam de um atendimento especial precisam ter conforto e sentirem que s\u00e3o importantes para o consult\u00f3rio\/cl\u00ednica.<\/p>\n\n\n\n<p>Portanto, \u00e9 imprescind\u00edvel reservar um espa\u00e7o f\u00edsico adequado e de f\u00e1cil acesso para receb\u00ea-los. Al\u00e9m disso, conforme as especialidades m\u00e9dicas, pense na possibilidade de estabelecer hor\u00e1rios especiais para atend\u00ea-los. <\/p>\n\n\n\n<p>Como \u00e9 preciso ter aten\u00e7\u00e3o com o atendimento conforme a ordem de chegada, \u00e9 preciso evitar transtorno com reclama\u00e7\u00f5es de quem se sentir prejudicado. Dessa forma, com habilidade e sensibilidade, a secret\u00e1ria organizar\u00e1 a ordem de atendimento. Ao mesmo tempo, explicar\u00e1 como funciona a rotina do estabelecimento, verificando a necessidade de priorizar algum paciente que esteja se queixando de dores ou algum mal-estar.<\/p>\n\n\n\n<figure class=\"wp-block-image size-large\"><a href=\"https:\/\/mkt.prodoctor.net\/5-passos-para-voce-criar-ou-melhorar-seu-consultorio\" target=\"_blank\" rel=\"noopener\"><img decoding=\"async\" width=\"1024\" height=\"333\" src=\"https:\/\/prodoctor.net\/blog\/wp-content\/uploads\/2021\/01\/E-book-5-passos-para-voce-criar-ou-melhorar-seu-consultorio-min-1024x333.jpg\" alt=\"\" class=\"wp-image-18881\" srcset=\"https:\/\/prodoctor.net\/blog\/wp-content\/uploads\/2021\/01\/E-book-5-passos-para-voce-criar-ou-melhorar-seu-consultorio-min-1024x333.jpg 1024w, https:\/\/prodoctor.net\/blog\/wp-content\/uploads\/2021\/01\/E-book-5-passos-para-voce-criar-ou-melhorar-seu-consultorio-min-300x97.jpg 300w, https:\/\/prodoctor.net\/blog\/wp-content\/uploads\/2021\/01\/E-book-5-passos-para-voce-criar-ou-melhorar-seu-consultorio-min-768x249.jpg 768w, https:\/\/prodoctor.net\/blog\/wp-content\/uploads\/2021\/01\/E-book-5-passos-para-voce-criar-ou-melhorar-seu-consultorio-min-1536x499.jpg 1536w, https:\/\/prodoctor.net\/blog\/wp-content\/uploads\/2021\/01\/E-book-5-passos-para-voce-criar-ou-melhorar-seu-consultorio-min-2048x665.jpg 2048w, https:\/\/prodoctor.net\/blog\/wp-content\/uploads\/2021\/01\/E-book-5-passos-para-voce-criar-ou-melhorar-seu-consultorio-min-1080x351.jpg 1080w\" sizes=\"(max-width: 1024px) 100vw, 1024px\" \/><\/a><\/figure>\n\n\n\n<h2 class=\"wp-block-heading\">Resumo<\/h2>\n\n\n\n<p>Oferecer um tratamento de qualidade \u00e9 um trabalho que demanda tempo, empenho e coes\u00e3o de toda a equipe de um consult\u00f3rio\/cl\u00ednica. Em se tratando de pacientes que precisam de um atendimento especial, os cuidados devem ser redobrados, havendo ent\u00e3o a necessidade de uma aten\u00e7\u00e3o maior por parte dos colaboradores da empresa.<\/p>\n\n\n\n<p>A satisfa\u00e7\u00e3o dos pacientes ser\u00e1 fundamental para impulsionar a imagem do consult\u00f3rio\/cl\u00ednica. Desse modo, al\u00e9m do tradicional cuidado, ser\u00e3o contempladas as particularidades de cada paciente, com o intuito de harmonizar os interesses.<\/p>\n\n\n","protected":false},"excerpt":{"rendered":"<p>Proporcionar atendimento preferencial em um consult\u00f3rio\/cl\u00ednica \u00e9 uma tarefa que exige cuidados. Nesse sentido, \u00e9 preciso analisar com aten\u00e7\u00e3o n\u00e3o s\u00f3 os pacientes agendados para o dia e sua ordem de chegada, mas tamb\u00e9m observar aqueles que necessitam de um tratamento especial.<\/p>\n","protected":false},"author":1,"featured_media":18916,"comment_status":"closed","ping_status":"closed","sticky":false,"template":"","format":"standard","meta":{"_kad_blocks_custom_css":"","_kad_blocks_head_custom_js":"","_kad_blocks_body_custom_js":"","_kad_blocks_footer_custom_js":"","_kadence_starter_templates_imported_post":false,"_kad_post_transparent":"","_kad_post_title":"","_kad_post_layout":"","_kad_post_sidebar_id":"","_kad_post_content_style":"","_kad_post_vertical_padding":"","_kad_post_feature":"","_kad_post_feature_position":"","_kad_post_header":false,"_kad_post_footer":false,"footnotes":""},"categories":[412],"tags":[626,789,793,239,791,790,792],"class_list":["post-18902","post","type-post","status-publish","format-standard","has-post-thumbnail","hentry","category-gestao-de-clinicas-e-consultorios","tag-atendimento-preferencial","tag-deficiencia-fisica","tag-imagem-da-clinica","tag-necessidades-especiais","tag-pratica-legal","tag-preferencia","tag-qualidade-dos-servicos"],"yoast_head":"<!-- This site is optimized with the Yoast SEO plugin v27.0 - https:\/\/yoast.com\/product\/yoast-seo-wordpress\/ -->\n<title>Atendimento preferencial: como manter a qualidade? - Blog ProDoctor<\/title>\n<meta name=\"description\" content=\"Disponibilizar o atendimento preferencial \u00e9 fundamental para os pacientes, mas \u00e9 preciso saber por em pr\u00e1tica para que nada saia do controle.\" \/>\n<meta name=\"robots\" content=\"index, follow, max-snippet:-1, max-image-preview:large, max-video-preview:-1\" \/>\n<link rel=\"canonical\" href=\"https:\/\/prodoctor.net\/blog\/atendimento-preferencial-como-manter-a-qualidade\/\" \/>\n<meta property=\"og:locale\" content=\"pt_BR\" \/>\n<meta property=\"og:type\" content=\"article\" \/>\n<meta property=\"og:title\" content=\"Atendimento preferencial: como manter a qualidade? - Blog ProDoctor\" \/>\n<meta property=\"og:description\" content=\"Disponibilizar o atendimento preferencial \u00e9 fundamental para os pacientes, mas \u00e9 preciso saber por em pr\u00e1tica para que nada saia do controle.\" \/>\n<meta property=\"og:url\" content=\"https:\/\/prodoctor.net\/blog\/atendimento-preferencial-como-manter-a-qualidade\/\" \/>\n<meta property=\"og:site_name\" content=\"Blog ProDoctor\" \/>\n<meta property=\"article:publisher\" content=\"https:\/\/www.facebook.com\/prodoctorsoftware\" \/>\n<meta property=\"article:published_time\" content=\"2021-04-28T19:05:18+00:00\" \/>\n<meta property=\"article:modified_time\" content=\"2024-02-28T19:31:17+00:00\" \/>\n<meta property=\"og:image\" content=\"https:\/\/prodoctor.net\/blog\/wp-content\/uploads\/2021\/04\/atendimento-preferencial2-min.jpg\" \/>\n\t<meta property=\"og:image:width\" content=\"770\" \/>\n\t<meta property=\"og:image:height\" content=\"400\" \/>\n\t<meta property=\"og:image:type\" content=\"image\/jpeg\" \/>\n<meta name=\"author\" content=\"ProDoctor Software\" \/>\n<meta name=\"twitter:card\" content=\"summary_large_image\" \/>\n<meta name=\"twitter:creator\" content=\"@prodoctorsoft\" \/>\n<meta name=\"twitter:site\" content=\"@prodoctorsoft\" \/>\n<meta name=\"twitter:label1\" content=\"Escrito por\" \/>\n\t<meta name=\"twitter:data1\" content=\"ProDoctor Software\" \/>\n\t<meta name=\"twitter:label2\" content=\"Est. tempo de leitura\" \/>\n\t<meta name=\"twitter:data2\" content=\"9 minutos\" \/>\n<script type=\"application\/ld+json\" class=\"yoast-schema-graph\">{\"@context\":\"https:\/\/schema.org\",\"@graph\":[{\"@type\":\"Article\",\"@id\":\"https:\/\/prodoctor.net\/blog\/atendimento-preferencial-como-manter-a-qualidade\/#article\",\"isPartOf\":{\"@id\":\"https:\/\/prodoctor.net\/blog\/atendimento-preferencial-como-manter-a-qualidade\/\"},\"author\":{\"name\":\"ProDoctor Software\",\"@id\":\"https:\/\/prodoctor.net\/blog\/#\/schema\/person\/8878914b17cd360e7ec0ddee1ed8c544\"},\"headline\":\"Atendimento preferencial: como manter a qualidade?\",\"datePublished\":\"2021-04-28T19:05:18+00:00\",\"dateModified\":\"2024-02-28T19:31:17+00:00\",\"mainEntityOfPage\":{\"@id\":\"https:\/\/prodoctor.net\/blog\/atendimento-preferencial-como-manter-a-qualidade\/\"},\"wordCount\":1311,\"publisher\":{\"@id\":\"https:\/\/prodoctor.net\/blog\/#organization\"},\"image\":{\"@id\":\"https:\/\/prodoctor.net\/blog\/atendimento-preferencial-como-manter-a-qualidade\/#primaryimage\"},\"thumbnailUrl\":\"https:\/\/prodoctor.net\/blog\/wp-content\/uploads\/2021\/04\/atendimento-preferencial2-min.jpg\",\"keywords\":[\"atendimento preferencial\",\"defici\u00eancia f\u00edsica\",\"imagem da cl\u00ednica\",\"necessidades especiais\",\"pr\u00e1tica legal\",\"prefer\u00eancia\",\"qualidade dos servi\u00e7os\"],\"articleSection\":[\"Gest\u00e3o de Cl\u00ednicas e Consult\u00f3rios\"],\"inLanguage\":\"pt-BR\"},{\"@type\":\"WebPage\",\"@id\":\"https:\/\/prodoctor.net\/blog\/atendimento-preferencial-como-manter-a-qualidade\/\",\"url\":\"https:\/\/prodoctor.net\/blog\/atendimento-preferencial-como-manter-a-qualidade\/\",\"name\":\"Atendimento preferencial: como manter a qualidade? - Blog ProDoctor\",\"isPartOf\":{\"@id\":\"https:\/\/prodoctor.net\/blog\/#website\"},\"primaryImageOfPage\":{\"@id\":\"https:\/\/prodoctor.net\/blog\/atendimento-preferencial-como-manter-a-qualidade\/#primaryimage\"},\"image\":{\"@id\":\"https:\/\/prodoctor.net\/blog\/atendimento-preferencial-como-manter-a-qualidade\/#primaryimage\"},\"thumbnailUrl\":\"https:\/\/prodoctor.net\/blog\/wp-content\/uploads\/2021\/04\/atendimento-preferencial2-min.jpg\",\"datePublished\":\"2021-04-28T19:05:18+00:00\",\"dateModified\":\"2024-02-28T19:31:17+00:00\",\"description\":\"Disponibilizar o atendimento preferencial \u00e9 fundamental para os pacientes, mas \u00e9 preciso saber por em pr\u00e1tica para que nada saia do controle.\",\"breadcrumb\":{\"@id\":\"https:\/\/prodoctor.net\/blog\/atendimento-preferencial-como-manter-a-qualidade\/#breadcrumb\"},\"inLanguage\":\"pt-BR\",\"potentialAction\":[{\"@type\":\"ReadAction\",\"target\":[\"https:\/\/prodoctor.net\/blog\/atendimento-preferencial-como-manter-a-qualidade\/\"]}]},{\"@type\":\"ImageObject\",\"inLanguage\":\"pt-BR\",\"@id\":\"https:\/\/prodoctor.net\/blog\/atendimento-preferencial-como-manter-a-qualidade\/#primaryimage\",\"url\":\"https:\/\/prodoctor.net\/blog\/wp-content\/uploads\/2021\/04\/atendimento-preferencial2-min.jpg\",\"contentUrl\":\"https:\/\/prodoctor.net\/blog\/wp-content\/uploads\/2021\/04\/atendimento-preferencial2-min.jpg\",\"width\":770,\"height\":400,\"caption\":\"atendimento preferencial\"},{\"@type\":\"BreadcrumbList\",\"@id\":\"https:\/\/prodoctor.net\/blog\/atendimento-preferencial-como-manter-a-qualidade\/#breadcrumb\",\"itemListElement\":[{\"@type\":\"ListItem\",\"position\":1,\"name\":\"In\u00edcio\",\"item\":\"https:\/\/prodoctor.net\/blog\/\"},{\"@type\":\"ListItem\",\"position\":2,\"name\":\"Atendimento preferencial: como manter a qualidade?\"}]},{\"@type\":\"WebSite\",\"@id\":\"https:\/\/prodoctor.net\/blog\/#website\",\"url\":\"https:\/\/prodoctor.net\/blog\/\",\"name\":\"Blog ProDoctor\",\"description\":\"Tudo sobre o mundo da Sa\u00fade\",\"publisher\":{\"@id\":\"https:\/\/prodoctor.net\/blog\/#organization\"},\"potentialAction\":[{\"@type\":\"SearchAction\",\"target\":{\"@type\":\"EntryPoint\",\"urlTemplate\":\"https:\/\/prodoctor.net\/blog\/?s={search_term_string}\"},\"query-input\":{\"@type\":\"PropertyValueSpecification\",\"valueRequired\":true,\"valueName\":\"search_term_string\"}}],\"inLanguage\":\"pt-BR\"},{\"@type\":\"Organization\",\"@id\":\"https:\/\/prodoctor.net\/blog\/#organization\",\"name\":\"ProDoctor Software S\/A\",\"url\":\"https:\/\/prodoctor.net\/blog\/\",\"logo\":{\"@type\":\"ImageObject\",\"inLanguage\":\"pt-BR\",\"@id\":\"https:\/\/prodoctor.net\/blog\/#\/schema\/logo\/image\/\",\"url\":\"https:\/\/prodoctor.net\/blog\/wp-content\/uploads\/2017\/01\/Logo_PDo_Lateral.png\",\"contentUrl\":\"https:\/\/prodoctor.net\/blog\/wp-content\/uploads\/2017\/01\/Logo_PDo_Lateral.png\",\"width\":2014,\"height\":485,\"caption\":\"ProDoctor Software S\/A\"},\"image\":{\"@id\":\"https:\/\/prodoctor.net\/blog\/#\/schema\/logo\/image\/\"},\"sameAs\":[\"https:\/\/www.facebook.com\/prodoctorsoftware\",\"https:\/\/x.com\/prodoctorsoft\",\"https:\/\/www.instagram.com\/prodoctorsoftware\/\",\"https:\/\/www.linkedin.com\/company\/prodoctor-software-ltda\",\"https:\/\/www.youtube.com\/channel\/UCIWuDLsVtIpX-PEqQn1pNlw\"]},{\"@type\":\"Person\",\"@id\":\"https:\/\/prodoctor.net\/blog\/#\/schema\/person\/8878914b17cd360e7ec0ddee1ed8c544\",\"name\":\"ProDoctor Software\",\"image\":{\"@type\":\"ImageObject\",\"inLanguage\":\"pt-BR\",\"@id\":\"https:\/\/prodoctor.net\/blog\/#\/schema\/person\/image\/\",\"url\":\"https:\/\/secure.gravatar.com\/avatar\/a67bdb10f2e6695f7ae356a84deeaf10b545567f0ac054e9bfe8ec56e86317ec?s=96&d=mm&r=g\",\"contentUrl\":\"https:\/\/secure.gravatar.com\/avatar\/a67bdb10f2e6695f7ae356a84deeaf10b545567f0ac054e9bfe8ec56e86317ec?s=96&d=mm&r=g\",\"caption\":\"ProDoctor Software\"},\"sameAs\":[\"http:\/\/prodoctor.net\",\"https:\/\/x.com\/prodoctorsoft\"]}]}<\/script>\n<!-- \/ Yoast SEO plugin. -->","yoast_head_json":{"title":"Atendimento preferencial: como manter a qualidade? - Blog ProDoctor","description":"Disponibilizar o atendimento preferencial \u00e9 fundamental para os pacientes, mas \u00e9 preciso saber por em pr\u00e1tica para que nada saia do controle.","robots":{"index":"index","follow":"follow","max-snippet":"max-snippet:-1","max-image-preview":"max-image-preview:large","max-video-preview":"max-video-preview:-1"},"canonical":"https:\/\/prodoctor.net\/blog\/atendimento-preferencial-como-manter-a-qualidade\/","og_locale":"pt_BR","og_type":"article","og_title":"Atendimento preferencial: como manter a qualidade? - Blog ProDoctor","og_description":"Disponibilizar o atendimento preferencial \u00e9 fundamental para os pacientes, mas \u00e9 preciso saber por em pr\u00e1tica para que nada saia do controle.","og_url":"https:\/\/prodoctor.net\/blog\/atendimento-preferencial-como-manter-a-qualidade\/","og_site_name":"Blog ProDoctor","article_publisher":"https:\/\/www.facebook.com\/prodoctorsoftware","article_published_time":"2021-04-28T19:05:18+00:00","article_modified_time":"2024-02-28T19:31:17+00:00","og_image":[{"width":770,"height":400,"url":"https:\/\/prodoctor.net\/blog\/wp-content\/uploads\/2021\/04\/atendimento-preferencial2-min.jpg","type":"image\/jpeg"}],"author":"ProDoctor Software","twitter_card":"summary_large_image","twitter_creator":"@prodoctorsoft","twitter_site":"@prodoctorsoft","twitter_misc":{"Escrito por":"ProDoctor Software","Est. tempo de leitura":"9 minutos"},"schema":{"@context":"https:\/\/schema.org","@graph":[{"@type":"Article","@id":"https:\/\/prodoctor.net\/blog\/atendimento-preferencial-como-manter-a-qualidade\/#article","isPartOf":{"@id":"https:\/\/prodoctor.net\/blog\/atendimento-preferencial-como-manter-a-qualidade\/"},"author":{"name":"ProDoctor Software","@id":"https:\/\/prodoctor.net\/blog\/#\/schema\/person\/8878914b17cd360e7ec0ddee1ed8c544"},"headline":"Atendimento preferencial: como manter a qualidade?","datePublished":"2021-04-28T19:05:18+00:00","dateModified":"2024-02-28T19:31:17+00:00","mainEntityOfPage":{"@id":"https:\/\/prodoctor.net\/blog\/atendimento-preferencial-como-manter-a-qualidade\/"},"wordCount":1311,"publisher":{"@id":"https:\/\/prodoctor.net\/blog\/#organization"},"image":{"@id":"https:\/\/prodoctor.net\/blog\/atendimento-preferencial-como-manter-a-qualidade\/#primaryimage"},"thumbnailUrl":"https:\/\/prodoctor.net\/blog\/wp-content\/uploads\/2021\/04\/atendimento-preferencial2-min.jpg","keywords":["atendimento preferencial","defici\u00eancia f\u00edsica","imagem da cl\u00ednica","necessidades especiais","pr\u00e1tica legal","prefer\u00eancia","qualidade dos servi\u00e7os"],"articleSection":["Gest\u00e3o de Cl\u00ednicas e Consult\u00f3rios"],"inLanguage":"pt-BR"},{"@type":"WebPage","@id":"https:\/\/prodoctor.net\/blog\/atendimento-preferencial-como-manter-a-qualidade\/","url":"https:\/\/prodoctor.net\/blog\/atendimento-preferencial-como-manter-a-qualidade\/","name":"Atendimento preferencial: como manter a qualidade? - Blog ProDoctor","isPartOf":{"@id":"https:\/\/prodoctor.net\/blog\/#website"},"primaryImageOfPage":{"@id":"https:\/\/prodoctor.net\/blog\/atendimento-preferencial-como-manter-a-qualidade\/#primaryimage"},"image":{"@id":"https:\/\/prodoctor.net\/blog\/atendimento-preferencial-como-manter-a-qualidade\/#primaryimage"},"thumbnailUrl":"https:\/\/prodoctor.net\/blog\/wp-content\/uploads\/2021\/04\/atendimento-preferencial2-min.jpg","datePublished":"2021-04-28T19:05:18+00:00","dateModified":"2024-02-28T19:31:17+00:00","description":"Disponibilizar o atendimento preferencial \u00e9 fundamental para os pacientes, mas \u00e9 preciso saber por em pr\u00e1tica para que nada saia do controle.","breadcrumb":{"@id":"https:\/\/prodoctor.net\/blog\/atendimento-preferencial-como-manter-a-qualidade\/#breadcrumb"},"inLanguage":"pt-BR","potentialAction":[{"@type":"ReadAction","target":["https:\/\/prodoctor.net\/blog\/atendimento-preferencial-como-manter-a-qualidade\/"]}]},{"@type":"ImageObject","inLanguage":"pt-BR","@id":"https:\/\/prodoctor.net\/blog\/atendimento-preferencial-como-manter-a-qualidade\/#primaryimage","url":"https:\/\/prodoctor.net\/blog\/wp-content\/uploads\/2021\/04\/atendimento-preferencial2-min.jpg","contentUrl":"https:\/\/prodoctor.net\/blog\/wp-content\/uploads\/2021\/04\/atendimento-preferencial2-min.jpg","width":770,"height":400,"caption":"atendimento preferencial"},{"@type":"BreadcrumbList","@id":"https:\/\/prodoctor.net\/blog\/atendimento-preferencial-como-manter-a-qualidade\/#breadcrumb","itemListElement":[{"@type":"ListItem","position":1,"name":"In\u00edcio","item":"https:\/\/prodoctor.net\/blog\/"},{"@type":"ListItem","position":2,"name":"Atendimento preferencial: como manter a qualidade?"}]},{"@type":"WebSite","@id":"https:\/\/prodoctor.net\/blog\/#website","url":"https:\/\/prodoctor.net\/blog\/","name":"Blog ProDoctor","description":"Tudo sobre o mundo da Sa\u00fade","publisher":{"@id":"https:\/\/prodoctor.net\/blog\/#organization"},"potentialAction":[{"@type":"SearchAction","target":{"@type":"EntryPoint","urlTemplate":"https:\/\/prodoctor.net\/blog\/?s={search_term_string}"},"query-input":{"@type":"PropertyValueSpecification","valueRequired":true,"valueName":"search_term_string"}}],"inLanguage":"pt-BR"},{"@type":"Organization","@id":"https:\/\/prodoctor.net\/blog\/#organization","name":"ProDoctor Software S\/A","url":"https:\/\/prodoctor.net\/blog\/","logo":{"@type":"ImageObject","inLanguage":"pt-BR","@id":"https:\/\/prodoctor.net\/blog\/#\/schema\/logo\/image\/","url":"https:\/\/prodoctor.net\/blog\/wp-content\/uploads\/2017\/01\/Logo_PDo_Lateral.png","contentUrl":"https:\/\/prodoctor.net\/blog\/wp-content\/uploads\/2017\/01\/Logo_PDo_Lateral.png","width":2014,"height":485,"caption":"ProDoctor Software S\/A"},"image":{"@id":"https:\/\/prodoctor.net\/blog\/#\/schema\/logo\/image\/"},"sameAs":["https:\/\/www.facebook.com\/prodoctorsoftware","https:\/\/x.com\/prodoctorsoft","https:\/\/www.instagram.com\/prodoctorsoftware\/","https:\/\/www.linkedin.com\/company\/prodoctor-software-ltda","https:\/\/www.youtube.com\/channel\/UCIWuDLsVtIpX-PEqQn1pNlw"]},{"@type":"Person","@id":"https:\/\/prodoctor.net\/blog\/#\/schema\/person\/8878914b17cd360e7ec0ddee1ed8c544","name":"ProDoctor Software","image":{"@type":"ImageObject","inLanguage":"pt-BR","@id":"https:\/\/prodoctor.net\/blog\/#\/schema\/person\/image\/","url":"https:\/\/secure.gravatar.com\/avatar\/a67bdb10f2e6695f7ae356a84deeaf10b545567f0ac054e9bfe8ec56e86317ec?s=96&d=mm&r=g","contentUrl":"https:\/\/secure.gravatar.com\/avatar\/a67bdb10f2e6695f7ae356a84deeaf10b545567f0ac054e9bfe8ec56e86317ec?s=96&d=mm&r=g","caption":"ProDoctor Software"},"sameAs":["http:\/\/prodoctor.net","https:\/\/x.com\/prodoctorsoft"]}]}},"taxonomy_info":{"category":[{"value":412,"label":"Gest\u00e3o de Cl\u00ednicas e Consult\u00f3rios"}],"post_tag":[{"value":626,"label":"atendimento preferencial"},{"value":789,"label":"defici\u00eancia f\u00edsica"},{"value":793,"label":"imagem da cl\u00ednica"},{"value":239,"label":"necessidades especiais"},{"value":791,"label":"pr\u00e1tica legal"},{"value":790,"label":"prefer\u00eancia"},{"value":792,"label":"qualidade dos servi\u00e7os"}]},"featured_image_src_large":["https:\/\/prodoctor.net\/blog\/wp-content\/uploads\/2021\/04\/atendimento-preferencial2-min.jpg",770,400,false],"author_info":{"display_name":"ProDoctor Software","author_link":"https:\/\/prodoctor.net\/blog\/author\/redesocialprodoctor-net\/"},"comment_info":0,"category_info":[{"term_id":412,"name":"Gest\u00e3o de Cl\u00ednicas e Consult\u00f3rios","slug":"gestao-de-clinicas-e-consultorios","term_group":0,"term_taxonomy_id":412,"taxonomy":"category","description":"","parent":0,"count":293,"filter":"raw","cat_ID":412,"category_count":293,"category_description":"","cat_name":"Gest\u00e3o de Cl\u00ednicas e Consult\u00f3rios","category_nicename":"gestao-de-clinicas-e-consultorios","category_parent":0}],"tag_info":[{"term_id":626,"name":"atendimento preferencial","slug":"atendimento-preferencial","term_group":0,"term_taxonomy_id":626,"taxonomy":"post_tag","description":"","parent":0,"count":2,"filter":"raw"},{"term_id":789,"name":"defici\u00eancia f\u00edsica","slug":"deficiencia-fisica","term_group":0,"term_taxonomy_id":789,"taxonomy":"post_tag","description":"","parent":0,"count":1,"filter":"raw"},{"term_id":793,"name":"imagem da cl\u00ednica","slug":"imagem-da-clinica","term_group":0,"term_taxonomy_id":793,"taxonomy":"post_tag","description":"","parent":0,"count":1,"filter":"raw"},{"term_id":239,"name":"necessidades especiais","slug":"necessidades-especiais","term_group":0,"term_taxonomy_id":242,"taxonomy":"post_tag","description":"","parent":0,"count":2,"filter":"raw"},{"term_id":791,"name":"pr\u00e1tica legal","slug":"pratica-legal","term_group":0,"term_taxonomy_id":791,"taxonomy":"post_tag","description":"","parent":0,"count":1,"filter":"raw"},{"term_id":790,"name":"prefer\u00eancia","slug":"preferencia","term_group":0,"term_taxonomy_id":790,"taxonomy":"post_tag","description":"","parent":0,"count":1,"filter":"raw"},{"term_id":792,"name":"qualidade dos servi\u00e7os","slug":"qualidade-dos-servicos","term_group":0,"term_taxonomy_id":792,"taxonomy":"post_tag","description":"","parent":0,"count":1,"filter":"raw"}],"_links":{"self":[{"href":"https:\/\/prodoctor.net\/blog\/wp-json\/wp\/v2\/posts\/18902","targetHints":{"allow":["GET"]}}],"collection":[{"href":"https:\/\/prodoctor.net\/blog\/wp-json\/wp\/v2\/posts"}],"about":[{"href":"https:\/\/prodoctor.net\/blog\/wp-json\/wp\/v2\/types\/post"}],"author":[{"embeddable":true,"href":"https:\/\/prodoctor.net\/blog\/wp-json\/wp\/v2\/users\/1"}],"replies":[{"embeddable":true,"href":"https:\/\/prodoctor.net\/blog\/wp-json\/wp\/v2\/comments?post=18902"}],"version-history":[{"count":8,"href":"https:\/\/prodoctor.net\/blog\/wp-json\/wp\/v2\/posts\/18902\/revisions"}],"predecessor-version":[{"id":28328,"href":"https:\/\/prodoctor.net\/blog\/wp-json\/wp\/v2\/posts\/18902\/revisions\/28328"}],"wp:featuredmedia":[{"embeddable":true,"href":"https:\/\/prodoctor.net\/blog\/wp-json\/wp\/v2\/media\/18916"}],"wp:attachment":[{"href":"https:\/\/prodoctor.net\/blog\/wp-json\/wp\/v2\/media?parent=18902"}],"wp:term":[{"taxonomy":"category","embeddable":true,"href":"https:\/\/prodoctor.net\/blog\/wp-json\/wp\/v2\/categories?post=18902"},{"taxonomy":"post_tag","embeddable":true,"href":"https:\/\/prodoctor.net\/blog\/wp-json\/wp\/v2\/tags?post=18902"}],"curies":[{"name":"wp","href":"https:\/\/api.w.org\/{rel}","templated":true}]}}