{"id":18424,"date":"2021-03-05T13:38:39","date_gmt":"2021-03-05T16:38:39","guid":{"rendered":"https:\/\/prodoctor.net\/blog\/?p=18424"},"modified":"2024-02-28T17:23:02","modified_gmt":"2024-02-28T20:23:02","slug":"um-ano-de-quarentena-na-prodoctor","status":"publish","type":"post","link":"https:\/\/prodoctor.net\/blog\/um-ano-de-quarentena-na-prodoctor\/","title":{"rendered":"Um ano de quarentena na ProDoctor"},"content":{"rendered":"\n<p>Um ano de quarentena. Assim que o Brasil confirmou oficialmente o primeiro caso de <a href=\"https:\/\/bit.ly\/2Oe0ohi\" target=\"_blank\" rel=\"noreferrer noopener\"><strong>Coronav\u00edrus<\/strong><\/a>, foi ligado o sinal de alerta na <a href=\"https:\/\/prodoctor.net\/\" target=\"_blank\" rel=\"noreferrer noopener\"><strong>ProDoctor Software<\/strong><\/a>. Ao longo desse per\u00edodo, a pandemia do SARS-CoV-2 provocou transforma\u00e7\u00f5es profundas n\u00e3o apenas nas pessoas e na sociedade brasileira, mas em todo o planeta.<\/p>\n\n\n\n<p>Empresas em todo o mundo come\u00e7aram a estudar estrat\u00e9gias para continuar seu trabalho, ao mesmo tempo em que adotavam protocolos de seguran\u00e7a conforme suas estruturas. Com o intuito de resguardar a sa\u00fade de seus colaboradores e clientes, entrou em cena o home office.<\/p>\n\n\n\n<p>Na ProDoctor Software n\u00e3o foi diferente. Assim que a nova realidade se instalou, a empresa se adequou, com todos os funcion\u00e1rios desempenhando suas fun\u00e7\u00f5es em suas respectivas casas. Decorrido um ano de quarentena, o trabalho da ProDoctor Software n\u00e3o apenas continuou sem sofrer interrup\u00e7\u00e3o, como tamb\u00e9m apresentou grandes novidades para seus clientes.<\/p>\n\n\n\n<p>A seguir, confira como foi iniciado e se desenvolveu o processo para vencer um ano de quarentena.<\/p>\n\n\n\n<hr class=\"wp-block-separator has-css-opacity\"\/>\n\n\n\n<h2 class=\"wp-block-heading\">Um ano de quarentena. Como come\u00e7ou?<\/h2>\n\n\n\n<figure class=\"wp-block-image size-large\"><a href=\"https:\/\/prodoctor.net\/blog\/wp-content\/uploads\/2020\/04\/coronav\u00edrus-2-min.jpg\"><img decoding=\"async\" width=\"770\" height=\"250\" src=\"https:\/\/prodoctor.net\/blog\/wp-content\/uploads\/2020\/04\/coronav\u00edrus-2-min.jpg\" alt=\"um ano de coronav\u00edrus\" class=\"wp-image-15447\"\/><\/a><\/figure>\n\n\n\n<p>Depois que enfrentou uma s\u00e9rie de cr\u00edticas, no dia 11 de mar\u00e7o de 2020 a <strong><a href=\"https:\/\/bit.ly\/2K7LSpr\" target=\"_blank\" rel=\"noreferrer noopener\">Organiza\u00e7\u00e3o Mundial da Sa\u00fade (OMS)<\/a><\/strong>&nbsp;declarou a&nbsp;<strong><a href=\"https:\/\/glo.bo\/3dZf26P\" target=\"_blank\" rel=\"noreferrer noopener\">pandemia de Covid-19<\/a><\/strong>. Ao mesmo tempo, os n\u00fameros atestavam: 118 mil casos em 114 pa\u00edses, com 4.291 mortes. A informa\u00e7\u00e3o foi confirmada pelo diretor-geral da entidade, Tedros Adhanom Ghebreyesus, durante a coletiva de imprensa.<\/p>\n\n\n\n<p>No Brasil, a primeira v\u00edtima fatal da Covid-19 foi reconhecida no dia 17 de mar\u00e7o, em S\u00e3o Paulo: um senhor de 62 anos. Ent\u00e3o, a gravidade da situa\u00e7\u00e3o foi entendida e a grande quest\u00e3o envolvendo os meios de produ\u00e7\u00e3o e a classe empresarial passou a ser como enfrentar a necessidade do isolamento social, mantendo os neg\u00f3cios e assegurando o emprego de seus funcion\u00e1rios.<\/p>\n\n\n\n<h2 class=\"wp-block-heading\">Planos e trabalho<\/h2>\n\n\n\n<figure class=\"wp-block-image size-large\"><a href=\"https:\/\/prodoctor.net\/blog\/wp-content\/uploads\/2020\/05\/o-coronavirus-e-a-relacao-medico-paciente-3-min.png\"><img decoding=\"async\" width=\"770\" height=\"250\" src=\"https:\/\/prodoctor.net\/blog\/wp-content\/uploads\/2020\/05\/o-coronavirus-e-a-relacao-medico-paciente-3-min.png\" alt=\"o coronavirus e a relacao medico paciente\" class=\"wp-image-15911\" srcset=\"https:\/\/prodoctor.net\/blog\/wp-content\/uploads\/2020\/05\/o-coronavirus-e-a-relacao-medico-paciente-3-min.png 770w, https:\/\/prodoctor.net\/blog\/wp-content\/uploads\/2020\/05\/o-coronavirus-e-a-relacao-medico-paciente-3-min-300x97.png 300w, https:\/\/prodoctor.net\/blog\/wp-content\/uploads\/2020\/05\/o-coronavirus-e-a-relacao-medico-paciente-3-min-768x249.png 768w\" sizes=\"(max-width: 770px) 100vw, 770px\" \/><\/a><\/figure>\n\n\n\n<p>Antes de mais nada, a ProDoctor criou uma equipe multidisciplinar, reunida no&nbsp;<strong>Comit\u00ea de Avalia\u00e7\u00e3o dos Impactos da Pandemia<\/strong>. Como resultado, foram definidas e estabelecidas a\u00e7\u00f5es para enfrentar as dificuldades e colocar em curso uma estrat\u00e9gia segura e capaz de proporcionar aos profissionais tranquilidade para desempenhar suas fun\u00e7\u00f5es.<\/p>\n\n\n\n<p>Primeiramente, o&nbsp;<strong>Comit\u00ea de Avalia\u00e7\u00e3o dos Impactos da Pandemia<\/strong>&nbsp;criou um Plano de Contingenciamento, com o intuito de resguardar clientes e colaboradores. Assim, toda a equipe ProDoctor mergulhou em um trabalho que, em tempo \u00e1gil, estabeleceu condi\u00e7\u00f5es ideais para que toda a estrutura da empresa fosse transferida para o trabalho remoto.<\/p>\n\n\n\n<p>Isso, de tal forma que n\u00e3o provocasse transtornos na rotina dos usu\u00e1rios das solu\u00e7\u00f5es ProDoctor. N\u00e3o s\u00f3 na nuvem, bem como em servidor local.<\/p>\n\n\n\n<p>Al\u00e9m disso, foi realizada uma ampla campanha informativa junto aos funcion\u00e1rios, contendo dicas e procedimentos para evitar a circula\u00e7\u00e3o do v\u00edrus tanto no ambiente de trabalho, quanto em casa e com a fam\u00edlia. Desse modo, todos receberam uma grande carga informativa, pontuada pela corre\u00e7\u00e3o e pela confiabilidade.<\/p>\n\n\n\n<h3 class=\"wp-block-heading\">Informa\u00e7\u00f5es corretas<\/h3>\n\n\n\n<p>Nesse um ano de quarentena, a ProDoctor sempre acreditou que a informa\u00e7\u00e3o correta \u00e9 a melhor forma de combater o coronav\u00edrus e a COVID-19. Dessa maneira, foi criado um <strong><a href=\"https:\/\/bit.ly\/3kGyUgl\" target=\"_blank\" rel=\"noreferrer noopener\">site<\/a><\/strong> com as principais informa\u00e7\u00f5es acerca da enfermidade. Tudo de uma forma simples e atrativa.<\/p>\n\n\n\n<h2 class=\"wp-block-heading\">Home office: um ano de quarentena e de trabalho<\/h2>\n\n\n\n<figure class=\"wp-block-image size-large\"><a href=\"https:\/\/prodoctor.net\/blog\/wp-content\/uploads\/2020\/05\/cuidados-paliativos-em-tempos-de-coronavirus-7-min.jpg\"><img decoding=\"async\" width=\"771\" height=\"250\" src=\"https:\/\/prodoctor.net\/blog\/wp-content\/uploads\/2020\/05\/cuidados-paliativos-em-tempos-de-coronavirus-7-min.jpg\" alt=\"cuidados paliativos em tempos de coronav\u00edrus\" class=\"wp-image-16100\" srcset=\"https:\/\/prodoctor.net\/blog\/wp-content\/uploads\/2020\/05\/cuidados-paliativos-em-tempos-de-coronavirus-7-min.jpg 771w, https:\/\/prodoctor.net\/blog\/wp-content\/uploads\/2020\/05\/cuidados-paliativos-em-tempos-de-coronavirus-7-min-300x97.jpg 300w, https:\/\/prodoctor.net\/blog\/wp-content\/uploads\/2020\/05\/cuidados-paliativos-em-tempos-de-coronavirus-7-min-768x249.jpg 768w\" sizes=\"(max-width: 771px) 100vw, 771px\" \/><\/a><\/figure>\n\n\n\n<p>A gravidade do quadro de sa\u00fade mundial, com os casos de contamina\u00e7\u00e3o crescendo assustadoramente no Brasil, levou a ProDoctor a adotar o home office, algo j\u00e1 previsto no plano de contingenciamento. Assim, a mudan\u00e7a para a nova forma de atendimento foi realizada de maneira tranquila. <\/p>\n\n\n\n<p>Como resultado, todo o trabalho desenvolvido na sede f\u00edsica da empresa, desde o suporte at\u00e9 a equipe de vendas, permaneceu funcionando normalmente. Portanto, sem atropelos e evitando qualquer tipo de necessidade de adapta\u00e7\u00e3o por parte dos clientes.<\/p>\n\n\n\n<p>Al\u00e9m disso, todos os canais de atendimento continuaram os mesmos, inclusive os de telefone. Mesmo com o trabalho remoto, com cada colaborador desempenhando as fun\u00e7\u00f5es em sua respectiva resid\u00eancia, nada alterou o padr\u00e3o de qualidade na oferta dos servi\u00e7os.<\/p>\n\n\n\n<p>Assim, a ProDoctor permanece, um ano depois, se dedicando 100% \u00e0 excel\u00eancia.<\/p>\n\n\n\n<h2 class=\"wp-block-heading\">Telemedicina: Como aderir?<\/h2>\n\n\n\n<figure class=\"wp-block-image size-large\"><a href=\"https:\/\/prodoctor.net\/blog\/wp-content\/uploads\/2015\/11\/beneficios-da-telemedicina5-min.jpg\"><img decoding=\"async\" width=\"770\" height=\"250\" src=\"https:\/\/prodoctor.net\/blog\/wp-content\/uploads\/2015\/11\/beneficios-da-telemedicina5-min.jpg\" alt=\"telemedicina\" class=\"wp-image-14167\" srcset=\"https:\/\/prodoctor.net\/blog\/wp-content\/uploads\/2015\/11\/beneficios-da-telemedicina5-min.jpg 770w, https:\/\/prodoctor.net\/blog\/wp-content\/uploads\/2015\/11\/beneficios-da-telemedicina5-min-300x97.jpg 300w, https:\/\/prodoctor.net\/blog\/wp-content\/uploads\/2015\/11\/beneficios-da-telemedicina5-min-768x249.jpg 768w\" sizes=\"(max-width: 770px) 100vw, 770px\" \/><\/a><\/figure>\n\n\n\n<p>Al\u00e9m da preocupa\u00e7\u00e3o constante em estar ao lado e apoiar seus clientes, a ProDoctor continua desenvolvendo a\u00e7\u00f5es para influenciar positivamente na rotina de todos os profissionais da Sa\u00fade.<\/p>\n\n\n\n<p>\u00c9 importante relembrar que antes da pandemia, a Telemedicina j\u00e1 era utilizada para chegar a lugares remotos. Todavia, sua utiliza\u00e7\u00e3o foi regulamentada em mar\u00e7o de 2020, quando o&nbsp;<a href=\"https:\/\/bit.ly\/3q7QryX\" target=\"_blank\" rel=\"noreferrer noopener\"><strong>Conselho Federal de Medicina<\/strong>&nbsp;<strong>(CFM)<\/strong><\/a> e o&nbsp;<strong><a href=\"https:\/\/bit.ly\/3r5prS9\" target=\"_blank\" rel=\"noreferrer noopener\">Minist\u00e9rio da Sa\u00fade&nbsp;(MinS)<\/a><\/strong> deram sua autoriza\u00e7\u00e3o atrav\u00e9s da&nbsp;<strong><a href=\"https:\/\/bit.ly\/3qatKua\" target=\"_blank\" rel=\"noreferrer noopener\">Portaria n\u00ba467<\/a><\/strong>, a fim de assegurar remotamente o atendimento m\u00e9dico \u00e0 popula\u00e7\u00e3o em geral.<\/p>\n\n\n\n<p>A Telemedicina \u00e9 uma modalidade usada para atendimento pr\u00e9-cl\u00ednico, de suporte assistencial, de consulta, monitoramento e diagn\u00f3stico no <strong><a href=\"https:\/\/bit.ly\/3rc7vW6\" target=\"_blank\" rel=\"noreferrer noopener\">Sistema \u00danico de Sa\u00fade (SUS)<\/a><\/strong>, bem como na Sa\u00fade suplementar e privada.<\/p>\n\n\n\n<p>O atendimento m\u00e9dico a dist\u00e2ncia pode ser feito diretamente entre m\u00e9dicos e pacientes, atrav\u00e9s de Tecnologias da Informa\u00e7\u00e3o e Comunica\u00e7\u00e3o que garantem a integridade, seguran\u00e7a e o sigilo de informa\u00e7\u00f5es.<\/p>\n\n\n\n<h2 class=\"wp-block-heading\">Assinatura Digital<\/h2>\n\n\n\n<figure class=\"wp-block-image size-large\"><a href=\"https:\/\/prodoctor.net\/blog\/wp-content\/uploads\/2020\/07\/assinatura-digital.png\"><img decoding=\"async\" width=\"768\" height=\"249\" src=\"https:\/\/prodoctor.net\/blog\/wp-content\/uploads\/2020\/07\/assinatura-digital.png\" alt=\"\" class=\"wp-image-16460\" srcset=\"https:\/\/prodoctor.net\/blog\/wp-content\/uploads\/2020\/07\/assinatura-digital.png 768w, https:\/\/prodoctor.net\/blog\/wp-content\/uploads\/2020\/07\/assinatura-digital-300x97.png 300w\" sizes=\"(max-width: 768px) 100vw, 768px\" \/><\/a><\/figure>\n\n\n\n<p>Sem d\u00favida, a Assinatura Digital n\u00e3o \u00e9 novidade. Contudo, com a regulamenta\u00e7\u00e3o e a expans\u00e3o da Telemedicina, que passou a contar com softwares que a disponibilizam, tornou-se uma necessidade. Ent\u00e3o, a preocupa\u00e7\u00e3o passou a ser a cria\u00e7\u00e3o de mecanismos de seguran\u00e7a, a fim de que n\u00e3o s\u00f3 o m\u00e9dico, como tamb\u00e9m o paciente possam ter mais confian\u00e7a nos atendimentos remotos.<\/p>\n\n\n\n<p>O atendimento n\u00e3o presencial inclui receitas e atestados m\u00e9dicos e exige um cuidado especial. Todos os documentos precisam ter a Assinatura Digital, atrav\u00e9s de certificados e chaves emitidos pela Infraestrutura de Chaves P\u00fablicas Brasileira (ICP-Brasil), tudo para a identifica\u00e7\u00e3o do profissional m\u00e9dico e do conte\u00fado dos respectivos registros.<\/p>\n\n\n\n<p>Assim, a Assinatura Digital ganhou maior destaque. Por isso, a ProDoctor Software elaborou um <strong><a href=\"https:\/\/bit.ly\/3bU2c75\" target=\"_blank\" rel=\"noreferrer noopener\">passo a passo<\/a><\/strong> para que voc\u00ea aprenda como faz\u00ea-la.<\/p>\n\n\n\n<h2 class=\"wp-block-heading\">Treinamento gratuito<\/h2>\n\n\n\n<figure class=\"wp-block-image size-large\"><a href=\"https:\/\/prodoctor.net\/blog\/wp-content\/uploads\/2021\/02\/especialidades-medicas-do-futuro-2-min.jpg\"><img decoding=\"async\" width=\"772\" height=\"250\" src=\"https:\/\/prodoctor.net\/blog\/wp-content\/uploads\/2021\/02\/especialidades-medicas-do-futuro-2-min.jpg\" alt=\"um ano de quarentena\" class=\"wp-image-18402\" srcset=\"https:\/\/prodoctor.net\/blog\/wp-content\/uploads\/2021\/02\/especialidades-medicas-do-futuro-2-min.jpg 772w, https:\/\/prodoctor.net\/blog\/wp-content\/uploads\/2021\/02\/especialidades-medicas-do-futuro-2-min-300x97.jpg 300w, https:\/\/prodoctor.net\/blog\/wp-content\/uploads\/2021\/02\/especialidades-medicas-do-futuro-2-min-768x249.jpg 768w\" sizes=\"(max-width: 772px) 100vw, 772px\" \/><\/a><\/figure>\n\n\n\n<p>Com a consci\u00eancia da gravidade daquele momento, a ProDoctor pensou em como ajudar seus usu\u00e1rios a estar em dia e utilizar todos os recursos disponibilizados por suas solu\u00e7\u00f5es. Por isso, nossos treinamentos foram oferecidos gratuitamente at\u00e9 agosto de 2020.<\/p>\n\n\n\n<h2 class=\"wp-block-heading\">Materiais educativos<\/h2>\n\n\n\n<p>Al\u00e9m disso, foram disponibilizadas in\u00fameras alternativas para que os m\u00e9dicos utilizem o per\u00edodo de quarentena para se desenvolver. Confira os&nbsp;materiais educativos&nbsp;criados pela equipe ProDoctor.<\/p>\n\n\n\n<div class=\"wp-block-buttons is-horizontal is-content-justification-center is-layout-flex wp-container-core-buttons-is-layout-499968f5 wp-block-buttons-is-layout-flex\">\n<div class=\"wp-block-button\"><a class=\"wp-block-button__link has-luminous-vivid-orange-to-vivid-red-gradient-background has-background wp-element-button\" href=\"https:\/\/prodoctor.net\/blog\/materiais-diversos\/\" target=\"_blank\" rel=\"noreferrer noopener\">Acessar materiais gratuitos<\/a><\/div>\n<\/div>\n\n\n\n<p>Todos s\u00e3o gratuitos e proporcionam a oportunidade n\u00e3o s\u00f3 de aprofundar seus conhecimentos sobre gest\u00e3o e tecnologia, mas tamb\u00e9m encontrar e-books voltados para o entretenimento.<\/p>\n\n\n\n<h2 class=\"wp-block-heading\">Desenvolvimento de novas solu\u00e7\u00f5es<\/h2>\n\n\n\n<figure class=\"wp-block-image size-large\"><a href=\"https:\/\/prodoctor.net\/blog\/wp-content\/uploads\/2021\/02\/especialidades-medicas-do-futuro-5-min.jpg\"><img decoding=\"async\" width=\"769\" height=\"250\" src=\"https:\/\/prodoctor.net\/blog\/wp-content\/uploads\/2021\/02\/especialidades-medicas-do-futuro-5-min.jpg\" alt=\"especialidades m\u00e9dicas do futuro\" class=\"wp-image-18407\" srcset=\"https:\/\/prodoctor.net\/blog\/wp-content\/uploads\/2021\/02\/especialidades-medicas-do-futuro-5-min.jpg 769w, https:\/\/prodoctor.net\/blog\/wp-content\/uploads\/2021\/02\/especialidades-medicas-do-futuro-5-min-300x98.jpg 300w\" sizes=\"(max-width: 769px) 100vw, 769px\" \/><\/a><\/figure>\n\n\n\n<p>A ProDoctor n\u00e3o para. Durante todo esse per\u00edodo, a equipe de Desenvolvimento tem trabalhado com afinco, com o prop\u00f3sito de encontrar novidades e criar funcionalidades realmente capazes de fazer a diferen\u00e7a nas cl\u00ednicas e consult\u00f3rios.<\/p>\n\n\n\n<p>S\u00f3 para exemplificar: o novo <strong><a href=\"https:\/\/prodoctor.net\/cloud\" target=\"_blank\" rel=\"noreferrer noopener\">ProDoctor Cloud<\/a><\/strong>, software de gest\u00e3o m\u00e9dico na nuvem que estreita os la\u00e7os entre os profissionais da Sa\u00fade e a tecnologia.<\/p>\n\n\n\n<p>Ele traz consigo a garantia do desenvolvimento cont\u00ednuo, pois temos uma equipe com foco total nas novidades da tecnologia, no Brasil e no Mundo.<\/p>\n\n\n\n<p>Por fim, contamos com o Prontu\u00e1rio Eletr\u00f4nico do Paciente (PEP), assinado digitalmente, assinatura de impressos, com QR Code, faturamento b\u00e1sico com a guia &#8220;Outras Despesas&#8221; dispon\u00edvel, confirma\u00e7\u00e3o de consultas com WhatsApp e muito mais.<\/p>\n\n\n\n<p><\/p>\n\n\n\n<h2 class=\"wp-block-heading\">Resumo<\/h2>\n\n\n\n<p>Nossa resposta \u00e0s dificuldades impostas pela pandemia est\u00e1 no trabalho di\u00e1rio. A ProDoctor Software mant\u00e9m de p\u00e9 sua disposi\u00e7\u00e3o em enfrentar os desafios. Dessa maneira, reafirmamos nossa compet\u00eancia para criar solu\u00e7\u00f5es cada vez melhores e a fazer mais. Tanto para os m\u00e9dicos e seus pacientes quanto pela Sa\u00fade.<\/p>\n\n\n","protected":false},"excerpt":{"rendered":"<p>Um ano de quarentena. Assim que o Brasil confirmou oficialmente o primeiro caso de Coronav\u00edrus, foi ligado o sinal de alerta na ProDoctor Software. Ao longo desse per\u00edodo, a pandemia do SARS-CoV-2 provocou transforma\u00e7\u00f5es profundas n\u00e3o apenas nas pessoas e na sociedade brasileira, mas em todo o planeta.<\/p>\n","protected":false},"author":1,"featured_media":18481,"comment_status":"closed","ping_status":"closed","sticky":false,"template":"","format":"standard","meta":{"_kad_blocks_custom_css":"","_kad_blocks_head_custom_js":"","_kad_blocks_body_custom_js":"","_kad_blocks_footer_custom_js":"","_kadence_starter_templates_imported_post":false,"_kad_post_transparent":"","_kad_post_title":"","_kad_post_layout":"","_kad_post_sidebar_id":"","_kad_post_content_style":"","_kad_post_vertical_padding":"","_kad_post_feature":"","_kad_post_feature_position":"","_kad_post_header":false,"_kad_post_footer":false,"footnotes":""},"categories":[409],"tags":[579,756,757,755,288,70,574,754,606,753],"class_list":["post-18424","post","type-post","status-publish","format-standard","has-post-thumbnail","hentry","category-atualizacoes-prodoctor","tag-assinatura-digital","tag-covid","tag-home-office","tag-pandeima","tag-prodoctor","tag-prontuario-eletronico","tag-prontuario-eletronico-do-paciente","tag-sars-cov-2","tag-telemedicina","tag-um-ano-de-quarentena"],"yoast_head":"<!-- This site is optimized with the Yoast SEO plugin v27.0 - https:\/\/yoast.com\/product\/yoast-seo-wordpress\/ -->\n<title>Um ano de quarentena na ProDoctor - Blog ProDoctor<\/title>\n<meta name=\"description\" content=\"O Brasil j\u00e1 chegou a um ano de quarentena, e na ProDoctor n\u00e3o foi diferente. Confira todas as nossas a\u00e7\u00f5es de enfrentamento \u00e0 pandemia!\" \/>\n<meta name=\"robots\" content=\"index, follow, max-snippet:-1, max-image-preview:large, max-video-preview:-1\" \/>\n<link rel=\"canonical\" href=\"https:\/\/prodoctor.net\/blog\/um-ano-de-quarentena-na-prodoctor\/\" \/>\n<meta property=\"og:locale\" content=\"pt_BR\" \/>\n<meta property=\"og:type\" content=\"article\" \/>\n<meta property=\"og:title\" content=\"Um ano de quarentena na ProDoctor - Blog ProDoctor\" \/>\n<meta property=\"og:description\" content=\"O Brasil j\u00e1 chegou a um ano de quarentena, e na ProDoctor n\u00e3o foi diferente. Confira todas as nossas a\u00e7\u00f5es de enfrentamento \u00e0 pandemia!\" \/>\n<meta property=\"og:url\" content=\"https:\/\/prodoctor.net\/blog\/um-ano-de-quarentena-na-prodoctor\/\" \/>\n<meta property=\"og:site_name\" content=\"Blog ProDoctor\" \/>\n<meta property=\"article:publisher\" content=\"https:\/\/www.facebook.com\/prodoctorsoftware\" \/>\n<meta property=\"article:published_time\" content=\"2021-03-05T16:38:39+00:00\" \/>\n<meta property=\"article:modified_time\" content=\"2024-02-28T20:23:02+00:00\" \/>\n<meta property=\"og:image\" content=\"https:\/\/prodoctor.net\/blog\/wp-content\/uploads\/2021\/03\/um-ano-de-quarentena-min.jpg\" \/>\n\t<meta property=\"og:image:width\" content=\"770\" \/>\n\t<meta property=\"og:image:height\" content=\"400\" \/>\n\t<meta property=\"og:image:type\" content=\"image\/jpeg\" \/>\n<meta name=\"author\" content=\"ProDoctor Software\" \/>\n<meta name=\"twitter:card\" content=\"summary_large_image\" \/>\n<meta name=\"twitter:creator\" content=\"@prodoctorsoft\" \/>\n<meta name=\"twitter:site\" content=\"@prodoctorsoft\" \/>\n<meta name=\"twitter:label1\" content=\"Escrito por\" \/>\n\t<meta name=\"twitter:data1\" content=\"ProDoctor Software\" \/>\n\t<meta name=\"twitter:label2\" content=\"Est. tempo de leitura\" \/>\n\t<meta name=\"twitter:data2\" content=\"9 minutos\" \/>\n<script type=\"application\/ld+json\" class=\"yoast-schema-graph\">{\"@context\":\"https:\/\/schema.org\",\"@graph\":[{\"@type\":\"Article\",\"@id\":\"https:\/\/prodoctor.net\/blog\/um-ano-de-quarentena-na-prodoctor\/#article\",\"isPartOf\":{\"@id\":\"https:\/\/prodoctor.net\/blog\/um-ano-de-quarentena-na-prodoctor\/\"},\"author\":{\"name\":\"ProDoctor Software\",\"@id\":\"https:\/\/prodoctor.net\/blog\/#\/schema\/person\/8878914b17cd360e7ec0ddee1ed8c544\"},\"headline\":\"Um ano de quarentena na ProDoctor\",\"datePublished\":\"2021-03-05T16:38:39+00:00\",\"dateModified\":\"2024-02-28T20:23:02+00:00\",\"mainEntityOfPage\":{\"@id\":\"https:\/\/prodoctor.net\/blog\/um-ano-de-quarentena-na-prodoctor\/\"},\"wordCount\":1341,\"publisher\":{\"@id\":\"https:\/\/prodoctor.net\/blog\/#organization\"},\"image\":{\"@id\":\"https:\/\/prodoctor.net\/blog\/um-ano-de-quarentena-na-prodoctor\/#primaryimage\"},\"thumbnailUrl\":\"https:\/\/prodoctor.net\/blog\/wp-content\/uploads\/2021\/03\/um-ano-de-quarentena-min.jpg\",\"keywords\":[\"assinatura digital\",\"COVID\",\"home office\",\"Pandeima\",\"prodoctor\",\"prontu\u00e1rio eletr\u00f4nico\",\"prontu\u00e1rio eletr\u00f4nico do paciente\",\"SARS COV-2\",\"telemedicina\",\"um ano de quarentena\"],\"articleSection\":[\"Atualiza\u00e7\u00f5es ProDoctor\"],\"inLanguage\":\"pt-BR\"},{\"@type\":\"WebPage\",\"@id\":\"https:\/\/prodoctor.net\/blog\/um-ano-de-quarentena-na-prodoctor\/\",\"url\":\"https:\/\/prodoctor.net\/blog\/um-ano-de-quarentena-na-prodoctor\/\",\"name\":\"Um ano de quarentena na ProDoctor - Blog ProDoctor\",\"isPartOf\":{\"@id\":\"https:\/\/prodoctor.net\/blog\/#website\"},\"primaryImageOfPage\":{\"@id\":\"https:\/\/prodoctor.net\/blog\/um-ano-de-quarentena-na-prodoctor\/#primaryimage\"},\"image\":{\"@id\":\"https:\/\/prodoctor.net\/blog\/um-ano-de-quarentena-na-prodoctor\/#primaryimage\"},\"thumbnailUrl\":\"https:\/\/prodoctor.net\/blog\/wp-content\/uploads\/2021\/03\/um-ano-de-quarentena-min.jpg\",\"datePublished\":\"2021-03-05T16:38:39+00:00\",\"dateModified\":\"2024-02-28T20:23:02+00:00\",\"description\":\"O Brasil j\u00e1 chegou a um ano de quarentena, e na ProDoctor n\u00e3o foi diferente. Confira todas as nossas a\u00e7\u00f5es de enfrentamento \u00e0 pandemia!\",\"breadcrumb\":{\"@id\":\"https:\/\/prodoctor.net\/blog\/um-ano-de-quarentena-na-prodoctor\/#breadcrumb\"},\"inLanguage\":\"pt-BR\",\"potentialAction\":[{\"@type\":\"ReadAction\",\"target\":[\"https:\/\/prodoctor.net\/blog\/um-ano-de-quarentena-na-prodoctor\/\"]}]},{\"@type\":\"ImageObject\",\"inLanguage\":\"pt-BR\",\"@id\":\"https:\/\/prodoctor.net\/blog\/um-ano-de-quarentena-na-prodoctor\/#primaryimage\",\"url\":\"https:\/\/prodoctor.net\/blog\/wp-content\/uploads\/2021\/03\/um-ano-de-quarentena-min.jpg\",\"contentUrl\":\"https:\/\/prodoctor.net\/blog\/wp-content\/uploads\/2021\/03\/um-ano-de-quarentena-min.jpg\",\"width\":770,\"height\":400,\"caption\":\"um ano de quarentena\"},{\"@type\":\"BreadcrumbList\",\"@id\":\"https:\/\/prodoctor.net\/blog\/um-ano-de-quarentena-na-prodoctor\/#breadcrumb\",\"itemListElement\":[{\"@type\":\"ListItem\",\"position\":1,\"name\":\"In\u00edcio\",\"item\":\"https:\/\/prodoctor.net\/blog\/\"},{\"@type\":\"ListItem\",\"position\":2,\"name\":\"Um ano de quarentena na ProDoctor\"}]},{\"@type\":\"WebSite\",\"@id\":\"https:\/\/prodoctor.net\/blog\/#website\",\"url\":\"https:\/\/prodoctor.net\/blog\/\",\"name\":\"Blog ProDoctor\",\"description\":\"Tudo sobre o mundo da Sa\u00fade\",\"publisher\":{\"@id\":\"https:\/\/prodoctor.net\/blog\/#organization\"},\"potentialAction\":[{\"@type\":\"SearchAction\",\"target\":{\"@type\":\"EntryPoint\",\"urlTemplate\":\"https:\/\/prodoctor.net\/blog\/?s={search_term_string}\"},\"query-input\":{\"@type\":\"PropertyValueSpecification\",\"valueRequired\":true,\"valueName\":\"search_term_string\"}}],\"inLanguage\":\"pt-BR\"},{\"@type\":\"Organization\",\"@id\":\"https:\/\/prodoctor.net\/blog\/#organization\",\"name\":\"ProDoctor Software S\/A\",\"url\":\"https:\/\/prodoctor.net\/blog\/\",\"logo\":{\"@type\":\"ImageObject\",\"inLanguage\":\"pt-BR\",\"@id\":\"https:\/\/prodoctor.net\/blog\/#\/schema\/logo\/image\/\",\"url\":\"https:\/\/prodoctor.net\/blog\/wp-content\/uploads\/2017\/01\/Logo_PDo_Lateral.png\",\"contentUrl\":\"https:\/\/prodoctor.net\/blog\/wp-content\/uploads\/2017\/01\/Logo_PDo_Lateral.png\",\"width\":2014,\"height\":485,\"caption\":\"ProDoctor Software S\/A\"},\"image\":{\"@id\":\"https:\/\/prodoctor.net\/blog\/#\/schema\/logo\/image\/\"},\"sameAs\":[\"https:\/\/www.facebook.com\/prodoctorsoftware\",\"https:\/\/x.com\/prodoctorsoft\",\"https:\/\/www.instagram.com\/prodoctorsoftware\/\",\"https:\/\/www.linkedin.com\/company\/prodoctor-software-ltda\",\"https:\/\/www.youtube.com\/channel\/UCIWuDLsVtIpX-PEqQn1pNlw\"]},{\"@type\":\"Person\",\"@id\":\"https:\/\/prodoctor.net\/blog\/#\/schema\/person\/8878914b17cd360e7ec0ddee1ed8c544\",\"name\":\"ProDoctor Software\",\"image\":{\"@type\":\"ImageObject\",\"inLanguage\":\"pt-BR\",\"@id\":\"https:\/\/prodoctor.net\/blog\/#\/schema\/person\/image\/\",\"url\":\"https:\/\/secure.gravatar.com\/avatar\/a67bdb10f2e6695f7ae356a84deeaf10b545567f0ac054e9bfe8ec56e86317ec?s=96&d=mm&r=g\",\"contentUrl\":\"https:\/\/secure.gravatar.com\/avatar\/a67bdb10f2e6695f7ae356a84deeaf10b545567f0ac054e9bfe8ec56e86317ec?s=96&d=mm&r=g\",\"caption\":\"ProDoctor Software\"},\"sameAs\":[\"http:\/\/prodoctor.net\",\"https:\/\/x.com\/prodoctorsoft\"]}]}<\/script>\n<!-- \/ Yoast SEO plugin. -->","yoast_head_json":{"title":"Um ano de quarentena na ProDoctor - Blog ProDoctor","description":"O Brasil j\u00e1 chegou a um ano de quarentena, e na ProDoctor n\u00e3o foi diferente. Confira todas as nossas a\u00e7\u00f5es de enfrentamento \u00e0 pandemia!","robots":{"index":"index","follow":"follow","max-snippet":"max-snippet:-1","max-image-preview":"max-image-preview:large","max-video-preview":"max-video-preview:-1"},"canonical":"https:\/\/prodoctor.net\/blog\/um-ano-de-quarentena-na-prodoctor\/","og_locale":"pt_BR","og_type":"article","og_title":"Um ano de quarentena na ProDoctor - Blog ProDoctor","og_description":"O Brasil j\u00e1 chegou a um ano de quarentena, e na ProDoctor n\u00e3o foi diferente. Confira todas as nossas a\u00e7\u00f5es de enfrentamento \u00e0 pandemia!","og_url":"https:\/\/prodoctor.net\/blog\/um-ano-de-quarentena-na-prodoctor\/","og_site_name":"Blog ProDoctor","article_publisher":"https:\/\/www.facebook.com\/prodoctorsoftware","article_published_time":"2021-03-05T16:38:39+00:00","article_modified_time":"2024-02-28T20:23:02+00:00","og_image":[{"width":770,"height":400,"url":"https:\/\/prodoctor.net\/blog\/wp-content\/uploads\/2021\/03\/um-ano-de-quarentena-min.jpg","type":"image\/jpeg"}],"author":"ProDoctor Software","twitter_card":"summary_large_image","twitter_creator":"@prodoctorsoft","twitter_site":"@prodoctorsoft","twitter_misc":{"Escrito por":"ProDoctor Software","Est. tempo de leitura":"9 minutos"},"schema":{"@context":"https:\/\/schema.org","@graph":[{"@type":"Article","@id":"https:\/\/prodoctor.net\/blog\/um-ano-de-quarentena-na-prodoctor\/#article","isPartOf":{"@id":"https:\/\/prodoctor.net\/blog\/um-ano-de-quarentena-na-prodoctor\/"},"author":{"name":"ProDoctor Software","@id":"https:\/\/prodoctor.net\/blog\/#\/schema\/person\/8878914b17cd360e7ec0ddee1ed8c544"},"headline":"Um ano de quarentena na ProDoctor","datePublished":"2021-03-05T16:38:39+00:00","dateModified":"2024-02-28T20:23:02+00:00","mainEntityOfPage":{"@id":"https:\/\/prodoctor.net\/blog\/um-ano-de-quarentena-na-prodoctor\/"},"wordCount":1341,"publisher":{"@id":"https:\/\/prodoctor.net\/blog\/#organization"},"image":{"@id":"https:\/\/prodoctor.net\/blog\/um-ano-de-quarentena-na-prodoctor\/#primaryimage"},"thumbnailUrl":"https:\/\/prodoctor.net\/blog\/wp-content\/uploads\/2021\/03\/um-ano-de-quarentena-min.jpg","keywords":["assinatura digital","COVID","home office","Pandeima","prodoctor","prontu\u00e1rio eletr\u00f4nico","prontu\u00e1rio eletr\u00f4nico do paciente","SARS COV-2","telemedicina","um ano de quarentena"],"articleSection":["Atualiza\u00e7\u00f5es ProDoctor"],"inLanguage":"pt-BR"},{"@type":"WebPage","@id":"https:\/\/prodoctor.net\/blog\/um-ano-de-quarentena-na-prodoctor\/","url":"https:\/\/prodoctor.net\/blog\/um-ano-de-quarentena-na-prodoctor\/","name":"Um ano de quarentena na ProDoctor - Blog ProDoctor","isPartOf":{"@id":"https:\/\/prodoctor.net\/blog\/#website"},"primaryImageOfPage":{"@id":"https:\/\/prodoctor.net\/blog\/um-ano-de-quarentena-na-prodoctor\/#primaryimage"},"image":{"@id":"https:\/\/prodoctor.net\/blog\/um-ano-de-quarentena-na-prodoctor\/#primaryimage"},"thumbnailUrl":"https:\/\/prodoctor.net\/blog\/wp-content\/uploads\/2021\/03\/um-ano-de-quarentena-min.jpg","datePublished":"2021-03-05T16:38:39+00:00","dateModified":"2024-02-28T20:23:02+00:00","description":"O Brasil j\u00e1 chegou a um ano de quarentena, e na ProDoctor n\u00e3o foi diferente. Confira todas as nossas a\u00e7\u00f5es de enfrentamento \u00e0 pandemia!","breadcrumb":{"@id":"https:\/\/prodoctor.net\/blog\/um-ano-de-quarentena-na-prodoctor\/#breadcrumb"},"inLanguage":"pt-BR","potentialAction":[{"@type":"ReadAction","target":["https:\/\/prodoctor.net\/blog\/um-ano-de-quarentena-na-prodoctor\/"]}]},{"@type":"ImageObject","inLanguage":"pt-BR","@id":"https:\/\/prodoctor.net\/blog\/um-ano-de-quarentena-na-prodoctor\/#primaryimage","url":"https:\/\/prodoctor.net\/blog\/wp-content\/uploads\/2021\/03\/um-ano-de-quarentena-min.jpg","contentUrl":"https:\/\/prodoctor.net\/blog\/wp-content\/uploads\/2021\/03\/um-ano-de-quarentena-min.jpg","width":770,"height":400,"caption":"um ano de quarentena"},{"@type":"BreadcrumbList","@id":"https:\/\/prodoctor.net\/blog\/um-ano-de-quarentena-na-prodoctor\/#breadcrumb","itemListElement":[{"@type":"ListItem","position":1,"name":"In\u00edcio","item":"https:\/\/prodoctor.net\/blog\/"},{"@type":"ListItem","position":2,"name":"Um ano de quarentena na ProDoctor"}]},{"@type":"WebSite","@id":"https:\/\/prodoctor.net\/blog\/#website","url":"https:\/\/prodoctor.net\/blog\/","name":"Blog ProDoctor","description":"Tudo sobre o mundo da Sa\u00fade","publisher":{"@id":"https:\/\/prodoctor.net\/blog\/#organization"},"potentialAction":[{"@type":"SearchAction","target":{"@type":"EntryPoint","urlTemplate":"https:\/\/prodoctor.net\/blog\/?s={search_term_string}"},"query-input":{"@type":"PropertyValueSpecification","valueRequired":true,"valueName":"search_term_string"}}],"inLanguage":"pt-BR"},{"@type":"Organization","@id":"https:\/\/prodoctor.net\/blog\/#organization","name":"ProDoctor Software S\/A","url":"https:\/\/prodoctor.net\/blog\/","logo":{"@type":"ImageObject","inLanguage":"pt-BR","@id":"https:\/\/prodoctor.net\/blog\/#\/schema\/logo\/image\/","url":"https:\/\/prodoctor.net\/blog\/wp-content\/uploads\/2017\/01\/Logo_PDo_Lateral.png","contentUrl":"https:\/\/prodoctor.net\/blog\/wp-content\/uploads\/2017\/01\/Logo_PDo_Lateral.png","width":2014,"height":485,"caption":"ProDoctor Software S\/A"},"image":{"@id":"https:\/\/prodoctor.net\/blog\/#\/schema\/logo\/image\/"},"sameAs":["https:\/\/www.facebook.com\/prodoctorsoftware","https:\/\/x.com\/prodoctorsoft","https:\/\/www.instagram.com\/prodoctorsoftware\/","https:\/\/www.linkedin.com\/company\/prodoctor-software-ltda","https:\/\/www.youtube.com\/channel\/UCIWuDLsVtIpX-PEqQn1pNlw"]},{"@type":"Person","@id":"https:\/\/prodoctor.net\/blog\/#\/schema\/person\/8878914b17cd360e7ec0ddee1ed8c544","name":"ProDoctor Software","image":{"@type":"ImageObject","inLanguage":"pt-BR","@id":"https:\/\/prodoctor.net\/blog\/#\/schema\/person\/image\/","url":"https:\/\/secure.gravatar.com\/avatar\/a67bdb10f2e6695f7ae356a84deeaf10b545567f0ac054e9bfe8ec56e86317ec?s=96&d=mm&r=g","contentUrl":"https:\/\/secure.gravatar.com\/avatar\/a67bdb10f2e6695f7ae356a84deeaf10b545567f0ac054e9bfe8ec56e86317ec?s=96&d=mm&r=g","caption":"ProDoctor Software"},"sameAs":["http:\/\/prodoctor.net","https:\/\/x.com\/prodoctorsoft"]}]}},"taxonomy_info":{"category":[{"value":409,"label":"Atualiza\u00e7\u00f5es ProDoctor"}],"post_tag":[{"value":579,"label":"assinatura digital"},{"value":756,"label":"COVID"},{"value":757,"label":"home office"},{"value":755,"label":"Pandeima"},{"value":288,"label":"prodoctor"},{"value":70,"label":"prontu\u00e1rio eletr\u00f4nico"},{"value":574,"label":"prontu\u00e1rio eletr\u00f4nico do paciente"},{"value":754,"label":"SARS COV-2"},{"value":606,"label":"telemedicina"},{"value":753,"label":"um ano de quarentena"}]},"featured_image_src_large":["https:\/\/prodoctor.net\/blog\/wp-content\/uploads\/2021\/03\/um-ano-de-quarentena-min.jpg",770,400,false],"author_info":{"display_name":"ProDoctor Software","author_link":"https:\/\/prodoctor.net\/blog\/author\/redesocialprodoctor-net\/"},"comment_info":0,"category_info":[{"term_id":409,"name":"Atualiza\u00e7\u00f5es ProDoctor","slug":"atualizacoes-prodoctor","term_group":0,"term_taxonomy_id":409,"taxonomy":"category","description":"","parent":0,"count":41,"filter":"raw","cat_ID":409,"category_count":41,"category_description":"","cat_name":"Atualiza\u00e7\u00f5es ProDoctor","category_nicename":"atualizacoes-prodoctor","category_parent":0}],"tag_info":[{"term_id":579,"name":"assinatura digital","slug":"assinatura-digital","term_group":0,"term_taxonomy_id":579,"taxonomy":"post_tag","description":"","parent":0,"count":7,"filter":"raw"},{"term_id":756,"name":"COVID","slug":"covid","term_group":0,"term_taxonomy_id":756,"taxonomy":"post_tag","description":"","parent":0,"count":2,"filter":"raw"},{"term_id":757,"name":"home office","slug":"home-office","term_group":0,"term_taxonomy_id":757,"taxonomy":"post_tag","description":"","parent":0,"count":1,"filter":"raw"},{"term_id":755,"name":"Pandeima","slug":"pandeima","term_group":0,"term_taxonomy_id":755,"taxonomy":"post_tag","description":"","parent":0,"count":1,"filter":"raw"},{"term_id":288,"name":"prodoctor","slug":"prodoctor","term_group":0,"term_taxonomy_id":291,"taxonomy":"post_tag","description":"","parent":0,"count":5,"filter":"raw"},{"term_id":70,"name":"prontu\u00e1rio eletr\u00f4nico","slug":"prontuario-eletronico","term_group":0,"term_taxonomy_id":73,"taxonomy":"post_tag","description":"","parent":0,"count":5,"filter":"raw"},{"term_id":574,"name":"prontu\u00e1rio eletr\u00f4nico do paciente","slug":"prontuario-eletronico-do-paciente","term_group":0,"term_taxonomy_id":574,"taxonomy":"post_tag","description":"","parent":0,"count":5,"filter":"raw"},{"term_id":754,"name":"SARS COV-2","slug":"sars-cov-2","term_group":0,"term_taxonomy_id":754,"taxonomy":"post_tag","description":"","parent":0,"count":1,"filter":"raw"},{"term_id":606,"name":"telemedicina","slug":"telemedicina","term_group":0,"term_taxonomy_id":606,"taxonomy":"post_tag","description":"","parent":0,"count":7,"filter":"raw"},{"term_id":753,"name":"um ano de quarentena","slug":"um-ano-de-quarentena","term_group":0,"term_taxonomy_id":753,"taxonomy":"post_tag","description":"","parent":0,"count":1,"filter":"raw"}],"_links":{"self":[{"href":"https:\/\/prodoctor.net\/blog\/wp-json\/wp\/v2\/posts\/18424","targetHints":{"allow":["GET"]}}],"collection":[{"href":"https:\/\/prodoctor.net\/blog\/wp-json\/wp\/v2\/posts"}],"about":[{"href":"https:\/\/prodoctor.net\/blog\/wp-json\/wp\/v2\/types\/post"}],"author":[{"embeddable":true,"href":"https:\/\/prodoctor.net\/blog\/wp-json\/wp\/v2\/users\/1"}],"replies":[{"embeddable":true,"href":"https:\/\/prodoctor.net\/blog\/wp-json\/wp\/v2\/comments?post=18424"}],"version-history":[{"count":21,"href":"https:\/\/prodoctor.net\/blog\/wp-json\/wp\/v2\/posts\/18424\/revisions"}],"predecessor-version":[{"id":28388,"href":"https:\/\/prodoctor.net\/blog\/wp-json\/wp\/v2\/posts\/18424\/revisions\/28388"}],"wp:featuredmedia":[{"embeddable":true,"href":"https:\/\/prodoctor.net\/blog\/wp-json\/wp\/v2\/media\/18481"}],"wp:attachment":[{"href":"https:\/\/prodoctor.net\/blog\/wp-json\/wp\/v2\/media?parent=18424"}],"wp:term":[{"taxonomy":"category","embeddable":true,"href":"https:\/\/prodoctor.net\/blog\/wp-json\/wp\/v2\/categories?post=18424"},{"taxonomy":"post_tag","embeddable":true,"href":"https:\/\/prodoctor.net\/blog\/wp-json\/wp\/v2\/tags?post=18424"}],"curies":[{"name":"wp","href":"https:\/\/api.w.org\/{rel}","templated":true}]}}