{"id":18003,"date":"2021-01-06T11:28:43","date_gmt":"2021-01-06T14:28:43","guid":{"rendered":"https:\/\/prodoctor.net\/blog\/?p=18003"},"modified":"2024-02-28T16:24:41","modified_gmt":"2024-02-28T19:24:41","slug":"avancos-na-saude-mundial-em-2020-parte-2","status":"publish","type":"post","link":"https:\/\/prodoctor.net\/blog\/avancos-na-saude-mundial-em-2020-parte-2\/","title":{"rendered":"Avan\u00e7os na Sa\u00fade mundial em 2020 &#8211; Parte 2"},"content":{"rendered":"\n<p class=\"western\"><span style=\"font-family: Times New Roman, serif;\"><span style=\"font-size: medium;\">Foram registrados avan\u00e7os na Sa\u00fade mundial em 2020, embora o tema <\/span><\/span><a href=\"https:\/\/bit.ly\/3mUhtZc\" target=\"_blank\" rel=\"noreferrer noopener\"><span style=\"font-family: Times New Roman, serif;\"><span style=\"font-size: medium;\"><b>Coronav\u00edrus<\/b><\/span><\/span><\/a><span style=\"font-family: Times New Roman, serif;\"><span style=\"font-size: medium;\"> tenha predominado no notici\u00e1rio da \u00e1rea da Sa\u00fade em todo o planeta. Al\u00e9m disso, a pr\u00f3pria pandemia tornou-se um desafio para que progressos fossem alcan\u00e7ados.<\/span><\/span><\/p>\n\n\n\n<p class=\"western\"><span style=\"font-family: Times New Roman, serif;\"><span style=\"font-size: medium;\">Como, por exemplo, a busca incessante de cientistas e pesquisadores em institui\u00e7\u00f5es cient\u00edficas de todo mundo por uma vacina contra o v\u00edrus ainda hoje desconhecido em suas muta\u00e7\u00f5es e efeitos.<\/span><\/span><\/p>\n\n\n\n<p class=\"western\"><span style=\"font-family: Times New Roman, serif;\"><span style=\"font-size: medium;\">Tamb\u00e9m o setor tecnol\u00f3gico reagiu de forma positiva, acelerando soberbamente suas formas de facilitar a comunica\u00e7\u00e3o entre os m\u00e9dicos. Dessa forma, a <\/span><\/span><a href=\"https:\/\/bit.ly\/3aMyhyR\" target=\"_blank\" rel=\"noreferrer noopener\"><span style=\"font-family: Times New Roman, serif;\"><span style=\"font-size: medium;\"><b>Telemedicina<\/b><\/span><\/span><\/a><span style=\"font-family: Times New Roman, serif;\"><span style=\"font-size: medium;\"> respondeu prontamente. A tecnologia n\u00e3o apenas permitiu a troca de experi\u00eancias entre os profissionais, como tamb\u00e9m possibilitou que, nos <a href=\"https:\/\/bit.ly\/3hIqJyy\" target=\"_blank\" rel=\"noreferrer noopener\"><strong>covid\u00e1rios<\/strong><\/a>, familiares pudessem contatar seus entes queridos.<\/span><\/span><\/p>\n\n\n\n<p class=\"western\"><span style=\"font-family: Times New Roman, serif;\"><span style=\"font-size: medium;\">A <a href=\"https:\/\/prodoctor.net\/\" target=\"_blank\" rel=\"noreferrer noopener\"><strong>ProDoctor Software<\/strong><\/a> traz hoje em seu Blog a parte final da Retrospectiva com os Avan\u00e7os na Sa\u00fade em 2020. Confira os passos dados no calend\u00e1rio ao longo do ano.<\/span><\/span><\/p>\n\n\n\n<hr class=\"wp-block-separator has-css-opacity\"\/>\n\n\n\n<p class=\"has-text-align-center\"><strong>Voc\u00ea tamb\u00e9m pode gostar:<\/strong><br><a href=\"https:\/\/prodoctor.net\/blog\/avancos-na-saude-em-2020\/\" target=\"_blank\" rel=\"noreferrer noopener\">Avan\u00e7os na Sa\u00fade em 2020 &#8211; Parte 1<\/a><br><a href=\"https:\/\/prodoctor.net\/blog\/novas-tecnologias-da-medicina\/\" target=\"_blank\" rel=\"noreferrer noopener\">Novas tecnologias na Medicina<\/a><\/p>\n\n\n\n<hr class=\"wp-block-separator has-css-opacity\"\/>\n\n\n\n<h2 class=\"wp-block-heading\">Avan\u00e7os na Sa\u00fade Mundial em Julho<\/h2>\n\n\n\n<figure class=\"wp-block-image size-large\"><a href=\"https:\/\/prodoctor.net\/blog\/wp-content\/uploads\/2020\/12\/JULHO-min.png\"><img decoding=\"async\" width=\"770\" height=\"250\" src=\"https:\/\/prodoctor.net\/blog\/wp-content\/uploads\/2020\/12\/JULHO-min.png\" alt=\"\" class=\"wp-image-18031\" srcset=\"https:\/\/prodoctor.net\/blog\/wp-content\/uploads\/2020\/12\/JULHO-min.png 770w, https:\/\/prodoctor.net\/blog\/wp-content\/uploads\/2020\/12\/JULHO-min-300x97.png 300w, https:\/\/prodoctor.net\/blog\/wp-content\/uploads\/2020\/12\/JULHO-min-768x249.png 768w\" sizes=\"(max-width: 770px) 100vw, 770px\" \/><\/a><\/figure>\n\n\n\n<p>Finalmente, o Brasil disponibilizou no mercado a <strong>Fiasp<\/strong>, uma vers\u00e3o ultrarr\u00e1pida da insulina, que pode ser utilizada pelos diab\u00e9ticos na hora da refei\u00e7\u00e3o ou minutos depois. A droga est\u00e1 liberada para os portadores da doen\u00e7a com mais de 1 ano de idade e n\u00e3o apresentou efeitos colaterais dignos de nota nos estudos que antecederam sua aprova\u00e7\u00e3o.<\/p>\n\n\n\n<p>Anteriormente, os diab\u00e9ticos com o tipo 1 e outros com o tipo 2 geralmente obedecem um cansativo ritual antes de suas refei\u00e7\u00f5es. A rotina estabelecida: calcular a quantidade de carboidrato que pretendem ingerir, a fim de aplicar a dose de insulina correta para dar conta da glicose recebida dos alimentos.<\/p>\n\n\n\n<p>Al\u00e9m disso, a dose estimada somente poderia ser aplicada sempre com 15 a 30 minutos de anteced\u00eancia \u00e0 refei\u00e7\u00e3o, para dar tempo de o horm\u00f4nio ser absorvido e cair na circula\u00e7\u00e3o.<\/p>\n\n\n\n<p>Com a Fiasp, este ritual acabou, uma vez que o f\u00e1rmaco tem a\u00e7\u00e3o ultrarr\u00e1pida. Desenvolvido pela <strong><a href=\"https:\/\/bit.ly\/3897TO4\" target=\"_blank\" rel=\"noreferrer noopener\">Novo Nordisk<\/a><\/strong>, o medicamento \u201cpode ser utilizado imediatamente antes ou at\u00e9 depois de comer, o que traz mais flexibilidade para o paciente\u201d, conforme afirmou Priscilla Mattar, diretora m\u00e9dica da farmac\u00eautica.<\/p>\n\n\n\n<h2 class=\"wp-block-heading\">Agosto<\/h2>\n\n\n\n<figure class=\"wp-block-image size-large\"><a href=\"https:\/\/prodoctor.net\/blog\/wp-content\/uploads\/2020\/12\/AGOSTO-min.png\"><img decoding=\"async\" width=\"770\" height=\"250\" src=\"https:\/\/prodoctor.net\/blog\/wp-content\/uploads\/2020\/12\/AGOSTO-min.png\" alt=\"avan\u00e7os na sa\u00fade\" class=\"wp-image-18035\" srcset=\"https:\/\/prodoctor.net\/blog\/wp-content\/uploads\/2020\/12\/AGOSTO-min.png 770w, https:\/\/prodoctor.net\/blog\/wp-content\/uploads\/2020\/12\/AGOSTO-min-300x97.png 300w, https:\/\/prodoctor.net\/blog\/wp-content\/uploads\/2020\/12\/AGOSTO-min-768x249.png 768w\" sizes=\"(max-width: 770px) 100vw, 770px\" \/><\/a><\/figure>\n\n\n\n<p>A <strong>Ag\u00eancia Nacional de Vigil\u00e2ncia Sanit\u00e1ria (Anvisa)<\/strong> autorizou, pela primeira vez no Brasil, os registros de terapias g\u00eanicas da <strong><a href=\"https:\/\/bit.ly\/38YARPB\" target=\"_blank\" rel=\"noreferrer noopener\">Novartis<\/a><\/strong>. Elas s\u00e3o indicadas para o tratamento da <strong>Atrofia Muscular Espinhal (AME)<\/strong> e da <strong>Distrofia Heredit\u00e1ria da Retina (DHR)<\/strong>.<\/p>\n\n\n\n<p>Dessa maneira, o Brasil \u00e9 o primeiro pa\u00eds da Am\u00e9rica Latina a disponibilizar uma das terapias m\u00e9dicas mais inovadoras do planeta. Com toda a certeza, \u00e9 um dos grandes avan\u00e7os na Sa\u00fade mundial em 2020, trazendo excelentes perspectivas em rela\u00e7\u00e3o \u00e0s enfermidades raras.<\/p>\n\n\n\n<p>A terapia g\u00eanica \u00e9 estudada pelos pesquisadores h\u00e1 d\u00e9cadas. Entretanto, \u00e9 um trabalho inovador, pois sua t\u00e9cnica consiste no fornecimento do gene saud\u00e1vel (tamb\u00e9m chamado terap\u00eautico) ao paciente, a fim de que seja feita a corre\u00e7\u00e3o da muta\u00e7\u00e3o causadora de doen\u00e7as presentes no <strong>DNA<\/strong>.<\/p>\n\n\n\n<p>Desse modo, o material gen\u00e9tico \u00e9 introduzido em tecidos e em c\u00e9lulas nos portadores de diferentes dist\u00farbios com fins terap\u00eauticos. No caso da DHR, por exemplo, a terapia inclui uma aplica\u00e7\u00e3o \u00fanica do gene saud\u00e1vel \u2014 via inje\u00e7\u00f5es na veia.<\/p>\n\n\n\n<ul class=\"wp-block-list\">\n<li>A Distrofia Heredit\u00e1ria da Retina \u00e9 uma doen\u00e7a rara que provoca a perda da vis\u00e3o, estando associada a muta\u00e7\u00f5es no gene RPE65. De origem gen\u00e9tica rara, afeta a retina, estrutura dos olhos respons\u00e1vel pela forma\u00e7\u00e3o de imagens.<\/li>\n<\/ul>\n\n\n\n<p>Embora rara, a DHR \u00e9 a segunda causa de baixa vis\u00e3o em crian\u00e7as de at\u00e9 15 anos de idade. Al\u00e9m disso, grande parte de seus portadores progride para a cegueira total at\u00e9 por volta dos 18 anos.<\/p>\n\n\n\n<ul class=\"wp-block-list\">\n<li>Com rela\u00e7\u00e3o \u00e0 Atrofia Muscular Espinhal, a Novartis ressalta que, por se tratarem de pacientes raros, \u00e9 preciso haver uma avalia\u00e7\u00e3o m\u00e9dica para indicar o tratamento. Conforme a farmac\u00eautica, \u201ca AME leva \u00e0 morte em at\u00e9 cinco anos ap\u00f3s o nascimento, ou o paciente fica dependente de respira\u00e7\u00e3o mec\u00e2nica. Por isso, \u00e9 importante o diagn\u00f3stico mais precoce, como no teste do pezinho\u201d.<\/li>\n<\/ul>\n\n\n\n<p>Os primeiros tratamentos com a terapia g\u00eanica foram aprovados para uso comercial nos Estados Unidos em 2017.<\/p>\n\n\n\n<h2 class=\"wp-block-heading\">Setembro<\/h2>\n\n\n\n<figure class=\"wp-block-image size-large\"><a href=\"https:\/\/prodoctor.net\/blog\/wp-content\/uploads\/2020\/12\/SETEMBRO-min.png\"><img decoding=\"async\" width=\"770\" height=\"250\" src=\"https:\/\/prodoctor.net\/blog\/wp-content\/uploads\/2020\/12\/SETEMBRO-min.png\" alt=\"\" class=\"wp-image-18026\" srcset=\"https:\/\/prodoctor.net\/blog\/wp-content\/uploads\/2020\/12\/SETEMBRO-min.png 770w, https:\/\/prodoctor.net\/blog\/wp-content\/uploads\/2020\/12\/SETEMBRO-min-300x97.png 300w, https:\/\/prodoctor.net\/blog\/wp-content\/uploads\/2020\/12\/SETEMBRO-min-768x249.png 768w\" sizes=\"(max-width: 770px) 100vw, 770px\" \/><\/a><\/figure>\n\n\n\n<p>Se de um lado o Coronav\u00edrus disseminou o p\u00e2nico no planeta, por outro lado, em meio \u00e0 pandemia, a comunidade cient\u00edfica registrou pelo menos <strong><a href=\"https:\/\/bbc.in\/3nSGgOu\" target=\"_blank\" rel=\"noreferrer noopener\">sete avan\u00e7os na Sa\u00fade em 2020<\/a>.<\/strong> Confira os aspectos da ci\u00eancia que mudaram, conforme a opini\u00e3o de cientistas entrevistados pela BBC: Colabora\u00e7\u00e3o entre equipes; Sequenciamento do v\u00edrus; Testes; A corrida da vacina; Outros tratamentos; Pr\u00e1ticas de higiene; e A import\u00e2ncia da ci\u00eancia.<\/p>\n\n\n\n<ul class=\"wp-block-list\">\n<li><strong>LGPD<\/strong> &#8211; Depois de quase 10 anos de muitas discuss\u00f5es, idas e vindas, o Governo brasileiro colocou em vigor no dia 18 a <strong><a href=\"https:\/\/bit.ly\/2JF8Q7b\" target=\"_blank\" rel=\"noreferrer noopener\">Lei Geral de Prote\u00e7\u00e3o de Dados (LGPD)<\/a><\/strong>, cujo intuito \u00e9 garantir a privacidade de cada cidad\u00e3o. Seus requisitos se aplicam a todas as organiza\u00e7\u00f5es que lidam com as informa\u00e7\u00f5es de pessoa f\u00edsica.<\/li>\n<\/ul>\n\n\n\n<p>Assim, todos os dados pertencem, na realidade, \u00e0s pessoas. Ou seja, as institui\u00e7\u00f5es t\u00eam apenas a sua guarda, devendo ent\u00e3o zelar pela sua total integridade, seguran\u00e7a e confidencialidade.<\/p>\n\n\n\n<p>No setor de Sa\u00fade, por exemplo, os registros pessoais e os prontu\u00e1rios m\u00e9dicos dos pacientes pertencem a estes. Portanto, est\u00e3o sob a guarda dos consult\u00f3rios, cl\u00ednicas, hospitais e demais institui\u00e7\u00f5es de Sa\u00fade.<\/p>\n\n\n\n<p>O dispositivo passou por v\u00e1rias discuss\u00f5es, sob intensa pol\u00eamica, uma vez que empreendedores, n\u00e3o apenas do setor de Sa\u00fade, mas tamb\u00e9m de outras \u00e1reas do mercado estavam preocupados e intranquilos.<\/p>\n\n\n\n<p>Contudo, representa mais um dos avan\u00e7os na \u00e1rea da Sa\u00fade mundial em 2020, que poder\u00e1 ter reflexos positivos em seu consult\u00f3rio\/cl\u00ednica. Com toda a certeza, estar em conformidade com ela ser\u00e1 fundamental para que seu empreendimento seja um ponto de atra\u00e7\u00e3o para os olhares n\u00e3o s\u00f3 de pacientes, mas tamb\u00e9m de poss\u00edveis investidores.<\/p>\n\n\n\n<ul class=\"wp-block-list\">\n<li><strong>Reabilita\u00e7\u00e3o p\u00f3s-AVC<\/strong> &#8211; O Programa Centelha aprovou um projeto da Funda\u00e7\u00e3o Osvaldo Cruz \u2013 Cear\u00e1 com o prop\u00f3sito de cria\u00e7\u00e3o de empreendimentos inovadores e disseminar a cultura empreendedora no Brasil. O projeto selecionado \u00e9 de autoria do pesquisador C\u00e1ssio Pinheiro, doutorando em Ci\u00eancias, Biotecnologia e Sa\u00fade da Fiocruz Cear\u00e1.<\/li>\n<\/ul>\n\n\n\n<p>Dessa maneira, ser\u00e1 desenvolvido um <strong><a href=\"https:\/\/bit.ly\/3b7Ajtp\" target=\"_blank\" rel=\"noreferrer noopener\">software aplicado \u00e0 realidade virtual para pacientes em reabilita\u00e7\u00e3o p\u00f3s-Acidente Vascular Cerebral (AVC)<\/a><\/strong>. O objetivo \u00e9 aumentar a neuroplasticidade do paciente e ser mais efetivo no processo de neuroreabilita\u00e7\u00e3o. O aplicativo poder\u00e1 ser usado para a recupera\u00e7\u00e3o completa dos pacientes no tratamento domiciliar. Dessa maneira, o acompanhamento remoto \u00e9 feito com o aux\u00edlio da Intelig\u00eancia Artificial e de profissionais do setor de Sa\u00fade.<\/p>\n\n\n\n<p>A realidade virtual \u00e9 considerada como alternativa \u00e0 terapia por espelho, proporcionando maior imers\u00e3o do paciente. A t\u00e9cnica potencializa a percep\u00e7\u00e3o do c\u00e9rebro da exist\u00eancia de um membro sadio no lugar do par\u00e9tico.<\/p>\n\n\n\n<ul class=\"wp-block-list\">\n<li><strong>Caneta inteligente contra o Diabetes<\/strong> &#8211; Trata-se da <strong><a href=\"https:\/\/bit.ly\/389bCer\" target=\"_blank\" rel=\"noreferrer noopener\">Smart Pen<\/a><\/strong>, um dos destaques do Congresso Europeu de Diabetes de 2020. Ao se conectar com o smartphone, o dispositivo armazena dados importantes e suficientes para que o paciente com diabetes possa aplicar a insulina.<\/li>\n<\/ul>\n\n\n\n<p>Desse modo, pode se organizar melhor com o uso da medica\u00e7\u00e3o, sem o cansativo ritual a que estava acostumado, e avaliar a m\u00e9dia de dose da insulina ao longo da semana e em diferentes refei\u00e7\u00f5es.<\/p>\n\n\n\n<p>Al\u00e9m disso, a Smart Pen pode ficar em comunica\u00e7\u00e3o com os aparelhos que medem a glicose, disponibilizando<strong> <\/strong>curvas glic\u00eamicas ao longo dos dias em um mesmo gr\u00e1fico com as doses de insulina aplicadas.<\/p>\n\n\n\n<p>Por fim, todos os registros ficam na plataforma de nuvem. Assim, pode-se estabelecer ajustes necess\u00e1rios no tratamento com o interc\u00e2mbio de informa\u00e7\u00f5es entre os m\u00e9dicos e demais profissionais do setor de Sa\u00fade.<\/p>\n\n\n\n<ul class=\"wp-block-list\">\n<li><strong>Combatendo a DPOC<\/strong> &#8211; O <strong><a href=\"https:\/\/bit.ly\/3pMU3GX\" target=\"_blank\" rel=\"noreferrer noopener\">laborat\u00f3rio GSK<\/a><\/strong> lan\u00e7ou no Brasil tr\u00eas f\u00e1rmacos integrados em um medicamento contra a <strong><a href=\"https:\/\/bit.ly\/38SBv12\" target=\"_blank\" rel=\"noreferrer noopener\">Doen\u00e7a Pulmonar Obstrutiva Cr\u00f4nica (DPOC)<\/a><\/strong>. A enfermidade \u00e9 caracterizada pela inflama\u00e7\u00e3o e pelo estreitamento dos br\u00f4nquios, os tubos por onde o ar deve passar. Com toda a certeza, est\u00e1 entre os grandes avan\u00e7os da Sa\u00fade mundial em 2020.<\/li>\n<\/ul>\n\n\n\n<p>Os pacientes com DPOC, ao utilizarem o f\u00e1rmaco (<strong>umeclid\u00ednio<\/strong>, <strong>vilanterol<\/strong> e <strong>furoato de fluticasona<\/strong>), dever\u00e3o aspir\u00e1-lo pela boca. Isto ajuda a manter as vias a\u00e9reas abertas, controlando, assim, a inflama\u00e7\u00e3o.<\/p>\n\n\n\n<p>Anualmente, a doen\u00e7a causa a morte de 40 mil brasileiros por ano. Ou seja, provoca quatro mortes a cada por hora. A estimativa \u00e9 de que a DPOC afete 6 milh\u00f5es de pessoas apenas no Brasil e, at\u00e9 2030, poder\u00e1 ser a terceira principal causa de morte no planeta<\/p>\n\n\n\n<p>A DPOC ainda est\u00e1 cercada de mist\u00e9rios. Para desfazer in\u00fameros mitos e divulgar conte\u00fados, v\u00e1rias entidades, al\u00e9m da GSK, lan\u00e7aram a campanha &#8220;<strong>DPOC: Informa\u00e7\u00e3o Inspira<\/strong>&#8220;.<\/p>\n\n\n\n<figure class=\"wp-block-image size-large\"><a href=\"https:\/\/mkt.prodoctor.net\/6-dicas-para-ser-um-bom-medico-2-0\" target=\"_blank\" rel=\"noopener\"><img decoding=\"async\" width=\"1024\" height=\"333\" src=\"https:\/\/prodoctor.net\/blog\/wp-content\/uploads\/2021\/04\/E-book-6-Dicas-para-ser-um-bom-medico-2.0-min-1024x333.jpg\" alt=\"\" class=\"wp-image-18859\" srcset=\"https:\/\/prodoctor.net\/blog\/wp-content\/uploads\/2021\/04\/E-book-6-Dicas-para-ser-um-bom-medico-2.0-min-1024x333.jpg 1024w, https:\/\/prodoctor.net\/blog\/wp-content\/uploads\/2021\/04\/E-book-6-Dicas-para-ser-um-bom-medico-2.0-min-300x97.jpg 300w, https:\/\/prodoctor.net\/blog\/wp-content\/uploads\/2021\/04\/E-book-6-Dicas-para-ser-um-bom-medico-2.0-min-768x249.jpg 768w, https:\/\/prodoctor.net\/blog\/wp-content\/uploads\/2021\/04\/E-book-6-Dicas-para-ser-um-bom-medico-2.0-min-1536x499.jpg 1536w, https:\/\/prodoctor.net\/blog\/wp-content\/uploads\/2021\/04\/E-book-6-Dicas-para-ser-um-bom-medico-2.0-min-2048x665.jpg 2048w, https:\/\/prodoctor.net\/blog\/wp-content\/uploads\/2021\/04\/E-book-6-Dicas-para-ser-um-bom-medico-2.0-min-1080x351.jpg 1080w\" sizes=\"(max-width: 1024px) 100vw, 1024px\" \/><\/a><\/figure>\n\n\n\n<p><\/p>\n\n\n\n<h2 class=\"wp-block-heading\">Avan\u00e7os na Sa\u00fade em Outubro<\/h2>\n\n\n\n<figure class=\"wp-block-image size-large\"><a href=\"https:\/\/prodoctor.net\/blog\/wp-content\/uploads\/2020\/12\/OUTUBRO-min.png\"><img decoding=\"async\" width=\"770\" height=\"250\" src=\"https:\/\/prodoctor.net\/blog\/wp-content\/uploads\/2020\/12\/OUTUBRO-min.png\" alt=\"\" class=\"wp-image-18025\" srcset=\"https:\/\/prodoctor.net\/blog\/wp-content\/uploads\/2020\/12\/OUTUBRO-min.png 770w, https:\/\/prodoctor.net\/blog\/wp-content\/uploads\/2020\/12\/OUTUBRO-min-300x97.png 300w, https:\/\/prodoctor.net\/blog\/wp-content\/uploads\/2020\/12\/OUTUBRO-min-768x249.png 768w\" sizes=\"(max-width: 770px) 100vw, 770px\" \/><\/a><\/figure>\n\n\n\n<p>Enfim, depois de quase seis anos, a <strong><a href=\"https:\/\/bit.ly\/3b5Paod\" target=\"_blank\" rel=\"noreferrer noopener\">Ag\u00eancia Nacional de Vigil\u00e2ncia Sanit\u00e1ria (Anvisa)<\/a><\/strong> definiu e divulgou o novo modelo de r\u00f3tulo para bebidas e alimentos industrializados. As empresas t\u00eam at\u00e9 dois anos para se adequar \u00e0 nova regra.<\/p>\n\n\n\n<p>Como resultado, as embalagens de produtos que apresentarem alta quantidade de a\u00e7\u00facar, s\u00f3dio e gordura saturada s\u00e3o obrigadas a ter um s\u00edmbolo de lupa estampado na parte da frente da embalagem. Al\u00e9m disso, a partir de agora, a tabela nutricional tamb\u00e9m deve informar o teor de a\u00e7\u00facar adicionado.<\/p>\n\n\n\n<p><strong><a href=\"https:\/\/bit.ly\/2X87ODR\" target=\"_blank\" rel=\"noreferrer noopener\">Leia mais sobre mudan\u00e7as nos r\u00f3tulos de bebidas e alimentos<\/a><\/strong><\/p>\n\n\n\n<p>Outros dois importantes avan\u00e7os na Sa\u00fade mundial em 2020.<\/p>\n\n\n\n<ul class=\"wp-block-list\">\n<li><strong>Aprova\u00e7\u00e3o da Semaglutida<\/strong> &#8211; O medicamento foi um dos grandes destaques contra a obesidade no Congresso Europeu de Diabetes, realizado entre os dias 05 e 08 em formato virtual. Injet\u00e1vel e de uso semanal, est\u00e1 aprovado no Brasil para tratamento do diabetes tipo 2. Entretanto, em dosagem oral, devendo ser tomada em jejum e a cada dia. Dever\u00e1 chegar ao mercado no primeiro trimestre de 2021.<\/li>\n<\/ul>\n\n\n\n<ul class=\"wp-block-list\">\n<li><strong>Bact\u00e9rias aliadas<\/strong> &#8211; Quando invade o intestino, a bact\u00e9ria&nbsp;<em><strong>Clostridium difficile<\/strong><\/em>&nbsp;provoca diarreias e uma forte inflama\u00e7\u00e3o no sistema digestivo. Assim, a \u00fanica forma de tratar a enfermidade s\u00e3o os antibi\u00f3ticos. Todavia, eles tamb\u00e9m podem ser respons\u00e1veis por seu reaparecimento.<\/li>\n<\/ul>\n\n\n\n<p>A farmac\u00eautica <strong><a href=\"https:\/\/www.ferring.com\/\" target=\"_blank\" rel=\"noreferrer noopener\">Ferring <\/a><\/strong>e a empresa de biotecnologia <strong><a href=\"https:\/\/www.rebiotix.com\/\" target=\"_blank\" rel=\"noreferrer noopener\">Rebiotix<\/a><\/strong> desenvolveram f\u00f3rmulas que se revelaram efetivas para a transposi\u00e7\u00e3o de uma microbiota equilibrada, rica em bact\u00e9rias que beneficiam a sa\u00fade, para o indiv\u00edduo doente. Os trabalhos est\u00e3o na fase 3 de testes, \u00faltimo est\u00e1gio antes da aprova\u00e7\u00e3o para uso na popula\u00e7\u00e3o. Ap\u00f3s ser liberado nos EUA, dever\u00e1 chegar ao Brasil at\u00e9 2024.<\/p>\n\n\n\n<p>Conhecido pela sigla <strong>RBX2660<\/strong>, o novo tratamento \u00e9 feito a partir de microbioma, um conjunto de bact\u00e9rias saud\u00e1veis que vivem no intestino. Com a\u00e7\u00e3o cir\u00fargica, o grupo de micro-organismos \u00e9 introduzido no corpo por uma sonda retal. O objetivo \u00e9 reconquistar o espa\u00e7o e repovoar o trecho final do sistema digestivo.<\/p>\n\n\n\n<ul class=\"wp-block-list\">\n<li><strong>Finerenona<\/strong> &#8211; Uma nova esperan\u00e7a para quem sofre de diabetes tipo 2 e, especialmente, de insufici\u00eancia renal. O medicamento <strong><a href=\"https:\/\/bit.ly\/2KQ0JW9\" target=\"_blank\" rel=\"noreferrer noopener\">finerenona<\/a><\/strong> foi testado e apresentou resultados capazes de bloquear a aldosterona. O estudo foi publicado no &#8220;<strong>The New England Journal of Medicine<\/strong>, incluindo mais de 5 mil pacientes com diabetes tipo 2 e insufici\u00eancia renal. Durante cerca de dois anos e meio, os volunt\u00e1rios da finerenona foram acompanhados pela equipe m\u00e9dica, apresentando poucos efeitos colaterais e com uma &nbsp;redu\u00e7\u00e3o importante de problemas nos rins e no cora\u00e7\u00e3o.<\/li>\n<\/ul>\n\n\n\n<ul class=\"wp-block-list\">\n<li><strong>Imunoterapia e Semaglutida<\/strong> &#8211; A <strong>Ag\u00eancia Nacional de Vigil\u00e2ncia Sanit\u00e1ria (Anvisa)<\/strong>  aprovou o uso associado dos medicamentos <strong>atezolizumabe<\/strong> e <strong>bevacizumabe<\/strong>, os dois do laborat\u00f3rio <a href=\"https:\/\/www.roche.com.br\/\"><strong>Roche<\/strong><\/a>, para tratar tumores de f\u00edgado. Anualmente, a mol\u00e9stia leva \u00e0 morte mais de 700 mil pessoas no planeta, sendo 9700 delas no Brasil.  A doen\u00e7a se desenvolve a partir de uma primeira agress\u00e3o, podendo ter como causa o excesso de \u00e1lcool e gordura ou os v\u00edrus da hepatite B ou C.<\/li>\n<\/ul>\n\n\n\n<p>Primeiramente, falamos sobre a imunoterapia, que a cada dia ganha mais espa\u00e7o contra diferentes tipos de c\u00e2ncer e que tem demonstrado ser um dos grandes avan\u00e7os da Sa\u00fade mundial em 2020. Conforme explica o oncologista Gustavo Fernandes, diretor do <strong><a href=\"https:\/\/bit.ly\/3hFeMK9\" target=\"_blank\" rel=\"noreferrer noopener\">Hospital S\u00edrio-Liban\u00eas, em Bras\u00edlia<\/a><\/strong>, &#8220;uma imunoterapia estimula o pr\u00f3prio sistema imune a atacar as c\u00e9lulas tumorais, enquanto a segunda impede o crescimento de vasos sangu\u00edneos que levariam oxig\u00eanio e nutrientes para o tumor crescer\u201d.<\/p>\n\n\n\n<p>A sequ\u00eancia do tratamento ser\u00e1 prescrita nos casos em que n\u00e3o h\u00e1 possibilidade de realizar cirurgias. Ou, quando a enfermidade j\u00e1 se espalhou para outras partes do corpo.<\/p>\n\n\n\n<p>Por outro lado, a semaglutida para obesidade ainda n\u00e3o se encontra \u00e0 venda, o que dever\u00e1 acontecer depois que estiverem finalizados os dossi\u00eas cient\u00edficos, com a avalia\u00e7\u00e3o e a libera\u00e7\u00e3o pelas autoridades de Sa\u00fade.<\/p>\n\n\n\n<h2 class=\"wp-block-heading\">Novembro<\/h2>\n\n\n\n<figure class=\"wp-block-image size-large\"><a href=\"https:\/\/prodoctor.net\/blog\/wp-content\/uploads\/2020\/12\/NOVEMBRO-min.png\"><img decoding=\"async\" width=\"770\" height=\"250\" src=\"https:\/\/prodoctor.net\/blog\/wp-content\/uploads\/2020\/12\/NOVEMBRO-min.png\" alt=\"\" class=\"wp-image-18027\" srcset=\"https:\/\/prodoctor.net\/blog\/wp-content\/uploads\/2020\/12\/NOVEMBRO-min.png 770w, https:\/\/prodoctor.net\/blog\/wp-content\/uploads\/2020\/12\/NOVEMBRO-min-300x97.png 300w, https:\/\/prodoctor.net\/blog\/wp-content\/uploads\/2020\/12\/NOVEMBRO-min-768x249.png 768w\" sizes=\"(max-width: 770px) 100vw, 770px\" \/><\/a><\/figure>\n\n\n\n<ul class=\"wp-block-list\">\n<li><strong>Projeto DNA do Brasil<\/strong> &#8211; Lan\u00e7ado em 10 de dezembro de 2019, foi de import\u00e2ncia fundamental em 2020. Seu trabalho \u00e9 coordenado por Lygia da Veiga Pereira, chefe do <strong><a href=\"https:\/\/bit.ly\/2KTK2Js\" target=\"_blank\" rel=\"noreferrer noopener\">Departamento de Gen\u00e9tica e Biologia Evolutiva da Universidade de S\u00e3o Paulo (USP)<\/a><\/strong>, com o prop\u00f3sito de mapear o genoma da popula\u00e7\u00e3o brasileira. Assim, abre caminho para diagn\u00f3sticos e tratamentos mais precisos, podendo impactar na avalia\u00e7\u00e3o da resposta \u00e0 infec\u00e7\u00e3o nos mais variados perfis \u2013 idosos, obesos, pessoas com ou sem doen\u00e7as cr\u00f4nicas.<\/li>\n<\/ul>\n\n\n\n<ul class=\"wp-block-list\">\n<li><strong>Cloridrato de Escetamina<\/strong> <strong>(Spravato)<\/strong> &#8211; Este f\u00e1rmaco \u00e9 um spray nasal de a\u00e7\u00e3o ultrarr\u00e1pida que sinaliza um grande avan\u00e7o na Sa\u00fade em 2020, uma vez que representa um marco no tratamento da depress\u00e3o resistente a rem\u00e9dios. Com o nome comercial de <strong>Spravato<\/strong>, ele modula os n\u00edveis de glutamato, mol\u00e9cula que melhora conex\u00f5es entre os neur\u00f4nios e seu uso foi aprovado pela  Ag\u00eancia Nacional de Vigil\u00e2ncia Sanit\u00e1ria (Anvisa). Entretanto, somente deve ser administrado em hospitais e cl\u00ednicas autorizadas, sempre com a supervis\u00e3o de um profissional da \u00e1rea de Sa\u00fade.<\/li>\n<\/ul>\n\n\n\n<p>J\u00e1 liberado nos EUA, Canad\u00e1, em parte da Uni\u00e3o Europeia e em outros pa\u00edses, o f\u00e1rmaco foi desenvolvido pela Janssen e \u00e9 indicado quando dois ou mais medicamentos contra a depress\u00e3o falharam. Al\u00e9m disso, pode ser recomendado quando houver a presen\u00e7a de comportamento ou idea\u00e7\u00e3o suicida aguda. Ao contr\u00e1rio de outros antidepressivos, tem a\u00e7\u00e3o r\u00e1pida.<\/p>\n\n\n\n<p>Conforme estudos que antecederam sua aprova\u00e7\u00e3o, o Spravato reduziu os sintomas em at\u00e9 24 horas ap\u00f3s a primeira inala\u00e7\u00e3o. S\u00f3 para ilustrar: os medicamentos atuais levam mais de tr\u00eas semanas para produzir alguma melhora, sendo que cerca de um ter\u00e7o dos portadores do transtorno n\u00e3o responde a eles.<\/p>\n\n\n\n<p>Al\u00e9m disso, os antidepressivos utilizados atualmente tentam equilibrar os n\u00edveis de neurotransmissores ligados \u00e0 sensa\u00e7\u00e3o de bem-estar (serotonina, noradrenalina e dopamina). Por outro lado, o Spravato age nos receptores de glutamato, melhorando assim as conex\u00f5es entre os neur\u00f4nios.<\/p>\n\n\n\n<ul class=\"wp-block-list\">\n<li><strong>Microagulhas levam f\u00e1rmaco direto ao tumor de c\u00e2ncer de pele<\/strong> &#8211; Esta inova\u00e7\u00e3o tamb\u00e9m se destaca entre os avan\u00e7os na Sa\u00fade mundial em 2020. Ela resulta do estudo de Michelle Barreto Requena, do Grupo de \u00d3ptica do IFSC, Instituto de F\u00edsica de S\u00e3o Carlos (IFSC) da Universidade de S\u00e3o Paulo (USP), em colabora\u00e7\u00e3o com a Queen\u2019s University of Belfast (Reino Unido). <\/li>\n<\/ul>\n\n\n\n<p>A terapia consiste em utilizar microagulhas dissol\u00faveis que, aplicadas diretamente sobre o tumor, entregam f\u00e1rmacos para combater a doen\u00e7a, via Terapia Fotodin\u00e2mica (TFD). O m\u00e9todo foi testado em modelos animais. A pesquisa teve orienta\u00e7\u00e3o do professor Vanderlei Salvador Bagnato, do IFSC, e os resultados obtidos nos testes com camundongos foram superiores aos apresentados nas aplica\u00e7\u00f5es t\u00f3picas, que usualmente s\u00e3o feitas com creme.<\/p>\n\n\n\n<p>O artigo&nbsp;<em><a href=\"https:\/\/www2.ifsc.usp.br\/portal-ifsc\/wp-content\/uploads\/2020\/12\/michelle-artigo.pdf\" target=\"_blank\" rel=\"noreferrer noopener\"><strong>&#8220;Dissolving microneedles containing aminolevulinic acid improves protoporphyrin IX distribution&#8221;<\/strong><\/a><\/em>&nbsp;descreve os resultados e foi publicado no&nbsp;<em><strong>&#8220;Journal Biophotonics&#8221;<\/strong><\/em>.<\/p>\n\n\n\n<h2 class=\"wp-block-heading\">Dezembro<\/h2>\n\n\n\n<figure class=\"wp-block-image size-large\"><a href=\"https:\/\/prodoctor.net\/blog\/wp-content\/uploads\/2020\/12\/DEZEMBRO-min.png\"><img decoding=\"async\" width=\"770\" height=\"250\" src=\"https:\/\/prodoctor.net\/blog\/wp-content\/uploads\/2020\/12\/DEZEMBRO-min.png\" alt=\"avan\u00e7os na sa\u00fade\" class=\"wp-image-18033\" srcset=\"https:\/\/prodoctor.net\/blog\/wp-content\/uploads\/2020\/12\/DEZEMBRO-min.png 770w, https:\/\/prodoctor.net\/blog\/wp-content\/uploads\/2020\/12\/DEZEMBRO-min-300x97.png 300w, https:\/\/prodoctor.net\/blog\/wp-content\/uploads\/2020\/12\/DEZEMBRO-min-768x249.png 768w\" sizes=\"(max-width: 770px) 100vw, 770px\" \/><\/a><\/figure>\n\n\n\n<p>Dezembro foi de grande import\u00e2ncia e expectativa, principalmente, por causa das vacinas em desenvolvimento contra o Coronav\u00edrus. Confira, nos t\u00f3picos a seguir, os \u00faltimos avan\u00e7os na Sa\u00fade Mundial em 2020.<\/p>\n\n\n\n<ul class=\"wp-block-list\">\n<li><strong>Nova droga <\/strong>&#8211;  No dia 25, o <strong>&#8220;The Guardian&#8221;<\/strong> divulgou que cientistas brit\u00e2nicos testam uma nova droga que poderia impedir quem pegou o coronav\u00edrus de desenvolver a Covid-19. O tratamento impede que o v\u00edrus se acople \u00e0s c\u00e9lulas humanas. Conhecido como <strong>AZD7442<\/strong>, o medicamento desenvolvido pela AstraZeneca envolveria uma combina\u00e7\u00e3o de anticorpos de longa a\u00e7\u00e3o. Pesquisadores da University College London Hospitals&nbsp; (UCLH) tamb\u00e9m est\u00e3o envolvidos no projeto.<\/li>\n<\/ul>\n\n\n\n<p>Ao contr\u00e1rio dos anticorpos produzidos pelo organismo para combater a infec\u00e7\u00e3o, o f\u00e1rmaco utiliza anticorpos monoclonais criados em laborat\u00f3rio. Dessa maneira, poderia prover imunidade instant\u00e2nea contra a doen\u00e7a, sendo ministrado como tratamento emergencial, com o intuito de conter surtos da doen\u00e7a em hospitais e asilos. <\/p>\n\n\n\n<p>Al\u00e9m disso, seria uma forma de conter o n\u00famero de mortes e complica\u00e7\u00f5es causadas pela Covid-19 enquanto n\u00e3o h\u00e1 vacinas para imunizar toda a popula\u00e7\u00e3o. Os cientistas estimam que o tratamento possa&nbsp;impedir que os pacientes tenham complica\u00e7\u00f5es da doen\u00e7a durante um ano, desde que tomem o medicamento at\u00e9, no m\u00e1ximo, oito dias ap\u00f3s a exposi\u00e7\u00e3o ao v\u00edrus. Os estudos receberam o nome de&nbsp;<em><strong>\u201cStorm Chaser\u201d<\/strong><\/em>.<\/p>\n\n\n\n<p>Um teste paralelo tamb\u00e9m \u00e9 realizado com o mesmo f\u00e1rmaco, com o prop\u00f3sito de descobrir se protege pessoas com o sistema imune comprometido, conforme \u00e9 a situa\u00e7\u00e3o de quem faz quimioterapia. O estudo recebeu o nome de de&nbsp;<em>\u201c<strong>Provent<\/strong>\u201d<\/em> e, de maneira id\u00eantica ao &#8220;<em><strong>Storm Chaser<\/strong>&#8220;<\/em>, est\u00e1 na fase 3 (final) dos testes de medicamentos.<\/p>\n\n\n\n<hr class=\"wp-block-separator has-css-opacity\"\/>\n\n\n\n<p class=\"has-text-align-center\"><strong><a href=\"https:\/\/glo.bo\/3on0ujW\" target=\"_blank\" rel=\"noreferrer noopener\">Confira outros estudos<\/a><\/strong><\/p>\n\n\n\n<hr class=\"wp-block-separator has-css-opacity\"\/>\n\n\n\n<p><strong>Healthtechs<\/strong> &#8211; O crescimento exponencial das <strong><a href=\"https:\/\/bit.ly\/3b7jkaN\" target=\"_blank\" rel=\"noreferrer noopener\">healthtechs<\/a><\/strong>, startups que desenvolvem tecnologias para otimizar a\u00e7\u00f5es relacionadas ao sistema de sa\u00fade e bem-estar, figura tamb\u00e9m com destaque entre os avan\u00e7os na Sa\u00fade mundial em 2020. <\/p>\n\n\n\n<p><strong>Vacinas<\/strong> &#8211; Em menos de um ano, a comunidade cient\u00edfica do planeta foi capaz de identificar, nomear, estudar e entender um v\u00edrus novo, desenvolvendo v\u00e1rias <strong><a href=\"https:\/\/bit.ly\/3baLzp5\" target=\"_blank\" rel=\"noreferrer noopener\">vacinas<\/a><\/strong> para combat\u00ea-lo. Sem d\u00favida, <strong><a href=\"https:\/\/bbc.in\/3hIC4P2\" target=\"_blank\" rel=\"noreferrer noopener\">em um tempo recorde na hist\u00f3ria da humanidade!<\/a><\/strong><\/p>\n\n\n\n<p>A <strong><a href=\"https:\/\/glo.bo\/3hM7u7u\" target=\"_blank\" rel=\"noreferrer noopener\">primeira delas foi aprovada na R\u00fassia<\/a><\/strong>, j\u00e1 em agosto, ainda que sem a divulga\u00e7\u00e3o oficial de seus resultados finais, e j\u00e1 aplicada em centenas de milhares de pessoas. Desde ent\u00e3o, outra candidata tamb\u00e9m foi aprovada e come\u00e7ou a ser aplicada no&nbsp;<strong><a href=\"https:\/\/glo.bo\/3okDDVS\">Reino Unido<\/a><\/strong>;&nbsp;<strong><a href=\"https:\/\/glo.bo\/2KTFq65\" target=\"_blank\" rel=\"noreferrer noopener\">nos Estados Unidos e no Canad\u00e1<\/a><\/strong>; e na&nbsp;<strong><a href=\"https:\/\/glo.bo\/35sYNtR\" target=\"_blank\" rel=\"noreferrer noopener\">Ar\u00e1bia Saudita<\/a><\/strong>. Na&nbsp;<strong><a href=\"https:\/\/glo.bo\/3rVDiez\" target=\"_blank\" rel=\"noreferrer noopener\">Uni\u00e3o Europeia<\/a><\/strong>, 25 dos 27 pa\u00edses j\u00e1 come\u00e7aram a vacina\u00e7\u00e3o. Ao redor do mundo,&nbsp;<strong><a href=\"https:\/\/bit.ly\/2XaA2Oa\" target=\"_blank\" rel=\"noreferrer noopener\">mais de 40 pa\u00edses j\u00e1 iniciaram a imuniza\u00e7\u00e3o<\/a><\/strong>.<\/p>\n\n\n\n<hr class=\"wp-block-separator has-css-opacity\"\/>\n\n\n\n<div class=\"wp-block-buttons is-horizontal is-content-justification-center is-layout-flex wp-container-core-buttons-is-layout-499968f5 wp-block-buttons-is-layout-flex\">\n<div class=\"wp-block-button\"><a class=\"wp-block-button__link has-background wp-element-button\" style=\"background-color:#a5c74b\">Avan\u00e7os na Sa\u00fade &#8211; Parte 1<\/a><\/div>\n<\/div>\n\n\n","protected":false},"excerpt":{"rendered":"<p>Foram registrados avan\u00e7os na Sa\u00fade mundial em 2020, embora o tema Coronav\u00edrus tenha predominado no notici\u00e1rio da \u00e1rea da Sa\u00fade em todo o planeta. Al\u00e9m disso, a pr\u00f3pria pandemia tornou-se um desafio para que progressos fossem alcan\u00e7ados.<\/p>\n","protected":false},"author":1,"featured_media":21014,"comment_status":"closed","ping_status":"open","sticky":false,"template":"","format":"standard","meta":{"_kad_blocks_custom_css":"","_kad_blocks_head_custom_js":"","_kad_blocks_body_custom_js":"","_kad_blocks_footer_custom_js":"","_kadence_starter_templates_imported_post":false,"_kad_post_transparent":"","_kad_post_title":"","_kad_post_layout":"","_kad_post_sidebar_id":"","_kad_post_content_style":"","_kad_post_vertical_padding":"","_kad_post_feature":"","_kad_post_feature_position":"","_kad_post_header":false,"_kad_post_footer":false,"footnotes":""},"categories":[414],"tags":[694,691,693,697,695,696,665,692,698],"class_list":["post-18003","post","type-post","status-publish","format-standard","has-post-thumbnail","hentry","category-tecnologia-medicina","tag-anemia-falsiforme","tag-avancos-na-saude-mundial-em-2020","tag-avc","tag-codigo-genetico","tag-dpoc","tag-imunoterapia","tag-lgpd","tag-terapia-genica","tag-vacina-contra-covid"],"yoast_head":"<!-- This site is optimized with the Yoast SEO plugin v27.0 - https:\/\/yoast.com\/product\/yoast-seo-wordpress\/ -->\n<title>Avan\u00e7os na Sa\u00fade mundial em 2020 - Parte 2 - Blog ProDoctor<\/title>\n<meta name=\"description\" content=\"Confira quais foram os principais avan\u00e7os na sa\u00fade mundial em 2020 e seus descobramentos para a maior qualidade de vida da popula\u00e7\u00e3o.\" \/>\n<meta name=\"robots\" content=\"index, follow, max-snippet:-1, max-image-preview:large, max-video-preview:-1\" \/>\n<link rel=\"canonical\" href=\"https:\/\/prodoctor.net\/blog\/avancos-na-saude-mundial-em-2020-parte-2\/\" \/>\n<meta property=\"og:locale\" content=\"pt_BR\" \/>\n<meta property=\"og:type\" content=\"article\" \/>\n<meta property=\"og:title\" content=\"Avan\u00e7os na Sa\u00fade mundial em 2020 - Parte 2 - Blog ProDoctor\" \/>\n<meta property=\"og:description\" content=\"Confira quais foram os principais avan\u00e7os na sa\u00fade mundial em 2020 e seus descobramentos para a maior qualidade de vida da popula\u00e7\u00e3o.\" \/>\n<meta property=\"og:url\" content=\"https:\/\/prodoctor.net\/blog\/avancos-na-saude-mundial-em-2020-parte-2\/\" \/>\n<meta property=\"og:site_name\" content=\"Blog ProDoctor\" \/>\n<meta property=\"article:publisher\" content=\"https:\/\/www.facebook.com\/prodoctorsoftware\" \/>\n<meta property=\"article:published_time\" content=\"2021-01-06T14:28:43+00:00\" \/>\n<meta property=\"article:modified_time\" content=\"2024-02-28T19:24:41+00:00\" \/>\n<meta property=\"og:image\" content=\"https:\/\/prodoctor.net\/blog\/wp-content\/uploads\/2021\/01\/avancos-na-saude-em-2020-min.png\" \/>\n\t<meta property=\"og:image:width\" content=\"770\" \/>\n\t<meta property=\"og:image:height\" content=\"400\" \/>\n\t<meta property=\"og:image:type\" content=\"image\/png\" \/>\n<meta name=\"author\" content=\"ProDoctor Software\" \/>\n<meta name=\"twitter:card\" content=\"summary_large_image\" \/>\n<meta name=\"twitter:creator\" content=\"@prodoctorsoft\" \/>\n<meta name=\"twitter:site\" content=\"@prodoctorsoft\" \/>\n<meta name=\"twitter:label1\" content=\"Escrito por\" \/>\n\t<meta name=\"twitter:data1\" content=\"ProDoctor Software\" \/>\n\t<meta name=\"twitter:label2\" content=\"Est. tempo de leitura\" \/>\n\t<meta name=\"twitter:data2\" content=\"18 minutos\" \/>\n<script type=\"application\/ld+json\" class=\"yoast-schema-graph\">{\"@context\":\"https:\/\/schema.org\",\"@graph\":[{\"@type\":\"Article\",\"@id\":\"https:\/\/prodoctor.net\/blog\/avancos-na-saude-mundial-em-2020-parte-2\/#article\",\"isPartOf\":{\"@id\":\"https:\/\/prodoctor.net\/blog\/avancos-na-saude-mundial-em-2020-parte-2\/\"},\"author\":{\"name\":\"ProDoctor Software\",\"@id\":\"https:\/\/prodoctor.net\/blog\/#\/schema\/person\/8878914b17cd360e7ec0ddee1ed8c544\"},\"headline\":\"Avan\u00e7os na Sa\u00fade mundial em 2020 &#8211; Parte 2\",\"datePublished\":\"2021-01-06T14:28:43+00:00\",\"dateModified\":\"2024-02-28T19:24:41+00:00\",\"mainEntityOfPage\":{\"@id\":\"https:\/\/prodoctor.net\/blog\/avancos-na-saude-mundial-em-2020-parte-2\/\"},\"wordCount\":3230,\"publisher\":{\"@id\":\"https:\/\/prodoctor.net\/blog\/#organization\"},\"image\":{\"@id\":\"https:\/\/prodoctor.net\/blog\/avancos-na-saude-mundial-em-2020-parte-2\/#primaryimage\"},\"thumbnailUrl\":\"https:\/\/prodoctor.net\/blog\/wp-content\/uploads\/2021\/01\/avancos-na-saude-em-2020-min.png\",\"keywords\":[\"Anemia falsiforme\",\"Avan\u00e7os na Sa\u00fade Mundial em 2020\",\"AVC\",\"C\u00f3digo gen\u00e9tico\",\"DPOC\",\"Imunoterapia\",\"LGPD\",\"Terapia G\u00eanica\",\"Vacina contra COVID\"],\"articleSection\":[\"Tecnologia na Medicina\"],\"inLanguage\":\"pt-BR\"},{\"@type\":\"WebPage\",\"@id\":\"https:\/\/prodoctor.net\/blog\/avancos-na-saude-mundial-em-2020-parte-2\/\",\"url\":\"https:\/\/prodoctor.net\/blog\/avancos-na-saude-mundial-em-2020-parte-2\/\",\"name\":\"Avan\u00e7os na Sa\u00fade mundial em 2020 - Parte 2 - Blog ProDoctor\",\"isPartOf\":{\"@id\":\"https:\/\/prodoctor.net\/blog\/#website\"},\"primaryImageOfPage\":{\"@id\":\"https:\/\/prodoctor.net\/blog\/avancos-na-saude-mundial-em-2020-parte-2\/#primaryimage\"},\"image\":{\"@id\":\"https:\/\/prodoctor.net\/blog\/avancos-na-saude-mundial-em-2020-parte-2\/#primaryimage\"},\"thumbnailUrl\":\"https:\/\/prodoctor.net\/blog\/wp-content\/uploads\/2021\/01\/avancos-na-saude-em-2020-min.png\",\"datePublished\":\"2021-01-06T14:28:43+00:00\",\"dateModified\":\"2024-02-28T19:24:41+00:00\",\"description\":\"Confira quais foram os principais avan\u00e7os na sa\u00fade mundial em 2020 e seus descobramentos para a maior qualidade de vida da popula\u00e7\u00e3o.\",\"breadcrumb\":{\"@id\":\"https:\/\/prodoctor.net\/blog\/avancos-na-saude-mundial-em-2020-parte-2\/#breadcrumb\"},\"inLanguage\":\"pt-BR\",\"potentialAction\":[{\"@type\":\"ReadAction\",\"target\":[\"https:\/\/prodoctor.net\/blog\/avancos-na-saude-mundial-em-2020-parte-2\/\"]}]},{\"@type\":\"ImageObject\",\"inLanguage\":\"pt-BR\",\"@id\":\"https:\/\/prodoctor.net\/blog\/avancos-na-saude-mundial-em-2020-parte-2\/#primaryimage\",\"url\":\"https:\/\/prodoctor.net\/blog\/wp-content\/uploads\/2021\/01\/avancos-na-saude-em-2020-min.png\",\"contentUrl\":\"https:\/\/prodoctor.net\/blog\/wp-content\/uploads\/2021\/01\/avancos-na-saude-em-2020-min.png\",\"width\":770,\"height\":400,\"caption\":\"avancos na saude em 2020\"},{\"@type\":\"BreadcrumbList\",\"@id\":\"https:\/\/prodoctor.net\/blog\/avancos-na-saude-mundial-em-2020-parte-2\/#breadcrumb\",\"itemListElement\":[{\"@type\":\"ListItem\",\"position\":1,\"name\":\"In\u00edcio\",\"item\":\"https:\/\/prodoctor.net\/blog\/\"},{\"@type\":\"ListItem\",\"position\":2,\"name\":\"Avan\u00e7os na Sa\u00fade mundial em 2020 &#8211; Parte 2\"}]},{\"@type\":\"WebSite\",\"@id\":\"https:\/\/prodoctor.net\/blog\/#website\",\"url\":\"https:\/\/prodoctor.net\/blog\/\",\"name\":\"Blog ProDoctor\",\"description\":\"Tudo sobre o mundo da Sa\u00fade\",\"publisher\":{\"@id\":\"https:\/\/prodoctor.net\/blog\/#organization\"},\"potentialAction\":[{\"@type\":\"SearchAction\",\"target\":{\"@type\":\"EntryPoint\",\"urlTemplate\":\"https:\/\/prodoctor.net\/blog\/?s={search_term_string}\"},\"query-input\":{\"@type\":\"PropertyValueSpecification\",\"valueRequired\":true,\"valueName\":\"search_term_string\"}}],\"inLanguage\":\"pt-BR\"},{\"@type\":\"Organization\",\"@id\":\"https:\/\/prodoctor.net\/blog\/#organization\",\"name\":\"ProDoctor Software S\/A\",\"url\":\"https:\/\/prodoctor.net\/blog\/\",\"logo\":{\"@type\":\"ImageObject\",\"inLanguage\":\"pt-BR\",\"@id\":\"https:\/\/prodoctor.net\/blog\/#\/schema\/logo\/image\/\",\"url\":\"https:\/\/prodoctor.net\/blog\/wp-content\/uploads\/2017\/01\/Logo_PDo_Lateral.png\",\"contentUrl\":\"https:\/\/prodoctor.net\/blog\/wp-content\/uploads\/2017\/01\/Logo_PDo_Lateral.png\",\"width\":2014,\"height\":485,\"caption\":\"ProDoctor Software S\/A\"},\"image\":{\"@id\":\"https:\/\/prodoctor.net\/blog\/#\/schema\/logo\/image\/\"},\"sameAs\":[\"https:\/\/www.facebook.com\/prodoctorsoftware\",\"https:\/\/x.com\/prodoctorsoft\",\"https:\/\/www.instagram.com\/prodoctorsoftware\/\",\"https:\/\/www.linkedin.com\/company\/prodoctor-software-ltda\",\"https:\/\/www.youtube.com\/channel\/UCIWuDLsVtIpX-PEqQn1pNlw\"]},{\"@type\":\"Person\",\"@id\":\"https:\/\/prodoctor.net\/blog\/#\/schema\/person\/8878914b17cd360e7ec0ddee1ed8c544\",\"name\":\"ProDoctor Software\",\"image\":{\"@type\":\"ImageObject\",\"inLanguage\":\"pt-BR\",\"@id\":\"https:\/\/prodoctor.net\/blog\/#\/schema\/person\/image\/\",\"url\":\"https:\/\/secure.gravatar.com\/avatar\/a67bdb10f2e6695f7ae356a84deeaf10b545567f0ac054e9bfe8ec56e86317ec?s=96&d=mm&r=g\",\"contentUrl\":\"https:\/\/secure.gravatar.com\/avatar\/a67bdb10f2e6695f7ae356a84deeaf10b545567f0ac054e9bfe8ec56e86317ec?s=96&d=mm&r=g\",\"caption\":\"ProDoctor Software\"},\"sameAs\":[\"http:\/\/prodoctor.net\",\"https:\/\/x.com\/prodoctorsoft\"]}]}<\/script>\n<!-- \/ Yoast SEO plugin. -->","yoast_head_json":{"title":"Avan\u00e7os na Sa\u00fade mundial em 2020 - Parte 2 - Blog ProDoctor","description":"Confira quais foram os principais avan\u00e7os na sa\u00fade mundial em 2020 e seus descobramentos para a maior qualidade de vida da popula\u00e7\u00e3o.","robots":{"index":"index","follow":"follow","max-snippet":"max-snippet:-1","max-image-preview":"max-image-preview:large","max-video-preview":"max-video-preview:-1"},"canonical":"https:\/\/prodoctor.net\/blog\/avancos-na-saude-mundial-em-2020-parte-2\/","og_locale":"pt_BR","og_type":"article","og_title":"Avan\u00e7os na Sa\u00fade mundial em 2020 - Parte 2 - Blog ProDoctor","og_description":"Confira quais foram os principais avan\u00e7os na sa\u00fade mundial em 2020 e seus descobramentos para a maior qualidade de vida da popula\u00e7\u00e3o.","og_url":"https:\/\/prodoctor.net\/blog\/avancos-na-saude-mundial-em-2020-parte-2\/","og_site_name":"Blog ProDoctor","article_publisher":"https:\/\/www.facebook.com\/prodoctorsoftware","article_published_time":"2021-01-06T14:28:43+00:00","article_modified_time":"2024-02-28T19:24:41+00:00","og_image":[{"width":770,"height":400,"url":"https:\/\/prodoctor.net\/blog\/wp-content\/uploads\/2021\/01\/avancos-na-saude-em-2020-min.png","type":"image\/png"}],"author":"ProDoctor Software","twitter_card":"summary_large_image","twitter_creator":"@prodoctorsoft","twitter_site":"@prodoctorsoft","twitter_misc":{"Escrito por":"ProDoctor Software","Est. tempo de leitura":"18 minutos"},"schema":{"@context":"https:\/\/schema.org","@graph":[{"@type":"Article","@id":"https:\/\/prodoctor.net\/blog\/avancos-na-saude-mundial-em-2020-parte-2\/#article","isPartOf":{"@id":"https:\/\/prodoctor.net\/blog\/avancos-na-saude-mundial-em-2020-parte-2\/"},"author":{"name":"ProDoctor Software","@id":"https:\/\/prodoctor.net\/blog\/#\/schema\/person\/8878914b17cd360e7ec0ddee1ed8c544"},"headline":"Avan\u00e7os na Sa\u00fade mundial em 2020 &#8211; Parte 2","datePublished":"2021-01-06T14:28:43+00:00","dateModified":"2024-02-28T19:24:41+00:00","mainEntityOfPage":{"@id":"https:\/\/prodoctor.net\/blog\/avancos-na-saude-mundial-em-2020-parte-2\/"},"wordCount":3230,"publisher":{"@id":"https:\/\/prodoctor.net\/blog\/#organization"},"image":{"@id":"https:\/\/prodoctor.net\/blog\/avancos-na-saude-mundial-em-2020-parte-2\/#primaryimage"},"thumbnailUrl":"https:\/\/prodoctor.net\/blog\/wp-content\/uploads\/2021\/01\/avancos-na-saude-em-2020-min.png","keywords":["Anemia falsiforme","Avan\u00e7os na Sa\u00fade Mundial em 2020","AVC","C\u00f3digo gen\u00e9tico","DPOC","Imunoterapia","LGPD","Terapia G\u00eanica","Vacina contra COVID"],"articleSection":["Tecnologia na Medicina"],"inLanguage":"pt-BR"},{"@type":"WebPage","@id":"https:\/\/prodoctor.net\/blog\/avancos-na-saude-mundial-em-2020-parte-2\/","url":"https:\/\/prodoctor.net\/blog\/avancos-na-saude-mundial-em-2020-parte-2\/","name":"Avan\u00e7os na Sa\u00fade mundial em 2020 - Parte 2 - Blog ProDoctor","isPartOf":{"@id":"https:\/\/prodoctor.net\/blog\/#website"},"primaryImageOfPage":{"@id":"https:\/\/prodoctor.net\/blog\/avancos-na-saude-mundial-em-2020-parte-2\/#primaryimage"},"image":{"@id":"https:\/\/prodoctor.net\/blog\/avancos-na-saude-mundial-em-2020-parte-2\/#primaryimage"},"thumbnailUrl":"https:\/\/prodoctor.net\/blog\/wp-content\/uploads\/2021\/01\/avancos-na-saude-em-2020-min.png","datePublished":"2021-01-06T14:28:43+00:00","dateModified":"2024-02-28T19:24:41+00:00","description":"Confira quais foram os principais avan\u00e7os na sa\u00fade mundial em 2020 e seus descobramentos para a maior qualidade de vida da popula\u00e7\u00e3o.","breadcrumb":{"@id":"https:\/\/prodoctor.net\/blog\/avancos-na-saude-mundial-em-2020-parte-2\/#breadcrumb"},"inLanguage":"pt-BR","potentialAction":[{"@type":"ReadAction","target":["https:\/\/prodoctor.net\/blog\/avancos-na-saude-mundial-em-2020-parte-2\/"]}]},{"@type":"ImageObject","inLanguage":"pt-BR","@id":"https:\/\/prodoctor.net\/blog\/avancos-na-saude-mundial-em-2020-parte-2\/#primaryimage","url":"https:\/\/prodoctor.net\/blog\/wp-content\/uploads\/2021\/01\/avancos-na-saude-em-2020-min.png","contentUrl":"https:\/\/prodoctor.net\/blog\/wp-content\/uploads\/2021\/01\/avancos-na-saude-em-2020-min.png","width":770,"height":400,"caption":"avancos na saude em 2020"},{"@type":"BreadcrumbList","@id":"https:\/\/prodoctor.net\/blog\/avancos-na-saude-mundial-em-2020-parte-2\/#breadcrumb","itemListElement":[{"@type":"ListItem","position":1,"name":"In\u00edcio","item":"https:\/\/prodoctor.net\/blog\/"},{"@type":"ListItem","position":2,"name":"Avan\u00e7os na Sa\u00fade mundial em 2020 &#8211; Parte 2"}]},{"@type":"WebSite","@id":"https:\/\/prodoctor.net\/blog\/#website","url":"https:\/\/prodoctor.net\/blog\/","name":"Blog ProDoctor","description":"Tudo sobre o mundo da Sa\u00fade","publisher":{"@id":"https:\/\/prodoctor.net\/blog\/#organization"},"potentialAction":[{"@type":"SearchAction","target":{"@type":"EntryPoint","urlTemplate":"https:\/\/prodoctor.net\/blog\/?s={search_term_string}"},"query-input":{"@type":"PropertyValueSpecification","valueRequired":true,"valueName":"search_term_string"}}],"inLanguage":"pt-BR"},{"@type":"Organization","@id":"https:\/\/prodoctor.net\/blog\/#organization","name":"ProDoctor Software S\/A","url":"https:\/\/prodoctor.net\/blog\/","logo":{"@type":"ImageObject","inLanguage":"pt-BR","@id":"https:\/\/prodoctor.net\/blog\/#\/schema\/logo\/image\/","url":"https:\/\/prodoctor.net\/blog\/wp-content\/uploads\/2017\/01\/Logo_PDo_Lateral.png","contentUrl":"https:\/\/prodoctor.net\/blog\/wp-content\/uploads\/2017\/01\/Logo_PDo_Lateral.png","width":2014,"height":485,"caption":"ProDoctor Software S\/A"},"image":{"@id":"https:\/\/prodoctor.net\/blog\/#\/schema\/logo\/image\/"},"sameAs":["https:\/\/www.facebook.com\/prodoctorsoftware","https:\/\/x.com\/prodoctorsoft","https:\/\/www.instagram.com\/prodoctorsoftware\/","https:\/\/www.linkedin.com\/company\/prodoctor-software-ltda","https:\/\/www.youtube.com\/channel\/UCIWuDLsVtIpX-PEqQn1pNlw"]},{"@type":"Person","@id":"https:\/\/prodoctor.net\/blog\/#\/schema\/person\/8878914b17cd360e7ec0ddee1ed8c544","name":"ProDoctor Software","image":{"@type":"ImageObject","inLanguage":"pt-BR","@id":"https:\/\/prodoctor.net\/blog\/#\/schema\/person\/image\/","url":"https:\/\/secure.gravatar.com\/avatar\/a67bdb10f2e6695f7ae356a84deeaf10b545567f0ac054e9bfe8ec56e86317ec?s=96&d=mm&r=g","contentUrl":"https:\/\/secure.gravatar.com\/avatar\/a67bdb10f2e6695f7ae356a84deeaf10b545567f0ac054e9bfe8ec56e86317ec?s=96&d=mm&r=g","caption":"ProDoctor Software"},"sameAs":["http:\/\/prodoctor.net","https:\/\/x.com\/prodoctorsoft"]}]}},"taxonomy_info":{"category":[{"value":414,"label":"Tecnologia na Medicina"}],"post_tag":[{"value":694,"label":"Anemia falsiforme"},{"value":691,"label":"Avan\u00e7os na Sa\u00fade Mundial em 2020"},{"value":693,"label":"AVC"},{"value":697,"label":"C\u00f3digo gen\u00e9tico"},{"value":695,"label":"DPOC"},{"value":696,"label":"Imunoterapia"},{"value":665,"label":"LGPD"},{"value":692,"label":"Terapia G\u00eanica"},{"value":698,"label":"Vacina contra COVID"}]},"featured_image_src_large":["https:\/\/prodoctor.net\/blog\/wp-content\/uploads\/2021\/01\/avancos-na-saude-em-2020-min.png",770,400,false],"author_info":{"display_name":"ProDoctor Software","author_link":"https:\/\/prodoctor.net\/blog\/author\/redesocialprodoctor-net\/"},"comment_info":0,"category_info":[{"term_id":414,"name":"Tecnologia na Medicina","slug":"tecnologia-medicina","term_group":0,"term_taxonomy_id":414,"taxonomy":"category","description":"","parent":0,"count":157,"filter":"raw","cat_ID":414,"category_count":157,"category_description":"","cat_name":"Tecnologia na Medicina","category_nicename":"tecnologia-medicina","category_parent":0}],"tag_info":[{"term_id":694,"name":"Anemia falsiforme","slug":"anemia-falsiforme","term_group":0,"term_taxonomy_id":694,"taxonomy":"post_tag","description":"","parent":0,"count":1,"filter":"raw"},{"term_id":691,"name":"Avan\u00e7os na Sa\u00fade Mundial em 2020","slug":"avancos-na-saude-mundial-em-2020","term_group":0,"term_taxonomy_id":691,"taxonomy":"post_tag","description":"","parent":0,"count":1,"filter":"raw"},{"term_id":693,"name":"AVC","slug":"avc","term_group":0,"term_taxonomy_id":693,"taxonomy":"post_tag","description":"","parent":0,"count":1,"filter":"raw"},{"term_id":697,"name":"C\u00f3digo gen\u00e9tico","slug":"codigo-genetico","term_group":0,"term_taxonomy_id":697,"taxonomy":"post_tag","description":"","parent":0,"count":1,"filter":"raw"},{"term_id":695,"name":"DPOC","slug":"dpoc","term_group":0,"term_taxonomy_id":695,"taxonomy":"post_tag","description":"","parent":0,"count":1,"filter":"raw"},{"term_id":696,"name":"Imunoterapia","slug":"imunoterapia","term_group":0,"term_taxonomy_id":696,"taxonomy":"post_tag","description":"","parent":0,"count":1,"filter":"raw"},{"term_id":665,"name":"LGPD","slug":"lgpd","term_group":0,"term_taxonomy_id":665,"taxonomy":"post_tag","description":"","parent":0,"count":11,"filter":"raw"},{"term_id":692,"name":"Terapia G\u00eanica","slug":"terapia-genica","term_group":0,"term_taxonomy_id":692,"taxonomy":"post_tag","description":"","parent":0,"count":1,"filter":"raw"},{"term_id":698,"name":"Vacina contra COVID","slug":"vacina-contra-covid","term_group":0,"term_taxonomy_id":698,"taxonomy":"post_tag","description":"","parent":0,"count":1,"filter":"raw"}],"_links":{"self":[{"href":"https:\/\/prodoctor.net\/blog\/wp-json\/wp\/v2\/posts\/18003","targetHints":{"allow":["GET"]}}],"collection":[{"href":"https:\/\/prodoctor.net\/blog\/wp-json\/wp\/v2\/posts"}],"about":[{"href":"https:\/\/prodoctor.net\/blog\/wp-json\/wp\/v2\/types\/post"}],"author":[{"embeddable":true,"href":"https:\/\/prodoctor.net\/blog\/wp-json\/wp\/v2\/users\/1"}],"replies":[{"embeddable":true,"href":"https:\/\/prodoctor.net\/blog\/wp-json\/wp\/v2\/comments?post=18003"}],"version-history":[{"count":31,"href":"https:\/\/prodoctor.net\/blog\/wp-json\/wp\/v2\/posts\/18003\/revisions"}],"predecessor-version":[{"id":28319,"href":"https:\/\/prodoctor.net\/blog\/wp-json\/wp\/v2\/posts\/18003\/revisions\/28319"}],"wp:featuredmedia":[{"embeddable":true,"href":"https:\/\/prodoctor.net\/blog\/wp-json\/wp\/v2\/media\/21014"}],"wp:attachment":[{"href":"https:\/\/prodoctor.net\/blog\/wp-json\/wp\/v2\/media?parent=18003"}],"wp:term":[{"taxonomy":"category","embeddable":true,"href":"https:\/\/prodoctor.net\/blog\/wp-json\/wp\/v2\/categories?post=18003"},{"taxonomy":"post_tag","embeddable":true,"href":"https:\/\/prodoctor.net\/blog\/wp-json\/wp\/v2\/tags?post=18003"}],"curies":[{"name":"wp","href":"https:\/\/api.w.org\/{rel}","templated":true}]}}