{"id":17508,"date":"2020-10-21T14:12:26","date_gmt":"2020-10-21T17:12:26","guid":{"rendered":"https:\/\/prodoctor.net\/blog\/?p=17508"},"modified":"2024-03-25T15:38:49","modified_gmt":"2024-03-25T18:38:49","slug":"seguranca-do-paciente","status":"publish","type":"post","link":"https:\/\/prodoctor.net\/blog\/seguranca-do-paciente\/","title":{"rendered":"Seguran\u00e7a do Paciente: o que \u00e9?"},"content":{"rendered":"\n<p>A <strong>Seguran\u00e7a do Paciente<\/strong> tornou-se o grande objetivo das institui\u00e7\u00f5es de do setor de Sa\u00fade, com o intuito de evitar a possibilidade do erro m\u00e9dico. Nesse sentido, v\u00e1rias a\u00e7\u00f5es passaram a ser desenvolvidas para reduzir a um m\u00ednimo aceit\u00e1vel qualquer tipo de risco de dano desnecess\u00e1rio associado ao cuidado destinado ao paciente. Hoje, \u00e9 um dos pilares para que o atendimento de qualidade tenha todo o amparo de seguran\u00e7a.<\/p>\n\n\n\n<p>Neste post, a <strong><a href=\"https:\/\/prodoctor.net\/\" target=\"_blank\" rel=\"noreferrer noopener\">ProDoctor Software<\/a><\/strong> traz para voc\u00ea informa\u00e7\u00f5es detalhadas acerca desta preocupa\u00e7\u00e3o, inicialmente externada pela <strong><a href=\"https:\/\/www.who.int\/pt\" target=\"_blank\" rel=\"noreferrer noopener\">Organiza\u00e7\u00e3o Mundial da Sa\u00fade (OMS)<\/a><\/strong>.<\/p>\n\n\n\n<p>Confira, a seguir, alguns pontos importantes deste tema que est\u00e1 diretamente relacionado \u00e0 <a href=\"https:\/\/prodoctor.net\/blog\/o-coronavirus-e-a-relacao-medico-paciente\/\" target=\"_blank\" rel=\"noreferrer noopener\"><strong>rela\u00e7\u00e3o m\u00e9dico-paciente<\/strong><\/a>, principalmente, nesse per\u00edodo de combate ao <a href=\"https:\/\/coronavirus.jhu.edu\/map.html\" target=\"_blank\" rel=\"noreferrer noopener\"><strong>coronav\u00edrus<\/strong><\/a>.<\/p>\n\n\n\n<ul class=\"wp-block-list\">\n<li><a href=\"#a\">A influ\u00eancia da Pandemia na Seguran\u00e7a do Paciente<\/a><\/li>\n\n\n\n<li><a href=\"#b\">Por que &#8220;Seguran\u00e7a do Paciente&#8221;?<\/a><\/li>\n\n\n\n<li><a href=\"#c\">A OMS e a Seguran\u00e7a do Paciente<\/a><\/li>\n\n\n\n<li><a href=\"#d\">Desafios da Seguran\u00e7a do Paciente<\/a><\/li>\n\n\n\n<li><a href=\"#e\">Hospitais inteligentes<\/a><\/li>\n\n\n\n<li><a href=\"#f\">Impacto nas profiss\u00f5es<\/a><\/li>\n\n\n\n<li><a href=\"#g\">Seguran\u00e7a do Paciente no Brasil<\/a><\/li>\n\n\n\n<li><a href=\"#h\">Metas Internacionais de Seguran\u00e7a do Paciente<\/a><\/li>\n<\/ul>\n\n\n\n<p id=\"a\"><\/p>\n\n\n\n<hr class=\"wp-block-separator has-css-opacity\"\/>\n\n\n\n<p class=\"has-text-align-center\"><strong>Talvez voc\u00ea tamb\u00e9m goste:<\/strong><br><a href=\"https:\/\/prodoctor.net\/blog\/metas-internacionais-de-seguranca-do-paciente\/\" target=\"_blank\" rel=\"noreferrer noopener\">Metas Internacionais de Seguran\u00e7a do Paciente<br><\/a><a href=\"https:\/\/prodoctor.net\/blog\/por-que-ter-relatorios-gerenciais\/\" target=\"_blank\" rel=\"noreferrer noopener\">Por que ter relat\u00f3rios gerenciais?<\/a><\/p>\n\n\n\n<hr class=\"wp-block-separator has-css-opacity\"\/>\n\n\n\n<h2 class=\"wp-block-heading\">A influ\u00eancia da Pandemia na Seguran\u00e7a do Paciente<\/h2>\n\n\n\n<p>Os cuidados com os pacientes ganharam um olhar ainda maior de preocupa\u00e7\u00e3o ap\u00f3s o <strong><a href=\"https:\/\/prodoctor.net\/blog\/oms-diante-do-coronavirus\/\" target=\"_blank\" rel=\"noreferrer noopener\">reconhecimento oficial da pandemia de Covid-19<\/a><\/strong>, no dia 11 de mar\u00e7o de 2020.<\/p>\n\n\n\n<p>Nesse sentido, a <strong>Sa\u00fade Digital<\/strong> tem desempenhado cada vez mais um papel de grande relev\u00e2ncia.<\/p>\n\n\n\n<p>A partir da\u00ed, os sistemas de Sa\u00fade do planeta procuraram incorporar rapidamente, uns mais e outros menos, os meios digitais dispon\u00edveis para responder com efic\u00e1cia \u00e0s novas exig\u00eancias em termos de cuidados e de seguran\u00e7a do paciente.<\/p>\n\n\n\n<p>A Sa\u00fade Digital tem atuado cada vez mais pr\u00f3xima de todos os fatores relacionados a essa seguran\u00e7a. N\u00e3o s\u00f3 em rela\u00e7\u00e3o ao uso dos sistemas complexos de informatiza\u00e7\u00e3o, bem como dos <strong>aplicativos m\u00f3veis<\/strong> e de todos os recursos disponibilizados pela <strong><a href=\"https:\/\/prodoctor.net\/blog\/novas-tecnologias-da-medicina\/\" target=\"_blank\" rel=\"noreferrer noopener\">Internet das Coisas (IoT)<\/a><\/strong>.<\/p>\n\n\n\n<p>S\u00f3 para ilustrar: os in\u00fameros aplicativos m\u00f3veis disponibilizam funcionalidades que permitem, tanto ao paciente quanto aos profissionais, reconhecer aspectos cl\u00ednicos, identificando uma melhoria ou uma piora no estado cl\u00ednico.<\/p>\n\n\n\n<h3 class=\"wp-block-heading\"><strong>Benef\u00edcios da Seguran\u00e7a do Paciente para os pacientes e os m\u00e9dicos<\/strong><\/h3>\n\n\n\n<p>Desse modo, os m\u00e9dicos poder\u00e3o elaborar diagn\u00f3sticos, prescrever tratamentos e trabalhar em termos de uma Medicina Preventiva.<\/p>\n\n\n\n<p>Ao mesmo tempo, os pacientes assumem um papel de maior protagonismo ao cuidar com mais aten\u00e7\u00e3o e rigor de sua sa\u00fade.<\/p>\n\n\n\n<p>A expans\u00e3o exponencial do uso das <strong>tecnologias vest\u00edveis<\/strong> (&#8220;<strong>wearables<\/strong>&#8220;), dos sensores e v\u00e1rios outros equipamentos permitem que o paciente tenha maior autonomia, monitorando e fazendo a coleta das informa\u00e7\u00f5es online.<\/p>\n\n\n\n<p>Contextualizando, os &#8220;wearables&#8221; coletam e armazenam os dados do pr\u00f3prio corpo do paciente, possibilitando que o paciente monitore e o m\u00e9dico analise, online, dados sobre o sono, a frequ\u00eancia card\u00edaca e a press\u00e3o arterial.<\/p>\n\n\n\n<p>Da mesma forma, mas com uma complexidade bem maior, os cuidados nos centros cir\u00fargicos tamb\u00e9m foram especialmente refor\u00e7ados.<\/p>\n\n\n\n<p>Com isso, n\u00e3o apenas os pacientes, como tamb\u00e9m os profissionais do segmento de Sa\u00fade foram beneficiados com a minimiza\u00e7\u00e3o dos erros.<\/p>\n\n\n\n<p id=\"b\"><\/p>\n\n\n\n<p>Al\u00e9m do <strong><a href=\"https:\/\/prodoctor.net\/blog\/prodoctor-cloud-clinica-a-solucao-em-nuvem-mais-inovadora-para-clinicas-de-pequeno-e-medio-portes\/\" target=\"_blank\" rel=\"noreferrer noopener\">Prontu\u00e1rio Eletr\u00f4nico do Paciente (PEP)<\/a><\/strong>, outras tecnologias s\u00e3o fundamentais para garantir a seguran\u00e7a do paciente. Um exemplo importante disso \u00e9 o uso de c\u00f3digos de barra e <strong><a href=\"https:\/\/prodoctor.net\/blog\/qr-code-na-receita-digital\/\" target=\"_blank\" rel=\"noreferrer noopener\">QR Codes<\/a><\/strong>, com o intuito de gerir a administra\u00e7\u00e3o de medicamentos de modo correto.<\/p>\n\n\n\n<p>Ainda sobre o PEP, \u00e9 importante destacar e relembrar sempre que, al\u00e9m de permitir agilidade aos m\u00e9dicos no acesso e na troca das informa\u00e7\u00f5es cl\u00ednicas, o sigilo dos dados \u00e9 imprescind\u00edvel. \u00c9 o que asseguram as determina\u00e7\u00f5es da <strong><a href=\"https:\/\/prodoctor.net\/blog\/lgpd-para-medicos-cartilha-do-cfm-orienta-profissionais\/\" target=\"_blank\" rel=\"noreferrer noopener\">Lei Geral de Prote\u00e7\u00e3o de Dados &#8211; LGPD<\/a><\/strong>.<\/p>\n\n\n\n<h2 class=\"wp-block-heading\">Por que Seguran\u00e7a do Paciente?<\/h2>\n\n\n\n<figure class=\"wp-block-image size-large\"><img decoding=\"async\" width=\"770\" height=\"250\" src=\"https:\/\/prodoctor.net\/blog\/wp-content\/uploads\/2020\/10\/seguranca-do-paciente-4-min.jpg\" alt=\"Seguran\u00e7a do paciente\" class=\"wp-image-17553\" srcset=\"https:\/\/prodoctor.net\/blog\/wp-content\/uploads\/2020\/10\/seguranca-do-paciente-4-min.jpg 770w, https:\/\/prodoctor.net\/blog\/wp-content\/uploads\/2020\/10\/seguranca-do-paciente-4-min-300x97.jpg 300w, https:\/\/prodoctor.net\/blog\/wp-content\/uploads\/2020\/10\/seguranca-do-paciente-4-min-768x249.jpg 768w\" sizes=\"(max-width: 770px) 100vw, 770px\" \/><\/figure>\n\n\n\n<p>Somente a partir da d\u00e9cada de 1990 \u00e9 que este tema passou a ser visto como um ponto chave na quest\u00e3o do atendimento prestado pelas institui\u00e7\u00f5es de Sa\u00fade.<\/p>\n\n\n\n<p>Como resultado, tornou-se uma importante disciplina para aprofundar os relatos, realizar an\u00e1lises e criar protocolos de preven\u00e7\u00e3o contra poss\u00edveis <strong><a href=\"https:\/\/prodoctor.net\/blog\/seguro-para-medico-o-que-voce-precisa-saber\/\" target=\"_blank\" rel=\"noreferrer noopener\">erros m\u00e9dicos<\/a><\/strong>.<\/p>\n\n\n\n<p>S\u00f3 para ilustrar: em 1999, a publica\u00e7\u00e3o <strong>&#8220;To err is human&#8221;<\/strong>, do <strong>Institute of Medicine<\/strong>, estimou que anualmente ocorriam de 44 mil a 98 mil mortes decorrentes de falhas na seguran\u00e7a do paciente.<\/p>\n\n\n\n<p id=\"c\"><\/p>\n\n\n\n<p>At\u00e9 ent\u00e3o, n\u00e3o eram muito conhecidas a frequ\u00eancia e a gravidade dos erros m\u00e9dicos, proporcionando consequ\u00eancias desastrosas, como por exemplo sequelas f\u00edsicas, psicol\u00f3gicas e \u00f3bitos.<\/p>\n\n\n\n<p>Com toda a certeza, foi a partir dos impressionantes erros divulgados em v\u00e1rios pa\u00edses que a comunidade m\u00e9dica internacional decidiu enfrentar a quest\u00e3o. Afinal, os dados acerca dos pacientes prejudicados ou mortos eram alarmantes.<\/p>\n\n\n\n<h2 class=\"wp-block-heading\">A OMS e a seguran\u00e7a do paciente<\/h2>\n\n\n\n<figure class=\"wp-block-image size-large\"><img decoding=\"async\" width=\"770\" height=\"250\" src=\"https:\/\/prodoctor.net\/blog\/wp-content\/uploads\/2020\/10\/seguranca-do-paciente-6-min.jpg\" alt=\"Seguran\u00e7a do paciente\" class=\"wp-image-17556\" srcset=\"https:\/\/prodoctor.net\/blog\/wp-content\/uploads\/2020\/10\/seguranca-do-paciente-6-min.jpg 770w, https:\/\/prodoctor.net\/blog\/wp-content\/uploads\/2020\/10\/seguranca-do-paciente-6-min-300x97.jpg 300w, https:\/\/prodoctor.net\/blog\/wp-content\/uploads\/2020\/10\/seguranca-do-paciente-6-min-768x249.jpg 768w\" sizes=\"(max-width: 770px) 100vw, 770px\" \/><\/figure>\n\n\n\n<p>Diante dos n\u00fameros estarrecedores, a <strong>Organiza\u00e7\u00e3o Mundial da Sa\u00fade (OMS)<\/strong> caracterizou o quadro como &#8220;uma preocupa\u00e7\u00e3o end\u00eamica&#8221;.<\/p>\n\n\n\n<p>E enfatizou que seu objetivo \u00e9 diminuir as amea\u00e7as a um m\u00ednimo aceit\u00e1vel, especialmente no que se refere \u00e0 infec\u00e7\u00e3o e \u00e0 ocorr\u00eancia de eventos adversos, assim como oportunizar a&nbsp;seguran\u00e7a&nbsp;das cirurgias, entre outros.<\/p>\n\n\n\n<p>A <strong>OMS<\/strong> passou a tratar o problema com a devida preocupa\u00e7\u00e3o. Por conseguinte, em <strong>2020<\/strong>, determinou o<strong> <a href=\"https:\/\/bit.ly\/3j06XNS\" target=\"_blank\" rel=\"noreferrer noopener\">dia 17 de setembro<\/a><\/strong> como data especialmente reservada para refor\u00e7ar a necessidade da ado\u00e7\u00e3o de a\u00e7\u00f5es de preven\u00e7\u00e3o de eventos adversos nos servi\u00e7os de sa\u00fade.<\/p>\n\n\n\n<p id=\"d\"><\/p>\n\n\n\n<p>Naquele ano, o tema foi &#8220;<strong>Seguran\u00e7a do profissional de Sa\u00fade: uma prioridade para a seguran\u00e7a do paciente<\/strong>&#8220;. O &#8220;slogan&#8221; utilizado nas campanhas foi &#8220;<strong>Profissionais de Sa\u00fade seguros, pacientes seguros<\/strong>&#8220;.<\/p>\n\n\n\n<p>Em <strong>2023<\/strong>, o <strong>Dia Mundial da Seguran\u00e7a do Paciente<\/strong> tem como tema <strong>&#8220;Engajando o paciente para a seguran\u00e7a do paciente&#8221;<\/strong>. O &#8220;slogan&#8221; para motivar e impulsionar as campanhas em todo o planeta \u00e9 &#8220;<strong>Amplifique a voz dos pacientes<\/strong>&#8220;.<\/p>\n\n\n\n<h3 class=\"wp-block-heading\">Desafios da Seguran\u00e7a do Paciente<\/h3>\n\n\n\n<figure class=\"wp-block-image size-large\"><img decoding=\"async\" width=\"772\" height=\"251\" src=\"https:\/\/prodoctor.net\/blog\/wp-content\/uploads\/2020\/10\/seguranca-do-paciente-5-min.jpg\" alt=\"\" class=\"wp-image-17552\" srcset=\"https:\/\/prodoctor.net\/blog\/wp-content\/uploads\/2020\/10\/seguranca-do-paciente-5-min.jpg 772w, https:\/\/prodoctor.net\/blog\/wp-content\/uploads\/2020\/10\/seguranca-do-paciente-5-min-300x98.jpg 300w, https:\/\/prodoctor.net\/blog\/wp-content\/uploads\/2020\/10\/seguranca-do-paciente-5-min-768x250.jpg 768w\" sizes=\"(max-width: 772px) 100vw, 772px\" \/><\/figure>\n\n\n\n<p>A institui\u00e7\u00e3o alerta que s\u00e3o in\u00fameros os desafios para se alcan\u00e7ar os objetivos. Todavia, acrescenta que outros tamb\u00e9m devem ser olhados com aten\u00e7\u00e3o.<\/p>\n\n\n\n<p id=\"e\"><\/p>\n\n\n\n<p>Dessa maneira, a <strong>Organiza\u00e7\u00e3o Mundial da Sa\u00fade<\/strong> acredita na import\u00e2ncia de concentrar esfor\u00e7os na ado\u00e7\u00e3o de estrat\u00e9gias de preven\u00e7\u00e3o, colocando o paciente no centro das aten\u00e7\u00f5es, com o prop\u00f3sito de evitar que realize procedimentos desnecess\u00e1rios.<\/p>\n\n\n\n<p>Confira <strong><a href=\"https:\/\/bit.ly\/313qxCU\" target=\"_blank\" rel=\"noreferrer noopener\">10 fatos importantes sobre a Seguran\u00e7a do Paciente<\/a><\/strong>, conforme a <strong>OMS<\/strong>.<\/p>\n\n\n\n<h2 class=\"wp-block-heading\">Hospitais inteligentes<\/h2>\n\n\n\n<p>Uma das grandes apostas para 2023, conforme <a style=\"pointer-events: none;\" href=\"https:\/\/portalhospitaisbrasil.com.br\/artigo-em-2023-hospitais-que-investirem-na-saude-dos-edificios-acelerarao-cura-do-paciente\/#:~:text=Gest%C3%A3o-,Artigo%20%E2%80%93%20Em%202023%2C%20hospitais%20que%20investirem%20na%20sa%C3%BAde%20dos%20edif%C3%ADcios%20acelerar%C3%A3o,Luis%20Ar%C3%ADs%20%C3%A9%20Gerente%20de%20Desenvolvimento%20de%20Neg%C3%B3cios%20da%20Paessler%20LATAM,-Postagem%20anterior\" target=\"_blank\" rel=\"noopener\"><strong>Luis Ar\u00eds, gerente de Desenvolvimento de Neg\u00f3cios da Paessler LATAM<\/strong><\/a>, \u00e9 o investimento em <strong>&#8220;hospitais inteligentes&#8221;<\/strong>.<\/p>\n<p>Ao lado de todo aparato tecnol\u00f3gico, administradores e gestores est\u00e3o com suas aten\u00e7\u00f5es voltadas para a necessidade de que os pr\u00e9dios em melhores condi\u00e7\u00f5es de sa\u00fade podem acelerar o processo de recupera\u00e7\u00e3o dos pacientes.<\/p>\n<p>E, tamb\u00e9m, contribu\u00edrem para garantir a qualidade de vida dos profissionais de Sa\u00fade.<\/p>\n<p>O ambiente f\u00edsico das instala\u00e7\u00f5es de um hospital precisa estar em conformidade com todo avan\u00e7o tecnol\u00f3gico e alguns pontos s\u00e3o considerados essenciais para isso.<\/p>\n<p>Assim, \u00e9 necess\u00e1rio ter permanentemente, por exemplo, um cuidado especial com a limpeza, a temperatura e a qualidade do ar.<\/p>\n\n\n\n<p id=\"f\"><\/p>\n\n\n\n<p>Al\u00e9m disso, \u00e9 preciso olhar com aten\u00e7\u00e3o a ilumina\u00e7\u00e3o e procurar, de alguma forma, proporcionar um contato com a natureza.<\/p>\n\n\n\n<p>Esses s\u00e3o alguns aspectos que ganham relevo diante da necessidade de colaborar para que o paciente melhore seu estado de sa\u00fade.<\/p>\n\n\n\n<h2 class=\"wp-block-heading\">Impacto nas profiss\u00f5es<\/h2>\n\n\n\n<p>Desde 2015, o <a style=\"pointer-events: none;\" href=\"https:\/\/www.linkedin.com\/\" target=\"_blank\" rel=\"noopener\"><strong>LinkedIn<\/strong><\/a>, maior rede social corporativa do planeta,&nbsp; acompanha as transforma\u00e7\u00f5es no mercado&nbsp; de trabalho mundial.<\/p>\n<p>Como resultado da pandemia, constatou uma <strong>&#8220;grande reorganiza\u00e7\u00e3o&#8221;<\/strong> entre os trabalhadores, diante das necessidades criadas com a nova realidade.<\/p>\n<p>De imediato, vieram as expans\u00f5es exponenciais do trabalho digital, do trabalho via office home.<\/p>\n<p>Adapta\u00e7\u00e3o e aprimoramento foram palavras-chave dentre as exig\u00eancias para os trabalhadores prosseguirem na linha de frente do mercado de trabalho.<\/p>\n<p>Al\u00e9m disso, verificaram-se as preocupa\u00e7\u00f5es com o <strong>burnout<\/strong>, o estresse e a qualidade de vida do trabalhadores. Principalmente, no setor de Sa\u00fade&nbsp; &nbsp; &nbsp;<\/p>\n<p>Se por um lado foram criadas oportunidades de trabalho no per\u00edodo mais cr\u00edtico da pandemia, de outro verificou-se uma crescente contrata\u00e7\u00e3o de m\u00e9dicos, enfermeiros, administradores, fisioterapeutas e especialistas de Recursos Humanos.<\/p>\n\n\n\n<h3 class=\"wp-block-heading\">Estrat\u00e9gias para amenizar os efeitos do burnout<\/h3>\n\n\n\n<p>O trabalho em equipe, multidisciplinar, foi acentuado. O setor de <strong>Cuidados Paliativos<\/strong> sobressaiu e os psic\u00f3logos estiveram na linha de frente.<\/p>\n\n\n\n<p>Agora, al\u00e9m do trabalho junto \u00e0s v\u00edtimas da Covid e de seus familiares e amigos, tamb\u00e9m passaram a atuar para minimizar os efeitos do <strong>burnout<\/strong> entre m\u00e9dicos, enfermeiros e demais envolvidos na guerra di\u00e1ria contra a epidemia nos hospitais e demais unidades do sistema de Sa\u00fade.&nbsp;<\/p>\n\n\n\n<p>Em <a href=\"https:\/\/ead.unisc.br\/blog\/novas-profissoes\" target=\"_blank\" rel=\"noreferrer noopener\"><strong>2020<\/strong><\/a>, o LinkedIn realizou <a href=\"https:\/\/linkedin-github-io.translate.goog\/future-of-skills\/?_x_tr_sl=en&amp;_x_tr_tl=pt&amp;_x_tr_hl=pt-BR&amp;_x_tr_pto=sc\" target=\"_blank\" rel=\"noreferrer noopener\">um estudo<\/a> em que identificou as 15 carreiras mais promissoras e, desse total, 13 eram da <strong>Tecnologia da Informa\u00e7\u00e3o<\/strong>, uma \u00e1rea que est\u00e1 intimamente e cada vez mais ligada ao trabalho realizado nos hospitais, cl\u00ednicas, consult\u00f3rios e demais unidades m\u00e9dicas.&nbsp; Uma tend\u00eancia que, conforme o estudo, deve prevalecer nos pr\u00f3ximos anos.<\/p>\n\n\n\n<p>Assim como se registrou um avan\u00e7o gigantesco da <strong><a href=\"https:\/\/prodoctor.net\/blog\/plataforma-de-telemedicina-qual-a-melhor\/\">Telemedicina<\/a><\/strong>, duas profiss\u00f5es sobressaem como fruto direto da uni\u00e3o Sa\u00fade e Tecnologia: cientista de dados e engenheiro de dados.<\/p>\n\n\n\n<p id=\"g\"><\/p>\n\n\n\n<p>Ou seja: <strong>a LGPD e a seguran\u00e7a dos dados permanecer\u00e3o na ordem do dia<\/strong>!<\/p>\n\n\n\n<p>Confira tamb\u00e9m porque a solu\u00e7\u00e3o <a href=\"https:\/\/prodoctor.net\/blog\/prodoctor-telemedicina-e-case-global-da-aws\/\" target=\"_blank\" rel=\"noreferrer noopener\"><strong>ProDoctor Telemedicina<\/strong><\/a> foi destacada como <strong>&#8220;case de sucesso global&#8221;<\/strong> da <a href=\"https:\/\/aws.amazon.com\/pt\/chime\/chime-sdk\/customers\/\" target=\"_blank\" rel=\"noreferrer noopener\"><strong>Amazon Web Services (AWS)<\/strong><\/a> em seu website.<\/p>\n\n\n\n<h2 class=\"wp-block-heading\">Seguran\u00e7a do Paciente no Brasil<\/h2>\n\n\n\n<figure class=\"wp-block-image size-large\"><img decoding=\"async\" width=\"770\" height=\"251\" src=\"https:\/\/prodoctor.net\/blog\/wp-content\/uploads\/2020\/10\/seguranca-do-paciente-3-min.jpg\" alt=\"\" class=\"wp-image-17554\" srcset=\"https:\/\/prodoctor.net\/blog\/wp-content\/uploads\/2020\/10\/seguranca-do-paciente-3-min.jpg 770w, https:\/\/prodoctor.net\/blog\/wp-content\/uploads\/2020\/10\/seguranca-do-paciente-3-min-300x98.jpg 300w, https:\/\/prodoctor.net\/blog\/wp-content\/uploads\/2020\/10\/seguranca-do-paciente-3-min-768x250.jpg 768w\" sizes=\"(max-width: 770px) 100vw, 770px\" \/><\/figure>\n\n\n\n<p>Durante a pandemia, a \u00e1rea da Sa\u00fade foi alavancado em termos de contrata\u00e7\u00f5es.<\/p>\n<p>Conforme pesquisa realizada pela <a style=\"pointer-events: none;\" href=\"https:\/\/abmes.org.br\/\" target=\"_blank\" rel=\"noopener\"><strong>Associa\u00e7\u00e3o Brasileira de Mantenedoras de Ensino Superior (Abmes)<\/strong><\/a>, dos 15 cursos mais procurados, seis eram do setor de Sa\u00fade, com destaque para Psicologia, Educa\u00e7\u00e3o F\u00edsica, Biomedicina, Fisioterapia, Nutri\u00e7\u00e3o e Enfermagem.<\/p>\n<p>E, segundo levantamento feito pela <strong>Catho<\/strong>, no ano passado, &#8220;as vagas para fisioterapeuta respirat\u00f3rio cresceram 4.480%&#8221; em compara\u00e7\u00e3o com 2020, liderando o ranking das profiss\u00f5es no per\u00edodo da pandemia.<\/p>\n<p>J\u00e1 os cargos de enfermeiros nas Unidades de Terapia Intensiva (UTIs) proporcionaram um aumento de 820%, enquanto os t\u00e9cnicos de enfermagem cresceram 708%.<\/p>\n<p>\u00c9 importante destacar que todas essas profiss\u00f5es prometem ter um impulso ainda maior em 2023. Com um detalhe: a grande maioria da procura \u00e9 feita por mulheres, sendo o setor de Farm\u00e1cia um grande exemplo disso.<\/p>\n<p>A Catho integra o grupo <strong>Seek<\/strong>, l\u00edder mundial no setor de tecnologia para recrutamento online. \u00c9 considerada a empresa mais inovadora da Austr\u00e1lia.<\/p>\n\n\n\n<div class=\"wp-block-cover is-light has-parallax paralax-pequeno\"><span aria-hidden=\"true\" class=\"wp-block-cover__background has-background-dim-0 has-background-dim\"><\/span><div role=\"img\" class=\"wp-block-cover__image-background wp-image-16713 has-parallax\" style=\"background-position:50% 50%;background-image:url(https:\/\/prodoctor.net\/blog\/wp-content\/uploads\/2020\/08\/Fundo-para-o-E-book-1.jpg)\"><\/div><div class=\"wp-block-cover__inner-container is-layout-flow wp-block-cover-is-layout-flow\">\n<p class=\"has-text-align-center has-large-font-size\">Passo a passo para abrir seu consult\u00f3rio<\/p>\n\n\n\n<p>Est\u00e1 come\u00e7ando agora e n\u00e3o sabe exatamente o que fazer? Baixe nosso material gratuito e confira todas as dicas!<\/p>\n\n\n\n<div class=\"wp-block-buttons is-content-justification-center is-layout-flex wp-container-core-buttons-is-layout-16018d1d wp-block-buttons-is-layout-flex\">\n<div class=\"wp-block-button\"><a class=\"wp-block-button__link has-white-color has-text-color has-background wp-element-button\" href=\"https:\/\/mkt.prodoctor.net\/passo-a-passo-para-abrir-seu-consultorio\" style=\"background:linear-gradient(135deg,rgb(8,69,114) 0%,rgb(31,115,175) 100%)\" target=\"_blank\" rel=\"noreferrer noopener\">baixar material gratuito<\/a><\/div>\n<\/div>\n<\/div><\/div>\n\n\n\n<h3 class=\"wp-block-heading\">Mais oportunidades<\/h3>\n\n\n\n<p>No ano passado, reuniu mais de 24 mil vagas para os profissionais da \u00e1rea da Sa\u00fade. Em sua maioria, para trabalhar na Enfermagem. Mas, com vagas para Instrumentador Cir\u00fargico, Analista de Laborat\u00f3rio e v\u00e1rias especialidades m\u00e9dicas.<\/p>\n\n\n\n<p>Para os&nbsp; m\u00e9dicos, disponibiliza mais de 4 mil oportunidades, destacando-se Cl\u00ednico Geral, M\u00e9dico do Trabalho e Psiquiatra.<\/p>\n\n\n\n<p id=\"h\"><\/p>\n\n\n\n<p>Em 2018, o <strong><a href=\"https:\/\/bit.ly\/3lNU5fS\" target=\"_blank\" rel=\"noreferrer noopener\">2\u00ba Anu\u00e1rio da Seguran\u00e7a Assistencial Hospitalar no Brasil<\/a><\/strong> destacou que a preval\u00eancia m\u00e9dia de eventos adversos \u00e9 de 7%. E enumerou os principais: infec\u00e7\u00e3o do trato urin\u00e1rio, septicemia, pneumonia, infec\u00e7\u00e3o de s\u00edtio cir\u00fargico e complica\u00e7\u00f5es com acessos e dispositivos vasculares.<\/p>\n\n\n\n<p>Al\u00e9m disso, revelou que, a cada hora, seis mortes foram provocadas por eventos adversos graves. Ou seja, em consequ\u00eancia de falhas e erros assistenciais ou processuais, bem como por infec\u00e7\u00f5es e outros fatores. Por fim, destacou que quatro desses \u00f3bitos poderiam ter sido evitados.<\/p>\n\n\n\n<h2 class=\"wp-block-heading\">Metas Internacionais de Seguran\u00e7a do Paciente<\/h2>\n\n\n\n<figure class=\"wp-block-image size-large\"><img decoding=\"async\" width=\"771\" height=\"251\" src=\"https:\/\/prodoctor.net\/blog\/wp-content\/uploads\/2020\/10\/seguranca-do-paciente-2-min.jpg\" alt=\"Seguran\u00e7a do paciente\" class=\"wp-image-17555\" srcset=\"https:\/\/prodoctor.net\/blog\/wp-content\/uploads\/2020\/10\/seguranca-do-paciente-2-min.jpg 771w, https:\/\/prodoctor.net\/blog\/wp-content\/uploads\/2020\/10\/seguranca-do-paciente-2-min-300x98.jpg 300w, https:\/\/prodoctor.net\/blog\/wp-content\/uploads\/2020\/10\/seguranca-do-paciente-2-min-768x250.jpg 768w\" sizes=\"(max-width: 771px) 100vw, 771px\" \/><\/figure>\n\n\n\n<p>As <strong><a href=\"https:\/\/prodoctor.net\/blog\/metas-internacionais-de-seguranca-do-paciente\/\" target=\"_blank\" rel=\"noreferrer noopener\">Metas Internacionais de Seguran\u00e7a do Paciente<\/a><\/strong> foram criadas com o fim de reduzir o risco de males ligados \u00e0 sa\u00fade. Elas foram desenvolvidas a partir do momento em que se tornou uma exig\u00eancia clara capaz de solucionar os problemas di\u00e1rios em uma institui\u00e7\u00e3o de Sa\u00fade. <\/p>\n\n\n\n<p>Al\u00e9m de normatizar determinadas pr\u00e1ticas, tamb\u00e9m garante direitos ao paciente. O primeiro passo para sua cria\u00e7\u00e3o foi dado no dia <strong>27 de outubro de 2004<\/strong>, em Washington (Estados Unidos), com a&nbsp;<strong><a href=\"https:\/\/bit.ly\/31J092y\" target=\"_blank\" rel=\"noreferrer noopener\">World Alliance for Patient Safety<\/a><\/strong>&nbsp;<strong>(Alian\u00e7a Mundial para a Seguran\u00e7a do Paciente)<\/strong>.<\/p>\n\n\n\n<h2 class=\"wp-block-heading\">Resumo<\/h2>\n\n\n\n<p>O atendimento de qualidade na \u00e1rea da Sa\u00fade colocou o foco na necessidade de proporcionar o m\u00e1ximo de seguran\u00e7a aos pacientes. Para alcan\u00e7ar as metas, \u00e9 preciso redobrar as aten\u00e7\u00f5es e investir na preven\u00e7\u00e3o.<\/p>\n\n\n\n<p>Dessa maneira, n\u00e3o s\u00f3 os pacientes ter\u00e3o um atendimento seguro, mas tamb\u00e9m os m\u00e9dicos e as institui\u00e7\u00f5es de Sa\u00fade estar\u00e3o resguardados de eventuais processos na Justi\u00e7a.<\/p>\n\n\n\n<p>Al\u00e9m disso, o fator seguran\u00e7a \u00e9 de suma import\u00e2ncia para a imagem dos m\u00e9dicos e das institui\u00e7\u00f5es onde trabalham.<\/p>\n\n\n\n<p>Ao lado de todos os benef\u00edcios proporcionados pela tecnologia, permanece a certeza da necessidade de aprimorar os la\u00e7os da rela\u00e7\u00e3o m\u00e9dico-paciente.<\/p>\n\n\n\n<p>O cuidado humano, com seu olhar amigo e o conhecimento cient\u00edfico, permanece essencial.<\/p>\n\n\n","protected":false},"excerpt":{"rendered":"<p>A seguran\u00e7a do paciente tornou-se o grande objetivo das institui\u00e7\u00f5es de sa\u00fade, com o intuito de evitar a possibilidade do erro m\u00e9dico. Nesse sentido, v\u00e1rias a\u00e7\u00f5es passaram a ser desenvolvidas para reduzir a um m\u00ednimo aceit\u00e1vel qualquer tipo de risco de dano desnecess\u00e1rio associado ao cuidado destinado ao paciente. Hoje, \u00e9 um dos pilares para que o atendimento de qualidade tenha todo o amparo de seguran\u00e7a.<\/p>\n","protected":false},"author":1,"featured_media":17551,"comment_status":"closed","ping_status":"open","sticky":false,"template":"","format":"standard","meta":{"_kad_blocks_custom_css":"","_kad_blocks_head_custom_js":"","_kad_blocks_body_custom_js":"","_kad_blocks_footer_custom_js":"","_kadence_starter_templates_imported_post":false,"_kad_post_transparent":"","_kad_post_title":"","_kad_post_layout":"","_kad_post_sidebar_id":"","_kad_post_content_style":"","_kad_post_vertical_padding":"","_kad_post_feature":"","_kad_post_feature_position":"","_kad_post_header":false,"_kad_post_footer":false,"footnotes":""},"categories":[412],"tags":[613,647],"class_list":["post-17508","post","type-post","status-publish","format-standard","has-post-thumbnail","hentry","category-gestao-de-clinicas-e-consultorios","tag-metas-internacionais-de-seguranca-do-paciente","tag-seguranca-do-paciente"],"yoast_head":"<!-- This site is optimized with the Yoast SEO plugin v27.0 - https:\/\/yoast.com\/product\/yoast-seo-wordpress\/ -->\n<title>O que \u00e9 e por que usar a Seguran\u00e7a do Paciente? | Blog ProDoctor<\/title>\n<meta name=\"description\" content=\"Voc\u00ea est\u00e1 atento \u00e0s normas de seguran\u00e7a do paciente na sua cl\u00ednica ou consult\u00f3rio? Confira todos os detalhes sobre esse assunto neste artigo!\" \/>\n<meta name=\"robots\" content=\"index, follow, max-snippet:-1, max-image-preview:large, max-video-preview:-1\" \/>\n<link rel=\"canonical\" href=\"https:\/\/prodoctor.net\/blog\/seguranca-do-paciente\/\" \/>\n<meta property=\"og:locale\" content=\"pt_BR\" \/>\n<meta property=\"og:type\" content=\"article\" \/>\n<meta property=\"og:title\" content=\"O que \u00e9 e por que usar a Seguran\u00e7a do Paciente? | Blog ProDoctor\" \/>\n<meta property=\"og:description\" content=\"Voc\u00ea est\u00e1 atento \u00e0s normas de seguran\u00e7a do paciente na sua cl\u00ednica ou consult\u00f3rio? Confira todos os detalhes sobre esse assunto neste artigo!\" \/>\n<meta property=\"og:url\" content=\"https:\/\/prodoctor.net\/blog\/seguranca-do-paciente\/\" \/>\n<meta property=\"og:site_name\" content=\"Blog ProDoctor\" \/>\n<meta property=\"article:publisher\" content=\"https:\/\/www.facebook.com\/prodoctorsoftware\" \/>\n<meta property=\"article:published_time\" content=\"2020-10-21T17:12:26+00:00\" \/>\n<meta property=\"article:modified_time\" content=\"2024-03-25T18:38:49+00:00\" \/>\n<meta property=\"og:image\" content=\"https:\/\/prodoctor.net\/blog\/wp-content\/uploads\/2020\/10\/seguranca-do-paciente-min.jpg\" \/>\n\t<meta property=\"og:image:width\" content=\"769\" \/>\n\t<meta property=\"og:image:height\" content=\"402\" \/>\n\t<meta property=\"og:image:type\" content=\"image\/jpeg\" \/>\n<meta name=\"author\" content=\"ProDoctor Software\" \/>\n<meta name=\"twitter:card\" content=\"summary_large_image\" \/>\n<meta name=\"twitter:creator\" content=\"@prodoctorsoft\" \/>\n<meta name=\"twitter:site\" content=\"@prodoctorsoft\" \/>\n<meta name=\"twitter:label1\" content=\"Escrito por\" \/>\n\t<meta name=\"twitter:data1\" content=\"ProDoctor Software\" \/>\n\t<meta name=\"twitter:label2\" content=\"Est. tempo de leitura\" \/>\n\t<meta name=\"twitter:data2\" content=\"13 minutos\" \/>\n<script type=\"application\/ld+json\" class=\"yoast-schema-graph\">{\"@context\":\"https:\/\/schema.org\",\"@graph\":[{\"@type\":\"Article\",\"@id\":\"https:\/\/prodoctor.net\/blog\/seguranca-do-paciente\/#article\",\"isPartOf\":{\"@id\":\"https:\/\/prodoctor.net\/blog\/seguranca-do-paciente\/\"},\"author\":{\"name\":\"ProDoctor Software\",\"@id\":\"https:\/\/prodoctor.net\/blog\/#\/schema\/person\/8878914b17cd360e7ec0ddee1ed8c544\"},\"headline\":\"Seguran\u00e7a do Paciente: o que \u00e9?\",\"datePublished\":\"2020-10-21T17:12:26+00:00\",\"dateModified\":\"2024-03-25T18:38:49+00:00\",\"mainEntityOfPage\":{\"@id\":\"https:\/\/prodoctor.net\/blog\/seguranca-do-paciente\/\"},\"wordCount\":2238,\"publisher\":{\"@id\":\"https:\/\/prodoctor.net\/blog\/#organization\"},\"image\":{\"@id\":\"https:\/\/prodoctor.net\/blog\/seguranca-do-paciente\/#primaryimage\"},\"thumbnailUrl\":\"https:\/\/prodoctor.net\/blog\/wp-content\/uploads\/2020\/10\/seguranca-do-paciente-min.jpg\",\"keywords\":[\"Metas internacionais de seguran\u00e7a do paciente\",\"seguran\u00e7a do paciente\"],\"articleSection\":[\"Gest\u00e3o de Cl\u00ednicas e Consult\u00f3rios\"],\"inLanguage\":\"pt-BR\"},{\"@type\":\"WebPage\",\"@id\":\"https:\/\/prodoctor.net\/blog\/seguranca-do-paciente\/\",\"url\":\"https:\/\/prodoctor.net\/blog\/seguranca-do-paciente\/\",\"name\":\"O que \u00e9 e por que usar a Seguran\u00e7a do Paciente? | Blog ProDoctor\",\"isPartOf\":{\"@id\":\"https:\/\/prodoctor.net\/blog\/#website\"},\"primaryImageOfPage\":{\"@id\":\"https:\/\/prodoctor.net\/blog\/seguranca-do-paciente\/#primaryimage\"},\"image\":{\"@id\":\"https:\/\/prodoctor.net\/blog\/seguranca-do-paciente\/#primaryimage\"},\"thumbnailUrl\":\"https:\/\/prodoctor.net\/blog\/wp-content\/uploads\/2020\/10\/seguranca-do-paciente-min.jpg\",\"datePublished\":\"2020-10-21T17:12:26+00:00\",\"dateModified\":\"2024-03-25T18:38:49+00:00\",\"description\":\"Voc\u00ea est\u00e1 atento \u00e0s normas de seguran\u00e7a do paciente na sua cl\u00ednica ou consult\u00f3rio? Confira todos os detalhes sobre esse assunto neste artigo!\",\"breadcrumb\":{\"@id\":\"https:\/\/prodoctor.net\/blog\/seguranca-do-paciente\/#breadcrumb\"},\"inLanguage\":\"pt-BR\",\"potentialAction\":[{\"@type\":\"ReadAction\",\"target\":[\"https:\/\/prodoctor.net\/blog\/seguranca-do-paciente\/\"]}]},{\"@type\":\"ImageObject\",\"inLanguage\":\"pt-BR\",\"@id\":\"https:\/\/prodoctor.net\/blog\/seguranca-do-paciente\/#primaryimage\",\"url\":\"https:\/\/prodoctor.net\/blog\/wp-content\/uploads\/2020\/10\/seguranca-do-paciente-min.jpg\",\"contentUrl\":\"https:\/\/prodoctor.net\/blog\/wp-content\/uploads\/2020\/10\/seguranca-do-paciente-min.jpg\",\"width\":769,\"height\":402,\"caption\":\"Seguran\u00e7a do paciente\"},{\"@type\":\"BreadcrumbList\",\"@id\":\"https:\/\/prodoctor.net\/blog\/seguranca-do-paciente\/#breadcrumb\",\"itemListElement\":[{\"@type\":\"ListItem\",\"position\":1,\"name\":\"In\u00edcio\",\"item\":\"https:\/\/prodoctor.net\/blog\/\"},{\"@type\":\"ListItem\",\"position\":2,\"name\":\"Seguran\u00e7a do Paciente: o que \u00e9?\"}]},{\"@type\":\"WebSite\",\"@id\":\"https:\/\/prodoctor.net\/blog\/#website\",\"url\":\"https:\/\/prodoctor.net\/blog\/\",\"name\":\"Blog ProDoctor\",\"description\":\"Tudo sobre o mundo da Sa\u00fade\",\"publisher\":{\"@id\":\"https:\/\/prodoctor.net\/blog\/#organization\"},\"potentialAction\":[{\"@type\":\"SearchAction\",\"target\":{\"@type\":\"EntryPoint\",\"urlTemplate\":\"https:\/\/prodoctor.net\/blog\/?s={search_term_string}\"},\"query-input\":{\"@type\":\"PropertyValueSpecification\",\"valueRequired\":true,\"valueName\":\"search_term_string\"}}],\"inLanguage\":\"pt-BR\"},{\"@type\":\"Organization\",\"@id\":\"https:\/\/prodoctor.net\/blog\/#organization\",\"name\":\"ProDoctor Software S\/A\",\"url\":\"https:\/\/prodoctor.net\/blog\/\",\"logo\":{\"@type\":\"ImageObject\",\"inLanguage\":\"pt-BR\",\"@id\":\"https:\/\/prodoctor.net\/blog\/#\/schema\/logo\/image\/\",\"url\":\"https:\/\/prodoctor.net\/blog\/wp-content\/uploads\/2017\/01\/Logo_PDo_Lateral.png\",\"contentUrl\":\"https:\/\/prodoctor.net\/blog\/wp-content\/uploads\/2017\/01\/Logo_PDo_Lateral.png\",\"width\":2014,\"height\":485,\"caption\":\"ProDoctor Software S\/A\"},\"image\":{\"@id\":\"https:\/\/prodoctor.net\/blog\/#\/schema\/logo\/image\/\"},\"sameAs\":[\"https:\/\/www.facebook.com\/prodoctorsoftware\",\"https:\/\/x.com\/prodoctorsoft\",\"https:\/\/www.instagram.com\/prodoctorsoftware\/\",\"https:\/\/www.linkedin.com\/company\/prodoctor-software-ltda\",\"https:\/\/www.youtube.com\/channel\/UCIWuDLsVtIpX-PEqQn1pNlw\"]},{\"@type\":\"Person\",\"@id\":\"https:\/\/prodoctor.net\/blog\/#\/schema\/person\/8878914b17cd360e7ec0ddee1ed8c544\",\"name\":\"ProDoctor Software\",\"image\":{\"@type\":\"ImageObject\",\"inLanguage\":\"pt-BR\",\"@id\":\"https:\/\/prodoctor.net\/blog\/#\/schema\/person\/image\/\",\"url\":\"https:\/\/secure.gravatar.com\/avatar\/a67bdb10f2e6695f7ae356a84deeaf10b545567f0ac054e9bfe8ec56e86317ec?s=96&d=mm&r=g\",\"contentUrl\":\"https:\/\/secure.gravatar.com\/avatar\/a67bdb10f2e6695f7ae356a84deeaf10b545567f0ac054e9bfe8ec56e86317ec?s=96&d=mm&r=g\",\"caption\":\"ProDoctor Software\"},\"sameAs\":[\"http:\/\/prodoctor.net\",\"https:\/\/x.com\/prodoctorsoft\"]}]}<\/script>\n<!-- \/ Yoast SEO plugin. -->","yoast_head_json":{"title":"O que \u00e9 e por que usar a Seguran\u00e7a do Paciente? | Blog ProDoctor","description":"Voc\u00ea est\u00e1 atento \u00e0s normas de seguran\u00e7a do paciente na sua cl\u00ednica ou consult\u00f3rio? Confira todos os detalhes sobre esse assunto neste artigo!","robots":{"index":"index","follow":"follow","max-snippet":"max-snippet:-1","max-image-preview":"max-image-preview:large","max-video-preview":"max-video-preview:-1"},"canonical":"https:\/\/prodoctor.net\/blog\/seguranca-do-paciente\/","og_locale":"pt_BR","og_type":"article","og_title":"O que \u00e9 e por que usar a Seguran\u00e7a do Paciente? | Blog ProDoctor","og_description":"Voc\u00ea est\u00e1 atento \u00e0s normas de seguran\u00e7a do paciente na sua cl\u00ednica ou consult\u00f3rio? Confira todos os detalhes sobre esse assunto neste artigo!","og_url":"https:\/\/prodoctor.net\/blog\/seguranca-do-paciente\/","og_site_name":"Blog ProDoctor","article_publisher":"https:\/\/www.facebook.com\/prodoctorsoftware","article_published_time":"2020-10-21T17:12:26+00:00","article_modified_time":"2024-03-25T18:38:49+00:00","og_image":[{"width":769,"height":402,"url":"https:\/\/prodoctor.net\/blog\/wp-content\/uploads\/2020\/10\/seguranca-do-paciente-min.jpg","type":"image\/jpeg"}],"author":"ProDoctor Software","twitter_card":"summary_large_image","twitter_creator":"@prodoctorsoft","twitter_site":"@prodoctorsoft","twitter_misc":{"Escrito por":"ProDoctor Software","Est. tempo de leitura":"13 minutos"},"schema":{"@context":"https:\/\/schema.org","@graph":[{"@type":"Article","@id":"https:\/\/prodoctor.net\/blog\/seguranca-do-paciente\/#article","isPartOf":{"@id":"https:\/\/prodoctor.net\/blog\/seguranca-do-paciente\/"},"author":{"name":"ProDoctor Software","@id":"https:\/\/prodoctor.net\/blog\/#\/schema\/person\/8878914b17cd360e7ec0ddee1ed8c544"},"headline":"Seguran\u00e7a do Paciente: o que \u00e9?","datePublished":"2020-10-21T17:12:26+00:00","dateModified":"2024-03-25T18:38:49+00:00","mainEntityOfPage":{"@id":"https:\/\/prodoctor.net\/blog\/seguranca-do-paciente\/"},"wordCount":2238,"publisher":{"@id":"https:\/\/prodoctor.net\/blog\/#organization"},"image":{"@id":"https:\/\/prodoctor.net\/blog\/seguranca-do-paciente\/#primaryimage"},"thumbnailUrl":"https:\/\/prodoctor.net\/blog\/wp-content\/uploads\/2020\/10\/seguranca-do-paciente-min.jpg","keywords":["Metas internacionais de seguran\u00e7a do paciente","seguran\u00e7a do paciente"],"articleSection":["Gest\u00e3o de Cl\u00ednicas e Consult\u00f3rios"],"inLanguage":"pt-BR"},{"@type":"WebPage","@id":"https:\/\/prodoctor.net\/blog\/seguranca-do-paciente\/","url":"https:\/\/prodoctor.net\/blog\/seguranca-do-paciente\/","name":"O que \u00e9 e por que usar a Seguran\u00e7a do Paciente? | Blog ProDoctor","isPartOf":{"@id":"https:\/\/prodoctor.net\/blog\/#website"},"primaryImageOfPage":{"@id":"https:\/\/prodoctor.net\/blog\/seguranca-do-paciente\/#primaryimage"},"image":{"@id":"https:\/\/prodoctor.net\/blog\/seguranca-do-paciente\/#primaryimage"},"thumbnailUrl":"https:\/\/prodoctor.net\/blog\/wp-content\/uploads\/2020\/10\/seguranca-do-paciente-min.jpg","datePublished":"2020-10-21T17:12:26+00:00","dateModified":"2024-03-25T18:38:49+00:00","description":"Voc\u00ea est\u00e1 atento \u00e0s normas de seguran\u00e7a do paciente na sua cl\u00ednica ou consult\u00f3rio? Confira todos os detalhes sobre esse assunto neste artigo!","breadcrumb":{"@id":"https:\/\/prodoctor.net\/blog\/seguranca-do-paciente\/#breadcrumb"},"inLanguage":"pt-BR","potentialAction":[{"@type":"ReadAction","target":["https:\/\/prodoctor.net\/blog\/seguranca-do-paciente\/"]}]},{"@type":"ImageObject","inLanguage":"pt-BR","@id":"https:\/\/prodoctor.net\/blog\/seguranca-do-paciente\/#primaryimage","url":"https:\/\/prodoctor.net\/blog\/wp-content\/uploads\/2020\/10\/seguranca-do-paciente-min.jpg","contentUrl":"https:\/\/prodoctor.net\/blog\/wp-content\/uploads\/2020\/10\/seguranca-do-paciente-min.jpg","width":769,"height":402,"caption":"Seguran\u00e7a do paciente"},{"@type":"BreadcrumbList","@id":"https:\/\/prodoctor.net\/blog\/seguranca-do-paciente\/#breadcrumb","itemListElement":[{"@type":"ListItem","position":1,"name":"In\u00edcio","item":"https:\/\/prodoctor.net\/blog\/"},{"@type":"ListItem","position":2,"name":"Seguran\u00e7a do Paciente: o que \u00e9?"}]},{"@type":"WebSite","@id":"https:\/\/prodoctor.net\/blog\/#website","url":"https:\/\/prodoctor.net\/blog\/","name":"Blog ProDoctor","description":"Tudo sobre o mundo da Sa\u00fade","publisher":{"@id":"https:\/\/prodoctor.net\/blog\/#organization"},"potentialAction":[{"@type":"SearchAction","target":{"@type":"EntryPoint","urlTemplate":"https:\/\/prodoctor.net\/blog\/?s={search_term_string}"},"query-input":{"@type":"PropertyValueSpecification","valueRequired":true,"valueName":"search_term_string"}}],"inLanguage":"pt-BR"},{"@type":"Organization","@id":"https:\/\/prodoctor.net\/blog\/#organization","name":"ProDoctor Software S\/A","url":"https:\/\/prodoctor.net\/blog\/","logo":{"@type":"ImageObject","inLanguage":"pt-BR","@id":"https:\/\/prodoctor.net\/blog\/#\/schema\/logo\/image\/","url":"https:\/\/prodoctor.net\/blog\/wp-content\/uploads\/2017\/01\/Logo_PDo_Lateral.png","contentUrl":"https:\/\/prodoctor.net\/blog\/wp-content\/uploads\/2017\/01\/Logo_PDo_Lateral.png","width":2014,"height":485,"caption":"ProDoctor Software S\/A"},"image":{"@id":"https:\/\/prodoctor.net\/blog\/#\/schema\/logo\/image\/"},"sameAs":["https:\/\/www.facebook.com\/prodoctorsoftware","https:\/\/x.com\/prodoctorsoft","https:\/\/www.instagram.com\/prodoctorsoftware\/","https:\/\/www.linkedin.com\/company\/prodoctor-software-ltda","https:\/\/www.youtube.com\/channel\/UCIWuDLsVtIpX-PEqQn1pNlw"]},{"@type":"Person","@id":"https:\/\/prodoctor.net\/blog\/#\/schema\/person\/8878914b17cd360e7ec0ddee1ed8c544","name":"ProDoctor Software","image":{"@type":"ImageObject","inLanguage":"pt-BR","@id":"https:\/\/prodoctor.net\/blog\/#\/schema\/person\/image\/","url":"https:\/\/secure.gravatar.com\/avatar\/a67bdb10f2e6695f7ae356a84deeaf10b545567f0ac054e9bfe8ec56e86317ec?s=96&d=mm&r=g","contentUrl":"https:\/\/secure.gravatar.com\/avatar\/a67bdb10f2e6695f7ae356a84deeaf10b545567f0ac054e9bfe8ec56e86317ec?s=96&d=mm&r=g","caption":"ProDoctor Software"},"sameAs":["http:\/\/prodoctor.net","https:\/\/x.com\/prodoctorsoft"]}]}},"taxonomy_info":{"category":[{"value":412,"label":"Gest\u00e3o de Cl\u00ednicas e Consult\u00f3rios"}],"post_tag":[{"value":613,"label":"Metas internacionais de seguran\u00e7a do paciente"},{"value":647,"label":"seguran\u00e7a do paciente"}]},"featured_image_src_large":["https:\/\/prodoctor.net\/blog\/wp-content\/uploads\/2020\/10\/seguranca-do-paciente-min.jpg",769,402,false],"author_info":{"display_name":"ProDoctor Software","author_link":"https:\/\/prodoctor.net\/blog\/author\/redesocialprodoctor-net\/"},"comment_info":6,"category_info":[{"term_id":412,"name":"Gest\u00e3o de Cl\u00ednicas e Consult\u00f3rios","slug":"gestao-de-clinicas-e-consultorios","term_group":0,"term_taxonomy_id":412,"taxonomy":"category","description":"","parent":0,"count":293,"filter":"raw","cat_ID":412,"category_count":293,"category_description":"","cat_name":"Gest\u00e3o de Cl\u00ednicas e Consult\u00f3rios","category_nicename":"gestao-de-clinicas-e-consultorios","category_parent":0}],"tag_info":[{"term_id":613,"name":"Metas internacionais de seguran\u00e7a do paciente","slug":"metas-internacionais-de-seguranca-do-paciente","term_group":0,"term_taxonomy_id":613,"taxonomy":"post_tag","description":"","parent":0,"count":2,"filter":"raw"},{"term_id":647,"name":"seguran\u00e7a do paciente","slug":"seguranca-do-paciente","term_group":0,"term_taxonomy_id":647,"taxonomy":"post_tag","description":"","parent":0,"count":1,"filter":"raw"}],"_links":{"self":[{"href":"https:\/\/prodoctor.net\/blog\/wp-json\/wp\/v2\/posts\/17508","targetHints":{"allow":["GET"]}}],"collection":[{"href":"https:\/\/prodoctor.net\/blog\/wp-json\/wp\/v2\/posts"}],"about":[{"href":"https:\/\/prodoctor.net\/blog\/wp-json\/wp\/v2\/types\/post"}],"author":[{"embeddable":true,"href":"https:\/\/prodoctor.net\/blog\/wp-json\/wp\/v2\/users\/1"}],"replies":[{"embeddable":true,"href":"https:\/\/prodoctor.net\/blog\/wp-json\/wp\/v2\/comments?post=17508"}],"version-history":[{"count":37,"href":"https:\/\/prodoctor.net\/blog\/wp-json\/wp\/v2\/posts\/17508\/revisions"}],"predecessor-version":[{"id":28804,"href":"https:\/\/prodoctor.net\/blog\/wp-json\/wp\/v2\/posts\/17508\/revisions\/28804"}],"wp:featuredmedia":[{"embeddable":true,"href":"https:\/\/prodoctor.net\/blog\/wp-json\/wp\/v2\/media\/17551"}],"wp:attachment":[{"href":"https:\/\/prodoctor.net\/blog\/wp-json\/wp\/v2\/media?parent=17508"}],"wp:term":[{"taxonomy":"category","embeddable":true,"href":"https:\/\/prodoctor.net\/blog\/wp-json\/wp\/v2\/categories?post=17508"},{"taxonomy":"post_tag","embeddable":true,"href":"https:\/\/prodoctor.net\/blog\/wp-json\/wp\/v2\/tags?post=17508"}],"curies":[{"name":"wp","href":"https:\/\/api.w.org\/{rel}","templated":true}]}}