{"id":14996,"date":"2020-02-10T09:57:29","date_gmt":"2020-02-10T12:57:29","guid":{"rendered":"https:\/\/prodoctor.net\/blog\/?p=14996"},"modified":"2024-02-28T17:09:33","modified_gmt":"2024-02-28T20:09:33","slug":"como-organizar-a-agenda-do-consultorio-durante-o-feriado","status":"publish","type":"post","link":"https:\/\/prodoctor.net\/blog\/como-organizar-a-agenda-do-consultorio-durante-o-feriado\/","title":{"rendered":"Como organizar a agenda do consult\u00f3rio durante o feriado?"},"content":{"rendered":"\n<p>Organizar a agenda do consult\u00f3rio pode ser uma tarefa complicada, principalmente na hora de definir as folgas e os feriados. Por isso, \u00e9 preciso manter tudo sob controle e se preparar para os per\u00edodos de recesso. Afinal, todo mundo merece alguns dias de descanso para renovar as energias! <\/p>\n\n\n\n<p>Com um bom planejamento, \u00e9 poss\u00edvel aproveitar seu tempo livre sem precisar se afastar muitos dias do trabalho. Pensando nisso, separamos algumas dicas que certamente ir\u00e3o te ajudar na hora de organizar sua agenda para os feriados. Vamos l\u00e1:<\/p>\n\n\n\n<hr class=\"wp-block-separator has-css-opacity\"\/>\n\n\n\n<p class=\"has-text-align-center\"><strong>Voc\u00ea tamb\u00e9m pode gostar:<\/strong><br><a rel=\"noreferrer noopener\" aria-label=\"Como ter a agenda de consult\u00f3rio cheia? (opens in a new tab)\" href=\"https:\/\/prodoctor.net\/blog\/agenda-do-consultorio-cheia\/\" target=\"_blank\">Como ter a agenda de consult\u00f3rio cheia?<\/a><br><a href=\"https:\/\/prodoctor.net\/blog\/checklist-para-calcular-o-preco-da-consulta-medica\/\" target=\"_blank\" rel=\"noreferrer noopener\" aria-label=\"Checklist para calcular o pre\u00e7o da consulta m\u00e9dica (opens in a new tab)\">Checklist para calcular o pre\u00e7o da consulta m\u00e9dica<\/a><\/p>\n\n\n\n<hr class=\"wp-block-separator has-css-opacity\"\/>\n\n\n\n<h2 class=\"wp-block-heading\">Planeje-se com anteced\u00eancia<\/h2>\n\n\n\n<figure class=\"wp-block-image size-large\"><img decoding=\"async\" width=\"770\" height=\"250\" src=\"https:\/\/prodoctor.net\/blog\/wp-content\/uploads\/2020\/02\/organizar-a-agenda-do-consultorio3-min.jpg\" alt=\"organizar a agenda do consultorio3-min\" class=\"wp-image-15041\" srcset=\"https:\/\/prodoctor.net\/blog\/wp-content\/uploads\/2020\/02\/organizar-a-agenda-do-consultorio3-min.jpg 770w, https:\/\/prodoctor.net\/blog\/wp-content\/uploads\/2020\/02\/organizar-a-agenda-do-consultorio3-min-300x97.jpg 300w, https:\/\/prodoctor.net\/blog\/wp-content\/uploads\/2020\/02\/organizar-a-agenda-do-consultorio3-min-768x249.jpg 768w\" sizes=\"(max-width: 770px) 100vw, 770px\" \/><\/figure>\n\n\n\n<p>O planejamento deve ser o primeiro passo para organizar qualquer coisa, principalmente sua agenda, e isso deve ser feito com certa anteced\u00eancia. Assim, fica mais f\u00e1cil marcar retornos e agendar procedimentos sem atrapalhar seu cronograma.<\/p>\n\n\n\n<p>Primeiramente, voc\u00ea precisa definir por quantos dias vai se afastar do trabalho. A partir da\u00ed, escolha a melhor data para que n\u00e3o coincida com nenhum evento importante ou algum compromisso inadi\u00e1vel. <\/p>\n\n\n\n<p>Voc\u00ea precisa estar ciente de que ficar\u00e1 alguns dias longe. Portanto, algu\u00e9m precisa ficar respons\u00e1vel pela sua cl\u00ednica\/consult\u00f3rio durante este per\u00edodo, a fim de resolver eventuais imprevistos e manter tudo sob controle. <\/p>\n\n\n\n<p>Outro ponto importante para se levar em conta ao organizar a agenda do consult\u00f3rio para o feriado \u00e9 o financeiro. Lembre-se que ficar alguns dias de folga implica em menos dinheiro entrando no caixa. Avalie suas possibilidades e gastos antes de descansar! <\/p>\n\n\n\n<p>Se o faturamento \u00e9 um problema para voc\u00ea, talvez seja \u00fatil aprender algumas <a href=\"https:\/\/prodoctor.net\/blog\/melhores-tecnicas-de-faturamento-e-auditoria-de-contas-medicas\/\" target=\"_blank\" rel=\"noreferrer noopener\" aria-label=\" (opens in a new tab)\">t\u00e9cnicas para melhorar o desempenho da sua cl\u00ednica ou consult\u00f3rio<\/a>!<\/p>\n\n\n\n<h2 class=\"wp-block-heading\">Estabele\u00e7a seus dias de folga<\/h2>\n\n\n\n<figure class=\"wp-block-image size-large\"><img decoding=\"async\" width=\"770\" height=\"250\" src=\"https:\/\/prodoctor.net\/blog\/wp-content\/uploads\/2020\/02\/organizar-a-agenda-do-consultorio2-min.jpg\" alt=\"organizar a agenda do consultorio3-min\" class=\"wp-image-15042\" srcset=\"https:\/\/prodoctor.net\/blog\/wp-content\/uploads\/2020\/02\/organizar-a-agenda-do-consultorio2-min.jpg 770w, https:\/\/prodoctor.net\/blog\/wp-content\/uploads\/2020\/02\/organizar-a-agenda-do-consultorio2-min-300x97.jpg 300w, https:\/\/prodoctor.net\/blog\/wp-content\/uploads\/2020\/02\/organizar-a-agenda-do-consultorio2-min-768x249.jpg 768w\" sizes=\"(max-width: 770px) 100vw, 770px\" \/><\/figure>\n\n\n\n<p>As datas da sua folga precisam estar bem definidas e devem acompanhar o fluxo de pacientes do seu local de trabalho. <\/p>\n\n\n\n<p>Levante dados relacionados \u00e0 frequ\u00eancia de atendimentos na sua cl\u00ednica\/consult\u00f3rio, a fim de saber melhor se vale a pena ou n\u00e3o parar em determinada data. Isso vai te ajudar a reduzir o preju\u00edzo nas datas pr\u00f3ximas aos feriados, se acaso quiser emendar alguns dias a mais, por exemplo. <\/p>\n\n\n\n<p>Feito isso, pondere se \u00e9 necess\u00e1rio emendar com o fim de semana, por exemplo. Leve em considera\u00e7\u00e3o o seu cronograma anual de atendimentos. Talvez n\u00e3o seja sensato emendar em muitos feriados, isso pode causar a impress\u00e3o de que voc\u00ea est\u00e1 sempre ausente para os seus pacientes. <\/p>\n\n\n\n<div class=\"wp-block-cover is-light has-parallax paralax-pequeno\"><span aria-hidden=\"true\" class=\"wp-block-cover__background has-background-dim-0 has-background-dim\"><\/span><div role=\"img\" class=\"wp-block-cover__image-background wp-image-14522 has-parallax\" style=\"background-position:50% 50%;background-image:url(https:\/\/prodoctor.net\/blog\/wp-content\/uploads\/2017\/12\/Banne-e-book-14-dicas-min.jpg)\"><\/div><div class=\"wp-block-cover__inner-container is-layout-flow wp-block-cover-is-layout-flow\">\n<h2 class=\"wp-block-heading has-text-align-center\"><span style=\"color:#eeeeee\" class=\"tadv-color\">14 dicas para lotar sua agenda m\u00e9dica<\/span><\/h2>\n\n\n\n<p class=\"has-text-align-center\"><span style=\"color:#eeeeee\" class=\"tadv-color\">Baixe o material gratuito e evite os problemas com os espa\u00e7os vazios na sua agenda m\u00e9dica!<\/span><\/p>\n\n\n\n<div class=\"wp-block-button is-style-fill aligncenter\"><a class=\"wp-block-button__link has-very-light-gray-color has-vivid-green-cyan-background-color has-text-color has-background wp-element-button\" href=\"https:\/\/mkt.prodoctor.net\/14-tecnicas-para-lotar-a-agenda-medica\" target=\"_blank\" rel=\"noreferrer noopener\">Baixar material gratuito<\/a><\/div>\n<\/div><\/div>\n\n\n\n<h2 class=\"wp-block-heading\">Tranque hor\u00e1rios<\/h2>\n\n\n\n<figure class=\"wp-block-image size-large\"><img decoding=\"async\" width=\"770\" height=\"250\" src=\"https:\/\/prodoctor.net\/blog\/wp-content\/uploads\/2019\/09\/software-de-gestao-pd.jpg\" alt=\"Software de gest\u00e3o\" class=\"wp-image-13683\" srcset=\"https:\/\/prodoctor.net\/blog\/wp-content\/uploads\/2019\/09\/software-de-gestao-pd.jpg 770w, https:\/\/prodoctor.net\/blog\/wp-content\/uploads\/2019\/09\/software-de-gestao-pd-300x97.jpg 300w, https:\/\/prodoctor.net\/blog\/wp-content\/uploads\/2019\/09\/software-de-gestao-pd-768x249.jpg 768w\" sizes=\"(max-width: 770px) 100vw, 770px\" \/><\/figure>\n\n\n\n<p>Uma vez que voc\u00ea j\u00e1 definiu seus dias de recesso, \u00e9 preciso organizar a agenda do consult\u00f3rio, para que n\u00e3o haja confus\u00f5es nos hor\u00e1rios. <\/p>\n\n\n\n<p>Se voc\u00ea utiliza um <a rel=\"noreferrer noopener\" aria-label=\"software m\u00e9dico (opens in a new tab)\" href=\"https:\/\/prodoctor.net\/\" target=\"_blank\">software m\u00e9dico<\/a>, por exemplo, este processo fica bem mais simples. Voc\u00ea s\u00f3 precisa trancar os hor\u00e1rios e\/ou os dias necess\u00e1rios e, pronto! Sua agenda estar\u00e1 bloqueada, evitando que consultas sejam marcadas neste per\u00edodo. <\/p>\n\n\n\n<p>Caso voc\u00ea ainda utilize a agenda de papel, \u00e9 preciso um pouco mais de aten\u00e7\u00e3o, a fim de que ningu\u00e9m marque consultas ou procedimentos em uma data que voc\u00ea n\u00e3o ir\u00e1 trabalhar. Seus funcion\u00e1rios devem observar este detalhe com muita aten\u00e7\u00e3o, evitando dessa forma poss\u00edveis confus\u00f5es ou problemas futuros. <\/p>\n\n\n\n<h2 class=\"wp-block-heading\">Comunique seus pacientes<\/h2>\n\n\n\n<figure class=\"wp-block-image size-large\"><img decoding=\"async\" width=\"1024\" height=\"333\" src=\"https:\/\/prodoctor.net\/blog\/wp-content\/uploads\/2019\/08\/software-para-clinica-de-pediatria4-min-1024x333.jpg\" alt=\"software para clinica de pediatria\" class=\"wp-image-13167\" srcset=\"https:\/\/prodoctor.net\/blog\/wp-content\/uploads\/2019\/08\/software-para-clinica-de-pediatria4-min-1024x333.jpg 1024w, https:\/\/prodoctor.net\/blog\/wp-content\/uploads\/2019\/08\/software-para-clinica-de-pediatria4-min-300x97.jpg 300w, https:\/\/prodoctor.net\/blog\/wp-content\/uploads\/2019\/08\/software-para-clinica-de-pediatria4-min-768x249.jpg 768w, https:\/\/prodoctor.net\/blog\/wp-content\/uploads\/2019\/08\/software-para-clinica-de-pediatria4-min-1080x351.jpg 1080w, https:\/\/prodoctor.net\/blog\/wp-content\/uploads\/2019\/08\/software-para-clinica-de-pediatria4-min.jpg 1604w\" sizes=\"(max-width: 1024px) 100vw, 1024px\" \/><\/figure>\n\n\n\n<p>Por \u00faltimo, mas n\u00e3o menos importante, \u00e9 a hora de fazer com que seus pacientes saibam da sua aus\u00eancia. Para que isso seja feito, existem algumas formas eficazes de inform\u00e1-los que voc\u00ea estar\u00e1 de folga durante o feriado. <\/p>\n\n\n\n<p>Uma delas \u00e9 o telefone. \u00c9 poss\u00edvel ligar para cada um deles com certa anteced\u00eancia, mas esta pode n\u00e3o ser uma op\u00e7\u00e3o eficaz,uma vez que demanda o tempo da secret\u00e1ria e tamb\u00e9m do paciente. <\/p>\n\n\n\n<p>Neste caso, o mais indicado \u00e9 inform\u00e1-los atrav\u00e9s do celular ou ent\u00e3o do e-mail. Se voc\u00ea possui um <a rel=\"noreferrer noopener\" aria-label=\"software m\u00e9dico (opens in a new tab)\" href=\"https:\/\/prodoctor.net\/corp\" target=\"_blank\">software m\u00e9dico<\/a> com funcionalidades \u00fateis, por exemplo, fica f\u00e1cil enviar mensagens para os pacientes com hor\u00e1rios marcados de forma simples e sem complica\u00e7\u00f5es. <\/p>\n\n\n\n<p>Basta selecionar os pacientes, definir a mensagem e envi\u00e1-la!<\/p>\n\n\n\n<hr class=\"wp-block-separator has-css-opacity\"\/>\n\n\n\n<p class=\"has-text-align-center\"><strong>Leia tamb\u00e9m:<\/strong><br><a rel=\"noreferrer noopener\" aria-label=\"Checklist para escolher o software m\u00e9dico para sua cl\u00ednica (opens in a new tab)\" href=\"https:\/\/prodoctor.net\/blog\/dicas-para-escolher-software-medico\/\" target=\"_blank\">Checklist para escolher o software m\u00e9dico para sua cl\u00ednica<\/a><br><a href=\"https:\/\/prodoctor.net\/blog\/melhorar-a-gestao-da-clinica\/\" target=\"_blank\" rel=\"noreferrer noopener\" aria-label=\"6 sinais de que voc\u00ea precisa melhorar a gest\u00e3o da Cl\u00ednica (opens in a new tab)\">6 sinais de que voc\u00ea precisa melhorar a gest\u00e3o da Cl\u00ednica<\/a><\/p>\n\n\n\n<hr class=\"wp-block-separator has-css-opacity\"\/>\n\n\n\n<h2 class=\"wp-block-heading\">Resumo<\/h2>\n\n\n\n<p>N\u00e3o \u00e9 dif\u00edcil se organizar para o feriado. Com um planejamento bem feito e todas as tarefas bem definidas, voc\u00ea consegue curtir o feriado sem dor de cabe\u00e7a ou se lembrando de algo que esqueceu de fazer na sua cl\u00ednica\/consult\u00f3rio!<\/p>\n","protected":false},"excerpt":{"rendered":"<p>Organizar a agenda pode ser uma tarefa complicada, principalmente na hora de definir as folgas e feriados. Por isso, \u00e9 preciso manter tudo sob controle e se preparar para as \u00e9pocas de recesso. Afinal, todo mundo merece alguns dias de descanso para renovar as energias! <\/p>\n","protected":false},"author":5,"featured_media":15043,"comment_status":"closed","ping_status":"open","sticky":false,"template":"","format":"standard","meta":{"_kad_blocks_custom_css":"","_kad_blocks_head_custom_js":"","_kad_blocks_body_custom_js":"","_kad_blocks_footer_custom_js":"","_kadence_starter_templates_imported_post":false,"_kad_post_transparent":"","_kad_post_title":"","_kad_post_layout":"","_kad_post_sidebar_id":"","_kad_post_content_style":"","_kad_post_vertical_padding":"","_kad_post_feature":"","_kad_post_feature_position":"","_kad_post_header":false,"_kad_post_footer":false,"footnotes":""},"categories":[412],"tags":[531,530],"class_list":["post-14996","post","type-post","status-publish","format-standard","has-post-thumbnail","hentry","category-gestao-de-clinicas-e-consultorios","tag-agenda-do-consultorio","tag-organizar-a-agenda"],"yoast_head":"<!-- This site is optimized with the Yoast SEO plugin v27.0 - https:\/\/yoast.com\/product\/yoast-seo-wordpress\/ -->\n<title>Como organizar a agenda do consult\u00f3rio no feriado? - Blog ProDoctor<\/title>\n<meta name=\"description\" content=\"Organizar a agenda do consult\u00f3rio pode ser uma tarefa complicada, principalmente quando um feriado se aproxima. Confira nossas dicas e evite problemas!\" \/>\n<meta name=\"robots\" content=\"index, follow, max-snippet:-1, max-image-preview:large, max-video-preview:-1\" \/>\n<link rel=\"canonical\" href=\"https:\/\/prodoctor.net\/blog\/como-organizar-a-agenda-do-consultorio-durante-o-feriado\/\" \/>\n<meta property=\"og:locale\" content=\"pt_BR\" \/>\n<meta property=\"og:type\" content=\"article\" \/>\n<meta property=\"og:title\" content=\"Como organizar a agenda do consult\u00f3rio no feriado? - Blog ProDoctor\" \/>\n<meta property=\"og:description\" content=\"Organizar a agenda do consult\u00f3rio pode ser uma tarefa complicada, principalmente quando um feriado se aproxima. Confira nossas dicas e evite problemas!\" \/>\n<meta property=\"og:url\" content=\"https:\/\/prodoctor.net\/blog\/como-organizar-a-agenda-do-consultorio-durante-o-feriado\/\" \/>\n<meta property=\"og:site_name\" content=\"Blog ProDoctor\" \/>\n<meta property=\"article:publisher\" content=\"https:\/\/www.facebook.com\/prodoctorsoftware\" \/>\n<meta property=\"article:published_time\" content=\"2020-02-10T12:57:29+00:00\" \/>\n<meta property=\"article:modified_time\" content=\"2024-02-28T20:09:33+00:00\" \/>\n<meta property=\"og:image\" content=\"https:\/\/prodoctor.net\/blog\/wp-content\/uploads\/2020\/02\/organizar-a-agenda-do-consultorio-min.jpg\" \/>\n\t<meta property=\"og:image:width\" content=\"770\" \/>\n\t<meta property=\"og:image:height\" content=\"400\" \/>\n\t<meta property=\"og:image:type\" content=\"image\/jpeg\" \/>\n<meta name=\"author\" content=\"Marcus Javarini\" \/>\n<meta name=\"twitter:card\" content=\"summary_large_image\" \/>\n<meta name=\"twitter:creator\" content=\"@prodoctorsoft\" \/>\n<meta name=\"twitter:site\" content=\"@prodoctorsoft\" \/>\n<meta name=\"twitter:label1\" content=\"Escrito por\" \/>\n\t<meta name=\"twitter:data1\" content=\"Marcus Javarini\" \/>\n\t<meta name=\"twitter:label2\" content=\"Est. tempo de leitura\" \/>\n\t<meta name=\"twitter:data2\" content=\"5 minutos\" \/>\n<script type=\"application\/ld+json\" class=\"yoast-schema-graph\">{\"@context\":\"https:\/\/schema.org\",\"@graph\":[{\"@type\":\"Article\",\"@id\":\"https:\/\/prodoctor.net\/blog\/como-organizar-a-agenda-do-consultorio-durante-o-feriado\/#article\",\"isPartOf\":{\"@id\":\"https:\/\/prodoctor.net\/blog\/como-organizar-a-agenda-do-consultorio-durante-o-feriado\/\"},\"author\":{\"name\":\"Marcus Javarini\",\"@id\":\"https:\/\/prodoctor.net\/blog\/#\/schema\/person\/183bd8a50bc79149e4a245d7aa37e471\"},\"headline\":\"Como organizar a agenda do consult\u00f3rio durante o feriado?\",\"datePublished\":\"2020-02-10T12:57:29+00:00\",\"dateModified\":\"2024-02-28T20:09:33+00:00\",\"mainEntityOfPage\":{\"@id\":\"https:\/\/prodoctor.net\/blog\/como-organizar-a-agenda-do-consultorio-durante-o-feriado\/\"},\"wordCount\":797,\"publisher\":{\"@id\":\"https:\/\/prodoctor.net\/blog\/#organization\"},\"image\":{\"@id\":\"https:\/\/prodoctor.net\/blog\/como-organizar-a-agenda-do-consultorio-durante-o-feriado\/#primaryimage\"},\"thumbnailUrl\":\"https:\/\/prodoctor.net\/blog\/wp-content\/uploads\/2020\/02\/organizar-a-agenda-do-consultorio-min.jpg\",\"keywords\":[\"Agenda do consult\u00f3rio\",\"Organizar a agenda\"],\"articleSection\":[\"Gest\u00e3o de Cl\u00ednicas e Consult\u00f3rios\"],\"inLanguage\":\"pt-BR\"},{\"@type\":\"WebPage\",\"@id\":\"https:\/\/prodoctor.net\/blog\/como-organizar-a-agenda-do-consultorio-durante-o-feriado\/\",\"url\":\"https:\/\/prodoctor.net\/blog\/como-organizar-a-agenda-do-consultorio-durante-o-feriado\/\",\"name\":\"Como organizar a agenda do consult\u00f3rio no feriado? - Blog ProDoctor\",\"isPartOf\":{\"@id\":\"https:\/\/prodoctor.net\/blog\/#website\"},\"primaryImageOfPage\":{\"@id\":\"https:\/\/prodoctor.net\/blog\/como-organizar-a-agenda-do-consultorio-durante-o-feriado\/#primaryimage\"},\"image\":{\"@id\":\"https:\/\/prodoctor.net\/blog\/como-organizar-a-agenda-do-consultorio-durante-o-feriado\/#primaryimage\"},\"thumbnailUrl\":\"https:\/\/prodoctor.net\/blog\/wp-content\/uploads\/2020\/02\/organizar-a-agenda-do-consultorio-min.jpg\",\"datePublished\":\"2020-02-10T12:57:29+00:00\",\"dateModified\":\"2024-02-28T20:09:33+00:00\",\"description\":\"Organizar a agenda do consult\u00f3rio pode ser uma tarefa complicada, principalmente quando um feriado se aproxima. Confira nossas dicas e evite problemas!\",\"breadcrumb\":{\"@id\":\"https:\/\/prodoctor.net\/blog\/como-organizar-a-agenda-do-consultorio-durante-o-feriado\/#breadcrumb\"},\"inLanguage\":\"pt-BR\",\"potentialAction\":[{\"@type\":\"ReadAction\",\"target\":[\"https:\/\/prodoctor.net\/blog\/como-organizar-a-agenda-do-consultorio-durante-o-feriado\/\"]}]},{\"@type\":\"ImageObject\",\"inLanguage\":\"pt-BR\",\"@id\":\"https:\/\/prodoctor.net\/blog\/como-organizar-a-agenda-do-consultorio-durante-o-feriado\/#primaryimage\",\"url\":\"https:\/\/prodoctor.net\/blog\/wp-content\/uploads\/2020\/02\/organizar-a-agenda-do-consultorio-min.jpg\",\"contentUrl\":\"https:\/\/prodoctor.net\/blog\/wp-content\/uploads\/2020\/02\/organizar-a-agenda-do-consultorio-min.jpg\",\"width\":770,\"height\":400,\"caption\":\"organizar a agenda do consultorio3-min\"},{\"@type\":\"BreadcrumbList\",\"@id\":\"https:\/\/prodoctor.net\/blog\/como-organizar-a-agenda-do-consultorio-durante-o-feriado\/#breadcrumb\",\"itemListElement\":[{\"@type\":\"ListItem\",\"position\":1,\"name\":\"In\u00edcio\",\"item\":\"https:\/\/prodoctor.net\/blog\/\"},{\"@type\":\"ListItem\",\"position\":2,\"name\":\"Como organizar a agenda do consult\u00f3rio durante o feriado?\"}]},{\"@type\":\"WebSite\",\"@id\":\"https:\/\/prodoctor.net\/blog\/#website\",\"url\":\"https:\/\/prodoctor.net\/blog\/\",\"name\":\"Blog ProDoctor\",\"description\":\"Tudo sobre o mundo da Sa\u00fade\",\"publisher\":{\"@id\":\"https:\/\/prodoctor.net\/blog\/#organization\"},\"potentialAction\":[{\"@type\":\"SearchAction\",\"target\":{\"@type\":\"EntryPoint\",\"urlTemplate\":\"https:\/\/prodoctor.net\/blog\/?s={search_term_string}\"},\"query-input\":{\"@type\":\"PropertyValueSpecification\",\"valueRequired\":true,\"valueName\":\"search_term_string\"}}],\"inLanguage\":\"pt-BR\"},{\"@type\":\"Organization\",\"@id\":\"https:\/\/prodoctor.net\/blog\/#organization\",\"name\":\"ProDoctor Software S\/A\",\"url\":\"https:\/\/prodoctor.net\/blog\/\",\"logo\":{\"@type\":\"ImageObject\",\"inLanguage\":\"pt-BR\",\"@id\":\"https:\/\/prodoctor.net\/blog\/#\/schema\/logo\/image\/\",\"url\":\"https:\/\/prodoctor.net\/blog\/wp-content\/uploads\/2017\/01\/Logo_PDo_Lateral.png\",\"contentUrl\":\"https:\/\/prodoctor.net\/blog\/wp-content\/uploads\/2017\/01\/Logo_PDo_Lateral.png\",\"width\":2014,\"height\":485,\"caption\":\"ProDoctor Software S\/A\"},\"image\":{\"@id\":\"https:\/\/prodoctor.net\/blog\/#\/schema\/logo\/image\/\"},\"sameAs\":[\"https:\/\/www.facebook.com\/prodoctorsoftware\",\"https:\/\/x.com\/prodoctorsoft\",\"https:\/\/www.instagram.com\/prodoctorsoftware\/\",\"https:\/\/www.linkedin.com\/company\/prodoctor-software-ltda\",\"https:\/\/www.youtube.com\/channel\/UCIWuDLsVtIpX-PEqQn1pNlw\"]},{\"@type\":\"Person\",\"@id\":\"https:\/\/prodoctor.net\/blog\/#\/schema\/person\/183bd8a50bc79149e4a245d7aa37e471\",\"name\":\"Marcus Javarini\",\"image\":{\"@type\":\"ImageObject\",\"inLanguage\":\"pt-BR\",\"@id\":\"https:\/\/prodoctor.net\/blog\/#\/schema\/person\/image\/\",\"url\":\"https:\/\/secure.gravatar.com\/avatar\/750ddc34dfe0283f3b7e54b256ebe3cdd6fae4fa55a72441b2905e3db7eefd7b?s=96&d=mm&r=g\",\"contentUrl\":\"https:\/\/secure.gravatar.com\/avatar\/750ddc34dfe0283f3b7e54b256ebe3cdd6fae4fa55a72441b2905e3db7eefd7b?s=96&d=mm&r=g\",\"caption\":\"Marcus Javarini\"}}]}<\/script>\n<!-- \/ Yoast SEO plugin. -->","yoast_head_json":{"title":"Como organizar a agenda do consult\u00f3rio no feriado? - Blog ProDoctor","description":"Organizar a agenda do consult\u00f3rio pode ser uma tarefa complicada, principalmente quando um feriado se aproxima. Confira nossas dicas e evite problemas!","robots":{"index":"index","follow":"follow","max-snippet":"max-snippet:-1","max-image-preview":"max-image-preview:large","max-video-preview":"max-video-preview:-1"},"canonical":"https:\/\/prodoctor.net\/blog\/como-organizar-a-agenda-do-consultorio-durante-o-feriado\/","og_locale":"pt_BR","og_type":"article","og_title":"Como organizar a agenda do consult\u00f3rio no feriado? - Blog ProDoctor","og_description":"Organizar a agenda do consult\u00f3rio pode ser uma tarefa complicada, principalmente quando um feriado se aproxima. Confira nossas dicas e evite problemas!","og_url":"https:\/\/prodoctor.net\/blog\/como-organizar-a-agenda-do-consultorio-durante-o-feriado\/","og_site_name":"Blog ProDoctor","article_publisher":"https:\/\/www.facebook.com\/prodoctorsoftware","article_published_time":"2020-02-10T12:57:29+00:00","article_modified_time":"2024-02-28T20:09:33+00:00","og_image":[{"width":770,"height":400,"url":"https:\/\/prodoctor.net\/blog\/wp-content\/uploads\/2020\/02\/organizar-a-agenda-do-consultorio-min.jpg","type":"image\/jpeg"}],"author":"Marcus Javarini","twitter_card":"summary_large_image","twitter_creator":"@prodoctorsoft","twitter_site":"@prodoctorsoft","twitter_misc":{"Escrito por":"Marcus Javarini","Est. tempo de leitura":"5 minutos"},"schema":{"@context":"https:\/\/schema.org","@graph":[{"@type":"Article","@id":"https:\/\/prodoctor.net\/blog\/como-organizar-a-agenda-do-consultorio-durante-o-feriado\/#article","isPartOf":{"@id":"https:\/\/prodoctor.net\/blog\/como-organizar-a-agenda-do-consultorio-durante-o-feriado\/"},"author":{"name":"Marcus Javarini","@id":"https:\/\/prodoctor.net\/blog\/#\/schema\/person\/183bd8a50bc79149e4a245d7aa37e471"},"headline":"Como organizar a agenda do consult\u00f3rio durante o feriado?","datePublished":"2020-02-10T12:57:29+00:00","dateModified":"2024-02-28T20:09:33+00:00","mainEntityOfPage":{"@id":"https:\/\/prodoctor.net\/blog\/como-organizar-a-agenda-do-consultorio-durante-o-feriado\/"},"wordCount":797,"publisher":{"@id":"https:\/\/prodoctor.net\/blog\/#organization"},"image":{"@id":"https:\/\/prodoctor.net\/blog\/como-organizar-a-agenda-do-consultorio-durante-o-feriado\/#primaryimage"},"thumbnailUrl":"https:\/\/prodoctor.net\/blog\/wp-content\/uploads\/2020\/02\/organizar-a-agenda-do-consultorio-min.jpg","keywords":["Agenda do consult\u00f3rio","Organizar a agenda"],"articleSection":["Gest\u00e3o de Cl\u00ednicas e Consult\u00f3rios"],"inLanguage":"pt-BR"},{"@type":"WebPage","@id":"https:\/\/prodoctor.net\/blog\/como-organizar-a-agenda-do-consultorio-durante-o-feriado\/","url":"https:\/\/prodoctor.net\/blog\/como-organizar-a-agenda-do-consultorio-durante-o-feriado\/","name":"Como organizar a agenda do consult\u00f3rio no feriado? - Blog ProDoctor","isPartOf":{"@id":"https:\/\/prodoctor.net\/blog\/#website"},"primaryImageOfPage":{"@id":"https:\/\/prodoctor.net\/blog\/como-organizar-a-agenda-do-consultorio-durante-o-feriado\/#primaryimage"},"image":{"@id":"https:\/\/prodoctor.net\/blog\/como-organizar-a-agenda-do-consultorio-durante-o-feriado\/#primaryimage"},"thumbnailUrl":"https:\/\/prodoctor.net\/blog\/wp-content\/uploads\/2020\/02\/organizar-a-agenda-do-consultorio-min.jpg","datePublished":"2020-02-10T12:57:29+00:00","dateModified":"2024-02-28T20:09:33+00:00","description":"Organizar a agenda do consult\u00f3rio pode ser uma tarefa complicada, principalmente quando um feriado se aproxima. Confira nossas dicas e evite problemas!","breadcrumb":{"@id":"https:\/\/prodoctor.net\/blog\/como-organizar-a-agenda-do-consultorio-durante-o-feriado\/#breadcrumb"},"inLanguage":"pt-BR","potentialAction":[{"@type":"ReadAction","target":["https:\/\/prodoctor.net\/blog\/como-organizar-a-agenda-do-consultorio-durante-o-feriado\/"]}]},{"@type":"ImageObject","inLanguage":"pt-BR","@id":"https:\/\/prodoctor.net\/blog\/como-organizar-a-agenda-do-consultorio-durante-o-feriado\/#primaryimage","url":"https:\/\/prodoctor.net\/blog\/wp-content\/uploads\/2020\/02\/organizar-a-agenda-do-consultorio-min.jpg","contentUrl":"https:\/\/prodoctor.net\/blog\/wp-content\/uploads\/2020\/02\/organizar-a-agenda-do-consultorio-min.jpg","width":770,"height":400,"caption":"organizar a agenda do consultorio3-min"},{"@type":"BreadcrumbList","@id":"https:\/\/prodoctor.net\/blog\/como-organizar-a-agenda-do-consultorio-durante-o-feriado\/#breadcrumb","itemListElement":[{"@type":"ListItem","position":1,"name":"In\u00edcio","item":"https:\/\/prodoctor.net\/blog\/"},{"@type":"ListItem","position":2,"name":"Como organizar a agenda do consult\u00f3rio durante o feriado?"}]},{"@type":"WebSite","@id":"https:\/\/prodoctor.net\/blog\/#website","url":"https:\/\/prodoctor.net\/blog\/","name":"Blog ProDoctor","description":"Tudo sobre o mundo da Sa\u00fade","publisher":{"@id":"https:\/\/prodoctor.net\/blog\/#organization"},"potentialAction":[{"@type":"SearchAction","target":{"@type":"EntryPoint","urlTemplate":"https:\/\/prodoctor.net\/blog\/?s={search_term_string}"},"query-input":{"@type":"PropertyValueSpecification","valueRequired":true,"valueName":"search_term_string"}}],"inLanguage":"pt-BR"},{"@type":"Organization","@id":"https:\/\/prodoctor.net\/blog\/#organization","name":"ProDoctor Software S\/A","url":"https:\/\/prodoctor.net\/blog\/","logo":{"@type":"ImageObject","inLanguage":"pt-BR","@id":"https:\/\/prodoctor.net\/blog\/#\/schema\/logo\/image\/","url":"https:\/\/prodoctor.net\/blog\/wp-content\/uploads\/2017\/01\/Logo_PDo_Lateral.png","contentUrl":"https:\/\/prodoctor.net\/blog\/wp-content\/uploads\/2017\/01\/Logo_PDo_Lateral.png","width":2014,"height":485,"caption":"ProDoctor Software S\/A"},"image":{"@id":"https:\/\/prodoctor.net\/blog\/#\/schema\/logo\/image\/"},"sameAs":["https:\/\/www.facebook.com\/prodoctorsoftware","https:\/\/x.com\/prodoctorsoft","https:\/\/www.instagram.com\/prodoctorsoftware\/","https:\/\/www.linkedin.com\/company\/prodoctor-software-ltda","https:\/\/www.youtube.com\/channel\/UCIWuDLsVtIpX-PEqQn1pNlw"]},{"@type":"Person","@id":"https:\/\/prodoctor.net\/blog\/#\/schema\/person\/183bd8a50bc79149e4a245d7aa37e471","name":"Marcus Javarini","image":{"@type":"ImageObject","inLanguage":"pt-BR","@id":"https:\/\/prodoctor.net\/blog\/#\/schema\/person\/image\/","url":"https:\/\/secure.gravatar.com\/avatar\/750ddc34dfe0283f3b7e54b256ebe3cdd6fae4fa55a72441b2905e3db7eefd7b?s=96&d=mm&r=g","contentUrl":"https:\/\/secure.gravatar.com\/avatar\/750ddc34dfe0283f3b7e54b256ebe3cdd6fae4fa55a72441b2905e3db7eefd7b?s=96&d=mm&r=g","caption":"Marcus Javarini"}}]}},"taxonomy_info":{"category":[{"value":412,"label":"Gest\u00e3o de Cl\u00ednicas e Consult\u00f3rios"}],"post_tag":[{"value":531,"label":"Agenda do consult\u00f3rio"},{"value":530,"label":"Organizar a agenda"}]},"featured_image_src_large":["https:\/\/prodoctor.net\/blog\/wp-content\/uploads\/2020\/02\/organizar-a-agenda-do-consultorio-min.jpg",770,400,false],"author_info":{"display_name":"Marcus Javarini","author_link":"https:\/\/prodoctor.net\/blog\/author\/marcus-javarini\/"},"comment_info":0,"category_info":[{"term_id":412,"name":"Gest\u00e3o de Cl\u00ednicas e Consult\u00f3rios","slug":"gestao-de-clinicas-e-consultorios","term_group":0,"term_taxonomy_id":412,"taxonomy":"category","description":"","parent":0,"count":293,"filter":"raw","cat_ID":412,"category_count":293,"category_description":"","cat_name":"Gest\u00e3o de Cl\u00ednicas e Consult\u00f3rios","category_nicename":"gestao-de-clinicas-e-consultorios","category_parent":0}],"tag_info":[{"term_id":531,"name":"Agenda do consult\u00f3rio","slug":"agenda-do-consultorio","term_group":0,"term_taxonomy_id":531,"taxonomy":"post_tag","description":"","parent":0,"count":3,"filter":"raw"},{"term_id":530,"name":"Organizar a agenda","slug":"organizar-a-agenda","term_group":0,"term_taxonomy_id":530,"taxonomy":"post_tag","description":"","parent":0,"count":2,"filter":"raw"}],"_links":{"self":[{"href":"https:\/\/prodoctor.net\/blog\/wp-json\/wp\/v2\/posts\/14996","targetHints":{"allow":["GET"]}}],"collection":[{"href":"https:\/\/prodoctor.net\/blog\/wp-json\/wp\/v2\/posts"}],"about":[{"href":"https:\/\/prodoctor.net\/blog\/wp-json\/wp\/v2\/types\/post"}],"author":[{"embeddable":true,"href":"https:\/\/prodoctor.net\/blog\/wp-json\/wp\/v2\/users\/5"}],"replies":[{"embeddable":true,"href":"https:\/\/prodoctor.net\/blog\/wp-json\/wp\/v2\/comments?post=14996"}],"version-history":[{"count":18,"href":"https:\/\/prodoctor.net\/blog\/wp-json\/wp\/v2\/posts\/14996\/revisions"}],"predecessor-version":[{"id":28372,"href":"https:\/\/prodoctor.net\/blog\/wp-json\/wp\/v2\/posts\/14996\/revisions\/28372"}],"wp:featuredmedia":[{"embeddable":true,"href":"https:\/\/prodoctor.net\/blog\/wp-json\/wp\/v2\/media\/15043"}],"wp:attachment":[{"href":"https:\/\/prodoctor.net\/blog\/wp-json\/wp\/v2\/media?parent=14996"}],"wp:term":[{"taxonomy":"category","embeddable":true,"href":"https:\/\/prodoctor.net\/blog\/wp-json\/wp\/v2\/categories?post=14996"},{"taxonomy":"post_tag","embeddable":true,"href":"https:\/\/prodoctor.net\/blog\/wp-json\/wp\/v2\/tags?post=14996"}],"curies":[{"name":"wp","href":"https:\/\/api.w.org\/{rel}","templated":true}]}}