{"id":1306,"date":"2018-11-08T08:00:46","date_gmt":"2018-11-08T11:00:46","guid":{"rendered":"https:\/\/blog.prodoctor.net\/?p=1306"},"modified":"2024-03-25T10:37:36","modified_gmt":"2024-03-25T13:37:36","slug":"dia-nacional-do-medico-radiologista","status":"publish","type":"post","link":"https:\/\/prodoctor.net\/blog\/dia-nacional-do-medico-radiologista\/","title":{"rendered":"Dia Nacional do M\u00e9dico Radiologista"},"content":{"rendered":"<p>\u00c9 comemorado hoje, 8, o<strong> Dia do Radiologista<\/strong>. A cria\u00e7\u00e3o da data tem como objetivo <strong>homenagear os profissionais d<\/strong>e Radiologia\/Diagn\u00f3stico de imagem<strong>,\u00a0<\/strong>que desempenham fun\u00e7\u00f5es <strong>importantes na \u00e1rea da sa\u00fade<\/strong>.<\/p>\n<p>A Radiologia \u00e9 uma especialidade m\u00e9dica que <strong>apresentou um gigantesco avan\u00e7o<\/strong> nas \u00faltimas d\u00e9cadas e a cada dia o m\u00e9todo <strong>se torna mais seguro <\/strong>para os pacientes e para os profissionais.<\/p>\n<h3>O Hist\u00f3rico da radiologia<\/h3>\n<p>O <strong>in\u00edcio da Radiologia <\/strong>\u00e9 atribu\u00eddo ao f\u00edsico alem\u00e3o <a href=\"https:\/\/www.dw.com\/pt-br\/1845-nasce-wilhelm-conrad-r%C3%B6ntgen-o-pai-do-raio-x\/a-782500\" target=\"_blank\" rel=\"noopener noreferrer\">Wilhelm Conrad Roentgen<\/a>, que <strong>descobriu os Raios-X <\/strong>em 8 de novembro de 1895, recebendo um <strong>Pr\u00eamio Nobel de F\u00edsica<\/strong> pelo a\u00e7\u00e3o. Roentgen realizava pesquisas utilizando tubos de crookes sobre placas fotogr\u00e1ficas, submetendo-os \u00e0s correntes el\u00e9tricas, <strong>no intuito de fazer uso da radia\u00e7\u00e3o para fotografar os ossos<\/strong> e a parte interna da m\u00e3o de Bertha, sua esposa.<\/p>\n<p>A experi\u00eancia deu certo e deixou Roentgen satisfeito. Todavia, a descoberta ainda confundia o cientista, que a nomeou de <strong>\u201cRaio-X\u201d<\/strong>, em refer\u00eancia ao que ainda era \u201cdesconhecido\u201d pela ci\u00eancia. Somente em 1903, com a evolu\u00e7\u00e3o do m\u00e9todo, se\u00a0<strong>teve o maior reconhecimento pela descoberta<\/strong>, quando foi <strong>agraciado com o pr\u00eamio<\/strong>.<\/p>\n<p>A descoberta <strong>revolucionou a Medicina<\/strong>, e desde ent\u00e3o disp\u00f5e de um instrumento mais preciso para a realiza\u00e7\u00e3o de diagn\u00f3sticos. Inicialmente, os <strong>m\u00e9dicos radiologistas<\/strong> baseavam seus diagn\u00f3sticos apenas na utiliza\u00e7\u00e3o do <strong>Raio-X<\/strong>, o que impulsionou uma enorme <strong>evolu\u00e7\u00e3o dos equipamentos para efetuar tal procedimento<\/strong>.<\/p>\n<p>O desenvolvimento dos m\u00e9todos radiol\u00f3gicos e da <strong>Radiologia como especialidade m\u00e9dica,<\/strong>\u00a0s\u00e3o considerados fatores important\u00edssimos no processo de <strong>evolu\u00e7\u00e3o da Medicina contempor\u00e2nea<\/strong>. <strong>A Radiologia ou Diagn\u00f3stico por Imagem<\/strong>, desempenha um papel essencial para os tratamentos de diversas patologias, dispondo de muitos outros meios, como por exemplo, a Ultrassonografia, Resson\u00e2ncia Magn\u00e9tica, Tomografia Computadorizada e a Densitometria \u00d3ssea.<\/p>\n<h3>Radiologia na era Digital<\/h3>\n<p>O desenvolvimento da <strong>tecnologia digital<\/strong>, se tornou um <strong>aliado as salas radiol\u00f3gicas<\/strong>.\u00a0\u00a0Com a visualiza\u00e7\u00e3o de imagens atrav\u00e9s de equipamentos digitais, <strong>a medicina diagn\u00f3stica<\/strong> pertence mais espa\u00e7os, por oferecer <strong>precis\u00e3o e sensibilidade<\/strong> na avalia\u00e7\u00e3o das imagens. O <strong>trabalho di\u00e1rio do radiologista \u00e9 simplificado e din\u00e2mico.\u00a0<\/strong>\u00a0Tal evolu\u00e7\u00e3o dos equipamentos estimulou o extraordin\u00e1rio aumento verificado no mercado de <strong>software para an\u00e1lises de imagem e radiologia<\/strong>.<\/p>\n<h3>Tend\u00eancias para o futuro da radiologia<\/h3>\n<p><img decoding=\"async\" class=\"alignnone wp-image-8346 size-full\" title=\"Tend\u00eancias para o futuro da radiologia\" src=\"https:\/\/prodoctor.net\/blog\/wp-content\/uploads\/2015\/11\/radiologista.jpg\" alt=\"Tend\u00eancias para o futuro da radiologia\" width=\"770\" height=\"250\" srcset=\"https:\/\/prodoctor.net\/blog\/wp-content\/uploads\/2015\/11\/radiologista.jpg 770w, https:\/\/prodoctor.net\/blog\/wp-content\/uploads\/2015\/11\/radiologista-300x97.jpg 300w, https:\/\/prodoctor.net\/blog\/wp-content\/uploads\/2015\/11\/radiologista-768x249.jpg 768w, https:\/\/prodoctor.net\/blog\/wp-content\/uploads\/2015\/11\/radiologista-640x208.jpg 640w\" sizes=\"(max-width: 770px) 100vw, 770px\" \/><\/p>\n<p>Como em outras \u00e1reas da medicina, com a radiologia as<strong> evolu\u00e7\u00f5es e novidades<\/strong> nas plataformas tecnol\u00f3gicas cresceram. A cada per\u00edodo s\u00e3o criados <strong>novos procedimentos e m\u00e9todos<\/strong> eficientes para facilitar e gerar qualidade ao meio. Os profissionais desse segmento deve-se atentar\u00a0 e <strong>explorar as novidades disponibilizadas nos espa\u00e7os onlines.<\/strong>\u00a0 Nunca \u00e9 demais aprimorar conhecimentos, t\u00e9cnicas e se manter em sintonia com as transforma\u00e7\u00f5es da medicina e da radiologia.<\/p>\n<p>Listamos abaixo, de acordo com o <strong>Sistema de Educa\u00e7\u00e3o Continuada a Dist\u00e2ncia (SECAD),<\/strong> cinco inova\u00e7\u00f5es na radiologia. Confira:<\/p>\n<h4>1- Novas tecnologias em tomografia<\/h4>\n<p>A tomografia computadorizada \u00e9 <strong>um dos exames mais pedidos<\/strong> pelos m\u00e9dicos. Com o passar dos anos, os tom\u00f3grafos passaram a utilizar, cada vez menos a radia\u00e7\u00e3o para produzir imagens em alta qualidade. Atualmente, a precis\u00e3o e <strong>efic\u00e1cia na captura de imagens<\/strong> \u00e9 ainda maior.<\/p>\n<p>Com <strong>novas tecnologias nas salas de &#8220;raio-x&#8221;<\/strong> o uso de dados tridimensionais e volum\u00e9tricos vem sendo altamente sens\u00edveis ao movimento. Torna-se capazes de registar <strong>a\u00e7\u00f5es t\u00e3o r\u00e1pida como batimentos card\u00edacos<\/strong>. Al\u00e9m disso, gra\u00e7as a essas modernidades os profissionais ganha imagens em alta defini\u00e7\u00e3o e sem riscos a sa\u00fade por apresentarem <strong>menores \u00edndices de radia\u00e7\u00e3o.\u00a0 <\/strong><\/p>\n<h4>2- M\u00e9todos H\u00edbridos<\/h4>\n<p>M\u00e9todos h\u00edbridos, <strong>o uso combinado de duas ou mais tecnologias<\/strong> em medicina diagn\u00f3stica \u00e9 uma das principais inova\u00e7\u00f5es. A grande parcela dos m\u00e9dicos j\u00e1 est\u00e3o habituados a tomografia por<strong> emiss\u00e3o de p\u00f3sitrons (PET -CT)<\/strong> relacionados a pr\u00e1ticas da medicina nucelar.<\/p>\n<p>A combina\u00e7\u00e3o da resson\u00e2ncia magn\u00e9tica com a emiss\u00e3o de p\u00f3sitrons, j\u00e1 \u00e9 uma \u00e9 uma <strong>pr\u00e1tica do processo h\u00edbrido<\/strong>.\u00a0 O m\u00e9todo est\u00e1 \u00e0 disposi\u00e7\u00e3o dos profissionais permitindo a realiza\u00e7\u00e3o de diagn\u00f3sticos extremamente precisos com<strong> a m\u00e1xima rapidez e economia de recursos.<\/strong><\/p>\n<h4>3- Armazenamento na Nuvem<\/h4>\n<p><a href=\"https:\/\/prodoctor.net\/cloud\/consultorios\" target=\"_blank\" rel=\"noopener noreferrer\">Que prontu\u00e1rios, agendas e\u00a0 evolu\u00e7\u00f5es dos pacientes feitos na nuvem, voc\u00ea j\u00e1 conhece!<\/a>\u00a0Na radiologia, a pr\u00e1tica de armazenamento de dados na nuvem tamb\u00e9m pode ser adotada permitindo <strong>maior\u00a0 seguran\u00e7a e praticidade<\/strong> no dia a dia profissional.<\/p>\n<p>A digita\u00e7\u00e3o de laudos e outros documentos do prontu\u00e1rio possibilita maior <strong>organiza\u00e7\u00e3o dos dados e informa\u00e7\u00f5es<\/strong>, economia de recursos e espa\u00e7os e elimina a necessidade de arquivar documentos impressos. Com <strong>acesso as imagens de qualquer lugar,<\/strong> os radiologistas podem acessar os laudos tornando a libera\u00e7\u00e3o dos resultados\u00a0 instant\u00e2nea.<\/p>\n<h4>4- Integra\u00e7\u00e3o de sistemas<\/h4>\n<p>As mais recentes tend\u00eancias em radiologia revelam a necessidade do<strong> uso integrado de ferramentas,<\/strong> como <a href=\"https:\/\/prodoctor.net\/\" target=\"_blank\" rel=\"noopener noreferrer\">Softwares de gest\u00e3o<\/a>, com a fun\u00e7\u00e3o de <strong>simplificar tarefas e agilizar processos.<\/strong>\u00a0 Os servi\u00e7os radiol\u00f3gicos poder\u00e3o estabelecer protocolos padronizados fazendo com que, o m\u00e9dico acesse tudo de uma \u00fanica plataforma.<\/p>\n<h4>5- Intelig\u00eancia Artificial (machine learning)<\/h4>\n<p>O uso da intelig\u00eancia artificial \u00e9 uma das grandes apostas para as \u00e1reas m\u00e9dicas e na radiologia. Trata-se de tecnologias de alta complexidade que j\u00e1 est\u00e3o sendo empregadas em diversos setores da ind\u00fastria.\u00a0Na medicina, a intelig\u00eancia artificial busca\u00a0<strong>reduzir o tempo de leitura dos dados de imagem gerados<\/strong>, aumentando a precis\u00e3o dos exames e\u00a0 dos diagn\u00f3sticos. A inova\u00e7\u00e3o digital \u00e9 a aposta para o presente e o futuro.<\/p>\n<h3>Aplicativos e Softwares para Radiologistas<\/h3>\n<p><img decoding=\"async\" class=\"alignnone size-full wp-image-4050\" src=\"https:\/\/prodoctor.net\/blog\/wp-content\/uploads\/2015\/11\/aplicativos-para-medicos-radiologistas.jpg\" alt=\"Aplicativos e Softwares para Radiologistas\" width=\"770\" height=\"250\" srcset=\"https:\/\/prodoctor.net\/blog\/wp-content\/uploads\/2015\/11\/aplicativos-para-medicos-radiologistas.jpg 770w, https:\/\/prodoctor.net\/blog\/wp-content\/uploads\/2015\/11\/aplicativos-para-medicos-radiologistas-300x97.jpg 300w\" sizes=\"(max-width: 770px) 100vw, 770px\" \/><\/p>\n<h4>1 &#8211;\u00a0CMR Pocket Guide (Guia de Bolso CMR)<\/h4>\n<p>Este aplicativo m\u00f3vel contempla o Guia de Bolso da <strong>Associa\u00e7\u00e3o Europeia de Imagem Cardiovascular<\/strong> para resson\u00e2ncia magn\u00e9tica card\u00edaca. Ele disponibiliza<strong> informa\u00e7\u00f5es estruturais e funcionais detalhadas do cora\u00e7\u00e3o<\/strong>, revelando-se mais \u00fateis para aqueles que est\u00e3o come\u00e7ando na especialidade ou que apenas necessitam de uma verifica\u00e7\u00e3o de refer\u00eancia. Destina-se aos cl\u00ednicos que realizam esse tipo de imagem e conta com <strong>cinco calculadoras e se\u00e7\u00f5es de seguran\u00e7a e planejamento<\/strong>.<\/p>\n<h4>2 &#8211; CTisus Critical Diagnostic Measurements in CT<\/h4>\n<p>Este app foi concebido pela Dra. Elliot Fishman e seus colegas da <strong>Johns Hopkins University<\/strong> (EUA). As <strong>Medi\u00e7\u00f5es de Diagn\u00f3stico Cr\u00edtico em Tomografia Computadorizada<\/strong>\u00a0(em portugu\u00eas) s\u00e3o importantes e \u00fateis para aqueles que objetivam explorar anatomia e anatomia normais \u2013 diferentes em tamanho e atenua\u00e7\u00e3o -, possivelmente indicando patologia. O software fornece as <strong>interpreta\u00e7\u00f5es de tomografia computadorizadas<\/strong> com medidas normais para <strong>v\u00e1rias estruturas anat\u00f4micas<\/strong> e disponibiliza os <strong>limites da unidade de Hounsfield<\/strong>, juntamente com links de backup de publica\u00e7\u00e3o.\u00a0Traz, ainda,\u00a0ferramentas de pesquisa e gr\u00e1ficos para ajudar no uso de sua aplica\u00e7\u00e3o.<\/p>\n<p>Em ingl\u00eas. Tamb\u00e9m gratuito e dispon\u00edvel na <a href=\"https:\/\/itunes.apple.com\/us\/app\/ctisus-critical-diagnostic\/id1039024344?mt=8\" target=\"_blank\" rel=\"noopener noreferrer\">Apple Store para iOS<\/a>.<\/p>\n<h4>3 &#8211; RadsBest: Fast Decision Support for Radiologists<\/h4>\n<p>Na tradu\u00e7\u00e3o para o portugu\u00eas, este app \u00e9 conhecido como &#8220;<strong>o melhor amigo do radiologista<\/strong>&#8220;. Foi desenvolvido pelo radiologista Roy Kwak, que necessitava criar um <strong>relat\u00f3rio preciso e baseado em evid\u00eancias<\/strong>. Ao utilizar a l\u00f3gica interna, o software pode reduzir o tempo de t\u00e9rmino do processo de reda\u00e7\u00e3o de relat\u00f3rios, <strong>eliminando etapas sem influenciar no resultado<\/strong>. Segundo o radiologista, o programa \u201ctem a maioria das <strong>diretrizes compat\u00edveis com ACR<\/strong>, incluindo a Fleischner Society e o Rung-Lung, bem como a prepara\u00e7\u00e3o para muitos tipos de c\u00e2ncer\u201d, o que <strong>aumenta potencialmente a qualidade dos relat\u00f3rios<\/strong>.<\/p>\n<p>O app cont\u00e9m tr\u00eas se\u00e7\u00f5es principais, incluindo <strong>gerenciamento de suporte \u00e0 decis\u00e3o, encena\u00e7\u00e3o e c\u00e1lculos<\/strong>. Em ingl\u00eas, est\u00e1 <a href=\"https:\/\/itunes.apple.com\/us\/app\/radsbest-fast-decision-support\/id661727601?mt=8\" target=\"_blank\" rel=\"noopener noreferrer\">dispon\u00edvel para iPhone<\/a> e \u00e9 gratuito, mas h\u00e1 compras no aplicativo para algumas ferramentas.<\/p>\n<h4>4- Mobile MIM<\/h4>\n<p>Aplicativo para <strong>visualizar imagens de exames<\/strong> com qualidade suficiente para a <strong>realiza\u00e7\u00e3o de um diagn\u00f3stico<\/strong>. Pode ser utilizado na Tomografia Computadorizada (TC), Resson\u00e2ncia Magn\u00e9tica (RM) e Tecnologia de Medicina Nuclear, como Tomografia por Emiss\u00e3o de P\u00f3sitrons (PET).<\/p>\n<p>O aplicativo comprime as <strong>imagens registradas em um hospital ou consult\u00f3rio m\u00e9dico<\/strong> para sua transfer\u00eancia segura \u00e0 rede e as <strong>envia ao celular ou tablet<\/strong>. \u00c9 poss\u00edvel medir dist\u00e2ncias e valores de densidade, al\u00e9m de outras funcionalidades. O <strong>Mobile MIM<\/strong> <strong>recebeu aprova\u00e7\u00e3o para sua utiliza\u00e7\u00e3o na pr\u00e1tica m\u00e9dica pelo FDA<\/strong> (Food and Drug Administration). Est\u00e1 dispon\u00edvel na <a href=\"https:\/\/itunes.apple.com\/us\/app\/mobile-mim\/id281922769?mt=8\" target=\"_blank\" rel=\"noopener noreferrer\">Apple Store<\/a>.<\/p>\n<h4>5-\u00a0Simulador RX Cimas<\/h4>\n<p>Considerado <strong>ideal para estudantes de Radiologia<\/strong>. Outro app gratuito e em Portugu\u00eas, na plataforma Android. Trata-se de um <strong>simulador<\/strong> que <strong>facilita o c\u00e1lculo de kV, kVp e mAs<\/strong> nos estudos de Raio X. <a href=\"https:\/\/play.google.com\/store\/apps\/details?id=com.institutocimas.simulador&amp;hl=pt_BR\" target=\"_blank\" rel=\"noopener noreferrer\">Dispon\u00edvel na Google Play<\/a>.<\/p>\n<h4>6- Turing<\/h4>\n<p>Software concebido e atualizado constantemente por <strong>m\u00e9dicos radiologistas<\/strong> para auxiliar m\u00e9dicos ultrassonografistas e radiologistas a <strong>emitir laudos de exames de forma simples e r\u00e1pida<\/strong>. Incorpora recursos sabidamente \u00fateis para o exerc\u00edcio da especialidade e uma s\u00e9rie de conhecimentos pr\u00e9vios que o tornam \u201cinteligente\u201d e o <strong>capacitam a auxiliar o m\u00e9dico em fun\u00e7\u00f5es repetitivas<\/strong> (como o c\u00e1lculo de volumes) e na <strong>redu\u00e7\u00e3o de falhas<\/strong> (erros por distra\u00e7\u00e3o\/digita\u00e7\u00e3o).<\/p>\n<p>O <a href=\"http:\/\/queo.com.br\/wp\/\" target=\"_blank\" rel=\"noopener noreferrer\">Turing<\/a> age como se fosse um \u201cdigitador virtual\u201d: o m\u00e9dico assinala itens e fornece medidas em um formul\u00e1rio eletr\u00f4nico, e o programa faz todo o resto. Assim, consegue <strong>economizar tempo, reduzir erros, facilitar a padroniza\u00e7\u00e3o dos laudos<\/strong> e ao mesmo tempo poupar o profissional do desgaste resultante da digita\u00e7\u00e3o.<\/p>\n<h4>7-OsiriX HD<\/h4>\n<p>\u00c9 considerado um dos <strong>melhores softwares visualizadores radiol\u00f3gicos<\/strong> (DICOM), al\u00e9m de ser <strong>gratuito<\/strong> e de ter o c\u00f3digo aberto. Contudo, a <a href=\"https:\/\/itunes.apple.com\/app\/osirix-hd\/id419227089\" target=\"_blank\" rel=\"noopener noreferrer\">vers\u00e3o para iPad \u00e9 paga<\/a>. Foi lan\u00e7ado como um aplicativo universal para o iPhone e iPad.<\/p>\n<p>O <a href=\"http:\/\/www.osirix-viewer.com\/\" target=\"_blank\" rel=\"noopener noreferrer\">OsiriX HD<\/a> Permite uma visualiza\u00e7\u00e3o de imagens mais adequada que na tela do iPad, podendo exibir imagens de todas as modalidades de imagem, como a ultrassonografia, TC, RM, PET, dentre outras, e pode ser usado como um complemento \u00e0 vers\u00e3o desktop, proporcionando integra\u00e7\u00e3o, ou por se conectar a um servidor PACS para recuperar imagens por WiFi ou 3G.<\/p>\n<h4>8-\u00a0Radiologia Mobile<\/h4>\n<p>Neste aplicativo,\u00a0Os par\u00e2metros t\u00e9cnicos utilizados ser\u00e3o <strong>bases de refer\u00eancia<\/strong> para o profissional e para o estudante de medicina. A ideia \u00e9 aderir os exames ao equipamento utilizado.\u00a0 <strong>Gratuito<\/strong> e <a href=\"https:\/\/play.google.com\/store\/apps\/details?id=appinventor.ai_u_radiologia.Radiologia\" target=\"_blank\" rel=\"noopener noreferrer\">dispon\u00edvel na Google Play.<\/a><\/p>\n<h3>A escolha da especialidade<\/h3>\n<p>Aos alunos de medicina que em breve <strong>dever\u00e3o escolher qual<\/strong> especialidade seguir preparamos uma dica interessante. Se voc\u00ea, pensa em se aperfei\u00e7oar em <strong>Radiologia\/Diagn\u00f3stico<\/strong> por imagem ser\u00e1 v\u00e1lido aderir as dicas do canal no Youtube <a href=\"https:\/\/www.youtube.com\/channel\/UCE0KRm8m9_ki8MrMYGyjpAw\" target=\"_blank\" rel=\"noopener noreferrer\">Medicina resumida<\/a>. Com o Dr. Caio Nunes\u00a0 conhe\u00e7a, aprenda e <strong>explore a \u00e1rea radiol\u00f3gica<\/strong>. Para saber mais e assistir ao v\u00eddeo <a href=\"https:\/\/www.youtube.com\/watch?v=vsi38wiCzFk\" target=\"_blank\" rel=\"noopener noreferrer\">acesse aqui.\u00a0<\/a><\/p>\n","protected":false},"excerpt":{"rendered":"<p>\u00c9 comemorado hoje, 8, o Dia do Radiologista. A cria\u00e7\u00e3o da data tem como objetivo homenagear os profissionais de&#8230;<\/p>\n","protected":false},"author":1,"featured_media":6725,"comment_status":"closed","ping_status":"open","sticky":false,"template":"","format":"standard","meta":{"_kad_blocks_custom_css":"","_kad_blocks_head_custom_js":"","_kad_blocks_body_custom_js":"","_kad_blocks_footer_custom_js":"","_kadence_starter_templates_imported_post":false,"_kad_post_transparent":"","_kad_post_title":"","_kad_post_layout":"","_kad_post_sidebar_id":"","_kad_post_content_style":"","_kad_post_vertical_padding":"","_kad_post_feature":"","_kad_post_feature_position":"","_kad_post_header":false,"_kad_post_footer":false,"footnotes":""},"categories":[410],"tags":[],"class_list":["post-1306","post","type-post","status-publish","format-standard","has-post-thumbnail","hentry","category-datas-comemorativas-da-saude"],"yoast_head":"<!-- This site is optimized with the Yoast SEO plugin v27.0 - https:\/\/yoast.com\/product\/yoast-seo-wordpress\/ -->\n<title>Dia Nacional do M\u00e9dico Radiologista - Blog ProDoctor<\/title>\n<meta name=\"description\" content=\"\u00c9 comemorado hoje, 8, o Dia do Radiologista. Listamos dicas, conceitos e aplicativos que podem ajudar e agilizar o dia a dia desses profissionais.\" \/>\n<meta name=\"robots\" content=\"index, follow, max-snippet:-1, max-image-preview:large, max-video-preview:-1\" \/>\n<link rel=\"canonical\" href=\"https:\/\/prodoctor.net\/blog\/dia-nacional-do-medico-radiologista\/\" \/>\n<meta property=\"og:locale\" content=\"pt_BR\" \/>\n<meta property=\"og:type\" content=\"article\" \/>\n<meta property=\"og:title\" content=\"Dia Nacional do M\u00e9dico Radiologista - Blog ProDoctor\" \/>\n<meta property=\"og:description\" content=\"\u00c9 comemorado hoje, 8, o Dia do Radiologista. Listamos dicas, conceitos e aplicativos que podem ajudar e agilizar o dia a dia desses profissionais.\" \/>\n<meta property=\"og:url\" content=\"https:\/\/prodoctor.net\/blog\/dia-nacional-do-medico-radiologista\/\" \/>\n<meta property=\"og:site_name\" content=\"Blog ProDoctor\" \/>\n<meta property=\"article:publisher\" content=\"https:\/\/www.facebook.com\/prodoctorsoftware\" \/>\n<meta property=\"article:published_time\" content=\"2018-11-08T11:00:46+00:00\" \/>\n<meta property=\"article:modified_time\" content=\"2024-03-25T13:37:36+00:00\" \/>\n<meta property=\"og:image\" content=\"https:\/\/prodoctor.net\/blog\/wp-content\/uploads\/2015\/11\/Dia-Nacional-do-Medico-Radiologista.png\" \/>\n\t<meta property=\"og:image:width\" content=\"770\" \/>\n\t<meta property=\"og:image:height\" content=\"400\" \/>\n\t<meta property=\"og:image:type\" content=\"image\/png\" \/>\n<meta name=\"author\" content=\"ProDoctor Software\" \/>\n<meta name=\"twitter:card\" content=\"summary_large_image\" \/>\n<meta name=\"twitter:creator\" content=\"@prodoctorsoft\" \/>\n<meta name=\"twitter:site\" content=\"@prodoctorsoft\" \/>\n<meta name=\"twitter:label1\" content=\"Escrito por\" \/>\n\t<meta name=\"twitter:data1\" content=\"ProDoctor Software\" \/>\n\t<meta name=\"twitter:label2\" content=\"Est. tempo de leitura\" \/>\n\t<meta name=\"twitter:data2\" content=\"10 minutos\" \/>\n<script type=\"application\/ld+json\" class=\"yoast-schema-graph\">{\"@context\":\"https:\/\/schema.org\",\"@graph\":[{\"@type\":\"Article\",\"@id\":\"https:\/\/prodoctor.net\/blog\/dia-nacional-do-medico-radiologista\/#article\",\"isPartOf\":{\"@id\":\"https:\/\/prodoctor.net\/blog\/dia-nacional-do-medico-radiologista\/\"},\"author\":{\"name\":\"ProDoctor Software\",\"@id\":\"https:\/\/prodoctor.net\/blog\/#\/schema\/person\/8878914b17cd360e7ec0ddee1ed8c544\"},\"headline\":\"Dia Nacional do M\u00e9dico Radiologista\",\"datePublished\":\"2018-11-08T11:00:46+00:00\",\"dateModified\":\"2024-03-25T13:37:36+00:00\",\"mainEntityOfPage\":{\"@id\":\"https:\/\/prodoctor.net\/blog\/dia-nacional-do-medico-radiologista\/\"},\"wordCount\":1838,\"publisher\":{\"@id\":\"https:\/\/prodoctor.net\/blog\/#organization\"},\"image\":{\"@id\":\"https:\/\/prodoctor.net\/blog\/dia-nacional-do-medico-radiologista\/#primaryimage\"},\"thumbnailUrl\":\"https:\/\/prodoctor.net\/blog\/wp-content\/uploads\/2015\/11\/Dia-Nacional-do-Medico-Radiologista.png\",\"articleSection\":[\"Datas Comemorativas da Sa\u00fade\"],\"inLanguage\":\"pt-BR\"},{\"@type\":\"WebPage\",\"@id\":\"https:\/\/prodoctor.net\/blog\/dia-nacional-do-medico-radiologista\/\",\"url\":\"https:\/\/prodoctor.net\/blog\/dia-nacional-do-medico-radiologista\/\",\"name\":\"Dia Nacional do M\u00e9dico Radiologista - Blog ProDoctor\",\"isPartOf\":{\"@id\":\"https:\/\/prodoctor.net\/blog\/#website\"},\"primaryImageOfPage\":{\"@id\":\"https:\/\/prodoctor.net\/blog\/dia-nacional-do-medico-radiologista\/#primaryimage\"},\"image\":{\"@id\":\"https:\/\/prodoctor.net\/blog\/dia-nacional-do-medico-radiologista\/#primaryimage\"},\"thumbnailUrl\":\"https:\/\/prodoctor.net\/blog\/wp-content\/uploads\/2015\/11\/Dia-Nacional-do-Medico-Radiologista.png\",\"datePublished\":\"2018-11-08T11:00:46+00:00\",\"dateModified\":\"2024-03-25T13:37:36+00:00\",\"description\":\"\u00c9 comemorado hoje, 8, o Dia do Radiologista. Listamos dicas, conceitos e aplicativos que podem ajudar e agilizar o dia a dia desses profissionais.\",\"breadcrumb\":{\"@id\":\"https:\/\/prodoctor.net\/blog\/dia-nacional-do-medico-radiologista\/#breadcrumb\"},\"inLanguage\":\"pt-BR\",\"potentialAction\":[{\"@type\":\"ReadAction\",\"target\":[\"https:\/\/prodoctor.net\/blog\/dia-nacional-do-medico-radiologista\/\"]}]},{\"@type\":\"ImageObject\",\"inLanguage\":\"pt-BR\",\"@id\":\"https:\/\/prodoctor.net\/blog\/dia-nacional-do-medico-radiologista\/#primaryimage\",\"url\":\"https:\/\/prodoctor.net\/blog\/wp-content\/uploads\/2015\/11\/Dia-Nacional-do-Medico-Radiologista.png\",\"contentUrl\":\"https:\/\/prodoctor.net\/blog\/wp-content\/uploads\/2015\/11\/Dia-Nacional-do-Medico-Radiologista.png\",\"width\":770,\"height\":400,\"caption\":\"Dia Nacional do Medico Radiologista\"},{\"@type\":\"BreadcrumbList\",\"@id\":\"https:\/\/prodoctor.net\/blog\/dia-nacional-do-medico-radiologista\/#breadcrumb\",\"itemListElement\":[{\"@type\":\"ListItem\",\"position\":1,\"name\":\"In\u00edcio\",\"item\":\"https:\/\/prodoctor.net\/blog\/\"},{\"@type\":\"ListItem\",\"position\":2,\"name\":\"Dia Nacional do M\u00e9dico Radiologista\"}]},{\"@type\":\"WebSite\",\"@id\":\"https:\/\/prodoctor.net\/blog\/#website\",\"url\":\"https:\/\/prodoctor.net\/blog\/\",\"name\":\"Blog ProDoctor\",\"description\":\"Tudo sobre o mundo da Sa\u00fade\",\"publisher\":{\"@id\":\"https:\/\/prodoctor.net\/blog\/#organization\"},\"potentialAction\":[{\"@type\":\"SearchAction\",\"target\":{\"@type\":\"EntryPoint\",\"urlTemplate\":\"https:\/\/prodoctor.net\/blog\/?s={search_term_string}\"},\"query-input\":{\"@type\":\"PropertyValueSpecification\",\"valueRequired\":true,\"valueName\":\"search_term_string\"}}],\"inLanguage\":\"pt-BR\"},{\"@type\":\"Organization\",\"@id\":\"https:\/\/prodoctor.net\/blog\/#organization\",\"name\":\"ProDoctor Software S\/A\",\"url\":\"https:\/\/prodoctor.net\/blog\/\",\"logo\":{\"@type\":\"ImageObject\",\"inLanguage\":\"pt-BR\",\"@id\":\"https:\/\/prodoctor.net\/blog\/#\/schema\/logo\/image\/\",\"url\":\"https:\/\/prodoctor.net\/blog\/wp-content\/uploads\/2017\/01\/Logo_PDo_Lateral.png\",\"contentUrl\":\"https:\/\/prodoctor.net\/blog\/wp-content\/uploads\/2017\/01\/Logo_PDo_Lateral.png\",\"width\":2014,\"height\":485,\"caption\":\"ProDoctor Software S\/A\"},\"image\":{\"@id\":\"https:\/\/prodoctor.net\/blog\/#\/schema\/logo\/image\/\"},\"sameAs\":[\"https:\/\/www.facebook.com\/prodoctorsoftware\",\"https:\/\/x.com\/prodoctorsoft\",\"https:\/\/www.instagram.com\/prodoctorsoftware\/\",\"https:\/\/www.linkedin.com\/company\/prodoctor-software-ltda\",\"https:\/\/www.youtube.com\/channel\/UCIWuDLsVtIpX-PEqQn1pNlw\"]},{\"@type\":\"Person\",\"@id\":\"https:\/\/prodoctor.net\/blog\/#\/schema\/person\/8878914b17cd360e7ec0ddee1ed8c544\",\"name\":\"ProDoctor Software\",\"image\":{\"@type\":\"ImageObject\",\"inLanguage\":\"pt-BR\",\"@id\":\"https:\/\/prodoctor.net\/blog\/#\/schema\/person\/image\/\",\"url\":\"https:\/\/secure.gravatar.com\/avatar\/a67bdb10f2e6695f7ae356a84deeaf10b545567f0ac054e9bfe8ec56e86317ec?s=96&d=mm&r=g\",\"contentUrl\":\"https:\/\/secure.gravatar.com\/avatar\/a67bdb10f2e6695f7ae356a84deeaf10b545567f0ac054e9bfe8ec56e86317ec?s=96&d=mm&r=g\",\"caption\":\"ProDoctor Software\"},\"sameAs\":[\"http:\/\/prodoctor.net\",\"https:\/\/x.com\/prodoctorsoft\"]}]}<\/script>\n<!-- \/ Yoast SEO plugin. -->","yoast_head_json":{"title":"Dia Nacional do M\u00e9dico Radiologista - Blog ProDoctor","description":"\u00c9 comemorado hoje, 8, o Dia do Radiologista. Listamos dicas, conceitos e aplicativos que podem ajudar e agilizar o dia a dia desses profissionais.","robots":{"index":"index","follow":"follow","max-snippet":"max-snippet:-1","max-image-preview":"max-image-preview:large","max-video-preview":"max-video-preview:-1"},"canonical":"https:\/\/prodoctor.net\/blog\/dia-nacional-do-medico-radiologista\/","og_locale":"pt_BR","og_type":"article","og_title":"Dia Nacional do M\u00e9dico Radiologista - Blog ProDoctor","og_description":"\u00c9 comemorado hoje, 8, o Dia do Radiologista. Listamos dicas, conceitos e aplicativos que podem ajudar e agilizar o dia a dia desses profissionais.","og_url":"https:\/\/prodoctor.net\/blog\/dia-nacional-do-medico-radiologista\/","og_site_name":"Blog ProDoctor","article_publisher":"https:\/\/www.facebook.com\/prodoctorsoftware","article_published_time":"2018-11-08T11:00:46+00:00","article_modified_time":"2024-03-25T13:37:36+00:00","og_image":[{"width":770,"height":400,"url":"https:\/\/prodoctor.net\/blog\/wp-content\/uploads\/2015\/11\/Dia-Nacional-do-Medico-Radiologista.png","type":"image\/png"}],"author":"ProDoctor Software","twitter_card":"summary_large_image","twitter_creator":"@prodoctorsoft","twitter_site":"@prodoctorsoft","twitter_misc":{"Escrito por":"ProDoctor Software","Est. tempo de leitura":"10 minutos"},"schema":{"@context":"https:\/\/schema.org","@graph":[{"@type":"Article","@id":"https:\/\/prodoctor.net\/blog\/dia-nacional-do-medico-radiologista\/#article","isPartOf":{"@id":"https:\/\/prodoctor.net\/blog\/dia-nacional-do-medico-radiologista\/"},"author":{"name":"ProDoctor Software","@id":"https:\/\/prodoctor.net\/blog\/#\/schema\/person\/8878914b17cd360e7ec0ddee1ed8c544"},"headline":"Dia Nacional do M\u00e9dico Radiologista","datePublished":"2018-11-08T11:00:46+00:00","dateModified":"2024-03-25T13:37:36+00:00","mainEntityOfPage":{"@id":"https:\/\/prodoctor.net\/blog\/dia-nacional-do-medico-radiologista\/"},"wordCount":1838,"publisher":{"@id":"https:\/\/prodoctor.net\/blog\/#organization"},"image":{"@id":"https:\/\/prodoctor.net\/blog\/dia-nacional-do-medico-radiologista\/#primaryimage"},"thumbnailUrl":"https:\/\/prodoctor.net\/blog\/wp-content\/uploads\/2015\/11\/Dia-Nacional-do-Medico-Radiologista.png","articleSection":["Datas Comemorativas da Sa\u00fade"],"inLanguage":"pt-BR"},{"@type":"WebPage","@id":"https:\/\/prodoctor.net\/blog\/dia-nacional-do-medico-radiologista\/","url":"https:\/\/prodoctor.net\/blog\/dia-nacional-do-medico-radiologista\/","name":"Dia Nacional do M\u00e9dico Radiologista - Blog ProDoctor","isPartOf":{"@id":"https:\/\/prodoctor.net\/blog\/#website"},"primaryImageOfPage":{"@id":"https:\/\/prodoctor.net\/blog\/dia-nacional-do-medico-radiologista\/#primaryimage"},"image":{"@id":"https:\/\/prodoctor.net\/blog\/dia-nacional-do-medico-radiologista\/#primaryimage"},"thumbnailUrl":"https:\/\/prodoctor.net\/blog\/wp-content\/uploads\/2015\/11\/Dia-Nacional-do-Medico-Radiologista.png","datePublished":"2018-11-08T11:00:46+00:00","dateModified":"2024-03-25T13:37:36+00:00","description":"\u00c9 comemorado hoje, 8, o Dia do Radiologista. Listamos dicas, conceitos e aplicativos que podem ajudar e agilizar o dia a dia desses profissionais.","breadcrumb":{"@id":"https:\/\/prodoctor.net\/blog\/dia-nacional-do-medico-radiologista\/#breadcrumb"},"inLanguage":"pt-BR","potentialAction":[{"@type":"ReadAction","target":["https:\/\/prodoctor.net\/blog\/dia-nacional-do-medico-radiologista\/"]}]},{"@type":"ImageObject","inLanguage":"pt-BR","@id":"https:\/\/prodoctor.net\/blog\/dia-nacional-do-medico-radiologista\/#primaryimage","url":"https:\/\/prodoctor.net\/blog\/wp-content\/uploads\/2015\/11\/Dia-Nacional-do-Medico-Radiologista.png","contentUrl":"https:\/\/prodoctor.net\/blog\/wp-content\/uploads\/2015\/11\/Dia-Nacional-do-Medico-Radiologista.png","width":770,"height":400,"caption":"Dia Nacional do Medico Radiologista"},{"@type":"BreadcrumbList","@id":"https:\/\/prodoctor.net\/blog\/dia-nacional-do-medico-radiologista\/#breadcrumb","itemListElement":[{"@type":"ListItem","position":1,"name":"In\u00edcio","item":"https:\/\/prodoctor.net\/blog\/"},{"@type":"ListItem","position":2,"name":"Dia Nacional do M\u00e9dico Radiologista"}]},{"@type":"WebSite","@id":"https:\/\/prodoctor.net\/blog\/#website","url":"https:\/\/prodoctor.net\/blog\/","name":"Blog ProDoctor","description":"Tudo sobre o mundo da Sa\u00fade","publisher":{"@id":"https:\/\/prodoctor.net\/blog\/#organization"},"potentialAction":[{"@type":"SearchAction","target":{"@type":"EntryPoint","urlTemplate":"https:\/\/prodoctor.net\/blog\/?s={search_term_string}"},"query-input":{"@type":"PropertyValueSpecification","valueRequired":true,"valueName":"search_term_string"}}],"inLanguage":"pt-BR"},{"@type":"Organization","@id":"https:\/\/prodoctor.net\/blog\/#organization","name":"ProDoctor Software S\/A","url":"https:\/\/prodoctor.net\/blog\/","logo":{"@type":"ImageObject","inLanguage":"pt-BR","@id":"https:\/\/prodoctor.net\/blog\/#\/schema\/logo\/image\/","url":"https:\/\/prodoctor.net\/blog\/wp-content\/uploads\/2017\/01\/Logo_PDo_Lateral.png","contentUrl":"https:\/\/prodoctor.net\/blog\/wp-content\/uploads\/2017\/01\/Logo_PDo_Lateral.png","width":2014,"height":485,"caption":"ProDoctor Software S\/A"},"image":{"@id":"https:\/\/prodoctor.net\/blog\/#\/schema\/logo\/image\/"},"sameAs":["https:\/\/www.facebook.com\/prodoctorsoftware","https:\/\/x.com\/prodoctorsoft","https:\/\/www.instagram.com\/prodoctorsoftware\/","https:\/\/www.linkedin.com\/company\/prodoctor-software-ltda","https:\/\/www.youtube.com\/channel\/UCIWuDLsVtIpX-PEqQn1pNlw"]},{"@type":"Person","@id":"https:\/\/prodoctor.net\/blog\/#\/schema\/person\/8878914b17cd360e7ec0ddee1ed8c544","name":"ProDoctor Software","image":{"@type":"ImageObject","inLanguage":"pt-BR","@id":"https:\/\/prodoctor.net\/blog\/#\/schema\/person\/image\/","url":"https:\/\/secure.gravatar.com\/avatar\/a67bdb10f2e6695f7ae356a84deeaf10b545567f0ac054e9bfe8ec56e86317ec?s=96&d=mm&r=g","contentUrl":"https:\/\/secure.gravatar.com\/avatar\/a67bdb10f2e6695f7ae356a84deeaf10b545567f0ac054e9bfe8ec56e86317ec?s=96&d=mm&r=g","caption":"ProDoctor Software"},"sameAs":["http:\/\/prodoctor.net","https:\/\/x.com\/prodoctorsoft"]}]}},"taxonomy_info":{"category":[{"value":410,"label":"Datas Comemorativas da Sa\u00fade"}]},"featured_image_src_large":["https:\/\/prodoctor.net\/blog\/wp-content\/uploads\/2015\/11\/Dia-Nacional-do-Medico-Radiologista.png",770,400,false],"author_info":{"display_name":"ProDoctor Software","author_link":"https:\/\/prodoctor.net\/blog\/author\/redesocialprodoctor-net\/"},"comment_info":3,"category_info":[{"term_id":410,"name":"Datas Comemorativas da Sa\u00fade","slug":"datas-comemorativas-da-saude","term_group":0,"term_taxonomy_id":410,"taxonomy":"category","description":"","parent":0,"count":86,"filter":"raw","cat_ID":410,"category_count":86,"category_description":"","cat_name":"Datas Comemorativas da Sa\u00fade","category_nicename":"datas-comemorativas-da-saude","category_parent":0}],"tag_info":false,"_links":{"self":[{"href":"https:\/\/prodoctor.net\/blog\/wp-json\/wp\/v2\/posts\/1306","targetHints":{"allow":["GET"]}}],"collection":[{"href":"https:\/\/prodoctor.net\/blog\/wp-json\/wp\/v2\/posts"}],"about":[{"href":"https:\/\/prodoctor.net\/blog\/wp-json\/wp\/v2\/types\/post"}],"author":[{"embeddable":true,"href":"https:\/\/prodoctor.net\/blog\/wp-json\/wp\/v2\/users\/1"}],"replies":[{"embeddable":true,"href":"https:\/\/prodoctor.net\/blog\/wp-json\/wp\/v2\/comments?post=1306"}],"version-history":[{"count":32,"href":"https:\/\/prodoctor.net\/blog\/wp-json\/wp\/v2\/posts\/1306\/revisions"}],"predecessor-version":[{"id":28787,"href":"https:\/\/prodoctor.net\/blog\/wp-json\/wp\/v2\/posts\/1306\/revisions\/28787"}],"wp:featuredmedia":[{"embeddable":true,"href":"https:\/\/prodoctor.net\/blog\/wp-json\/wp\/v2\/media\/6725"}],"wp:attachment":[{"href":"https:\/\/prodoctor.net\/blog\/wp-json\/wp\/v2\/media?parent=1306"}],"wp:term":[{"taxonomy":"category","embeddable":true,"href":"https:\/\/prodoctor.net\/blog\/wp-json\/wp\/v2\/categories?post=1306"},{"taxonomy":"post_tag","embeddable":true,"href":"https:\/\/prodoctor.net\/blog\/wp-json\/wp\/v2\/tags?post=1306"}],"curies":[{"name":"wp","href":"https:\/\/api.w.org\/{rel}","templated":true}]}}