{"id":1301,"date":"2015-11-06T09:28:38","date_gmt":"2015-11-06T12:28:38","guid":{"rendered":"https:\/\/blog.prodoctor.net\/?p=1301"},"modified":"2024-02-28T17:51:48","modified_gmt":"2024-02-28T20:51:48","slug":"dia-c-o-combate-nacional-ao-cancer-da-pele","status":"publish","type":"post","link":"https:\/\/prodoctor.net\/blog\/dia-c-o-combate-nacional-ao-cancer-da-pele\/","title":{"rendered":"Dia C e Dezembro Laranja, o Combate Nacional ao C\u00e2ncer da Pele"},"content":{"rendered":"<p>O <strong>maior \u00f3rg\u00e3o do corpo humano<\/strong> precisa de todo o seu cuidado. Por este motivo, a <strong>Sociedade Brasileira de Dermatologia<\/strong> (<strong>SBD<\/strong>) promoveu no dia <strong>26 de novembro<\/strong>, o <strong>Dia Nacional de Combate ao C\u00e2ncer da Pele<\/strong>, denominado <strong>Dia C<\/strong>, e promover\u00e1 em todo m\u00eas de Dezembro o <strong>&#8216;Dezembro Laranja&#8217;<\/strong>. O objetivo \u00e9 <strong>refor\u00e7ar as a\u00e7\u00f5es da institui\u00e7\u00e3o contra a enfermidade<\/strong>.<\/p>\n<p><center><iframe src=\"https:\/\/www.youtube.com\/embed\/gIekcDb-Hu0?rel=0\" width=\"560\" height=\"315\" frameborder=\"0\" allowfullscreen=\"allowfullscreen\"><\/iframe><\/center><\/p>\n<h3>Dia C &#8211; Se exponha mas n\u00e3o se queime<\/h3>\n<p>Este ano, o <strong>tema<\/strong> da<strong> Campanha Nacional de Preven\u00e7\u00e3o ao C\u00e2ncer da Pele<\/strong>\u00a0\u00e9 <em>\u201cSe exponha mas n\u00e3o se queime\u201d<\/em>. A a\u00e7\u00e3o ganha destaque com o movimento <strong>Dezembro Laranja<\/strong>, que informa\u00a0a popula\u00e7\u00e3o sobre as formas de preven\u00e7\u00e3o com a ado\u00e7\u00e3o de uma s\u00e9rie de <strong>medidas fotoprotetoras<\/strong>, e a procurar um<strong> m\u00e9dico especializado<\/strong> para diagn\u00f3stico e tratamento.<\/p>\n<h3>Maior campanha m\u00e9dica do mundo<\/h3>\n<p>Desde a sua implementa\u00e7\u00e3o, em 1999, a campanha da <strong>SBD<\/strong> <strong>atingiu 518.737 pessoas<\/strong>. Em 2009, a entidade recebeu a certifica\u00e7\u00e3o do \u201cGuinness World of Records\u201d por ter promovido, em 5 de dezembro de 2009, a <strong>maior campanha m\u00e9dica do mundo<\/strong> realizada em um \u00fanico dia, e a <strong>maior campanha mundial de preven\u00e7\u00e3o ao c\u00e2ncer da pele<\/strong>, com mais de 34 mil atendimentos em diferentes regi\u00f5es do Brasil.<\/p>\n<p>O <strong>Dia Nacional de Combate ao C\u00e2ncer<\/strong> da Pele foi institu\u00eddo em 2012, atendendo desde ent\u00e3o mais de 360 mil pessoas, e integra as a\u00e7\u00f5es do <strong>Programa Nacional de Controle do C\u00e2ncer da Pele (PNCCP)<\/strong>, institu\u00eddo pela entidade em 1999.<\/p>\n<h3>Dezembro Laranja<\/h3>\n<p><img decoding=\"async\" class=\"alignnone size-full wp-image-4465\" src=\"https:\/\/prodoctor.net\/blog\/wp-content\/uploads\/2015\/11\/dezembro-laranja.jpg\" alt=\"Dezembro Laranja: Aplicativos dermatologistas\" width=\"770\" height=\"250\" srcset=\"https:\/\/prodoctor.net\/blog\/wp-content\/uploads\/2015\/11\/dezembro-laranja.jpg 770w, https:\/\/prodoctor.net\/blog\/wp-content\/uploads\/2015\/11\/dezembro-laranja-300x97.jpg 300w\" sizes=\"(max-width: 770px) 100vw, 770px\" \/><\/p>\n<p>Iniciou-se hoje, 01, o <strong>Dezembro Laranja<\/strong>. Este \u00e9 o quarto ano consecutivo que a Sociedade Brasileira de Dermatologia colore o Brasil de laranja para passar uma mensagem importante: a de que <strong>o c\u00e2ncer da pele pode ser prevenido.<\/strong><\/p>\n<p>A primeira a\u00e7\u00e3o do <strong>Dezembro Laranja<\/strong> ocorrer\u00e1 amanh\u00e3, dia 2 de dezembro, das\u00a09h \u00e0s 15h, quando cerca de t<strong>r\u00eas mil dermatologistas volunt\u00e1rios<\/strong> prestar\u00e3o atendimento, esclarecimento e aconselhamento quanto \u00e0 import\u00e2ncia de adotar medidas preventivas. O<a href=\"http:\/\/www.sbd.org.br\/controleOsol\/exame-preventivo-gratuito\/\" target=\"_blank\" rel=\"noopener noreferrer\"> Exame Preventivo Gratuito<\/a>\u00a0ser\u00e1\u00a0realizado, gratuitamente, em cerca de 130 postos de atendimento em todo o Brasil.<\/p>\n<h3>Sobre o C\u00e2ncer de pele<\/h3>\n<p>A doen\u00e7a \u00e9 provocada pelo <strong>crescimento anormal e descontrolado das c\u00e9lulas que comp\u00f5em a pele<\/strong> e que se disp\u00f5em formando camadas. Os diferentes tipos de c\u00e2ncer s\u00e3o definidos conforme a camada afetada e os mais comuns s\u00e3o os carcinomas basocelulares e os espinocelulares. Mais raro e letal que os carcinomas,<strong> o melanoma \u00e9 o tipo mais agressivo<\/strong>. A <strong>radia\u00e7\u00e3o ultravioleta \u00e9 a principal respons\u00e1vel pelo desenvolvimento de tumores cut\u00e2neos<\/strong> e a maioria dos casos est\u00e1 associada \u00e0 <strong>exposi\u00e7\u00e3o excessiva ao sol ou ao uso de c\u00e2maras de bronzeamento<\/strong>.<\/p>\n<p>Embora apresente uma alta taxa de incid\u00eancia, o c\u00e2ncer da pele n\u00e3o-melanoma tem baixa letalidade, sendo poss\u00edvel ser curado com facilidade caso detectado precocemente. Por isto, \u00e9 recomend\u00e1vel que as pessoas <strong>examinem regularmente sua pele<\/strong>, <strong>procurando imediatamente um dermatologista se perceber pintas ou sinais suspeitos<\/strong>. Prevenir nunca \u00e9 tarde demais.<\/p>\n<h3>Aplicativos para auxiliar Dermatologistas e pacientes<\/h3>\n<p>Cada vez mais os <strong>smartphones<\/strong> <strong>se integram \u00e0 vida di\u00e1ria dos profissionais<\/strong>, em todos os setores. <strong>Na Medicina, os recursos tecnol\u00f3gicos podem salvar vidas.<\/strong><\/p>\n<h4>1 &#8211; SkinVision<\/h4>\n<p>Desenvolvido para dispositivos m\u00f3veis focados em <strong>Medicina Preventiva<\/strong>, o <a href=\"https:\/\/www.skinvision.com\/\" target=\"_blank\" rel=\"noopener noreferrer\">SkinVision<\/a> <strong>ajuda a manter a sa\u00fade da pele e permitiu detectar o c\u00e2ncer de pele<\/strong>. Sua cria\u00e7\u00e3o envolveu os conhecimentos de cientistas da computa\u00e7\u00e3o, matem\u00e1ticos e dermatologistas, que <strong>possibilitaram aos usu\u00e1rios identificar pintas, verrugas e marcas de pele poss\u00edvel ou potencialmente perigosas<\/strong>.<\/p>\n<p>Dispon\u00edvel para <a href=\"https:\/\/itunes.apple.com\/br\/app\/skinvision-melanoma-detection\/id545293136?mt=8\" target=\"_blank\" rel=\"noopener noreferrer\">iPhone<\/a> ($ 0.99) e <a href=\"https:\/\/play.google.com\/store\/apps\/details?id=com.rubytribe.skinvision.ac&amp;hl=pt-br\" target=\"_blank\" rel=\"noopener noreferrer\">Android<\/a> (gratuito), <strong>permite que a pessoa tire fotos, arquive e localize imagens de marcas na pele<\/strong>. <strong>\u00c9 considerado como uma \u00f3tima ferramenta dermatol\u00f3gica<\/strong>.<\/p>\n<h4>2- SkinCheck<\/h4>\n<p>Na Universidade de Michigan (EUA), pesquisadores criaram um <strong>aplicativo<\/strong> para smartphone e tablet que ajuda a<strong> detectar a exist\u00eancia do c\u00e2ncer da pele<\/strong>. O SkinCheck ensina, de forma did\u00e1tica, como t<strong>irar fotos de diferentes partes do corpo, com o objetivo de elaborar a an\u00e1lise<\/strong>. Depois de um tempo, uma nova sess\u00e3o de fotos \u00e9 realizada, a fim de que o aplicativo <strong>estabele\u00e7a compara\u00e7\u00f5es acerca das poss\u00edveis altera\u00e7\u00f5es<\/strong>. O <strong>&#8220;calculador de risco&#8221;<\/strong> do programa <strong>informar\u00e1 o \u00edndice do risco de ter c\u00e2ncer da pele<\/strong>.<\/p>\n<p>O <strong>SkinCheck<\/strong> est\u00e1 dispon\u00edvel na <a href=\"https:\/\/itunes.apple.com\/us\/app\/umskincheck\/id522498604?mt=8\" target=\"_blank\" rel=\"noopener noreferrer\">App Store<\/a>, da Apple.<\/p>\n<h4>3 &#8211; DermoScreen<\/h4>\n<p>O <b>DermoScreen<\/b> nasceu pelas m\u00e3os de pesquisadores da Universidade de Houston (Estados Unidos) e \u00e9 um <strong>aplicativo<\/strong> desenvolvido para smartphone pela equipe do engenheiro George Zouridakis que alcan\u00e7ou uma <strong>taxa de acerto de 85% na detec\u00e7\u00e3o de casos do c\u00e2ncer da pele<\/strong>, <strong>\u00edndice similar \u00e0 taxa de precis\u00e3o que os pr\u00f3prios dermatologistas t\u00eam<\/strong>.<\/p>\n<p>Seu funcionamento est\u00e1 condicionado \u00e0s <strong>lentes especiais de aumento<\/strong> (dermosc\u00f3picas), que d<strong>evem ser acopladas ao iPhone<\/strong>. Vem sendo desenvolvido desde 2005 e sua utiliza\u00e7\u00e3o foi <strong>idealizada para \u00e1reas rurais<\/strong> e pa\u00edses em desenvolvimento, <strong>sem acesso a m\u00e9dicos especialistas<\/strong>. Traz consigo uma ideia b\u00e1sica, que consiste em tirar uma foto de uma mancha suspeita na pele e rod\u00e1-la em um programa que <strong>descobre em segundos se a les\u00e3o pode ser cancer\u00edgena<\/strong>. O <b>DermoScreen<\/b> continua passando por mais testes no Centro de C\u00e2ncer da Universidade do Texas.<\/p>\n<p>Veja tamb\u00e9m outros <a title=\"Aplicativos para dermatologistas\" href=\"https:\/\/prodoctor.net\/blog\/dia-do-dermatologista\/\" target=\"_blank\" rel=\"noopener noreferrer\">aplicativos para dermatologistas<\/a>.<\/p>\n","protected":false},"excerpt":{"rendered":"<p>O maior \u00f3rg\u00e3o do corpo humano precisa de todo o seu cuidado. Por este motivo, a Sociedade Brasileira de&#8230;<\/p>\n","protected":false},"author":1,"featured_media":4472,"comment_status":"closed","ping_status":"open","sticky":false,"template":"","format":"standard","meta":{"_kad_blocks_custom_css":"","_kad_blocks_head_custom_js":"","_kad_blocks_body_custom_js":"","_kad_blocks_footer_custom_js":"","_kadence_starter_templates_imported_post":false,"_kad_post_transparent":"","_kad_post_title":"","_kad_post_layout":"","_kad_post_sidebar_id":"","_kad_post_content_style":"","_kad_post_vertical_padding":"","_kad_post_feature":"","_kad_post_feature_position":"","_kad_post_header":false,"_kad_post_footer":false,"footnotes":""},"categories":[408,410],"tags":[],"class_list":["post-1301","post","type-post","status-publish","format-standard","has-post-thumbnail","hentry","category-aplicativos-para-medicos-e-pacientes","category-datas-comemorativas-da-saude"],"yoast_head":"<!-- This site is optimized with the Yoast SEO plugin v27.0 - https:\/\/yoast.com\/product\/yoast-seo-wordpress\/ -->\n<title>Dia C e Dezembro Laranja, o Combate ao C\u00e2ncer da Pele<\/title>\n<meta name=\"description\" content=\"Dia Nacional de Combate ao C\u00e2ncer da Pele e Dezembro Laranja. Veja os recursos tecnol\u00f3gicos podem salvar vidas e ajudar os dermatologistas e pacientes.\" \/>\n<meta name=\"robots\" content=\"index, follow, max-snippet:-1, max-image-preview:large, max-video-preview:-1\" \/>\n<link rel=\"canonical\" href=\"https:\/\/prodoctor.net\/blog\/dia-c-o-combate-nacional-ao-cancer-da-pele\/\" \/>\n<meta property=\"og:locale\" content=\"pt_BR\" \/>\n<meta property=\"og:type\" content=\"article\" \/>\n<meta property=\"og:title\" content=\"Dia C e Dezembro Laranja, o Combate ao C\u00e2ncer da Pele\" \/>\n<meta property=\"og:description\" content=\"Dia Nacional de Combate ao C\u00e2ncer da Pele e Dezembro Laranja. Veja os recursos tecnol\u00f3gicos podem salvar vidas e ajudar os dermatologistas e pacientes.\" \/>\n<meta property=\"og:url\" content=\"https:\/\/prodoctor.net\/blog\/dia-c-o-combate-nacional-ao-cancer-da-pele\/\" \/>\n<meta property=\"og:site_name\" content=\"Blog ProDoctor\" \/>\n<meta property=\"article:publisher\" content=\"https:\/\/www.facebook.com\/prodoctorsoftware\" \/>\n<meta property=\"article:published_time\" content=\"2015-11-06T12:28:38+00:00\" \/>\n<meta property=\"article:modified_time\" content=\"2024-02-28T20:51:48+00:00\" \/>\n<meta property=\"og:image\" content=\"https:\/\/prodoctor.net\/blog\/wp-content\/uploads\/2015\/11\/aplicativos-para-dermatologistas.jpg\" \/>\n\t<meta property=\"og:image:width\" content=\"770\" \/>\n\t<meta property=\"og:image:height\" content=\"400\" \/>\n\t<meta property=\"og:image:type\" content=\"image\/jpeg\" \/>\n<meta name=\"author\" content=\"ProDoctor Software\" \/>\n<meta name=\"twitter:card\" content=\"summary_large_image\" \/>\n<meta name=\"twitter:creator\" content=\"@prodoctorsoft\" \/>\n<meta name=\"twitter:site\" content=\"@prodoctorsoft\" \/>\n<meta name=\"twitter:label1\" content=\"Escrito por\" \/>\n\t<meta name=\"twitter:data1\" content=\"ProDoctor Software\" \/>\n\t<meta name=\"twitter:label2\" content=\"Est. tempo de leitura\" \/>\n\t<meta name=\"twitter:data2\" content=\"5 minutos\" \/>\n<script type=\"application\/ld+json\" class=\"yoast-schema-graph\">{\"@context\":\"https:\/\/schema.org\",\"@graph\":[{\"@type\":\"Article\",\"@id\":\"https:\/\/prodoctor.net\/blog\/dia-c-o-combate-nacional-ao-cancer-da-pele\/#article\",\"isPartOf\":{\"@id\":\"https:\/\/prodoctor.net\/blog\/dia-c-o-combate-nacional-ao-cancer-da-pele\/\"},\"author\":{\"name\":\"ProDoctor Software\",\"@id\":\"https:\/\/prodoctor.net\/blog\/#\/schema\/person\/8878914b17cd360e7ec0ddee1ed8c544\"},\"headline\":\"Dia C e Dezembro Laranja, o Combate Nacional ao C\u00e2ncer da Pele\",\"datePublished\":\"2015-11-06T12:28:38+00:00\",\"dateModified\":\"2024-02-28T20:51:48+00:00\",\"mainEntityOfPage\":{\"@id\":\"https:\/\/prodoctor.net\/blog\/dia-c-o-combate-nacional-ao-cancer-da-pele\/\"},\"wordCount\":901,\"publisher\":{\"@id\":\"https:\/\/prodoctor.net\/blog\/#organization\"},\"image\":{\"@id\":\"https:\/\/prodoctor.net\/blog\/dia-c-o-combate-nacional-ao-cancer-da-pele\/#primaryimage\"},\"thumbnailUrl\":\"https:\/\/prodoctor.net\/blog\/wp-content\/uploads\/2015\/11\/aplicativos-para-dermatologistas.jpg\",\"articleSection\":[\"Aplicativos para m\u00e9dicos e pacientes\",\"Datas Comemorativas da Sa\u00fade\"],\"inLanguage\":\"pt-BR\"},{\"@type\":\"WebPage\",\"@id\":\"https:\/\/prodoctor.net\/blog\/dia-c-o-combate-nacional-ao-cancer-da-pele\/\",\"url\":\"https:\/\/prodoctor.net\/blog\/dia-c-o-combate-nacional-ao-cancer-da-pele\/\",\"name\":\"Dia C e Dezembro Laranja, o Combate ao C\u00e2ncer da Pele\",\"isPartOf\":{\"@id\":\"https:\/\/prodoctor.net\/blog\/#website\"},\"primaryImageOfPage\":{\"@id\":\"https:\/\/prodoctor.net\/blog\/dia-c-o-combate-nacional-ao-cancer-da-pele\/#primaryimage\"},\"image\":{\"@id\":\"https:\/\/prodoctor.net\/blog\/dia-c-o-combate-nacional-ao-cancer-da-pele\/#primaryimage\"},\"thumbnailUrl\":\"https:\/\/prodoctor.net\/blog\/wp-content\/uploads\/2015\/11\/aplicativos-para-dermatologistas.jpg\",\"datePublished\":\"2015-11-06T12:28:38+00:00\",\"dateModified\":\"2024-02-28T20:51:48+00:00\",\"description\":\"Dia Nacional de Combate ao C\u00e2ncer da Pele e Dezembro Laranja. Veja os recursos tecnol\u00f3gicos podem salvar vidas e ajudar os dermatologistas e pacientes.\",\"breadcrumb\":{\"@id\":\"https:\/\/prodoctor.net\/blog\/dia-c-o-combate-nacional-ao-cancer-da-pele\/#breadcrumb\"},\"inLanguage\":\"pt-BR\",\"potentialAction\":[{\"@type\":\"ReadAction\",\"target\":[\"https:\/\/prodoctor.net\/blog\/dia-c-o-combate-nacional-ao-cancer-da-pele\/\"]}]},{\"@type\":\"ImageObject\",\"inLanguage\":\"pt-BR\",\"@id\":\"https:\/\/prodoctor.net\/blog\/dia-c-o-combate-nacional-ao-cancer-da-pele\/#primaryimage\",\"url\":\"https:\/\/prodoctor.net\/blog\/wp-content\/uploads\/2015\/11\/aplicativos-para-dermatologistas.jpg\",\"contentUrl\":\"https:\/\/prodoctor.net\/blog\/wp-content\/uploads\/2015\/11\/aplicativos-para-dermatologistas.jpg\",\"width\":770,\"height\":400,\"caption\":\"Dia C e Dezembro Laranja, o Combate Nacional ao C\u00e2ncer da Pele\"},{\"@type\":\"BreadcrumbList\",\"@id\":\"https:\/\/prodoctor.net\/blog\/dia-c-o-combate-nacional-ao-cancer-da-pele\/#breadcrumb\",\"itemListElement\":[{\"@type\":\"ListItem\",\"position\":1,\"name\":\"In\u00edcio\",\"item\":\"https:\/\/prodoctor.net\/blog\/\"},{\"@type\":\"ListItem\",\"position\":2,\"name\":\"Dia C e Dezembro Laranja, o Combate Nacional ao C\u00e2ncer da Pele\"}]},{\"@type\":\"WebSite\",\"@id\":\"https:\/\/prodoctor.net\/blog\/#website\",\"url\":\"https:\/\/prodoctor.net\/blog\/\",\"name\":\"Blog ProDoctor\",\"description\":\"Tudo sobre o mundo da Sa\u00fade\",\"publisher\":{\"@id\":\"https:\/\/prodoctor.net\/blog\/#organization\"},\"potentialAction\":[{\"@type\":\"SearchAction\",\"target\":{\"@type\":\"EntryPoint\",\"urlTemplate\":\"https:\/\/prodoctor.net\/blog\/?s={search_term_string}\"},\"query-input\":{\"@type\":\"PropertyValueSpecification\",\"valueRequired\":true,\"valueName\":\"search_term_string\"}}],\"inLanguage\":\"pt-BR\"},{\"@type\":\"Organization\",\"@id\":\"https:\/\/prodoctor.net\/blog\/#organization\",\"name\":\"ProDoctor Software S\/A\",\"url\":\"https:\/\/prodoctor.net\/blog\/\",\"logo\":{\"@type\":\"ImageObject\",\"inLanguage\":\"pt-BR\",\"@id\":\"https:\/\/prodoctor.net\/blog\/#\/schema\/logo\/image\/\",\"url\":\"https:\/\/prodoctor.net\/blog\/wp-content\/uploads\/2017\/01\/Logo_PDo_Lateral.png\",\"contentUrl\":\"https:\/\/prodoctor.net\/blog\/wp-content\/uploads\/2017\/01\/Logo_PDo_Lateral.png\",\"width\":2014,\"height\":485,\"caption\":\"ProDoctor Software S\/A\"},\"image\":{\"@id\":\"https:\/\/prodoctor.net\/blog\/#\/schema\/logo\/image\/\"},\"sameAs\":[\"https:\/\/www.facebook.com\/prodoctorsoftware\",\"https:\/\/x.com\/prodoctorsoft\",\"https:\/\/www.instagram.com\/prodoctorsoftware\/\",\"https:\/\/www.linkedin.com\/company\/prodoctor-software-ltda\",\"https:\/\/www.youtube.com\/channel\/UCIWuDLsVtIpX-PEqQn1pNlw\"]},{\"@type\":\"Person\",\"@id\":\"https:\/\/prodoctor.net\/blog\/#\/schema\/person\/8878914b17cd360e7ec0ddee1ed8c544\",\"name\":\"ProDoctor Software\",\"image\":{\"@type\":\"ImageObject\",\"inLanguage\":\"pt-BR\",\"@id\":\"https:\/\/prodoctor.net\/blog\/#\/schema\/person\/image\/\",\"url\":\"https:\/\/secure.gravatar.com\/avatar\/a67bdb10f2e6695f7ae356a84deeaf10b545567f0ac054e9bfe8ec56e86317ec?s=96&d=mm&r=g\",\"contentUrl\":\"https:\/\/secure.gravatar.com\/avatar\/a67bdb10f2e6695f7ae356a84deeaf10b545567f0ac054e9bfe8ec56e86317ec?s=96&d=mm&r=g\",\"caption\":\"ProDoctor Software\"},\"sameAs\":[\"http:\/\/prodoctor.net\",\"https:\/\/x.com\/prodoctorsoft\"]}]}<\/script>\n<!-- \/ Yoast SEO plugin. -->","yoast_head_json":{"title":"Dia C e Dezembro Laranja, o Combate ao C\u00e2ncer da Pele","description":"Dia Nacional de Combate ao C\u00e2ncer da Pele e Dezembro Laranja. Veja os recursos tecnol\u00f3gicos podem salvar vidas e ajudar os dermatologistas e pacientes.","robots":{"index":"index","follow":"follow","max-snippet":"max-snippet:-1","max-image-preview":"max-image-preview:large","max-video-preview":"max-video-preview:-1"},"canonical":"https:\/\/prodoctor.net\/blog\/dia-c-o-combate-nacional-ao-cancer-da-pele\/","og_locale":"pt_BR","og_type":"article","og_title":"Dia C e Dezembro Laranja, o Combate ao C\u00e2ncer da Pele","og_description":"Dia Nacional de Combate ao C\u00e2ncer da Pele e Dezembro Laranja. Veja os recursos tecnol\u00f3gicos podem salvar vidas e ajudar os dermatologistas e pacientes.","og_url":"https:\/\/prodoctor.net\/blog\/dia-c-o-combate-nacional-ao-cancer-da-pele\/","og_site_name":"Blog ProDoctor","article_publisher":"https:\/\/www.facebook.com\/prodoctorsoftware","article_published_time":"2015-11-06T12:28:38+00:00","article_modified_time":"2024-02-28T20:51:48+00:00","og_image":[{"width":770,"height":400,"url":"https:\/\/prodoctor.net\/blog\/wp-content\/uploads\/2015\/11\/aplicativos-para-dermatologistas.jpg","type":"image\/jpeg"}],"author":"ProDoctor Software","twitter_card":"summary_large_image","twitter_creator":"@prodoctorsoft","twitter_site":"@prodoctorsoft","twitter_misc":{"Escrito por":"ProDoctor Software","Est. tempo de leitura":"5 minutos"},"schema":{"@context":"https:\/\/schema.org","@graph":[{"@type":"Article","@id":"https:\/\/prodoctor.net\/blog\/dia-c-o-combate-nacional-ao-cancer-da-pele\/#article","isPartOf":{"@id":"https:\/\/prodoctor.net\/blog\/dia-c-o-combate-nacional-ao-cancer-da-pele\/"},"author":{"name":"ProDoctor Software","@id":"https:\/\/prodoctor.net\/blog\/#\/schema\/person\/8878914b17cd360e7ec0ddee1ed8c544"},"headline":"Dia C e Dezembro Laranja, o Combate Nacional ao C\u00e2ncer da Pele","datePublished":"2015-11-06T12:28:38+00:00","dateModified":"2024-02-28T20:51:48+00:00","mainEntityOfPage":{"@id":"https:\/\/prodoctor.net\/blog\/dia-c-o-combate-nacional-ao-cancer-da-pele\/"},"wordCount":901,"publisher":{"@id":"https:\/\/prodoctor.net\/blog\/#organization"},"image":{"@id":"https:\/\/prodoctor.net\/blog\/dia-c-o-combate-nacional-ao-cancer-da-pele\/#primaryimage"},"thumbnailUrl":"https:\/\/prodoctor.net\/blog\/wp-content\/uploads\/2015\/11\/aplicativos-para-dermatologistas.jpg","articleSection":["Aplicativos para m\u00e9dicos e pacientes","Datas Comemorativas da Sa\u00fade"],"inLanguage":"pt-BR"},{"@type":"WebPage","@id":"https:\/\/prodoctor.net\/blog\/dia-c-o-combate-nacional-ao-cancer-da-pele\/","url":"https:\/\/prodoctor.net\/blog\/dia-c-o-combate-nacional-ao-cancer-da-pele\/","name":"Dia C e Dezembro Laranja, o Combate ao C\u00e2ncer da Pele","isPartOf":{"@id":"https:\/\/prodoctor.net\/blog\/#website"},"primaryImageOfPage":{"@id":"https:\/\/prodoctor.net\/blog\/dia-c-o-combate-nacional-ao-cancer-da-pele\/#primaryimage"},"image":{"@id":"https:\/\/prodoctor.net\/blog\/dia-c-o-combate-nacional-ao-cancer-da-pele\/#primaryimage"},"thumbnailUrl":"https:\/\/prodoctor.net\/blog\/wp-content\/uploads\/2015\/11\/aplicativos-para-dermatologistas.jpg","datePublished":"2015-11-06T12:28:38+00:00","dateModified":"2024-02-28T20:51:48+00:00","description":"Dia Nacional de Combate ao C\u00e2ncer da Pele e Dezembro Laranja. Veja os recursos tecnol\u00f3gicos podem salvar vidas e ajudar os dermatologistas e pacientes.","breadcrumb":{"@id":"https:\/\/prodoctor.net\/blog\/dia-c-o-combate-nacional-ao-cancer-da-pele\/#breadcrumb"},"inLanguage":"pt-BR","potentialAction":[{"@type":"ReadAction","target":["https:\/\/prodoctor.net\/blog\/dia-c-o-combate-nacional-ao-cancer-da-pele\/"]}]},{"@type":"ImageObject","inLanguage":"pt-BR","@id":"https:\/\/prodoctor.net\/blog\/dia-c-o-combate-nacional-ao-cancer-da-pele\/#primaryimage","url":"https:\/\/prodoctor.net\/blog\/wp-content\/uploads\/2015\/11\/aplicativos-para-dermatologistas.jpg","contentUrl":"https:\/\/prodoctor.net\/blog\/wp-content\/uploads\/2015\/11\/aplicativos-para-dermatologistas.jpg","width":770,"height":400,"caption":"Dia C e Dezembro Laranja, o Combate Nacional ao C\u00e2ncer da Pele"},{"@type":"BreadcrumbList","@id":"https:\/\/prodoctor.net\/blog\/dia-c-o-combate-nacional-ao-cancer-da-pele\/#breadcrumb","itemListElement":[{"@type":"ListItem","position":1,"name":"In\u00edcio","item":"https:\/\/prodoctor.net\/blog\/"},{"@type":"ListItem","position":2,"name":"Dia C e Dezembro Laranja, o Combate Nacional ao C\u00e2ncer da Pele"}]},{"@type":"WebSite","@id":"https:\/\/prodoctor.net\/blog\/#website","url":"https:\/\/prodoctor.net\/blog\/","name":"Blog ProDoctor","description":"Tudo sobre o mundo da Sa\u00fade","publisher":{"@id":"https:\/\/prodoctor.net\/blog\/#organization"},"potentialAction":[{"@type":"SearchAction","target":{"@type":"EntryPoint","urlTemplate":"https:\/\/prodoctor.net\/blog\/?s={search_term_string}"},"query-input":{"@type":"PropertyValueSpecification","valueRequired":true,"valueName":"search_term_string"}}],"inLanguage":"pt-BR"},{"@type":"Organization","@id":"https:\/\/prodoctor.net\/blog\/#organization","name":"ProDoctor Software S\/A","url":"https:\/\/prodoctor.net\/blog\/","logo":{"@type":"ImageObject","inLanguage":"pt-BR","@id":"https:\/\/prodoctor.net\/blog\/#\/schema\/logo\/image\/","url":"https:\/\/prodoctor.net\/blog\/wp-content\/uploads\/2017\/01\/Logo_PDo_Lateral.png","contentUrl":"https:\/\/prodoctor.net\/blog\/wp-content\/uploads\/2017\/01\/Logo_PDo_Lateral.png","width":2014,"height":485,"caption":"ProDoctor Software S\/A"},"image":{"@id":"https:\/\/prodoctor.net\/blog\/#\/schema\/logo\/image\/"},"sameAs":["https:\/\/www.facebook.com\/prodoctorsoftware","https:\/\/x.com\/prodoctorsoft","https:\/\/www.instagram.com\/prodoctorsoftware\/","https:\/\/www.linkedin.com\/company\/prodoctor-software-ltda","https:\/\/www.youtube.com\/channel\/UCIWuDLsVtIpX-PEqQn1pNlw"]},{"@type":"Person","@id":"https:\/\/prodoctor.net\/blog\/#\/schema\/person\/8878914b17cd360e7ec0ddee1ed8c544","name":"ProDoctor Software","image":{"@type":"ImageObject","inLanguage":"pt-BR","@id":"https:\/\/prodoctor.net\/blog\/#\/schema\/person\/image\/","url":"https:\/\/secure.gravatar.com\/avatar\/a67bdb10f2e6695f7ae356a84deeaf10b545567f0ac054e9bfe8ec56e86317ec?s=96&d=mm&r=g","contentUrl":"https:\/\/secure.gravatar.com\/avatar\/a67bdb10f2e6695f7ae356a84deeaf10b545567f0ac054e9bfe8ec56e86317ec?s=96&d=mm&r=g","caption":"ProDoctor Software"},"sameAs":["http:\/\/prodoctor.net","https:\/\/x.com\/prodoctorsoft"]}]}},"taxonomy_info":{"category":[{"value":408,"label":"Aplicativos para m\u00e9dicos e pacientes"},{"value":410,"label":"Datas Comemorativas da Sa\u00fade"}]},"featured_image_src_large":["https:\/\/prodoctor.net\/blog\/wp-content\/uploads\/2015\/11\/aplicativos-para-dermatologistas.jpg",770,400,false],"author_info":{"display_name":"ProDoctor Software","author_link":"https:\/\/prodoctor.net\/blog\/author\/redesocialprodoctor-net\/"},"comment_info":4,"category_info":[{"term_id":408,"name":"Aplicativos para m\u00e9dicos e pacientes","slug":"aplicativos-para-medicos-e-pacientes","term_group":0,"term_taxonomy_id":408,"taxonomy":"category","description":"","parent":0,"count":87,"filter":"raw","cat_ID":408,"category_count":87,"category_description":"","cat_name":"Aplicativos para m\u00e9dicos e pacientes","category_nicename":"aplicativos-para-medicos-e-pacientes","category_parent":0},{"term_id":410,"name":"Datas Comemorativas da Sa\u00fade","slug":"datas-comemorativas-da-saude","term_group":0,"term_taxonomy_id":410,"taxonomy":"category","description":"","parent":0,"count":86,"filter":"raw","cat_ID":410,"category_count":86,"category_description":"","cat_name":"Datas Comemorativas da Sa\u00fade","category_nicename":"datas-comemorativas-da-saude","category_parent":0}],"tag_info":false,"_links":{"self":[{"href":"https:\/\/prodoctor.net\/blog\/wp-json\/wp\/v2\/posts\/1301","targetHints":{"allow":["GET"]}}],"collection":[{"href":"https:\/\/prodoctor.net\/blog\/wp-json\/wp\/v2\/posts"}],"about":[{"href":"https:\/\/prodoctor.net\/blog\/wp-json\/wp\/v2\/types\/post"}],"author":[{"embeddable":true,"href":"https:\/\/prodoctor.net\/blog\/wp-json\/wp\/v2\/users\/1"}],"replies":[{"embeddable":true,"href":"https:\/\/prodoctor.net\/blog\/wp-json\/wp\/v2\/comments?post=1301"}],"version-history":[{"count":18,"href":"https:\/\/prodoctor.net\/blog\/wp-json\/wp\/v2\/posts\/1301\/revisions"}],"predecessor-version":[{"id":28425,"href":"https:\/\/prodoctor.net\/blog\/wp-json\/wp\/v2\/posts\/1301\/revisions\/28425"}],"wp:featuredmedia":[{"embeddable":true,"href":"https:\/\/prodoctor.net\/blog\/wp-json\/wp\/v2\/media\/4472"}],"wp:attachment":[{"href":"https:\/\/prodoctor.net\/blog\/wp-json\/wp\/v2\/media?parent=1301"}],"wp:term":[{"taxonomy":"category","embeddable":true,"href":"https:\/\/prodoctor.net\/blog\/wp-json\/wp\/v2\/categories?post=1301"},{"taxonomy":"post_tag","embeddable":true,"href":"https:\/\/prodoctor.net\/blog\/wp-json\/wp\/v2\/tags?post=1301"}],"curies":[{"name":"wp","href":"https:\/\/api.w.org\/{rel}","templated":true}]}}