{"id":12322,"date":"2019-06-21T12:32:36","date_gmt":"2019-06-21T15:32:36","guid":{"rendered":"https:\/\/prodoctor.net\/blog\/?p=12322"},"modified":"2025-11-04T16:50:50","modified_gmt":"2025-11-04T19:50:50","slug":"7-episodio-da-3a-temporada-de-sob-pressao","status":"publish","type":"post","link":"https:\/\/prodoctor.net\/blog\/7-episodio-da-3a-temporada-de-sob-pressao\/","title":{"rendered":"7\u00b0 epis\u00f3dio da 3\u00aa temporada de Sob Press\u00e3o"},"content":{"rendered":"<p>O 7\u00b0 epis\u00f3dio da 3\u00aa temporada de Sob Press\u00e3o j\u00e1 est\u00e1 dispon\u00edvel!<\/p>\n<p>No <a href=\"https:\/\/prodoctor.net\/blog\/6-episodio-da-3-temporada-de-sob-pressao\/\" target=\"_blank\" rel=\"noopener noreferrer\">cap\u00edtulo anterior<\/a>, a equipe m\u00e9dica atende as <strong>v\u00edtimas de um deslizamento<\/strong>. Entre os pacientes, a cartomante Geralda revela o destino de Carolina. Com o <strong>desejo de ser pai<\/strong>, Evandro fala sobre o assunto com a companheira.<\/p>\n<p><strong>Cap\u00edtulos anteriores<\/strong><\/p>\n<ul>\n<li><a href=\"https:\/\/prodoctor.net\/blog\/3-temporada-da-serie-sob-pressao\/\" target=\"_blank\" rel=\"noopener noreferrer\">Novidades da 3\u00aa temporada e resumo do 1\u00ba e 2\u00ba epis\u00f3dio<\/a><\/li>\n<li><a href=\"https:\/\/prodoctor.net\/blog\/3-episodio-3-temporada-sob-pressao\/\" target=\"_blank\" rel=\"noopener noreferrer\">3\u00b0 epis\u00f3dio\u00a0<\/a><\/li>\n<li><a href=\"https:\/\/prodoctor.net\/blog\/4-episodio-3-temporada-sob-pressao\/\" target=\"_blank\" rel=\"noopener noreferrer\">4\u00b0 epis\u00f3dio<\/a><\/li>\n<li><a href=\"https:\/\/prodoctor.net\/blog\/5o-episodio-da-3a-temporada-de-sob-pressao\/\" target=\"_blank\" rel=\"noopener noreferrer\">5\u00b0 epis\u00f3dio<\/a><\/li>\n<li><a href=\"https:\/\/prodoctor.net\/blog\/6-episodio-da-3-temporada-de-sob-pressao\/\" target=\"_blank\" rel=\"noopener noreferrer\">6\u00b0 epis\u00f3dio<\/a><\/li>\n<\/ul>\n<h2>7\u00b0 epis\u00f3dio da 3\u00aa temporada de Sob Press\u00e3o<\/h2>\n<p><img decoding=\"async\" class=\"alignnone wp-image-12324 size-full\" title=\"7\u00b0 epis\u00f3dio da 3\u00aa temporada de Sob Press\u00e3o\" src=\"https:\/\/prodoctor.net\/blog\/wp-content\/uploads\/2019\/06\/7-episodio-da-3-temporada-de-sob-pressao-resumo.jpg\" alt=\"7\u00b0 epis\u00f3dio da 3\u00aa temporada de Sob Press\u00e3o\" width=\"770\" height=\"250\" srcset=\"https:\/\/prodoctor.net\/blog\/wp-content\/uploads\/2019\/06\/7-episodio-da-3-temporada-de-sob-pressao-resumo.jpg 770w, https:\/\/prodoctor.net\/blog\/wp-content\/uploads\/2019\/06\/7-episodio-da-3-temporada-de-sob-pressao-resumo-300x97.jpg 300w, https:\/\/prodoctor.net\/blog\/wp-content\/uploads\/2019\/06\/7-episodio-da-3-temporada-de-sob-pressao-resumo-768x249.jpg 768w, https:\/\/prodoctor.net\/blog\/wp-content\/uploads\/2019\/06\/7-episodio-da-3-temporada-de-sob-pressao-resumo-640x208.jpg 640w\" sizes=\"(max-width: 770px) 100vw, 770px\" \/><\/p>\n<p>A <strong>Rede Globo<\/strong> liberou o 7\u00b0 epis\u00f3dio da 3\u00aa temporada de Sob Press\u00e3o. Com 42 minutos de dura\u00e7\u00e3o, o cap\u00edtulo se inicia com Carolina e Evandro em casa. O diretor do hospital recebe uma liga\u00e7\u00e3o do Hospital Religioso S\u00e3o Tom\u00e9 Ap\u00f3stolo. Com o intuito de ajudar, ao lado de Carolina, <strong>o m\u00e9dico se direciona para mais um dia de plant\u00e3o<\/strong>.<\/p>\n<p>Na emerg\u00eancia, os m\u00e9dicos atendem Raiane ( presidi\u00e1ria gr\u00e1vida) que ao se envolver em uma briga levou uma <strong>facada na barriga<\/strong>. Carolina, Evandro e Vera conversam com a mulher. Visto que a paciente est\u00e1 resistente a ajuda dos profissionais, Carolina afirma que ir\u00e1 salvar sua vida e a vida do beb\u00ea.<\/p>\n<p>Nesse processo, Carolina pergunta se a presidi\u00e1ria fez o <a href=\"https:\/\/www.minhavida.com.br\/familia\/materias\/1326-pre-natal-conheca-os-exames-e-quando-faze-los\" target=\"_blank\" rel=\"noopener noreferrer\">pr\u00e9-natal<\/a>, um <strong>conjunto de exames realizados durante a gesta\u00e7\u00e3o<\/strong> que possibilitam que a mulher fa\u00e7a um acompanhamento detalhado da sua sa\u00fade e do beb\u00ea. Esse cuidado ajuda a prevenir diversas doen\u00e7as e complica\u00e7\u00f5es que podem trazer inclusive o <strong>parto prematuro e o aborto<\/strong>.<\/p>\n<p>Em resposta a m\u00e9dica, Raiane diz que n\u00e3o realizava nenhum exame no pres\u00eddio e que os <strong>tratamentos por l\u00e1 n\u00e3o s\u00e3o bons<\/strong>. Ap\u00f3s o diagn\u00f3stico, a equipe decide operar a gr\u00e1vida.<\/p>\n<h3>Paciente com c\u00e2ncer de mama<\/h3>\n<p>Dr. Charles e Dr. D\u00e9cio atendem fabiana &#8211; uma paciente com c\u00e2ncer de mama.<\/p>\n<p>A mulher j\u00e1 fez a mastectomia (retirada da mama) em um dos seios. Logo ap\u00f3s ser examinada pelos m\u00e9dicos, a paciente descobre que possui um <strong>n\u00f3dulo no outro seio<\/strong>.<\/p>\n<p>Dr. Charles afirma que se caso da paciente der positivo, ela dever\u00e1 fazer <strong>uma nova cirurgia<\/strong> e a retirada do outro seio.<\/p>\n<p>Horas depois com o resultado, sendo assim Fabiana precisar\u00e1 retirar a mama.<\/p>\n<h3>Liga\u00e7\u00e3o com a paciente<\/h3>\n<p>Vera fica <strong>envolvida com a situa\u00e7\u00e3o de Raiane<\/strong> e se preocupa com o diagn\u00f3stico da gr\u00e1vida.<\/p>\n<p>Raiane acorda e conversa com Carolina sobre sua gesta\u00e7\u00e3o. Evandro providencia um ultrassom e a mulher faz um pedido ao profissional: \u201ceu gostaria de saber o sexo do meu beb\u00ea\u201d.<\/p>\n<p>A presidi\u00e1ria <strong>relata que sempre quis ter uma menina<\/strong>. Evandro realiza o exame e d\u00e1 a not\u00edcia para a paciente. \u201cVoc\u00ea acertou, \u00e9 uma menina\u201d.<\/p>\n<p>Com o ultrassom, Carolina e Evandro descobrem que o beb\u00ea possui um problema s\u00e9rio e que dever\u00e1 ser operado assim que nascer. <strong>A m\u00e9dica pede a Evandro para manter a presidi\u00e1ria no hospital<\/strong> at\u00e9 o nascimento para uma observa\u00e7\u00e3o maior do caso.<\/p>\n<p>O diretor do hospital afirma que n\u00e3o ser\u00e1 poss\u00edvel. \u201cEu n\u00e3o posso manter uma presidi\u00e1ria no hospital, ela precisar\u00e1 voltar\u201d.<\/p>\n<h3>Maternidade<\/h3>\n<p>Em outra sala do S\u00e3o Tom\u00e9, Carolina<strong> faz escondida um ultrassom nela mesmo<\/strong> e escuta o batimento do seu beb\u00ea. Eventualmente, Vera chega na sala e v\u00ea a colega realizando o exame.<\/p>\n<p>Vera relata a Carolina que o rem\u00e9dio dado a equipe m\u00e9dica do hospital na <a href=\"https:\/\/prodoctor.net\/blog\/6-episodio-da-3-temporada-de-sob-pressao\/\" target=\"_blank\" rel=\"noopener noreferrer\">epidemia de meningite<\/a> pode ter afetado o efeito da p\u00edlula anticoncepcional e por isso a gravidez.<\/p>\n<p>A m\u00e3e de Raiane chega a emerg\u00eancia. A princ\u00edpio de informar, Carolina e Vera conversam com a mulher sobre o estado da filha e do neto.<\/p>\n<h3>A perda do filho de Vera<\/h3>\n<p><img decoding=\"async\" class=\"alignnone wp-image-12326 size-full\" title=\"7\u00b0 epis\u00f3dio da 3\u00aa temporada de Sob Press\u00e3o: A perda do filho de Vera\" src=\"https:\/\/prodoctor.net\/blog\/wp-content\/uploads\/2019\/06\/7-episodio-da-3-temporada-de-sob-pressao-a-perda-do-filho-vera.jpg\" alt=\"7\u00b0 epis\u00f3dio da 3\u00aa temporada de Sob Press\u00e3o: A perda do filho de Vera\" width=\"770\" height=\"250\" srcset=\"https:\/\/prodoctor.net\/blog\/wp-content\/uploads\/2019\/06\/7-episodio-da-3-temporada-de-sob-pressao-a-perda-do-filho-vera.jpg 770w, https:\/\/prodoctor.net\/blog\/wp-content\/uploads\/2019\/06\/7-episodio-da-3-temporada-de-sob-pressao-a-perda-do-filho-vera-300x97.jpg 300w, https:\/\/prodoctor.net\/blog\/wp-content\/uploads\/2019\/06\/7-episodio-da-3-temporada-de-sob-pressao-a-perda-do-filho-vera-768x249.jpg 768w, https:\/\/prodoctor.net\/blog\/wp-content\/uploads\/2019\/06\/7-episodio-da-3-temporada-de-sob-pressao-a-perda-do-filho-vera-640x208.jpg 640w\" sizes=\"(max-width: 770px) 100vw, 770px\" \/><\/p>\n<p>Vera ainda continua <strong>abalada com a situa\u00e7\u00e3o de Raiane<\/strong> e Carolina questiona a m\u00e9dica.<\/p>\n<p>A m\u00e9dica revela a perda do filho. Vera se envolveu com um traficante no passado e <strong>foi presa injustamente<\/strong>, por um ano, nesse tempo seu ex-marido levou seu filho embora.<\/p>\n<p>\u201cHoje ele tem quase 18 anos e eu n\u00e3o sei nada da vida dele\u201d, afirma Vera.<\/p>\n<h3>Fabiana n\u00e3o resiste<\/h3>\n<p>Fabiana realiza a cirurgia e conversa com C\u00e1ssia (sobrinha) sobre seu estado de sa\u00fade. A jovem deixa a tia um momento para pegar um travesseiro e, inesperadamente, quando retorna <strong>encontra a familiar desacordada.<\/strong><\/p>\n<p>Charles imediatamente tenta reanimar a mulher, mas fabiana n\u00e3o resiste.<\/p>\n<p>Evandro e Carolina conta para Raiane sobre as complica\u00e7\u00f5es da sua gravidez. <strong>A presidi\u00e1ria conta aos m\u00e9dicos o motivo de estar presa.<\/strong> Ela relata que seu companheiro n\u00e3o queria o beb\u00ea e com isso bateu na mulher para que ela perdesse a crian\u00e7a.<\/p>\n<p>Raiane diz que para se manter viva e salvar seu filho teve que matar o marido.<\/p>\n<h3>Decis\u00e3o radical<\/h3>\n<p>Com o hist\u00f3rico de c\u00e2ncer de mama na fam\u00edlia, <strong>C\u00e1ssia decide retirar as mamas<\/strong> para evitar que ocorra o mesmo que aconteceu com a tia.<\/p>\n<p>Charles fica surpreso e relata a C\u00e1ssia que ela ainda \u00e9 jovem e que<strong> pode estar sendo radical demais em sua decis\u00e3o<\/strong>.<\/p>\n<p>Evandro, D\u00e9cio e Charles discutem sobre a situa\u00e7\u00e3o. <strong>O pedido da jovem \u00e9 negado<\/strong> pelo diretor do hospital.<\/p>\n<h3>O nascimento do beb\u00ea de Raiane<\/h3>\n<p>Evandro n\u00e3o consegue resolver a situa\u00e7\u00e3o de Raiane para que ela se mantenha no Hospital S\u00e3o Tom\u00e9. Os agentes do pres\u00eddio chegam e Carolina se revolta.<\/p>\n<p>Sozinha no quarto, Raiane <strong>consegue tirar as algemas presas na maca e foge do hospital<\/strong>.<\/p>\n<p>Em dire\u00e7\u00e3o a sa\u00edda, Carolina e Vera encontram Raiane. Inesperadamente, a mulher<strong> entra em trabalho de parto<\/strong> e \u00e9 direcionada \u00e0s pressas para o centro cir\u00fargico.<\/p>\n<p>Tempos depois com o nascimento do beb\u00ea, Evandro leva o rec\u00e9m-nascido para a outra sala cir\u00fargica e inicia os procedimentos.<\/p>\n<h3>Boas not\u00edcias<\/h3>\n<p>C\u00e1ssia, sobrinha de Fabiana, continua com a ideia de realizar a mastectomia e <strong>D\u00e9cio tenta convenc\u00ea-la do contr\u00e1rio<\/strong>.<\/p>\n<p>Os m\u00e9dicos auxiliam a jovem a realizar exames e ver as incid\u00eancias de c\u00e2ncer.<\/p>\n<p>Horas depois, j\u00e1 com o resultado, D\u00e9cio afirma a jovem: \u201cDelas voc\u00ea s\u00f3 herdou a coragem\u201d. C\u00e1ssia <strong>fica feliz pelas possibilidades m\u00ednimas de ter um c\u00e2ncer no futuro<\/strong> e vai embora feliz e realizada do hospital.<\/p>\n<p>A cirurgia do beb\u00ea de Raiane \u00e9 um sucesso.<\/p>\n<p>Antes de voltar para a pris\u00e3o, <strong>a presidi\u00e1ria se emociona ao ver a filha<\/strong>. Desse modo, Raiane pede a m\u00e3e para cuidar da pequena. Emocionada a m\u00e3e da mulher relata: \u201cEu vou cuidar dela e n\u00f3s vamos te esperar\u201d.<\/p>\n<p>Por fim, Raiane decide que<strong> o nome da filha ser\u00e1 Vera<\/strong>, em homenagem ao carinho recebido pela profissional.<\/p>\n<h3>Mudan\u00e7as na vida de Evandro<\/h3>\n<p><img decoding=\"async\" class=\"alignnone wp-image-12325 size-full\" title=\"7\u00b0 epis\u00f3dio da 3\u00aa temporada de Sob Press\u00e3o: muda\u00e7as na vida de Evandro\" src=\"https:\/\/prodoctor.net\/blog\/wp-content\/uploads\/2019\/06\/7-episodio-da-3-temporada-de-sob-pressao-mudan\u00e7as-na-vida-de-evandro.jpg\" alt=\"7\u00b0 epis\u00f3dio da 3\u00aa temporada de Sob Press\u00e3o: muda\u00e7as na vida de Evandro\" width=\"770\" height=\"250\" srcset=\"https:\/\/prodoctor.net\/blog\/wp-content\/uploads\/2019\/06\/7-episodio-da-3-temporada-de-sob-pressao-mudan\u00e7as-na-vida-de-evandro.jpg 770w, https:\/\/prodoctor.net\/blog\/wp-content\/uploads\/2019\/06\/7-episodio-da-3-temporada-de-sob-pressao-mudan\u00e7as-na-vida-de-evandro-300x97.jpg 300w, https:\/\/prodoctor.net\/blog\/wp-content\/uploads\/2019\/06\/7-episodio-da-3-temporada-de-sob-pressao-mudan\u00e7as-na-vida-de-evandro-768x249.jpg 768w, https:\/\/prodoctor.net\/blog\/wp-content\/uploads\/2019\/06\/7-episodio-da-3-temporada-de-sob-pressao-mudan\u00e7as-na-vida-de-evandro-640x208.jpg 640w\" sizes=\"(max-width: 770px) 100vw, 770px\" \/><\/p>\n<p>Evandro conversa com irm\u00e3 Gra\u00e7a e afirma que a <strong>responsabilidade de gerenciar o hospital<\/strong> est\u00e1 sendo dif\u00edcil.<\/p>\n<p>A irm\u00e3 relata que Evandro pode voltar ao seu posto e que j\u00e1 tem um novo substituto para o cargo da dire\u00e7\u00e3o.<\/p>\n<p>Ap\u00f3s as cirurgias, Evandro e Carolina conversam sobre o plant\u00e3o. Portanto, a m\u00e9dica decide contar ao parceiro da gravidez. Ao saber da not\u00edcia, <strong>o m\u00e9dico n\u00e3o consegue segurar a felicidade e se emociona<\/strong>.<\/p>\n<ul>\n<li>A tem\u00e1tica do 7\u00b0 epis\u00f3dio da 3\u00aa temporada de Sob Press\u00e3o foi o c\u00e2ncer de mama. Fa\u00e7a a mamografia e previna-se.<\/li>\n<\/ul>\n<p style=\"border-left: 5px solid #006c97; padding-left: 20px;\">\u00a0Epis\u00f3dios dispon\u00edveis no <a href=\"https:\/\/globoplay.globo.com\/sob-pressao\/p\/10189\/temporadas\/3\/\" target=\"_blank\" rel=\"noopener noreferrer\">Globo Play<\/a>.<\/p>\n<ul>\n<li><strong>Confira tudo que aconteceu no 8\u00ba epis\u00f3dio dessa temporada <\/strong><a href=\"https:\/\/prodoctor.net\/blog\/8-episodio-da-3a-temporada-de-sob-pressao\/\" target=\"_blank\" rel=\"noopener noreferrer\">aqui<\/a><\/li>\n<\/ul>\n<p><a href=\"http:\/\/bit.ly\/2IXwtDD\" target=\"_blank\" rel=\"noopener noreferrer\"><img decoding=\"async\" class=\"size-full wp-image-10962 alignnone\" src=\"https:\/\/prodoctor.net\/blog\/wp-content\/uploads\/2018\/11\/Banner-Guia-oficial-do-Fim-de-Semana-do-M\u00e9dico.jpg\" alt=\"Banner e-book Guia oficial do Fim de Semana do M\u00e9dico\" width=\"700\" height=\"200\" srcset=\"https:\/\/prodoctor.net\/blog\/wp-content\/uploads\/2018\/11\/Banner-Guia-oficial-do-Fim-de-Semana-do-M\u00e9dico.jpg 700w, https:\/\/prodoctor.net\/blog\/wp-content\/uploads\/2018\/11\/Banner-Guia-oficial-do-Fim-de-Semana-do-M\u00e9dico-300x86.jpg 300w, https:\/\/prodoctor.net\/blog\/wp-content\/uploads\/2018\/11\/Banner-Guia-oficial-do-Fim-de-Semana-do-M\u00e9dico-640x183.jpg 640w\" sizes=\"(max-width: 700px) 100vw, 700px\" \/><\/a><\/p>\n","protected":false},"excerpt":{"rendered":"<p>O 7\u00b0 epis\u00f3dio da 3\u00aa temporada de Sob Press\u00e3o j\u00e1 est\u00e1 dispon\u00edvel! No cap\u00edtulo anterior, a equipe m\u00e9dica atende&#8230;<\/p>\n","protected":false},"author":1,"featured_media":12323,"comment_status":"closed","ping_status":"open","sticky":false,"template":"","format":"standard","meta":{"_kad_blocks_custom_css":"","_kad_blocks_head_custom_js":"","_kad_blocks_body_custom_js":"","_kad_blocks_footer_custom_js":"","_kadence_starter_templates_imported_post":false,"_kad_post_transparent":"","_kad_post_title":"","_kad_post_layout":"","_kad_post_sidebar_id":"","_kad_post_content_style":"","_kad_post_vertical_padding":"","_kad_post_feature":"","_kad_post_feature_position":"","_kad_post_header":false,"_kad_post_footer":false,"footnotes":""},"categories":[411],"tags":[],"class_list":["post-12322","post","type-post","status-publish","format-standard","has-post-thumbnail","hentry","category-entretenimento"],"yoast_head":"<!-- This site is optimized with the Yoast SEO plugin v27.0 - https:\/\/yoast.com\/product\/yoast-seo-wordpress\/ -->\n<title>7\u00b0 epis\u00f3dio da 3\u00aa temporada de Sob Press\u00e3o - Blog ProDoctor<\/title>\n<meta name=\"description\" content=\"No 7\u00b0 epis\u00f3dio da 3\u00aa temporada de Sob Press\u00e3o, a chegada de uma gr\u00e1vida no hospital traz \u00e0 tona quest\u00f5es do passado de Vera.\" \/>\n<meta name=\"robots\" content=\"index, follow, max-snippet:-1, max-image-preview:large, max-video-preview:-1\" \/>\n<link rel=\"canonical\" href=\"https:\/\/prodoctor.net\/blog\/7-episodio-da-3a-temporada-de-sob-pressao\/\" \/>\n<meta property=\"og:locale\" content=\"pt_BR\" \/>\n<meta property=\"og:type\" content=\"article\" \/>\n<meta property=\"og:title\" content=\"7\u00b0 epis\u00f3dio da 3\u00aa temporada de Sob Press\u00e3o - Blog ProDoctor\" \/>\n<meta property=\"og:description\" content=\"No 7\u00b0 epis\u00f3dio da 3\u00aa temporada de Sob Press\u00e3o, a chegada de uma gr\u00e1vida no hospital traz \u00e0 tona quest\u00f5es do passado de Vera.\" \/>\n<meta property=\"og:url\" content=\"https:\/\/prodoctor.net\/blog\/7-episodio-da-3a-temporada-de-sob-pressao\/\" \/>\n<meta property=\"og:site_name\" content=\"Blog ProDoctor\" \/>\n<meta property=\"article:publisher\" content=\"https:\/\/www.facebook.com\/prodoctorsoftware\" \/>\n<meta property=\"article:published_time\" content=\"2019-06-21T15:32:36+00:00\" \/>\n<meta property=\"article:modified_time\" content=\"2025-11-04T19:50:50+00:00\" \/>\n<meta property=\"og:image\" content=\"https:\/\/prodoctor.net\/blog\/wp-content\/uploads\/2019\/06\/7-episodio-da-3-temporada-de-sob-pressao.jpg\" \/>\n\t<meta property=\"og:image:width\" content=\"770\" \/>\n\t<meta property=\"og:image:height\" content=\"400\" \/>\n\t<meta property=\"og:image:type\" content=\"image\/jpeg\" \/>\n<meta name=\"author\" content=\"ProDoctor Software\" \/>\n<meta name=\"twitter:card\" content=\"summary_large_image\" \/>\n<meta name=\"twitter:creator\" content=\"@prodoctorsoft\" \/>\n<meta name=\"twitter:site\" content=\"@prodoctorsoft\" \/>\n<meta name=\"twitter:label1\" content=\"Escrito por\" \/>\n\t<meta name=\"twitter:data1\" content=\"ProDoctor Software\" \/>\n\t<meta name=\"twitter:label2\" content=\"Est. tempo de leitura\" \/>\n\t<meta name=\"twitter:data2\" content=\"6 minutos\" \/>\n<script type=\"application\/ld+json\" class=\"yoast-schema-graph\">{\"@context\":\"https:\/\/schema.org\",\"@graph\":[{\"@type\":\"Article\",\"@id\":\"https:\/\/prodoctor.net\/blog\/7-episodio-da-3a-temporada-de-sob-pressao\/#article\",\"isPartOf\":{\"@id\":\"https:\/\/prodoctor.net\/blog\/7-episodio-da-3a-temporada-de-sob-pressao\/\"},\"author\":{\"name\":\"ProDoctor Software\",\"@id\":\"https:\/\/prodoctor.net\/blog\/#\/schema\/person\/8878914b17cd360e7ec0ddee1ed8c544\"},\"headline\":\"7\u00b0 epis\u00f3dio da 3\u00aa temporada de Sob Press\u00e3o\",\"datePublished\":\"2019-06-21T15:32:36+00:00\",\"dateModified\":\"2025-11-04T19:50:50+00:00\",\"mainEntityOfPage\":{\"@id\":\"https:\/\/prodoctor.net\/blog\/7-episodio-da-3a-temporada-de-sob-pressao\/\"},\"wordCount\":1280,\"publisher\":{\"@id\":\"https:\/\/prodoctor.net\/blog\/#organization\"},\"image\":{\"@id\":\"https:\/\/prodoctor.net\/blog\/7-episodio-da-3a-temporada-de-sob-pressao\/#primaryimage\"},\"thumbnailUrl\":\"https:\/\/prodoctor.net\/blog\/wp-content\/uploads\/2019\/06\/7-episodio-da-3-temporada-de-sob-pressao.jpg\",\"articleSection\":[\"Entretenimento\"],\"inLanguage\":\"pt-BR\"},{\"@type\":\"WebPage\",\"@id\":\"https:\/\/prodoctor.net\/blog\/7-episodio-da-3a-temporada-de-sob-pressao\/\",\"url\":\"https:\/\/prodoctor.net\/blog\/7-episodio-da-3a-temporada-de-sob-pressao\/\",\"name\":\"7\u00b0 epis\u00f3dio da 3\u00aa temporada de Sob Press\u00e3o - Blog ProDoctor\",\"isPartOf\":{\"@id\":\"https:\/\/prodoctor.net\/blog\/#website\"},\"primaryImageOfPage\":{\"@id\":\"https:\/\/prodoctor.net\/blog\/7-episodio-da-3a-temporada-de-sob-pressao\/#primaryimage\"},\"image\":{\"@id\":\"https:\/\/prodoctor.net\/blog\/7-episodio-da-3a-temporada-de-sob-pressao\/#primaryimage\"},\"thumbnailUrl\":\"https:\/\/prodoctor.net\/blog\/wp-content\/uploads\/2019\/06\/7-episodio-da-3-temporada-de-sob-pressao.jpg\",\"datePublished\":\"2019-06-21T15:32:36+00:00\",\"dateModified\":\"2025-11-04T19:50:50+00:00\",\"description\":\"No 7\u00b0 epis\u00f3dio da 3\u00aa temporada de Sob Press\u00e3o, a chegada de uma gr\u00e1vida no hospital traz \u00e0 tona quest\u00f5es do passado de Vera.\",\"breadcrumb\":{\"@id\":\"https:\/\/prodoctor.net\/blog\/7-episodio-da-3a-temporada-de-sob-pressao\/#breadcrumb\"},\"inLanguage\":\"pt-BR\",\"potentialAction\":[{\"@type\":\"ReadAction\",\"target\":[\"https:\/\/prodoctor.net\/blog\/7-episodio-da-3a-temporada-de-sob-pressao\/\"]}]},{\"@type\":\"ImageObject\",\"inLanguage\":\"pt-BR\",\"@id\":\"https:\/\/prodoctor.net\/blog\/7-episodio-da-3a-temporada-de-sob-pressao\/#primaryimage\",\"url\":\"https:\/\/prodoctor.net\/blog\/wp-content\/uploads\/2019\/06\/7-episodio-da-3-temporada-de-sob-pressao.jpg\",\"contentUrl\":\"https:\/\/prodoctor.net\/blog\/wp-content\/uploads\/2019\/06\/7-episodio-da-3-temporada-de-sob-pressao.jpg\",\"width\":770,\"height\":400,\"caption\":\"7\u00b0 epis\u00f3dio da 3\u00aa temporada de Sob Press\u00e3o\"},{\"@type\":\"BreadcrumbList\",\"@id\":\"https:\/\/prodoctor.net\/blog\/7-episodio-da-3a-temporada-de-sob-pressao\/#breadcrumb\",\"itemListElement\":[{\"@type\":\"ListItem\",\"position\":1,\"name\":\"In\u00edcio\",\"item\":\"https:\/\/prodoctor.net\/blog\/\"},{\"@type\":\"ListItem\",\"position\":2,\"name\":\"7\u00b0 epis\u00f3dio da 3\u00aa temporada de Sob Press\u00e3o\"}]},{\"@type\":\"WebSite\",\"@id\":\"https:\/\/prodoctor.net\/blog\/#website\",\"url\":\"https:\/\/prodoctor.net\/blog\/\",\"name\":\"Blog ProDoctor\",\"description\":\"Tudo sobre o mundo da Sa\u00fade\",\"publisher\":{\"@id\":\"https:\/\/prodoctor.net\/blog\/#organization\"},\"potentialAction\":[{\"@type\":\"SearchAction\",\"target\":{\"@type\":\"EntryPoint\",\"urlTemplate\":\"https:\/\/prodoctor.net\/blog\/?s={search_term_string}\"},\"query-input\":{\"@type\":\"PropertyValueSpecification\",\"valueRequired\":true,\"valueName\":\"search_term_string\"}}],\"inLanguage\":\"pt-BR\"},{\"@type\":\"Organization\",\"@id\":\"https:\/\/prodoctor.net\/blog\/#organization\",\"name\":\"ProDoctor Software S\/A\",\"url\":\"https:\/\/prodoctor.net\/blog\/\",\"logo\":{\"@type\":\"ImageObject\",\"inLanguage\":\"pt-BR\",\"@id\":\"https:\/\/prodoctor.net\/blog\/#\/schema\/logo\/image\/\",\"url\":\"https:\/\/prodoctor.net\/blog\/wp-content\/uploads\/2017\/01\/Logo_PDo_Lateral.png\",\"contentUrl\":\"https:\/\/prodoctor.net\/blog\/wp-content\/uploads\/2017\/01\/Logo_PDo_Lateral.png\",\"width\":2014,\"height\":485,\"caption\":\"ProDoctor Software S\/A\"},\"image\":{\"@id\":\"https:\/\/prodoctor.net\/blog\/#\/schema\/logo\/image\/\"},\"sameAs\":[\"https:\/\/www.facebook.com\/prodoctorsoftware\",\"https:\/\/x.com\/prodoctorsoft\",\"https:\/\/www.instagram.com\/prodoctorsoftware\/\",\"https:\/\/www.linkedin.com\/company\/prodoctor-software-ltda\",\"https:\/\/www.youtube.com\/channel\/UCIWuDLsVtIpX-PEqQn1pNlw\"]},{\"@type\":\"Person\",\"@id\":\"https:\/\/prodoctor.net\/blog\/#\/schema\/person\/8878914b17cd360e7ec0ddee1ed8c544\",\"name\":\"ProDoctor Software\",\"image\":{\"@type\":\"ImageObject\",\"inLanguage\":\"pt-BR\",\"@id\":\"https:\/\/prodoctor.net\/blog\/#\/schema\/person\/image\/\",\"url\":\"https:\/\/secure.gravatar.com\/avatar\/a67bdb10f2e6695f7ae356a84deeaf10b545567f0ac054e9bfe8ec56e86317ec?s=96&d=mm&r=g\",\"contentUrl\":\"https:\/\/secure.gravatar.com\/avatar\/a67bdb10f2e6695f7ae356a84deeaf10b545567f0ac054e9bfe8ec56e86317ec?s=96&d=mm&r=g\",\"caption\":\"ProDoctor Software\"},\"sameAs\":[\"http:\/\/prodoctor.net\",\"https:\/\/x.com\/prodoctorsoft\"]}]}<\/script>\n<!-- \/ Yoast SEO plugin. -->","yoast_head_json":{"title":"7\u00b0 epis\u00f3dio da 3\u00aa temporada de Sob Press\u00e3o - Blog ProDoctor","description":"No 7\u00b0 epis\u00f3dio da 3\u00aa temporada de Sob Press\u00e3o, a chegada de uma gr\u00e1vida no hospital traz \u00e0 tona quest\u00f5es do passado de Vera.","robots":{"index":"index","follow":"follow","max-snippet":"max-snippet:-1","max-image-preview":"max-image-preview:large","max-video-preview":"max-video-preview:-1"},"canonical":"https:\/\/prodoctor.net\/blog\/7-episodio-da-3a-temporada-de-sob-pressao\/","og_locale":"pt_BR","og_type":"article","og_title":"7\u00b0 epis\u00f3dio da 3\u00aa temporada de Sob Press\u00e3o - Blog ProDoctor","og_description":"No 7\u00b0 epis\u00f3dio da 3\u00aa temporada de Sob Press\u00e3o, a chegada de uma gr\u00e1vida no hospital traz \u00e0 tona quest\u00f5es do passado de Vera.","og_url":"https:\/\/prodoctor.net\/blog\/7-episodio-da-3a-temporada-de-sob-pressao\/","og_site_name":"Blog ProDoctor","article_publisher":"https:\/\/www.facebook.com\/prodoctorsoftware","article_published_time":"2019-06-21T15:32:36+00:00","article_modified_time":"2025-11-04T19:50:50+00:00","og_image":[{"width":770,"height":400,"url":"https:\/\/prodoctor.net\/blog\/wp-content\/uploads\/2019\/06\/7-episodio-da-3-temporada-de-sob-pressao.jpg","type":"image\/jpeg"}],"author":"ProDoctor Software","twitter_card":"summary_large_image","twitter_creator":"@prodoctorsoft","twitter_site":"@prodoctorsoft","twitter_misc":{"Escrito por":"ProDoctor Software","Est. tempo de leitura":"6 minutos"},"schema":{"@context":"https:\/\/schema.org","@graph":[{"@type":"Article","@id":"https:\/\/prodoctor.net\/blog\/7-episodio-da-3a-temporada-de-sob-pressao\/#article","isPartOf":{"@id":"https:\/\/prodoctor.net\/blog\/7-episodio-da-3a-temporada-de-sob-pressao\/"},"author":{"name":"ProDoctor Software","@id":"https:\/\/prodoctor.net\/blog\/#\/schema\/person\/8878914b17cd360e7ec0ddee1ed8c544"},"headline":"7\u00b0 epis\u00f3dio da 3\u00aa temporada de Sob Press\u00e3o","datePublished":"2019-06-21T15:32:36+00:00","dateModified":"2025-11-04T19:50:50+00:00","mainEntityOfPage":{"@id":"https:\/\/prodoctor.net\/blog\/7-episodio-da-3a-temporada-de-sob-pressao\/"},"wordCount":1280,"publisher":{"@id":"https:\/\/prodoctor.net\/blog\/#organization"},"image":{"@id":"https:\/\/prodoctor.net\/blog\/7-episodio-da-3a-temporada-de-sob-pressao\/#primaryimage"},"thumbnailUrl":"https:\/\/prodoctor.net\/blog\/wp-content\/uploads\/2019\/06\/7-episodio-da-3-temporada-de-sob-pressao.jpg","articleSection":["Entretenimento"],"inLanguage":"pt-BR"},{"@type":"WebPage","@id":"https:\/\/prodoctor.net\/blog\/7-episodio-da-3a-temporada-de-sob-pressao\/","url":"https:\/\/prodoctor.net\/blog\/7-episodio-da-3a-temporada-de-sob-pressao\/","name":"7\u00b0 epis\u00f3dio da 3\u00aa temporada de Sob Press\u00e3o - Blog ProDoctor","isPartOf":{"@id":"https:\/\/prodoctor.net\/blog\/#website"},"primaryImageOfPage":{"@id":"https:\/\/prodoctor.net\/blog\/7-episodio-da-3a-temporada-de-sob-pressao\/#primaryimage"},"image":{"@id":"https:\/\/prodoctor.net\/blog\/7-episodio-da-3a-temporada-de-sob-pressao\/#primaryimage"},"thumbnailUrl":"https:\/\/prodoctor.net\/blog\/wp-content\/uploads\/2019\/06\/7-episodio-da-3-temporada-de-sob-pressao.jpg","datePublished":"2019-06-21T15:32:36+00:00","dateModified":"2025-11-04T19:50:50+00:00","description":"No 7\u00b0 epis\u00f3dio da 3\u00aa temporada de Sob Press\u00e3o, a chegada de uma gr\u00e1vida no hospital traz \u00e0 tona quest\u00f5es do passado de Vera.","breadcrumb":{"@id":"https:\/\/prodoctor.net\/blog\/7-episodio-da-3a-temporada-de-sob-pressao\/#breadcrumb"},"inLanguage":"pt-BR","potentialAction":[{"@type":"ReadAction","target":["https:\/\/prodoctor.net\/blog\/7-episodio-da-3a-temporada-de-sob-pressao\/"]}]},{"@type":"ImageObject","inLanguage":"pt-BR","@id":"https:\/\/prodoctor.net\/blog\/7-episodio-da-3a-temporada-de-sob-pressao\/#primaryimage","url":"https:\/\/prodoctor.net\/blog\/wp-content\/uploads\/2019\/06\/7-episodio-da-3-temporada-de-sob-pressao.jpg","contentUrl":"https:\/\/prodoctor.net\/blog\/wp-content\/uploads\/2019\/06\/7-episodio-da-3-temporada-de-sob-pressao.jpg","width":770,"height":400,"caption":"7\u00b0 epis\u00f3dio da 3\u00aa temporada de Sob Press\u00e3o"},{"@type":"BreadcrumbList","@id":"https:\/\/prodoctor.net\/blog\/7-episodio-da-3a-temporada-de-sob-pressao\/#breadcrumb","itemListElement":[{"@type":"ListItem","position":1,"name":"In\u00edcio","item":"https:\/\/prodoctor.net\/blog\/"},{"@type":"ListItem","position":2,"name":"7\u00b0 epis\u00f3dio da 3\u00aa temporada de Sob Press\u00e3o"}]},{"@type":"WebSite","@id":"https:\/\/prodoctor.net\/blog\/#website","url":"https:\/\/prodoctor.net\/blog\/","name":"Blog ProDoctor","description":"Tudo sobre o mundo da Sa\u00fade","publisher":{"@id":"https:\/\/prodoctor.net\/blog\/#organization"},"potentialAction":[{"@type":"SearchAction","target":{"@type":"EntryPoint","urlTemplate":"https:\/\/prodoctor.net\/blog\/?s={search_term_string}"},"query-input":{"@type":"PropertyValueSpecification","valueRequired":true,"valueName":"search_term_string"}}],"inLanguage":"pt-BR"},{"@type":"Organization","@id":"https:\/\/prodoctor.net\/blog\/#organization","name":"ProDoctor Software S\/A","url":"https:\/\/prodoctor.net\/blog\/","logo":{"@type":"ImageObject","inLanguage":"pt-BR","@id":"https:\/\/prodoctor.net\/blog\/#\/schema\/logo\/image\/","url":"https:\/\/prodoctor.net\/blog\/wp-content\/uploads\/2017\/01\/Logo_PDo_Lateral.png","contentUrl":"https:\/\/prodoctor.net\/blog\/wp-content\/uploads\/2017\/01\/Logo_PDo_Lateral.png","width":2014,"height":485,"caption":"ProDoctor Software S\/A"},"image":{"@id":"https:\/\/prodoctor.net\/blog\/#\/schema\/logo\/image\/"},"sameAs":["https:\/\/www.facebook.com\/prodoctorsoftware","https:\/\/x.com\/prodoctorsoft","https:\/\/www.instagram.com\/prodoctorsoftware\/","https:\/\/www.linkedin.com\/company\/prodoctor-software-ltda","https:\/\/www.youtube.com\/channel\/UCIWuDLsVtIpX-PEqQn1pNlw"]},{"@type":"Person","@id":"https:\/\/prodoctor.net\/blog\/#\/schema\/person\/8878914b17cd360e7ec0ddee1ed8c544","name":"ProDoctor Software","image":{"@type":"ImageObject","inLanguage":"pt-BR","@id":"https:\/\/prodoctor.net\/blog\/#\/schema\/person\/image\/","url":"https:\/\/secure.gravatar.com\/avatar\/a67bdb10f2e6695f7ae356a84deeaf10b545567f0ac054e9bfe8ec56e86317ec?s=96&d=mm&r=g","contentUrl":"https:\/\/secure.gravatar.com\/avatar\/a67bdb10f2e6695f7ae356a84deeaf10b545567f0ac054e9bfe8ec56e86317ec?s=96&d=mm&r=g","caption":"ProDoctor Software"},"sameAs":["http:\/\/prodoctor.net","https:\/\/x.com\/prodoctorsoft"]}]}},"taxonomy_info":{"category":[{"value":411,"label":"Entretenimento"}]},"featured_image_src_large":["https:\/\/prodoctor.net\/blog\/wp-content\/uploads\/2019\/06\/7-episodio-da-3-temporada-de-sob-pressao.jpg",770,400,false],"author_info":{"display_name":"ProDoctor Software","author_link":"https:\/\/prodoctor.net\/blog\/author\/redesocialprodoctor-net\/"},"comment_info":3,"category_info":[{"term_id":411,"name":"Entretenimento","slug":"entretenimento","term_group":0,"term_taxonomy_id":411,"taxonomy":"category","description":"","parent":0,"count":107,"filter":"raw","cat_ID":411,"category_count":107,"category_description":"","cat_name":"Entretenimento","category_nicename":"entretenimento","category_parent":0}],"tag_info":false,"_links":{"self":[{"href":"https:\/\/prodoctor.net\/blog\/wp-json\/wp\/v2\/posts\/12322","targetHints":{"allow":["GET"]}}],"collection":[{"href":"https:\/\/prodoctor.net\/blog\/wp-json\/wp\/v2\/posts"}],"about":[{"href":"https:\/\/prodoctor.net\/blog\/wp-json\/wp\/v2\/types\/post"}],"author":[{"embeddable":true,"href":"https:\/\/prodoctor.net\/blog\/wp-json\/wp\/v2\/users\/1"}],"replies":[{"embeddable":true,"href":"https:\/\/prodoctor.net\/blog\/wp-json\/wp\/v2\/comments?post=12322"}],"version-history":[{"count":6,"href":"https:\/\/prodoctor.net\/blog\/wp-json\/wp\/v2\/posts\/12322\/revisions"}],"predecessor-version":[{"id":14096,"href":"https:\/\/prodoctor.net\/blog\/wp-json\/wp\/v2\/posts\/12322\/revisions\/14096"}],"wp:featuredmedia":[{"embeddable":true,"href":"https:\/\/prodoctor.net\/blog\/wp-json\/wp\/v2\/media\/12323"}],"wp:attachment":[{"href":"https:\/\/prodoctor.net\/blog\/wp-json\/wp\/v2\/media?parent=12322"}],"wp:term":[{"taxonomy":"category","embeddable":true,"href":"https:\/\/prodoctor.net\/blog\/wp-json\/wp\/v2\/categories?post=12322"},{"taxonomy":"post_tag","embeddable":true,"href":"https:\/\/prodoctor.net\/blog\/wp-json\/wp\/v2\/tags?post=12322"}],"curies":[{"name":"wp","href":"https:\/\/api.w.org\/{rel}","templated":true}]}}